{"id":3121,"date":"2020-06-15T17:04:05","date_gmt":"2020-06-15T15:04:05","guid":{"rendered":"https:\/\/www.umweltperspektiven.ch\/?p=3121"},"modified":"2022-02-09T11:09:57","modified_gmt":"2022-02-09T10:09:57","slug":"im-namen-der-nachhaltigkeit-nach-dem-lockdown-zu-schnell-hoch","status":"publish","type":"post","link":"https:\/\/www.organisator.ch\/de\/sustainability\/2020-06-15\/im-namen-der-nachhaltigkeit-nach-dem-lockdown-zu-schnell-hoch\/","title":{"rendered":"Im Namen der Nachhaltigkeit: nach dem Lockdown zu schnell hoch?"},"content":{"rendered":"<p>&nbsp;<\/p>\n<figure id=\"attachment_3122\" aria-describedby=\"caption-attachment-3122\" style=\"width: 680px\" class=\"wp-caption alignnone\"><img loading=\"lazy\" decoding=\"async\" class=\"wp-image-3122 size-medium\" src=\"\/\/www.umweltperspektiven.ch\/wp-content\/uploads\/2020\/06\/nachhaltigkeit-prognose-covid-19-UP-Umwelt-Perspektiven.jpg\" alt=\"\" width=\"680\" height=\"510\" \/><figcaption id=\"caption-attachment-3122\" class=\"wp-caption-text\">Die optimistischen Erwartungen der M\u00e4rkte und die tats\u00e4chliche wirtschaftliche Lage, bei der es aktuell darauf ankommt, klaffen auseinander. (Bild: Unsplash)<\/figcaption><\/figure>\n<p>\u201eUnd trotzdem\u201c (wie es in Charles Aznavours ber\u00fchmten Lied &#8222;Et pourtant&#8220; heisst) k\u00f6nnten einzelne L\u00e4nder im Namen der Nachhaltigkeit Abstimmungen treffen, die Europ\u00e4ische Union ihre Integration mit neuem Elan vorantreiben, die Themen Solidarit\u00e4t und Koordination in Angriff nehmen oder mehr F\u00f6deralismus wagen. Ein Argument f\u00fcr einen Aufschwung: &#8222;Nachdem sich Europa fast zwanzig Jahre \u00fcberwiegend mit sich selbst besch\u00e4ftigt hat, k\u00f6nnte der deutsch-franz\u00f6sische Plan dem alten Europa im Wettlauf um Wettbewerbsf\u00e4higkeit und Attraktivit\u00e4t neues Leben einhauchen&#8220;, schreibt Laurent Denize, Global co-CIO bei ODDO BHF Assset Management. Die Expertin weiss jedoch, dass vom Wort zur Tat es noch ein langer Weg ausmachen k\u00f6nnte.<\/p>\n<p><strong>Hohe und anhaltende Arbeitslosigkeit<\/strong><\/p>\n<p>Die optimistischen Erwartungen der M\u00e4rkte und die tats\u00e4chliche wirtschaftliche Lage, bei der es aktuell darauf ankommt, die Arbeitslosigkeit insbesondere in den USA einzud\u00e4mmen, driften weiter auseinander. Leider besteht das Risiko, dass sich der Arbeitsmarkt sehr viel langsamer erholt als die Produktion, da die besonders von den Kontaktbeschr\u00e4nkungen betroffenen Sektoren auch die meisten Menschen besch\u00e4ftigen. In den USA steuert das Freizeit- und Gastst\u00e4ttengewerbe nur 4 Prozent zum Wachstum bei, besch\u00e4ftigt jedoch 11 Prozent der erwerbsf\u00e4higen Bev\u00f6lkerung. Der US-Einzelhandel kommt auf 5 bzw. 10 Prozent. Wenn beide Sektoren nur mit halber Kraft laufen (gemessen am Niveau vor Ausbruch der Pandemie), sinkt die Produktion um 4,5 Prozent, die Besch\u00e4ftigung jedoch um 10,5 Prozent.<\/p>\n<p>Umgekehrt tragen wenig betroffene Sektoren kaum zur Besch\u00e4ftigung, aber viel mehr zum Wachstum bei: Die Finanzwirtschaft etwa kommt auf nur 6 Prozent der Arbeitspl\u00e4tze, aber auf 19 Prozent des Wachstums. Im IT Sektor arbeiten 2 Prozent der Erwerbst\u00e4tigen, die 5 Prozent des Wachstums erwirtschaften, heisst es im Market Flash von ODDO.<\/p>\n<p><strong>Die Zentralbanken k\u00f6nnten eine Depression verhindern<\/strong><\/p>\n<p>L\u00e4uft die Wirtschaft trotz Kontaktbeschr\u00e4nkungen wieder an \u2013 weil die Politik oder aber die Menschen selbst es so wollen \u2013 k\u00f6nnte sich das Wachstum erholen, ohne dass der Arbeitsmarkt mitzieht. In diesem Fall bliebe den Zentralbanken keine andere Wahl, als ihre extrem expansive Geldpolitik fortzusetzen oder sogar auszubauen. Sind das nun schlechte Nachrichten? Nicht unbedingt, denn der steigende Zufluss von \u201eZentralbankgeld\u201c hat die Bewertungen an den Finanzm\u00e4rkten auf neue H\u00f6chstst\u00e4nde getrieben.<\/p>\n<p><strong>Kurzfristige Verlustrisiken<\/strong><\/p>\n<p>&#8222;Kurzfristig sehen wir einige Abw\u00e4rtsrisiken f\u00fcr die Kapitalm\u00e4rkte. Daf\u00fcr k\u00f6nnten unter anderem neue Spannungen zwischen China und den USA sorgen, eine Eskalation in Hongkong oder aber, ausgel\u00f6st durch die Lockerungsmassnahmen, eine zweite Pandemiewelle. Aktuell erleben die USA zudem erhebliche Unruhen und politische Turbulenzen. Doch all diese Risiken m\u00fcssen einer Normalisierung der M\u00e4rkte f\u00fcr Risikoaktiva keineswegs im Weg stehen. Daf\u00fcr sprechen aus unserer Sicht vier Gr\u00fcnde&#8220;, res\u00fcmiert Laurent Denize:<\/p>\n<ul>\n<li>Eine bislang noch nicht in Fahrt gekommene grosse Rotation in Aktien<\/li>\n<li>Schnelle und flexible Eingriffe der Zentralbanken zur Behebung von Finanzierungsproblemen der Unternehmen<\/li>\n<li>Strukturelle Ver\u00e4nderungen im Liquidit\u00e4ts-und Zinsumfeld<\/li>\n<li>Die schrittweise Lockerung der Eind\u00e4mmungsmassnahmen, die voraussichtlich auch eine wirtschaftliche Erholung nach sich ziehen wird.<\/li>\n<\/ul>\n<p>Vor diesem Hintergrund kommt es in den n\u00e4chsten Monaten weniger auf die Gewichtung von Risikoaktiva an als auf ihre Auswahl (Sektor, Stil, Region).<\/p>\n<p><a href=\"\/\/www.oddo-bhf.com\/de\">www.oddo-bhf.com\/de<\/a><\/p>\n","protected":false},"excerpt":{"rendered":"<p>&nbsp; \u201eUnd trotzdem\u201c (wie es in Charles Aznavours ber\u00fchmten Lied &#8222;Et pourtant&#8220; heisst) k\u00f6nnten einzelne L\u00e4nder im Namen der Nachhaltigkeit Abstimmungen treffen, die Europ\u00e4ische Union ihre Integration mit neuem Elan vorantreiben, die Themen Solidarit\u00e4t und Koordination in Angriff nehmen oder mehr F\u00f6deralismus wagen. Ein Argument f\u00fcr einen Aufschwung: &#8222;Nachdem sich Europa fast zwanzig Jahre \u00fcberwiegend [&hellip;]<\/p>\n","protected":false},"author":5,"featured_media":3122,"comment_status":"closed","ping_status":"closed","sticky":false,"template":"","format":"standard","meta":{"_acf_changed":false,"_yoast_wpseo_focuskw":"Nachhaltigkeit","_yoast_wpseo_metadesc":"Vertragen sich Nachhaltigkeit und die aktuellen Wirtschaftsziele? Die weltweite Produktivit\u00e4t und Arbeitslosigkeit verheissen eine eher negative Prognose.","articlekey":"","footnotes":""},"categories":[580],"tags":[953,1787,2579],"class_list":["post-3121","post","type-post","status-publish","format-standard","has-post-thumbnail","hentry","category-sustainability","tag-covid-19","tag-nachhaltigkeit","tag-wirtschaftsprognose"],"acf":[],"yoast_head":"<!-- This site is optimized with the Yoast SEO plugin v27.5 - https:\/\/yoast.com\/product\/yoast-seo-wordpress\/ -->\n<title>Im Namen der Nachhaltigkeit: nach dem Lockdown zu schnell hoch? - Organisator<\/title>\n<meta name=\"description\" content=\"Vertragen sich Nachhaltigkeit und die aktuellen Wirtschaftsziele? Die weltweite Produktivit\u00e4t und Arbeitslosigkeit verheissen eine eher negative Prognose.\" \/>\n<meta name=\"robots\" content=\"index, follow, max-snippet:-1, max-image-preview:large, max-video-preview:-1\" \/>\n<link rel=\"canonical\" href=\"https:\/\/www.organisator.ch\/de\/sustainability\/2020-06-15\/im-namen-der-nachhaltigkeit-nach-dem-lockdown-zu-schnell-hoch\/\" \/>\n<meta property=\"og:locale\" content=\"de_DE\" \/>\n<meta property=\"og:type\" content=\"article\" \/>\n<meta property=\"og:title\" content=\"Im Namen der Nachhaltigkeit: nach dem Lockdown zu schnell hoch? - Organisator\" \/>\n<meta property=\"og:description\" content=\"Vertragen sich Nachhaltigkeit und die aktuellen Wirtschaftsziele? Die weltweite Produktivit\u00e4t und Arbeitslosigkeit verheissen eine eher negative Prognose.\" \/>\n<meta property=\"og:url\" content=\"https:\/\/www.organisator.ch\/de\/sustainability\/2020-06-15\/im-namen-der-nachhaltigkeit-nach-dem-lockdown-zu-schnell-hoch\/\" \/>\n<meta property=\"og:site_name\" content=\"Organisator\" \/>\n<meta property=\"article:publisher\" content=\"https:\/\/www.facebook.com\/OrganisatorFachmagazin\" \/>\n<meta property=\"article:published_time\" content=\"2020-06-15T15:04:05+00:00\" \/>\n<meta property=\"article:modified_time\" content=\"2022-02-09T10:09:57+00:00\" \/>\n<meta property=\"og:image\" content=\"https:\/\/www.organisator.ch\/wp-content\/uploads\/2020\/06\/nachhaltigkeit-prognose-covid-19-UP-Umwelt-Perspektiven-scaled.jpg\" \/>\n\t<meta property=\"og:image:width\" content=\"2560\" \/>\n\t<meta property=\"og:image:height\" content=\"1920\" \/>\n\t<meta property=\"og:image:type\" content=\"image\/jpeg\" \/>\n<meta name=\"author\" content=\"michael.merz\" \/>\n<meta name=\"twitter:card\" content=\"summary_large_image\" \/>\n<script type=\"application\/ld+json\" class=\"yoast-schema-graph\">{\"@context\":\"https:\\\/\\\/schema.org\",\"@graph\":[{\"@type\":\"Article\",\"@id\":\"https:\\\/\\\/www.organisator.ch\\\/sustainability\\\/2020-06-15\\\/im-namen-der-nachhaltigkeit-nach-dem-lockdown-zu-schnell-hoch\\\/#article\",\"isPartOf\":{\"@id\":\"https:\\\/\\\/www.organisator.ch\\\/sustainability\\\/2020-06-15\\\/im-namen-der-nachhaltigkeit-nach-dem-lockdown-zu-schnell-hoch\\\/\"},\"author\":{\"name\":\"michael.merz\",\"@id\":\"https:\\\/\\\/www.organisator.ch\\\/#\\\/schema\\\/person\\\/134708ca9321c57b0362cceb7948ffbd\"},\"headline\":\"Im Namen der Nachhaltigkeit: nach dem Lockdown zu schnell hoch?\",\"datePublished\":\"2020-06-15T15:04:05+00:00\",\"dateModified\":\"2022-02-09T10:09:57+00:00\",\"mainEntityOfPage\":{\"@id\":\"https:\\\/\\\/www.organisator.ch\\\/sustainability\\\/2020-06-15\\\/im-namen-der-nachhaltigkeit-nach-dem-lockdown-zu-schnell-hoch\\\/\"},\"wordCount\":560,\"publisher\":{\"@id\":\"https:\\\/\\\/www.organisator.ch\\\/#organization\"},\"image\":{\"@id\":\"https:\\\/\\\/www.organisator.ch\\\/sustainability\\\/2020-06-15\\\/im-namen-der-nachhaltigkeit-nach-dem-lockdown-zu-schnell-hoch\\\/#primaryimage\"},\"thumbnailUrl\":\"https:\\\/\\\/www.organisator.ch\\\/wp-content\\\/uploads\\\/2020\\\/06\\\/nachhaltigkeit-prognose-covid-19-UP-Umwelt-Perspektiven-scaled.jpg\",\"keywords\":[\"Covid-19\",\"Nachhaltigkeit\",\"Wirtschaftsprognose\"],\"articleSection\":[\"SUSTAINABILITY\"],\"inLanguage\":\"de\"},{\"@type\":\"WebPage\",\"@id\":\"https:\\\/\\\/www.organisator.ch\\\/sustainability\\\/2020-06-15\\\/im-namen-der-nachhaltigkeit-nach-dem-lockdown-zu-schnell-hoch\\\/\",\"url\":\"https:\\\/\\\/www.organisator.ch\\\/sustainability\\\/2020-06-15\\\/im-namen-der-nachhaltigkeit-nach-dem-lockdown-zu-schnell-hoch\\\/\",\"name\":\"Im Namen der Nachhaltigkeit: nach dem Lockdown zu schnell hoch? - Organisator\",\"isPartOf\":{\"@id\":\"https:\\\/\\\/www.organisator.ch\\\/#website\"},\"primaryImageOfPage\":{\"@id\":\"https:\\\/\\\/www.organisator.ch\\\/sustainability\\\/2020-06-15\\\/im-namen-der-nachhaltigkeit-nach-dem-lockdown-zu-schnell-hoch\\\/#primaryimage\"},\"image\":{\"@id\":\"https:\\\/\\\/www.organisator.ch\\\/sustainability\\\/2020-06-15\\\/im-namen-der-nachhaltigkeit-nach-dem-lockdown-zu-schnell-hoch\\\/#primaryimage\"},\"thumbnailUrl\":\"https:\\\/\\\/www.organisator.ch\\\/wp-content\\\/uploads\\\/2020\\\/06\\\/nachhaltigkeit-prognose-covid-19-UP-Umwelt-Perspektiven-scaled.jpg\",\"datePublished\":\"2020-06-15T15:04:05+00:00\",\"dateModified\":\"2022-02-09T10:09:57+00:00\",\"description\":\"Vertragen sich Nachhaltigkeit und die aktuellen Wirtschaftsziele? Die weltweite Produktivit\u00e4t und Arbeitslosigkeit verheissen eine eher negative Prognose.\",\"breadcrumb\":{\"@id\":\"https:\\\/\\\/www.organisator.ch\\\/sustainability\\\/2020-06-15\\\/im-namen-der-nachhaltigkeit-nach-dem-lockdown-zu-schnell-hoch\\\/#breadcrumb\"},\"inLanguage\":\"de\",\"potentialAction\":[{\"@type\":\"ReadAction\",\"target\":[\"https:\\\/\\\/www.organisator.ch\\\/sustainability\\\/2020-06-15\\\/im-namen-der-nachhaltigkeit-nach-dem-lockdown-zu-schnell-hoch\\\/\"]}]},{\"@type\":\"ImageObject\",\"inLanguage\":\"de\",\"@id\":\"https:\\\/\\\/www.organisator.ch\\\/sustainability\\\/2020-06-15\\\/im-namen-der-nachhaltigkeit-nach-dem-lockdown-zu-schnell-hoch\\\/#primaryimage\",\"url\":\"https:\\\/\\\/www.organisator.ch\\\/wp-content\\\/uploads\\\/2020\\\/06\\\/nachhaltigkeit-prognose-covid-19-UP-Umwelt-Perspektiven-scaled.jpg\",\"contentUrl\":\"https:\\\/\\\/www.organisator.ch\\\/wp-content\\\/uploads\\\/2020\\\/06\\\/nachhaltigkeit-prognose-covid-19-UP-Umwelt-Perspektiven-scaled.jpg\",\"width\":2560,\"height\":1920},{\"@type\":\"BreadcrumbList\",\"@id\":\"https:\\\/\\\/www.organisator.ch\\\/sustainability\\\/2020-06-15\\\/im-namen-der-nachhaltigkeit-nach-dem-lockdown-zu-schnell-hoch\\\/#breadcrumb\",\"itemListElement\":[{\"@type\":\"ListItem\",\"position\":1,\"name\":\"Home\",\"item\":\"https:\\\/\\\/www.organisator.ch\\\/\"},{\"@type\":\"ListItem\",\"position\":2,\"name\":\"Im Namen der Nachhaltigkeit: nach dem Lockdown zu schnell hoch?\"}]},{\"@type\":\"WebSite\",\"@id\":\"https:\\\/\\\/www.organisator.ch\\\/#website\",\"url\":\"https:\\\/\\\/www.organisator.ch\\\/\",\"name\":\"Organisator\",\"description\":\"Kompetent. Praxisnah. Der ORGANISATOR bereitet in 10 Ausgaben pro Jahr die wesentlichen Themen f\u00fcr F\u00fchrungskr\u00e4fte von KMU auf.\",\"publisher\":{\"@id\":\"https:\\\/\\\/www.organisator.ch\\\/#organization\"},\"potentialAction\":[{\"@type\":\"SearchAction\",\"target\":{\"@type\":\"EntryPoint\",\"urlTemplate\":\"https:\\\/\\\/www.organisator.ch\\\/?s={search_term_string}\"},\"query-input\":{\"@type\":\"PropertyValueSpecification\",\"valueRequired\":true,\"valueName\":\"search_term_string\"}}],\"inLanguage\":\"de\"},{\"@type\":\"Organization\",\"@id\":\"https:\\\/\\\/www.organisator.ch\\\/#organization\",\"name\":\"Organisator\",\"url\":\"https:\\\/\\\/www.organisator.ch\\\/\",\"logo\":{\"@type\":\"ImageObject\",\"inLanguage\":\"de\",\"@id\":\"https:\\\/\\\/www.organisator.ch\\\/#\\\/schema\\\/logo\\\/image\\\/\",\"url\":\"https:\\\/\\\/www.organisator.ch\\\/wp-content\\\/uploads\\\/2022\\\/01\\\/Logo_Organisator_Website.png\",\"contentUrl\":\"https:\\\/\\\/www.organisator.ch\\\/wp-content\\\/uploads\\\/2022\\\/01\\\/Logo_Organisator_Website.png\",\"width\":800,\"height\":77,\"caption\":\"Organisator\"},\"image\":{\"@id\":\"https:\\\/\\\/www.organisator.ch\\\/#\\\/schema\\\/logo\\\/image\\\/\"},\"sameAs\":[\"https:\\\/\\\/www.facebook.com\\\/OrganisatorFachmagazin\",\"https:\\\/\\\/www.linkedin.com\\\/showcase\\\/organisator-das-magazin-fr-kmu\",\"https:\\\/\\\/www.xing.com\\\/news\\\/pages\\\/organisator-ch-695\",\"https:\\\/\\\/www.youtube.com\\\/channel\\\/UCGP2Sq0iWaZwT3BdIAQFYpw\"]},{\"@type\":\"Person\",\"@id\":\"https:\\\/\\\/www.organisator.ch\\\/#\\\/schema\\\/person\\\/134708ca9321c57b0362cceb7948ffbd\",\"name\":\"michael.merz\",\"image\":{\"@type\":\"ImageObject\",\"inLanguage\":\"de\",\"@id\":\"https:\\\/\\\/secure.gravatar.com\\\/avatar\\\/?s=96&d=mm&r=g\",\"url\":\"https:\\\/\\\/secure.gravatar.com\\\/avatar\\\/?s=96&d=mm&r=g\",\"contentUrl\":\"https:\\\/\\\/secure.gravatar.com\\\/avatar\\\/?s=96&d=mm&r=g\",\"caption\":\"michael.merz\"},\"url\":\"https:\\\/\\\/www.organisator.ch\\\/de\\\/author\\\/michael-merz\\\/\"}]}<\/script>\n<!-- \/ Yoast SEO plugin. -->","yoast_head_json":{"title":"Im Namen der Nachhaltigkeit: nach dem Lockdown zu schnell hoch? - Organisator","description":"Vertragen sich Nachhaltigkeit und die aktuellen Wirtschaftsziele? Die weltweite Produktivit\u00e4t und Arbeitslosigkeit verheissen eine eher negative Prognose.","robots":{"index":"index","follow":"follow","max-snippet":"max-snippet:-1","max-image-preview":"max-image-preview:large","max-video-preview":"max-video-preview:-1"},"canonical":"https:\/\/www.organisator.ch\/de\/sustainability\/2020-06-15\/im-namen-der-nachhaltigkeit-nach-dem-lockdown-zu-schnell-hoch\/","og_locale":"de_DE","og_type":"article","og_title":"Im Namen der Nachhaltigkeit: nach dem Lockdown zu schnell hoch? - Organisator","og_description":"Vertragen sich Nachhaltigkeit und die aktuellen Wirtschaftsziele? Die weltweite Produktivit\u00e4t und Arbeitslosigkeit verheissen eine eher negative Prognose.","og_url":"https:\/\/www.organisator.ch\/de\/sustainability\/2020-06-15\/im-namen-der-nachhaltigkeit-nach-dem-lockdown-zu-schnell-hoch\/","og_site_name":"Organisator","article_publisher":"https:\/\/www.facebook.com\/OrganisatorFachmagazin","article_published_time":"2020-06-15T15:04:05+00:00","article_modified_time":"2022-02-09T10:09:57+00:00","og_image":[{"width":2560,"height":1920,"url":"https:\/\/www.organisator.ch\/wp-content\/uploads\/2020\/06\/nachhaltigkeit-prognose-covid-19-UP-Umwelt-Perspektiven-scaled.jpg","type":"image\/jpeg"}],"author":"michael.merz","twitter_card":"summary_large_image","schema":{"@context":"https:\/\/schema.org","@graph":[{"@type":"Article","@id":"https:\/\/www.organisator.ch\/sustainability\/2020-06-15\/im-namen-der-nachhaltigkeit-nach-dem-lockdown-zu-schnell-hoch\/#article","isPartOf":{"@id":"https:\/\/www.organisator.ch\/sustainability\/2020-06-15\/im-namen-der-nachhaltigkeit-nach-dem-lockdown-zu-schnell-hoch\/"},"author":{"name":"michael.merz","@id":"https:\/\/www.organisator.ch\/#\/schema\/person\/134708ca9321c57b0362cceb7948ffbd"},"headline":"Im Namen der Nachhaltigkeit: nach dem Lockdown zu schnell hoch?","datePublished":"2020-06-15T15:04:05+00:00","dateModified":"2022-02-09T10:09:57+00:00","mainEntityOfPage":{"@id":"https:\/\/www.organisator.ch\/sustainability\/2020-06-15\/im-namen-der-nachhaltigkeit-nach-dem-lockdown-zu-schnell-hoch\/"},"wordCount":560,"publisher":{"@id":"https:\/\/www.organisator.ch\/#organization"},"image":{"@id":"https:\/\/www.organisator.ch\/sustainability\/2020-06-15\/im-namen-der-nachhaltigkeit-nach-dem-lockdown-zu-schnell-hoch\/#primaryimage"},"thumbnailUrl":"https:\/\/www.organisator.ch\/wp-content\/uploads\/2020\/06\/nachhaltigkeit-prognose-covid-19-UP-Umwelt-Perspektiven-scaled.jpg","keywords":["Covid-19","Nachhaltigkeit","Wirtschaftsprognose"],"articleSection":["SUSTAINABILITY"],"inLanguage":"de"},{"@type":"WebPage","@id":"https:\/\/www.organisator.ch\/sustainability\/2020-06-15\/im-namen-der-nachhaltigkeit-nach-dem-lockdown-zu-schnell-hoch\/","url":"https:\/\/www.organisator.ch\/sustainability\/2020-06-15\/im-namen-der-nachhaltigkeit-nach-dem-lockdown-zu-schnell-hoch\/","name":"Im Namen der Nachhaltigkeit: nach dem Lockdown zu schnell hoch? - Organisator","isPartOf":{"@id":"https:\/\/www.organisator.ch\/#website"},"primaryImageOfPage":{"@id":"https:\/\/www.organisator.ch\/sustainability\/2020-06-15\/im-namen-der-nachhaltigkeit-nach-dem-lockdown-zu-schnell-hoch\/#primaryimage"},"image":{"@id":"https:\/\/www.organisator.ch\/sustainability\/2020-06-15\/im-namen-der-nachhaltigkeit-nach-dem-lockdown-zu-schnell-hoch\/#primaryimage"},"thumbnailUrl":"https:\/\/www.organisator.ch\/wp-content\/uploads\/2020\/06\/nachhaltigkeit-prognose-covid-19-UP-Umwelt-Perspektiven-scaled.jpg","datePublished":"2020-06-15T15:04:05+00:00","dateModified":"2022-02-09T10:09:57+00:00","description":"Vertragen sich Nachhaltigkeit und die aktuellen Wirtschaftsziele? Die weltweite Produktivit\u00e4t und Arbeitslosigkeit verheissen eine eher negative Prognose.","breadcrumb":{"@id":"https:\/\/www.organisator.ch\/sustainability\/2020-06-15\/im-namen-der-nachhaltigkeit-nach-dem-lockdown-zu-schnell-hoch\/#breadcrumb"},"inLanguage":"de","potentialAction":[{"@type":"ReadAction","target":["https:\/\/www.organisator.ch\/sustainability\/2020-06-15\/im-namen-der-nachhaltigkeit-nach-dem-lockdown-zu-schnell-hoch\/"]}]},{"@type":"ImageObject","inLanguage":"de","@id":"https:\/\/www.organisator.ch\/sustainability\/2020-06-15\/im-namen-der-nachhaltigkeit-nach-dem-lockdown-zu-schnell-hoch\/#primaryimage","url":"https:\/\/www.organisator.ch\/wp-content\/uploads\/2020\/06\/nachhaltigkeit-prognose-covid-19-UP-Umwelt-Perspektiven-scaled.jpg","contentUrl":"https:\/\/www.organisator.ch\/wp-content\/uploads\/2020\/06\/nachhaltigkeit-prognose-covid-19-UP-Umwelt-Perspektiven-scaled.jpg","width":2560,"height":1920},{"@type":"BreadcrumbList","@id":"https:\/\/www.organisator.ch\/sustainability\/2020-06-15\/im-namen-der-nachhaltigkeit-nach-dem-lockdown-zu-schnell-hoch\/#breadcrumb","itemListElement":[{"@type":"ListItem","position":1,"name":"Home","item":"https:\/\/www.organisator.ch\/"},{"@type":"ListItem","position":2,"name":"Im Namen der Nachhaltigkeit: nach dem Lockdown zu schnell hoch?"}]},{"@type":"WebSite","@id":"https:\/\/www.organisator.ch\/#website","url":"https:\/\/www.organisator.ch\/","name":"Organisator","description":"Kompetent. Praxisnah. Der ORGANISATOR bereitet in 10 Ausgaben pro Jahr die wesentlichen Themen f\u00fcr F\u00fchrungskr\u00e4fte von KMU auf.","publisher":{"@id":"https:\/\/www.organisator.ch\/#organization"},"potentialAction":[{"@type":"SearchAction","target":{"@type":"EntryPoint","urlTemplate":"https:\/\/www.organisator.ch\/?s={search_term_string}"},"query-input":{"@type":"PropertyValueSpecification","valueRequired":true,"valueName":"search_term_string"}}],"inLanguage":"de"},{"@type":"Organization","@id":"https:\/\/www.organisator.ch\/#organization","name":"Organisator","url":"https:\/\/www.organisator.ch\/","logo":{"@type":"ImageObject","inLanguage":"de","@id":"https:\/\/www.organisator.ch\/#\/schema\/logo\/image\/","url":"https:\/\/www.organisator.ch\/wp-content\/uploads\/2022\/01\/Logo_Organisator_Website.png","contentUrl":"https:\/\/www.organisator.ch\/wp-content\/uploads\/2022\/01\/Logo_Organisator_Website.png","width":800,"height":77,"caption":"Organisator"},"image":{"@id":"https:\/\/www.organisator.ch\/#\/schema\/logo\/image\/"},"sameAs":["https:\/\/www.facebook.com\/OrganisatorFachmagazin","https:\/\/www.linkedin.com\/showcase\/organisator-das-magazin-fr-kmu","https:\/\/www.xing.com\/news\/pages\/organisator-ch-695","https:\/\/www.youtube.com\/channel\/UCGP2Sq0iWaZwT3BdIAQFYpw"]},{"@type":"Person","@id":"https:\/\/www.organisator.ch\/#\/schema\/person\/134708ca9321c57b0362cceb7948ffbd","name":"michael.merz","image":{"@type":"ImageObject","inLanguage":"de","@id":"https:\/\/secure.gravatar.com\/avatar\/?s=96&d=mm&r=g","url":"https:\/\/secure.gravatar.com\/avatar\/?s=96&d=mm&r=g","contentUrl":"https:\/\/secure.gravatar.com\/avatar\/?s=96&d=mm&r=g","caption":"michael.merz"},"url":"https:\/\/www.organisator.ch\/de\/author\/michael-merz\/"}]}},"_links":{"self":[{"href":"https:\/\/www.organisator.ch\/de\/wp-json\/wp\/v2\/posts\/3121","targetHints":{"allow":["GET"]}}],"collection":[{"href":"https:\/\/www.organisator.ch\/de\/wp-json\/wp\/v2\/posts"}],"about":[{"href":"https:\/\/www.organisator.ch\/de\/wp-json\/wp\/v2\/types\/post"}],"author":[{"embeddable":true,"href":"https:\/\/www.organisator.ch\/de\/wp-json\/wp\/v2\/users\/5"}],"replies":[{"embeddable":true,"href":"https:\/\/www.organisator.ch\/de\/wp-json\/wp\/v2\/comments?post=3121"}],"version-history":[{"count":1,"href":"https:\/\/www.organisator.ch\/de\/wp-json\/wp\/v2\/posts\/3121\/revisions"}],"predecessor-version":[{"id":10829,"href":"https:\/\/www.organisator.ch\/de\/wp-json\/wp\/v2\/posts\/3121\/revisions\/10829"}],"wp:featuredmedia":[{"embeddable":true,"href":"https:\/\/www.organisator.ch\/de\/wp-json\/wp\/v2\/media\/3122"}],"wp:attachment":[{"href":"https:\/\/www.organisator.ch\/de\/wp-json\/wp\/v2\/media?parent=3121"}],"wp:term":[{"taxonomy":"category","embeddable":true,"href":"https:\/\/www.organisator.ch\/de\/wp-json\/wp\/v2\/categories?post=3121"},{"taxonomy":"post_tag","embeddable":true,"href":"https:\/\/www.organisator.ch\/de\/wp-json\/wp\/v2\/tags?post=3121"}],"curies":[{"name":"wp","href":"https:\/\/api.w.org\/{rel}","templated":true}]}}