{"id":31233,"date":"2024-10-25T13:32:45","date_gmt":"2024-10-25T11:32:45","guid":{"rendered":"https:\/\/www.organisator.ch\/?p=31233"},"modified":"2024-10-25T13:32:45","modified_gmt":"2024-10-25T11:32:45","slug":"prix-svc-espace-mittelland-2025-expertenjury-hat-fuenf-finalisten-nominiert","status":"publish","type":"post","link":"https:\/\/www.organisator.ch\/de\/management\/2024-10-25\/prix-svc-espace-mittelland-2025-expertenjury-hat-fuenf-finalisten-nominiert\/","title":{"rendered":"Prix SVC Espace Mittelland 2025: Expertenjury hat f\u00fcnf Finalisten nominiert"},"content":{"rendered":"<figure id=\"attachment_31236\" aria-describedby=\"caption-attachment-31236\" style=\"width: 680px\" class=\"wp-caption alignnone\"><img loading=\"lazy\" decoding=\"async\" class=\"size-full wp-image-31236\" src=\"https:\/\/www.organisator.ch\/wp-content\/uploads\/2024\/10\/Prix-SVC_Espace-Mittelland_Bild1_ps.jpg\" alt=\"\" width=\"680\" height=\"403\" srcset=\"https:\/\/www.organisator.ch\/wp-content\/uploads\/2024\/10\/Prix-SVC_Espace-Mittelland_Bild1_ps.jpg 680w, https:\/\/www.organisator.ch\/wp-content\/uploads\/2024\/10\/Prix-SVC_Espace-Mittelland_Bild1_ps-18x12.jpg 18w, https:\/\/www.organisator.ch\/wp-content\/uploads\/2024\/10\/Prix-SVC_Espace-Mittelland_Bild1_ps-375x222.jpg 375w, https:\/\/www.organisator.ch\/wp-content\/uploads\/2024\/10\/Prix-SVC_Espace-Mittelland_Bild1_ps-591x350.jpg 591w\" sizes=\"auto, (max-width: 680px) 100vw, 680px\" \/><figcaption id=\"caption-attachment-31236\" class=\"wp-caption-text\">Der Prix SVC Espace Mittelland wurde erstmals 2003 verliehen und 2025 steht bereits die f\u00fcnfzehnte Durchf\u00fchrung an. (Bild: www.svc.swiss)<\/figcaption><\/figure>\n<p>Tr\u00e4ger und Initiant der Prix SVC Verleihungen ist der SVC, ein unabh\u00e4ngiger Verein zur F\u00f6rderung und Unterst\u00fctzung von KMU in der Schweiz. Mit dem Prix SVC Espace Mittelland zeichnet er vorbildliche Unternehmen aus, die durch ihre innovativen Produkte und Dienstleistungen, ihre Firmenkultur, die Qualit\u00e4t der Mitarbeitenden und des Managements sowie durch einen nachhaltigen Erfolgsausweis \u00fcberzeugen.<\/p>\n<p>Den KMU selbst ist es nicht m\u00f6glich, sich um eine Nomination f\u00fcr den Prix SVC zu bewerben. Die Selektion der Firmen und die Nominationen f\u00fcr den Prix SVC erfolgen ausschliesslich durch eine unabh\u00e4ngige, regional stark verankerte Expertenjury. Deren Pr\u00e4sident, J\u00fcrg Schwarzenbach, Gr\u00fcnder und Inhaber der Marcaro AG und einer breiten \u00d6ffentlichkeit als Investor aus der TV-Sendung \u00abDie H\u00f6hle der L\u00f6wen\u00bb bekannt, zeigt sich von der Qualit\u00e4t der Finalisten 2025 begeistert: \u00abWir haben w\u00e4hrend dem Nominationsprozess einmal mehr f\u00fcnf herausragende und inspirierende Firmen kennengelernt, welche alle zu den \u2018Leuchtt\u00fcrmen\u2019 der Wirtschaftsregion Espace Mittelland geh\u00f6ren. Jedes der f\u00fcnf Finalisten-Unternehmen ist ein w\u00fcrdiger Preistr\u00e4ger und ich freue mich sehr auf das spannende Finale des Prix SVC im n\u00e4chsten Fr\u00fchjahr.\u00bb<\/p>\n<p>Die Preisverleihung findet am Mittwoch, 12. M\u00e4rz 2025, im Kursaal Bern statt. Erwartet werden rund 1&#8217;300 G\u00e4ste aus Wirtschaft, Wissenschaft, Politik und Kultur. Der Prix SVC Espace Mittelland wurde erstmals 2003 verliehen und 2025 steht bereits die f\u00fcnfzehnte Durchf\u00fchrung an.<\/p>\n<h3><strong>Die Finalisten 2025: F\u00fcnf \u00fcberzeugende Erfolgsgeschichten aus dem Espace Mittelland<\/strong><\/h3>\n<h3><strong>Gasser Ceramic &#8211; Ziegelei Rapperswil Louis Gasser AG, Rapperswil BE<\/strong><\/h3>\n<p>Die Unternehmensgruppe Gasser Ceramic ist ein auf keramische Bauprodukte, wie Backsteine und Ziegel, spezialisierter Bauzulieferer. Das traditionsreiche Familienunternehmen ist tonangebend bei Entwicklungen zur Perfektionierung der Geb\u00e4udeh\u00fclle. Ihre Dachziegel, Backsteine und Photovoltaikprodukte sorgen f\u00fcr ein gesundes Raumklima, ein angenehmes Wohngef\u00fchl und beste Energieeffizienz. Mit rund 200 Mitarbeitenden, 10 Produktionslinien und sechs Brenn\u00f6fen an vier Standorten ist Gasser Ceramic einer der f\u00fchrenden Schweizer Hersteller in diesem Bereich. Das Unternehmen vereint traditionelles Handwerk mit modernster Technik und pr\u00e4sentiert immer wieder neue innovative L\u00f6sungen f\u00fcr nachhaltiges Bauen. \/ <a href=\"http:\/\/www.gasserceramic.ch\">www.gasserceramic.ch<\/a><\/p>\n<h3><strong>Megasol Energie AG, Deitingen SO<\/strong><\/h3>\n<p>Die Megasol Energie AG ist eine der weltweit f\u00fchrenden Herstellerinnen von geb\u00e4udeintegrierter Photovoltaik (BIPV). Von Deitingen aus beliefert das Unternehmen eine internationale Kundschaft mit Solarmodulen und Photovoltaiksystemen f\u00fcr jede Anwendung. Es entwickelt intelligente Montagesysteme und fertigt neben den Standardmodulen auch Speziall\u00f6sungen in individuellen Designs und verschiedenen Farben. Im stark wachsenden Segment der geb\u00e4udeintegrierten Photovoltaik ist Megasol damit besonders erfolgreich. Die firmeneigene Forschungsabteilung arbeitet mit renommierten Partnern an den Technologien von morgen, mit dem Ziel Design, \u00c4sthetik, Produktion und Effizienz geb\u00e4udeintegrierter Stromerzeugung auf das n\u00e4chste Level zu heben. \/ <a href=\"http:\/\/www.megasol.ch\">www.megasol.ch<\/a><\/p>\n<h3><strong>Olwo AG, Worb BE<\/strong><\/h3>\n<p>Seit 1926 hat sich die Olwo zu einem zentralen Produktions-, Handels- und Dienstleistungsunternehmen der Schweizer Holzbranche entwickelt und ist eine Drehscheibe der Berner Holzwirtschaft. Die Produktionswerke der Olwo umfassen zwei S\u00e4gewerke in Worb und in Erlenbach sowie ein Hobelwerk in Stalden. Daneben ist das Unternehmen auch im Handel mit Holzwerkstoffen t\u00e4tig. Die Zielkunden der Firma sind Zimmereien, Schreinereien, Dachdecker, Bauunternehmen, Architekten und Bauherren. Die Olwo AG ist Teil einer unabh\u00e4ngigen Familien-Holding und wird mittlerweile in der dritten und vierten Generation gef\u00fchrt. In den letzten Jahren hat das Unternehmen seine Infrastruktur umfassend modernisiert und in digitale Logistikl\u00f6sungen investiert, wodurch die Olwo neue Massst\u00e4be in ihrer Branche setzt. \/ <a href=\"http:\/\/www.olwo.ch\">www.olwo.ch<\/a><\/p>\n<h3><strong>Platit AG, Selzach SO<\/strong><\/h3>\n<p>Die Platit AG ist ein innovatives Unternehmen, das sich auf die Entwicklung und Produktion von hochwertigen PVD-Beschichtungsanlagen (Physical Vapor Deposition) spezialisiert hat, welche die Lebensdauer, Produktivit\u00e4t und Effizienz von Werkzeugen und Komponenten enorm erh\u00f6hen. Die Firma ist heute ein globaler Leader f\u00fcr Beschichtungen im Mikro- und Nanobereich und hat die entsprechende Technologie komplett selbst entwickelt. Das unabh\u00e4ngige Schweizer Familienunternehmen Platit AG setzt auf sehr flexible Anlagenkonzepte mit einer Open-Source-Philosophie, wodurch ihre Kunden die Beschichtungsl\u00f6sungen an ihre spezifischen Anforderungen und individuellen Bed\u00fcrfnisse anpassen k\u00f6nnen. \/ <a href=\"http:\/\/www.platit.com\">www.platit.com<\/a><\/p>\n<h3><strong>Schwob AG, Burgdorf BE<\/strong><\/h3>\n<p>Die Hightech-Leinenweberei Schwob AG stellt seit 1872 exklusive Textilien f\u00fcr die Hotellerie und Gastronomie sowie f\u00fcr Kliniken und Residenzen her. Der Betrieb besch\u00e4ftigt rund 240 Mitarbeitende. Grosse Tradition gepaart mit hoher Innovation f\u00fchrt zu einer Qualit\u00e4t, welche die Kunden in der Schweiz, aber auch in der ganzen Welt begeistert. Schwob exportiert Bett- und Tischw\u00e4sche &#8211; made in Burgdorf &#8211; an viele renommierte Adressen weltweit. Zudem geh\u00f6ren seit mehreren Jahren f\u00fcnf eigene W\u00e4schereien zum Unternehmen. Somit bietet Schwob nebst dem Design und der Produktion von Textilien auch die komplette Textilpflege in eigener Kompetenz an und bietet seinen Kunden einen umfassenden, schweizweiten Vollservice. \/ <a href=\"http:\/\/www.schwob.swiss\">www.schwob.swiss<\/a><\/p>\n<p><em>Quelle: <a href=\"http:\/\/www.svc.swiss\">www.svc.swiss<\/a><\/em><\/p>\n","protected":false},"excerpt":{"rendered":"<p>Das KMU-Netzwerk SVC (Swiss Venture Club) vergibt am 12. M\u00e4rz 2025 zum f\u00fcnfzehnten Mal den Prix SVC Espace Mittelland. F\u00fcnf erfolgreiche Unternehmen aus der Region sind von der SVC Expertenjury f\u00fcr das grosse Finale nominiert worden und d\u00fcrfen weiterhin auf den Gewinn des renommierten Preises hoffen: Die Gasser Ceramic &#8211; Ziegelei Rapperswil Louis Gasser AG aus Rapperswil BE, die Megasol Energie AG aus Deitingen SO, die Olwo AG aus Worb BE, die Platit AG aus Selzach SO sowie die Schwob AG aus Burgdorf BE.<\/p>\n","protected":false},"author":58,"featured_media":31236,"comment_status":"closed","ping_status":"closed","sticky":false,"template":"","format":"standard","meta":{"_acf_changed":false,"_yoast_wpseo_focuskw":"Prix SVC","_yoast_wpseo_metadesc":"Das KMU-Netzwerk SVC (Swiss Venture Club) vergibt am 12. M\u00e4rz 2025 zum f\u00fcnfzehnten Mal den Prix SVC Espace Mittelland.","articlekey":"","footnotes":""},"categories":[28],"tags":[65,334,391,492],"class_list":["post-31233","post","type-post","status-publish","format-standard","has-post-thumbnail","hentry","category-management","tag-award","tag-management","tag-prix-svc-espace-mittelland","tag-unternehmen"],"acf":[],"yoast_head":"<!-- This site is optimized with the Yoast SEO plugin v27.5 - https:\/\/yoast.com\/product\/yoast-seo-wordpress\/ -->\n<title>Prix SVC Espace Mittelland 2025: Expertenjury hat f\u00fcnf Finalisten nominiert - Organisator<\/title>\n<meta name=\"description\" content=\"Das KMU-Netzwerk SVC (Swiss Venture Club) vergibt am 12. M\u00e4rz 2025 zum f\u00fcnfzehnten Mal den Prix SVC Espace Mittelland.\" \/>\n<meta name=\"robots\" content=\"index, follow, max-snippet:-1, max-image-preview:large, max-video-preview:-1\" \/>\n<link rel=\"canonical\" href=\"https:\/\/www.organisator.ch\/de\/management\/2024-10-25\/prix-svc-espace-mittelland-2025-expertenjury-hat-fuenf-finalisten-nominiert\/\" \/>\n<meta property=\"og:locale\" content=\"de_DE\" \/>\n<meta property=\"og:type\" content=\"article\" \/>\n<meta property=\"og:title\" content=\"Prix SVC Espace Mittelland 2025: Expertenjury hat f\u00fcnf Finalisten nominiert\" \/>\n<meta property=\"og:description\" content=\"Das KMU-Netzwerk SVC (Swiss Venture Club) vergibt am 12. M\u00e4rz 2025 zum f\u00fcnfzehnten Mal den Prix SVC Espace Mittelland.\" \/>\n<meta property=\"og:url\" content=\"https:\/\/www.organisator.ch\/de\/management\/2024-10-25\/prix-svc-espace-mittelland-2025-expertenjury-hat-fuenf-finalisten-nominiert\/\" \/>\n<meta property=\"og:site_name\" content=\"Organisator\" \/>\n<meta property=\"article:publisher\" content=\"https:\/\/www.facebook.com\/OrganisatorFachmagazin\" \/>\n<meta property=\"article:published_time\" content=\"2024-10-25T11:32:45+00:00\" \/>\n<meta property=\"og:image\" content=\"https:\/\/www.organisator.ch\/wp-content\/uploads\/2024\/10\/Prix-SVC_Espace-Mittelland_Bild1_ps.jpg\" \/>\n\t<meta property=\"og:image:width\" content=\"680\" \/>\n\t<meta property=\"og:image:height\" content=\"403\" \/>\n\t<meta property=\"og:image:type\" content=\"image\/jpeg\" \/>\n<meta name=\"author\" content=\"Adelisa Kalajdzini\" \/>\n<meta name=\"twitter:card\" content=\"summary_large_image\" \/>\n<meta name=\"twitter:title\" content=\"Prix SVC Espace Mittelland 2025: Expertenjury hat f\u00fcnf Finalisten nominiert\" \/>\n<meta name=\"twitter:description\" content=\"Das #KMU-Netzwerk SVC (Swiss Venture Club) vergibt am 12. M\u00e4rz 2025 zum f\u00fcnfzehnten Mal den #Prix #SVC #Espace #Mittelland.\" \/>\n<meta name=\"twitter:image\" content=\"https:\/\/www.organisator.ch\/wp-content\/uploads\/2024\/10\/Prix-SVC_Espace-Mittelland_Bild1_ps.jpg\" \/>\n<script type=\"application\/ld+json\" class=\"yoast-schema-graph\">{\"@context\":\"https:\\\/\\\/schema.org\",\"@graph\":[{\"@type\":\"Article\",\"@id\":\"https:\\\/\\\/www.organisator.ch\\\/management\\\/2024-10-25\\\/prix-svc-espace-mittelland-2025-expertenjury-hat-fuenf-finalisten-nominiert\\\/#article\",\"isPartOf\":{\"@id\":\"https:\\\/\\\/www.organisator.ch\\\/management\\\/2024-10-25\\\/prix-svc-espace-mittelland-2025-expertenjury-hat-fuenf-finalisten-nominiert\\\/\"},\"author\":{\"name\":\"Adelisa Kalajdzini\",\"@id\":\"https:\\\/\\\/www.organisator.ch\\\/#\\\/schema\\\/person\\\/2e1314a2172123f874db408d8911d3f3\"},\"headline\":\"Prix SVC Espace Mittelland 2025: Expertenjury hat f\u00fcnf Finalisten nominiert\",\"datePublished\":\"2024-10-25T11:32:45+00:00\",\"mainEntityOfPage\":{\"@id\":\"https:\\\/\\\/www.organisator.ch\\\/management\\\/2024-10-25\\\/prix-svc-espace-mittelland-2025-expertenjury-hat-fuenf-finalisten-nominiert\\\/\"},\"wordCount\":820,\"publisher\":{\"@id\":\"https:\\\/\\\/www.organisator.ch\\\/#organization\"},\"image\":{\"@id\":\"https:\\\/\\\/www.organisator.ch\\\/management\\\/2024-10-25\\\/prix-svc-espace-mittelland-2025-expertenjury-hat-fuenf-finalisten-nominiert\\\/#primaryimage\"},\"thumbnailUrl\":\"https:\\\/\\\/www.organisator.ch\\\/wp-content\\\/uploads\\\/2024\\\/10\\\/Prix-SVC_Espace-Mittelland_Bild1_ps.jpg\",\"keywords\":[\"Award\",\"Management\",\"Prix SVC Espace Mittelland\",\"Unternehmen\"],\"articleSection\":[\"MANAGEMENT\"],\"inLanguage\":\"de\"},{\"@type\":\"WebPage\",\"@id\":\"https:\\\/\\\/www.organisator.ch\\\/management\\\/2024-10-25\\\/prix-svc-espace-mittelland-2025-expertenjury-hat-fuenf-finalisten-nominiert\\\/\",\"url\":\"https:\\\/\\\/www.organisator.ch\\\/management\\\/2024-10-25\\\/prix-svc-espace-mittelland-2025-expertenjury-hat-fuenf-finalisten-nominiert\\\/\",\"name\":\"Prix SVC Espace Mittelland 2025: Expertenjury hat f\u00fcnf Finalisten nominiert - Organisator\",\"isPartOf\":{\"@id\":\"https:\\\/\\\/www.organisator.ch\\\/#website\"},\"primaryImageOfPage\":{\"@id\":\"https:\\\/\\\/www.organisator.ch\\\/management\\\/2024-10-25\\\/prix-svc-espace-mittelland-2025-expertenjury-hat-fuenf-finalisten-nominiert\\\/#primaryimage\"},\"image\":{\"@id\":\"https:\\\/\\\/www.organisator.ch\\\/management\\\/2024-10-25\\\/prix-svc-espace-mittelland-2025-expertenjury-hat-fuenf-finalisten-nominiert\\\/#primaryimage\"},\"thumbnailUrl\":\"https:\\\/\\\/www.organisator.ch\\\/wp-content\\\/uploads\\\/2024\\\/10\\\/Prix-SVC_Espace-Mittelland_Bild1_ps.jpg\",\"datePublished\":\"2024-10-25T11:32:45+00:00\",\"description\":\"Das KMU-Netzwerk SVC (Swiss Venture Club) vergibt am 12. M\u00e4rz 2025 zum f\u00fcnfzehnten Mal den Prix SVC Espace Mittelland.\",\"breadcrumb\":{\"@id\":\"https:\\\/\\\/www.organisator.ch\\\/management\\\/2024-10-25\\\/prix-svc-espace-mittelland-2025-expertenjury-hat-fuenf-finalisten-nominiert\\\/#breadcrumb\"},\"inLanguage\":\"de\",\"potentialAction\":[{\"@type\":\"ReadAction\",\"target\":[\"https:\\\/\\\/www.organisator.ch\\\/management\\\/2024-10-25\\\/prix-svc-espace-mittelland-2025-expertenjury-hat-fuenf-finalisten-nominiert\\\/\"]}]},{\"@type\":\"ImageObject\",\"inLanguage\":\"de\",\"@id\":\"https:\\\/\\\/www.organisator.ch\\\/management\\\/2024-10-25\\\/prix-svc-espace-mittelland-2025-expertenjury-hat-fuenf-finalisten-nominiert\\\/#primaryimage\",\"url\":\"https:\\\/\\\/www.organisator.ch\\\/wp-content\\\/uploads\\\/2024\\\/10\\\/Prix-SVC_Espace-Mittelland_Bild1_ps.jpg\",\"contentUrl\":\"https:\\\/\\\/www.organisator.ch\\\/wp-content\\\/uploads\\\/2024\\\/10\\\/Prix-SVC_Espace-Mittelland_Bild1_ps.jpg\",\"width\":680,\"height\":403,\"caption\":\"Der Prix SVC Espace Mittelland wurde erstmals 2003 verliehen und 2025 steht bereits die f\u00fcnfzehnte Durchf\u00fchrung an. (Bild: www.svc.swiss)\"},{\"@type\":\"BreadcrumbList\",\"@id\":\"https:\\\/\\\/www.organisator.ch\\\/management\\\/2024-10-25\\\/prix-svc-espace-mittelland-2025-expertenjury-hat-fuenf-finalisten-nominiert\\\/#breadcrumb\",\"itemListElement\":[{\"@type\":\"ListItem\",\"position\":1,\"name\":\"Home\",\"item\":\"https:\\\/\\\/www.organisator.ch\\\/\"},{\"@type\":\"ListItem\",\"position\":2,\"name\":\"Prix SVC Espace Mittelland 2025: Expertenjury hat f\u00fcnf Finalisten nominiert\"}]},{\"@type\":\"WebSite\",\"@id\":\"https:\\\/\\\/www.organisator.ch\\\/#website\",\"url\":\"https:\\\/\\\/www.organisator.ch\\\/\",\"name\":\"Organisator\",\"description\":\"Kompetent. Praxisnah. Der ORGANISATOR bereitet in 10 Ausgaben pro Jahr die wesentlichen Themen f\u00fcr F\u00fchrungskr\u00e4fte von KMU auf.\",\"publisher\":{\"@id\":\"https:\\\/\\\/www.organisator.ch\\\/#organization\"},\"potentialAction\":[{\"@type\":\"SearchAction\",\"target\":{\"@type\":\"EntryPoint\",\"urlTemplate\":\"https:\\\/\\\/www.organisator.ch\\\/?s={search_term_string}\"},\"query-input\":{\"@type\":\"PropertyValueSpecification\",\"valueRequired\":true,\"valueName\":\"search_term_string\"}}],\"inLanguage\":\"de\"},{\"@type\":\"Organization\",\"@id\":\"https:\\\/\\\/www.organisator.ch\\\/#organization\",\"name\":\"Organisator\",\"url\":\"https:\\\/\\\/www.organisator.ch\\\/\",\"logo\":{\"@type\":\"ImageObject\",\"inLanguage\":\"de\",\"@id\":\"https:\\\/\\\/www.organisator.ch\\\/#\\\/schema\\\/logo\\\/image\\\/\",\"url\":\"https:\\\/\\\/www.organisator.ch\\\/wp-content\\\/uploads\\\/2022\\\/01\\\/Logo_Organisator_Website.png\",\"contentUrl\":\"https:\\\/\\\/www.organisator.ch\\\/wp-content\\\/uploads\\\/2022\\\/01\\\/Logo_Organisator_Website.png\",\"width\":800,\"height\":77,\"caption\":\"Organisator\"},\"image\":{\"@id\":\"https:\\\/\\\/www.organisator.ch\\\/#\\\/schema\\\/logo\\\/image\\\/\"},\"sameAs\":[\"https:\\\/\\\/www.facebook.com\\\/OrganisatorFachmagazin\",\"https:\\\/\\\/www.linkedin.com\\\/showcase\\\/organisator-das-magazin-fr-kmu\",\"https:\\\/\\\/www.xing.com\\\/news\\\/pages\\\/organisator-ch-695\",\"https:\\\/\\\/www.youtube.com\\\/channel\\\/UCGP2Sq0iWaZwT3BdIAQFYpw\"]},{\"@type\":\"Person\",\"@id\":\"https:\\\/\\\/www.organisator.ch\\\/#\\\/schema\\\/person\\\/2e1314a2172123f874db408d8911d3f3\",\"name\":\"Adelisa Kalajdzini\",\"image\":{\"@type\":\"ImageObject\",\"inLanguage\":\"de\",\"@id\":\"https:\\\/\\\/secure.gravatar.com\\\/avatar\\\/09a397c22ac58cad6f160ee8306348599df9df58a8ede73696226897b9fa4b24?s=96&d=mm&r=g\",\"url\":\"https:\\\/\\\/secure.gravatar.com\\\/avatar\\\/09a397c22ac58cad6f160ee8306348599df9df58a8ede73696226897b9fa4b24?s=96&d=mm&r=g\",\"contentUrl\":\"https:\\\/\\\/secure.gravatar.com\\\/avatar\\\/09a397c22ac58cad6f160ee8306348599df9df58a8ede73696226897b9fa4b24?s=96&d=mm&r=g\",\"caption\":\"Adelisa Kalajdzini\"},\"url\":\"https:\\\/\\\/www.organisator.ch\\\/de\\\/author\\\/adelisa-kalajdzini\\\/\"}]}<\/script>\n<!-- \/ Yoast SEO plugin. -->","yoast_head_json":{"title":"Prix SVC Espace Mittelland 2025: Expertenjury hat f\u00fcnf Finalisten nominiert - Organisator","description":"Das KMU-Netzwerk SVC (Swiss Venture Club) vergibt am 12. M\u00e4rz 2025 zum f\u00fcnfzehnten Mal den Prix SVC Espace Mittelland.","robots":{"index":"index","follow":"follow","max-snippet":"max-snippet:-1","max-image-preview":"max-image-preview:large","max-video-preview":"max-video-preview:-1"},"canonical":"https:\/\/www.organisator.ch\/de\/management\/2024-10-25\/prix-svc-espace-mittelland-2025-expertenjury-hat-fuenf-finalisten-nominiert\/","og_locale":"de_DE","og_type":"article","og_title":"Prix SVC Espace Mittelland 2025: Expertenjury hat f\u00fcnf Finalisten nominiert","og_description":"Das KMU-Netzwerk SVC (Swiss Venture Club) vergibt am 12. M\u00e4rz 2025 zum f\u00fcnfzehnten Mal den Prix SVC Espace Mittelland.","og_url":"https:\/\/www.organisator.ch\/de\/management\/2024-10-25\/prix-svc-espace-mittelland-2025-expertenjury-hat-fuenf-finalisten-nominiert\/","og_site_name":"Organisator","article_publisher":"https:\/\/www.facebook.com\/OrganisatorFachmagazin","article_published_time":"2024-10-25T11:32:45+00:00","og_image":[{"width":680,"height":403,"url":"https:\/\/www.organisator.ch\/wp-content\/uploads\/2024\/10\/Prix-SVC_Espace-Mittelland_Bild1_ps.jpg","type":"image\/jpeg"}],"author":"Adelisa Kalajdzini","twitter_card":"summary_large_image","twitter_title":"Prix SVC Espace Mittelland 2025: Expertenjury hat f\u00fcnf Finalisten nominiert","twitter_description":"Das #KMU-Netzwerk SVC (Swiss Venture Club) vergibt am 12. M\u00e4rz 2025 zum f\u00fcnfzehnten Mal den #Prix #SVC #Espace #Mittelland.","twitter_image":"https:\/\/www.organisator.ch\/wp-content\/uploads\/2024\/10\/Prix-SVC_Espace-Mittelland_Bild1_ps.jpg","schema":{"@context":"https:\/\/schema.org","@graph":[{"@type":"Article","@id":"https:\/\/www.organisator.ch\/management\/2024-10-25\/prix-svc-espace-mittelland-2025-expertenjury-hat-fuenf-finalisten-nominiert\/#article","isPartOf":{"@id":"https:\/\/www.organisator.ch\/management\/2024-10-25\/prix-svc-espace-mittelland-2025-expertenjury-hat-fuenf-finalisten-nominiert\/"},"author":{"name":"Adelisa Kalajdzini","@id":"https:\/\/www.organisator.ch\/#\/schema\/person\/2e1314a2172123f874db408d8911d3f3"},"headline":"Prix SVC Espace Mittelland 2025: Expertenjury hat f\u00fcnf Finalisten nominiert","datePublished":"2024-10-25T11:32:45+00:00","mainEntityOfPage":{"@id":"https:\/\/www.organisator.ch\/management\/2024-10-25\/prix-svc-espace-mittelland-2025-expertenjury-hat-fuenf-finalisten-nominiert\/"},"wordCount":820,"publisher":{"@id":"https:\/\/www.organisator.ch\/#organization"},"image":{"@id":"https:\/\/www.organisator.ch\/management\/2024-10-25\/prix-svc-espace-mittelland-2025-expertenjury-hat-fuenf-finalisten-nominiert\/#primaryimage"},"thumbnailUrl":"https:\/\/www.organisator.ch\/wp-content\/uploads\/2024\/10\/Prix-SVC_Espace-Mittelland_Bild1_ps.jpg","keywords":["Award","Management","Prix SVC Espace Mittelland","Unternehmen"],"articleSection":["MANAGEMENT"],"inLanguage":"de"},{"@type":"WebPage","@id":"https:\/\/www.organisator.ch\/management\/2024-10-25\/prix-svc-espace-mittelland-2025-expertenjury-hat-fuenf-finalisten-nominiert\/","url":"https:\/\/www.organisator.ch\/management\/2024-10-25\/prix-svc-espace-mittelland-2025-expertenjury-hat-fuenf-finalisten-nominiert\/","name":"Prix SVC Espace Mittelland 2025: Expertenjury hat f\u00fcnf Finalisten nominiert - Organisator","isPartOf":{"@id":"https:\/\/www.organisator.ch\/#website"},"primaryImageOfPage":{"@id":"https:\/\/www.organisator.ch\/management\/2024-10-25\/prix-svc-espace-mittelland-2025-expertenjury-hat-fuenf-finalisten-nominiert\/#primaryimage"},"image":{"@id":"https:\/\/www.organisator.ch\/management\/2024-10-25\/prix-svc-espace-mittelland-2025-expertenjury-hat-fuenf-finalisten-nominiert\/#primaryimage"},"thumbnailUrl":"https:\/\/www.organisator.ch\/wp-content\/uploads\/2024\/10\/Prix-SVC_Espace-Mittelland_Bild1_ps.jpg","datePublished":"2024-10-25T11:32:45+00:00","description":"Das KMU-Netzwerk SVC (Swiss Venture Club) vergibt am 12. M\u00e4rz 2025 zum f\u00fcnfzehnten Mal den Prix SVC Espace Mittelland.","breadcrumb":{"@id":"https:\/\/www.organisator.ch\/management\/2024-10-25\/prix-svc-espace-mittelland-2025-expertenjury-hat-fuenf-finalisten-nominiert\/#breadcrumb"},"inLanguage":"de","potentialAction":[{"@type":"ReadAction","target":["https:\/\/www.organisator.ch\/management\/2024-10-25\/prix-svc-espace-mittelland-2025-expertenjury-hat-fuenf-finalisten-nominiert\/"]}]},{"@type":"ImageObject","inLanguage":"de","@id":"https:\/\/www.organisator.ch\/management\/2024-10-25\/prix-svc-espace-mittelland-2025-expertenjury-hat-fuenf-finalisten-nominiert\/#primaryimage","url":"https:\/\/www.organisator.ch\/wp-content\/uploads\/2024\/10\/Prix-SVC_Espace-Mittelland_Bild1_ps.jpg","contentUrl":"https:\/\/www.organisator.ch\/wp-content\/uploads\/2024\/10\/Prix-SVC_Espace-Mittelland_Bild1_ps.jpg","width":680,"height":403,"caption":"Der Prix SVC Espace Mittelland wurde erstmals 2003 verliehen und 2025 steht bereits die f\u00fcnfzehnte Durchf\u00fchrung an. (Bild: www.svc.swiss)"},{"@type":"BreadcrumbList","@id":"https:\/\/www.organisator.ch\/management\/2024-10-25\/prix-svc-espace-mittelland-2025-expertenjury-hat-fuenf-finalisten-nominiert\/#breadcrumb","itemListElement":[{"@type":"ListItem","position":1,"name":"Home","item":"https:\/\/www.organisator.ch\/"},{"@type":"ListItem","position":2,"name":"Prix SVC Espace Mittelland 2025: Expertenjury hat f\u00fcnf Finalisten nominiert"}]},{"@type":"WebSite","@id":"https:\/\/www.organisator.ch\/#website","url":"https:\/\/www.organisator.ch\/","name":"Organisator","description":"Kompetent. Praxisnah. Der ORGANISATOR bereitet in 10 Ausgaben pro Jahr die wesentlichen Themen f\u00fcr F\u00fchrungskr\u00e4fte von KMU auf.","publisher":{"@id":"https:\/\/www.organisator.ch\/#organization"},"potentialAction":[{"@type":"SearchAction","target":{"@type":"EntryPoint","urlTemplate":"https:\/\/www.organisator.ch\/?s={search_term_string}"},"query-input":{"@type":"PropertyValueSpecification","valueRequired":true,"valueName":"search_term_string"}}],"inLanguage":"de"},{"@type":"Organization","@id":"https:\/\/www.organisator.ch\/#organization","name":"Organisator","url":"https:\/\/www.organisator.ch\/","logo":{"@type":"ImageObject","inLanguage":"de","@id":"https:\/\/www.organisator.ch\/#\/schema\/logo\/image\/","url":"https:\/\/www.organisator.ch\/wp-content\/uploads\/2022\/01\/Logo_Organisator_Website.png","contentUrl":"https:\/\/www.organisator.ch\/wp-content\/uploads\/2022\/01\/Logo_Organisator_Website.png","width":800,"height":77,"caption":"Organisator"},"image":{"@id":"https:\/\/www.organisator.ch\/#\/schema\/logo\/image\/"},"sameAs":["https:\/\/www.facebook.com\/OrganisatorFachmagazin","https:\/\/www.linkedin.com\/showcase\/organisator-das-magazin-fr-kmu","https:\/\/www.xing.com\/news\/pages\/organisator-ch-695","https:\/\/www.youtube.com\/channel\/UCGP2Sq0iWaZwT3BdIAQFYpw"]},{"@type":"Person","@id":"https:\/\/www.organisator.ch\/#\/schema\/person\/2e1314a2172123f874db408d8911d3f3","name":"Adelisa Kalajdzini","image":{"@type":"ImageObject","inLanguage":"de","@id":"https:\/\/secure.gravatar.com\/avatar\/09a397c22ac58cad6f160ee8306348599df9df58a8ede73696226897b9fa4b24?s=96&d=mm&r=g","url":"https:\/\/secure.gravatar.com\/avatar\/09a397c22ac58cad6f160ee8306348599df9df58a8ede73696226897b9fa4b24?s=96&d=mm&r=g","contentUrl":"https:\/\/secure.gravatar.com\/avatar\/09a397c22ac58cad6f160ee8306348599df9df58a8ede73696226897b9fa4b24?s=96&d=mm&r=g","caption":"Adelisa Kalajdzini"},"url":"https:\/\/www.organisator.ch\/de\/author\/adelisa-kalajdzini\/"}]}},"_links":{"self":[{"href":"https:\/\/www.organisator.ch\/de\/wp-json\/wp\/v2\/posts\/31233","targetHints":{"allow":["GET"]}}],"collection":[{"href":"https:\/\/www.organisator.ch\/de\/wp-json\/wp\/v2\/posts"}],"about":[{"href":"https:\/\/www.organisator.ch\/de\/wp-json\/wp\/v2\/types\/post"}],"author":[{"embeddable":true,"href":"https:\/\/www.organisator.ch\/de\/wp-json\/wp\/v2\/users\/58"}],"replies":[{"embeddable":true,"href":"https:\/\/www.organisator.ch\/de\/wp-json\/wp\/v2\/comments?post=31233"}],"version-history":[{"count":6,"href":"https:\/\/www.organisator.ch\/de\/wp-json\/wp\/v2\/posts\/31233\/revisions"}],"predecessor-version":[{"id":31246,"href":"https:\/\/www.organisator.ch\/de\/wp-json\/wp\/v2\/posts\/31233\/revisions\/31246"}],"wp:featuredmedia":[{"embeddable":true,"href":"https:\/\/www.organisator.ch\/de\/wp-json\/wp\/v2\/media\/31236"}],"wp:attachment":[{"href":"https:\/\/www.organisator.ch\/de\/wp-json\/wp\/v2\/media?parent=31233"}],"wp:term":[{"taxonomy":"category","embeddable":true,"href":"https:\/\/www.organisator.ch\/de\/wp-json\/wp\/v2\/categories?post=31233"},{"taxonomy":"post_tag","embeddable":true,"href":"https:\/\/www.organisator.ch\/de\/wp-json\/wp\/v2\/tags?post=31233"}],"curies":[{"name":"wp","href":"https:\/\/api.w.org\/{rel}","templated":true}]}}