{"id":31243,"date":"2024-10-28T12:01:09","date_gmt":"2024-10-28T11:01:09","guid":{"rendered":"https:\/\/www.organisator.ch\/?p=31243"},"modified":"2024-10-28T12:01:09","modified_gmt":"2024-10-28T11:01:09","slug":"quo-vadis-nachhaltige-wirtschaft-zukunftsperspektiven-auf-dem-forum-oe-2024","status":"publish","type":"post","link":"https:\/\/www.organisator.ch\/de\/sustainability\/2024-10-28\/quo-vadis-nachhaltige-wirtschaft-zukunftsperspektiven-auf-dem-forum-oe-2024\/","title":{"rendered":"\u201eQuo vadis nachhaltige Wirtschaft?\u201c \u2013 Zukunftsperspektiven auf dem Forum \u00f6 2024"},"content":{"rendered":"<figure id=\"attachment_31278\" aria-describedby=\"caption-attachment-31278\" style=\"width: 680px\" class=\"wp-caption alignnone\"><img loading=\"lazy\" decoding=\"async\" class=\"size-full wp-image-31278\" src=\"https:\/\/www.organisator.ch\/wp-content\/uploads\/2024\/10\/Quo-vadis-nachhaltige-Wirtschaft-Zukunftsperspektiven-auf-dem-Forum-oe-2024-1_Organisator.jpg\" alt=\"\" width=\"680\" height=\"471\" srcset=\"https:\/\/www.organisator.ch\/wp-content\/uploads\/2024\/10\/Quo-vadis-nachhaltige-Wirtschaft-Zukunftsperspektiven-auf-dem-Forum-oe-2024-1_Organisator.jpg 680w, https:\/\/www.organisator.ch\/wp-content\/uploads\/2024\/10\/Quo-vadis-nachhaltige-Wirtschaft-Zukunftsperspektiven-auf-dem-Forum-oe-2024-1_Organisator-18x12.jpg 18w, https:\/\/www.organisator.ch\/wp-content\/uploads\/2024\/10\/Quo-vadis-nachhaltige-Wirtschaft-Zukunftsperspektiven-auf-dem-Forum-oe-2024-1_Organisator-375x260.jpg 375w, https:\/\/www.organisator.ch\/wp-content\/uploads\/2024\/10\/Quo-vadis-nachhaltige-Wirtschaft-Zukunftsperspektiven-auf-dem-Forum-oe-2024-1_Organisator-505x350.jpg 505w\" sizes=\"auto, (max-width: 680px) 100vw, 680px\" \/><figcaption id=\"caption-attachment-31278\" class=\"wp-caption-text\">Olmar Albers, \u00f6bu-Gesch\u00e4ftsf\u00fchrer, im Gespr\u00e4ch mit Stefanie Egger und Justus Kunz am Forum \u00f6 2024. (Bild: Thomas Berner)<\/figcaption><\/figure>\n<p>Den Auftakt des diesj\u00e4hrigen Forums \u00f6 machten Marina Hasler, Managing Partnerin des Impact Hub, und Olmar Albers, Gesch\u00e4ftsleiter der \u00f6bu, mit einer interaktiven Fragerunde. Die Teilnehmenden wurden dazu animiert, bei \u201eJa\u201c-Antworten aufzustehen, um ein Gef\u00fchl f\u00fcr die eigene Vertrautheit mit dem Thema zu bekommen. Dieses Warm-up sollte das Publikum auf das diesj\u00e4hrige Motto \u201eQuo vadis nachhaltige Wirtschaft?\u201c einstimmen. Unter diesem Leitgedanken r\u00fcckten die Themen ins Zentrum, die oft am Rand des nachhaltigen Wirtschaftens stehen, und zeigten die Chancen auf, die Nachhaltigkeit f\u00fcr Umwelt, Unternehmen und Mitarbeitende bietet.<\/p>\n<p>Die Veranstaltung, die j\u00e4hrlich rund 200 Pers\u00f6nlichkeiten aus Wirtschaft, Wissenschaft, Innovation und Gesellschaft zusammenbringt, dient als Plattform f\u00fcr den Austausch \u00fcber zukunftsorientierte Gesch\u00e4ftsmodelle, die die Potenziale einer nachhaltigen Ausrichtung aufzeigen. Mit abwechslungsreichen Breakout-Sessions und Keynotes, unter anderem zu den Themen \u201eSt\u00e4rkung von Unternehmen durch eine Biodiversit\u00e4tsstrategie\u201c und \u201eDie Rolle von Climate Design in Unternehmen\u201c, beleuchtete das Forum neue Perspektiven und L\u00f6sungsans\u00e4tze f\u00fcr nachhaltiges Wirtschaften.<\/p>\n<h3>Die Rolle von ESG-Daten in Gesch\u00e4ftsprozessen und Unternehmenskultur<\/h3>\n<p>In der Er\u00f6ffnungskeynote \u201eDatengetriebene Einblicke in die Chancen der nachhaltigen Wirtschaft\u201c beleuchteten Stefanie Egger, Mitglied der Gesch\u00e4ftsleitung der Crif AG, und Prof. Dr. Justus Julius Kunz von der Fachhochschule Nordwestschweiz die Zukunft der nachhaltigen Wirtschaft in der Schweiz. Zentrale Fragen waren dabei: Wohin bewegt sich die Schweizer Wirtschaft? Wo stehen wir heute? Wie r\u00fccken wir die Nachhaltigkeit aus der Ecke der reinen Pflichterf\u00fcllung?\u00a0<\/p>\n<p>Stefanie Egger wies auf die zentrale Rolle hin, die ESG-Daten f\u00fcr eine nachhaltige Unternehmensf\u00fchrung spielen. Die Crif AG bewertet Unternehmen auf dem Schweizer Markt anhand von Sekund\u00e4r- und Prim\u00e4rdaten, wobei die Synesgy-Plattform insbesondere die prim\u00e4ren ESG-Daten der Kunden bereitstellt. Dabei basieren Sekund\u00e4rdaten auf \u00f6ffentlich zug\u00e4nglichen Informationen und Branchendurchschnitten, w\u00e4hrend Prim\u00e4rdaten direkt von Gegenparteien oder Lieferanten erhoben werden. Sie f\u00fcgte an, dass das blosse Sammeln von ESG-Daten nicht gen\u00fcgt. Unternehmen m\u00fcssen sie gezielt in ihre Gesch\u00e4ftsprozesse integrieren, um von nachhaltigen Strategien zu profitieren. Regelm\u00e4ssige Zertifizierungen f\u00f6rdern zudem langfristige Verbesserungen, da sich die Unternehmen intensiv mit Nachhaltigkeitsfragen auseinandersetzen. Unternehmen mit guten ESG-Werten, wie z.B. einem geringeren CO\u2082-Ausstoss, profitieren oft auch von besseren finanziellen Konditionen, wie z.B. g\u00fcnstigeren Kreditzinsen.<\/p>\n<p>Nach Stefanie Eggers Vortrag legte Justus Julius Kunz den Fokus auf die Rolle der Unternehmenskultur bei der Umsetzung von Nachhaltigkeit. Er betonte, dass ESG-Nachhaltigkeit nicht nur in Gesch\u00e4ftsprozesse integriert, sondern in der Unternehmenskultur verankert werden m\u00fcssen, um langfristige Wettbewerbsvorteile zu sichern. Ein aktives CO\u2082-Management sei dabei zentral f\u00fcr den wirtschaftlichen ESG Erfolg. Benchmarks helfen, den eigenen Fortschritt zu messen und Verbesserungsm\u00f6glichkeiten zu erkennen. Entscheidend f\u00fcr eine nachhaltige Marktposition sei jedoch eine umfassende Transformation auf allen Unternehmensebenen mit aktiver Einbindung der Mitarbeitenden. Unternehmen, die diesen Ansatz verfolgen, profitieren nicht nur von Innovationskraft, sondern auch von einer st\u00e4rkeren Positionierung auf dem Arbeitsmarkt, da besonders die j\u00fcngere Generation Wert auf authentische Nachhaltigkeit legt.<\/p>\n<figure id=\"attachment_31279\" aria-describedby=\"caption-attachment-31279\" style=\"width: 680px\" class=\"wp-caption alignnone\"><img loading=\"lazy\" decoding=\"async\" class=\"size-full wp-image-31279\" src=\"https:\/\/www.organisator.ch\/wp-content\/uploads\/2024\/10\/Quo-vadis-nachhaltige-Wirtschaft-Zukunftsperspektiven-auf-dem-Forum-oe-2024-2_Organisator.jpg\" alt=\"\" width=\"680\" height=\"434\" srcset=\"https:\/\/www.organisator.ch\/wp-content\/uploads\/2024\/10\/Quo-vadis-nachhaltige-Wirtschaft-Zukunftsperspektiven-auf-dem-Forum-oe-2024-2_Organisator.jpg 680w, https:\/\/www.organisator.ch\/wp-content\/uploads\/2024\/10\/Quo-vadis-nachhaltige-Wirtschaft-Zukunftsperspektiven-auf-dem-Forum-oe-2024-2_Organisator-18x12.jpg 18w, https:\/\/www.organisator.ch\/wp-content\/uploads\/2024\/10\/Quo-vadis-nachhaltige-Wirtschaft-Zukunftsperspektiven-auf-dem-Forum-oe-2024-2_Organisator-375x239.jpg 375w, https:\/\/www.organisator.ch\/wp-content\/uploads\/2024\/10\/Quo-vadis-nachhaltige-Wirtschaft-Zukunftsperspektiven-auf-dem-Forum-oe-2024-2_Organisator-548x350.jpg 548w\" sizes=\"auto, (max-width: 680px) 100vw, 680px\" \/><figcaption id=\"caption-attachment-31279\" class=\"wp-caption-text\">Schlussdialog am Forum \u00f6 2024: Stefan Gara, Stephan Lienin und Matthew Gardner von Sustainserv (v.l.n.r.). (Bild: Thomas Berner)<\/figcaption><\/figure>\n<h3><strong>Nachhaltige Wertsch\u00f6pfung &#8211; eine globale Perspektive<\/strong><\/h3>\n<p>In der abschliessenden Keynote am Forum \u00f6 2024 diskutierten Dr. Stefan Gara, Senior Advisor bei Sustainserv und Abgeordneter des Wiener Landtags, und Dr. Matthew Gardner, Mitgr\u00fcnder und Managing Partner von Sustainserv, unter der Moderation von Dr. Stephan Lienin, ebenfalls Mitgr\u00fcnder und Managing Partner von Sustainserv, \u00fcber verschiedene Ans\u00e4tze und aktuelle Entwicklungen in den USA und der EU. Gardner kritisierte die zunehmende Politisierung von Nachhaltigkeitskonzepten in den USA, wo ESG oft als \u201ewoke\u201c bezeichnet wird \u2013 eine Haltung, die er als hinderlich f\u00fcr Risikomanagement und Wettbewerbsstrategien sieht. Gardner erkl\u00e4rte, dass ESG f\u00fcr Unternehmen eine strategische Notwendigkeit sei, um Risiken zu minimieren und Chancen zu maximieren, unabh\u00e4ngig von politischen Begriffen.<\/p>\n<p>Gara wies auf die Bedeutung der Planungssicherheit durch europ\u00e4ische Regulierungen wie den Green Deal hin, die auch Schweizer Unternehmen zur Anpassung an Nachhaltigkeitsstandards bewegen. \u00a0Die Diskussion verdeutlichte, dass f\u00fcr erfolgreiche nachhaltige Wertsch\u00f6pfung enge Kooperationen zwischen Unternehmen und lokalen Verwaltungen erforderlich sind, wie z. B. durch \u201eKlimab\u00fcndnisse\u201c der Stadt Wien. Diese f\u00f6rdern Partnerschaften, die zur Dekarbonisierung und Effizienzsteigerung beitragen. Beide Experten betonten, dass solche Kooperationen und eine klare Orientierung essenziell sind, um nachhaltige Wertsch\u00f6pfung langfristig zu sichern und Unternehmen wettbewerbsf\u00e4hig zu halten.<\/p>\n<p><em>Weitere Informationen: <a href=\"http:\/\/www.oebu.ch\">www.oebu.ch<\/a><\/em><\/p>\n<p>&nbsp;<\/p>\n<blockquote>\n<h2>Von Klimarisiken bis hin zu Kreislaufwirtschaft<\/h2>\n<p><strong>Einen gewichtigen Teil nehmen am Forum \u00f6 jeweils die Breakout-Sessions ein. Auch dieses Mal fanden wiederum f\u00fcnf solche Workshops statt, wo in Kleingruppen verschiedene Themen er\u00f6rtert wurden.<\/strong><\/p>\n<p>Es waren vier Themenkreise, mit denen sich die Breakout-Sessions am Forum \u00f6 2024 befassten: Biodiversit\u00e4t, Green Communication, Datenmanagement und Klimarisiken. Um Letzteres ging es gleich an zwei Workshops. Denn Klimarisiken m\u00fcssen wohl in Zukunft von allen Unternehmen immer mehr in Betracht gezogen werden, denn sie k\u00f6nnen sich mannigfaltig auswirken \u2013 wenn nicht direkt auf ein Unternehmen selbst, dann am ehesten auf die Lieferketten. Denn wenn Wetter-Grossereignisse ganze Landstriche betreffen, steht dort die Produktion f\u00fcr l\u00e4ngere Zeit still. In den Jahren 2015 bis 2023 befasste sich die Task Force on Climate-related Financial Disclosures (TFCD) mit solchen Fragen und informierte dar\u00fcber, was Unternehmen tun sollten, um die Risiken des Klimawandels zu mindern. Zudem sollten sie dies in klimabezogenen Finanzinformationen transparent machen. Auf Basis der Arbeiten dieser Task Force entstand das Konzept \u00abClimate Design\u00bb, das von Stephan Lienin, Dr. Stefan Gara und Dr. Matthew Garnder von Sustainserv GmbH erl\u00e4utert wurde. Climate Design ist ein innovationsorientierter Ansatz f\u00fcr Unternehmen, der sich darauf konzentriert, die Auswirkungen auf das Klima zu minimieren und gleichzeitig die Unternehmensleistung zu optimieren. Durch strategisches Management der intelligenten Nutzung aller Ressourcen &#8211; wie Energie, Materialien, Menschen und Partnerschaften &#8211; entlang der Wertsch\u00f6pfungskette geht das Konzept von Climate Design auf \u00f6kologische und soziale Herausforderungen ein, erh\u00f6ht die Widerstandsf\u00e4higkeit und bietet Wettbewerbsvorteile, indem es wirtschaftliche Ziele mit Klimaverantwortung in Einklang bringt.<\/p>\n<p>GS1 Switzerland hostete eine Breakout-Session zum Thema Kreislaufwirtschaft und wie Datenmanagement zu einem Treiber derselben werden kann. Die Organisation, die u.a. auch den bekannten Barcode (auch EAN-Code genannt) entwickelt und zu einem globalen Standard erhoben hat, propagiert auch f\u00fcr die Kreislaufwirtschaft einen digitalen Produktepass (DPP). \u00dcber diesen k\u00f6nnen wichtige Produktdaten \u00fcber den gesamten Lebenszyklus, aber auch f\u00fcr die Wiederverwendung eines Produkts, zur\u00fcckverfolgt oder auch erg\u00e4nzt werden. \u00abErst maschinenlesbare Daten machen eine funktionierende Kreislaufwirtschaft m\u00f6glich\u00bb, so Dominik Halbeisen, Solutions Expert bei GS1 Switzerland. Eine eindeutige Produkt-ID erlaubt die R\u00fcckverfolgbarkeit von G\u00fctern entlang der gesamten Wertsch\u00f6pfungskette und beinhaltet gleichsam die gesamte History eines Produkts. Die EU macht diesbez\u00fcglich vorw\u00e4rts: Bis Mitte 2027 sollen DPP f\u00fcr Textilien, Stahl oder Batterien implementiert werden. Weitere Bereiche d\u00fcrften \u2013 oder m\u00fcssen \u2013 folgen, denn im Prinzip ist jedes Produkt DPP-f\u00e0hig. In diesem Zusammenhang zeigten die GS1-Experten den Teilnehmenden auf, wie ein einfacher DPP selbst erstellt werden kann.<\/p>\n<\/blockquote>\n","protected":false},"excerpt":{"rendered":"<p>Zum 35. Mal versammelte der Verband \u00f6bu am 23. Oktober in Z\u00fcrich Fachleute aus Wirtschaft, Wissenschaft und Gesellschaft, um \u00fcber die Herausforderungen nachhaltigen Wirtschaftens zu diskutieren. <\/p>\n","protected":false},"author":80,"featured_media":31278,"comment_status":"closed","ping_status":"closed","sticky":false,"template":"","format":"standard","meta":{"_acf_changed":false,"_yoast_wpseo_focuskw":"Forum \u00f6 2024","_yoast_wpseo_metadesc":"Am 23. Oktober fand in Z\u00fcrich das Forum \u00f6 2024 statt. Fachleute diskutierten \u00fcber die Herausforderungen nachhaltigen Wirtschaftens.","articlekey":"","footnotes":""},"categories":[580],"tags":[829,1125,1227,358,1787,2576],"class_list":["post-31243","post","type-post","status-publish","format-standard","has-post-thumbnail","hentry","category-sustainability","tag-biodiversitaet","tag-esg","tag-forum-oe","tag-nachhaltige-wirtschaft","tag-nachhaltigkeit","tag-wirtschaft"],"acf":[],"yoast_head":"<!-- This site is optimized with the Yoast SEO plugin v27.5 - https:\/\/yoast.com\/product\/yoast-seo-wordpress\/ -->\n<title>\u201eQuo vadis nachhaltige Wirtschaft?\u201c \u2013 Zukunftsperspektiven auf dem Forum \u00f6 2024 - Organisator<\/title>\n<meta name=\"description\" content=\"Am 23. Oktober fand in Z\u00fcrich das Forum \u00f6 2024 statt. Fachleute diskutierten \u00fcber die Herausforderungen nachhaltigen Wirtschaftens.\" \/>\n<meta name=\"robots\" content=\"index, follow, max-snippet:-1, max-image-preview:large, max-video-preview:-1\" \/>\n<link rel=\"canonical\" href=\"https:\/\/www.organisator.ch\/de\/sustainability\/2024-10-28\/quo-vadis-nachhaltige-wirtschaft-zukunftsperspektiven-auf-dem-forum-oe-2024\/\" \/>\n<meta property=\"og:locale\" content=\"de_DE\" \/>\n<meta property=\"og:type\" content=\"article\" \/>\n<meta property=\"og:title\" content=\"\u201eQuo vadis nachhaltige Wirtschaft?\u201c \u2013 Zukunftsperspektiven auf dem Forum \u00d6 2024\" \/>\n<meta property=\"og:description\" content=\"Am 23. Oktober fand in Z\u00fcrich das Forum \u00f6 2024 statt. Fachleute diskutierten \u00fcber die Herausforderungen nachhaltigen Wirtschaftens.\" \/>\n<meta property=\"og:url\" content=\"https:\/\/www.organisator.ch\/de\/sustainability\/2024-10-28\/quo-vadis-nachhaltige-wirtschaft-zukunftsperspektiven-auf-dem-forum-oe-2024\/\" \/>\n<meta property=\"og:site_name\" content=\"Organisator\" \/>\n<meta property=\"article:publisher\" content=\"https:\/\/www.facebook.com\/OrganisatorFachmagazin\" \/>\n<meta property=\"article:published_time\" content=\"2024-10-28T11:01:09+00:00\" \/>\n<meta property=\"og:image\" content=\"https:\/\/www.organisator.ch\/wp-content\/uploads\/2024\/10\/Quo-vadis-nachhaltige-Wirtschaft-Zukunftsperspektiven-auf-dem-Forum-oe-2024-1_Organisator.jpg\" \/>\n\t<meta property=\"og:image:width\" content=\"680\" \/>\n\t<meta property=\"og:image:height\" content=\"471\" \/>\n\t<meta property=\"og:image:type\" content=\"image\/jpeg\" \/>\n<meta name=\"author\" content=\"Dzana Muminovic\" \/>\n<meta name=\"twitter:card\" content=\"summary_large_image\" \/>\n<meta name=\"twitter:title\" content=\"\u201eQuo vadis nachhaltige Wirtschaft?\u201c \u2013 Zukunftsperspektiven auf dem Forum \u00d6 2024\" \/>\n<meta name=\"twitter:description\" content=\"Am 23. Oktober fand in Z\u00fcrich das Forum \u00f6 2024 statt. Fachleute diskutierten \u00fcber die Herausforderungen nachhaltigen Wirtschaftens. #Nachhaltigkeit #\u00f6bu #ESG\" \/>\n<meta name=\"twitter:image\" content=\"https:\/\/www.organisator.ch\/wp-content\/uploads\/2024\/10\/Quo-vadis-nachhaltige-Wirtschaft-Zukunftsperspektiven-auf-dem-Forum-oe-2024-1_Organisator.jpg\" \/>\n<script type=\"application\/ld+json\" class=\"yoast-schema-graph\">{\"@context\":\"https:\\\/\\\/schema.org\",\"@graph\":[{\"@type\":\"Article\",\"@id\":\"https:\\\/\\\/www.organisator.ch\\\/sustainability\\\/2024-10-28\\\/quo-vadis-nachhaltige-wirtschaft-zukunftsperspektiven-auf-dem-forum-oe-2024\\\/#article\",\"isPartOf\":{\"@id\":\"https:\\\/\\\/www.organisator.ch\\\/sustainability\\\/2024-10-28\\\/quo-vadis-nachhaltige-wirtschaft-zukunftsperspektiven-auf-dem-forum-oe-2024\\\/\"},\"author\":{\"name\":\"Dzana Muminovic\",\"@id\":\"https:\\\/\\\/www.organisator.ch\\\/#\\\/schema\\\/person\\\/afccda3a71c06d4be2ed9100dd163db7\"},\"headline\":\"\u201eQuo vadis nachhaltige Wirtschaft?\u201c \u2013 Zukunftsperspektiven auf dem Forum \u00f6 2024\",\"datePublished\":\"2024-10-28T11:01:09+00:00\",\"mainEntityOfPage\":{\"@id\":\"https:\\\/\\\/www.organisator.ch\\\/sustainability\\\/2024-10-28\\\/quo-vadis-nachhaltige-wirtschaft-zukunftsperspektiven-auf-dem-forum-oe-2024\\\/\"},\"wordCount\":1191,\"publisher\":{\"@id\":\"https:\\\/\\\/www.organisator.ch\\\/#organization\"},\"image\":{\"@id\":\"https:\\\/\\\/www.organisator.ch\\\/sustainability\\\/2024-10-28\\\/quo-vadis-nachhaltige-wirtschaft-zukunftsperspektiven-auf-dem-forum-oe-2024\\\/#primaryimage\"},\"thumbnailUrl\":\"https:\\\/\\\/www.organisator.ch\\\/wp-content\\\/uploads\\\/2024\\\/10\\\/Quo-vadis-nachhaltige-Wirtschaft-Zukunftsperspektiven-auf-dem-Forum-oe-2024-1_Organisator.jpg\",\"keywords\":[\"Biodiversit\u00e4t\",\"ESG\",\"Forum \u00f6\",\"Nachhaltige Wirtschaft\",\"Nachhaltigkeit\",\"Wirtschaft\"],\"articleSection\":[\"SUSTAINABILITY\"],\"inLanguage\":\"de\"},{\"@type\":\"WebPage\",\"@id\":\"https:\\\/\\\/www.organisator.ch\\\/sustainability\\\/2024-10-28\\\/quo-vadis-nachhaltige-wirtschaft-zukunftsperspektiven-auf-dem-forum-oe-2024\\\/\",\"url\":\"https:\\\/\\\/www.organisator.ch\\\/sustainability\\\/2024-10-28\\\/quo-vadis-nachhaltige-wirtschaft-zukunftsperspektiven-auf-dem-forum-oe-2024\\\/\",\"name\":\"\u201eQuo vadis nachhaltige Wirtschaft?\u201c \u2013 Zukunftsperspektiven auf dem Forum \u00f6 2024 - Organisator\",\"isPartOf\":{\"@id\":\"https:\\\/\\\/www.organisator.ch\\\/#website\"},\"primaryImageOfPage\":{\"@id\":\"https:\\\/\\\/www.organisator.ch\\\/sustainability\\\/2024-10-28\\\/quo-vadis-nachhaltige-wirtschaft-zukunftsperspektiven-auf-dem-forum-oe-2024\\\/#primaryimage\"},\"image\":{\"@id\":\"https:\\\/\\\/www.organisator.ch\\\/sustainability\\\/2024-10-28\\\/quo-vadis-nachhaltige-wirtschaft-zukunftsperspektiven-auf-dem-forum-oe-2024\\\/#primaryimage\"},\"thumbnailUrl\":\"https:\\\/\\\/www.organisator.ch\\\/wp-content\\\/uploads\\\/2024\\\/10\\\/Quo-vadis-nachhaltige-Wirtschaft-Zukunftsperspektiven-auf-dem-Forum-oe-2024-1_Organisator.jpg\",\"datePublished\":\"2024-10-28T11:01:09+00:00\",\"description\":\"Am 23. Oktober fand in Z\u00fcrich das Forum \u00f6 2024 statt. Fachleute diskutierten \u00fcber die Herausforderungen nachhaltigen Wirtschaftens.\",\"breadcrumb\":{\"@id\":\"https:\\\/\\\/www.organisator.ch\\\/sustainability\\\/2024-10-28\\\/quo-vadis-nachhaltige-wirtschaft-zukunftsperspektiven-auf-dem-forum-oe-2024\\\/#breadcrumb\"},\"inLanguage\":\"de\",\"potentialAction\":[{\"@type\":\"ReadAction\",\"target\":[\"https:\\\/\\\/www.organisator.ch\\\/sustainability\\\/2024-10-28\\\/quo-vadis-nachhaltige-wirtschaft-zukunftsperspektiven-auf-dem-forum-oe-2024\\\/\"]}]},{\"@type\":\"ImageObject\",\"inLanguage\":\"de\",\"@id\":\"https:\\\/\\\/www.organisator.ch\\\/sustainability\\\/2024-10-28\\\/quo-vadis-nachhaltige-wirtschaft-zukunftsperspektiven-auf-dem-forum-oe-2024\\\/#primaryimage\",\"url\":\"https:\\\/\\\/www.organisator.ch\\\/wp-content\\\/uploads\\\/2024\\\/10\\\/Quo-vadis-nachhaltige-Wirtschaft-Zukunftsperspektiven-auf-dem-Forum-oe-2024-1_Organisator.jpg\",\"contentUrl\":\"https:\\\/\\\/www.organisator.ch\\\/wp-content\\\/uploads\\\/2024\\\/10\\\/Quo-vadis-nachhaltige-Wirtschaft-Zukunftsperspektiven-auf-dem-Forum-oe-2024-1_Organisator.jpg\",\"width\":680,\"height\":471,\"caption\":\"Olmar Albers, \u00f6bu-Gesch\u00e4ftsf\u00fchrer, im Gespr\u00e4ch mit Stefanie Egger und Justus Kunz. (Bild: Thomas Berner)\"},{\"@type\":\"BreadcrumbList\",\"@id\":\"https:\\\/\\\/www.organisator.ch\\\/sustainability\\\/2024-10-28\\\/quo-vadis-nachhaltige-wirtschaft-zukunftsperspektiven-auf-dem-forum-oe-2024\\\/#breadcrumb\",\"itemListElement\":[{\"@type\":\"ListItem\",\"position\":1,\"name\":\"Home\",\"item\":\"https:\\\/\\\/www.organisator.ch\\\/\"},{\"@type\":\"ListItem\",\"position\":2,\"name\":\"\u201eQuo vadis nachhaltige Wirtschaft?\u201c \u2013 Zukunftsperspektiven auf dem Forum \u00f6 2024\"}]},{\"@type\":\"WebSite\",\"@id\":\"https:\\\/\\\/www.organisator.ch\\\/#website\",\"url\":\"https:\\\/\\\/www.organisator.ch\\\/\",\"name\":\"Organisator\",\"description\":\"Kompetent. Praxisnah. Der ORGANISATOR bereitet in 10 Ausgaben pro Jahr die wesentlichen Themen f\u00fcr F\u00fchrungskr\u00e4fte von KMU auf.\",\"publisher\":{\"@id\":\"https:\\\/\\\/www.organisator.ch\\\/#organization\"},\"potentialAction\":[{\"@type\":\"SearchAction\",\"target\":{\"@type\":\"EntryPoint\",\"urlTemplate\":\"https:\\\/\\\/www.organisator.ch\\\/?s={search_term_string}\"},\"query-input\":{\"@type\":\"PropertyValueSpecification\",\"valueRequired\":true,\"valueName\":\"search_term_string\"}}],\"inLanguage\":\"de\"},{\"@type\":\"Organization\",\"@id\":\"https:\\\/\\\/www.organisator.ch\\\/#organization\",\"name\":\"Organisator\",\"url\":\"https:\\\/\\\/www.organisator.ch\\\/\",\"logo\":{\"@type\":\"ImageObject\",\"inLanguage\":\"de\",\"@id\":\"https:\\\/\\\/www.organisator.ch\\\/#\\\/schema\\\/logo\\\/image\\\/\",\"url\":\"https:\\\/\\\/www.organisator.ch\\\/wp-content\\\/uploads\\\/2022\\\/01\\\/Logo_Organisator_Website.png\",\"contentUrl\":\"https:\\\/\\\/www.organisator.ch\\\/wp-content\\\/uploads\\\/2022\\\/01\\\/Logo_Organisator_Website.png\",\"width\":800,\"height\":77,\"caption\":\"Organisator\"},\"image\":{\"@id\":\"https:\\\/\\\/www.organisator.ch\\\/#\\\/schema\\\/logo\\\/image\\\/\"},\"sameAs\":[\"https:\\\/\\\/www.facebook.com\\\/OrganisatorFachmagazin\",\"https:\\\/\\\/www.linkedin.com\\\/showcase\\\/organisator-das-magazin-fr-kmu\",\"https:\\\/\\\/www.xing.com\\\/news\\\/pages\\\/organisator-ch-695\",\"https:\\\/\\\/www.youtube.com\\\/channel\\\/UCGP2Sq0iWaZwT3BdIAQFYpw\"]},{\"@type\":\"Person\",\"@id\":\"https:\\\/\\\/www.organisator.ch\\\/#\\\/schema\\\/person\\\/afccda3a71c06d4be2ed9100dd163db7\",\"name\":\"Dzana Muminovic\",\"image\":{\"@type\":\"ImageObject\",\"inLanguage\":\"de\",\"@id\":\"https:\\\/\\\/secure.gravatar.com\\\/avatar\\\/909c5c71aff4b38e88686f2ab2f1ba152571f394f41ed8bae431ea56ced93050?s=96&d=mm&r=g\",\"url\":\"https:\\\/\\\/secure.gravatar.com\\\/avatar\\\/909c5c71aff4b38e88686f2ab2f1ba152571f394f41ed8bae431ea56ced93050?s=96&d=mm&r=g\",\"contentUrl\":\"https:\\\/\\\/secure.gravatar.com\\\/avatar\\\/909c5c71aff4b38e88686f2ab2f1ba152571f394f41ed8bae431ea56ced93050?s=96&d=mm&r=g\",\"caption\":\"Dzana Muminovic\"},\"url\":\"https:\\\/\\\/www.organisator.ch\\\/de\\\/author\\\/dzana-muminovic\\\/\"}]}<\/script>\n<!-- \/ Yoast SEO plugin. -->","yoast_head_json":{"title":"\u201eQuo vadis nachhaltige Wirtschaft?\u201c \u2013 Zukunftsperspektiven auf dem Forum \u00f6 2024 - Organisator","description":"Am 23. Oktober fand in Z\u00fcrich das Forum \u00f6 2024 statt. Fachleute diskutierten \u00fcber die Herausforderungen nachhaltigen Wirtschaftens.","robots":{"index":"index","follow":"follow","max-snippet":"max-snippet:-1","max-image-preview":"max-image-preview:large","max-video-preview":"max-video-preview:-1"},"canonical":"https:\/\/www.organisator.ch\/de\/sustainability\/2024-10-28\/quo-vadis-nachhaltige-wirtschaft-zukunftsperspektiven-auf-dem-forum-oe-2024\/","og_locale":"de_DE","og_type":"article","og_title":"\u201eQuo vadis nachhaltige Wirtschaft?\u201c \u2013 Zukunftsperspektiven auf dem Forum \u00d6 2024","og_description":"Am 23. Oktober fand in Z\u00fcrich das Forum \u00f6 2024 statt. Fachleute diskutierten \u00fcber die Herausforderungen nachhaltigen Wirtschaftens.","og_url":"https:\/\/www.organisator.ch\/de\/sustainability\/2024-10-28\/quo-vadis-nachhaltige-wirtschaft-zukunftsperspektiven-auf-dem-forum-oe-2024\/","og_site_name":"Organisator","article_publisher":"https:\/\/www.facebook.com\/OrganisatorFachmagazin","article_published_time":"2024-10-28T11:01:09+00:00","og_image":[{"width":680,"height":471,"url":"https:\/\/www.organisator.ch\/wp-content\/uploads\/2024\/10\/Quo-vadis-nachhaltige-Wirtschaft-Zukunftsperspektiven-auf-dem-Forum-oe-2024-1_Organisator.jpg","type":"image\/jpeg"}],"author":"Dzana Muminovic","twitter_card":"summary_large_image","twitter_title":"\u201eQuo vadis nachhaltige Wirtschaft?\u201c \u2013 Zukunftsperspektiven auf dem Forum \u00d6 2024","twitter_description":"Am 23. Oktober fand in Z\u00fcrich das Forum \u00f6 2024 statt. Fachleute diskutierten \u00fcber die Herausforderungen nachhaltigen Wirtschaftens. #Nachhaltigkeit #\u00f6bu #ESG","twitter_image":"https:\/\/www.organisator.ch\/wp-content\/uploads\/2024\/10\/Quo-vadis-nachhaltige-Wirtschaft-Zukunftsperspektiven-auf-dem-Forum-oe-2024-1_Organisator.jpg","schema":{"@context":"https:\/\/schema.org","@graph":[{"@type":"Article","@id":"https:\/\/www.organisator.ch\/sustainability\/2024-10-28\/quo-vadis-nachhaltige-wirtschaft-zukunftsperspektiven-auf-dem-forum-oe-2024\/#article","isPartOf":{"@id":"https:\/\/www.organisator.ch\/sustainability\/2024-10-28\/quo-vadis-nachhaltige-wirtschaft-zukunftsperspektiven-auf-dem-forum-oe-2024\/"},"author":{"name":"Dzana Muminovic","@id":"https:\/\/www.organisator.ch\/#\/schema\/person\/afccda3a71c06d4be2ed9100dd163db7"},"headline":"\u201eQuo vadis nachhaltige Wirtschaft?\u201c \u2013 Zukunftsperspektiven auf dem Forum \u00f6 2024","datePublished":"2024-10-28T11:01:09+00:00","mainEntityOfPage":{"@id":"https:\/\/www.organisator.ch\/sustainability\/2024-10-28\/quo-vadis-nachhaltige-wirtschaft-zukunftsperspektiven-auf-dem-forum-oe-2024\/"},"wordCount":1191,"publisher":{"@id":"https:\/\/www.organisator.ch\/#organization"},"image":{"@id":"https:\/\/www.organisator.ch\/sustainability\/2024-10-28\/quo-vadis-nachhaltige-wirtschaft-zukunftsperspektiven-auf-dem-forum-oe-2024\/#primaryimage"},"thumbnailUrl":"https:\/\/www.organisator.ch\/wp-content\/uploads\/2024\/10\/Quo-vadis-nachhaltige-Wirtschaft-Zukunftsperspektiven-auf-dem-Forum-oe-2024-1_Organisator.jpg","keywords":["Biodiversit\u00e4t","ESG","Forum \u00f6","Nachhaltige Wirtschaft","Nachhaltigkeit","Wirtschaft"],"articleSection":["SUSTAINABILITY"],"inLanguage":"de"},{"@type":"WebPage","@id":"https:\/\/www.organisator.ch\/sustainability\/2024-10-28\/quo-vadis-nachhaltige-wirtschaft-zukunftsperspektiven-auf-dem-forum-oe-2024\/","url":"https:\/\/www.organisator.ch\/sustainability\/2024-10-28\/quo-vadis-nachhaltige-wirtschaft-zukunftsperspektiven-auf-dem-forum-oe-2024\/","name":"\u201eQuo vadis nachhaltige Wirtschaft?\u201c \u2013 Zukunftsperspektiven auf dem Forum \u00f6 2024 - Organisator","isPartOf":{"@id":"https:\/\/www.organisator.ch\/#website"},"primaryImageOfPage":{"@id":"https:\/\/www.organisator.ch\/sustainability\/2024-10-28\/quo-vadis-nachhaltige-wirtschaft-zukunftsperspektiven-auf-dem-forum-oe-2024\/#primaryimage"},"image":{"@id":"https:\/\/www.organisator.ch\/sustainability\/2024-10-28\/quo-vadis-nachhaltige-wirtschaft-zukunftsperspektiven-auf-dem-forum-oe-2024\/#primaryimage"},"thumbnailUrl":"https:\/\/www.organisator.ch\/wp-content\/uploads\/2024\/10\/Quo-vadis-nachhaltige-Wirtschaft-Zukunftsperspektiven-auf-dem-Forum-oe-2024-1_Organisator.jpg","datePublished":"2024-10-28T11:01:09+00:00","description":"Am 23. Oktober fand in Z\u00fcrich das Forum \u00f6 2024 statt. Fachleute diskutierten \u00fcber die Herausforderungen nachhaltigen Wirtschaftens.","breadcrumb":{"@id":"https:\/\/www.organisator.ch\/sustainability\/2024-10-28\/quo-vadis-nachhaltige-wirtschaft-zukunftsperspektiven-auf-dem-forum-oe-2024\/#breadcrumb"},"inLanguage":"de","potentialAction":[{"@type":"ReadAction","target":["https:\/\/www.organisator.ch\/sustainability\/2024-10-28\/quo-vadis-nachhaltige-wirtschaft-zukunftsperspektiven-auf-dem-forum-oe-2024\/"]}]},{"@type":"ImageObject","inLanguage":"de","@id":"https:\/\/www.organisator.ch\/sustainability\/2024-10-28\/quo-vadis-nachhaltige-wirtschaft-zukunftsperspektiven-auf-dem-forum-oe-2024\/#primaryimage","url":"https:\/\/www.organisator.ch\/wp-content\/uploads\/2024\/10\/Quo-vadis-nachhaltige-Wirtschaft-Zukunftsperspektiven-auf-dem-Forum-oe-2024-1_Organisator.jpg","contentUrl":"https:\/\/www.organisator.ch\/wp-content\/uploads\/2024\/10\/Quo-vadis-nachhaltige-Wirtschaft-Zukunftsperspektiven-auf-dem-Forum-oe-2024-1_Organisator.jpg","width":680,"height":471,"caption":"Olmar Albers, \u00f6bu-Gesch\u00e4ftsf\u00fchrer, im Gespr\u00e4ch mit Stefanie Egger und Justus Kunz. (Bild: Thomas Berner)"},{"@type":"BreadcrumbList","@id":"https:\/\/www.organisator.ch\/sustainability\/2024-10-28\/quo-vadis-nachhaltige-wirtschaft-zukunftsperspektiven-auf-dem-forum-oe-2024\/#breadcrumb","itemListElement":[{"@type":"ListItem","position":1,"name":"Home","item":"https:\/\/www.organisator.ch\/"},{"@type":"ListItem","position":2,"name":"\u201eQuo vadis nachhaltige Wirtschaft?\u201c \u2013 Zukunftsperspektiven auf dem Forum \u00f6 2024"}]},{"@type":"WebSite","@id":"https:\/\/www.organisator.ch\/#website","url":"https:\/\/www.organisator.ch\/","name":"Organisator","description":"Kompetent. Praxisnah. Der ORGANISATOR bereitet in 10 Ausgaben pro Jahr die wesentlichen Themen f\u00fcr F\u00fchrungskr\u00e4fte von KMU auf.","publisher":{"@id":"https:\/\/www.organisator.ch\/#organization"},"potentialAction":[{"@type":"SearchAction","target":{"@type":"EntryPoint","urlTemplate":"https:\/\/www.organisator.ch\/?s={search_term_string}"},"query-input":{"@type":"PropertyValueSpecification","valueRequired":true,"valueName":"search_term_string"}}],"inLanguage":"de"},{"@type":"Organization","@id":"https:\/\/www.organisator.ch\/#organization","name":"Organisator","url":"https:\/\/www.organisator.ch\/","logo":{"@type":"ImageObject","inLanguage":"de","@id":"https:\/\/www.organisator.ch\/#\/schema\/logo\/image\/","url":"https:\/\/www.organisator.ch\/wp-content\/uploads\/2022\/01\/Logo_Organisator_Website.png","contentUrl":"https:\/\/www.organisator.ch\/wp-content\/uploads\/2022\/01\/Logo_Organisator_Website.png","width":800,"height":77,"caption":"Organisator"},"image":{"@id":"https:\/\/www.organisator.ch\/#\/schema\/logo\/image\/"},"sameAs":["https:\/\/www.facebook.com\/OrganisatorFachmagazin","https:\/\/www.linkedin.com\/showcase\/organisator-das-magazin-fr-kmu","https:\/\/www.xing.com\/news\/pages\/organisator-ch-695","https:\/\/www.youtube.com\/channel\/UCGP2Sq0iWaZwT3BdIAQFYpw"]},{"@type":"Person","@id":"https:\/\/www.organisator.ch\/#\/schema\/person\/afccda3a71c06d4be2ed9100dd163db7","name":"Dzana Muminovic","image":{"@type":"ImageObject","inLanguage":"de","@id":"https:\/\/secure.gravatar.com\/avatar\/909c5c71aff4b38e88686f2ab2f1ba152571f394f41ed8bae431ea56ced93050?s=96&d=mm&r=g","url":"https:\/\/secure.gravatar.com\/avatar\/909c5c71aff4b38e88686f2ab2f1ba152571f394f41ed8bae431ea56ced93050?s=96&d=mm&r=g","contentUrl":"https:\/\/secure.gravatar.com\/avatar\/909c5c71aff4b38e88686f2ab2f1ba152571f394f41ed8bae431ea56ced93050?s=96&d=mm&r=g","caption":"Dzana Muminovic"},"url":"https:\/\/www.organisator.ch\/de\/author\/dzana-muminovic\/"}]}},"_links":{"self":[{"href":"https:\/\/www.organisator.ch\/de\/wp-json\/wp\/v2\/posts\/31243","targetHints":{"allow":["GET"]}}],"collection":[{"href":"https:\/\/www.organisator.ch\/de\/wp-json\/wp\/v2\/posts"}],"about":[{"href":"https:\/\/www.organisator.ch\/de\/wp-json\/wp\/v2\/types\/post"}],"author":[{"embeddable":true,"href":"https:\/\/www.organisator.ch\/de\/wp-json\/wp\/v2\/users\/80"}],"replies":[{"embeddable":true,"href":"https:\/\/www.organisator.ch\/de\/wp-json\/wp\/v2\/comments?post=31243"}],"version-history":[{"count":6,"href":"https:\/\/www.organisator.ch\/de\/wp-json\/wp\/v2\/posts\/31243\/revisions"}],"predecessor-version":[{"id":31314,"href":"https:\/\/www.organisator.ch\/de\/wp-json\/wp\/v2\/posts\/31243\/revisions\/31314"}],"wp:featuredmedia":[{"embeddable":true,"href":"https:\/\/www.organisator.ch\/de\/wp-json\/wp\/v2\/media\/31278"}],"wp:attachment":[{"href":"https:\/\/www.organisator.ch\/de\/wp-json\/wp\/v2\/media?parent=31243"}],"wp:term":[{"taxonomy":"category","embeddable":true,"href":"https:\/\/www.organisator.ch\/de\/wp-json\/wp\/v2\/categories?post=31243"},{"taxonomy":"post_tag","embeddable":true,"href":"https:\/\/www.organisator.ch\/de\/wp-json\/wp\/v2\/tags?post=31243"}],"curies":[{"name":"wp","href":"https:\/\/api.w.org\/{rel}","templated":true}]}}