{"id":3128,"date":"2018-02-08T07:56:05","date_gmt":"2018-02-08T06:56:05","guid":{"rendered":"https:\/\/www.organisator.ch\/?p=3128"},"modified":"2018-02-08T07:56:05","modified_gmt":"2018-02-08T06:56:05","slug":"industriegaseverband-schweiz-igs-gibt-mit-neuem-praesidenten-vollgas","status":"publish","type":"post","link":"https:\/\/www.organisator.ch\/de\/allgemein\/2018-02-08\/industriegaseverband-schweiz-igs-gibt-mit-neuem-praesidenten-vollgas\/","title":{"rendered":"Industriegaseverband Schweiz IGS gibt mit neuem Pr\u00e4sidenten &#8222;Vollgas&#8220;"},"content":{"rendered":"<figure id=\"attachment_3129\" aria-describedby=\"caption-attachment-3129\" style=\"width: 629px\" class=\"wp-caption alignnone\"><img loading=\"lazy\" decoding=\"async\" class=\"size-full wp-image-3129\" src=\"https:\/\/www.organisator.ch\/wp-content\/uploads\/2018\/02\/Industriegaseverband-Schweiz-IGS-gibt-mit-neuem-Praesidenten-Vollgas_Organisator.jpg\" alt=\"\" width=\"629\" height=\"480\" srcset=\"https:\/\/www.organisator.ch\/wp-content\/uploads\/2018\/02\/Industriegaseverband-Schweiz-IGS-gibt-mit-neuem-Praesidenten-Vollgas_Organisator.jpg 629w, https:\/\/www.organisator.ch\/wp-content\/uploads\/2018\/02\/Industriegaseverband-Schweiz-IGS-gibt-mit-neuem-Praesidenten-Vollgas_Organisator-16x12.jpg 16w, https:\/\/www.organisator.ch\/wp-content\/uploads\/2018\/02\/Industriegaseverband-Schweiz-IGS-gibt-mit-neuem-Praesidenten-Vollgas_Organisator-229x175.jpg 229w, https:\/\/www.organisator.ch\/wp-content\/uploads\/2018\/02\/Industriegaseverband-Schweiz-IGS-gibt-mit-neuem-Praesidenten-Vollgas_Organisator-459x350.jpg 459w, https:\/\/www.organisator.ch\/wp-content\/uploads\/2018\/02\/Industriegaseverband-Schweiz-IGS-gibt-mit-neuem-Praesidenten-Vollgas_Organisator-300x229.jpg 300w\" sizes=\"auto, (max-width: 629px) 100vw, 629px\" \/><figcaption id=\"caption-attachment-3129\" class=\"wp-caption-text\">Der Industriegaseverband Schweiz IGS hat mit Dr. Hans Michael Kellner einen neuen Pr\u00e4sidenten. (Bild: zVg)<\/figcaption><\/figure>\n<p><span style=\"font-size: medium;\">Der Industriegaseverband Schweiz IGS\u00a0hat Dr. Ing. Hans Michael Kellner zum neuen Pr\u00e4sidenten gew\u00e4hlt. Hans Michael Kellner ist Gesch\u00e4ftsf\u00fchrer von <a href=\"http:\/\/www.messer.ch\">Messer Schweiz AG <\/a>mit Sitz in Lenzburg, einem der f\u00fchrenden Lieferanten und Hersteller von Industriegasen.\u00a0<\/span><\/p>\n<h2>Industriegaseverband Schweiz betont die Wichtigkeit von Gasen<\/h2>\n<p><span style=\"font-size: medium;\">Die Hauptziele des Verbands f\u00fcr 2018 sind die Gew\u00e4hrleistung h\u00f6chster Sicherheitsstandards und ein einheitliches Auftreten gegen\u00fcber den Beh\u00f6rden und allen Gasanwendern. \u201eDie Standardisierung macht die Abl\u00e4ufe in unserer hoch regulierten Industrie einfacher und \u00fcbersichtlicher. Zudem werden Gase, unserer Meinung nach, viel zu wenig beachtet, zumal die Schweiz komplett still stehen w\u00fcrde, w\u00e4ren keine Gase verf\u00fcgbar&#8220;, so Dr. Kellner weiter. <\/span><\/p>\n<p>Der in der \u00d6ffentlichkeit wenig bekannte Industriegaseverband Schweiz IGS verbindet alle Industriegase-Unternehmen in der Schweiz, die gemeinsam einen j\u00e4hrlichen Umsatz von ca. CHF 450 Mio. generieren. \u201eF\u00fcr den IGS arbeiten hochqualifizierte Mitarbeiter aus allen f\u00fchrenden Gaseunternehmen der Schweiz. KMU, Spit\u00e4ler und Privatpersonen profitieren gleichermassen von der geballten Expertise zu Themen wie Sicherheit im Umgang mit Gasen&#8220;, so der neue Pr\u00e4sident Dr. Hans Michael Kellner.<\/p>\n<h2>Untersch\u00e4tzte Bedeutung des Verbands<\/h2>\n<p>Der professionelle Umgang mit Gasen ist \u00fcberlebenswichtig, was vielen Menschen bisher nicht bewusst ist. Zu den Hauptaufgaben des Verbands geh\u00f6ren:<\/p>\n<ul>\n<li><span style=\"font-size: medium;\">Beratung im Bereich Sicherheit im Umgang mit Gas f\u00fcr Mitglieder und Nichtmitglieder (Lagerung, Umgang, Transport, usw.) <\/span><\/li>\n<li><span style=\"font-size: medium;\">F\u00f6rderung von Ausbildung und Schulungen <\/span><\/li>\n<li><span style=\"font-size: medium;\">Informationsaustausch und Zusammenarbeit in sicherheitstechnischen Belangen, auch mit Beh\u00f6rden und Amtsstellen <\/span><\/li>\n<li><span style=\"font-size: medium;\">Mitarbeit in schweizerischen und internationalen Gremien, in welche Gesetzesnor-men, Richtlinien und sonstige Regelungen erarbeitet bzw. umgesetzt werden <\/span><\/li>\n<li><span style=\"font-size: medium;\">Erarbeitung von Empfehlungen f\u00fcr Mitglieder und Dritte <\/span><\/li>\n<\/ul>\n<h2>Keine gesprengten Balkons mehr<\/h2>\n<p>2018 erstellt der Verband eine neue Website, auf der die zahlreichen Anwendungen von Gasen und deren Umgang der breiten \u00d6ffentlichkeit pr\u00e4sentiert werden. \u201eWir wollen z.B. sicherstellen, dass Privatanwender bei ihren Grillpartys mit Gasflaschen korrekt umgehen und wir in Zukunft keine Nachrichten von gesprengten Balkons lesen m\u00fcssen&#8220;, so Kellner weiter. Gase sind absolut sicher, wenn man sich an wenige einfache Regeln h\u00e4lt.<\/p>\n<p><em>Weitere Informationen: Industriegaseverband Schweiz IGS, Bahnhofstrasse 37, 8032 Z\u00fcrich, Telefon +41 (0)44 225 15 25<\/em><\/p>\n<p>&nbsp;<\/p>\n","protected":false},"excerpt":{"rendered":"<p>Der Industriegaseverband Schweiz IGS\u00a0hat Dr. Ing. Hans Michael Kellner zum neuen Pr\u00e4sidenten gew\u00e4hlt. Hans Michael Kellner ist Gesch\u00e4ftsf\u00fchrer von Messer Schweiz AG mit Sitz in Lenzburg, einem der f\u00fchrenden Lieferanten und Hersteller von Industriegasen.\u00a0 Industriegaseverband Schweiz betont die Wichtigkeit von Gasen Die Hauptziele des Verbands f\u00fcr 2018 sind die Gew\u00e4hrleistung h\u00f6chster Sicherheitsstandards und ein einheitliches [&hellip;]<\/p>\n","protected":false},"author":4,"featured_media":3129,"comment_status":"open","ping_status":"open","sticky":false,"template":"","format":"standard","meta":{"_acf_changed":false,"_yoast_wpseo_focuskw":"Industriegaseverband","_yoast_wpseo_metadesc":"Dr. Ing. Hans Michael Kellner ist neu gew\u00e4hlter Pr\u00e4sident des Industriegaseverbands Schweiz IGS mit Sitz in Z\u00fcrich. Am 10. Januar 2018 wurde er einstimmig f\u00fcr die Amtsdauer von vier Jahren gew\u00e4hlt.","articlekey":"","footnotes":""},"categories":[1],"tags":[275,381,492,503],"class_list":["post-3128","post","type-post","status-publish","format-standard","has-post-thumbnail","hentry","category-allgemein","tag-institutionen","tag-personalia","tag-unternehmen","tag-verbaende"],"acf":[],"yoast_head":"<!-- This site is optimized with the Yoast SEO plugin v27.5 - https:\/\/yoast.com\/product\/yoast-seo-wordpress\/ -->\n<title>Industriegaseverband Schweiz IGS gibt mit neuem Pr\u00e4sidenten &quot;Vollgas&quot; - Organisator<\/title>\n<meta name=\"description\" content=\"Dr. Ing. Hans Michael Kellner ist neu gew\u00e4hlter Pr\u00e4sident des Industriegaseverbands Schweiz IGS mit Sitz in Z\u00fcrich. Am 10. Januar 2018 wurde er einstimmig f\u00fcr die Amtsdauer von vier Jahren gew\u00e4hlt.\" \/>\n<meta name=\"robots\" content=\"index, follow, max-snippet:-1, max-image-preview:large, max-video-preview:-1\" \/>\n<link rel=\"canonical\" href=\"https:\/\/www.organisator.ch\/de\/allgemein\/2018-02-08\/industriegaseverband-schweiz-igs-gibt-mit-neuem-praesidenten-vollgas\/\" \/>\n<meta property=\"og:locale\" content=\"de_DE\" \/>\n<meta property=\"og:type\" content=\"article\" \/>\n<meta property=\"og:title\" content=\"Industriegaseverband Schweiz IGS gibt mit neuem Pr\u00e4sidenten &quot;Vollgas&quot;\" \/>\n<meta property=\"og:description\" content=\"Dr. Ing. Hans Michael Kellner ist neu gew\u00e4hlter Pr\u00e4sident des #Industriegaseverbands Schweiz #IGS mit Sitz in Z\u00fcrich. Am 10. Januar 2018 wurde er einstimmig f\u00fcr die Amtsdauer von vier Jahren gew\u00e4hlt.\" \/>\n<meta property=\"og:url\" content=\"https:\/\/www.organisator.ch\/de\/allgemein\/2018-02-08\/industriegaseverband-schweiz-igs-gibt-mit-neuem-praesidenten-vollgas\/\" \/>\n<meta property=\"og:site_name\" content=\"Organisator\" \/>\n<meta property=\"article:publisher\" content=\"https:\/\/www.facebook.com\/OrganisatorFachmagazin\" \/>\n<meta property=\"article:published_time\" content=\"2018-02-08T06:56:05+00:00\" \/>\n<meta property=\"og:image\" content=\"https:\/\/www.organisator.ch\/wp-content\/uploads\/2018\/02\/Industriegaseverband-Schweiz-IGS-gibt-mit-neuem-Praesidenten-Vollgas_Organisator.jpg\" \/>\n\t<meta property=\"og:image:width\" content=\"629\" \/>\n\t<meta property=\"og:image:height\" content=\"480\" \/>\n\t<meta property=\"og:image:type\" content=\"image\/jpeg\" \/>\n<meta name=\"author\" content=\"thomas.berner\" \/>\n<meta name=\"twitter:card\" content=\"summary_large_image\" \/>\n<meta name=\"twitter:title\" content=\"#Industriegaseverband Schweiz #IGS gibt mit neuem Pr\u00e4sidenten &quot;Vollgas&quot;\" \/>\n<meta name=\"twitter:description\" content=\"Dr. Ing. Hans Michael Kellner ist neu gew\u00e4hlter Pr\u00e4sident des #Industriegaseverbands Schweiz #IGS mit Sitz in Z\u00fcrich. Am 10. Januar 2018 wurde er einstimmig f\u00fcr die Amtsdauer von vier Jahren gew\u00e4hlt.\" \/>\n<meta name=\"twitter:image\" content=\"https:\/\/www.organisator.ch\/wp-content\/uploads\/2018\/02\/Industriegaseverband-Schweiz-IGS-gibt-mit-neuem-Pr\u00e4sidenten-Vollgas_Organisator.jpg\" \/>\n<script type=\"application\/ld+json\" class=\"yoast-schema-graph\">{\"@context\":\"https:\\\/\\\/schema.org\",\"@graph\":[{\"@type\":\"Article\",\"@id\":\"https:\\\/\\\/www.organisator.ch\\\/de\\\/allgemein\\\/2018-02-08\\\/industriegaseverband-schweiz-igs-gibt-mit-neuem-praesidenten-vollgas\\\/#article\",\"isPartOf\":{\"@id\":\"https:\\\/\\\/www.organisator.ch\\\/de\\\/allgemein\\\/2018-02-08\\\/industriegaseverband-schweiz-igs-gibt-mit-neuem-praesidenten-vollgas\\\/\"},\"author\":{\"name\":\"thomas.berner\",\"@id\":\"https:\\\/\\\/www.organisator.ch\\\/#\\\/schema\\\/person\\\/6f650f90b2842cd4c0cc334b4e36f67e\"},\"headline\":\"Industriegaseverband Schweiz IGS gibt mit neuem Pr\u00e4sidenten &#8222;Vollgas&#8220;\",\"datePublished\":\"2018-02-08T06:56:05+00:00\",\"mainEntityOfPage\":{\"@id\":\"https:\\\/\\\/www.organisator.ch\\\/de\\\/allgemein\\\/2018-02-08\\\/industriegaseverband-schweiz-igs-gibt-mit-neuem-praesidenten-vollgas\\\/\"},\"wordCount\":378,\"commentCount\":0,\"publisher\":{\"@id\":\"https:\\\/\\\/www.organisator.ch\\\/#organization\"},\"image\":{\"@id\":\"https:\\\/\\\/www.organisator.ch\\\/de\\\/allgemein\\\/2018-02-08\\\/industriegaseverband-schweiz-igs-gibt-mit-neuem-praesidenten-vollgas\\\/#primaryimage\"},\"thumbnailUrl\":\"https:\\\/\\\/www.organisator.ch\\\/wp-content\\\/uploads\\\/2018\\\/02\\\/Industriegaseverband-Schweiz-IGS-gibt-mit-neuem-Praesidenten-Vollgas_Organisator.jpg\",\"keywords\":[\"Institutionen\",\"Personalia\",\"Unternehmen\",\"Verb\u00e4nde\"],\"inLanguage\":\"de\"},{\"@type\":\"WebPage\",\"@id\":\"https:\\\/\\\/www.organisator.ch\\\/de\\\/allgemein\\\/2018-02-08\\\/industriegaseverband-schweiz-igs-gibt-mit-neuem-praesidenten-vollgas\\\/\",\"url\":\"https:\\\/\\\/www.organisator.ch\\\/de\\\/allgemein\\\/2018-02-08\\\/industriegaseverband-schweiz-igs-gibt-mit-neuem-praesidenten-vollgas\\\/\",\"name\":\"Industriegaseverband Schweiz IGS gibt mit neuem Pr\u00e4sidenten \\\"Vollgas\\\" - Organisator\",\"isPartOf\":{\"@id\":\"https:\\\/\\\/www.organisator.ch\\\/#website\"},\"primaryImageOfPage\":{\"@id\":\"https:\\\/\\\/www.organisator.ch\\\/de\\\/allgemein\\\/2018-02-08\\\/industriegaseverband-schweiz-igs-gibt-mit-neuem-praesidenten-vollgas\\\/#primaryimage\"},\"image\":{\"@id\":\"https:\\\/\\\/www.organisator.ch\\\/de\\\/allgemein\\\/2018-02-08\\\/industriegaseverband-schweiz-igs-gibt-mit-neuem-praesidenten-vollgas\\\/#primaryimage\"},\"thumbnailUrl\":\"https:\\\/\\\/www.organisator.ch\\\/wp-content\\\/uploads\\\/2018\\\/02\\\/Industriegaseverband-Schweiz-IGS-gibt-mit-neuem-Praesidenten-Vollgas_Organisator.jpg\",\"datePublished\":\"2018-02-08T06:56:05+00:00\",\"description\":\"Dr. Ing. Hans Michael Kellner ist neu gew\u00e4hlter Pr\u00e4sident des Industriegaseverbands Schweiz IGS mit Sitz in Z\u00fcrich. Am 10. Januar 2018 wurde er einstimmig f\u00fcr die Amtsdauer von vier Jahren gew\u00e4hlt.\",\"breadcrumb\":{\"@id\":\"https:\\\/\\\/www.organisator.ch\\\/de\\\/allgemein\\\/2018-02-08\\\/industriegaseverband-schweiz-igs-gibt-mit-neuem-praesidenten-vollgas\\\/#breadcrumb\"},\"inLanguage\":\"de\",\"potentialAction\":[{\"@type\":\"ReadAction\",\"target\":[\"https:\\\/\\\/www.organisator.ch\\\/de\\\/allgemein\\\/2018-02-08\\\/industriegaseverband-schweiz-igs-gibt-mit-neuem-praesidenten-vollgas\\\/\"]}]},{\"@type\":\"ImageObject\",\"inLanguage\":\"de\",\"@id\":\"https:\\\/\\\/www.organisator.ch\\\/de\\\/allgemein\\\/2018-02-08\\\/industriegaseverband-schweiz-igs-gibt-mit-neuem-praesidenten-vollgas\\\/#primaryimage\",\"url\":\"https:\\\/\\\/www.organisator.ch\\\/wp-content\\\/uploads\\\/2018\\\/02\\\/Industriegaseverband-Schweiz-IGS-gibt-mit-neuem-Praesidenten-Vollgas_Organisator.jpg\",\"contentUrl\":\"https:\\\/\\\/www.organisator.ch\\\/wp-content\\\/uploads\\\/2018\\\/02\\\/Industriegaseverband-Schweiz-IGS-gibt-mit-neuem-Praesidenten-Vollgas_Organisator.jpg\",\"width\":629,\"height\":480,\"caption\":\"Der Industriegaseverband Schweiz IGS hat mit Dr. Hans Michael Kellner einen neuen Pr\u00e4sidenten. (Bild: zVg)\"},{\"@type\":\"BreadcrumbList\",\"@id\":\"https:\\\/\\\/www.organisator.ch\\\/de\\\/allgemein\\\/2018-02-08\\\/industriegaseverband-schweiz-igs-gibt-mit-neuem-praesidenten-vollgas\\\/#breadcrumb\",\"itemListElement\":[{\"@type\":\"ListItem\",\"position\":1,\"name\":\"Home\",\"item\":\"https:\\\/\\\/www.organisator.ch\\\/\"},{\"@type\":\"ListItem\",\"position\":2,\"name\":\"Industriegaseverband Schweiz IGS gibt mit neuem Pr\u00e4sidenten &#8222;Vollgas&#8220;\"}]},{\"@type\":\"WebSite\",\"@id\":\"https:\\\/\\\/www.organisator.ch\\\/#website\",\"url\":\"https:\\\/\\\/www.organisator.ch\\\/\",\"name\":\"Organisator\",\"description\":\"Kompetent. Praxisnah. Der ORGANISATOR bereitet in 10 Ausgaben pro Jahr die wesentlichen Themen f\u00fcr F\u00fchrungskr\u00e4fte von KMU auf.\",\"publisher\":{\"@id\":\"https:\\\/\\\/www.organisator.ch\\\/#organization\"},\"potentialAction\":[{\"@type\":\"SearchAction\",\"target\":{\"@type\":\"EntryPoint\",\"urlTemplate\":\"https:\\\/\\\/www.organisator.ch\\\/?s={search_term_string}\"},\"query-input\":{\"@type\":\"PropertyValueSpecification\",\"valueRequired\":true,\"valueName\":\"search_term_string\"}}],\"inLanguage\":\"de\"},{\"@type\":\"Organization\",\"@id\":\"https:\\\/\\\/www.organisator.ch\\\/#organization\",\"name\":\"Organisator\",\"url\":\"https:\\\/\\\/www.organisator.ch\\\/\",\"logo\":{\"@type\":\"ImageObject\",\"inLanguage\":\"de\",\"@id\":\"https:\\\/\\\/www.organisator.ch\\\/#\\\/schema\\\/logo\\\/image\\\/\",\"url\":\"https:\\\/\\\/www.organisator.ch\\\/wp-content\\\/uploads\\\/2022\\\/01\\\/Logo_Organisator_Website.png\",\"contentUrl\":\"https:\\\/\\\/www.organisator.ch\\\/wp-content\\\/uploads\\\/2022\\\/01\\\/Logo_Organisator_Website.png\",\"width\":800,\"height\":77,\"caption\":\"Organisator\"},\"image\":{\"@id\":\"https:\\\/\\\/www.organisator.ch\\\/#\\\/schema\\\/logo\\\/image\\\/\"},\"sameAs\":[\"https:\\\/\\\/www.facebook.com\\\/OrganisatorFachmagazin\",\"https:\\\/\\\/www.linkedin.com\\\/showcase\\\/organisator-das-magazin-fr-kmu\",\"https:\\\/\\\/www.xing.com\\\/news\\\/pages\\\/organisator-ch-695\",\"https:\\\/\\\/www.youtube.com\\\/channel\\\/UCGP2Sq0iWaZwT3BdIAQFYpw\"]},{\"@type\":\"Person\",\"@id\":\"https:\\\/\\\/www.organisator.ch\\\/#\\\/schema\\\/person\\\/6f650f90b2842cd4c0cc334b4e36f67e\",\"name\":\"thomas.berner\",\"image\":{\"@type\":\"ImageObject\",\"inLanguage\":\"de\",\"@id\":\"https:\\\/\\\/secure.gravatar.com\\\/avatar\\\/ac5001d2a36cb6c6cd3e50789007ffca834b477b74a2144564522e944eabff61?s=96&d=mm&r=g\",\"url\":\"https:\\\/\\\/secure.gravatar.com\\\/avatar\\\/ac5001d2a36cb6c6cd3e50789007ffca834b477b74a2144564522e944eabff61?s=96&d=mm&r=g\",\"contentUrl\":\"https:\\\/\\\/secure.gravatar.com\\\/avatar\\\/ac5001d2a36cb6c6cd3e50789007ffca834b477b74a2144564522e944eabff61?s=96&d=mm&r=g\",\"caption\":\"thomas.berner\"},\"url\":\"https:\\\/\\\/www.organisator.ch\\\/de\\\/author\\\/thomas-berner\\\/\"}]}<\/script>\n<!-- \/ Yoast SEO plugin. -->","yoast_head_json":{"title":"Industriegaseverband Schweiz IGS gibt mit neuem Pr\u00e4sidenten \"Vollgas\" - Organisator","description":"Dr. Ing. Hans Michael Kellner ist neu gew\u00e4hlter Pr\u00e4sident des Industriegaseverbands Schweiz IGS mit Sitz in Z\u00fcrich. Am 10. Januar 2018 wurde er einstimmig f\u00fcr die Amtsdauer von vier Jahren gew\u00e4hlt.","robots":{"index":"index","follow":"follow","max-snippet":"max-snippet:-1","max-image-preview":"max-image-preview:large","max-video-preview":"max-video-preview:-1"},"canonical":"https:\/\/www.organisator.ch\/de\/allgemein\/2018-02-08\/industriegaseverband-schweiz-igs-gibt-mit-neuem-praesidenten-vollgas\/","og_locale":"de_DE","og_type":"article","og_title":"Industriegaseverband Schweiz IGS gibt mit neuem Pr\u00e4sidenten \"Vollgas\"","og_description":"Dr. Ing. Hans Michael Kellner ist neu gew\u00e4hlter Pr\u00e4sident des #Industriegaseverbands Schweiz #IGS mit Sitz in Z\u00fcrich. Am 10. Januar 2018 wurde er einstimmig f\u00fcr die Amtsdauer von vier Jahren gew\u00e4hlt.","og_url":"https:\/\/www.organisator.ch\/de\/allgemein\/2018-02-08\/industriegaseverband-schweiz-igs-gibt-mit-neuem-praesidenten-vollgas\/","og_site_name":"Organisator","article_publisher":"https:\/\/www.facebook.com\/OrganisatorFachmagazin","article_published_time":"2018-02-08T06:56:05+00:00","og_image":[{"width":629,"height":480,"url":"https:\/\/www.organisator.ch\/wp-content\/uploads\/2018\/02\/Industriegaseverband-Schweiz-IGS-gibt-mit-neuem-Praesidenten-Vollgas_Organisator.jpg","type":"image\/jpeg"}],"author":"thomas.berner","twitter_card":"summary_large_image","twitter_title":"#Industriegaseverband Schweiz #IGS gibt mit neuem Pr\u00e4sidenten \"Vollgas\"","twitter_description":"Dr. Ing. Hans Michael Kellner ist neu gew\u00e4hlter Pr\u00e4sident des #Industriegaseverbands Schweiz #IGS mit Sitz in Z\u00fcrich. Am 10. Januar 2018 wurde er einstimmig f\u00fcr die Amtsdauer von vier Jahren gew\u00e4hlt.","twitter_image":"https:\/\/www.organisator.ch\/wp-content\/uploads\/2018\/02\/Industriegaseverband-Schweiz-IGS-gibt-mit-neuem-Pr\u00e4sidenten-Vollgas_Organisator.jpg","schema":{"@context":"https:\/\/schema.org","@graph":[{"@type":"Article","@id":"https:\/\/www.organisator.ch\/de\/allgemein\/2018-02-08\/industriegaseverband-schweiz-igs-gibt-mit-neuem-praesidenten-vollgas\/#article","isPartOf":{"@id":"https:\/\/www.organisator.ch\/de\/allgemein\/2018-02-08\/industriegaseverband-schweiz-igs-gibt-mit-neuem-praesidenten-vollgas\/"},"author":{"name":"thomas.berner","@id":"https:\/\/www.organisator.ch\/#\/schema\/person\/6f650f90b2842cd4c0cc334b4e36f67e"},"headline":"Industriegaseverband Schweiz IGS gibt mit neuem Pr\u00e4sidenten &#8222;Vollgas&#8220;","datePublished":"2018-02-08T06:56:05+00:00","mainEntityOfPage":{"@id":"https:\/\/www.organisator.ch\/de\/allgemein\/2018-02-08\/industriegaseverband-schweiz-igs-gibt-mit-neuem-praesidenten-vollgas\/"},"wordCount":378,"commentCount":0,"publisher":{"@id":"https:\/\/www.organisator.ch\/#organization"},"image":{"@id":"https:\/\/www.organisator.ch\/de\/allgemein\/2018-02-08\/industriegaseverband-schweiz-igs-gibt-mit-neuem-praesidenten-vollgas\/#primaryimage"},"thumbnailUrl":"https:\/\/www.organisator.ch\/wp-content\/uploads\/2018\/02\/Industriegaseverband-Schweiz-IGS-gibt-mit-neuem-Praesidenten-Vollgas_Organisator.jpg","keywords":["Institutionen","Personalia","Unternehmen","Verb\u00e4nde"],"inLanguage":"de"},{"@type":"WebPage","@id":"https:\/\/www.organisator.ch\/de\/allgemein\/2018-02-08\/industriegaseverband-schweiz-igs-gibt-mit-neuem-praesidenten-vollgas\/","url":"https:\/\/www.organisator.ch\/de\/allgemein\/2018-02-08\/industriegaseverband-schweiz-igs-gibt-mit-neuem-praesidenten-vollgas\/","name":"Industriegaseverband Schweiz IGS gibt mit neuem Pr\u00e4sidenten \"Vollgas\" - Organisator","isPartOf":{"@id":"https:\/\/www.organisator.ch\/#website"},"primaryImageOfPage":{"@id":"https:\/\/www.organisator.ch\/de\/allgemein\/2018-02-08\/industriegaseverband-schweiz-igs-gibt-mit-neuem-praesidenten-vollgas\/#primaryimage"},"image":{"@id":"https:\/\/www.organisator.ch\/de\/allgemein\/2018-02-08\/industriegaseverband-schweiz-igs-gibt-mit-neuem-praesidenten-vollgas\/#primaryimage"},"thumbnailUrl":"https:\/\/www.organisator.ch\/wp-content\/uploads\/2018\/02\/Industriegaseverband-Schweiz-IGS-gibt-mit-neuem-Praesidenten-Vollgas_Organisator.jpg","datePublished":"2018-02-08T06:56:05+00:00","description":"Dr. Ing. Hans Michael Kellner ist neu gew\u00e4hlter Pr\u00e4sident des Industriegaseverbands Schweiz IGS mit Sitz in Z\u00fcrich. Am 10. Januar 2018 wurde er einstimmig f\u00fcr die Amtsdauer von vier Jahren gew\u00e4hlt.","breadcrumb":{"@id":"https:\/\/www.organisator.ch\/de\/allgemein\/2018-02-08\/industriegaseverband-schweiz-igs-gibt-mit-neuem-praesidenten-vollgas\/#breadcrumb"},"inLanguage":"de","potentialAction":[{"@type":"ReadAction","target":["https:\/\/www.organisator.ch\/de\/allgemein\/2018-02-08\/industriegaseverband-schweiz-igs-gibt-mit-neuem-praesidenten-vollgas\/"]}]},{"@type":"ImageObject","inLanguage":"de","@id":"https:\/\/www.organisator.ch\/de\/allgemein\/2018-02-08\/industriegaseverband-schweiz-igs-gibt-mit-neuem-praesidenten-vollgas\/#primaryimage","url":"https:\/\/www.organisator.ch\/wp-content\/uploads\/2018\/02\/Industriegaseverband-Schweiz-IGS-gibt-mit-neuem-Praesidenten-Vollgas_Organisator.jpg","contentUrl":"https:\/\/www.organisator.ch\/wp-content\/uploads\/2018\/02\/Industriegaseverband-Schweiz-IGS-gibt-mit-neuem-Praesidenten-Vollgas_Organisator.jpg","width":629,"height":480,"caption":"Der Industriegaseverband Schweiz IGS hat mit Dr. Hans Michael Kellner einen neuen Pr\u00e4sidenten. (Bild: zVg)"},{"@type":"BreadcrumbList","@id":"https:\/\/www.organisator.ch\/de\/allgemein\/2018-02-08\/industriegaseverband-schweiz-igs-gibt-mit-neuem-praesidenten-vollgas\/#breadcrumb","itemListElement":[{"@type":"ListItem","position":1,"name":"Home","item":"https:\/\/www.organisator.ch\/"},{"@type":"ListItem","position":2,"name":"Industriegaseverband Schweiz IGS gibt mit neuem Pr\u00e4sidenten &#8222;Vollgas&#8220;"}]},{"@type":"WebSite","@id":"https:\/\/www.organisator.ch\/#website","url":"https:\/\/www.organisator.ch\/","name":"Organisator","description":"Kompetent. Praxisnah. Der ORGANISATOR bereitet in 10 Ausgaben pro Jahr die wesentlichen Themen f\u00fcr F\u00fchrungskr\u00e4fte von KMU auf.","publisher":{"@id":"https:\/\/www.organisator.ch\/#organization"},"potentialAction":[{"@type":"SearchAction","target":{"@type":"EntryPoint","urlTemplate":"https:\/\/www.organisator.ch\/?s={search_term_string}"},"query-input":{"@type":"PropertyValueSpecification","valueRequired":true,"valueName":"search_term_string"}}],"inLanguage":"de"},{"@type":"Organization","@id":"https:\/\/www.organisator.ch\/#organization","name":"Organisator","url":"https:\/\/www.organisator.ch\/","logo":{"@type":"ImageObject","inLanguage":"de","@id":"https:\/\/www.organisator.ch\/#\/schema\/logo\/image\/","url":"https:\/\/www.organisator.ch\/wp-content\/uploads\/2022\/01\/Logo_Organisator_Website.png","contentUrl":"https:\/\/www.organisator.ch\/wp-content\/uploads\/2022\/01\/Logo_Organisator_Website.png","width":800,"height":77,"caption":"Organisator"},"image":{"@id":"https:\/\/www.organisator.ch\/#\/schema\/logo\/image\/"},"sameAs":["https:\/\/www.facebook.com\/OrganisatorFachmagazin","https:\/\/www.linkedin.com\/showcase\/organisator-das-magazin-fr-kmu","https:\/\/www.xing.com\/news\/pages\/organisator-ch-695","https:\/\/www.youtube.com\/channel\/UCGP2Sq0iWaZwT3BdIAQFYpw"]},{"@type":"Person","@id":"https:\/\/www.organisator.ch\/#\/schema\/person\/6f650f90b2842cd4c0cc334b4e36f67e","name":"thomas.berner","image":{"@type":"ImageObject","inLanguage":"de","@id":"https:\/\/secure.gravatar.com\/avatar\/ac5001d2a36cb6c6cd3e50789007ffca834b477b74a2144564522e944eabff61?s=96&d=mm&r=g","url":"https:\/\/secure.gravatar.com\/avatar\/ac5001d2a36cb6c6cd3e50789007ffca834b477b74a2144564522e944eabff61?s=96&d=mm&r=g","contentUrl":"https:\/\/secure.gravatar.com\/avatar\/ac5001d2a36cb6c6cd3e50789007ffca834b477b74a2144564522e944eabff61?s=96&d=mm&r=g","caption":"thomas.berner"},"url":"https:\/\/www.organisator.ch\/de\/author\/thomas-berner\/"}]}},"_links":{"self":[{"href":"https:\/\/www.organisator.ch\/de\/wp-json\/wp\/v2\/posts\/3128","targetHints":{"allow":["GET"]}}],"collection":[{"href":"https:\/\/www.organisator.ch\/de\/wp-json\/wp\/v2\/posts"}],"about":[{"href":"https:\/\/www.organisator.ch\/de\/wp-json\/wp\/v2\/types\/post"}],"author":[{"embeddable":true,"href":"https:\/\/www.organisator.ch\/de\/wp-json\/wp\/v2\/users\/4"}],"replies":[{"embeddable":true,"href":"https:\/\/www.organisator.ch\/de\/wp-json\/wp\/v2\/comments?post=3128"}],"version-history":[{"count":0,"href":"https:\/\/www.organisator.ch\/de\/wp-json\/wp\/v2\/posts\/3128\/revisions"}],"wp:featuredmedia":[{"embeddable":true,"href":"https:\/\/www.organisator.ch\/de\/wp-json\/wp\/v2\/media\/3129"}],"wp:attachment":[{"href":"https:\/\/www.organisator.ch\/de\/wp-json\/wp\/v2\/media?parent=3128"}],"wp:term":[{"taxonomy":"category","embeddable":true,"href":"https:\/\/www.organisator.ch\/de\/wp-json\/wp\/v2\/categories?post=3128"},{"taxonomy":"post_tag","embeddable":true,"href":"https:\/\/www.organisator.ch\/de\/wp-json\/wp\/v2\/tags?post=3128"}],"curies":[{"name":"wp","href":"https:\/\/api.w.org\/{rel}","templated":true}]}}