{"id":31281,"date":"2024-10-28T13:29:23","date_gmt":"2024-10-28T12:29:23","guid":{"rendered":"https:\/\/www.organisator.ch\/?p=31281"},"modified":"2024-10-28T13:29:23","modified_gmt":"2024-10-28T12:29:23","slug":"ubs-verlaengert-partnerschaft-mit-dem-svc","status":"publish","type":"post","link":"https:\/\/www.organisator.ch\/de\/management\/2024-10-28\/ubs-verlaengert-partnerschaft-mit-dem-svc\/","title":{"rendered":"UBS verl\u00e4ngert Partnerschaft mit dem SVC"},"content":{"rendered":"<figure id=\"attachment_31282\" aria-describedby=\"caption-attachment-31282\" style=\"width: 680px\" class=\"wp-caption alignnone\"><img loading=\"lazy\" decoding=\"async\" class=\"size-full wp-image-31282\" src=\"https:\/\/www.organisator.ch\/wp-content\/uploads\/2024\/10\/SVCxUBS_Bild1_ps.jpg\" alt=\"\" width=\"680\" height=\"454\" srcset=\"https:\/\/www.organisator.ch\/wp-content\/uploads\/2024\/10\/SVCxUBS_Bild1_ps.jpg 680w, https:\/\/www.organisator.ch\/wp-content\/uploads\/2024\/10\/SVCxUBS_Bild1_ps-18x12.jpg 18w, https:\/\/www.organisator.ch\/wp-content\/uploads\/2024\/10\/SVCxUBS_Bild1_ps-375x250.jpg 375w, https:\/\/www.organisator.ch\/wp-content\/uploads\/2024\/10\/SVCxUBS_Bild1_ps-524x350.jpg 524w\" sizes=\"auto, (max-width: 680px) 100vw, 680px\" \/><figcaption id=\"caption-attachment-31282\" class=\"wp-caption-text\">Ab Januar 2025 tritt UBS neu als \u00abPresenting Partner\u00bb des inspirierendsten KMU-Netzwerks der Schweiz auf. (Bild: www.svc.swiss)<\/figcaption><\/figure>\n<p>Nachdem der bestehende Partnerschaftsvertrag der Credit Suisse im Zuge der Integration in UBS bereits \u00fcbernommen worden war, konnte diese Partnerschaft nun langj\u00e4hrig verl\u00e4ngert werden. \u00dcberdies wird die SVC Gesch\u00e4ftsstelle von G\u00fcmligen wegziehen und auf Anfang 2025 neue B\u00fcros im ZID Bernapark in Stettlen\/Deisswil beziehen.<\/p>\n<p>Der langj\u00e4hrige SVC Gesch\u00e4ftsf\u00fchrer Michael Fahrni freut sich sehr \u00fcber die Vertrags-verl\u00e4ngerung mit der Hauptpartnerin UBS: \u00abNun k\u00f6nnen wir mit voller Kraft unsere Kernaktivit\u00e4ten \u2013 Inspiration und Netzwerk f\u00fcr KMU sowie Auszeichnung der besten unter ihnen an den Prix SVC \u2013 weiter ausbauen. Der Umzug ins ZID Bernapark wird unseren Innovationsgeist zus\u00e4tzlich befl\u00fcgeln.\u00bb<\/p>\n<h3><strong>Neue OK-Pr\u00e4sidenten f\u00fcr die Prix SVC <\/strong><\/h3>\n<p>Die jeweiligen UBS-Exponentinnen und UBS-Exponenten (aus dem regionalen Firmenkundengesch\u00e4ft) treten weiterhin als Gastgeberinnen und Gastgeber beziehungsweise OK-Pr\u00e4sidentinnen und OK-Pr\u00e4sidenten an den Prix SVC Unternehmenspreisverleihungen in allen Schweizer Wirtschaftsregionen auf. Mit Blick auf die letzten zwei Preisverleihungen im Jahr 2024 wurden diesbez\u00fcglich die Personalien neu geregelt: Yves Felder \u00fcbernimmt das OK-Pr\u00e4sidium f\u00fcr den Prix SVC Suisse romande (Durchf\u00fchrung am 12. November im STCC in Ecublens) und Hannes Weibel f\u00fcr den Prix SVC Wirtschaftsraum Z\u00fcrich (Durchf\u00fchrung am 26. November im Kongresshaus Z\u00fcrich).<\/p>\n<p>Beide Preisverleihungen werden bereits mit UBS als Partnerin durchgef\u00fchrt. Ab Januar 2025 wird die Sponsoring-Architektur des SVC dann angepasst und UBS fortan als \u00abPresenting Partner\u00bb im SVC Netzwerk auftreten.<\/p>\n<p><em>Quelle: <a href=\"http:\/\/www.svc.swiss\">www.svc.swiss<\/a><\/em><\/p>\n","protected":false},"excerpt":{"rendered":"<p>Der SVC (Swiss Venture Club) freut sich sehr, dass er mit der strategischen Partnerin UBS eine Vereinbarung \u00fcber die langj\u00e4hrige Verl\u00e4ngerung der Partnerschaft abschliessen konnte. Ab Januar 2025 tritt UBS neu als \u00abPresenting Partner\u00bb des inspirierendsten KMU-Netzwerks der Schweiz auf.<\/p>\n","protected":false},"author":58,"featured_media":31282,"comment_status":"closed","ping_status":"closed","sticky":false,"template":"","format":"standard","meta":{"_acf_changed":false,"_yoast_wpseo_focuskw":"UBS","_yoast_wpseo_metadesc":"Der SVC freut sich sehr, dass er mit der strategischen Partnerin UBS eine Vereinbarung \u00fcber die langj\u00e4hrige Verl\u00e4ngerung der Partnerschaft abschliessen konnte.","articlekey":"","footnotes":""},"categories":[28],"tags":[334,1888,4458,2345,492],"class_list":["post-31281","post","type-post","status-publish","format-standard","has-post-thumbnail","hentry","category-management","tag-management","tag-partnerschaft","tag-svc","tag-ubs","tag-unternehmen"],"acf":[],"yoast_head":"<!-- This site is optimized with the Yoast SEO plugin v27.4 - https:\/\/yoast.com\/product\/yoast-seo-wordpress\/ -->\n<title>UBS verl\u00e4ngert Partnerschaft mit dem SVC - Organisator<\/title>\n<meta name=\"description\" content=\"Der SVC freut sich sehr, dass er mit der strategischen Partnerin UBS eine Vereinbarung \u00fcber die langj\u00e4hrige Verl\u00e4ngerung der Partnerschaft abschliessen konnte.\" \/>\n<meta name=\"robots\" content=\"index, follow, max-snippet:-1, max-image-preview:large, max-video-preview:-1\" \/>\n<link rel=\"canonical\" href=\"https:\/\/www.organisator.ch\/de\/management\/2024-10-28\/ubs-verlaengert-partnerschaft-mit-dem-svc\/\" \/>\n<meta property=\"og:locale\" content=\"de_DE\" \/>\n<meta property=\"og:type\" content=\"article\" \/>\n<meta property=\"og:title\" content=\"UBS verl\u00e4ngert Partnerschaft mit dem SVC\" \/>\n<meta property=\"og:description\" content=\"Der SVC freut sich sehr, dass er mit der strategischen Partnerin UBS eine Vereinbarung \u00fcber die langj\u00e4hrige Verl\u00e4ngerung der Partnerschaft abschliessen konnte.\" \/>\n<meta property=\"og:url\" content=\"https:\/\/www.organisator.ch\/de\/management\/2024-10-28\/ubs-verlaengert-partnerschaft-mit-dem-svc\/\" \/>\n<meta property=\"og:site_name\" content=\"Organisator\" \/>\n<meta property=\"article:publisher\" content=\"https:\/\/www.facebook.com\/OrganisatorFachmagazin\" \/>\n<meta property=\"article:published_time\" content=\"2024-10-28T12:29:23+00:00\" \/>\n<meta property=\"og:image\" content=\"https:\/\/www.organisator.ch\/wp-content\/uploads\/2024\/10\/SVCxUBS_Bild1_ps.jpg\" \/>\n\t<meta property=\"og:image:width\" content=\"680\" \/>\n\t<meta property=\"og:image:height\" content=\"454\" \/>\n\t<meta property=\"og:image:type\" content=\"image\/jpeg\" \/>\n<meta name=\"author\" content=\"Adelisa Kalajdzini\" \/>\n<meta name=\"twitter:card\" content=\"summary_large_image\" \/>\n<meta name=\"twitter:title\" content=\"UBS verl\u00e4ngert Partnerschaft mit dem SVC\" \/>\n<meta name=\"twitter:description\" content=\"Der #SVC freut sich sehr, dass er mit der strategischen Partnerin #UBS eine #Vereinbarung \u00fcber die langj\u00e4hrige #Verl\u00e4ngerung der #Partnerschaft abschliessen konnte.\" \/>\n<meta name=\"twitter:image\" content=\"https:\/\/www.organisator.ch\/wp-content\/uploads\/2024\/10\/SVCxUBS_Bild1_ps.jpg\" \/>\n<script type=\"application\/ld+json\" class=\"yoast-schema-graph\">{\"@context\":\"https:\\\/\\\/schema.org\",\"@graph\":[{\"@type\":\"Article\",\"@id\":\"https:\\\/\\\/www.organisator.ch\\\/management\\\/2024-10-28\\\/ubs-verlaengert-partnerschaft-mit-dem-svc\\\/#article\",\"isPartOf\":{\"@id\":\"https:\\\/\\\/www.organisator.ch\\\/management\\\/2024-10-28\\\/ubs-verlaengert-partnerschaft-mit-dem-svc\\\/\"},\"author\":{\"name\":\"Adelisa Kalajdzini\",\"@id\":\"https:\\\/\\\/www.organisator.ch\\\/#\\\/schema\\\/person\\\/2e1314a2172123f874db408d8911d3f3\"},\"headline\":\"UBS verl\u00e4ngert Partnerschaft mit dem SVC\",\"datePublished\":\"2024-10-28T12:29:23+00:00\",\"mainEntityOfPage\":{\"@id\":\"https:\\\/\\\/www.organisator.ch\\\/management\\\/2024-10-28\\\/ubs-verlaengert-partnerschaft-mit-dem-svc\\\/\"},\"wordCount\":270,\"publisher\":{\"@id\":\"https:\\\/\\\/www.organisator.ch\\\/#organization\"},\"image\":{\"@id\":\"https:\\\/\\\/www.organisator.ch\\\/management\\\/2024-10-28\\\/ubs-verlaengert-partnerschaft-mit-dem-svc\\\/#primaryimage\"},\"thumbnailUrl\":\"https:\\\/\\\/www.organisator.ch\\\/wp-content\\\/uploads\\\/2024\\\/10\\\/SVCxUBS_Bild1_ps.jpg\",\"keywords\":[\"Management\",\"Partnerschaft\",\"SVC\",\"UBS\",\"Unternehmen\"],\"articleSection\":[\"MANAGEMENT\"],\"inLanguage\":\"de\"},{\"@type\":\"WebPage\",\"@id\":\"https:\\\/\\\/www.organisator.ch\\\/management\\\/2024-10-28\\\/ubs-verlaengert-partnerschaft-mit-dem-svc\\\/\",\"url\":\"https:\\\/\\\/www.organisator.ch\\\/management\\\/2024-10-28\\\/ubs-verlaengert-partnerschaft-mit-dem-svc\\\/\",\"name\":\"UBS verl\u00e4ngert Partnerschaft mit dem SVC - Organisator\",\"isPartOf\":{\"@id\":\"https:\\\/\\\/www.organisator.ch\\\/#website\"},\"primaryImageOfPage\":{\"@id\":\"https:\\\/\\\/www.organisator.ch\\\/management\\\/2024-10-28\\\/ubs-verlaengert-partnerschaft-mit-dem-svc\\\/#primaryimage\"},\"image\":{\"@id\":\"https:\\\/\\\/www.organisator.ch\\\/management\\\/2024-10-28\\\/ubs-verlaengert-partnerschaft-mit-dem-svc\\\/#primaryimage\"},\"thumbnailUrl\":\"https:\\\/\\\/www.organisator.ch\\\/wp-content\\\/uploads\\\/2024\\\/10\\\/SVCxUBS_Bild1_ps.jpg\",\"datePublished\":\"2024-10-28T12:29:23+00:00\",\"description\":\"Der SVC freut sich sehr, dass er mit der strategischen Partnerin UBS eine Vereinbarung \u00fcber die langj\u00e4hrige Verl\u00e4ngerung der Partnerschaft abschliessen konnte.\",\"breadcrumb\":{\"@id\":\"https:\\\/\\\/www.organisator.ch\\\/management\\\/2024-10-28\\\/ubs-verlaengert-partnerschaft-mit-dem-svc\\\/#breadcrumb\"},\"inLanguage\":\"de\",\"potentialAction\":[{\"@type\":\"ReadAction\",\"target\":[\"https:\\\/\\\/www.organisator.ch\\\/management\\\/2024-10-28\\\/ubs-verlaengert-partnerschaft-mit-dem-svc\\\/\"]}]},{\"@type\":\"ImageObject\",\"inLanguage\":\"de\",\"@id\":\"https:\\\/\\\/www.organisator.ch\\\/management\\\/2024-10-28\\\/ubs-verlaengert-partnerschaft-mit-dem-svc\\\/#primaryimage\",\"url\":\"https:\\\/\\\/www.organisator.ch\\\/wp-content\\\/uploads\\\/2024\\\/10\\\/SVCxUBS_Bild1_ps.jpg\",\"contentUrl\":\"https:\\\/\\\/www.organisator.ch\\\/wp-content\\\/uploads\\\/2024\\\/10\\\/SVCxUBS_Bild1_ps.jpg\",\"width\":680,\"height\":454,\"caption\":\"Ab Januar 2025 tritt UBS neu als \u00abPresenting Partner\u00bb des inspirierendsten KMU-Netzwerks der Schweiz auf. (Bild: www.svc.swiss)\"},{\"@type\":\"BreadcrumbList\",\"@id\":\"https:\\\/\\\/www.organisator.ch\\\/management\\\/2024-10-28\\\/ubs-verlaengert-partnerschaft-mit-dem-svc\\\/#breadcrumb\",\"itemListElement\":[{\"@type\":\"ListItem\",\"position\":1,\"name\":\"Home\",\"item\":\"https:\\\/\\\/www.organisator.ch\\\/\"},{\"@type\":\"ListItem\",\"position\":2,\"name\":\"UBS verl\u00e4ngert Partnerschaft mit dem SVC\"}]},{\"@type\":\"WebSite\",\"@id\":\"https:\\\/\\\/www.organisator.ch\\\/#website\",\"url\":\"https:\\\/\\\/www.organisator.ch\\\/\",\"name\":\"Organisator\",\"description\":\"Kompetent. Praxisnah. Der ORGANISATOR bereitet in 10 Ausgaben pro Jahr die wesentlichen Themen f\u00fcr F\u00fchrungskr\u00e4fte von KMU auf.\",\"publisher\":{\"@id\":\"https:\\\/\\\/www.organisator.ch\\\/#organization\"},\"potentialAction\":[{\"@type\":\"SearchAction\",\"target\":{\"@type\":\"EntryPoint\",\"urlTemplate\":\"https:\\\/\\\/www.organisator.ch\\\/?s={search_term_string}\"},\"query-input\":{\"@type\":\"PropertyValueSpecification\",\"valueRequired\":true,\"valueName\":\"search_term_string\"}}],\"inLanguage\":\"de\"},{\"@type\":\"Organization\",\"@id\":\"https:\\\/\\\/www.organisator.ch\\\/#organization\",\"name\":\"Organisator\",\"url\":\"https:\\\/\\\/www.organisator.ch\\\/\",\"logo\":{\"@type\":\"ImageObject\",\"inLanguage\":\"de\",\"@id\":\"https:\\\/\\\/www.organisator.ch\\\/#\\\/schema\\\/logo\\\/image\\\/\",\"url\":\"https:\\\/\\\/www.organisator.ch\\\/wp-content\\\/uploads\\\/2022\\\/01\\\/Logo_Organisator_Website.png\",\"contentUrl\":\"https:\\\/\\\/www.organisator.ch\\\/wp-content\\\/uploads\\\/2022\\\/01\\\/Logo_Organisator_Website.png\",\"width\":800,\"height\":77,\"caption\":\"Organisator\"},\"image\":{\"@id\":\"https:\\\/\\\/www.organisator.ch\\\/#\\\/schema\\\/logo\\\/image\\\/\"},\"sameAs\":[\"https:\\\/\\\/www.facebook.com\\\/OrganisatorFachmagazin\",\"https:\\\/\\\/www.linkedin.com\\\/showcase\\\/organisator-das-magazin-fr-kmu\",\"https:\\\/\\\/www.xing.com\\\/news\\\/pages\\\/organisator-ch-695\",\"https:\\\/\\\/www.youtube.com\\\/channel\\\/UCGP2Sq0iWaZwT3BdIAQFYpw\"]},{\"@type\":\"Person\",\"@id\":\"https:\\\/\\\/www.organisator.ch\\\/#\\\/schema\\\/person\\\/2e1314a2172123f874db408d8911d3f3\",\"name\":\"Adelisa Kalajdzini\",\"image\":{\"@type\":\"ImageObject\",\"inLanguage\":\"de\",\"@id\":\"https:\\\/\\\/secure.gravatar.com\\\/avatar\\\/09a397c22ac58cad6f160ee8306348599df9df58a8ede73696226897b9fa4b24?s=96&d=mm&r=g\",\"url\":\"https:\\\/\\\/secure.gravatar.com\\\/avatar\\\/09a397c22ac58cad6f160ee8306348599df9df58a8ede73696226897b9fa4b24?s=96&d=mm&r=g\",\"contentUrl\":\"https:\\\/\\\/secure.gravatar.com\\\/avatar\\\/09a397c22ac58cad6f160ee8306348599df9df58a8ede73696226897b9fa4b24?s=96&d=mm&r=g\",\"caption\":\"Adelisa Kalajdzini\"},\"url\":\"https:\\\/\\\/www.organisator.ch\\\/de\\\/author\\\/adelisa-kalajdzini\\\/\"}]}<\/script>\n<!-- \/ Yoast SEO plugin. -->","yoast_head_json":{"title":"UBS verl\u00e4ngert Partnerschaft mit dem SVC - Organisator","description":"Der SVC freut sich sehr, dass er mit der strategischen Partnerin UBS eine Vereinbarung \u00fcber die langj\u00e4hrige Verl\u00e4ngerung der Partnerschaft abschliessen konnte.","robots":{"index":"index","follow":"follow","max-snippet":"max-snippet:-1","max-image-preview":"max-image-preview:large","max-video-preview":"max-video-preview:-1"},"canonical":"https:\/\/www.organisator.ch\/de\/management\/2024-10-28\/ubs-verlaengert-partnerschaft-mit-dem-svc\/","og_locale":"de_DE","og_type":"article","og_title":"UBS verl\u00e4ngert Partnerschaft mit dem SVC","og_description":"Der SVC freut sich sehr, dass er mit der strategischen Partnerin UBS eine Vereinbarung \u00fcber die langj\u00e4hrige Verl\u00e4ngerung der Partnerschaft abschliessen konnte.","og_url":"https:\/\/www.organisator.ch\/de\/management\/2024-10-28\/ubs-verlaengert-partnerschaft-mit-dem-svc\/","og_site_name":"Organisator","article_publisher":"https:\/\/www.facebook.com\/OrganisatorFachmagazin","article_published_time":"2024-10-28T12:29:23+00:00","og_image":[{"width":680,"height":454,"url":"https:\/\/www.organisator.ch\/wp-content\/uploads\/2024\/10\/SVCxUBS_Bild1_ps.jpg","type":"image\/jpeg"}],"author":"Adelisa Kalajdzini","twitter_card":"summary_large_image","twitter_title":"UBS verl\u00e4ngert Partnerschaft mit dem SVC","twitter_description":"Der #SVC freut sich sehr, dass er mit der strategischen Partnerin #UBS eine #Vereinbarung \u00fcber die langj\u00e4hrige #Verl\u00e4ngerung der #Partnerschaft abschliessen konnte.","twitter_image":"https:\/\/www.organisator.ch\/wp-content\/uploads\/2024\/10\/SVCxUBS_Bild1_ps.jpg","schema":{"@context":"https:\/\/schema.org","@graph":[{"@type":"Article","@id":"https:\/\/www.organisator.ch\/management\/2024-10-28\/ubs-verlaengert-partnerschaft-mit-dem-svc\/#article","isPartOf":{"@id":"https:\/\/www.organisator.ch\/management\/2024-10-28\/ubs-verlaengert-partnerschaft-mit-dem-svc\/"},"author":{"name":"Adelisa Kalajdzini","@id":"https:\/\/www.organisator.ch\/#\/schema\/person\/2e1314a2172123f874db408d8911d3f3"},"headline":"UBS verl\u00e4ngert Partnerschaft mit dem SVC","datePublished":"2024-10-28T12:29:23+00:00","mainEntityOfPage":{"@id":"https:\/\/www.organisator.ch\/management\/2024-10-28\/ubs-verlaengert-partnerschaft-mit-dem-svc\/"},"wordCount":270,"publisher":{"@id":"https:\/\/www.organisator.ch\/#organization"},"image":{"@id":"https:\/\/www.organisator.ch\/management\/2024-10-28\/ubs-verlaengert-partnerschaft-mit-dem-svc\/#primaryimage"},"thumbnailUrl":"https:\/\/www.organisator.ch\/wp-content\/uploads\/2024\/10\/SVCxUBS_Bild1_ps.jpg","keywords":["Management","Partnerschaft","SVC","UBS","Unternehmen"],"articleSection":["MANAGEMENT"],"inLanguage":"de"},{"@type":"WebPage","@id":"https:\/\/www.organisator.ch\/management\/2024-10-28\/ubs-verlaengert-partnerschaft-mit-dem-svc\/","url":"https:\/\/www.organisator.ch\/management\/2024-10-28\/ubs-verlaengert-partnerschaft-mit-dem-svc\/","name":"UBS verl\u00e4ngert Partnerschaft mit dem SVC - Organisator","isPartOf":{"@id":"https:\/\/www.organisator.ch\/#website"},"primaryImageOfPage":{"@id":"https:\/\/www.organisator.ch\/management\/2024-10-28\/ubs-verlaengert-partnerschaft-mit-dem-svc\/#primaryimage"},"image":{"@id":"https:\/\/www.organisator.ch\/management\/2024-10-28\/ubs-verlaengert-partnerschaft-mit-dem-svc\/#primaryimage"},"thumbnailUrl":"https:\/\/www.organisator.ch\/wp-content\/uploads\/2024\/10\/SVCxUBS_Bild1_ps.jpg","datePublished":"2024-10-28T12:29:23+00:00","description":"Der SVC freut sich sehr, dass er mit der strategischen Partnerin UBS eine Vereinbarung \u00fcber die langj\u00e4hrige Verl\u00e4ngerung der Partnerschaft abschliessen konnte.","breadcrumb":{"@id":"https:\/\/www.organisator.ch\/management\/2024-10-28\/ubs-verlaengert-partnerschaft-mit-dem-svc\/#breadcrumb"},"inLanguage":"de","potentialAction":[{"@type":"ReadAction","target":["https:\/\/www.organisator.ch\/management\/2024-10-28\/ubs-verlaengert-partnerschaft-mit-dem-svc\/"]}]},{"@type":"ImageObject","inLanguage":"de","@id":"https:\/\/www.organisator.ch\/management\/2024-10-28\/ubs-verlaengert-partnerschaft-mit-dem-svc\/#primaryimage","url":"https:\/\/www.organisator.ch\/wp-content\/uploads\/2024\/10\/SVCxUBS_Bild1_ps.jpg","contentUrl":"https:\/\/www.organisator.ch\/wp-content\/uploads\/2024\/10\/SVCxUBS_Bild1_ps.jpg","width":680,"height":454,"caption":"Ab Januar 2025 tritt UBS neu als \u00abPresenting Partner\u00bb des inspirierendsten KMU-Netzwerks der Schweiz auf. (Bild: www.svc.swiss)"},{"@type":"BreadcrumbList","@id":"https:\/\/www.organisator.ch\/management\/2024-10-28\/ubs-verlaengert-partnerschaft-mit-dem-svc\/#breadcrumb","itemListElement":[{"@type":"ListItem","position":1,"name":"Home","item":"https:\/\/www.organisator.ch\/"},{"@type":"ListItem","position":2,"name":"UBS verl\u00e4ngert Partnerschaft mit dem SVC"}]},{"@type":"WebSite","@id":"https:\/\/www.organisator.ch\/#website","url":"https:\/\/www.organisator.ch\/","name":"Organisator","description":"Kompetent. Praxisnah. Der ORGANISATOR bereitet in 10 Ausgaben pro Jahr die wesentlichen Themen f\u00fcr F\u00fchrungskr\u00e4fte von KMU auf.","publisher":{"@id":"https:\/\/www.organisator.ch\/#organization"},"potentialAction":[{"@type":"SearchAction","target":{"@type":"EntryPoint","urlTemplate":"https:\/\/www.organisator.ch\/?s={search_term_string}"},"query-input":{"@type":"PropertyValueSpecification","valueRequired":true,"valueName":"search_term_string"}}],"inLanguage":"de"},{"@type":"Organization","@id":"https:\/\/www.organisator.ch\/#organization","name":"Organisator","url":"https:\/\/www.organisator.ch\/","logo":{"@type":"ImageObject","inLanguage":"de","@id":"https:\/\/www.organisator.ch\/#\/schema\/logo\/image\/","url":"https:\/\/www.organisator.ch\/wp-content\/uploads\/2022\/01\/Logo_Organisator_Website.png","contentUrl":"https:\/\/www.organisator.ch\/wp-content\/uploads\/2022\/01\/Logo_Organisator_Website.png","width":800,"height":77,"caption":"Organisator"},"image":{"@id":"https:\/\/www.organisator.ch\/#\/schema\/logo\/image\/"},"sameAs":["https:\/\/www.facebook.com\/OrganisatorFachmagazin","https:\/\/www.linkedin.com\/showcase\/organisator-das-magazin-fr-kmu","https:\/\/www.xing.com\/news\/pages\/organisator-ch-695","https:\/\/www.youtube.com\/channel\/UCGP2Sq0iWaZwT3BdIAQFYpw"]},{"@type":"Person","@id":"https:\/\/www.organisator.ch\/#\/schema\/person\/2e1314a2172123f874db408d8911d3f3","name":"Adelisa Kalajdzini","image":{"@type":"ImageObject","inLanguage":"de","@id":"https:\/\/secure.gravatar.com\/avatar\/09a397c22ac58cad6f160ee8306348599df9df58a8ede73696226897b9fa4b24?s=96&d=mm&r=g","url":"https:\/\/secure.gravatar.com\/avatar\/09a397c22ac58cad6f160ee8306348599df9df58a8ede73696226897b9fa4b24?s=96&d=mm&r=g","contentUrl":"https:\/\/secure.gravatar.com\/avatar\/09a397c22ac58cad6f160ee8306348599df9df58a8ede73696226897b9fa4b24?s=96&d=mm&r=g","caption":"Adelisa Kalajdzini"},"url":"https:\/\/www.organisator.ch\/de\/author\/adelisa-kalajdzini\/"}]}},"_links":{"self":[{"href":"https:\/\/www.organisator.ch\/de\/wp-json\/wp\/v2\/posts\/31281","targetHints":{"allow":["GET"]}}],"collection":[{"href":"https:\/\/www.organisator.ch\/de\/wp-json\/wp\/v2\/posts"}],"about":[{"href":"https:\/\/www.organisator.ch\/de\/wp-json\/wp\/v2\/types\/post"}],"author":[{"embeddable":true,"href":"https:\/\/www.organisator.ch\/de\/wp-json\/wp\/v2\/users\/58"}],"replies":[{"embeddable":true,"href":"https:\/\/www.organisator.ch\/de\/wp-json\/wp\/v2\/comments?post=31281"}],"version-history":[{"count":3,"href":"https:\/\/www.organisator.ch\/de\/wp-json\/wp\/v2\/posts\/31281\/revisions"}],"predecessor-version":[{"id":31313,"href":"https:\/\/www.organisator.ch\/de\/wp-json\/wp\/v2\/posts\/31281\/revisions\/31313"}],"wp:featuredmedia":[{"embeddable":true,"href":"https:\/\/www.organisator.ch\/de\/wp-json\/wp\/v2\/media\/31282"}],"wp:attachment":[{"href":"https:\/\/www.organisator.ch\/de\/wp-json\/wp\/v2\/media?parent=31281"}],"wp:term":[{"taxonomy":"category","embeddable":true,"href":"https:\/\/www.organisator.ch\/de\/wp-json\/wp\/v2\/categories?post=31281"},{"taxonomy":"post_tag","embeddable":true,"href":"https:\/\/www.organisator.ch\/de\/wp-json\/wp\/v2\/tags?post=31281"}],"curies":[{"name":"wp","href":"https:\/\/api.w.org\/{rel}","templated":true}]}}