{"id":31307,"date":"2024-10-29T00:05:15","date_gmt":"2024-10-28T23:05:15","guid":{"rendered":"https:\/\/www.markt-kom.com\/?p=225634"},"modified":"2024-11-07T11:13:11","modified_gmt":"2024-11-07T10:13:11","slug":"wirz-erfindet-sich-neu","status":"publish","type":"post","link":"https:\/\/www.organisator.ch\/de\/marketing\/2024-10-29\/wirz-erfindet-sich-neu\/","title":{"rendered":"Wirz erfindet sich neu"},"content":{"rendered":"<p><a href=\"https:\/\/www.markt-kom.com\/wp-content\/uploads\/2024\/10\/Image_Neue-Ausrichtung_Wirz-scaled.jpg\"><img class=\"alignnone wp-image-225637 size-full\" src=\"https:\/\/www.markt-kom.com\/wp-content\/uploads\/2024\/10\/Image_Neue-Ausrichtung_Wirz-scaled.jpg\" alt=\"Kreativit\u00e4t \" width=\"1400\" height=\"787\" \/><\/a><\/p>\r\n<p>Kreativit\u00e4t macht Unternehmen erfolgreich. Studien zeigen, dass Unternehmen, die Kreativit\u00e4t in ihre Gesch\u00e4ftsstrategie integrieren, 2.6 mal schneller wachsen als ihre Wettbewerber. In einer Zeit, in der 90 Prozent des Unternehmenswerts aus immateriellen G\u00fctern bestehen, wird deutlich, dass Kreativit\u00e4t der Schl\u00fcssel ist, um Wachstum zu sichern und Wert zu schaffen.<\/p>\r\n<h3>System Wirz<\/h3>\r\n<p>Darum hat Wirz ein System entwickelt, das Kreativit\u00e4t b\u00fcndelt und maximal effizient einsetzt. So heisst es in der Medienmitteilung, die das Traditionsunternehmen Anfang Woche verschickt hat. Und das eben nicht nur f\u00fcr Werbung und Kommunikation, wie es darin weiter heisst, sondern um damit die wichtigsten wirtschaftlichen Herausforderungen ihrer Kunden zu l\u00f6sen. Dieses System besteht aus modularen, miteinander kombinierbaren und aufeinander aufbauenden Produkten, die je nach Fragestellung und wirtschaftlicher Herausforderung zu passgenauen Programmen geschn\u00fcrt werden k\u00f6nnen. Weiter: Diese Modularit\u00e4t erm\u00f6glicht es Kund:innen, genau die Bausteine auszuw\u00e4hlen, die zu ihren spezifischen Herausforderungen passen \u2013 von der strategischen Bedarfsanalyse bis hin zur innovativen Produktentwicklung.<\/p>\r\n<p>Das neue Modell basiert auf systematisierten Prozessen. Das bedeutet: S\u00e4mtliche Abl\u00e4ufe sind so optimiert, dass m\u00f6glichst wenig Zeit und Ressourcen in Projektmanagement und Administration fliessen, damit m\u00f6glichst viel Zeit f\u00fcr das bleibt, was am Ende den messbaren Unterschied macht: Kreativit\u00e4t.<\/p>\r\n<h3>Ergebnisorientierte Honorierung<\/h3>\r\n<p>Ebenfalls neu: Das System honoriert nicht den Aufwand, sondern das Resultat. Kunden von Wirz zahlen also nicht f\u00fcr die aufgewendeten Stunden, sondern f\u00fcr die effizienten L\u00f6sungen. Das neue Preismodell belohnt Qualit\u00e4t und Effizienz, und nicht die Maximierung des Aufwands. Und das Wichtigste: der neue Ansatz f\u00fchrt jeweils zielgenau zur bestm\u00f6glichen L\u00f6sung, weil die Kreativit\u00e4t immer maximal auf eine konkrete Problemstellung fokussiert werden kann.<\/p>\r\n<h3>\u00abCreative Business Partner\u00bb<\/h3>\r\n<p>Bei Wirz ist man \u00fcberzeugt davon, mit dieser Neuausrichtung ein starkes Zeichen f\u00fcr die Zukunft der ganzen Branche zu setzen. Die Agentur versteht sich neu als \u00abCreative Business Partner\u00bb und bietet L\u00f6sungen, die weit \u00fcber Werbung und Kommunikation hinausgehen. Kreativit\u00e4t wird so zum Motor f\u00fcr Wachstum, Wertsch\u00f6pfung und messbaren Erfolg.<\/p>\r\n<hr \/>\r\n<h3>Nachgefragt:<\/h3>\r\n<p>m&amp;k hat in der Redaktion von Wirz nachgefragt, was es heisst, wenn eine Kommunikationsagentur sich neu erfindet.<\/p>\r\n<p>&nbsp;<\/p>\r\n<p><strong>m&amp;k: Was hat Wirz bewogen, sich neu auszurichten?<\/strong><\/p>\r\n<p><strong>Redaktion:<\/strong> Wirz hat sich dazu entschieden, das Gesch\u00e4ftsmodell grundlegend zu ver\u00e4ndern, weil wir der festen \u00dcberzeugung sind, dass Kreativit\u00e4t mehr kann als \u00abnur\u00bb Kommunikation und weil die Kommunikations- und Werbebranche sich gewandelt hat. Kunden m\u00fcssen heute mit demselben Budget, das fr\u00fcher haupts\u00e4chlich f\u00fcr klassische Werbung genutzt wurde, eine Vielzahl an Kan\u00e4len bespielen. Zudem ist die L\u00f6sung nicht immer eine Kampagne. Die bisherige Stundenabrechnung gab einen falschen Anreiz und f\u00fchrte zu administrativem Aufwand, der weder den Kunden noch der Agentur echten Mehrwert brachte. Zudem wollte WIRZ von einem Modell, das den Aufwand belohnt, zu einem Modell wechseln, das Ergebnisse honoriert. Ziel ist es, Kreativit\u00e4t gezielt und effizient f\u00fcr die wirtschaftlichen Herausforderungen der Kunden einzusetzen.<\/p>\r\n<p>&nbsp;<\/p>\r\n<p><strong>Bekommen Kunden nun mehr? Oder etwas anderes? Wie k\u00f6nnen wir uns das im praktischen Sinne vorstellen?<\/strong><\/p>\r\n<p>Ja! Kunden erhalten jetzt ein noch besseres kreatives Produkt, das zu 100% auf ihre strategischen Ziele ausgerichtet und auf die optimale L\u00f6sung fokussiert ist. Durch unsere gezielten, modular aufgebauten L\u00f6sungen kann Wirz spezifisch auf die individuellen Herausforderungen eingehen. WIRZ bietet drei \u201eWege\u201c an, die jeweils unterschiedliche Bed\u00fcrfnisse abdecken: <strong>Brand Capital<\/strong>\u00a0(erh\u00f6ht den Markenwert),\u00a0<strong>Market Readiness<\/strong>\u00a0(realisiert neue Marktchancen entlang der Customer Journey\u00a0) und\u00a0<strong>New Game<\/strong>\u00a0(erschliesst neue Wachstumsfelder durch innovative Produkte\/Services ). Diese modulare Struktur erm\u00f6glicht es Kunden, gezielt die Produkte auszuw\u00e4hlen und zu kombinieren, die sie ben\u00f6tigen. Dabei zahlen sie f\u00fcr konkrete L\u00f6sungen und Ergebnisse statt f\u00fcr Stundenaufwand, wodurch ein h\u00f6herer Fokus auf die eigentliche kreative Arbeit und weniger auf Administration gelegt wird.<\/p>\r\n<p>&nbsp;<\/p>\r\n<p><strong>Kommt es zur Reduktion von Arbeitspl\u00e4tzen oder wird eher ausgebaut?<\/strong><\/p>\r\n<p>In der Umsetzung wurde der Personalbestand teilweise reduziert, da durch die Effizienzsteigerungen weniger administrativer Aufwand erforderlich ist. Gleichzeitig sucht Wirz jedoch nach neuen Talenten mit spezifischen strategischen und kreativen F\u00e4higkeiten, um die neue Ausrichtung zu unterst\u00fctzen und die Bed\u00fcrfnisse der Kunden besser abzudecken. Es handelt sich also eher um eine Neuausrichtung der Personalressourcen als um einen Personalabbau.<\/p>","protected":false},"excerpt":{"rendered":"<p>Die traditionsreiche Schweizer Agenturmarke krempelt ihr Gesch\u00e4ftsmodell komplett um, und wandelt sich mit 88 Jahren von einer klassischen Kommunikationsagentur zum \u00abCreative Business Partner\u00bb. Sie setzt dabei auf systematisierte Prozesse, ein neues Verg\u00fctungssystem und maximalen Fokus auf ihre Superkraft: Kreativit\u00e4t. m&amp;k hat nachgefragt, was \u00absich neu erfinden\u00bb genau heisst.<\/p>\n","protected":false},"author":8,"featured_media":0,"comment_status":"closed","ping_status":"closed","sticky":false,"template":"","format":"standard","meta":{"_acf_changed":false,"_yoast_wpseo_focuskw":"Kreativit\u00e4t","_yoast_wpseo_metadesc":"Wirz setzt Kreativit\u00e4t strategisch ein, um mit neuen Modellen und Ergebnissen Unternehmenswachstum zu f\u00f6rdern.","articlekey":"","footnotes":""},"categories":[29],"tags":[4345,4284],"class_list":["post-31307","post","type-post","status-publish","format-standard","hentry","category-marketing","tag-business","tag-wirz"],"acf":[],"yoast_head":"<!-- This site is optimized with the Yoast SEO plugin v27.4 - https:\/\/yoast.com\/product\/yoast-seo-wordpress\/ -->\n<title>Wirz erfindet sich neu - Organisator<\/title>\n<meta name=\"description\" content=\"Wirz setzt Kreativit\u00e4t strategisch ein, um mit neuen Modellen und Ergebnissen Unternehmenswachstum zu f\u00f6rdern.\" \/>\n<meta name=\"robots\" content=\"index, follow, max-snippet:-1, max-image-preview:large, max-video-preview:-1\" \/>\n<link rel=\"canonical\" href=\"https:\/\/www.organisator.ch\/de\/marketing\/2024-10-29\/wirz-erfindet-sich-neu\/\" \/>\n<meta property=\"og:locale\" content=\"de_DE\" \/>\n<meta property=\"og:type\" content=\"article\" \/>\n<meta property=\"og:title\" content=\"Wirz erfindet sich neu - Organisator\" \/>\n<meta property=\"og:description\" content=\"Wirz setzt Kreativit\u00e4t strategisch ein, um mit neuen Modellen und Ergebnissen Unternehmenswachstum zu f\u00f6rdern.\" \/>\n<meta property=\"og:url\" content=\"https:\/\/www.organisator.ch\/de\/marketing\/2024-10-29\/wirz-erfindet-sich-neu\/\" \/>\n<meta property=\"og:site_name\" content=\"Organisator\" \/>\n<meta property=\"article:publisher\" content=\"https:\/\/www.facebook.com\/OrganisatorFachmagazin\" \/>\n<meta property=\"article:published_time\" content=\"2024-10-28T23:05:15+00:00\" \/>\n<meta property=\"article:modified_time\" content=\"2024-11-07T10:13:11+00:00\" \/>\n<meta property=\"og:image\" content=\"https:\/\/www.markt-kom.com\/wp-content\/uploads\/2024\/10\/Image_Neue-Ausrichtung_Wirz-scaled.jpg\" \/>\n<meta name=\"author\" content=\"galledia\" \/>\n<meta name=\"twitter:card\" content=\"summary_large_image\" \/>\n<meta name=\"twitter:creator\" content=\"@admin\" \/>\n<script type=\"application\/ld+json\" class=\"yoast-schema-graph\">{\"@context\":\"https:\\\/\\\/schema.org\",\"@graph\":[{\"@type\":\"Article\",\"@id\":\"https:\\\/\\\/www.organisator.ch\\\/marketing\\\/2024-10-29\\\/wirz-erfindet-sich-neu\\\/#article\",\"isPartOf\":{\"@id\":\"https:\\\/\\\/www.organisator.ch\\\/marketing\\\/2024-10-29\\\/wirz-erfindet-sich-neu\\\/\"},\"author\":{\"name\":\"galledia\",\"@id\":\"https:\\\/\\\/www.organisator.ch\\\/#\\\/schema\\\/person\\\/4e51799071cd2dd1232ac003643ef5f0\"},\"headline\":\"Wirz erfindet sich neu\",\"datePublished\":\"2024-10-28T23:05:15+00:00\",\"dateModified\":\"2024-11-07T10:13:11+00:00\",\"mainEntityOfPage\":{\"@id\":\"https:\\\/\\\/www.organisator.ch\\\/marketing\\\/2024-10-29\\\/wirz-erfindet-sich-neu\\\/\"},\"wordCount\":716,\"publisher\":{\"@id\":\"https:\\\/\\\/www.organisator.ch\\\/#organization\"},\"image\":{\"@id\":\"https:\\\/\\\/www.organisator.ch\\\/marketing\\\/2024-10-29\\\/wirz-erfindet-sich-neu\\\/#primaryimage\"},\"thumbnailUrl\":\"https:\\\/\\\/www.markt-kom.com\\\/wp-content\\\/uploads\\\/2024\\\/10\\\/Image_Neue-Ausrichtung_Wirz-scaled.jpg\",\"keywords\":[\"Business\",\"Wirz\"],\"articleSection\":[\"MARKETING\"],\"inLanguage\":\"de\"},{\"@type\":\"WebPage\",\"@id\":\"https:\\\/\\\/www.organisator.ch\\\/marketing\\\/2024-10-29\\\/wirz-erfindet-sich-neu\\\/\",\"url\":\"https:\\\/\\\/www.organisator.ch\\\/marketing\\\/2024-10-29\\\/wirz-erfindet-sich-neu\\\/\",\"name\":\"Wirz erfindet sich neu - Organisator\",\"isPartOf\":{\"@id\":\"https:\\\/\\\/www.organisator.ch\\\/#website\"},\"primaryImageOfPage\":{\"@id\":\"https:\\\/\\\/www.organisator.ch\\\/marketing\\\/2024-10-29\\\/wirz-erfindet-sich-neu\\\/#primaryimage\"},\"image\":{\"@id\":\"https:\\\/\\\/www.organisator.ch\\\/marketing\\\/2024-10-29\\\/wirz-erfindet-sich-neu\\\/#primaryimage\"},\"thumbnailUrl\":\"https:\\\/\\\/www.markt-kom.com\\\/wp-content\\\/uploads\\\/2024\\\/10\\\/Image_Neue-Ausrichtung_Wirz-scaled.jpg\",\"datePublished\":\"2024-10-28T23:05:15+00:00\",\"dateModified\":\"2024-11-07T10:13:11+00:00\",\"description\":\"Wirz setzt Kreativit\u00e4t strategisch ein, um mit neuen Modellen und Ergebnissen Unternehmenswachstum zu f\u00f6rdern.\",\"breadcrumb\":{\"@id\":\"https:\\\/\\\/www.organisator.ch\\\/marketing\\\/2024-10-29\\\/wirz-erfindet-sich-neu\\\/#breadcrumb\"},\"inLanguage\":\"de\",\"potentialAction\":[{\"@type\":\"ReadAction\",\"target\":[\"https:\\\/\\\/www.organisator.ch\\\/marketing\\\/2024-10-29\\\/wirz-erfindet-sich-neu\\\/\"]}]},{\"@type\":\"ImageObject\",\"inLanguage\":\"de\",\"@id\":\"https:\\\/\\\/www.organisator.ch\\\/marketing\\\/2024-10-29\\\/wirz-erfindet-sich-neu\\\/#primaryimage\",\"url\":\"https:\\\/\\\/www.markt-kom.com\\\/wp-content\\\/uploads\\\/2024\\\/10\\\/Image_Neue-Ausrichtung_Wirz-scaled.jpg\",\"contentUrl\":\"https:\\\/\\\/www.markt-kom.com\\\/wp-content\\\/uploads\\\/2024\\\/10\\\/Image_Neue-Ausrichtung_Wirz-scaled.jpg\"},{\"@type\":\"BreadcrumbList\",\"@id\":\"https:\\\/\\\/www.organisator.ch\\\/marketing\\\/2024-10-29\\\/wirz-erfindet-sich-neu\\\/#breadcrumb\",\"itemListElement\":[{\"@type\":\"ListItem\",\"position\":1,\"name\":\"Home\",\"item\":\"https:\\\/\\\/www.organisator.ch\\\/\"},{\"@type\":\"ListItem\",\"position\":2,\"name\":\"Wirz erfindet sich neu\"}]},{\"@type\":\"WebSite\",\"@id\":\"https:\\\/\\\/www.organisator.ch\\\/#website\",\"url\":\"https:\\\/\\\/www.organisator.ch\\\/\",\"name\":\"Organisator\",\"description\":\"Kompetent. Praxisnah. Der ORGANISATOR bereitet in 10 Ausgaben pro Jahr die wesentlichen Themen f\u00fcr F\u00fchrungskr\u00e4fte von KMU auf.\",\"publisher\":{\"@id\":\"https:\\\/\\\/www.organisator.ch\\\/#organization\"},\"potentialAction\":[{\"@type\":\"SearchAction\",\"target\":{\"@type\":\"EntryPoint\",\"urlTemplate\":\"https:\\\/\\\/www.organisator.ch\\\/?s={search_term_string}\"},\"query-input\":{\"@type\":\"PropertyValueSpecification\",\"valueRequired\":true,\"valueName\":\"search_term_string\"}}],\"inLanguage\":\"de\"},{\"@type\":\"Organization\",\"@id\":\"https:\\\/\\\/www.organisator.ch\\\/#organization\",\"name\":\"Organisator\",\"url\":\"https:\\\/\\\/www.organisator.ch\\\/\",\"logo\":{\"@type\":\"ImageObject\",\"inLanguage\":\"de\",\"@id\":\"https:\\\/\\\/www.organisator.ch\\\/#\\\/schema\\\/logo\\\/image\\\/\",\"url\":\"https:\\\/\\\/www.organisator.ch\\\/wp-content\\\/uploads\\\/2022\\\/01\\\/Logo_Organisator_Website.png\",\"contentUrl\":\"https:\\\/\\\/www.organisator.ch\\\/wp-content\\\/uploads\\\/2022\\\/01\\\/Logo_Organisator_Website.png\",\"width\":800,\"height\":77,\"caption\":\"Organisator\"},\"image\":{\"@id\":\"https:\\\/\\\/www.organisator.ch\\\/#\\\/schema\\\/logo\\\/image\\\/\"},\"sameAs\":[\"https:\\\/\\\/www.facebook.com\\\/OrganisatorFachmagazin\",\"https:\\\/\\\/www.linkedin.com\\\/showcase\\\/organisator-das-magazin-fr-kmu\",\"https:\\\/\\\/www.xing.com\\\/news\\\/pages\\\/organisator-ch-695\",\"https:\\\/\\\/www.youtube.com\\\/channel\\\/UCGP2Sq0iWaZwT3BdIAQFYpw\"]},{\"@type\":\"Person\",\"@id\":\"https:\\\/\\\/www.organisator.ch\\\/#\\\/schema\\\/person\\\/4e51799071cd2dd1232ac003643ef5f0\",\"name\":\"galledia\",\"image\":{\"@type\":\"ImageObject\",\"inLanguage\":\"de\",\"@id\":\"https:\\\/\\\/secure.gravatar.com\\\/avatar\\\/78a7f90c01fc2bfc875782a0d4922b37cde2cf184ce347b91316d23cd7f69a36?s=96&d=mm&r=g\",\"url\":\"https:\\\/\\\/secure.gravatar.com\\\/avatar\\\/78a7f90c01fc2bfc875782a0d4922b37cde2cf184ce347b91316d23cd7f69a36?s=96&d=mm&r=g\",\"contentUrl\":\"https:\\\/\\\/secure.gravatar.com\\\/avatar\\\/78a7f90c01fc2bfc875782a0d4922b37cde2cf184ce347b91316d23cd7f69a36?s=96&d=mm&r=g\",\"caption\":\"galledia\"},\"sameAs\":[\"https:\\\/\\\/x.com\\\/admin\"],\"url\":\"https:\\\/\\\/www.organisator.ch\\\/de\\\/author\\\/galledia\\\/\"}]}<\/script>\n<!-- \/ Yoast SEO plugin. -->","yoast_head_json":{"title":"Wirz erfindet sich neu - Organisator","description":"Wirz setzt Kreativit\u00e4t strategisch ein, um mit neuen Modellen und Ergebnissen Unternehmenswachstum zu f\u00f6rdern.","robots":{"index":"index","follow":"follow","max-snippet":"max-snippet:-1","max-image-preview":"max-image-preview:large","max-video-preview":"max-video-preview:-1"},"canonical":"https:\/\/www.organisator.ch\/de\/marketing\/2024-10-29\/wirz-erfindet-sich-neu\/","og_locale":"de_DE","og_type":"article","og_title":"Wirz erfindet sich neu - Organisator","og_description":"Wirz setzt Kreativit\u00e4t strategisch ein, um mit neuen Modellen und Ergebnissen Unternehmenswachstum zu f\u00f6rdern.","og_url":"https:\/\/www.organisator.ch\/de\/marketing\/2024-10-29\/wirz-erfindet-sich-neu\/","og_site_name":"Organisator","article_publisher":"https:\/\/www.facebook.com\/OrganisatorFachmagazin","article_published_time":"2024-10-28T23:05:15+00:00","article_modified_time":"2024-11-07T10:13:11+00:00","og_image":[{"url":"https:\/\/www.markt-kom.com\/wp-content\/uploads\/2024\/10\/Image_Neue-Ausrichtung_Wirz-scaled.jpg","type":"","width":"","height":""}],"author":"galledia","twitter_card":"summary_large_image","twitter_creator":"@admin","schema":{"@context":"https:\/\/schema.org","@graph":[{"@type":"Article","@id":"https:\/\/www.organisator.ch\/marketing\/2024-10-29\/wirz-erfindet-sich-neu\/#article","isPartOf":{"@id":"https:\/\/www.organisator.ch\/marketing\/2024-10-29\/wirz-erfindet-sich-neu\/"},"author":{"name":"galledia","@id":"https:\/\/www.organisator.ch\/#\/schema\/person\/4e51799071cd2dd1232ac003643ef5f0"},"headline":"Wirz erfindet sich neu","datePublished":"2024-10-28T23:05:15+00:00","dateModified":"2024-11-07T10:13:11+00:00","mainEntityOfPage":{"@id":"https:\/\/www.organisator.ch\/marketing\/2024-10-29\/wirz-erfindet-sich-neu\/"},"wordCount":716,"publisher":{"@id":"https:\/\/www.organisator.ch\/#organization"},"image":{"@id":"https:\/\/www.organisator.ch\/marketing\/2024-10-29\/wirz-erfindet-sich-neu\/#primaryimage"},"thumbnailUrl":"https:\/\/www.markt-kom.com\/wp-content\/uploads\/2024\/10\/Image_Neue-Ausrichtung_Wirz-scaled.jpg","keywords":["Business","Wirz"],"articleSection":["MARKETING"],"inLanguage":"de"},{"@type":"WebPage","@id":"https:\/\/www.organisator.ch\/marketing\/2024-10-29\/wirz-erfindet-sich-neu\/","url":"https:\/\/www.organisator.ch\/marketing\/2024-10-29\/wirz-erfindet-sich-neu\/","name":"Wirz erfindet sich neu - Organisator","isPartOf":{"@id":"https:\/\/www.organisator.ch\/#website"},"primaryImageOfPage":{"@id":"https:\/\/www.organisator.ch\/marketing\/2024-10-29\/wirz-erfindet-sich-neu\/#primaryimage"},"image":{"@id":"https:\/\/www.organisator.ch\/marketing\/2024-10-29\/wirz-erfindet-sich-neu\/#primaryimage"},"thumbnailUrl":"https:\/\/www.markt-kom.com\/wp-content\/uploads\/2024\/10\/Image_Neue-Ausrichtung_Wirz-scaled.jpg","datePublished":"2024-10-28T23:05:15+00:00","dateModified":"2024-11-07T10:13:11+00:00","description":"Wirz setzt Kreativit\u00e4t strategisch ein, um mit neuen Modellen und Ergebnissen Unternehmenswachstum zu f\u00f6rdern.","breadcrumb":{"@id":"https:\/\/www.organisator.ch\/marketing\/2024-10-29\/wirz-erfindet-sich-neu\/#breadcrumb"},"inLanguage":"de","potentialAction":[{"@type":"ReadAction","target":["https:\/\/www.organisator.ch\/marketing\/2024-10-29\/wirz-erfindet-sich-neu\/"]}]},{"@type":"ImageObject","inLanguage":"de","@id":"https:\/\/www.organisator.ch\/marketing\/2024-10-29\/wirz-erfindet-sich-neu\/#primaryimage","url":"https:\/\/www.markt-kom.com\/wp-content\/uploads\/2024\/10\/Image_Neue-Ausrichtung_Wirz-scaled.jpg","contentUrl":"https:\/\/www.markt-kom.com\/wp-content\/uploads\/2024\/10\/Image_Neue-Ausrichtung_Wirz-scaled.jpg"},{"@type":"BreadcrumbList","@id":"https:\/\/www.organisator.ch\/marketing\/2024-10-29\/wirz-erfindet-sich-neu\/#breadcrumb","itemListElement":[{"@type":"ListItem","position":1,"name":"Home","item":"https:\/\/www.organisator.ch\/"},{"@type":"ListItem","position":2,"name":"Wirz erfindet sich neu"}]},{"@type":"WebSite","@id":"https:\/\/www.organisator.ch\/#website","url":"https:\/\/www.organisator.ch\/","name":"Organisator","description":"Kompetent. Praxisnah. Der ORGANISATOR bereitet in 10 Ausgaben pro Jahr die wesentlichen Themen f\u00fcr F\u00fchrungskr\u00e4fte von KMU auf.","publisher":{"@id":"https:\/\/www.organisator.ch\/#organization"},"potentialAction":[{"@type":"SearchAction","target":{"@type":"EntryPoint","urlTemplate":"https:\/\/www.organisator.ch\/?s={search_term_string}"},"query-input":{"@type":"PropertyValueSpecification","valueRequired":true,"valueName":"search_term_string"}}],"inLanguage":"de"},{"@type":"Organization","@id":"https:\/\/www.organisator.ch\/#organization","name":"Organisator","url":"https:\/\/www.organisator.ch\/","logo":{"@type":"ImageObject","inLanguage":"de","@id":"https:\/\/www.organisator.ch\/#\/schema\/logo\/image\/","url":"https:\/\/www.organisator.ch\/wp-content\/uploads\/2022\/01\/Logo_Organisator_Website.png","contentUrl":"https:\/\/www.organisator.ch\/wp-content\/uploads\/2022\/01\/Logo_Organisator_Website.png","width":800,"height":77,"caption":"Organisator"},"image":{"@id":"https:\/\/www.organisator.ch\/#\/schema\/logo\/image\/"},"sameAs":["https:\/\/www.facebook.com\/OrganisatorFachmagazin","https:\/\/www.linkedin.com\/showcase\/organisator-das-magazin-fr-kmu","https:\/\/www.xing.com\/news\/pages\/organisator-ch-695","https:\/\/www.youtube.com\/channel\/UCGP2Sq0iWaZwT3BdIAQFYpw"]},{"@type":"Person","@id":"https:\/\/www.organisator.ch\/#\/schema\/person\/4e51799071cd2dd1232ac003643ef5f0","name":"galledia","image":{"@type":"ImageObject","inLanguage":"de","@id":"https:\/\/secure.gravatar.com\/avatar\/78a7f90c01fc2bfc875782a0d4922b37cde2cf184ce347b91316d23cd7f69a36?s=96&d=mm&r=g","url":"https:\/\/secure.gravatar.com\/avatar\/78a7f90c01fc2bfc875782a0d4922b37cde2cf184ce347b91316d23cd7f69a36?s=96&d=mm&r=g","contentUrl":"https:\/\/secure.gravatar.com\/avatar\/78a7f90c01fc2bfc875782a0d4922b37cde2cf184ce347b91316d23cd7f69a36?s=96&d=mm&r=g","caption":"galledia"},"sameAs":["https:\/\/x.com\/admin"],"url":"https:\/\/www.organisator.ch\/de\/author\/galledia\/"}]}},"_links":{"self":[{"href":"https:\/\/www.organisator.ch\/de\/wp-json\/wp\/v2\/posts\/31307","targetHints":{"allow":["GET"]}}],"collection":[{"href":"https:\/\/www.organisator.ch\/de\/wp-json\/wp\/v2\/posts"}],"about":[{"href":"https:\/\/www.organisator.ch\/de\/wp-json\/wp\/v2\/types\/post"}],"author":[{"embeddable":true,"href":"https:\/\/www.organisator.ch\/de\/wp-json\/wp\/v2\/users\/8"}],"replies":[{"embeddable":true,"href":"https:\/\/www.organisator.ch\/de\/wp-json\/wp\/v2\/comments?post=31307"}],"version-history":[{"count":5,"href":"https:\/\/www.organisator.ch\/de\/wp-json\/wp\/v2\/posts\/31307\/revisions"}],"predecessor-version":[{"id":31706,"href":"https:\/\/www.organisator.ch\/de\/wp-json\/wp\/v2\/posts\/31307\/revisions\/31706"}],"wp:attachment":[{"href":"https:\/\/www.organisator.ch\/de\/wp-json\/wp\/v2\/media?parent=31307"}],"wp:term":[{"taxonomy":"category","embeddable":true,"href":"https:\/\/www.organisator.ch\/de\/wp-json\/wp\/v2\/categories?post=31307"},{"taxonomy":"post_tag","embeddable":true,"href":"https:\/\/www.organisator.ch\/de\/wp-json\/wp\/v2\/tags?post=31307"}],"curies":[{"name":"wp","href":"https:\/\/api.w.org\/{rel}","templated":true}]}}