{"id":31338,"date":"2024-10-29T15:12:16","date_gmt":"2024-10-29T14:12:16","guid":{"rendered":"https:\/\/www.markt-kom.com\/?p=225722"},"modified":"2024-11-07T10:58:39","modified_gmt":"2024-11-07T09:58:39","slug":"zuerich-tourismus-fuehrungswechsel-und-strategische-neuausrichtung","status":"publish","type":"post","link":"https:\/\/www.organisator.ch\/de\/marketing\/2024-10-29\/zuerich-tourismus-fuehrungswechsel-und-strategische-neuausrichtung\/","title":{"rendered":"Z\u00fcrich Tourismus: F\u00fchrungswechsel und strategische Neuausrichtung"},"content":{"rendered":"<figure id=\"attachment_225723\" class=\"wp-caption alignnone\" style=\"width: 1024px\" aria-describedby=\"caption-attachment-225723\"><a href=\"https:\/\/www.markt-kom.com\/wp-content\/uploads\/2024\/10\/Beitragscover-43-10.png\"><img class=\"alignnone wp-image-225723 size-full\" src=\"https:\/\/www.markt-kom.com\/wp-content\/uploads\/2024\/10\/Beitragscover-43-10.png\" alt=\"Z\u00fcrich Tourismus \" width=\"1024\" height=\"768\" \/><\/a>\r\n<figcaption id=\"caption-attachment-225723\" class=\"wp-caption-text\">Verst\u00e4rken die Gesch\u00e4ftsleitung: v.l.n.r. Marina Bollhalder, Nora Brumm, Marc Scheurer<\/figcaption>\r\n<\/figure>\r\n<p>Z\u00fcrich Tourismus richtet sich strategisch neu aus: Mit Janine Rupf, Marina Bollhalder und Marc Scheurer wird die Gesch\u00e4ftsleitung verst\u00e4rkt und neu aufgestellt. Diese strukturellen Anpassungen bereiten den Weg, um das Unternehmen zukunftsorientiert und marktgerecht aufzustellen. Die Gr\u00fcndung des neuen Bereichs Destination Development bildet hierbei einen entscheidenden Schritt, der den Wandel von der Destinationsvermarktung zur umfassenden Destinationsentwicklung vorantreibt.<\/p>\r\n<p>Die Vision hinter dieser Neuausrichtung liegt in der F\u00f6rderung des Tourismus als wesentlichem Bestandteil des st\u00e4dtischen Lebens, was sowohl den G\u00e4sten als auch der lokalen Bev\u00f6lkerung zugutekommt. Der Fokus auf nachhaltige Mobilit\u00e4t, die Weiterentwicklung des touristischen Angebots und die engere Zusammenarbeit mit Partner aus Politik und Wirtschaft unterstreichen das Ziel, den gesellschaftlichen und wirtschaftlichen Wert des Z\u00fcrcher Tourismus nachhaltig zu steigern.<\/p>\r\n<p>Marc Scheurer, erfahrener Tourismusexperte und neuer Leiter des Bereichs Destination Development, wird ab Dezember die strategische Weiterentwicklung leiten. Geplante Initiativen umfassen die F\u00f6rderung von Nachtzugverbindungen und die Schaffung neuer Erlebnisse f\u00fcr Einheimische und Besucher gleichermassen. Mit dieser Neuausrichtung setzt Z\u00fcrich Tourismus klare Akzente f\u00fcr die Zukunft der Stadt.<\/p>\r\n<p>Zus\u00e4tzlich bereichern Janine Rupf als Head of Marketing und Marina Bollhalder als Head of Operations die Gesch\u00e4ftsleitung. Mit dieser strategischen Verst\u00e4rkung und einer zielgerichteten Anpassung des T\u00e4tigkeitsbereichs positioniert sich Z\u00fcrich Tourismus proaktiv im Markt und st\u00e4rkt die touristische Attraktivit\u00e4t der Region.<\/p>","protected":false},"excerpt":{"rendered":"<p>Mit der Neubesetzung zentraler Gesch\u00e4ftsleitungspositionen und der Einf\u00fchrung des Bereichs \u201eDestination Development\u201c geht Z\u00fcrich Tourismus entscheidende Schritte in Richtung einer umfassenden Destinationsentwicklungs- und Managementorganisation. Ziel ist es, den Tourismus nachhaltig zu transformieren und das touristische Erlebnis gezielt weiterzuentwickeln.<\/p>\n","protected":false},"author":8,"featured_media":0,"comment_status":"closed","ping_status":"closed","sticky":false,"template":"","format":"standard","meta":{"_acf_changed":false,"_yoast_wpseo_focuskw":"Z\u00fcrich Tourismus","_yoast_wpseo_metadesc":"Z\u00fcrich Tourismus verst\u00e4rkt seine Gesch\u00e4ftsleitung und gr\u00fcndet den Bereich Destination Development f\u00fcr nachhaltigen Tourismus.","articlekey":"","footnotes":""},"categories":[29],"tags":[4345,4695],"class_list":["post-31338","post","type-post","status-publish","format-standard","hentry","category-marketing","tag-business","tag-zuerich-tourismus"],"acf":[],"yoast_head":"<!-- This site is optimized with the Yoast SEO plugin v27.4 - https:\/\/yoast.com\/product\/yoast-seo-wordpress\/ -->\n<title>Z\u00fcrich Tourismus: F\u00fchrungswechsel und strategische Neuausrichtung - Organisator<\/title>\n<meta name=\"description\" content=\"Z\u00fcrich Tourismus verst\u00e4rkt seine Gesch\u00e4ftsleitung und gr\u00fcndet den Bereich Destination Development f\u00fcr nachhaltigen Tourismus.\" \/>\n<meta name=\"robots\" content=\"index, follow, max-snippet:-1, max-image-preview:large, max-video-preview:-1\" \/>\n<link rel=\"canonical\" href=\"https:\/\/www.organisator.ch\/de\/marketing\/2024-10-29\/zuerich-tourismus-fuehrungswechsel-und-strategische-neuausrichtung\/\" \/>\n<meta property=\"og:locale\" content=\"de_DE\" \/>\n<meta property=\"og:type\" content=\"article\" \/>\n<meta property=\"og:title\" content=\"Z\u00fcrich Tourismus: F\u00fchrungswechsel und strategische Neuausrichtung - Organisator\" \/>\n<meta property=\"og:description\" content=\"Z\u00fcrich Tourismus verst\u00e4rkt seine Gesch\u00e4ftsleitung und gr\u00fcndet den Bereich Destination Development f\u00fcr nachhaltigen Tourismus.\" \/>\n<meta property=\"og:url\" content=\"https:\/\/www.organisator.ch\/de\/marketing\/2024-10-29\/zuerich-tourismus-fuehrungswechsel-und-strategische-neuausrichtung\/\" \/>\n<meta property=\"og:site_name\" content=\"Organisator\" \/>\n<meta property=\"article:publisher\" content=\"https:\/\/www.facebook.com\/OrganisatorFachmagazin\" \/>\n<meta property=\"article:published_time\" content=\"2024-10-29T14:12:16+00:00\" \/>\n<meta property=\"article:modified_time\" content=\"2024-11-07T09:58:39+00:00\" \/>\n<meta property=\"og:image\" content=\"https:\/\/www.markt-kom.com\/wp-content\/uploads\/2024\/10\/Beitragscover-43-10.png\" \/>\n<meta name=\"author\" content=\"galledia\" \/>\n<meta name=\"twitter:card\" content=\"summary_large_image\" \/>\n<meta name=\"twitter:creator\" content=\"@admin\" \/>\n<script type=\"application\/ld+json\" class=\"yoast-schema-graph\">{\"@context\":\"https:\\\/\\\/schema.org\",\"@graph\":[{\"@type\":\"Article\",\"@id\":\"https:\\\/\\\/www.organisator.ch\\\/marketing\\\/2024-10-29\\\/zuerich-tourismus-fuehrungswechsel-und-strategische-neuausrichtung\\\/#article\",\"isPartOf\":{\"@id\":\"https:\\\/\\\/www.organisator.ch\\\/marketing\\\/2024-10-29\\\/zuerich-tourismus-fuehrungswechsel-und-strategische-neuausrichtung\\\/\"},\"author\":{\"name\":\"galledia\",\"@id\":\"https:\\\/\\\/www.organisator.ch\\\/#\\\/schema\\\/person\\\/4e51799071cd2dd1232ac003643ef5f0\"},\"headline\":\"Z\u00fcrich Tourismus: F\u00fchrungswechsel und strategische Neuausrichtung\",\"datePublished\":\"2024-10-29T14:12:16+00:00\",\"dateModified\":\"2024-11-07T09:58:39+00:00\",\"mainEntityOfPage\":{\"@id\":\"https:\\\/\\\/www.organisator.ch\\\/marketing\\\/2024-10-29\\\/zuerich-tourismus-fuehrungswechsel-und-strategische-neuausrichtung\\\/\"},\"wordCount\":251,\"publisher\":{\"@id\":\"https:\\\/\\\/www.organisator.ch\\\/#organization\"},\"image\":{\"@id\":\"https:\\\/\\\/www.organisator.ch\\\/marketing\\\/2024-10-29\\\/zuerich-tourismus-fuehrungswechsel-und-strategische-neuausrichtung\\\/#primaryimage\"},\"thumbnailUrl\":\"https:\\\/\\\/www.markt-kom.com\\\/wp-content\\\/uploads\\\/2024\\\/10\\\/Beitragscover-43-10.png\",\"keywords\":[\"Business\",\"Z\u00fcrich Tourismus\"],\"articleSection\":[\"MARKETING\"],\"inLanguage\":\"de\"},{\"@type\":\"WebPage\",\"@id\":\"https:\\\/\\\/www.organisator.ch\\\/marketing\\\/2024-10-29\\\/zuerich-tourismus-fuehrungswechsel-und-strategische-neuausrichtung\\\/\",\"url\":\"https:\\\/\\\/www.organisator.ch\\\/marketing\\\/2024-10-29\\\/zuerich-tourismus-fuehrungswechsel-und-strategische-neuausrichtung\\\/\",\"name\":\"Z\u00fcrich Tourismus: F\u00fchrungswechsel und strategische Neuausrichtung - Organisator\",\"isPartOf\":{\"@id\":\"https:\\\/\\\/www.organisator.ch\\\/#website\"},\"primaryImageOfPage\":{\"@id\":\"https:\\\/\\\/www.organisator.ch\\\/marketing\\\/2024-10-29\\\/zuerich-tourismus-fuehrungswechsel-und-strategische-neuausrichtung\\\/#primaryimage\"},\"image\":{\"@id\":\"https:\\\/\\\/www.organisator.ch\\\/marketing\\\/2024-10-29\\\/zuerich-tourismus-fuehrungswechsel-und-strategische-neuausrichtung\\\/#primaryimage\"},\"thumbnailUrl\":\"https:\\\/\\\/www.markt-kom.com\\\/wp-content\\\/uploads\\\/2024\\\/10\\\/Beitragscover-43-10.png\",\"datePublished\":\"2024-10-29T14:12:16+00:00\",\"dateModified\":\"2024-11-07T09:58:39+00:00\",\"description\":\"Z\u00fcrich Tourismus verst\u00e4rkt seine Gesch\u00e4ftsleitung und gr\u00fcndet den Bereich Destination Development f\u00fcr nachhaltigen Tourismus.\",\"breadcrumb\":{\"@id\":\"https:\\\/\\\/www.organisator.ch\\\/marketing\\\/2024-10-29\\\/zuerich-tourismus-fuehrungswechsel-und-strategische-neuausrichtung\\\/#breadcrumb\"},\"inLanguage\":\"de\",\"potentialAction\":[{\"@type\":\"ReadAction\",\"target\":[\"https:\\\/\\\/www.organisator.ch\\\/marketing\\\/2024-10-29\\\/zuerich-tourismus-fuehrungswechsel-und-strategische-neuausrichtung\\\/\"]}]},{\"@type\":\"ImageObject\",\"inLanguage\":\"de\",\"@id\":\"https:\\\/\\\/www.organisator.ch\\\/marketing\\\/2024-10-29\\\/zuerich-tourismus-fuehrungswechsel-und-strategische-neuausrichtung\\\/#primaryimage\",\"url\":\"https:\\\/\\\/www.markt-kom.com\\\/wp-content\\\/uploads\\\/2024\\\/10\\\/Beitragscover-43-10.png\",\"contentUrl\":\"https:\\\/\\\/www.markt-kom.com\\\/wp-content\\\/uploads\\\/2024\\\/10\\\/Beitragscover-43-10.png\"},{\"@type\":\"BreadcrumbList\",\"@id\":\"https:\\\/\\\/www.organisator.ch\\\/marketing\\\/2024-10-29\\\/zuerich-tourismus-fuehrungswechsel-und-strategische-neuausrichtung\\\/#breadcrumb\",\"itemListElement\":[{\"@type\":\"ListItem\",\"position\":1,\"name\":\"Home\",\"item\":\"https:\\\/\\\/www.organisator.ch\\\/\"},{\"@type\":\"ListItem\",\"position\":2,\"name\":\"Z\u00fcrich Tourismus: F\u00fchrungswechsel und strategische Neuausrichtung\"}]},{\"@type\":\"WebSite\",\"@id\":\"https:\\\/\\\/www.organisator.ch\\\/#website\",\"url\":\"https:\\\/\\\/www.organisator.ch\\\/\",\"name\":\"Organisator\",\"description\":\"Kompetent. Praxisnah. Der ORGANISATOR bereitet in 10 Ausgaben pro Jahr die wesentlichen Themen f\u00fcr F\u00fchrungskr\u00e4fte von KMU auf.\",\"publisher\":{\"@id\":\"https:\\\/\\\/www.organisator.ch\\\/#organization\"},\"potentialAction\":[{\"@type\":\"SearchAction\",\"target\":{\"@type\":\"EntryPoint\",\"urlTemplate\":\"https:\\\/\\\/www.organisator.ch\\\/?s={search_term_string}\"},\"query-input\":{\"@type\":\"PropertyValueSpecification\",\"valueRequired\":true,\"valueName\":\"search_term_string\"}}],\"inLanguage\":\"de\"},{\"@type\":\"Organization\",\"@id\":\"https:\\\/\\\/www.organisator.ch\\\/#organization\",\"name\":\"Organisator\",\"url\":\"https:\\\/\\\/www.organisator.ch\\\/\",\"logo\":{\"@type\":\"ImageObject\",\"inLanguage\":\"de\",\"@id\":\"https:\\\/\\\/www.organisator.ch\\\/#\\\/schema\\\/logo\\\/image\\\/\",\"url\":\"https:\\\/\\\/www.organisator.ch\\\/wp-content\\\/uploads\\\/2022\\\/01\\\/Logo_Organisator_Website.png\",\"contentUrl\":\"https:\\\/\\\/www.organisator.ch\\\/wp-content\\\/uploads\\\/2022\\\/01\\\/Logo_Organisator_Website.png\",\"width\":800,\"height\":77,\"caption\":\"Organisator\"},\"image\":{\"@id\":\"https:\\\/\\\/www.organisator.ch\\\/#\\\/schema\\\/logo\\\/image\\\/\"},\"sameAs\":[\"https:\\\/\\\/www.facebook.com\\\/OrganisatorFachmagazin\",\"https:\\\/\\\/www.linkedin.com\\\/showcase\\\/organisator-das-magazin-fr-kmu\",\"https:\\\/\\\/www.xing.com\\\/news\\\/pages\\\/organisator-ch-695\",\"https:\\\/\\\/www.youtube.com\\\/channel\\\/UCGP2Sq0iWaZwT3BdIAQFYpw\"]},{\"@type\":\"Person\",\"@id\":\"https:\\\/\\\/www.organisator.ch\\\/#\\\/schema\\\/person\\\/4e51799071cd2dd1232ac003643ef5f0\",\"name\":\"galledia\",\"image\":{\"@type\":\"ImageObject\",\"inLanguage\":\"de\",\"@id\":\"https:\\\/\\\/secure.gravatar.com\\\/avatar\\\/78a7f90c01fc2bfc875782a0d4922b37cde2cf184ce347b91316d23cd7f69a36?s=96&d=mm&r=g\",\"url\":\"https:\\\/\\\/secure.gravatar.com\\\/avatar\\\/78a7f90c01fc2bfc875782a0d4922b37cde2cf184ce347b91316d23cd7f69a36?s=96&d=mm&r=g\",\"contentUrl\":\"https:\\\/\\\/secure.gravatar.com\\\/avatar\\\/78a7f90c01fc2bfc875782a0d4922b37cde2cf184ce347b91316d23cd7f69a36?s=96&d=mm&r=g\",\"caption\":\"galledia\"},\"sameAs\":[\"https:\\\/\\\/x.com\\\/admin\"],\"url\":\"https:\\\/\\\/www.organisator.ch\\\/de\\\/author\\\/galledia\\\/\"}]}<\/script>\n<!-- \/ Yoast SEO plugin. -->","yoast_head_json":{"title":"Z\u00fcrich Tourismus: F\u00fchrungswechsel und strategische Neuausrichtung - Organisator","description":"Z\u00fcrich Tourismus verst\u00e4rkt seine Gesch\u00e4ftsleitung und gr\u00fcndet den Bereich Destination Development f\u00fcr nachhaltigen Tourismus.","robots":{"index":"index","follow":"follow","max-snippet":"max-snippet:-1","max-image-preview":"max-image-preview:large","max-video-preview":"max-video-preview:-1"},"canonical":"https:\/\/www.organisator.ch\/de\/marketing\/2024-10-29\/zuerich-tourismus-fuehrungswechsel-und-strategische-neuausrichtung\/","og_locale":"de_DE","og_type":"article","og_title":"Z\u00fcrich Tourismus: F\u00fchrungswechsel und strategische Neuausrichtung - Organisator","og_description":"Z\u00fcrich Tourismus verst\u00e4rkt seine Gesch\u00e4ftsleitung und gr\u00fcndet den Bereich Destination Development f\u00fcr nachhaltigen Tourismus.","og_url":"https:\/\/www.organisator.ch\/de\/marketing\/2024-10-29\/zuerich-tourismus-fuehrungswechsel-und-strategische-neuausrichtung\/","og_site_name":"Organisator","article_publisher":"https:\/\/www.facebook.com\/OrganisatorFachmagazin","article_published_time":"2024-10-29T14:12:16+00:00","article_modified_time":"2024-11-07T09:58:39+00:00","og_image":[{"url":"https:\/\/www.markt-kom.com\/wp-content\/uploads\/2024\/10\/Beitragscover-43-10.png","type":"","width":"","height":""}],"author":"galledia","twitter_card":"summary_large_image","twitter_creator":"@admin","schema":{"@context":"https:\/\/schema.org","@graph":[{"@type":"Article","@id":"https:\/\/www.organisator.ch\/marketing\/2024-10-29\/zuerich-tourismus-fuehrungswechsel-und-strategische-neuausrichtung\/#article","isPartOf":{"@id":"https:\/\/www.organisator.ch\/marketing\/2024-10-29\/zuerich-tourismus-fuehrungswechsel-und-strategische-neuausrichtung\/"},"author":{"name":"galledia","@id":"https:\/\/www.organisator.ch\/#\/schema\/person\/4e51799071cd2dd1232ac003643ef5f0"},"headline":"Z\u00fcrich Tourismus: F\u00fchrungswechsel und strategische Neuausrichtung","datePublished":"2024-10-29T14:12:16+00:00","dateModified":"2024-11-07T09:58:39+00:00","mainEntityOfPage":{"@id":"https:\/\/www.organisator.ch\/marketing\/2024-10-29\/zuerich-tourismus-fuehrungswechsel-und-strategische-neuausrichtung\/"},"wordCount":251,"publisher":{"@id":"https:\/\/www.organisator.ch\/#organization"},"image":{"@id":"https:\/\/www.organisator.ch\/marketing\/2024-10-29\/zuerich-tourismus-fuehrungswechsel-und-strategische-neuausrichtung\/#primaryimage"},"thumbnailUrl":"https:\/\/www.markt-kom.com\/wp-content\/uploads\/2024\/10\/Beitragscover-43-10.png","keywords":["Business","Z\u00fcrich Tourismus"],"articleSection":["MARKETING"],"inLanguage":"de"},{"@type":"WebPage","@id":"https:\/\/www.organisator.ch\/marketing\/2024-10-29\/zuerich-tourismus-fuehrungswechsel-und-strategische-neuausrichtung\/","url":"https:\/\/www.organisator.ch\/marketing\/2024-10-29\/zuerich-tourismus-fuehrungswechsel-und-strategische-neuausrichtung\/","name":"Z\u00fcrich Tourismus: F\u00fchrungswechsel und strategische Neuausrichtung - Organisator","isPartOf":{"@id":"https:\/\/www.organisator.ch\/#website"},"primaryImageOfPage":{"@id":"https:\/\/www.organisator.ch\/marketing\/2024-10-29\/zuerich-tourismus-fuehrungswechsel-und-strategische-neuausrichtung\/#primaryimage"},"image":{"@id":"https:\/\/www.organisator.ch\/marketing\/2024-10-29\/zuerich-tourismus-fuehrungswechsel-und-strategische-neuausrichtung\/#primaryimage"},"thumbnailUrl":"https:\/\/www.markt-kom.com\/wp-content\/uploads\/2024\/10\/Beitragscover-43-10.png","datePublished":"2024-10-29T14:12:16+00:00","dateModified":"2024-11-07T09:58:39+00:00","description":"Z\u00fcrich Tourismus verst\u00e4rkt seine Gesch\u00e4ftsleitung und gr\u00fcndet den Bereich Destination Development f\u00fcr nachhaltigen Tourismus.","breadcrumb":{"@id":"https:\/\/www.organisator.ch\/marketing\/2024-10-29\/zuerich-tourismus-fuehrungswechsel-und-strategische-neuausrichtung\/#breadcrumb"},"inLanguage":"de","potentialAction":[{"@type":"ReadAction","target":["https:\/\/www.organisator.ch\/marketing\/2024-10-29\/zuerich-tourismus-fuehrungswechsel-und-strategische-neuausrichtung\/"]}]},{"@type":"ImageObject","inLanguage":"de","@id":"https:\/\/www.organisator.ch\/marketing\/2024-10-29\/zuerich-tourismus-fuehrungswechsel-und-strategische-neuausrichtung\/#primaryimage","url":"https:\/\/www.markt-kom.com\/wp-content\/uploads\/2024\/10\/Beitragscover-43-10.png","contentUrl":"https:\/\/www.markt-kom.com\/wp-content\/uploads\/2024\/10\/Beitragscover-43-10.png"},{"@type":"BreadcrumbList","@id":"https:\/\/www.organisator.ch\/marketing\/2024-10-29\/zuerich-tourismus-fuehrungswechsel-und-strategische-neuausrichtung\/#breadcrumb","itemListElement":[{"@type":"ListItem","position":1,"name":"Home","item":"https:\/\/www.organisator.ch\/"},{"@type":"ListItem","position":2,"name":"Z\u00fcrich Tourismus: F\u00fchrungswechsel und strategische Neuausrichtung"}]},{"@type":"WebSite","@id":"https:\/\/www.organisator.ch\/#website","url":"https:\/\/www.organisator.ch\/","name":"Organisator","description":"Kompetent. Praxisnah. Der ORGANISATOR bereitet in 10 Ausgaben pro Jahr die wesentlichen Themen f\u00fcr F\u00fchrungskr\u00e4fte von KMU auf.","publisher":{"@id":"https:\/\/www.organisator.ch\/#organization"},"potentialAction":[{"@type":"SearchAction","target":{"@type":"EntryPoint","urlTemplate":"https:\/\/www.organisator.ch\/?s={search_term_string}"},"query-input":{"@type":"PropertyValueSpecification","valueRequired":true,"valueName":"search_term_string"}}],"inLanguage":"de"},{"@type":"Organization","@id":"https:\/\/www.organisator.ch\/#organization","name":"Organisator","url":"https:\/\/www.organisator.ch\/","logo":{"@type":"ImageObject","inLanguage":"de","@id":"https:\/\/www.organisator.ch\/#\/schema\/logo\/image\/","url":"https:\/\/www.organisator.ch\/wp-content\/uploads\/2022\/01\/Logo_Organisator_Website.png","contentUrl":"https:\/\/www.organisator.ch\/wp-content\/uploads\/2022\/01\/Logo_Organisator_Website.png","width":800,"height":77,"caption":"Organisator"},"image":{"@id":"https:\/\/www.organisator.ch\/#\/schema\/logo\/image\/"},"sameAs":["https:\/\/www.facebook.com\/OrganisatorFachmagazin","https:\/\/www.linkedin.com\/showcase\/organisator-das-magazin-fr-kmu","https:\/\/www.xing.com\/news\/pages\/organisator-ch-695","https:\/\/www.youtube.com\/channel\/UCGP2Sq0iWaZwT3BdIAQFYpw"]},{"@type":"Person","@id":"https:\/\/www.organisator.ch\/#\/schema\/person\/4e51799071cd2dd1232ac003643ef5f0","name":"galledia","image":{"@type":"ImageObject","inLanguage":"de","@id":"https:\/\/secure.gravatar.com\/avatar\/78a7f90c01fc2bfc875782a0d4922b37cde2cf184ce347b91316d23cd7f69a36?s=96&d=mm&r=g","url":"https:\/\/secure.gravatar.com\/avatar\/78a7f90c01fc2bfc875782a0d4922b37cde2cf184ce347b91316d23cd7f69a36?s=96&d=mm&r=g","contentUrl":"https:\/\/secure.gravatar.com\/avatar\/78a7f90c01fc2bfc875782a0d4922b37cde2cf184ce347b91316d23cd7f69a36?s=96&d=mm&r=g","caption":"galledia"},"sameAs":["https:\/\/x.com\/admin"],"url":"https:\/\/www.organisator.ch\/de\/author\/galledia\/"}]}},"_links":{"self":[{"href":"https:\/\/www.organisator.ch\/de\/wp-json\/wp\/v2\/posts\/31338","targetHints":{"allow":["GET"]}}],"collection":[{"href":"https:\/\/www.organisator.ch\/de\/wp-json\/wp\/v2\/posts"}],"about":[{"href":"https:\/\/www.organisator.ch\/de\/wp-json\/wp\/v2\/types\/post"}],"author":[{"embeddable":true,"href":"https:\/\/www.organisator.ch\/de\/wp-json\/wp\/v2\/users\/8"}],"replies":[{"embeddable":true,"href":"https:\/\/www.organisator.ch\/de\/wp-json\/wp\/v2\/comments?post=31338"}],"version-history":[{"count":6,"href":"https:\/\/www.organisator.ch\/de\/wp-json\/wp\/v2\/posts\/31338\/revisions"}],"predecessor-version":[{"id":31698,"href":"https:\/\/www.organisator.ch\/de\/wp-json\/wp\/v2\/posts\/31338\/revisions\/31698"}],"wp:attachment":[{"href":"https:\/\/www.organisator.ch\/de\/wp-json\/wp\/v2\/media?parent=31338"}],"wp:term":[{"taxonomy":"category","embeddable":true,"href":"https:\/\/www.organisator.ch\/de\/wp-json\/wp\/v2\/categories?post=31338"},{"taxonomy":"post_tag","embeddable":true,"href":"https:\/\/www.organisator.ch\/de\/wp-json\/wp\/v2\/tags?post=31338"}],"curies":[{"name":"wp","href":"https:\/\/api.w.org\/{rel}","templated":true}]}}