{"id":31343,"date":"2024-10-29T16:26:22","date_gmt":"2024-10-29T15:26:22","guid":{"rendered":"https:\/\/www.markt-kom.com\/?p=225662"},"modified":"2024-11-07T10:53:44","modified_gmt":"2024-11-07T09:53:44","slug":"mutiger-wandel-bei-wirz-gelingt-die-kreative-transformation","status":"publish","type":"post","link":"https:\/\/www.organisator.ch\/de\/marketing\/2024-10-29\/mutiger-wandel-bei-wirz-gelingt-die-kreative-transformation\/","title":{"rendered":"Mutiger Wandel bei Wirz \u2013 Gelingt die kreative Transformation?"},"content":{"rendered":"<figure id=\"attachment_225673\" class=\"wp-caption alignnone\" style=\"width: 1400px\" aria-describedby=\"caption-attachment-225673\"><a href=\"https:\/\/www.markt-kom.com\/wp-content\/uploads\/2024\/10\/A-creative-modern-space-with-groups-of-people-engaged-in-lively-discussions.-Generated-by-Dall-e-scaled.webp\"><img class=\"alignnone wp-image-225673 size-full\" src=\"https:\/\/www.markt-kom.com\/wp-content\/uploads\/2024\/10\/A-creative-modern-space-with-groups-of-people-engaged-in-lively-discussions.-Generated-by-Dall-e-scaled.webp\" alt=\"Wirz Creative Business\" width=\"1400\" height=\"800\" \/><\/a>\r\n<figcaption id=\"caption-attachment-225673\" class=\"wp-caption-text\">\u00abA creative, modern space with groups of people engaged in lively discussions and Logo.\u00bb AI-generiertes Bild mit by Dall-e<\/figcaption>\r\n<\/figure>\r\n<p>Die Werbebranche steht vor Herausforderungen, die einen radikalen Wandel erforderlich machen \u2013 und <a href=\"https:\/\/www.wirz.ch\/\" rel=\"noopener\">Wirz<\/a> zeigt, dass eine traditionelle Agentur die Chance nutzen will, sich daf\u00fcr neu zu definieren.<\/p>\r\n<h3><strong>Wirz als \u00abCreative Business Partner\u00bb \u2013 Ein radikaler Bruch mit Traditionen<\/strong><\/h3>\r\n<p>Als \u00abCreative Business Partner\u00bb verabschiedet sich das Unternehmen von einer starren, aufwandsorientierten Abrechnung hin zu einem modellhaften Ansatz, der Kreativit\u00e4t als produktive Kraft in den Mittelpunkt stellt. Kund:innen zahlen nicht f\u00fcr aufgewendete Stunden, sondern f\u00fcr den messbaren Erfolg kreativer L\u00f6sungen. Dieser Umbruch mag f\u00fcr manche radikal erscheinen, doch in einer Zeit, in der klassische Strukturen der Werbung immer h\u00e4ufiger hinterfragt werden, setzt Wirz damit ein starkes Zeichen f\u00fcr Innovationsgeist und Anpassungsf\u00e4higkeit.<\/p>\r\n<h3><strong>Strategische Kreativit\u00e4t statt starrer Strukturen<\/strong><\/h3>\r\n<p>Die neuen Module wie \u00abBrand Capital\u00bb und \u00abNew Game\u00bb zeigen auf, wie weit die Agentur mit ihrer Transformation geht: Es geht um mehr als Werbung \u2013 es geht um strategische Kreativit\u00e4t, die in der Lage ist, tief in die Wertsch\u00f6pfungskette eines Unternehmens einzugreifen. Kreativit\u00e4t wird zum Motor f\u00fcr Wachstum und Mehrwert, der an den strategischen Zielen des Kunden orientiert ist. Doch dieser Wandel birgt auch Risiken, denn wie kann Kreativit\u00e4t bemessen werden? Das Versprechen, dass kreative Begleitung und strategische Beratung konkrete Ergebnisse liefern, ist ambitioniert und verlangt eine Neujustierung im Marktverst\u00e4ndnis der Branche.<\/p>\r\n<h3>Von strikten Abl\u00e4ufen zur flexiblen Kreativpartnerschaft<\/h3>\r\n<p>Ich erinnere mich an meine Zeit bei Wirz Mitte der 1990er, als die Agentur eine fast milit\u00e4rische Struktur pflegte \u2013 klare Hierarchien, engmaschige Kontrollen. Es war eine andere Zeit. Die Werbewelt wurde beherrscht von Print, Fernsehen und Plakatkampagnen. Digitales spielte keine Rolle, und die Idee von Kreativit\u00e4t war untrennbar verkn\u00fcpft mit handwerklichen F\u00e4higkeiten und dem Marktverst\u00e4ndnis f\u00fcr klassische Medien. Der aktuelle Wandel von Wirz unterstreicht, dass heute ganz andere Kompetenzen gefragt sind: Die Agentur strebt danach, sich als Partner f\u00fcr strategische Unternehmensziele zu positionieren und die Rolle der Kreativit\u00e4t in einen neuen, vielschichtigen Kontext zu stellen.<\/p>\r\n<h3><strong>Der Balanceakt zwischen Kreativit\u00e4t und wirtschaftlicher Realit\u00e4t<\/strong><\/h3>\r\n<p>Doch eines bleibt: Die Branche droht an Nachwuchs zu verlieren, weil kreative Talente sich immer \u00f6fter in anderen Bereichen verwirklichen. Ein Agentur-CEO sagte mir dazu k\u00fcrzlich: \u00abIch erlebe aktuell eine Hilflosigkeit in der Branche.\u00bb Und: In einer Zeit, in der gesellschaftliche Themen wie Diversit\u00e4t und Nachhaltigkeit \u2013 zurecht \u2013 an Bedeutung gewinnen, d\u00fcrfen sie nicht zur Ablenkung von wirtschaftlicher Realit\u00e4t werden. Vielmehr m\u00fcssen sie das kreative Potenzial erg\u00e4nzen, das die wahre Innovationskraft in dieser Branche ausmacht.<\/p>\r\n<figure id=\"attachment_225675\" class=\"wp-caption alignnone\" style=\"width: 1400px\" aria-describedby=\"caption-attachment-225675\"><a href=\"https:\/\/www.markt-kom.com\/wp-content\/uploads\/2024\/10\/A-dynamic-image-of-a-young-creative-talent-in-the-advertising-industry-collaborating-on-a-cool-innovative-strategy-with-a-colleague-generated-by-AI-Tool-Dall-e-scaled.webp\"><img class=\"size-full wp-image-225675\" src=\"https:\/\/www.markt-kom.com\/wp-content\/uploads\/2024\/10\/A-dynamic-image-of-a-young-creative-talent-in-the-advertising-industry-collaborating-on-a-cool-innovative-strategy-with-a-colleague-generated-by-AI-Tool-Dall-e-scaled.webp\" alt=\"\" width=\"1400\" height=\"800\" \/><\/a>\r\n<figcaption id=\"caption-attachment-225675\" class=\"wp-caption-text\">\u00abA dynamic image of a young, creative talent in the advertising industry collaborating on a cool, innovative strategy with a colleague\u00bb \u2013 generated by AI-Tool Dall-e<\/figcaption>\r\n<\/figure>\r\n<p>Wirz wagt den Schritt, Kreativit\u00e4t systematisch in den Dienst des Unternehmenswachstums zu stellen \u2013 eine mutige Entscheidung, die Respekt verdient. Ob dies langfristig gelingt, h\u00e4ngt davon ab, ob sich dieses Modell auch in der Praxis als nachhaltig erweist und ob es Kunden anzieht, die bereit sind, f\u00fcr Ergebnisse auch wirklich angemessen zu zahlen.<\/p>","protected":false},"excerpt":{"rendered":"<p>Eine traditionsreiche Werbeagentur wagt den tiefgreifenden Wandel und definiert sich als \u00abCreative Business Partner\u00bb neu. Als langj\u00e4hriges Mitglied der Branche erkenne ich: Kreative L\u00f6sungen an steigende wirtschaftliche Anforderungen anzupassen, erfordert Talent und Horizont. Gelingt es Wirz, der Branche frische Impulse zu geben?<\/p>\n","protected":false},"author":8,"featured_media":0,"comment_status":"closed","ping_status":"closed","sticky":false,"template":"","format":"standard","meta":{"_acf_changed":false,"_yoast_wpseo_focuskw":"Wirz Creative Business","_yoast_wpseo_metadesc":"Die Agentur Wirz setzt auf strategische Kreativit\u00e4t als \u00abCreative Business Partner\u00bb und bricht mit traditionellen Werbemodellen.","articlekey":"","footnotes":""},"categories":[29],"tags":[4345,4348],"class_list":["post-31343","post","type-post","status-publish","format-standard","hentry","category-marketing","tag-business","tag-mk-format"],"acf":[],"yoast_head":"<!-- This site is optimized with the Yoast SEO plugin v27.4 - https:\/\/yoast.com\/product\/yoast-seo-wordpress\/ -->\n<title>Mutiger Wandel bei Wirz \u2013 Gelingt die kreative Transformation? - Organisator<\/title>\n<meta name=\"description\" content=\"Die Agentur Wirz setzt auf strategische Kreativit\u00e4t als \u00abCreative Business Partner\u00bb und bricht mit traditionellen Werbemodellen.\" \/>\n<meta name=\"robots\" content=\"index, follow, max-snippet:-1, max-image-preview:large, max-video-preview:-1\" \/>\n<link rel=\"canonical\" href=\"https:\/\/www.organisator.ch\/de\/marketing\/2024-10-29\/mutiger-wandel-bei-wirz-gelingt-die-kreative-transformation\/\" \/>\n<meta property=\"og:locale\" content=\"de_DE\" \/>\n<meta property=\"og:type\" content=\"article\" \/>\n<meta property=\"og:title\" content=\"Mutiger Wandel bei Wirz \u2013 Gelingt die kreative Transformation? - Organisator\" \/>\n<meta property=\"og:description\" content=\"Die Agentur Wirz setzt auf strategische Kreativit\u00e4t als \u00abCreative Business Partner\u00bb und bricht mit traditionellen Werbemodellen.\" \/>\n<meta property=\"og:url\" content=\"https:\/\/www.organisator.ch\/de\/marketing\/2024-10-29\/mutiger-wandel-bei-wirz-gelingt-die-kreative-transformation\/\" \/>\n<meta property=\"og:site_name\" content=\"Organisator\" \/>\n<meta property=\"article:publisher\" content=\"https:\/\/www.facebook.com\/OrganisatorFachmagazin\" \/>\n<meta property=\"article:published_time\" content=\"2024-10-29T15:26:22+00:00\" \/>\n<meta property=\"article:modified_time\" content=\"2024-11-07T09:53:44+00:00\" \/>\n<meta property=\"og:image\" content=\"https:\/\/www.markt-kom.com\/wp-content\/uploads\/2024\/10\/A-creative-modern-space-with-groups-of-people-engaged-in-lively-discussions.-Generated-by-Dall-e-scaled.webp\" \/>\n<meta name=\"author\" content=\"galledia\" \/>\n<meta name=\"twitter:card\" content=\"summary_large_image\" \/>\n<meta name=\"twitter:creator\" content=\"@admin\" \/>\n<script type=\"application\/ld+json\" class=\"yoast-schema-graph\">{\"@context\":\"https:\\\/\\\/schema.org\",\"@graph\":[{\"@type\":\"Article\",\"@id\":\"https:\\\/\\\/www.organisator.ch\\\/marketing\\\/2024-10-29\\\/mutiger-wandel-bei-wirz-gelingt-die-kreative-transformation\\\/#article\",\"isPartOf\":{\"@id\":\"https:\\\/\\\/www.organisator.ch\\\/marketing\\\/2024-10-29\\\/mutiger-wandel-bei-wirz-gelingt-die-kreative-transformation\\\/\"},\"author\":{\"name\":\"galledia\",\"@id\":\"https:\\\/\\\/www.organisator.ch\\\/#\\\/schema\\\/person\\\/4e51799071cd2dd1232ac003643ef5f0\"},\"headline\":\"Mutiger Wandel bei Wirz \u2013 Gelingt die kreative Transformation?\",\"datePublished\":\"2024-10-29T15:26:22+00:00\",\"dateModified\":\"2024-11-07T09:53:44+00:00\",\"mainEntityOfPage\":{\"@id\":\"https:\\\/\\\/www.organisator.ch\\\/marketing\\\/2024-10-29\\\/mutiger-wandel-bei-wirz-gelingt-die-kreative-transformation\\\/\"},\"wordCount\":528,\"publisher\":{\"@id\":\"https:\\\/\\\/www.organisator.ch\\\/#organization\"},\"image\":{\"@id\":\"https:\\\/\\\/www.organisator.ch\\\/marketing\\\/2024-10-29\\\/mutiger-wandel-bei-wirz-gelingt-die-kreative-transformation\\\/#primaryimage\"},\"thumbnailUrl\":\"https:\\\/\\\/www.markt-kom.com\\\/wp-content\\\/uploads\\\/2024\\\/10\\\/A-creative-modern-space-with-groups-of-people-engaged-in-lively-discussions.-Generated-by-Dall-e-scaled.webp\",\"keywords\":[\"Business\",\"m&amp;k FORMAT\"],\"articleSection\":[\"MARKETING\"],\"inLanguage\":\"de\"},{\"@type\":\"WebPage\",\"@id\":\"https:\\\/\\\/www.organisator.ch\\\/marketing\\\/2024-10-29\\\/mutiger-wandel-bei-wirz-gelingt-die-kreative-transformation\\\/\",\"url\":\"https:\\\/\\\/www.organisator.ch\\\/marketing\\\/2024-10-29\\\/mutiger-wandel-bei-wirz-gelingt-die-kreative-transformation\\\/\",\"name\":\"Mutiger Wandel bei Wirz \u2013 Gelingt die kreative Transformation? - Organisator\",\"isPartOf\":{\"@id\":\"https:\\\/\\\/www.organisator.ch\\\/#website\"},\"primaryImageOfPage\":{\"@id\":\"https:\\\/\\\/www.organisator.ch\\\/marketing\\\/2024-10-29\\\/mutiger-wandel-bei-wirz-gelingt-die-kreative-transformation\\\/#primaryimage\"},\"image\":{\"@id\":\"https:\\\/\\\/www.organisator.ch\\\/marketing\\\/2024-10-29\\\/mutiger-wandel-bei-wirz-gelingt-die-kreative-transformation\\\/#primaryimage\"},\"thumbnailUrl\":\"https:\\\/\\\/www.markt-kom.com\\\/wp-content\\\/uploads\\\/2024\\\/10\\\/A-creative-modern-space-with-groups-of-people-engaged-in-lively-discussions.-Generated-by-Dall-e-scaled.webp\",\"datePublished\":\"2024-10-29T15:26:22+00:00\",\"dateModified\":\"2024-11-07T09:53:44+00:00\",\"description\":\"Die Agentur Wirz setzt auf strategische Kreativit\u00e4t als \u00abCreative Business Partner\u00bb und bricht mit traditionellen Werbemodellen.\",\"breadcrumb\":{\"@id\":\"https:\\\/\\\/www.organisator.ch\\\/marketing\\\/2024-10-29\\\/mutiger-wandel-bei-wirz-gelingt-die-kreative-transformation\\\/#breadcrumb\"},\"inLanguage\":\"de\",\"potentialAction\":[{\"@type\":\"ReadAction\",\"target\":[\"https:\\\/\\\/www.organisator.ch\\\/marketing\\\/2024-10-29\\\/mutiger-wandel-bei-wirz-gelingt-die-kreative-transformation\\\/\"]}]},{\"@type\":\"ImageObject\",\"inLanguage\":\"de\",\"@id\":\"https:\\\/\\\/www.organisator.ch\\\/marketing\\\/2024-10-29\\\/mutiger-wandel-bei-wirz-gelingt-die-kreative-transformation\\\/#primaryimage\",\"url\":\"https:\\\/\\\/www.markt-kom.com\\\/wp-content\\\/uploads\\\/2024\\\/10\\\/A-creative-modern-space-with-groups-of-people-engaged-in-lively-discussions.-Generated-by-Dall-e-scaled.webp\",\"contentUrl\":\"https:\\\/\\\/www.markt-kom.com\\\/wp-content\\\/uploads\\\/2024\\\/10\\\/A-creative-modern-space-with-groups-of-people-engaged-in-lively-discussions.-Generated-by-Dall-e-scaled.webp\"},{\"@type\":\"BreadcrumbList\",\"@id\":\"https:\\\/\\\/www.organisator.ch\\\/marketing\\\/2024-10-29\\\/mutiger-wandel-bei-wirz-gelingt-die-kreative-transformation\\\/#breadcrumb\",\"itemListElement\":[{\"@type\":\"ListItem\",\"position\":1,\"name\":\"Home\",\"item\":\"https:\\\/\\\/www.organisator.ch\\\/\"},{\"@type\":\"ListItem\",\"position\":2,\"name\":\"Mutiger Wandel bei Wirz \u2013 Gelingt die kreative Transformation?\"}]},{\"@type\":\"WebSite\",\"@id\":\"https:\\\/\\\/www.organisator.ch\\\/#website\",\"url\":\"https:\\\/\\\/www.organisator.ch\\\/\",\"name\":\"Organisator\",\"description\":\"Kompetent. Praxisnah. Der ORGANISATOR bereitet in 10 Ausgaben pro Jahr die wesentlichen Themen f\u00fcr F\u00fchrungskr\u00e4fte von KMU auf.\",\"publisher\":{\"@id\":\"https:\\\/\\\/www.organisator.ch\\\/#organization\"},\"potentialAction\":[{\"@type\":\"SearchAction\",\"target\":{\"@type\":\"EntryPoint\",\"urlTemplate\":\"https:\\\/\\\/www.organisator.ch\\\/?s={search_term_string}\"},\"query-input\":{\"@type\":\"PropertyValueSpecification\",\"valueRequired\":true,\"valueName\":\"search_term_string\"}}],\"inLanguage\":\"de\"},{\"@type\":\"Organization\",\"@id\":\"https:\\\/\\\/www.organisator.ch\\\/#organization\",\"name\":\"Organisator\",\"url\":\"https:\\\/\\\/www.organisator.ch\\\/\",\"logo\":{\"@type\":\"ImageObject\",\"inLanguage\":\"de\",\"@id\":\"https:\\\/\\\/www.organisator.ch\\\/#\\\/schema\\\/logo\\\/image\\\/\",\"url\":\"https:\\\/\\\/www.organisator.ch\\\/wp-content\\\/uploads\\\/2022\\\/01\\\/Logo_Organisator_Website.png\",\"contentUrl\":\"https:\\\/\\\/www.organisator.ch\\\/wp-content\\\/uploads\\\/2022\\\/01\\\/Logo_Organisator_Website.png\",\"width\":800,\"height\":77,\"caption\":\"Organisator\"},\"image\":{\"@id\":\"https:\\\/\\\/www.organisator.ch\\\/#\\\/schema\\\/logo\\\/image\\\/\"},\"sameAs\":[\"https:\\\/\\\/www.facebook.com\\\/OrganisatorFachmagazin\",\"https:\\\/\\\/www.linkedin.com\\\/showcase\\\/organisator-das-magazin-fr-kmu\",\"https:\\\/\\\/www.xing.com\\\/news\\\/pages\\\/organisator-ch-695\",\"https:\\\/\\\/www.youtube.com\\\/channel\\\/UCGP2Sq0iWaZwT3BdIAQFYpw\"]},{\"@type\":\"Person\",\"@id\":\"https:\\\/\\\/www.organisator.ch\\\/#\\\/schema\\\/person\\\/4e51799071cd2dd1232ac003643ef5f0\",\"name\":\"galledia\",\"image\":{\"@type\":\"ImageObject\",\"inLanguage\":\"de\",\"@id\":\"https:\\\/\\\/secure.gravatar.com\\\/avatar\\\/78a7f90c01fc2bfc875782a0d4922b37cde2cf184ce347b91316d23cd7f69a36?s=96&d=mm&r=g\",\"url\":\"https:\\\/\\\/secure.gravatar.com\\\/avatar\\\/78a7f90c01fc2bfc875782a0d4922b37cde2cf184ce347b91316d23cd7f69a36?s=96&d=mm&r=g\",\"contentUrl\":\"https:\\\/\\\/secure.gravatar.com\\\/avatar\\\/78a7f90c01fc2bfc875782a0d4922b37cde2cf184ce347b91316d23cd7f69a36?s=96&d=mm&r=g\",\"caption\":\"galledia\"},\"sameAs\":[\"https:\\\/\\\/x.com\\\/admin\"],\"url\":\"https:\\\/\\\/www.organisator.ch\\\/de\\\/author\\\/galledia\\\/\"}]}<\/script>\n<!-- \/ Yoast SEO plugin. -->","yoast_head_json":{"title":"Mutiger Wandel bei Wirz \u2013 Gelingt die kreative Transformation? - Organisator","description":"Die Agentur Wirz setzt auf strategische Kreativit\u00e4t als \u00abCreative Business Partner\u00bb und bricht mit traditionellen Werbemodellen.","robots":{"index":"index","follow":"follow","max-snippet":"max-snippet:-1","max-image-preview":"max-image-preview:large","max-video-preview":"max-video-preview:-1"},"canonical":"https:\/\/www.organisator.ch\/de\/marketing\/2024-10-29\/mutiger-wandel-bei-wirz-gelingt-die-kreative-transformation\/","og_locale":"de_DE","og_type":"article","og_title":"Mutiger Wandel bei Wirz \u2013 Gelingt die kreative Transformation? - Organisator","og_description":"Die Agentur Wirz setzt auf strategische Kreativit\u00e4t als \u00abCreative Business Partner\u00bb und bricht mit traditionellen Werbemodellen.","og_url":"https:\/\/www.organisator.ch\/de\/marketing\/2024-10-29\/mutiger-wandel-bei-wirz-gelingt-die-kreative-transformation\/","og_site_name":"Organisator","article_publisher":"https:\/\/www.facebook.com\/OrganisatorFachmagazin","article_published_time":"2024-10-29T15:26:22+00:00","article_modified_time":"2024-11-07T09:53:44+00:00","og_image":[{"url":"https:\/\/www.markt-kom.com\/wp-content\/uploads\/2024\/10\/A-creative-modern-space-with-groups-of-people-engaged-in-lively-discussions.-Generated-by-Dall-e-scaled.webp","type":"","width":"","height":""}],"author":"galledia","twitter_card":"summary_large_image","twitter_creator":"@admin","schema":{"@context":"https:\/\/schema.org","@graph":[{"@type":"Article","@id":"https:\/\/www.organisator.ch\/marketing\/2024-10-29\/mutiger-wandel-bei-wirz-gelingt-die-kreative-transformation\/#article","isPartOf":{"@id":"https:\/\/www.organisator.ch\/marketing\/2024-10-29\/mutiger-wandel-bei-wirz-gelingt-die-kreative-transformation\/"},"author":{"name":"galledia","@id":"https:\/\/www.organisator.ch\/#\/schema\/person\/4e51799071cd2dd1232ac003643ef5f0"},"headline":"Mutiger Wandel bei Wirz \u2013 Gelingt die kreative Transformation?","datePublished":"2024-10-29T15:26:22+00:00","dateModified":"2024-11-07T09:53:44+00:00","mainEntityOfPage":{"@id":"https:\/\/www.organisator.ch\/marketing\/2024-10-29\/mutiger-wandel-bei-wirz-gelingt-die-kreative-transformation\/"},"wordCount":528,"publisher":{"@id":"https:\/\/www.organisator.ch\/#organization"},"image":{"@id":"https:\/\/www.organisator.ch\/marketing\/2024-10-29\/mutiger-wandel-bei-wirz-gelingt-die-kreative-transformation\/#primaryimage"},"thumbnailUrl":"https:\/\/www.markt-kom.com\/wp-content\/uploads\/2024\/10\/A-creative-modern-space-with-groups-of-people-engaged-in-lively-discussions.-Generated-by-Dall-e-scaled.webp","keywords":["Business","m&amp;k FORMAT"],"articleSection":["MARKETING"],"inLanguage":"de"},{"@type":"WebPage","@id":"https:\/\/www.organisator.ch\/marketing\/2024-10-29\/mutiger-wandel-bei-wirz-gelingt-die-kreative-transformation\/","url":"https:\/\/www.organisator.ch\/marketing\/2024-10-29\/mutiger-wandel-bei-wirz-gelingt-die-kreative-transformation\/","name":"Mutiger Wandel bei Wirz \u2013 Gelingt die kreative Transformation? - Organisator","isPartOf":{"@id":"https:\/\/www.organisator.ch\/#website"},"primaryImageOfPage":{"@id":"https:\/\/www.organisator.ch\/marketing\/2024-10-29\/mutiger-wandel-bei-wirz-gelingt-die-kreative-transformation\/#primaryimage"},"image":{"@id":"https:\/\/www.organisator.ch\/marketing\/2024-10-29\/mutiger-wandel-bei-wirz-gelingt-die-kreative-transformation\/#primaryimage"},"thumbnailUrl":"https:\/\/www.markt-kom.com\/wp-content\/uploads\/2024\/10\/A-creative-modern-space-with-groups-of-people-engaged-in-lively-discussions.-Generated-by-Dall-e-scaled.webp","datePublished":"2024-10-29T15:26:22+00:00","dateModified":"2024-11-07T09:53:44+00:00","description":"Die Agentur Wirz setzt auf strategische Kreativit\u00e4t als \u00abCreative Business Partner\u00bb und bricht mit traditionellen Werbemodellen.","breadcrumb":{"@id":"https:\/\/www.organisator.ch\/marketing\/2024-10-29\/mutiger-wandel-bei-wirz-gelingt-die-kreative-transformation\/#breadcrumb"},"inLanguage":"de","potentialAction":[{"@type":"ReadAction","target":["https:\/\/www.organisator.ch\/marketing\/2024-10-29\/mutiger-wandel-bei-wirz-gelingt-die-kreative-transformation\/"]}]},{"@type":"ImageObject","inLanguage":"de","@id":"https:\/\/www.organisator.ch\/marketing\/2024-10-29\/mutiger-wandel-bei-wirz-gelingt-die-kreative-transformation\/#primaryimage","url":"https:\/\/www.markt-kom.com\/wp-content\/uploads\/2024\/10\/A-creative-modern-space-with-groups-of-people-engaged-in-lively-discussions.-Generated-by-Dall-e-scaled.webp","contentUrl":"https:\/\/www.markt-kom.com\/wp-content\/uploads\/2024\/10\/A-creative-modern-space-with-groups-of-people-engaged-in-lively-discussions.-Generated-by-Dall-e-scaled.webp"},{"@type":"BreadcrumbList","@id":"https:\/\/www.organisator.ch\/marketing\/2024-10-29\/mutiger-wandel-bei-wirz-gelingt-die-kreative-transformation\/#breadcrumb","itemListElement":[{"@type":"ListItem","position":1,"name":"Home","item":"https:\/\/www.organisator.ch\/"},{"@type":"ListItem","position":2,"name":"Mutiger Wandel bei Wirz \u2013 Gelingt die kreative Transformation?"}]},{"@type":"WebSite","@id":"https:\/\/www.organisator.ch\/#website","url":"https:\/\/www.organisator.ch\/","name":"Organisator","description":"Kompetent. Praxisnah. Der ORGANISATOR bereitet in 10 Ausgaben pro Jahr die wesentlichen Themen f\u00fcr F\u00fchrungskr\u00e4fte von KMU auf.","publisher":{"@id":"https:\/\/www.organisator.ch\/#organization"},"potentialAction":[{"@type":"SearchAction","target":{"@type":"EntryPoint","urlTemplate":"https:\/\/www.organisator.ch\/?s={search_term_string}"},"query-input":{"@type":"PropertyValueSpecification","valueRequired":true,"valueName":"search_term_string"}}],"inLanguage":"de"},{"@type":"Organization","@id":"https:\/\/www.organisator.ch\/#organization","name":"Organisator","url":"https:\/\/www.organisator.ch\/","logo":{"@type":"ImageObject","inLanguage":"de","@id":"https:\/\/www.organisator.ch\/#\/schema\/logo\/image\/","url":"https:\/\/www.organisator.ch\/wp-content\/uploads\/2022\/01\/Logo_Organisator_Website.png","contentUrl":"https:\/\/www.organisator.ch\/wp-content\/uploads\/2022\/01\/Logo_Organisator_Website.png","width":800,"height":77,"caption":"Organisator"},"image":{"@id":"https:\/\/www.organisator.ch\/#\/schema\/logo\/image\/"},"sameAs":["https:\/\/www.facebook.com\/OrganisatorFachmagazin","https:\/\/www.linkedin.com\/showcase\/organisator-das-magazin-fr-kmu","https:\/\/www.xing.com\/news\/pages\/organisator-ch-695","https:\/\/www.youtube.com\/channel\/UCGP2Sq0iWaZwT3BdIAQFYpw"]},{"@type":"Person","@id":"https:\/\/www.organisator.ch\/#\/schema\/person\/4e51799071cd2dd1232ac003643ef5f0","name":"galledia","image":{"@type":"ImageObject","inLanguage":"de","@id":"https:\/\/secure.gravatar.com\/avatar\/78a7f90c01fc2bfc875782a0d4922b37cde2cf184ce347b91316d23cd7f69a36?s=96&d=mm&r=g","url":"https:\/\/secure.gravatar.com\/avatar\/78a7f90c01fc2bfc875782a0d4922b37cde2cf184ce347b91316d23cd7f69a36?s=96&d=mm&r=g","contentUrl":"https:\/\/secure.gravatar.com\/avatar\/78a7f90c01fc2bfc875782a0d4922b37cde2cf184ce347b91316d23cd7f69a36?s=96&d=mm&r=g","caption":"galledia"},"sameAs":["https:\/\/x.com\/admin"],"url":"https:\/\/www.organisator.ch\/de\/author\/galledia\/"}]}},"_links":{"self":[{"href":"https:\/\/www.organisator.ch\/de\/wp-json\/wp\/v2\/posts\/31343","targetHints":{"allow":["GET"]}}],"collection":[{"href":"https:\/\/www.organisator.ch\/de\/wp-json\/wp\/v2\/posts"}],"about":[{"href":"https:\/\/www.organisator.ch\/de\/wp-json\/wp\/v2\/types\/post"}],"author":[{"embeddable":true,"href":"https:\/\/www.organisator.ch\/de\/wp-json\/wp\/v2\/users\/8"}],"replies":[{"embeddable":true,"href":"https:\/\/www.organisator.ch\/de\/wp-json\/wp\/v2\/comments?post=31343"}],"version-history":[{"count":4,"href":"https:\/\/www.organisator.ch\/de\/wp-json\/wp\/v2\/posts\/31343\/revisions"}],"predecessor-version":[{"id":31694,"href":"https:\/\/www.organisator.ch\/de\/wp-json\/wp\/v2\/posts\/31343\/revisions\/31694"}],"wp:attachment":[{"href":"https:\/\/www.organisator.ch\/de\/wp-json\/wp\/v2\/media?parent=31343"}],"wp:term":[{"taxonomy":"category","embeddable":true,"href":"https:\/\/www.organisator.ch\/de\/wp-json\/wp\/v2\/categories?post=31343"},{"taxonomy":"post_tag","embeddable":true,"href":"https:\/\/www.organisator.ch\/de\/wp-json\/wp\/v2\/tags?post=31343"}],"curies":[{"name":"wp","href":"https:\/\/api.w.org\/{rel}","templated":true}]}}