{"id":31384,"date":"2024-10-31T12:55:54","date_gmt":"2024-10-31T11:55:54","guid":{"rendered":"https:\/\/www.organisator.ch\/?p=31384"},"modified":"2024-10-30T13:30:00","modified_gmt":"2024-10-30T12:30:00","slug":"kreislaufwirtschaft-stillstand-im-schweizer-detailhandel","status":"publish","type":"post","link":"https:\/\/www.organisator.ch\/de\/sustainability\/2024-10-31\/kreislaufwirtschaft-stillstand-im-schweizer-detailhandel\/","title":{"rendered":"Kreislaufwirtschaft: Stillstand im Schweizer Detailhandel"},"content":{"rendered":"<figure id=\"attachment_31386\" aria-describedby=\"caption-attachment-31386\" style=\"width: 680px\" class=\"wp-caption alignnone\"><img loading=\"lazy\" decoding=\"async\" class=\"size-full wp-image-31386\" src=\"https:\/\/www.organisator.ch\/wp-content\/uploads\/2024\/10\/Greenpeace_Bild1_ps.jpg\" alt=\"\" width=\"680\" height=\"425\" srcset=\"https:\/\/www.organisator.ch\/wp-content\/uploads\/2024\/10\/Greenpeace_Bild1_ps.jpg 680w, https:\/\/www.organisator.ch\/wp-content\/uploads\/2024\/10\/Greenpeace_Bild1_ps-18x12.jpg 18w, https:\/\/www.organisator.ch\/wp-content\/uploads\/2024\/10\/Greenpeace_Bild1_ps-375x234.jpg 375w, https:\/\/www.organisator.ch\/wp-content\/uploads\/2024\/10\/Greenpeace_Bild1_ps-560x350.jpg 560w\" sizes=\"auto, (max-width: 680px) 100vw, 680px\" \/><figcaption id=\"caption-attachment-31386\" class=\"wp-caption-text\">Kein Detailh\u00e4ndler erf\u00fcllt die Anforderungen der Kreislaufwirtschaft. (Bild: www.greenpeace.ch)<\/figcaption><\/figure>\n<p>Greenpeace ruft die Detailh\u00e4ndler auf, rasch und konsequent auf eine Kreislaufwirtschaft umzustellen, die eine l\u00e4ngere Nutzungsdauer von Produkten priorisiert.\u00a0<\/p>\n<p>Im Jahr 2022 ver\u00f6ffentlichte Greenpeace Schweiz die erste Vergleichsstudie zum Stand der Kreislaufwirtschaft im Schweizer Detailhandel. Das Fazit: Es bleibt f\u00fcr alle noch viel zu tun und die Unterschiede sind gross. Zwei Jahre sp\u00e4ter hat Greenpeace dieselben zw\u00f6lf Detailh\u00e4ndler wiederum befragt. Die Ergebnisse findet Greenpeace entt\u00e4uschend: Kein Detailh\u00e4ndler erf\u00fcllt die Anforderungen der Kreislaufwirtschaft. Gegen\u00fcber 2022 gibt es kaum Fortschritte.\u00a0<\/p>\n<p>Der Detailhandel spielt eine Schl\u00fcsselrolle bei der Umsetzung der Kreislaufwirtschaft in der Schweiz: Er verbindet Hersteller und Lieferanten mit den Konsument:innen \u2013 und kann beide Seiten beeinflussen. Der Detailhandel k\u00f6nnte Dienstleistungen anbieten, gebrauchte Produkte wieder verkaufen, Reparaturen zug\u00e4nglich machen. Kurz: Der Detailhandel k\u00f6nnte daf\u00fcr sorgen, dass viele Produkte massiv l\u00e4nger genutzt werden. Damit w\u00fcrde er einen wichtigen Beitrag leisten zum Schutz von Klima und Umwelt.\u00a0<\/p>\n<p>Diese M\u00f6glichkeiten nutzt der Detailhandel kaum, wie die Umfrage zeigt. Insgesamt gibt es wenig Fortschritte im Bereich Kreislaufwirtschaft. Die zwei bestplatzierten Migros und Coop haben gegen\u00fcber 2022 kaum Fortschritte gemacht und bleiben weit vom Ziel entfernt. Digitec Galaxus, Landi, Manor und Richemont k\u00f6nnen einige Verbesserungen vorweisen. Brack.ch schneidet sogar schlechter ab als 2022. Amazon, Globus und Otto\u2019s haben gar keine Fragen beantwortet.<\/p>\n<figure id=\"attachment_31385\" aria-describedby=\"caption-attachment-31385\" style=\"width: 680px\" class=\"wp-caption alignnone\"><img loading=\"lazy\" decoding=\"async\" class=\"size-full wp-image-31385\" src=\"https:\/\/www.organisator.ch\/wp-content\/uploads\/2024\/10\/Greenpeace_Grafik_Bild2_ps.jpg\" alt=\"\" width=\"680\" height=\"286\" srcset=\"https:\/\/www.organisator.ch\/wp-content\/uploads\/2024\/10\/Greenpeace_Grafik_Bild2_ps.jpg 680w, https:\/\/www.organisator.ch\/wp-content\/uploads\/2024\/10\/Greenpeace_Grafik_Bild2_ps-18x8.jpg 18w, https:\/\/www.organisator.ch\/wp-content\/uploads\/2024\/10\/Greenpeace_Grafik_Bild2_ps-375x158.jpg 375w\" sizes=\"auto, (max-width: 680px) 100vw, 680px\" \/><figcaption id=\"caption-attachment-31385\" class=\"wp-caption-text\">(Bild: www.greenpeace.ch)<\/figcaption><\/figure>\n<h3><strong>Kreislaufwirtschaft: Weit mehr als Recycling<\/strong><\/h3>\n<p>In einer langsamen Kreislaufwirtschaft w\u00fcrden Detailh\u00e4ndler nur schadstofffreie, langlebige, reparierbare und modulare Produkte verkaufen, die zuverl\u00e4ssig funktionieren und nach Wiederaufbereitung, ganz am Ende ihres Lebenszyklus, vollst\u00e4ndig recycelt werden. Gemeinsam mit Herstellern und Partnern boten sie vor allem kreislauff\u00e4hige Dienstleistungen wie Mietmodelle, Secondhand, Wiederaufbereitung oder Reparaturen an.\u00a0<\/p>\n<p>Laut Greenpeace gibt es insbesondere bei der Wiederaufbereitung noch viel Potenzial im Schweizer Detailhandel. Vorhanden sind lediglich erste Ans\u00e4tze, meist in Form von R\u00fccknahme- und Wiederverkaufsportalen. Diese nehmen eine kleine Auswahl an neuen Produkten in gutem Zustand zur\u00fcck, um sie wieder zu verkaufen. Das ist zwar lobenswert, hat aber mit Wiederaufbereitung wenig zu tun. Der Gutschein, der bei der R\u00fccknahme offeriert wird, dient vor allem als Anreiz f\u00fcr den Kauf von Neuware. Stattdessen m\u00fcssten Detailh\u00e4ndler viel mehr Produkte wieder annehmen. Nach dem Wiederaufbereitungsprozess w\u00fcrden sie als gebrauchte und getestete Produkte mit Garantie im Wirtschaftskreislauf verbleiben.<\/p>\n<p>\u00abAn unserer Vision gemessen, ist das Schneckentempo, mit dem sich die Detailh\u00e4ndler auf die Kreislaufwirtschaft zubewegen, v\u00f6llig unzureichend. Punktuelle Bem\u00fchungen und Pilotprojekte t\u00e4uschen dar\u00fcber nicht hinweg\u00bb, sagt Jo\u00eblle H\u00e9rin, Expertin f\u00fcr Konsum und Kreislaufwirtschaft bei Greenpeace Schweiz. \u00abDie Detailh\u00e4ndler m\u00fcssen Kreislaufwirtschaft endlich konsequenter, schneller und ganzheitlich realisieren \u2013 weit \u00fcber das Recycling hinaus.\u00bb\u00a0<\/p>\n<p><em>Quelle: <a href=\"http:\/\/url8849.greenpeace.ch\/ls\/click?upn=u001.4fy19utFy0oiar-2BsiBr50YugvZI5G5FYeBxF4Z5ilMce1yNErSx9fYmSVrXtXE795WOh_4jONtdJ4LK-2FbrRpX1xmCwNt72j2n1I4FY7ryu1dqlxHv1rkT6jup8yA5BeXqKBgQyGeZ5RcnebQoyb1zDt2-2BKcu-2FvgElXnqItX3ug8buowXiZVKRmWHy6TF4kmxFO0OQFxIG06oZV2QPiWXFAOahyTjCumpCikWUVUbxM51HXHVRcVuwNBeQo4AEM6YX6-2F3UMrihmGTBGaM6zvEQPcQM0Sn1fcJ2UVESOsd1H6IuE2zNComuTfM9G3lLDdN6A0DrOHOHKNxLYXPNJMJc5bDimadtSKx-2BXyT-2BJ5s7MOV1kgYpF0gYu8XQFaxoDz5hqmobiQVcB2t0MIGBPBnNHQiOo0Y-2FwSffCTrpzRynSC-2BufDpNvdER1gRLoocIThT5G2jI1zNRIOIenwZACktZuO7B59Q5umNPVL59So-2F238Io1mohKVKR5odeeuPBrmtVnp-2FcpxDnnGmEsEqVv3l-2FQWRpXLJ2vwg-2Fp6LTN-2FchExMizaB7oA9R9nMMghddMcUsmCTadjT0txs2A4gJ-2FNQVTYXQOv0aY0WDY53aqn1jqkXYjvYqqjr2X8ylu6YbNAvboRaEaUJjyoscaxIzZwn75YFsNDBCIHu9xtHt0ACg9aO1iFYeQoDe-2BLKWOkPLWPYMyYoE5Ix5oEM-2F8Y1C0FyjrnlmB3DHY0Q9xUb0MzIpwoZmX7NAdNIt1xeEqBHsAt2tA3Bh4h0QGXGBTxu8P6KBgmztCennarGkd4-2FCD9XkFZ5znUisbYk3CwVyDu6shZ6NEMDJ3Ksg-2FMm0FfH5xsTLAgqP1-2BetuXx3h8XzKX1lq8EmJJ2vo8BLFonPW3C-2B92gdRkSht7foTnjI4n8OzA7sM2pUII96OsdU-2BhzCDbbTeXuvBnXsWb2YRam51gpZp32CvAvT7Sc0ybspVF8MfDBVuVPVMw-3D-3D\">www.greenpeace.ch<\/a><\/em><\/p>\n","protected":false},"excerpt":{"rendered":"<p>In Sachen Kreislaufwirtschaft macht der Schweizer Detailhandel kaum Fortschritte. Zu diesem Ergebnis kommt Greenpeace Schweiz nach der Auswertung einer Umfrage unter den zw\u00f6lf gr\u00f6ssten Non-Food-Detailh\u00e4ndlern in der Schweiz. Am besten schneidet die Migros ab, obwohl sie seit 2022 kaum Fortschritte vorweisen kann. Brack.ch hat in den letzten beiden Jahren sogar R\u00fcckschritte gemacht. <\/p>\n","protected":false},"author":58,"featured_media":31386,"comment_status":"closed","ping_status":"closed","sticky":false,"template":"","format":"standard","meta":{"_acf_changed":false,"_yoast_wpseo_focuskw":"Kreislaufwirtschaft","_yoast_wpseo_metadesc":"In Sachen Kreislaufwirtschaft macht der Schweizer Detailhandel kaum Fortschritte. Zu diesem Ergebnis kommt Greenpeace Schweiz nach der Auswertung einer Umfrage.","articlekey":"","footnotes":""},"categories":[580],"tags":[149,594,1787,424,492],"class_list":["post-31384","post","type-post","status-publish","format-standard","has-post-thumbnail","hentry","category-sustainability","tag-detailhandel","tag-kreislaufwirtschaft","tag-nachhaltigkeit","tag-schweiz","tag-unternehmen"],"acf":[],"yoast_head":"<!-- This site is optimized with the Yoast SEO plugin v27.4 - https:\/\/yoast.com\/product\/yoast-seo-wordpress\/ -->\n<title>Kreislaufwirtschaft: Stillstand im Schweizer Detailhandel - Organisator<\/title>\n<meta name=\"description\" content=\"In Sachen Kreislaufwirtschaft macht der Schweizer Detailhandel kaum Fortschritte. Zu diesem Ergebnis kommt Greenpeace Schweiz nach der Auswertung einer Umfrage.\" \/>\n<meta name=\"robots\" content=\"index, follow, max-snippet:-1, max-image-preview:large, max-video-preview:-1\" \/>\n<link rel=\"canonical\" href=\"https:\/\/www.organisator.ch\/de\/sustainability\/2024-10-31\/kreislaufwirtschaft-stillstand-im-schweizer-detailhandel\/\" \/>\n<meta property=\"og:locale\" content=\"de_DE\" \/>\n<meta property=\"og:type\" content=\"article\" \/>\n<meta property=\"og:title\" content=\"Kreislaufwirtschaft: Stillstand im Schweizer Detailhandel\" \/>\n<meta property=\"og:description\" content=\"In Sachen Kreislaufwirtschaft macht der Schweizer Detailhandel kaum Fortschritte. Zu diesem Ergebnis kommt Greenpeace Schweiz nach der Auswertung einer Umfrage.\" \/>\n<meta property=\"og:url\" content=\"https:\/\/www.organisator.ch\/de\/sustainability\/2024-10-31\/kreislaufwirtschaft-stillstand-im-schweizer-detailhandel\/\" \/>\n<meta property=\"og:site_name\" content=\"Organisator\" \/>\n<meta property=\"article:publisher\" content=\"https:\/\/www.facebook.com\/OrganisatorFachmagazin\" \/>\n<meta property=\"article:published_time\" content=\"2024-10-31T11:55:54+00:00\" \/>\n<meta property=\"og:image\" content=\"https:\/\/www.organisator.ch\/wp-content\/uploads\/2024\/10\/Greenpeace_Bild1_ps.jpg\" \/>\n\t<meta property=\"og:image:width\" content=\"680\" \/>\n\t<meta property=\"og:image:height\" content=\"425\" \/>\n\t<meta property=\"og:image:type\" content=\"image\/jpeg\" \/>\n<meta name=\"author\" content=\"Adelisa Kalajdzini\" \/>\n<meta name=\"twitter:card\" content=\"summary_large_image\" \/>\n<meta name=\"twitter:title\" content=\"Kreislaufwirtschaft: Stillstand im Schweizer Detailhandel\" \/>\n<meta name=\"twitter:description\" content=\"In Sachen #Kreislaufwirtschaft macht der #Schweizer #Detailhandel kaum #Fortschritte. Zu diesem #Ergebnis kommt #Greenpeace Schweiz nach der Auswertung einer #Umfrage.\" \/>\n<meta name=\"twitter:image\" content=\"https:\/\/www.organisator.ch\/wp-content\/uploads\/2024\/10\/Greenpeace_Bild1_ps.jpg\" \/>\n<script type=\"application\/ld+json\" class=\"yoast-schema-graph\">{\"@context\":\"https:\\\/\\\/schema.org\",\"@graph\":[{\"@type\":\"Article\",\"@id\":\"https:\\\/\\\/www.organisator.ch\\\/sustainability\\\/2024-10-31\\\/kreislaufwirtschaft-stillstand-im-schweizer-detailhandel\\\/#article\",\"isPartOf\":{\"@id\":\"https:\\\/\\\/www.organisator.ch\\\/sustainability\\\/2024-10-31\\\/kreislaufwirtschaft-stillstand-im-schweizer-detailhandel\\\/\"},\"author\":{\"name\":\"Adelisa Kalajdzini\",\"@id\":\"https:\\\/\\\/www.organisator.ch\\\/#\\\/schema\\\/person\\\/2e1314a2172123f874db408d8911d3f3\"},\"headline\":\"Kreislaufwirtschaft: Stillstand im Schweizer Detailhandel\",\"datePublished\":\"2024-10-31T11:55:54+00:00\",\"mainEntityOfPage\":{\"@id\":\"https:\\\/\\\/www.organisator.ch\\\/sustainability\\\/2024-10-31\\\/kreislaufwirtschaft-stillstand-im-schweizer-detailhandel\\\/\"},\"wordCount\":485,\"publisher\":{\"@id\":\"https:\\\/\\\/www.organisator.ch\\\/#organization\"},\"image\":{\"@id\":\"https:\\\/\\\/www.organisator.ch\\\/sustainability\\\/2024-10-31\\\/kreislaufwirtschaft-stillstand-im-schweizer-detailhandel\\\/#primaryimage\"},\"thumbnailUrl\":\"https:\\\/\\\/www.organisator.ch\\\/wp-content\\\/uploads\\\/2024\\\/10\\\/Greenpeace_Bild1_ps.jpg\",\"keywords\":[\"Detailhandel\",\"Kreislaufwirtschaft\",\"Nachhaltigkeit\",\"Schweiz\",\"Unternehmen\"],\"articleSection\":[\"SUSTAINABILITY\"],\"inLanguage\":\"de\"},{\"@type\":\"WebPage\",\"@id\":\"https:\\\/\\\/www.organisator.ch\\\/sustainability\\\/2024-10-31\\\/kreislaufwirtschaft-stillstand-im-schweizer-detailhandel\\\/\",\"url\":\"https:\\\/\\\/www.organisator.ch\\\/sustainability\\\/2024-10-31\\\/kreislaufwirtschaft-stillstand-im-schweizer-detailhandel\\\/\",\"name\":\"Kreislaufwirtschaft: Stillstand im Schweizer Detailhandel - Organisator\",\"isPartOf\":{\"@id\":\"https:\\\/\\\/www.organisator.ch\\\/#website\"},\"primaryImageOfPage\":{\"@id\":\"https:\\\/\\\/www.organisator.ch\\\/sustainability\\\/2024-10-31\\\/kreislaufwirtschaft-stillstand-im-schweizer-detailhandel\\\/#primaryimage\"},\"image\":{\"@id\":\"https:\\\/\\\/www.organisator.ch\\\/sustainability\\\/2024-10-31\\\/kreislaufwirtschaft-stillstand-im-schweizer-detailhandel\\\/#primaryimage\"},\"thumbnailUrl\":\"https:\\\/\\\/www.organisator.ch\\\/wp-content\\\/uploads\\\/2024\\\/10\\\/Greenpeace_Bild1_ps.jpg\",\"datePublished\":\"2024-10-31T11:55:54+00:00\",\"description\":\"In Sachen Kreislaufwirtschaft macht der Schweizer Detailhandel kaum Fortschritte. Zu diesem Ergebnis kommt Greenpeace Schweiz nach der Auswertung einer Umfrage.\",\"breadcrumb\":{\"@id\":\"https:\\\/\\\/www.organisator.ch\\\/sustainability\\\/2024-10-31\\\/kreislaufwirtschaft-stillstand-im-schweizer-detailhandel\\\/#breadcrumb\"},\"inLanguage\":\"de\",\"potentialAction\":[{\"@type\":\"ReadAction\",\"target\":[\"https:\\\/\\\/www.organisator.ch\\\/sustainability\\\/2024-10-31\\\/kreislaufwirtschaft-stillstand-im-schweizer-detailhandel\\\/\"]}]},{\"@type\":\"ImageObject\",\"inLanguage\":\"de\",\"@id\":\"https:\\\/\\\/www.organisator.ch\\\/sustainability\\\/2024-10-31\\\/kreislaufwirtschaft-stillstand-im-schweizer-detailhandel\\\/#primaryimage\",\"url\":\"https:\\\/\\\/www.organisator.ch\\\/wp-content\\\/uploads\\\/2024\\\/10\\\/Greenpeace_Bild1_ps.jpg\",\"contentUrl\":\"https:\\\/\\\/www.organisator.ch\\\/wp-content\\\/uploads\\\/2024\\\/10\\\/Greenpeace_Bild1_ps.jpg\",\"width\":680,\"height\":425,\"caption\":\"Kein Detailh\u00e4ndler erf\u00fcllt die Anforderungen der Kreislaufwirtschaft. (Bild: www.greenpeace.ch)\"},{\"@type\":\"BreadcrumbList\",\"@id\":\"https:\\\/\\\/www.organisator.ch\\\/sustainability\\\/2024-10-31\\\/kreislaufwirtschaft-stillstand-im-schweizer-detailhandel\\\/#breadcrumb\",\"itemListElement\":[{\"@type\":\"ListItem\",\"position\":1,\"name\":\"Home\",\"item\":\"https:\\\/\\\/www.organisator.ch\\\/\"},{\"@type\":\"ListItem\",\"position\":2,\"name\":\"Kreislaufwirtschaft: Stillstand im Schweizer Detailhandel\"}]},{\"@type\":\"WebSite\",\"@id\":\"https:\\\/\\\/www.organisator.ch\\\/#website\",\"url\":\"https:\\\/\\\/www.organisator.ch\\\/\",\"name\":\"Organisator\",\"description\":\"Kompetent. Praxisnah. Der ORGANISATOR bereitet in 10 Ausgaben pro Jahr die wesentlichen Themen f\u00fcr F\u00fchrungskr\u00e4fte von KMU auf.\",\"publisher\":{\"@id\":\"https:\\\/\\\/www.organisator.ch\\\/#organization\"},\"potentialAction\":[{\"@type\":\"SearchAction\",\"target\":{\"@type\":\"EntryPoint\",\"urlTemplate\":\"https:\\\/\\\/www.organisator.ch\\\/?s={search_term_string}\"},\"query-input\":{\"@type\":\"PropertyValueSpecification\",\"valueRequired\":true,\"valueName\":\"search_term_string\"}}],\"inLanguage\":\"de\"},{\"@type\":\"Organization\",\"@id\":\"https:\\\/\\\/www.organisator.ch\\\/#organization\",\"name\":\"Organisator\",\"url\":\"https:\\\/\\\/www.organisator.ch\\\/\",\"logo\":{\"@type\":\"ImageObject\",\"inLanguage\":\"de\",\"@id\":\"https:\\\/\\\/www.organisator.ch\\\/#\\\/schema\\\/logo\\\/image\\\/\",\"url\":\"https:\\\/\\\/www.organisator.ch\\\/wp-content\\\/uploads\\\/2022\\\/01\\\/Logo_Organisator_Website.png\",\"contentUrl\":\"https:\\\/\\\/www.organisator.ch\\\/wp-content\\\/uploads\\\/2022\\\/01\\\/Logo_Organisator_Website.png\",\"width\":800,\"height\":77,\"caption\":\"Organisator\"},\"image\":{\"@id\":\"https:\\\/\\\/www.organisator.ch\\\/#\\\/schema\\\/logo\\\/image\\\/\"},\"sameAs\":[\"https:\\\/\\\/www.facebook.com\\\/OrganisatorFachmagazin\",\"https:\\\/\\\/www.linkedin.com\\\/showcase\\\/organisator-das-magazin-fr-kmu\",\"https:\\\/\\\/www.xing.com\\\/news\\\/pages\\\/organisator-ch-695\",\"https:\\\/\\\/www.youtube.com\\\/channel\\\/UCGP2Sq0iWaZwT3BdIAQFYpw\"]},{\"@type\":\"Person\",\"@id\":\"https:\\\/\\\/www.organisator.ch\\\/#\\\/schema\\\/person\\\/2e1314a2172123f874db408d8911d3f3\",\"name\":\"Adelisa Kalajdzini\",\"image\":{\"@type\":\"ImageObject\",\"inLanguage\":\"de\",\"@id\":\"https:\\\/\\\/secure.gravatar.com\\\/avatar\\\/09a397c22ac58cad6f160ee8306348599df9df58a8ede73696226897b9fa4b24?s=96&d=mm&r=g\",\"url\":\"https:\\\/\\\/secure.gravatar.com\\\/avatar\\\/09a397c22ac58cad6f160ee8306348599df9df58a8ede73696226897b9fa4b24?s=96&d=mm&r=g\",\"contentUrl\":\"https:\\\/\\\/secure.gravatar.com\\\/avatar\\\/09a397c22ac58cad6f160ee8306348599df9df58a8ede73696226897b9fa4b24?s=96&d=mm&r=g\",\"caption\":\"Adelisa Kalajdzini\"},\"url\":\"https:\\\/\\\/www.organisator.ch\\\/de\\\/author\\\/adelisa-kalajdzini\\\/\"}]}<\/script>\n<!-- \/ Yoast SEO plugin. -->","yoast_head_json":{"title":"Kreislaufwirtschaft: Stillstand im Schweizer Detailhandel - Organisator","description":"In Sachen Kreislaufwirtschaft macht der Schweizer Detailhandel kaum Fortschritte. Zu diesem Ergebnis kommt Greenpeace Schweiz nach der Auswertung einer Umfrage.","robots":{"index":"index","follow":"follow","max-snippet":"max-snippet:-1","max-image-preview":"max-image-preview:large","max-video-preview":"max-video-preview:-1"},"canonical":"https:\/\/www.organisator.ch\/de\/sustainability\/2024-10-31\/kreislaufwirtschaft-stillstand-im-schweizer-detailhandel\/","og_locale":"de_DE","og_type":"article","og_title":"Kreislaufwirtschaft: Stillstand im Schweizer Detailhandel","og_description":"In Sachen Kreislaufwirtschaft macht der Schweizer Detailhandel kaum Fortschritte. Zu diesem Ergebnis kommt Greenpeace Schweiz nach der Auswertung einer Umfrage.","og_url":"https:\/\/www.organisator.ch\/de\/sustainability\/2024-10-31\/kreislaufwirtschaft-stillstand-im-schweizer-detailhandel\/","og_site_name":"Organisator","article_publisher":"https:\/\/www.facebook.com\/OrganisatorFachmagazin","article_published_time":"2024-10-31T11:55:54+00:00","og_image":[{"width":680,"height":425,"url":"https:\/\/www.organisator.ch\/wp-content\/uploads\/2024\/10\/Greenpeace_Bild1_ps.jpg","type":"image\/jpeg"}],"author":"Adelisa Kalajdzini","twitter_card":"summary_large_image","twitter_title":"Kreislaufwirtschaft: Stillstand im Schweizer Detailhandel","twitter_description":"In Sachen #Kreislaufwirtschaft macht der #Schweizer #Detailhandel kaum #Fortschritte. Zu diesem #Ergebnis kommt #Greenpeace Schweiz nach der Auswertung einer #Umfrage.","twitter_image":"https:\/\/www.organisator.ch\/wp-content\/uploads\/2024\/10\/Greenpeace_Bild1_ps.jpg","schema":{"@context":"https:\/\/schema.org","@graph":[{"@type":"Article","@id":"https:\/\/www.organisator.ch\/sustainability\/2024-10-31\/kreislaufwirtschaft-stillstand-im-schweizer-detailhandel\/#article","isPartOf":{"@id":"https:\/\/www.organisator.ch\/sustainability\/2024-10-31\/kreislaufwirtschaft-stillstand-im-schweizer-detailhandel\/"},"author":{"name":"Adelisa Kalajdzini","@id":"https:\/\/www.organisator.ch\/#\/schema\/person\/2e1314a2172123f874db408d8911d3f3"},"headline":"Kreislaufwirtschaft: Stillstand im Schweizer Detailhandel","datePublished":"2024-10-31T11:55:54+00:00","mainEntityOfPage":{"@id":"https:\/\/www.organisator.ch\/sustainability\/2024-10-31\/kreislaufwirtschaft-stillstand-im-schweizer-detailhandel\/"},"wordCount":485,"publisher":{"@id":"https:\/\/www.organisator.ch\/#organization"},"image":{"@id":"https:\/\/www.organisator.ch\/sustainability\/2024-10-31\/kreislaufwirtschaft-stillstand-im-schweizer-detailhandel\/#primaryimage"},"thumbnailUrl":"https:\/\/www.organisator.ch\/wp-content\/uploads\/2024\/10\/Greenpeace_Bild1_ps.jpg","keywords":["Detailhandel","Kreislaufwirtschaft","Nachhaltigkeit","Schweiz","Unternehmen"],"articleSection":["SUSTAINABILITY"],"inLanguage":"de"},{"@type":"WebPage","@id":"https:\/\/www.organisator.ch\/sustainability\/2024-10-31\/kreislaufwirtschaft-stillstand-im-schweizer-detailhandel\/","url":"https:\/\/www.organisator.ch\/sustainability\/2024-10-31\/kreislaufwirtschaft-stillstand-im-schweizer-detailhandel\/","name":"Kreislaufwirtschaft: Stillstand im Schweizer Detailhandel - Organisator","isPartOf":{"@id":"https:\/\/www.organisator.ch\/#website"},"primaryImageOfPage":{"@id":"https:\/\/www.organisator.ch\/sustainability\/2024-10-31\/kreislaufwirtschaft-stillstand-im-schweizer-detailhandel\/#primaryimage"},"image":{"@id":"https:\/\/www.organisator.ch\/sustainability\/2024-10-31\/kreislaufwirtschaft-stillstand-im-schweizer-detailhandel\/#primaryimage"},"thumbnailUrl":"https:\/\/www.organisator.ch\/wp-content\/uploads\/2024\/10\/Greenpeace_Bild1_ps.jpg","datePublished":"2024-10-31T11:55:54+00:00","description":"In Sachen Kreislaufwirtschaft macht der Schweizer Detailhandel kaum Fortschritte. Zu diesem Ergebnis kommt Greenpeace Schweiz nach der Auswertung einer Umfrage.","breadcrumb":{"@id":"https:\/\/www.organisator.ch\/sustainability\/2024-10-31\/kreislaufwirtschaft-stillstand-im-schweizer-detailhandel\/#breadcrumb"},"inLanguage":"de","potentialAction":[{"@type":"ReadAction","target":["https:\/\/www.organisator.ch\/sustainability\/2024-10-31\/kreislaufwirtschaft-stillstand-im-schweizer-detailhandel\/"]}]},{"@type":"ImageObject","inLanguage":"de","@id":"https:\/\/www.organisator.ch\/sustainability\/2024-10-31\/kreislaufwirtschaft-stillstand-im-schweizer-detailhandel\/#primaryimage","url":"https:\/\/www.organisator.ch\/wp-content\/uploads\/2024\/10\/Greenpeace_Bild1_ps.jpg","contentUrl":"https:\/\/www.organisator.ch\/wp-content\/uploads\/2024\/10\/Greenpeace_Bild1_ps.jpg","width":680,"height":425,"caption":"Kein Detailh\u00e4ndler erf\u00fcllt die Anforderungen der Kreislaufwirtschaft. (Bild: www.greenpeace.ch)"},{"@type":"BreadcrumbList","@id":"https:\/\/www.organisator.ch\/sustainability\/2024-10-31\/kreislaufwirtschaft-stillstand-im-schweizer-detailhandel\/#breadcrumb","itemListElement":[{"@type":"ListItem","position":1,"name":"Home","item":"https:\/\/www.organisator.ch\/"},{"@type":"ListItem","position":2,"name":"Kreislaufwirtschaft: Stillstand im Schweizer Detailhandel"}]},{"@type":"WebSite","@id":"https:\/\/www.organisator.ch\/#website","url":"https:\/\/www.organisator.ch\/","name":"Organisator","description":"Kompetent. Praxisnah. Der ORGANISATOR bereitet in 10 Ausgaben pro Jahr die wesentlichen Themen f\u00fcr F\u00fchrungskr\u00e4fte von KMU auf.","publisher":{"@id":"https:\/\/www.organisator.ch\/#organization"},"potentialAction":[{"@type":"SearchAction","target":{"@type":"EntryPoint","urlTemplate":"https:\/\/www.organisator.ch\/?s={search_term_string}"},"query-input":{"@type":"PropertyValueSpecification","valueRequired":true,"valueName":"search_term_string"}}],"inLanguage":"de"},{"@type":"Organization","@id":"https:\/\/www.organisator.ch\/#organization","name":"Organisator","url":"https:\/\/www.organisator.ch\/","logo":{"@type":"ImageObject","inLanguage":"de","@id":"https:\/\/www.organisator.ch\/#\/schema\/logo\/image\/","url":"https:\/\/www.organisator.ch\/wp-content\/uploads\/2022\/01\/Logo_Organisator_Website.png","contentUrl":"https:\/\/www.organisator.ch\/wp-content\/uploads\/2022\/01\/Logo_Organisator_Website.png","width":800,"height":77,"caption":"Organisator"},"image":{"@id":"https:\/\/www.organisator.ch\/#\/schema\/logo\/image\/"},"sameAs":["https:\/\/www.facebook.com\/OrganisatorFachmagazin","https:\/\/www.linkedin.com\/showcase\/organisator-das-magazin-fr-kmu","https:\/\/www.xing.com\/news\/pages\/organisator-ch-695","https:\/\/www.youtube.com\/channel\/UCGP2Sq0iWaZwT3BdIAQFYpw"]},{"@type":"Person","@id":"https:\/\/www.organisator.ch\/#\/schema\/person\/2e1314a2172123f874db408d8911d3f3","name":"Adelisa Kalajdzini","image":{"@type":"ImageObject","inLanguage":"de","@id":"https:\/\/secure.gravatar.com\/avatar\/09a397c22ac58cad6f160ee8306348599df9df58a8ede73696226897b9fa4b24?s=96&d=mm&r=g","url":"https:\/\/secure.gravatar.com\/avatar\/09a397c22ac58cad6f160ee8306348599df9df58a8ede73696226897b9fa4b24?s=96&d=mm&r=g","contentUrl":"https:\/\/secure.gravatar.com\/avatar\/09a397c22ac58cad6f160ee8306348599df9df58a8ede73696226897b9fa4b24?s=96&d=mm&r=g","caption":"Adelisa Kalajdzini"},"url":"https:\/\/www.organisator.ch\/de\/author\/adelisa-kalajdzini\/"}]}},"_links":{"self":[{"href":"https:\/\/www.organisator.ch\/de\/wp-json\/wp\/v2\/posts\/31384","targetHints":{"allow":["GET"]}}],"collection":[{"href":"https:\/\/www.organisator.ch\/de\/wp-json\/wp\/v2\/posts"}],"about":[{"href":"https:\/\/www.organisator.ch\/de\/wp-json\/wp\/v2\/types\/post"}],"author":[{"embeddable":true,"href":"https:\/\/www.organisator.ch\/de\/wp-json\/wp\/v2\/users\/58"}],"replies":[{"embeddable":true,"href":"https:\/\/www.organisator.ch\/de\/wp-json\/wp\/v2\/comments?post=31384"}],"version-history":[{"count":2,"href":"https:\/\/www.organisator.ch\/de\/wp-json\/wp\/v2\/posts\/31384\/revisions"}],"predecessor-version":[{"id":31440,"href":"https:\/\/www.organisator.ch\/de\/wp-json\/wp\/v2\/posts\/31384\/revisions\/31440"}],"wp:featuredmedia":[{"embeddable":true,"href":"https:\/\/www.organisator.ch\/de\/wp-json\/wp\/v2\/media\/31386"}],"wp:attachment":[{"href":"https:\/\/www.organisator.ch\/de\/wp-json\/wp\/v2\/media?parent=31384"}],"wp:term":[{"taxonomy":"category","embeddable":true,"href":"https:\/\/www.organisator.ch\/de\/wp-json\/wp\/v2\/categories?post=31384"},{"taxonomy":"post_tag","embeddable":true,"href":"https:\/\/www.organisator.ch\/de\/wp-json\/wp\/v2\/tags?post=31384"}],"curies":[{"name":"wp","href":"https:\/\/api.w.org\/{rel}","templated":true}]}}