{"id":31474,"date":"2024-11-20T06:20:04","date_gmt":"2024-11-20T05:20:04","guid":{"rendered":"https:\/\/www.organisator.ch\/?p=31474"},"modified":"2024-11-04T10:20:48","modified_gmt":"2024-11-04T09:20:48","slug":"prix-svc-wirtschaftsraum-zuerich-2024-schneider-umweltservice-ag","status":"publish","type":"post","link":"https:\/\/www.organisator.ch\/de\/management\/2024-11-20\/prix-svc-wirtschaftsraum-zuerich-2024-schneider-umweltservice-ag\/","title":{"rendered":"Prix SVC Wirtschaftsraum Z\u00fcrich 2024: Schneider Umweltservice AG"},"content":{"rendered":"<figure id=\"attachment_31475\" aria-describedby=\"caption-attachment-31475\" style=\"width: 680px\" class=\"wp-caption alignnone\"><img loading=\"lazy\" decoding=\"async\" class=\"size-full wp-image-31475\" src=\"https:\/\/www.organisator.ch\/wp-content\/uploads\/2024\/11\/Schneider-Umweltservice_Bild1_ps.jpg\" alt=\"\" width=\"680\" height=\"398\" srcset=\"https:\/\/www.organisator.ch\/wp-content\/uploads\/2024\/11\/Schneider-Umweltservice_Bild1_ps.jpg 680w, https:\/\/www.organisator.ch\/wp-content\/uploads\/2024\/11\/Schneider-Umweltservice_Bild1_ps-18x12.jpg 18w, https:\/\/www.organisator.ch\/wp-content\/uploads\/2024\/11\/Schneider-Umweltservice_Bild1_ps-375x219.jpg 375w, https:\/\/www.organisator.ch\/wp-content\/uploads\/2024\/11\/Schneider-Umweltservice_Bild1_ps-598x350.jpg 598w\" sizes=\"auto, (max-width: 680px) 100vw, 680px\" \/><figcaption id=\"caption-attachment-31475\" class=\"wp-caption-text\">Heute besch\u00e4ftigt die Schneider Umweltservice AG rund 370 Mitarbeitende. (Bild: Schneider Umweltservice AG \/ www.umweltservice.ch)<\/figcaption><\/figure>\n<p>Die Schneider Umweltservice AG aus Meilen ZH, gegr\u00fcndet 1905 als kleine Fuhrhalterei, hat sich \u00fcber vier Generationen zu einem f\u00fchrenden Unternehmen im Bereich Recycling und Entsorgung entwickelt. Heute besch\u00e4ftigt das Unternehmen rund 370 Mitarbeitende und betreibt elf Recyclingcenter sowie f\u00fcnf Sammelstellen in den Wirtschaftsregionen Z\u00fcrich, Zug und Luzern. Erg\u00e4nzt durch mobile Sammelstellen bietet Schneider umfassende L\u00f6sungen f\u00fcr s\u00e4mtliche Wertstoffe und Abf\u00e4lle, sowohl f\u00fcr Privatpersonen als auch f\u00fcr Unternehmen.<\/p>\n<h3><strong>Innovative Recyclingl\u00f6sungen f\u00fcr alle Bereiche<\/strong><\/h3>\n<p>Schneider Umweltservice bietet ein breites Spektrum an Entsorgungs- und Recyclingl\u00f6sungen. Neben der R\u00fcckf\u00fchrung und Wiederverwertung von Wertstoffen wie Papier, Glas und Kunststoffen k\u00fcmmert sich das Unternehmen auch um die fachgerechte Entsorgung von Sonderabf\u00e4llen. Insbesondere im Bauwesen \u00fcbernimmt Schneider eine Schl\u00fcsselrolle. Grosse Mengen an mineralischen Abf\u00e4llen aus Um- und R\u00fcckbauarbeiten werden in modernen Brech- und Sortieranlagen zu hochwertigen Recyclingbaustoffen verarbeitet. Diese Verfahren tragen erheblich zur Reduzierung des Abfallaufkommens bei und erm\u00f6glichen die effiziente Wiederverwertung von Baumaterialien.<\/p>\n<h3><strong>Nachhaltige Konzepte f\u00fcr eine umweltfreundliche Zukunft<\/strong><\/h3>\n<p>Die Schneider Umweltservice AG verfolgt ehrgeizige Ziele, um ihre \u00f6kologische Bilanz zu verbessern: Bis 2028 sollen \u00fcber 90 Prozent der Transporte elektrisch durchgef\u00fchrt werden. Die Umstellung auf Elektrofahrzeuge reduziert den CO\u2082-Ausstoss erheblich. Zudem setzt das Unternehmen auf den Ausbau von Photovoltaikanlagen, die an sechs Standorten Strom f\u00fcr den Eigenbedarf erzeugen. In den Recyclingh\u00f6fen wird Regenwasser f\u00fcr die Fahrzeugreinigung genutzt, wodurch am Standort Volketswil j\u00e4hrlich 60\u2019000 Liter Trinkwasser eingespart werden. Durch den Einsatz moderner Technologien wie Magnetabscheidern und Nahinfrarot-Technologie gelingt es Schneider, die Wertstoffe effizient zu trennen und die Recyclingquote weiter zu erh\u00f6hen.<\/p>\n<h3><strong>Verantwortung f\u00fcr Gesellschaft und Umwelt <\/strong><\/h3>\n<p>Neben der \u00f6kologischen Verantwortung engagiert sich Schneider Umweltservice auch im sozialen Bereich. Durch die Zusammenarbeit mit dem Werkheim Uster werden Menschen mit kognitiven Beeintr\u00e4chtigungen in den Arbeitsprozess integriert. Dar\u00fcber hinaus unterst\u00fctzt das Unternehmen das Klimaschutzprojekt von Fair Recycling in Brasilien, bei dem alte K\u00fchlger\u00e4te recycelt und FCKW-haltige Gase unsch\u00e4dlich gemacht werden. Bisher konnten so 1,5 Millionen K\u00fchlschr\u00e4nke recycelt und fast 1,8 Millionen Tonnen CO\u2082-\u00c4quivalente eingespart werden.<\/p>\n<p><em>Weitere Informationen: <a href=\"https:\/\/umweltservice.ch\/\">www.umweltservice.ch\u00a0<\/a>\/ <a href=\"http:\/\/www.svc.swiss\">www.svc.swiss\u00a0<\/a><\/em><\/p>\n<blockquote>\n<h3>Prix SVC Wirtschaftsraum Z\u00fcrich 2024<\/h3>\n<p>Die Preisverleihung findet am Dienstag, 26. November 2024, im Kongresshaus Z\u00fcrich statt. Erwartet werden rund 1&#8217;500 G\u00e4ste aus Wirtschaft, Wissenschaft, Politik und Kultur. Durch die Verleihung f\u00fchrt Nik Hartmann. <a href=\"https:\/\/svc.swiss\/sites\/default\/files\/2024-09\/svc_leporello_a5_wrzh_online.pdf\">Weitere Informationen<\/a>.<\/p>\n<\/blockquote>\n","protected":false},"excerpt":{"rendered":"<p>Am 26. November 2024 wird der Prix SVC Wirtschaftsraum Z\u00fcrich verliehen. Im Finale steht die Schneider Umweltservice AG aus Meilen ZH. Ein Kurzportrait dieses f\u00fchrenden Unternehmens im Bereich Recycling und Entsorgung.<\/p>\n","protected":false},"author":80,"featured_media":31475,"comment_status":"closed","ping_status":"closed","sticky":false,"template":"","format":"standard","meta":{"_acf_changed":false,"_yoast_wpseo_focuskw":"Schneider Umweltservice AG","_yoast_wpseo_metadesc":"Am 26. November 2024 wird der Prix SVC Wirtschaftsraum Z\u00fcrich verliehen. Mit im Final: Die Schneider Umweltservice AG aus Meilen.","articlekey":"","footnotes":""},"categories":[28],"tags":[66,1787,392,424,492],"class_list":["post-31474","post","type-post","status-publish","format-standard","has-post-thumbnail","hentry","category-management","tag-awards","tag-nachhaltigkeit","tag-prix-svc-wirtschaftsraum-zuerich","tag-schweiz","tag-unternehmen"],"acf":[],"yoast_head":"<!-- This site is optimized with the Yoast SEO plugin v27.5 - https:\/\/yoast.com\/product\/yoast-seo-wordpress\/ -->\n<title>Prix SVC Wirtschaftsraum Z\u00fcrich 2024: Schneider Umweltservice AG - Organisator<\/title>\n<meta name=\"description\" content=\"Am 26. November 2024 wird der Prix SVC Wirtschaftsraum Z\u00fcrich verliehen. Mit im Final: Die Schneider Umweltservice AG aus Meilen.\" \/>\n<meta name=\"robots\" content=\"index, follow, max-snippet:-1, max-image-preview:large, max-video-preview:-1\" \/>\n<link rel=\"canonical\" href=\"https:\/\/www.organisator.ch\/de\/management\/2024-11-20\/prix-svc-wirtschaftsraum-zuerich-2024-schneider-umweltservice-ag\/\" \/>\n<meta property=\"og:locale\" content=\"de_DE\" \/>\n<meta property=\"og:type\" content=\"article\" \/>\n<meta property=\"og:title\" content=\"Prix SVC Wirtschaftsraum Z\u00fcrich 2024: Schneider Umweltservice AG\" \/>\n<meta property=\"og:description\" content=\"Am 26. November 2024 wird der Prix SVC Wirtschaftsraum Z\u00fcrich verliehen. Mit im Final: Die Schneider Umweltservice AG aus Meilen.\" \/>\n<meta property=\"og:url\" content=\"https:\/\/www.organisator.ch\/de\/management\/2024-11-20\/prix-svc-wirtschaftsraum-zuerich-2024-schneider-umweltservice-ag\/\" \/>\n<meta property=\"og:site_name\" content=\"Organisator\" \/>\n<meta property=\"article:publisher\" content=\"https:\/\/www.facebook.com\/OrganisatorFachmagazin\" \/>\n<meta property=\"article:published_time\" content=\"2024-11-20T05:20:04+00:00\" \/>\n<meta property=\"og:image\" content=\"https:\/\/www.organisator.ch\/wp-content\/uploads\/2024\/11\/Schneider-Umweltservice_Bild1_ps.jpg\" \/>\n\t<meta property=\"og:image:width\" content=\"680\" \/>\n\t<meta property=\"og:image:height\" content=\"398\" \/>\n\t<meta property=\"og:image:type\" content=\"image\/jpeg\" \/>\n<meta name=\"author\" content=\"Dzana Muminovic\" \/>\n<meta name=\"twitter:card\" content=\"summary_large_image\" \/>\n<meta name=\"twitter:title\" content=\"Prix SVC Wirtschaftsraum Z\u00fcrich 2024: Schneider Umweltservice AG\" \/>\n<meta name=\"twitter:description\" content=\"Am 26. November 2024 wird der #Prix #SVC #Wirtschaftsraum #Z\u00fcrich verliehen. Mit im Final: Die #Schneider #Umweltservice AG aus #Meilen ZH.\" \/>\n<meta name=\"twitter:image\" content=\"https:\/\/www.organisator.ch\/wp-content\/uploads\/2024\/11\/Schneider-Umweltservice_Bild1_ps.jpg\" \/>\n<script type=\"application\/ld+json\" class=\"yoast-schema-graph\">{\"@context\":\"https:\\\/\\\/schema.org\",\"@graph\":[{\"@type\":\"Article\",\"@id\":\"https:\\\/\\\/www.organisator.ch\\\/management\\\/2024-11-20\\\/prix-svc-wirtschaftsraum-zuerich-2024-schneider-umweltservice-ag\\\/#article\",\"isPartOf\":{\"@id\":\"https:\\\/\\\/www.organisator.ch\\\/management\\\/2024-11-20\\\/prix-svc-wirtschaftsraum-zuerich-2024-schneider-umweltservice-ag\\\/\"},\"author\":{\"name\":\"Dzana Muminovic\",\"@id\":\"https:\\\/\\\/www.organisator.ch\\\/#\\\/schema\\\/person\\\/afccda3a71c06d4be2ed9100dd163db7\"},\"headline\":\"Prix SVC Wirtschaftsraum Z\u00fcrich 2024: Schneider Umweltservice AG\",\"datePublished\":\"2024-11-20T05:20:04+00:00\",\"mainEntityOfPage\":{\"@id\":\"https:\\\/\\\/www.organisator.ch\\\/management\\\/2024-11-20\\\/prix-svc-wirtschaftsraum-zuerich-2024-schneider-umweltservice-ag\\\/\"},\"wordCount\":427,\"publisher\":{\"@id\":\"https:\\\/\\\/www.organisator.ch\\\/#organization\"},\"image\":{\"@id\":\"https:\\\/\\\/www.organisator.ch\\\/management\\\/2024-11-20\\\/prix-svc-wirtschaftsraum-zuerich-2024-schneider-umweltservice-ag\\\/#primaryimage\"},\"thumbnailUrl\":\"https:\\\/\\\/www.organisator.ch\\\/wp-content\\\/uploads\\\/2024\\\/11\\\/Schneider-Umweltservice_Bild1_ps.jpg\",\"keywords\":[\"Awards\",\"Nachhaltigkeit\",\"Prix SVC Wirtschaftsraum Z\u00fcrich\",\"Schweiz\",\"Unternehmen\"],\"articleSection\":[\"MANAGEMENT\"],\"inLanguage\":\"de\"},{\"@type\":\"WebPage\",\"@id\":\"https:\\\/\\\/www.organisator.ch\\\/management\\\/2024-11-20\\\/prix-svc-wirtschaftsraum-zuerich-2024-schneider-umweltservice-ag\\\/\",\"url\":\"https:\\\/\\\/www.organisator.ch\\\/management\\\/2024-11-20\\\/prix-svc-wirtschaftsraum-zuerich-2024-schneider-umweltservice-ag\\\/\",\"name\":\"Prix SVC Wirtschaftsraum Z\u00fcrich 2024: Schneider Umweltservice AG - Organisator\",\"isPartOf\":{\"@id\":\"https:\\\/\\\/www.organisator.ch\\\/#website\"},\"primaryImageOfPage\":{\"@id\":\"https:\\\/\\\/www.organisator.ch\\\/management\\\/2024-11-20\\\/prix-svc-wirtschaftsraum-zuerich-2024-schneider-umweltservice-ag\\\/#primaryimage\"},\"image\":{\"@id\":\"https:\\\/\\\/www.organisator.ch\\\/management\\\/2024-11-20\\\/prix-svc-wirtschaftsraum-zuerich-2024-schneider-umweltservice-ag\\\/#primaryimage\"},\"thumbnailUrl\":\"https:\\\/\\\/www.organisator.ch\\\/wp-content\\\/uploads\\\/2024\\\/11\\\/Schneider-Umweltservice_Bild1_ps.jpg\",\"datePublished\":\"2024-11-20T05:20:04+00:00\",\"description\":\"Am 26. November 2024 wird der Prix SVC Wirtschaftsraum Z\u00fcrich verliehen. Mit im Final: Die Schneider Umweltservice AG aus Meilen.\",\"breadcrumb\":{\"@id\":\"https:\\\/\\\/www.organisator.ch\\\/management\\\/2024-11-20\\\/prix-svc-wirtschaftsraum-zuerich-2024-schneider-umweltservice-ag\\\/#breadcrumb\"},\"inLanguage\":\"de\",\"potentialAction\":[{\"@type\":\"ReadAction\",\"target\":[\"https:\\\/\\\/www.organisator.ch\\\/management\\\/2024-11-20\\\/prix-svc-wirtschaftsraum-zuerich-2024-schneider-umweltservice-ag\\\/\"]}]},{\"@type\":\"ImageObject\",\"inLanguage\":\"de\",\"@id\":\"https:\\\/\\\/www.organisator.ch\\\/management\\\/2024-11-20\\\/prix-svc-wirtschaftsraum-zuerich-2024-schneider-umweltservice-ag\\\/#primaryimage\",\"url\":\"https:\\\/\\\/www.organisator.ch\\\/wp-content\\\/uploads\\\/2024\\\/11\\\/Schneider-Umweltservice_Bild1_ps.jpg\",\"contentUrl\":\"https:\\\/\\\/www.organisator.ch\\\/wp-content\\\/uploads\\\/2024\\\/11\\\/Schneider-Umweltservice_Bild1_ps.jpg\",\"width\":680,\"height\":398,\"caption\":\"Heute besch\u00e4ftigt die Schneider Umweltservice AG rund 370 Mitarbeitende. (Bild: Schneider Umweltservice AG \\\/ www.umweltservice.ch)\"},{\"@type\":\"BreadcrumbList\",\"@id\":\"https:\\\/\\\/www.organisator.ch\\\/management\\\/2024-11-20\\\/prix-svc-wirtschaftsraum-zuerich-2024-schneider-umweltservice-ag\\\/#breadcrumb\",\"itemListElement\":[{\"@type\":\"ListItem\",\"position\":1,\"name\":\"Home\",\"item\":\"https:\\\/\\\/www.organisator.ch\\\/\"},{\"@type\":\"ListItem\",\"position\":2,\"name\":\"Prix SVC Wirtschaftsraum Z\u00fcrich 2024: Schneider Umweltservice AG\"}]},{\"@type\":\"WebSite\",\"@id\":\"https:\\\/\\\/www.organisator.ch\\\/#website\",\"url\":\"https:\\\/\\\/www.organisator.ch\\\/\",\"name\":\"Organisator\",\"description\":\"Kompetent. Praxisnah. Der ORGANISATOR bereitet in 10 Ausgaben pro Jahr die wesentlichen Themen f\u00fcr F\u00fchrungskr\u00e4fte von KMU auf.\",\"publisher\":{\"@id\":\"https:\\\/\\\/www.organisator.ch\\\/#organization\"},\"potentialAction\":[{\"@type\":\"SearchAction\",\"target\":{\"@type\":\"EntryPoint\",\"urlTemplate\":\"https:\\\/\\\/www.organisator.ch\\\/?s={search_term_string}\"},\"query-input\":{\"@type\":\"PropertyValueSpecification\",\"valueRequired\":true,\"valueName\":\"search_term_string\"}}],\"inLanguage\":\"de\"},{\"@type\":\"Organization\",\"@id\":\"https:\\\/\\\/www.organisator.ch\\\/#organization\",\"name\":\"Organisator\",\"url\":\"https:\\\/\\\/www.organisator.ch\\\/\",\"logo\":{\"@type\":\"ImageObject\",\"inLanguage\":\"de\",\"@id\":\"https:\\\/\\\/www.organisator.ch\\\/#\\\/schema\\\/logo\\\/image\\\/\",\"url\":\"https:\\\/\\\/www.organisator.ch\\\/wp-content\\\/uploads\\\/2022\\\/01\\\/Logo_Organisator_Website.png\",\"contentUrl\":\"https:\\\/\\\/www.organisator.ch\\\/wp-content\\\/uploads\\\/2022\\\/01\\\/Logo_Organisator_Website.png\",\"width\":800,\"height\":77,\"caption\":\"Organisator\"},\"image\":{\"@id\":\"https:\\\/\\\/www.organisator.ch\\\/#\\\/schema\\\/logo\\\/image\\\/\"},\"sameAs\":[\"https:\\\/\\\/www.facebook.com\\\/OrganisatorFachmagazin\",\"https:\\\/\\\/www.linkedin.com\\\/showcase\\\/organisator-das-magazin-fr-kmu\",\"https:\\\/\\\/www.xing.com\\\/news\\\/pages\\\/organisator-ch-695\",\"https:\\\/\\\/www.youtube.com\\\/channel\\\/UCGP2Sq0iWaZwT3BdIAQFYpw\"]},{\"@type\":\"Person\",\"@id\":\"https:\\\/\\\/www.organisator.ch\\\/#\\\/schema\\\/person\\\/afccda3a71c06d4be2ed9100dd163db7\",\"name\":\"Dzana Muminovic\",\"image\":{\"@type\":\"ImageObject\",\"inLanguage\":\"de\",\"@id\":\"https:\\\/\\\/secure.gravatar.com\\\/avatar\\\/909c5c71aff4b38e88686f2ab2f1ba152571f394f41ed8bae431ea56ced93050?s=96&d=mm&r=g\",\"url\":\"https:\\\/\\\/secure.gravatar.com\\\/avatar\\\/909c5c71aff4b38e88686f2ab2f1ba152571f394f41ed8bae431ea56ced93050?s=96&d=mm&r=g\",\"contentUrl\":\"https:\\\/\\\/secure.gravatar.com\\\/avatar\\\/909c5c71aff4b38e88686f2ab2f1ba152571f394f41ed8bae431ea56ced93050?s=96&d=mm&r=g\",\"caption\":\"Dzana Muminovic\"},\"url\":\"https:\\\/\\\/www.organisator.ch\\\/de\\\/author\\\/dzana-muminovic\\\/\"}]}<\/script>\n<!-- \/ Yoast SEO plugin. -->","yoast_head_json":{"title":"Prix SVC Wirtschaftsraum Z\u00fcrich 2024: Schneider Umweltservice AG - Organisator","description":"Am 26. November 2024 wird der Prix SVC Wirtschaftsraum Z\u00fcrich verliehen. Mit im Final: Die Schneider Umweltservice AG aus Meilen.","robots":{"index":"index","follow":"follow","max-snippet":"max-snippet:-1","max-image-preview":"max-image-preview:large","max-video-preview":"max-video-preview:-1"},"canonical":"https:\/\/www.organisator.ch\/de\/management\/2024-11-20\/prix-svc-wirtschaftsraum-zuerich-2024-schneider-umweltservice-ag\/","og_locale":"de_DE","og_type":"article","og_title":"Prix SVC Wirtschaftsraum Z\u00fcrich 2024: Schneider Umweltservice AG","og_description":"Am 26. November 2024 wird der Prix SVC Wirtschaftsraum Z\u00fcrich verliehen. Mit im Final: Die Schneider Umweltservice AG aus Meilen.","og_url":"https:\/\/www.organisator.ch\/de\/management\/2024-11-20\/prix-svc-wirtschaftsraum-zuerich-2024-schneider-umweltservice-ag\/","og_site_name":"Organisator","article_publisher":"https:\/\/www.facebook.com\/OrganisatorFachmagazin","article_published_time":"2024-11-20T05:20:04+00:00","og_image":[{"width":680,"height":398,"url":"https:\/\/www.organisator.ch\/wp-content\/uploads\/2024\/11\/Schneider-Umweltservice_Bild1_ps.jpg","type":"image\/jpeg"}],"author":"Dzana Muminovic","twitter_card":"summary_large_image","twitter_title":"Prix SVC Wirtschaftsraum Z\u00fcrich 2024: Schneider Umweltservice AG","twitter_description":"Am 26. November 2024 wird der #Prix #SVC #Wirtschaftsraum #Z\u00fcrich verliehen. Mit im Final: Die #Schneider #Umweltservice AG aus #Meilen ZH.","twitter_image":"https:\/\/www.organisator.ch\/wp-content\/uploads\/2024\/11\/Schneider-Umweltservice_Bild1_ps.jpg","schema":{"@context":"https:\/\/schema.org","@graph":[{"@type":"Article","@id":"https:\/\/www.organisator.ch\/management\/2024-11-20\/prix-svc-wirtschaftsraum-zuerich-2024-schneider-umweltservice-ag\/#article","isPartOf":{"@id":"https:\/\/www.organisator.ch\/management\/2024-11-20\/prix-svc-wirtschaftsraum-zuerich-2024-schneider-umweltservice-ag\/"},"author":{"name":"Dzana Muminovic","@id":"https:\/\/www.organisator.ch\/#\/schema\/person\/afccda3a71c06d4be2ed9100dd163db7"},"headline":"Prix SVC Wirtschaftsraum Z\u00fcrich 2024: Schneider Umweltservice AG","datePublished":"2024-11-20T05:20:04+00:00","mainEntityOfPage":{"@id":"https:\/\/www.organisator.ch\/management\/2024-11-20\/prix-svc-wirtschaftsraum-zuerich-2024-schneider-umweltservice-ag\/"},"wordCount":427,"publisher":{"@id":"https:\/\/www.organisator.ch\/#organization"},"image":{"@id":"https:\/\/www.organisator.ch\/management\/2024-11-20\/prix-svc-wirtschaftsraum-zuerich-2024-schneider-umweltservice-ag\/#primaryimage"},"thumbnailUrl":"https:\/\/www.organisator.ch\/wp-content\/uploads\/2024\/11\/Schneider-Umweltservice_Bild1_ps.jpg","keywords":["Awards","Nachhaltigkeit","Prix SVC Wirtschaftsraum Z\u00fcrich","Schweiz","Unternehmen"],"articleSection":["MANAGEMENT"],"inLanguage":"de"},{"@type":"WebPage","@id":"https:\/\/www.organisator.ch\/management\/2024-11-20\/prix-svc-wirtschaftsraum-zuerich-2024-schneider-umweltservice-ag\/","url":"https:\/\/www.organisator.ch\/management\/2024-11-20\/prix-svc-wirtschaftsraum-zuerich-2024-schneider-umweltservice-ag\/","name":"Prix SVC Wirtschaftsraum Z\u00fcrich 2024: Schneider Umweltservice AG - Organisator","isPartOf":{"@id":"https:\/\/www.organisator.ch\/#website"},"primaryImageOfPage":{"@id":"https:\/\/www.organisator.ch\/management\/2024-11-20\/prix-svc-wirtschaftsraum-zuerich-2024-schneider-umweltservice-ag\/#primaryimage"},"image":{"@id":"https:\/\/www.organisator.ch\/management\/2024-11-20\/prix-svc-wirtschaftsraum-zuerich-2024-schneider-umweltservice-ag\/#primaryimage"},"thumbnailUrl":"https:\/\/www.organisator.ch\/wp-content\/uploads\/2024\/11\/Schneider-Umweltservice_Bild1_ps.jpg","datePublished":"2024-11-20T05:20:04+00:00","description":"Am 26. November 2024 wird der Prix SVC Wirtschaftsraum Z\u00fcrich verliehen. Mit im Final: Die Schneider Umweltservice AG aus Meilen.","breadcrumb":{"@id":"https:\/\/www.organisator.ch\/management\/2024-11-20\/prix-svc-wirtschaftsraum-zuerich-2024-schneider-umweltservice-ag\/#breadcrumb"},"inLanguage":"de","potentialAction":[{"@type":"ReadAction","target":["https:\/\/www.organisator.ch\/management\/2024-11-20\/prix-svc-wirtschaftsraum-zuerich-2024-schneider-umweltservice-ag\/"]}]},{"@type":"ImageObject","inLanguage":"de","@id":"https:\/\/www.organisator.ch\/management\/2024-11-20\/prix-svc-wirtschaftsraum-zuerich-2024-schneider-umweltservice-ag\/#primaryimage","url":"https:\/\/www.organisator.ch\/wp-content\/uploads\/2024\/11\/Schneider-Umweltservice_Bild1_ps.jpg","contentUrl":"https:\/\/www.organisator.ch\/wp-content\/uploads\/2024\/11\/Schneider-Umweltservice_Bild1_ps.jpg","width":680,"height":398,"caption":"Heute besch\u00e4ftigt die Schneider Umweltservice AG rund 370 Mitarbeitende. (Bild: Schneider Umweltservice AG \/ www.umweltservice.ch)"},{"@type":"BreadcrumbList","@id":"https:\/\/www.organisator.ch\/management\/2024-11-20\/prix-svc-wirtschaftsraum-zuerich-2024-schneider-umweltservice-ag\/#breadcrumb","itemListElement":[{"@type":"ListItem","position":1,"name":"Home","item":"https:\/\/www.organisator.ch\/"},{"@type":"ListItem","position":2,"name":"Prix SVC Wirtschaftsraum Z\u00fcrich 2024: Schneider Umweltservice AG"}]},{"@type":"WebSite","@id":"https:\/\/www.organisator.ch\/#website","url":"https:\/\/www.organisator.ch\/","name":"Organisator","description":"Kompetent. Praxisnah. Der ORGANISATOR bereitet in 10 Ausgaben pro Jahr die wesentlichen Themen f\u00fcr F\u00fchrungskr\u00e4fte von KMU auf.","publisher":{"@id":"https:\/\/www.organisator.ch\/#organization"},"potentialAction":[{"@type":"SearchAction","target":{"@type":"EntryPoint","urlTemplate":"https:\/\/www.organisator.ch\/?s={search_term_string}"},"query-input":{"@type":"PropertyValueSpecification","valueRequired":true,"valueName":"search_term_string"}}],"inLanguage":"de"},{"@type":"Organization","@id":"https:\/\/www.organisator.ch\/#organization","name":"Organisator","url":"https:\/\/www.organisator.ch\/","logo":{"@type":"ImageObject","inLanguage":"de","@id":"https:\/\/www.organisator.ch\/#\/schema\/logo\/image\/","url":"https:\/\/www.organisator.ch\/wp-content\/uploads\/2022\/01\/Logo_Organisator_Website.png","contentUrl":"https:\/\/www.organisator.ch\/wp-content\/uploads\/2022\/01\/Logo_Organisator_Website.png","width":800,"height":77,"caption":"Organisator"},"image":{"@id":"https:\/\/www.organisator.ch\/#\/schema\/logo\/image\/"},"sameAs":["https:\/\/www.facebook.com\/OrganisatorFachmagazin","https:\/\/www.linkedin.com\/showcase\/organisator-das-magazin-fr-kmu","https:\/\/www.xing.com\/news\/pages\/organisator-ch-695","https:\/\/www.youtube.com\/channel\/UCGP2Sq0iWaZwT3BdIAQFYpw"]},{"@type":"Person","@id":"https:\/\/www.organisator.ch\/#\/schema\/person\/afccda3a71c06d4be2ed9100dd163db7","name":"Dzana Muminovic","image":{"@type":"ImageObject","inLanguage":"de","@id":"https:\/\/secure.gravatar.com\/avatar\/909c5c71aff4b38e88686f2ab2f1ba152571f394f41ed8bae431ea56ced93050?s=96&d=mm&r=g","url":"https:\/\/secure.gravatar.com\/avatar\/909c5c71aff4b38e88686f2ab2f1ba152571f394f41ed8bae431ea56ced93050?s=96&d=mm&r=g","contentUrl":"https:\/\/secure.gravatar.com\/avatar\/909c5c71aff4b38e88686f2ab2f1ba152571f394f41ed8bae431ea56ced93050?s=96&d=mm&r=g","caption":"Dzana Muminovic"},"url":"https:\/\/www.organisator.ch\/de\/author\/dzana-muminovic\/"}]}},"_links":{"self":[{"href":"https:\/\/www.organisator.ch\/de\/wp-json\/wp\/v2\/posts\/31474","targetHints":{"allow":["GET"]}}],"collection":[{"href":"https:\/\/www.organisator.ch\/de\/wp-json\/wp\/v2\/posts"}],"about":[{"href":"https:\/\/www.organisator.ch\/de\/wp-json\/wp\/v2\/types\/post"}],"author":[{"embeddable":true,"href":"https:\/\/www.organisator.ch\/de\/wp-json\/wp\/v2\/users\/80"}],"replies":[{"embeddable":true,"href":"https:\/\/www.organisator.ch\/de\/wp-json\/wp\/v2\/comments?post=31474"}],"version-history":[{"count":1,"href":"https:\/\/www.organisator.ch\/de\/wp-json\/wp\/v2\/posts\/31474\/revisions"}],"predecessor-version":[{"id":31476,"href":"https:\/\/www.organisator.ch\/de\/wp-json\/wp\/v2\/posts\/31474\/revisions\/31476"}],"wp:featuredmedia":[{"embeddable":true,"href":"https:\/\/www.organisator.ch\/de\/wp-json\/wp\/v2\/media\/31475"}],"wp:attachment":[{"href":"https:\/\/www.organisator.ch\/de\/wp-json\/wp\/v2\/media?parent=31474"}],"wp:term":[{"taxonomy":"category","embeddable":true,"href":"https:\/\/www.organisator.ch\/de\/wp-json\/wp\/v2\/categories?post=31474"},{"taxonomy":"post_tag","embeddable":true,"href":"https:\/\/www.organisator.ch\/de\/wp-json\/wp\/v2\/tags?post=31474"}],"curies":[{"name":"wp","href":"https:\/\/api.w.org\/{rel}","templated":true}]}}