{"id":31523,"date":"2024-11-06T06:51:27","date_gmt":"2024-11-06T05:51:27","guid":{"rendered":"https:\/\/www.organisator.ch\/?p=31523"},"modified":"2024-11-05T14:52:40","modified_gmt":"2024-11-05T13:52:40","slug":"nicolas-roland-tritt-dem-vorstand-als-generaldirektor-von-raja-office-bei","status":"publish","type":"post","link":"https:\/\/www.organisator.ch\/de\/marketing\/2024-11-06\/nicolas-roland-tritt-dem-vorstand-als-generaldirektor-von-raja-office-bei\/","title":{"rendered":"Nicolas Roland tritt dem Vorstand als Generaldirektor von Raja Office bei"},"content":{"rendered":"<figure id=\"attachment_31524\" aria-describedby=\"caption-attachment-31524\" style=\"width: 680px\" class=\"wp-caption alignnone\"><img loading=\"lazy\" decoding=\"async\" class=\"size-full wp-image-31524\" src=\"https:\/\/www.organisator.ch\/wp-content\/uploads\/2024\/11\/Nicolas_Roland_Bild1_ps.jpg\" alt=\"\" width=\"680\" height=\"482\" srcset=\"https:\/\/www.organisator.ch\/wp-content\/uploads\/2024\/11\/Nicolas_Roland_Bild1_ps.jpg 680w, https:\/\/www.organisator.ch\/wp-content\/uploads\/2024\/11\/Nicolas_Roland_Bild1_ps-18x12.jpg 18w, https:\/\/www.organisator.ch\/wp-content\/uploads\/2024\/11\/Nicolas_Roland_Bild1_ps-375x266.jpg 375w, https:\/\/www.organisator.ch\/wp-content\/uploads\/2024\/11\/Nicolas_Roland_Bild1_ps-494x350.jpg 494w\" sizes=\"auto, (max-width: 680px) 100vw, 680px\" \/><figcaption id=\"caption-attachment-31524\" class=\"wp-caption-text\">Nicola Roland wird im Januar 2025 die Nachfolge von Alain Josse antreten. (Bild: www.raja-group.com)<\/figcaption><\/figure>\n<p>Nicolas Roland wird die Strategie und Entwicklung des Gesch\u00e4ftsbereichs Raja Office leiten, der mit den Unternehmen Viking, Mondoffice, JPG, Kalamazoo, Bernard und Welcome Office in zehn europ\u00e4ischen L\u00e4ndern vertreten ist. Raja Office ist mit einem Umsatz von 800 Millionen Euro der gr\u00f6sste Online-H\u00e4ndler f\u00fcr B\u00fcrobedarf und -ausr\u00fcstung in Europa.<\/p>\n<p>&#8222;Alain Josse hat seit 2006 stark zur Entwicklung der Raja-Gruppe beigetragen. Ich danke ihm zutiefst f\u00fcr seine Entschlossenheit, seine F\u00fchrungsst\u00e4rke und seine menschlichen Qualit\u00e4ten. Ich freue mich sehr, Nicolas Roland begr\u00fcssen zu d\u00fcrfen, dessen Kenntnisse des Marktes f\u00fcr Gesch\u00e4ftsausstattung eine grosse St\u00e4rke sind. Seine Aufgabe wird es sein, der Entwicklung von Raja Office neuen Schwung zu verleihen, die Organisation und die Leistung zu st\u00e4rken, um unsere Position auf diesem strategischen Markt zu festigen&#8220;, erkl\u00e4rte Dani\u00e8le Marcovici. Sie ist Pr\u00e4sidentin und Generaldirektorin der Raja-Gruppe.<\/p>\n<h3><strong>Von Hilti zu Raja<\/strong><\/h3>\n<p>Bevor er zur Raja-Gruppe kam, war Nicolas Roland 13 Jahre lang (2011-2024) F\u00fchrungspositionen bei Hilti, dem weltweit t\u00e4tigen Hersteller von Werkzeugen und Zubeh\u00f6r f\u00fcr die Bauindustrie, t\u00e4tig: Generaldirektor Westfrankreich (2022-2024), Generaldirektor Philippinen (2020-2022), Senior Vice President Logistik f\u00fcr die Region Asien-Pazifik (2018-2020) und Senior Vice President Global Distribution (2011-2018).<\/p>\n<p>Nicolas Roland war zuvor von 2009 bis 2011 Generaldirektor der Odilis-Gruppe, einem franz\u00f6sischen mittelst\u00e4ndischen Unternehmen, das auf Industriemechanik spezialisiert ist. Zwischen 2001 und 2009 war er bei Osram, einem weltweit f\u00fchrenden Hersteller von Beleuchtungsprodukten, in leitenden Positionen im Bereich Logistik in Frankreich, Deutschland, China und Hongkong t\u00e4tig.<\/p>\n<p>Nicolas Roland spricht fliessend Franz\u00f6sisch, Englisch und Deutsch. Er hat in Frankreich und England studiert und besitzt u. a. einen MBA (Master of Business Administration) der Coventry University.<\/p>\n<p><em>Quelle: <a href=\"http:\/\/www.raja-group.com\">www.raja-group.com<\/a><\/em><\/p>\n","protected":false},"excerpt":{"rendered":"<p>Nicolas Roland trat am 30. September 2024 als neues Vorstandsmitglied der Raja-Gruppe bei und \u00fcbernahm die Leitung des Gesch\u00e4ftsbereichs Raja Office, der auf den Vertrieb von B\u00fcrobedarf und -ausr\u00fcstung spezialisiert ist. Er wird im Januar 2025 die Nachfolge von Alain Josse antreten, der nach \u00fcber 40 Berufsjahren, davon 18 bei der Raja-Gruppe, in den Ruhestand geht. Die beiden F\u00fchrungskr\u00e4fte werden bis Ende des Jahres zusammenarbeiten, um einen reibungslosen \u00dcbergang zu gew\u00e4hrleisten.<\/p>\n","protected":false},"author":80,"featured_media":31524,"comment_status":"closed","ping_status":"closed","sticky":false,"template":"","format":"standard","meta":{"_acf_changed":false,"_yoast_wpseo_focuskw":"Nicolas Roland","_yoast_wpseo_metadesc":"Nicolas Roland trat am 30. September 2024 als neues Vorstandsmitglied der Raja-Gruppe bei und \u00fcbernahm die Leitung des Gesch\u00e4ftsbereichs Raja Office.","articlekey":"","footnotes":""},"categories":[29],"tags":[4709,4269,3848,492,4708],"class_list":["post-31523","post","type-post","status-publish","format-standard","has-post-thumbnail","hentry","category-marketing","tag-buerobedarf","tag-nachfolge","tag-raja","tag-unternehmen","tag-vorstand"],"acf":[],"yoast_head":"<!-- This site is optimized with the Yoast SEO plugin v27.5 - https:\/\/yoast.com\/product\/yoast-seo-wordpress\/ -->\n<title>Nicolas Roland tritt dem Vorstand als Generaldirektor von Raja Office bei - Organisator<\/title>\n<meta name=\"description\" content=\"Nicolas Roland trat am 30. September 2024 als neues Vorstandsmitglied der Raja-Gruppe bei und \u00fcbernahm die Leitung des Gesch\u00e4ftsbereichs Raja Office.\" \/>\n<meta name=\"robots\" content=\"index, follow, max-snippet:-1, max-image-preview:large, max-video-preview:-1\" \/>\n<link rel=\"canonical\" href=\"https:\/\/www.organisator.ch\/de\/marketing\/2024-11-06\/nicolas-roland-tritt-dem-vorstand-als-generaldirektor-von-raja-office-bei\/\" \/>\n<meta property=\"og:locale\" content=\"de_DE\" \/>\n<meta property=\"og:type\" content=\"article\" \/>\n<meta property=\"og:title\" content=\"Nicolas Roland tritt dem Vorstand als Generaldirektor von Raja Office bei\" \/>\n<meta property=\"og:description\" content=\"Nicolas Roland trat am 30. September 2024 als neues Vorstandsmitglied der Raja-Gruppe bei und \u00fcbernahm die Leitung des Gesch\u00e4ftsbereichs Raja Office.\" \/>\n<meta property=\"og:url\" content=\"https:\/\/www.organisator.ch\/de\/marketing\/2024-11-06\/nicolas-roland-tritt-dem-vorstand-als-generaldirektor-von-raja-office-bei\/\" \/>\n<meta property=\"og:site_name\" content=\"Organisator\" \/>\n<meta property=\"article:publisher\" content=\"https:\/\/www.facebook.com\/OrganisatorFachmagazin\" \/>\n<meta property=\"article:published_time\" content=\"2024-11-06T05:51:27+00:00\" \/>\n<meta property=\"og:image\" content=\"https:\/\/www.organisator.ch\/wp-content\/uploads\/2024\/11\/Nicolas_Roland_Bild1_ps.jpg\" \/>\n\t<meta property=\"og:image:width\" content=\"680\" \/>\n\t<meta property=\"og:image:height\" content=\"482\" \/>\n\t<meta property=\"og:image:type\" content=\"image\/jpeg\" \/>\n<meta name=\"author\" content=\"Dzana Muminovic\" \/>\n<meta name=\"twitter:card\" content=\"summary_large_image\" \/>\n<meta name=\"twitter:title\" content=\"Nicolas Roland tritt dem Vorstand als Generaldirektor von Raja Office bei\" \/>\n<meta name=\"twitter:description\" content=\"#Nicolas #Roland trat am 30. September 2024 als neues #Vorstandsmitglied der #Raja-Gruppe bei und \u00fcbernahm die #Leitung des #Gesch\u00e4ftsbereichs #Raja #Office.\" \/>\n<meta name=\"twitter:image\" content=\"https:\/\/www.organisator.ch\/wp-content\/uploads\/2024\/11\/Nicolas_Roland_Bild1_ps.jpg\" \/>\n<script type=\"application\/ld+json\" class=\"yoast-schema-graph\">{\"@context\":\"https:\\\/\\\/schema.org\",\"@graph\":[{\"@type\":\"Article\",\"@id\":\"https:\\\/\\\/www.organisator.ch\\\/marketing\\\/2024-11-06\\\/nicolas-roland-tritt-dem-vorstand-als-generaldirektor-von-raja-office-bei\\\/#article\",\"isPartOf\":{\"@id\":\"https:\\\/\\\/www.organisator.ch\\\/marketing\\\/2024-11-06\\\/nicolas-roland-tritt-dem-vorstand-als-generaldirektor-von-raja-office-bei\\\/\"},\"author\":{\"name\":\"Dzana Muminovic\",\"@id\":\"https:\\\/\\\/www.organisator.ch\\\/#\\\/schema\\\/person\\\/afccda3a71c06d4be2ed9100dd163db7\"},\"headline\":\"Nicolas Roland tritt dem Vorstand als Generaldirektor von Raja Office bei\",\"datePublished\":\"2024-11-06T05:51:27+00:00\",\"mainEntityOfPage\":{\"@id\":\"https:\\\/\\\/www.organisator.ch\\\/marketing\\\/2024-11-06\\\/nicolas-roland-tritt-dem-vorstand-als-generaldirektor-von-raja-office-bei\\\/\"},\"wordCount\":322,\"publisher\":{\"@id\":\"https:\\\/\\\/www.organisator.ch\\\/#organization\"},\"image\":{\"@id\":\"https:\\\/\\\/www.organisator.ch\\\/marketing\\\/2024-11-06\\\/nicolas-roland-tritt-dem-vorstand-als-generaldirektor-von-raja-office-bei\\\/#primaryimage\"},\"thumbnailUrl\":\"https:\\\/\\\/www.organisator.ch\\\/wp-content\\\/uploads\\\/2024\\\/11\\\/Nicolas_Roland_Bild1_ps.jpg\",\"keywords\":[\"B\u00fcrobedarf\",\"Nachfolge\",\"Raja\",\"Unternehmen\",\"Vorstand\"],\"articleSection\":[\"MARKETING\"],\"inLanguage\":\"de\"},{\"@type\":\"WebPage\",\"@id\":\"https:\\\/\\\/www.organisator.ch\\\/marketing\\\/2024-11-06\\\/nicolas-roland-tritt-dem-vorstand-als-generaldirektor-von-raja-office-bei\\\/\",\"url\":\"https:\\\/\\\/www.organisator.ch\\\/marketing\\\/2024-11-06\\\/nicolas-roland-tritt-dem-vorstand-als-generaldirektor-von-raja-office-bei\\\/\",\"name\":\"Nicolas Roland tritt dem Vorstand als Generaldirektor von Raja Office bei - Organisator\",\"isPartOf\":{\"@id\":\"https:\\\/\\\/www.organisator.ch\\\/#website\"},\"primaryImageOfPage\":{\"@id\":\"https:\\\/\\\/www.organisator.ch\\\/marketing\\\/2024-11-06\\\/nicolas-roland-tritt-dem-vorstand-als-generaldirektor-von-raja-office-bei\\\/#primaryimage\"},\"image\":{\"@id\":\"https:\\\/\\\/www.organisator.ch\\\/marketing\\\/2024-11-06\\\/nicolas-roland-tritt-dem-vorstand-als-generaldirektor-von-raja-office-bei\\\/#primaryimage\"},\"thumbnailUrl\":\"https:\\\/\\\/www.organisator.ch\\\/wp-content\\\/uploads\\\/2024\\\/11\\\/Nicolas_Roland_Bild1_ps.jpg\",\"datePublished\":\"2024-11-06T05:51:27+00:00\",\"description\":\"Nicolas Roland trat am 30. September 2024 als neues Vorstandsmitglied der Raja-Gruppe bei und \u00fcbernahm die Leitung des Gesch\u00e4ftsbereichs Raja Office.\",\"breadcrumb\":{\"@id\":\"https:\\\/\\\/www.organisator.ch\\\/marketing\\\/2024-11-06\\\/nicolas-roland-tritt-dem-vorstand-als-generaldirektor-von-raja-office-bei\\\/#breadcrumb\"},\"inLanguage\":\"de\",\"potentialAction\":[{\"@type\":\"ReadAction\",\"target\":[\"https:\\\/\\\/www.organisator.ch\\\/marketing\\\/2024-11-06\\\/nicolas-roland-tritt-dem-vorstand-als-generaldirektor-von-raja-office-bei\\\/\"]}]},{\"@type\":\"ImageObject\",\"inLanguage\":\"de\",\"@id\":\"https:\\\/\\\/www.organisator.ch\\\/marketing\\\/2024-11-06\\\/nicolas-roland-tritt-dem-vorstand-als-generaldirektor-von-raja-office-bei\\\/#primaryimage\",\"url\":\"https:\\\/\\\/www.organisator.ch\\\/wp-content\\\/uploads\\\/2024\\\/11\\\/Nicolas_Roland_Bild1_ps.jpg\",\"contentUrl\":\"https:\\\/\\\/www.organisator.ch\\\/wp-content\\\/uploads\\\/2024\\\/11\\\/Nicolas_Roland_Bild1_ps.jpg\",\"width\":680,\"height\":482,\"caption\":\"Nicola Roland wird im Januar 2025 die Nachfolge von Alain Josse antreten. (Bild: www.raja-group.com)\"},{\"@type\":\"BreadcrumbList\",\"@id\":\"https:\\\/\\\/www.organisator.ch\\\/marketing\\\/2024-11-06\\\/nicolas-roland-tritt-dem-vorstand-als-generaldirektor-von-raja-office-bei\\\/#breadcrumb\",\"itemListElement\":[{\"@type\":\"ListItem\",\"position\":1,\"name\":\"Home\",\"item\":\"https:\\\/\\\/www.organisator.ch\\\/\"},{\"@type\":\"ListItem\",\"position\":2,\"name\":\"Nicolas Roland tritt dem Vorstand als Generaldirektor von Raja Office bei\"}]},{\"@type\":\"WebSite\",\"@id\":\"https:\\\/\\\/www.organisator.ch\\\/#website\",\"url\":\"https:\\\/\\\/www.organisator.ch\\\/\",\"name\":\"Organisator\",\"description\":\"Kompetent. Praxisnah. Der ORGANISATOR bereitet in 10 Ausgaben pro Jahr die wesentlichen Themen f\u00fcr F\u00fchrungskr\u00e4fte von KMU auf.\",\"publisher\":{\"@id\":\"https:\\\/\\\/www.organisator.ch\\\/#organization\"},\"potentialAction\":[{\"@type\":\"SearchAction\",\"target\":{\"@type\":\"EntryPoint\",\"urlTemplate\":\"https:\\\/\\\/www.organisator.ch\\\/?s={search_term_string}\"},\"query-input\":{\"@type\":\"PropertyValueSpecification\",\"valueRequired\":true,\"valueName\":\"search_term_string\"}}],\"inLanguage\":\"de\"},{\"@type\":\"Organization\",\"@id\":\"https:\\\/\\\/www.organisator.ch\\\/#organization\",\"name\":\"Organisator\",\"url\":\"https:\\\/\\\/www.organisator.ch\\\/\",\"logo\":{\"@type\":\"ImageObject\",\"inLanguage\":\"de\",\"@id\":\"https:\\\/\\\/www.organisator.ch\\\/#\\\/schema\\\/logo\\\/image\\\/\",\"url\":\"https:\\\/\\\/www.organisator.ch\\\/wp-content\\\/uploads\\\/2022\\\/01\\\/Logo_Organisator_Website.png\",\"contentUrl\":\"https:\\\/\\\/www.organisator.ch\\\/wp-content\\\/uploads\\\/2022\\\/01\\\/Logo_Organisator_Website.png\",\"width\":800,\"height\":77,\"caption\":\"Organisator\"},\"image\":{\"@id\":\"https:\\\/\\\/www.organisator.ch\\\/#\\\/schema\\\/logo\\\/image\\\/\"},\"sameAs\":[\"https:\\\/\\\/www.facebook.com\\\/OrganisatorFachmagazin\",\"https:\\\/\\\/www.linkedin.com\\\/showcase\\\/organisator-das-magazin-fr-kmu\",\"https:\\\/\\\/www.xing.com\\\/news\\\/pages\\\/organisator-ch-695\",\"https:\\\/\\\/www.youtube.com\\\/channel\\\/UCGP2Sq0iWaZwT3BdIAQFYpw\"]},{\"@type\":\"Person\",\"@id\":\"https:\\\/\\\/www.organisator.ch\\\/#\\\/schema\\\/person\\\/afccda3a71c06d4be2ed9100dd163db7\",\"name\":\"Dzana Muminovic\",\"image\":{\"@type\":\"ImageObject\",\"inLanguage\":\"de\",\"@id\":\"https:\\\/\\\/secure.gravatar.com\\\/avatar\\\/909c5c71aff4b38e88686f2ab2f1ba152571f394f41ed8bae431ea56ced93050?s=96&d=mm&r=g\",\"url\":\"https:\\\/\\\/secure.gravatar.com\\\/avatar\\\/909c5c71aff4b38e88686f2ab2f1ba152571f394f41ed8bae431ea56ced93050?s=96&d=mm&r=g\",\"contentUrl\":\"https:\\\/\\\/secure.gravatar.com\\\/avatar\\\/909c5c71aff4b38e88686f2ab2f1ba152571f394f41ed8bae431ea56ced93050?s=96&d=mm&r=g\",\"caption\":\"Dzana Muminovic\"},\"url\":\"https:\\\/\\\/www.organisator.ch\\\/de\\\/author\\\/dzana-muminovic\\\/\"}]}<\/script>\n<!-- \/ Yoast SEO plugin. -->","yoast_head_json":{"title":"Nicolas Roland tritt dem Vorstand als Generaldirektor von Raja Office bei - Organisator","description":"Nicolas Roland trat am 30. September 2024 als neues Vorstandsmitglied der Raja-Gruppe bei und \u00fcbernahm die Leitung des Gesch\u00e4ftsbereichs Raja Office.","robots":{"index":"index","follow":"follow","max-snippet":"max-snippet:-1","max-image-preview":"max-image-preview:large","max-video-preview":"max-video-preview:-1"},"canonical":"https:\/\/www.organisator.ch\/de\/marketing\/2024-11-06\/nicolas-roland-tritt-dem-vorstand-als-generaldirektor-von-raja-office-bei\/","og_locale":"de_DE","og_type":"article","og_title":"Nicolas Roland tritt dem Vorstand als Generaldirektor von Raja Office bei","og_description":"Nicolas Roland trat am 30. September 2024 als neues Vorstandsmitglied der Raja-Gruppe bei und \u00fcbernahm die Leitung des Gesch\u00e4ftsbereichs Raja Office.","og_url":"https:\/\/www.organisator.ch\/de\/marketing\/2024-11-06\/nicolas-roland-tritt-dem-vorstand-als-generaldirektor-von-raja-office-bei\/","og_site_name":"Organisator","article_publisher":"https:\/\/www.facebook.com\/OrganisatorFachmagazin","article_published_time":"2024-11-06T05:51:27+00:00","og_image":[{"width":680,"height":482,"url":"https:\/\/www.organisator.ch\/wp-content\/uploads\/2024\/11\/Nicolas_Roland_Bild1_ps.jpg","type":"image\/jpeg"}],"author":"Dzana Muminovic","twitter_card":"summary_large_image","twitter_title":"Nicolas Roland tritt dem Vorstand als Generaldirektor von Raja Office bei","twitter_description":"#Nicolas #Roland trat am 30. September 2024 als neues #Vorstandsmitglied der #Raja-Gruppe bei und \u00fcbernahm die #Leitung des #Gesch\u00e4ftsbereichs #Raja #Office.","twitter_image":"https:\/\/www.organisator.ch\/wp-content\/uploads\/2024\/11\/Nicolas_Roland_Bild1_ps.jpg","schema":{"@context":"https:\/\/schema.org","@graph":[{"@type":"Article","@id":"https:\/\/www.organisator.ch\/marketing\/2024-11-06\/nicolas-roland-tritt-dem-vorstand-als-generaldirektor-von-raja-office-bei\/#article","isPartOf":{"@id":"https:\/\/www.organisator.ch\/marketing\/2024-11-06\/nicolas-roland-tritt-dem-vorstand-als-generaldirektor-von-raja-office-bei\/"},"author":{"name":"Dzana Muminovic","@id":"https:\/\/www.organisator.ch\/#\/schema\/person\/afccda3a71c06d4be2ed9100dd163db7"},"headline":"Nicolas Roland tritt dem Vorstand als Generaldirektor von Raja Office bei","datePublished":"2024-11-06T05:51:27+00:00","mainEntityOfPage":{"@id":"https:\/\/www.organisator.ch\/marketing\/2024-11-06\/nicolas-roland-tritt-dem-vorstand-als-generaldirektor-von-raja-office-bei\/"},"wordCount":322,"publisher":{"@id":"https:\/\/www.organisator.ch\/#organization"},"image":{"@id":"https:\/\/www.organisator.ch\/marketing\/2024-11-06\/nicolas-roland-tritt-dem-vorstand-als-generaldirektor-von-raja-office-bei\/#primaryimage"},"thumbnailUrl":"https:\/\/www.organisator.ch\/wp-content\/uploads\/2024\/11\/Nicolas_Roland_Bild1_ps.jpg","keywords":["B\u00fcrobedarf","Nachfolge","Raja","Unternehmen","Vorstand"],"articleSection":["MARKETING"],"inLanguage":"de"},{"@type":"WebPage","@id":"https:\/\/www.organisator.ch\/marketing\/2024-11-06\/nicolas-roland-tritt-dem-vorstand-als-generaldirektor-von-raja-office-bei\/","url":"https:\/\/www.organisator.ch\/marketing\/2024-11-06\/nicolas-roland-tritt-dem-vorstand-als-generaldirektor-von-raja-office-bei\/","name":"Nicolas Roland tritt dem Vorstand als Generaldirektor von Raja Office bei - Organisator","isPartOf":{"@id":"https:\/\/www.organisator.ch\/#website"},"primaryImageOfPage":{"@id":"https:\/\/www.organisator.ch\/marketing\/2024-11-06\/nicolas-roland-tritt-dem-vorstand-als-generaldirektor-von-raja-office-bei\/#primaryimage"},"image":{"@id":"https:\/\/www.organisator.ch\/marketing\/2024-11-06\/nicolas-roland-tritt-dem-vorstand-als-generaldirektor-von-raja-office-bei\/#primaryimage"},"thumbnailUrl":"https:\/\/www.organisator.ch\/wp-content\/uploads\/2024\/11\/Nicolas_Roland_Bild1_ps.jpg","datePublished":"2024-11-06T05:51:27+00:00","description":"Nicolas Roland trat am 30. September 2024 als neues Vorstandsmitglied der Raja-Gruppe bei und \u00fcbernahm die Leitung des Gesch\u00e4ftsbereichs Raja Office.","breadcrumb":{"@id":"https:\/\/www.organisator.ch\/marketing\/2024-11-06\/nicolas-roland-tritt-dem-vorstand-als-generaldirektor-von-raja-office-bei\/#breadcrumb"},"inLanguage":"de","potentialAction":[{"@type":"ReadAction","target":["https:\/\/www.organisator.ch\/marketing\/2024-11-06\/nicolas-roland-tritt-dem-vorstand-als-generaldirektor-von-raja-office-bei\/"]}]},{"@type":"ImageObject","inLanguage":"de","@id":"https:\/\/www.organisator.ch\/marketing\/2024-11-06\/nicolas-roland-tritt-dem-vorstand-als-generaldirektor-von-raja-office-bei\/#primaryimage","url":"https:\/\/www.organisator.ch\/wp-content\/uploads\/2024\/11\/Nicolas_Roland_Bild1_ps.jpg","contentUrl":"https:\/\/www.organisator.ch\/wp-content\/uploads\/2024\/11\/Nicolas_Roland_Bild1_ps.jpg","width":680,"height":482,"caption":"Nicola Roland wird im Januar 2025 die Nachfolge von Alain Josse antreten. (Bild: www.raja-group.com)"},{"@type":"BreadcrumbList","@id":"https:\/\/www.organisator.ch\/marketing\/2024-11-06\/nicolas-roland-tritt-dem-vorstand-als-generaldirektor-von-raja-office-bei\/#breadcrumb","itemListElement":[{"@type":"ListItem","position":1,"name":"Home","item":"https:\/\/www.organisator.ch\/"},{"@type":"ListItem","position":2,"name":"Nicolas Roland tritt dem Vorstand als Generaldirektor von Raja Office bei"}]},{"@type":"WebSite","@id":"https:\/\/www.organisator.ch\/#website","url":"https:\/\/www.organisator.ch\/","name":"Organisator","description":"Kompetent. Praxisnah. Der ORGANISATOR bereitet in 10 Ausgaben pro Jahr die wesentlichen Themen f\u00fcr F\u00fchrungskr\u00e4fte von KMU auf.","publisher":{"@id":"https:\/\/www.organisator.ch\/#organization"},"potentialAction":[{"@type":"SearchAction","target":{"@type":"EntryPoint","urlTemplate":"https:\/\/www.organisator.ch\/?s={search_term_string}"},"query-input":{"@type":"PropertyValueSpecification","valueRequired":true,"valueName":"search_term_string"}}],"inLanguage":"de"},{"@type":"Organization","@id":"https:\/\/www.organisator.ch\/#organization","name":"Organisator","url":"https:\/\/www.organisator.ch\/","logo":{"@type":"ImageObject","inLanguage":"de","@id":"https:\/\/www.organisator.ch\/#\/schema\/logo\/image\/","url":"https:\/\/www.organisator.ch\/wp-content\/uploads\/2022\/01\/Logo_Organisator_Website.png","contentUrl":"https:\/\/www.organisator.ch\/wp-content\/uploads\/2022\/01\/Logo_Organisator_Website.png","width":800,"height":77,"caption":"Organisator"},"image":{"@id":"https:\/\/www.organisator.ch\/#\/schema\/logo\/image\/"},"sameAs":["https:\/\/www.facebook.com\/OrganisatorFachmagazin","https:\/\/www.linkedin.com\/showcase\/organisator-das-magazin-fr-kmu","https:\/\/www.xing.com\/news\/pages\/organisator-ch-695","https:\/\/www.youtube.com\/channel\/UCGP2Sq0iWaZwT3BdIAQFYpw"]},{"@type":"Person","@id":"https:\/\/www.organisator.ch\/#\/schema\/person\/afccda3a71c06d4be2ed9100dd163db7","name":"Dzana Muminovic","image":{"@type":"ImageObject","inLanguage":"de","@id":"https:\/\/secure.gravatar.com\/avatar\/909c5c71aff4b38e88686f2ab2f1ba152571f394f41ed8bae431ea56ced93050?s=96&d=mm&r=g","url":"https:\/\/secure.gravatar.com\/avatar\/909c5c71aff4b38e88686f2ab2f1ba152571f394f41ed8bae431ea56ced93050?s=96&d=mm&r=g","contentUrl":"https:\/\/secure.gravatar.com\/avatar\/909c5c71aff4b38e88686f2ab2f1ba152571f394f41ed8bae431ea56ced93050?s=96&d=mm&r=g","caption":"Dzana Muminovic"},"url":"https:\/\/www.organisator.ch\/de\/author\/dzana-muminovic\/"}]}},"_links":{"self":[{"href":"https:\/\/www.organisator.ch\/de\/wp-json\/wp\/v2\/posts\/31523","targetHints":{"allow":["GET"]}}],"collection":[{"href":"https:\/\/www.organisator.ch\/de\/wp-json\/wp\/v2\/posts"}],"about":[{"href":"https:\/\/www.organisator.ch\/de\/wp-json\/wp\/v2\/types\/post"}],"author":[{"embeddable":true,"href":"https:\/\/www.organisator.ch\/de\/wp-json\/wp\/v2\/users\/80"}],"replies":[{"embeddable":true,"href":"https:\/\/www.organisator.ch\/de\/wp-json\/wp\/v2\/comments?post=31523"}],"version-history":[{"count":2,"href":"https:\/\/www.organisator.ch\/de\/wp-json\/wp\/v2\/posts\/31523\/revisions"}],"predecessor-version":[{"id":31545,"href":"https:\/\/www.organisator.ch\/de\/wp-json\/wp\/v2\/posts\/31523\/revisions\/31545"}],"wp:featuredmedia":[{"embeddable":true,"href":"https:\/\/www.organisator.ch\/de\/wp-json\/wp\/v2\/media\/31524"}],"wp:attachment":[{"href":"https:\/\/www.organisator.ch\/de\/wp-json\/wp\/v2\/media?parent=31523"}],"wp:term":[{"taxonomy":"category","embeddable":true,"href":"https:\/\/www.organisator.ch\/de\/wp-json\/wp\/v2\/categories?post=31523"},{"taxonomy":"post_tag","embeddable":true,"href":"https:\/\/www.organisator.ch\/de\/wp-json\/wp\/v2\/tags?post=31523"}],"curies":[{"name":"wp","href":"https:\/\/api.w.org\/{rel}","templated":true}]}}