{"id":3161,"date":"2020-06-24T11:27:38","date_gmt":"2020-06-24T09:27:38","guid":{"rendered":"https:\/\/www.umweltperspektiven.ch\/?p=3161"},"modified":"2022-02-09T11:06:49","modified_gmt":"2022-02-09T10:06:49","slug":"neues-forschungszentrum-fuer-klimaforschung-in-davos","status":"publish","type":"post","link":"https:\/\/www.organisator.ch\/de\/sustainability\/2020-06-24\/neues-forschungszentrum-fuer-klimaforschung-in-davos\/","title":{"rendered":"Neues Forschungszentrum f\u00fcr Klimaforschung in Davos"},"content":{"rendered":"<figure id=\"attachment_3162\" aria-describedby=\"caption-attachment-3162\" style=\"width: 680px\" class=\"wp-caption alignnone\"><img loading=\"lazy\" decoding=\"async\" class=\"wp-image-3162 size-medium\" src=\"\/\/www.umweltperspektiven.ch\/wp-content\/uploads\/2020\/06\/Neues-Zentrum-F\u00fcr-Forschung-in-Davos.jpg-.png\" alt=\"\" width=\"680\" height=\"396\" \/><figcaption id=\"caption-attachment-3162\" class=\"wp-caption-text\">Das neue Forschungszentrum in Davos f\u00f6rdert wichtiges Wissen \u00fcber das Kilma im alpinen Raum und bietet innovative L\u00f6sungen f\u00fcr einen wirkungsvollen Umgang mit Naturgefahren. (Bild: ETH)<\/figcaption><\/figure>\n<p>Das neue Forschungszenrum ist von hoher Bedeutung, denn der globale Klimawandel schreitet voran \u2013 darin sind sich f\u00fchrende Wissenschafterinnen und Wissenschafter weltweit einig. Dies beeinflusst Wetterextreme und Naturereignisse im Alpenraum besonders stark, denn hier f\u00e4llt die Erw\u00e4rmung doppelt so hoch aus wie im globalen Durchschnitt. Die Folge k\u00f6nnen \u00dcberschwemmungen, Murg\u00e4nge und Hangrutsche sowie lange Trockenheitsperioden im Sommer sein. Solche Ereignisse k\u00f6nnen soziale und wirtschaftliche Folgen haben, wie etwa der Bergsturz und die anschliessenden Murg\u00e4nge in Bondo im Bergell gezeigt haben.<\/p>\n<p>Deshalb hat die Eidg. Forschungsanstalt f\u00fcr Wald, Schnee und Landschaft WSL, die mit ihrem WSL-Institut f\u00fcr Schnee- und Lawinenforschung SLF und rund 140 Mitarbeitenden bereits in Davos verankert ist, zusammen mit der B\u00fcndner Regierung nach Wegen gesucht, um den Themen Klimawandel und Naturgefahren im Alpenraum zus\u00e4tzliches Gewicht zu verleihen. Auch die ETH Z\u00fcrich beteiligt sich am Aufbau eines international ausstrahlenden Forschungszentrums in Davos. Die entsprechenden Finanzierungsentscheide haben alle Beteiligten bis Anfang Juni getroffen.<\/p>\n<h2>Zwei neue Professuren und 40 neue Arbeitspl\u00e4tze<\/h2>\n<p>\u00abWir brauchen neues Wissen und innovative L\u00f6sungen f\u00fcr einen wirkungsvollen Umgang mit Naturgefahren. Nur so k\u00f6nnen Menschen in Gebirgsr\u00e4umen leben und nachhaltig wirtschaften\u00bb, erkl\u00e4rte J\u00fcrg Schweizer, Leiter SLF anl\u00e4sslich der Medienkonferenz vom 12. Juni 2020, an welcher die Kooperation erstmals der \u00d6ffentlichkeit vorgestellt wurde.<\/p>\n<p>Das geplante Zentrum soll sechs Forschungsgebiete und darin zwei neue Professuren umfassen, die von der WSL und der ETH Z\u00fcrich gemeinsam getragen werden. \u00abUnsere international profilierte Klima- und Umweltforschung bietet Gew\u00e4hr, dass die zwei geplanten Doppelprofessuren mit der WSL von einem starken Netzwerk profitieren. Gleichzeitig vertiefen wir das Wissen \u00fcber die Auswirkungen des Klimawandels auf das f\u00fcr die Schweiz zentrale Berggebiet\u00bb, sagte ETH-Pr\u00e4sident Jo\u00ebl Mesot.<\/p>\n<p>W\u00e4hrend in der einen Professur alpine Massenbewegungen und Permafrost erforscht werden sollen, widmet sich die zweite Professur den Auswirkungen des Klimawandels auf die Bergregionen. Weitere Forschungsthemen sind Fr\u00fchwarnung, Gebirgs\u00f6kologie und Schutzwald sowie Risikokommunikation und Resilienz, also die F\u00e4higkeit mit Naturgefahren umzugehen sowie die Verwundbarkeit zu reduzieren. Langfristig sollen in dem neuen Zentrum bis zu 40 neue Arbeitspl\u00e4tze entstehen.<\/p>\n<h2>72 Millionen Franken f\u00fcr die ersten zw\u00f6lf Jahre<\/h2>\n<p>Die Basisfinanzierung f\u00fcr die ersten zw\u00f6lf Jahre von 2021 bis 2032 betr\u00e4gt pro Jahr rund sechs\u00a0Millionen Franken. Davon tr\u00e4gt der Kanton Graub\u00fcnden j\u00e4hrlich zwei\u00a0Millionen, die WSL drei Millionen und die ETH Z\u00fcrich beteiligt sich mit j\u00e4hrlich einer\u00a0Million Franken. Diese Mittel sichern den Grundbetrieb, m\u00f6gliche Wachstumspl\u00e4ne sollen ab 2023 \u00fcber Drittmittel finanziert werden.<\/p>\n<p>Das Forschungszentrum wird noch dieses Jahr formell gegr\u00fcndet und nimmt am 1. Januar 2021 seinen Betrieb als Teil der WSL auf. Es wird in den R\u00e4umen des SLF in Davos angesiedelt, wo diesen Sommer die Arbeiten an einem Erweiterungsbau starten. \u00abDie WSL ist regional verankert und forscht seit langem zu Gebirgsthemen wie Lawinen oder Steinschlag. Sie ist bei den Anwenderinnen und Anwendern der Forschungsresultate anerkannt, was f\u00fcr den Wissenstransfer zentral ist\u00bb, betonte WSL-Direktor Konrad Steffen.<\/p>\n<h2>Erste Massnahme der Innovationsstrategie Graub\u00fcnden<\/h2>\n<p>Das Zentrum wird eine erste sichtbare Massnahme im Rahmen des Regierungsprogramms 2021-24 und untermauert die im letzten Jahr verabschiedete Innovationsstrategie Graub\u00fcnden. \u00abDer Forschungsstandort Davos wird durch die Schaffung von bis zu vierzig hochqualifizierten Stellen nachhaltig ausgebaut\u00bb, erkl\u00e4rte der Vorsteher des Departements f\u00fcr Volkswirtschaft und Soziales, Regierungsrat Marcus Caduff. Damit soll der Wissens- und Technologietransfer f\u00fcr die regionale Wirtschaft und die kantonale Verwaltung gest\u00e4rkt werden \u2013 verbunden mit dem konkreten Anspruch, Graub\u00fcnden, aber auch andere Gebirgsregionen, als attraktive, lebenswerte und sichere Lebensr\u00e4ume zu erhalten.<\/p>\n<p>Das Forschungszentrum ist aber nicht nur aus Innovationssicht relevant f\u00fcr Graub\u00fcnden, sondern es unterst\u00fctzt auch die Umsetzung der kantonalen Hochschul- und Forschungsstrategie. Regierungsrat Jon Domenic Parolini, Erziehungs-, Kultur und Umweltschutzverantwortlicher in der B\u00fcndner Regierung betonte: \u00abDas neue Forschungszentrum leistet einen wichtigen gesellschaftlichen, volkswirtschaftlich und bildungspolitischen Beitrag zur Weiterentwicklung unseres Kantons.\u00bb<\/p>\n<p><a href=\"\/\/ethz.ch\/de\/news-und-veranstaltungen\/eth-news\/news\/2020\/06\/spitzenforschung-in-davos.html\"><em>Weitere News und Informationen \u00fcber das Forschungsstandort der ETH in Davos<\/em><\/a><\/p>\n","protected":false},"excerpt":{"rendered":"<p>Das neue Forschungszenrum ist von hoher Bedeutung, denn der globale Klimawandel schreitet voran \u2013 darin sind sich f\u00fchrende Wissenschafterinnen und Wissenschafter weltweit einig. Dies beeinflusst Wetterextreme und Naturereignisse im Alpenraum besonders stark, denn hier f\u00e4llt die Erw\u00e4rmung doppelt so hoch aus wie im globalen Durchschnitt. Die Folge k\u00f6nnen \u00dcberschwemmungen, Murg\u00e4nge und Hangrutsche sowie lange Trockenheitsperioden [&hellip;]<\/p>\n","protected":false},"author":5,"featured_media":3162,"comment_status":"closed","ping_status":"closed","sticky":false,"template":"","format":"standard","meta":{"_acf_changed":false,"_yoast_wpseo_focuskw":"Forschungszentrum","_yoast_wpseo_metadesc":"Der Kanton Graub\u00fcnden und die Eidg. Forschungsanstalt f\u00fcr Wald, Schnee und Landschaft WSL gr\u00fcnden ein neues Forschungszentrum in Davos.","articlekey":"","footnotes":""},"categories":[580],"tags":[966,218,1311,596,2391,2596],"class_list":["post-3161","post","type-post","status-publish","format-standard","has-post-thumbnail","hentry","category-sustainability","tag-davos","tag-forschung","tag-graubuenden","tag-klima","tag-umweltwissenschaften","tag-zentrum"],"acf":[],"yoast_head":"<!-- This site is optimized with the Yoast SEO plugin v27.4 - https:\/\/yoast.com\/product\/yoast-seo-wordpress\/ -->\n<title>Neues Forschungszentrum f\u00fcr Klimaforschung in Davos - Organisator<\/title>\n<meta name=\"description\" content=\"Der Kanton Graub\u00fcnden und die Eidg. Forschungsanstalt f\u00fcr Wald, Schnee und Landschaft WSL gr\u00fcnden ein neues Forschungszentrum in Davos.\" \/>\n<meta name=\"robots\" content=\"index, follow, max-snippet:-1, max-image-preview:large, max-video-preview:-1\" \/>\n<link rel=\"canonical\" href=\"https:\/\/www.organisator.ch\/de\/sustainability\/2020-06-24\/neues-forschungszentrum-fuer-klimaforschung-in-davos\/\" \/>\n<meta property=\"og:locale\" content=\"de_DE\" \/>\n<meta property=\"og:type\" content=\"article\" \/>\n<meta property=\"og:title\" content=\"Neues Forschungszentrum f\u00fcr Klimaforschung in Davos - Organisator\" \/>\n<meta property=\"og:description\" content=\"Der Kanton Graub\u00fcnden und die Eidg. Forschungsanstalt f\u00fcr Wald, Schnee und Landschaft WSL gr\u00fcnden ein neues Forschungszentrum in Davos.\" \/>\n<meta property=\"og:url\" content=\"https:\/\/www.organisator.ch\/de\/sustainability\/2020-06-24\/neues-forschungszentrum-fuer-klimaforschung-in-davos\/\" \/>\n<meta property=\"og:site_name\" content=\"Organisator\" \/>\n<meta property=\"article:publisher\" content=\"https:\/\/www.facebook.com\/OrganisatorFachmagazin\" \/>\n<meta property=\"article:published_time\" content=\"2020-06-24T09:27:38+00:00\" \/>\n<meta property=\"article:modified_time\" content=\"2022-02-09T10:06:49+00:00\" \/>\n<meta property=\"og:image\" content=\"https:\/\/www.organisator.ch\/wp-content\/uploads\/2020\/06\/Neues-Zentrum-Fuer-Forschung-in-Davos.jpg-.png\" \/>\n\t<meta property=\"og:image:width\" content=\"789\" \/>\n\t<meta property=\"og:image:height\" content=\"459\" \/>\n\t<meta property=\"og:image:type\" content=\"image\/png\" \/>\n<meta name=\"author\" content=\"michael.merz\" \/>\n<meta name=\"twitter:card\" content=\"summary_large_image\" \/>\n<script type=\"application\/ld+json\" class=\"yoast-schema-graph\">{\"@context\":\"https:\\\/\\\/schema.org\",\"@graph\":[{\"@type\":\"Article\",\"@id\":\"https:\\\/\\\/www.organisator.ch\\\/sustainability\\\/2020-06-24\\\/neues-forschungszentrum-fuer-klimaforschung-in-davos\\\/#article\",\"isPartOf\":{\"@id\":\"https:\\\/\\\/www.organisator.ch\\\/sustainability\\\/2020-06-24\\\/neues-forschungszentrum-fuer-klimaforschung-in-davos\\\/\"},\"author\":{\"name\":\"michael.merz\",\"@id\":\"https:\\\/\\\/www.organisator.ch\\\/#\\\/schema\\\/person\\\/134708ca9321c57b0362cceb7948ffbd\"},\"headline\":\"Neues Forschungszentrum f\u00fcr Klimaforschung in Davos\",\"datePublished\":\"2020-06-24T09:27:38+00:00\",\"dateModified\":\"2022-02-09T10:06:49+00:00\",\"mainEntityOfPage\":{\"@id\":\"https:\\\/\\\/www.organisator.ch\\\/sustainability\\\/2020-06-24\\\/neues-forschungszentrum-fuer-klimaforschung-in-davos\\\/\"},\"wordCount\":701,\"publisher\":{\"@id\":\"https:\\\/\\\/www.organisator.ch\\\/#organization\"},\"image\":{\"@id\":\"https:\\\/\\\/www.organisator.ch\\\/sustainability\\\/2020-06-24\\\/neues-forschungszentrum-fuer-klimaforschung-in-davos\\\/#primaryimage\"},\"thumbnailUrl\":\"https:\\\/\\\/www.organisator.ch\\\/wp-content\\\/uploads\\\/2020\\\/06\\\/Neues-Zentrum-Fuer-Forschung-in-Davos.jpg-.png\",\"keywords\":[\"Davos\",\"Forschung\",\"Graub\u00fcnden\",\"KLIMA\",\"Umweltwissenschaften\",\"Zentrum\"],\"articleSection\":[\"SUSTAINABILITY\"],\"inLanguage\":\"de\"},{\"@type\":\"WebPage\",\"@id\":\"https:\\\/\\\/www.organisator.ch\\\/sustainability\\\/2020-06-24\\\/neues-forschungszentrum-fuer-klimaforschung-in-davos\\\/\",\"url\":\"https:\\\/\\\/www.organisator.ch\\\/sustainability\\\/2020-06-24\\\/neues-forschungszentrum-fuer-klimaforschung-in-davos\\\/\",\"name\":\"Neues Forschungszentrum f\u00fcr Klimaforschung in Davos - Organisator\",\"isPartOf\":{\"@id\":\"https:\\\/\\\/www.organisator.ch\\\/#website\"},\"primaryImageOfPage\":{\"@id\":\"https:\\\/\\\/www.organisator.ch\\\/sustainability\\\/2020-06-24\\\/neues-forschungszentrum-fuer-klimaforschung-in-davos\\\/#primaryimage\"},\"image\":{\"@id\":\"https:\\\/\\\/www.organisator.ch\\\/sustainability\\\/2020-06-24\\\/neues-forschungszentrum-fuer-klimaforschung-in-davos\\\/#primaryimage\"},\"thumbnailUrl\":\"https:\\\/\\\/www.organisator.ch\\\/wp-content\\\/uploads\\\/2020\\\/06\\\/Neues-Zentrum-Fuer-Forschung-in-Davos.jpg-.png\",\"datePublished\":\"2020-06-24T09:27:38+00:00\",\"dateModified\":\"2022-02-09T10:06:49+00:00\",\"description\":\"Der Kanton Graub\u00fcnden und die Eidg. Forschungsanstalt f\u00fcr Wald, Schnee und Landschaft WSL gr\u00fcnden ein neues Forschungszentrum in Davos.\",\"breadcrumb\":{\"@id\":\"https:\\\/\\\/www.organisator.ch\\\/sustainability\\\/2020-06-24\\\/neues-forschungszentrum-fuer-klimaforschung-in-davos\\\/#breadcrumb\"},\"inLanguage\":\"de\",\"potentialAction\":[{\"@type\":\"ReadAction\",\"target\":[\"https:\\\/\\\/www.organisator.ch\\\/sustainability\\\/2020-06-24\\\/neues-forschungszentrum-fuer-klimaforschung-in-davos\\\/\"]}]},{\"@type\":\"ImageObject\",\"inLanguage\":\"de\",\"@id\":\"https:\\\/\\\/www.organisator.ch\\\/sustainability\\\/2020-06-24\\\/neues-forschungszentrum-fuer-klimaforschung-in-davos\\\/#primaryimage\",\"url\":\"https:\\\/\\\/www.organisator.ch\\\/wp-content\\\/uploads\\\/2020\\\/06\\\/Neues-Zentrum-Fuer-Forschung-in-Davos.jpg-.png\",\"contentUrl\":\"https:\\\/\\\/www.organisator.ch\\\/wp-content\\\/uploads\\\/2020\\\/06\\\/Neues-Zentrum-Fuer-Forschung-in-Davos.jpg-.png\",\"width\":789,\"height\":459},{\"@type\":\"BreadcrumbList\",\"@id\":\"https:\\\/\\\/www.organisator.ch\\\/sustainability\\\/2020-06-24\\\/neues-forschungszentrum-fuer-klimaforschung-in-davos\\\/#breadcrumb\",\"itemListElement\":[{\"@type\":\"ListItem\",\"position\":1,\"name\":\"Home\",\"item\":\"https:\\\/\\\/www.organisator.ch\\\/\"},{\"@type\":\"ListItem\",\"position\":2,\"name\":\"Neues Forschungszentrum f\u00fcr Klimaforschung in Davos\"}]},{\"@type\":\"WebSite\",\"@id\":\"https:\\\/\\\/www.organisator.ch\\\/#website\",\"url\":\"https:\\\/\\\/www.organisator.ch\\\/\",\"name\":\"Organisator\",\"description\":\"Kompetent. Praxisnah. Der ORGANISATOR bereitet in 10 Ausgaben pro Jahr die wesentlichen Themen f\u00fcr F\u00fchrungskr\u00e4fte von KMU auf.\",\"publisher\":{\"@id\":\"https:\\\/\\\/www.organisator.ch\\\/#organization\"},\"potentialAction\":[{\"@type\":\"SearchAction\",\"target\":{\"@type\":\"EntryPoint\",\"urlTemplate\":\"https:\\\/\\\/www.organisator.ch\\\/?s={search_term_string}\"},\"query-input\":{\"@type\":\"PropertyValueSpecification\",\"valueRequired\":true,\"valueName\":\"search_term_string\"}}],\"inLanguage\":\"de\"},{\"@type\":\"Organization\",\"@id\":\"https:\\\/\\\/www.organisator.ch\\\/#organization\",\"name\":\"Organisator\",\"url\":\"https:\\\/\\\/www.organisator.ch\\\/\",\"logo\":{\"@type\":\"ImageObject\",\"inLanguage\":\"de\",\"@id\":\"https:\\\/\\\/www.organisator.ch\\\/#\\\/schema\\\/logo\\\/image\\\/\",\"url\":\"https:\\\/\\\/www.organisator.ch\\\/wp-content\\\/uploads\\\/2022\\\/01\\\/Logo_Organisator_Website.png\",\"contentUrl\":\"https:\\\/\\\/www.organisator.ch\\\/wp-content\\\/uploads\\\/2022\\\/01\\\/Logo_Organisator_Website.png\",\"width\":800,\"height\":77,\"caption\":\"Organisator\"},\"image\":{\"@id\":\"https:\\\/\\\/www.organisator.ch\\\/#\\\/schema\\\/logo\\\/image\\\/\"},\"sameAs\":[\"https:\\\/\\\/www.facebook.com\\\/OrganisatorFachmagazin\",\"https:\\\/\\\/www.linkedin.com\\\/showcase\\\/organisator-das-magazin-fr-kmu\",\"https:\\\/\\\/www.xing.com\\\/news\\\/pages\\\/organisator-ch-695\",\"https:\\\/\\\/www.youtube.com\\\/channel\\\/UCGP2Sq0iWaZwT3BdIAQFYpw\"]},{\"@type\":\"Person\",\"@id\":\"https:\\\/\\\/www.organisator.ch\\\/#\\\/schema\\\/person\\\/134708ca9321c57b0362cceb7948ffbd\",\"name\":\"michael.merz\",\"image\":{\"@type\":\"ImageObject\",\"inLanguage\":\"de\",\"@id\":\"https:\\\/\\\/secure.gravatar.com\\\/avatar\\\/?s=96&d=mm&r=g\",\"url\":\"https:\\\/\\\/secure.gravatar.com\\\/avatar\\\/?s=96&d=mm&r=g\",\"contentUrl\":\"https:\\\/\\\/secure.gravatar.com\\\/avatar\\\/?s=96&d=mm&r=g\",\"caption\":\"michael.merz\"},\"url\":\"https:\\\/\\\/www.organisator.ch\\\/de\\\/author\\\/michael-merz\\\/\"}]}<\/script>\n<!-- \/ Yoast SEO plugin. -->","yoast_head_json":{"title":"Neues Forschungszentrum f\u00fcr Klimaforschung in Davos - Organisator","description":"Der Kanton Graub\u00fcnden und die Eidg. Forschungsanstalt f\u00fcr Wald, Schnee und Landschaft WSL gr\u00fcnden ein neues Forschungszentrum in Davos.","robots":{"index":"index","follow":"follow","max-snippet":"max-snippet:-1","max-image-preview":"max-image-preview:large","max-video-preview":"max-video-preview:-1"},"canonical":"https:\/\/www.organisator.ch\/de\/sustainability\/2020-06-24\/neues-forschungszentrum-fuer-klimaforschung-in-davos\/","og_locale":"de_DE","og_type":"article","og_title":"Neues Forschungszentrum f\u00fcr Klimaforschung in Davos - Organisator","og_description":"Der Kanton Graub\u00fcnden und die Eidg. Forschungsanstalt f\u00fcr Wald, Schnee und Landschaft WSL gr\u00fcnden ein neues Forschungszentrum in Davos.","og_url":"https:\/\/www.organisator.ch\/de\/sustainability\/2020-06-24\/neues-forschungszentrum-fuer-klimaforschung-in-davos\/","og_site_name":"Organisator","article_publisher":"https:\/\/www.facebook.com\/OrganisatorFachmagazin","article_published_time":"2020-06-24T09:27:38+00:00","article_modified_time":"2022-02-09T10:06:49+00:00","og_image":[{"width":789,"height":459,"url":"https:\/\/www.organisator.ch\/wp-content\/uploads\/2020\/06\/Neues-Zentrum-Fuer-Forschung-in-Davos.jpg-.png","type":"image\/png"}],"author":"michael.merz","twitter_card":"summary_large_image","schema":{"@context":"https:\/\/schema.org","@graph":[{"@type":"Article","@id":"https:\/\/www.organisator.ch\/sustainability\/2020-06-24\/neues-forschungszentrum-fuer-klimaforschung-in-davos\/#article","isPartOf":{"@id":"https:\/\/www.organisator.ch\/sustainability\/2020-06-24\/neues-forschungszentrum-fuer-klimaforschung-in-davos\/"},"author":{"name":"michael.merz","@id":"https:\/\/www.organisator.ch\/#\/schema\/person\/134708ca9321c57b0362cceb7948ffbd"},"headline":"Neues Forschungszentrum f\u00fcr Klimaforschung in Davos","datePublished":"2020-06-24T09:27:38+00:00","dateModified":"2022-02-09T10:06:49+00:00","mainEntityOfPage":{"@id":"https:\/\/www.organisator.ch\/sustainability\/2020-06-24\/neues-forschungszentrum-fuer-klimaforschung-in-davos\/"},"wordCount":701,"publisher":{"@id":"https:\/\/www.organisator.ch\/#organization"},"image":{"@id":"https:\/\/www.organisator.ch\/sustainability\/2020-06-24\/neues-forschungszentrum-fuer-klimaforschung-in-davos\/#primaryimage"},"thumbnailUrl":"https:\/\/www.organisator.ch\/wp-content\/uploads\/2020\/06\/Neues-Zentrum-Fuer-Forschung-in-Davos.jpg-.png","keywords":["Davos","Forschung","Graub\u00fcnden","KLIMA","Umweltwissenschaften","Zentrum"],"articleSection":["SUSTAINABILITY"],"inLanguage":"de"},{"@type":"WebPage","@id":"https:\/\/www.organisator.ch\/sustainability\/2020-06-24\/neues-forschungszentrum-fuer-klimaforschung-in-davos\/","url":"https:\/\/www.organisator.ch\/sustainability\/2020-06-24\/neues-forschungszentrum-fuer-klimaforschung-in-davos\/","name":"Neues Forschungszentrum f\u00fcr Klimaforschung in Davos - Organisator","isPartOf":{"@id":"https:\/\/www.organisator.ch\/#website"},"primaryImageOfPage":{"@id":"https:\/\/www.organisator.ch\/sustainability\/2020-06-24\/neues-forschungszentrum-fuer-klimaforschung-in-davos\/#primaryimage"},"image":{"@id":"https:\/\/www.organisator.ch\/sustainability\/2020-06-24\/neues-forschungszentrum-fuer-klimaforschung-in-davos\/#primaryimage"},"thumbnailUrl":"https:\/\/www.organisator.ch\/wp-content\/uploads\/2020\/06\/Neues-Zentrum-Fuer-Forschung-in-Davos.jpg-.png","datePublished":"2020-06-24T09:27:38+00:00","dateModified":"2022-02-09T10:06:49+00:00","description":"Der Kanton Graub\u00fcnden und die Eidg. Forschungsanstalt f\u00fcr Wald, Schnee und Landschaft WSL gr\u00fcnden ein neues Forschungszentrum in Davos.","breadcrumb":{"@id":"https:\/\/www.organisator.ch\/sustainability\/2020-06-24\/neues-forschungszentrum-fuer-klimaforschung-in-davos\/#breadcrumb"},"inLanguage":"de","potentialAction":[{"@type":"ReadAction","target":["https:\/\/www.organisator.ch\/sustainability\/2020-06-24\/neues-forschungszentrum-fuer-klimaforschung-in-davos\/"]}]},{"@type":"ImageObject","inLanguage":"de","@id":"https:\/\/www.organisator.ch\/sustainability\/2020-06-24\/neues-forschungszentrum-fuer-klimaforschung-in-davos\/#primaryimage","url":"https:\/\/www.organisator.ch\/wp-content\/uploads\/2020\/06\/Neues-Zentrum-Fuer-Forschung-in-Davos.jpg-.png","contentUrl":"https:\/\/www.organisator.ch\/wp-content\/uploads\/2020\/06\/Neues-Zentrum-Fuer-Forschung-in-Davos.jpg-.png","width":789,"height":459},{"@type":"BreadcrumbList","@id":"https:\/\/www.organisator.ch\/sustainability\/2020-06-24\/neues-forschungszentrum-fuer-klimaforschung-in-davos\/#breadcrumb","itemListElement":[{"@type":"ListItem","position":1,"name":"Home","item":"https:\/\/www.organisator.ch\/"},{"@type":"ListItem","position":2,"name":"Neues Forschungszentrum f\u00fcr Klimaforschung in Davos"}]},{"@type":"WebSite","@id":"https:\/\/www.organisator.ch\/#website","url":"https:\/\/www.organisator.ch\/","name":"Organisator","description":"Kompetent. Praxisnah. Der ORGANISATOR bereitet in 10 Ausgaben pro Jahr die wesentlichen Themen f\u00fcr F\u00fchrungskr\u00e4fte von KMU auf.","publisher":{"@id":"https:\/\/www.organisator.ch\/#organization"},"potentialAction":[{"@type":"SearchAction","target":{"@type":"EntryPoint","urlTemplate":"https:\/\/www.organisator.ch\/?s={search_term_string}"},"query-input":{"@type":"PropertyValueSpecification","valueRequired":true,"valueName":"search_term_string"}}],"inLanguage":"de"},{"@type":"Organization","@id":"https:\/\/www.organisator.ch\/#organization","name":"Organisator","url":"https:\/\/www.organisator.ch\/","logo":{"@type":"ImageObject","inLanguage":"de","@id":"https:\/\/www.organisator.ch\/#\/schema\/logo\/image\/","url":"https:\/\/www.organisator.ch\/wp-content\/uploads\/2022\/01\/Logo_Organisator_Website.png","contentUrl":"https:\/\/www.organisator.ch\/wp-content\/uploads\/2022\/01\/Logo_Organisator_Website.png","width":800,"height":77,"caption":"Organisator"},"image":{"@id":"https:\/\/www.organisator.ch\/#\/schema\/logo\/image\/"},"sameAs":["https:\/\/www.facebook.com\/OrganisatorFachmagazin","https:\/\/www.linkedin.com\/showcase\/organisator-das-magazin-fr-kmu","https:\/\/www.xing.com\/news\/pages\/organisator-ch-695","https:\/\/www.youtube.com\/channel\/UCGP2Sq0iWaZwT3BdIAQFYpw"]},{"@type":"Person","@id":"https:\/\/www.organisator.ch\/#\/schema\/person\/134708ca9321c57b0362cceb7948ffbd","name":"michael.merz","image":{"@type":"ImageObject","inLanguage":"de","@id":"https:\/\/secure.gravatar.com\/avatar\/?s=96&d=mm&r=g","url":"https:\/\/secure.gravatar.com\/avatar\/?s=96&d=mm&r=g","contentUrl":"https:\/\/secure.gravatar.com\/avatar\/?s=96&d=mm&r=g","caption":"michael.merz"},"url":"https:\/\/www.organisator.ch\/de\/author\/michael-merz\/"}]}},"_links":{"self":[{"href":"https:\/\/www.organisator.ch\/de\/wp-json\/wp\/v2\/posts\/3161","targetHints":{"allow":["GET"]}}],"collection":[{"href":"https:\/\/www.organisator.ch\/de\/wp-json\/wp\/v2\/posts"}],"about":[{"href":"https:\/\/www.organisator.ch\/de\/wp-json\/wp\/v2\/types\/post"}],"author":[{"embeddable":true,"href":"https:\/\/www.organisator.ch\/de\/wp-json\/wp\/v2\/users\/5"}],"replies":[{"embeddable":true,"href":"https:\/\/www.organisator.ch\/de\/wp-json\/wp\/v2\/comments?post=3161"}],"version-history":[{"count":1,"href":"https:\/\/www.organisator.ch\/de\/wp-json\/wp\/v2\/posts\/3161\/revisions"}],"predecessor-version":[{"id":10673,"href":"https:\/\/www.organisator.ch\/de\/wp-json\/wp\/v2\/posts\/3161\/revisions\/10673"}],"wp:featuredmedia":[{"embeddable":true,"href":"https:\/\/www.organisator.ch\/de\/wp-json\/wp\/v2\/media\/3162"}],"wp:attachment":[{"href":"https:\/\/www.organisator.ch\/de\/wp-json\/wp\/v2\/media?parent=3161"}],"wp:term":[{"taxonomy":"category","embeddable":true,"href":"https:\/\/www.organisator.ch\/de\/wp-json\/wp\/v2\/categories?post=3161"},{"taxonomy":"post_tag","embeddable":true,"href":"https:\/\/www.organisator.ch\/de\/wp-json\/wp\/v2\/tags?post=3161"}],"curies":[{"name":"wp","href":"https:\/\/api.w.org\/{rel}","templated":true}]}}