{"id":31634,"date":"2024-11-07T06:54:46","date_gmt":"2024-11-07T05:54:46","guid":{"rendered":"https:\/\/www.m-q.ch\/?p=20665"},"modified":"2024-11-07T07:38:09","modified_gmt":"2024-11-07T06:38:09","slug":"digitalisierungsstudie-zeigt-verwaltungen-koennen-mehr-tun","status":"publish","type":"post","link":"https:\/\/www.organisator.ch\/de\/operational-excellence\/2024-11-07\/digitalisierungsstudie-zeigt-verwaltungen-koennen-mehr-tun\/","title":{"rendered":"Digitalisierungsstudie zeigt: Verwaltungen k\u00f6nnen mehr tun"},"content":{"rendered":"<figure id=\"attachment_20667\" class=\"wp-caption alignnone\" style=\"width: 680px;\" aria-describedby=\"caption-attachment-20667\"><img class=\"size-full wp-image-20667\" src=\"https:\/\/www.m-q.ch\/wp-content\/uploads\/2024\/11\/Digitalswitzerland_Bild1_ps.jpg\" sizes=\"(max-width: 680px) 100vw, 680px\" srcset=\"https:\/\/www.m-q.ch\/wp-content\/uploads\/2024\/11\/Digitalswitzerland_Bild1_ps.jpg 680w, https:\/\/www.m-q.ch\/wp-content\/uploads\/2024\/11\/Digitalswitzerland_Bild1_ps-18x12.jpg 18w, https:\/\/www.m-q.ch\/wp-content\/uploads\/2024\/11\/Digitalswitzerland_Bild1_ps-375x250.jpg 375w, https:\/\/www.m-q.ch\/wp-content\/uploads\/2024\/11\/Digitalswitzerland_Bild1_ps-524x350.jpg 524w\" alt=\"\" width=\"680\" height=\"454\" \/>\r\n<figcaption id=\"caption-attachment-20667\" class=\"wp-caption-text\">Strategisch ist die Schweiz bereits auf einem guten Weg zu einem effizienten und praktischen eGoverment. (Bild: www.depositphotos.com)<\/figcaption>\r\n<\/figure>\r\n<p>Im f\u00f6deralistischen System der Schweiz sehen die Studienherausgeber:innen viele Herausforderungen, nennen aber auch Chancen. So biete die kleinteilige Verwaltungsstruktur in der Schweiz Raum f\u00fcr flexible, innovative L\u00f6sungen.\u00a0<\/p>\r\n<p>Die am 6. November ver\u00f6ffentlichte Studie zeigt auf, dass vor allem kleinere Gemeinden vor H\u00fcrden stehen, wenn sie den digitalen Wandel alleine zu stemmen versuchen. Kooperationen wie gemeinde\u00fcbergreifende Netzwerke sind in der f\u00f6deralistischen Schweiz darum zukunftsweisend. F\u00fcr Mattia Balsiger, Projektverantwortlicher bei digitalswitzerland, ist klar: \u201ePartnerschaften auf Gemeinde- und Kantonsebene erm\u00f6glichen es, die Digitalisierung der Verwaltung kosteng\u00fcnstig, effizient und in guter Qualit\u00e4t umzusetzen. Mit Blick auf die geplanten Sparmassnahmen des Bundes und den anhaltenden Digitalisierungsdruck wird dies immer wichtiger.\u201c\u00a0<\/p>\r\n<h3><strong>Best-Practice-Beispiele geben Anlass zur Zuversicht\u00a0<\/strong><\/h3>\r\n<p>Die Studienautor:innen zeigen sich \u00fcberzeugt: Strategisch ist die Schweiz bereits auf einem guten Weg zu einem effizienten und praktischen eGoverment. Untermalt wird diese These mit konkreten Beispielen aus St\u00e4dten und Kantonen, die zeigen, wie b\u00fcrgernahe Digitalisierung funktioniert.<\/p>\r\n<p>Die Studie wurde gemeinsam mit den Kantonen Aargau, Schwyz, Schaffhausen, der Schweizerischen Post sowie den St\u00e4dten Lausanne, Luzern, Bern und Lugano erarbeitet. Die Ergebnisse liefern konkrete Handlungsempfehlungen und reihen sich ein in Zielsetzungen der Strategie 2024-2027 der Digitalen Verwaltung Schweiz (DVS).<\/p>\r\n<p>Die Studie, die regionalen Fallstudien und ein daraus abgeleiteter Leitfaden finden Sie <a href=\"https:\/\/digitalswitzerland.us11.list-manage.com\/track\/click?u=d4b782bbe405abb13733138ef&amp;id=ad7be8bbe1&amp;e=5db2e389e2\">hier zum Download<\/a>.\u00a0<\/p>\r\n<p><em>Quelle: <a href=\"http:\/\/www.digitalswitzerland.com\/\">www.digitalswitzerland.com<\/a><\/em><\/p>\n<p class=\"syndicated-attribution\">Dieser Beitrag erschien urspr\u00fcnglich auf m-q.ch - <a href=\"https:\/\/www.m-q.ch\/de\/digitalisierungsstudie-zeigt-verwaltungen-koennen-mehr-tun\/\" target=\"_blank\">https:\/\/www.m-q.ch\/de\/digitalisierungsstudie-zeigt-verwaltungen-koennen-mehr-tun\/<\/a><\/p>","protected":false},"excerpt":{"rendered":"<p>Die neue Studie &#8222;Res Publica Digitalis&#8220; von digitalswitzerland ruft zu mehr Kooperation und Einowhner:innenzentrierung in der Digitalisierung der Verwaltung auf.<\/p>\n","protected":false},"author":58,"featured_media":0,"comment_status":"closed","ping_status":"closed","sticky":false,"template":"","format":"standard","meta":{"_acf_changed":false,"_yoast_wpseo_focuskw":"Digitalisierungsstudie","_yoast_wpseo_metadesc":"","articlekey":"","footnotes":""},"categories":[582],"tags":[156,605,492,2721],"class_list":["post-31634","post","type-post","status-publish","format-standard","hentry","category-operational-excellence","tag-digitalisierung","tag-qualitaetsmanagement","tag-unternehmen","tag-verwaltung"],"acf":[],"yoast_head":"<!-- This site is optimized with the Yoast SEO plugin v27.5 - https:\/\/yoast.com\/product\/yoast-seo-wordpress\/ -->\n<title>Digitalisierungsstudie zeigt: Verwaltungen k\u00f6nnen mehr tun - Organisator<\/title>\n<meta name=\"robots\" content=\"index, follow, max-snippet:-1, max-image-preview:large, max-video-preview:-1\" \/>\n<link rel=\"canonical\" href=\"https:\/\/www.organisator.ch\/de\/operational-excellence\/2024-11-07\/digitalisierungsstudie-zeigt-verwaltungen-koennen-mehr-tun\/\" \/>\n<meta property=\"og:locale\" content=\"de_DE\" \/>\n<meta property=\"og:type\" content=\"article\" \/>\n<meta property=\"og:title\" content=\"Digitalisierungsstudie zeigt: Verwaltungen k\u00f6nnen mehr tun - Organisator\" \/>\n<meta property=\"og:description\" content=\"Die neue Studie &quot;Res Publica Digitalis&quot; von digitalswitzerland ruft zu mehr Kooperation und Einowhner:innenzentrierung in der Digitalisierung der Verwaltung auf.\" \/>\n<meta property=\"og:url\" content=\"https:\/\/www.organisator.ch\/de\/operational-excellence\/2024-11-07\/digitalisierungsstudie-zeigt-verwaltungen-koennen-mehr-tun\/\" \/>\n<meta property=\"og:site_name\" content=\"Organisator\" \/>\n<meta property=\"article:publisher\" content=\"https:\/\/www.facebook.com\/OrganisatorFachmagazin\" \/>\n<meta property=\"article:published_time\" content=\"2024-11-07T05:54:46+00:00\" \/>\n<meta property=\"article:modified_time\" content=\"2024-11-07T06:38:09+00:00\" \/>\n<meta property=\"og:image\" content=\"https:\/\/www.m-q.ch\/wp-content\/uploads\/2024\/11\/Digitalswitzerland_Bild1_ps.jpg\" \/>\n<meta name=\"author\" content=\"Adelisa Kalajdzini\" \/>\n<meta name=\"twitter:card\" content=\"summary_large_image\" \/>\n<script type=\"application\/ld+json\" class=\"yoast-schema-graph\">{\"@context\":\"https:\\\/\\\/schema.org\",\"@graph\":[{\"@type\":\"Article\",\"@id\":\"https:\\\/\\\/www.organisator.ch\\\/operational-excellence\\\/2024-11-07\\\/digitalisierungsstudie-zeigt-verwaltungen-koennen-mehr-tun\\\/#article\",\"isPartOf\":{\"@id\":\"https:\\\/\\\/www.organisator.ch\\\/operational-excellence\\\/2024-11-07\\\/digitalisierungsstudie-zeigt-verwaltungen-koennen-mehr-tun\\\/\"},\"author\":{\"name\":\"Adelisa Kalajdzini\",\"@id\":\"https:\\\/\\\/www.organisator.ch\\\/#\\\/schema\\\/person\\\/2e1314a2172123f874db408d8911d3f3\"},\"headline\":\"Digitalisierungsstudie zeigt: Verwaltungen k\u00f6nnen mehr tun\",\"datePublished\":\"2024-11-07T05:54:46+00:00\",\"dateModified\":\"2024-11-07T06:38:09+00:00\",\"mainEntityOfPage\":{\"@id\":\"https:\\\/\\\/www.organisator.ch\\\/operational-excellence\\\/2024-11-07\\\/digitalisierungsstudie-zeigt-verwaltungen-koennen-mehr-tun\\\/\"},\"wordCount\":248,\"publisher\":{\"@id\":\"https:\\\/\\\/www.organisator.ch\\\/#organization\"},\"image\":{\"@id\":\"https:\\\/\\\/www.organisator.ch\\\/operational-excellence\\\/2024-11-07\\\/digitalisierungsstudie-zeigt-verwaltungen-koennen-mehr-tun\\\/#primaryimage\"},\"thumbnailUrl\":\"https:\\\/\\\/www.m-q.ch\\\/wp-content\\\/uploads\\\/2024\\\/11\\\/Digitalswitzerland_Bild1_ps.jpg\",\"keywords\":[\"Digitalisierung\",\"Qualit\u00e4tsmanagement\",\"Unternehmen\",\"Verwaltung\"],\"articleSection\":[\"OPERATIONAL EXCELLENCE\"],\"inLanguage\":\"de\"},{\"@type\":\"WebPage\",\"@id\":\"https:\\\/\\\/www.organisator.ch\\\/operational-excellence\\\/2024-11-07\\\/digitalisierungsstudie-zeigt-verwaltungen-koennen-mehr-tun\\\/\",\"url\":\"https:\\\/\\\/www.organisator.ch\\\/operational-excellence\\\/2024-11-07\\\/digitalisierungsstudie-zeigt-verwaltungen-koennen-mehr-tun\\\/\",\"name\":\"Digitalisierungsstudie zeigt: Verwaltungen k\u00f6nnen mehr tun - Organisator\",\"isPartOf\":{\"@id\":\"https:\\\/\\\/www.organisator.ch\\\/#website\"},\"primaryImageOfPage\":{\"@id\":\"https:\\\/\\\/www.organisator.ch\\\/operational-excellence\\\/2024-11-07\\\/digitalisierungsstudie-zeigt-verwaltungen-koennen-mehr-tun\\\/#primaryimage\"},\"image\":{\"@id\":\"https:\\\/\\\/www.organisator.ch\\\/operational-excellence\\\/2024-11-07\\\/digitalisierungsstudie-zeigt-verwaltungen-koennen-mehr-tun\\\/#primaryimage\"},\"thumbnailUrl\":\"https:\\\/\\\/www.m-q.ch\\\/wp-content\\\/uploads\\\/2024\\\/11\\\/Digitalswitzerland_Bild1_ps.jpg\",\"datePublished\":\"2024-11-07T05:54:46+00:00\",\"dateModified\":\"2024-11-07T06:38:09+00:00\",\"breadcrumb\":{\"@id\":\"https:\\\/\\\/www.organisator.ch\\\/operational-excellence\\\/2024-11-07\\\/digitalisierungsstudie-zeigt-verwaltungen-koennen-mehr-tun\\\/#breadcrumb\"},\"inLanguage\":\"de\",\"potentialAction\":[{\"@type\":\"ReadAction\",\"target\":[\"https:\\\/\\\/www.organisator.ch\\\/operational-excellence\\\/2024-11-07\\\/digitalisierungsstudie-zeigt-verwaltungen-koennen-mehr-tun\\\/\"]}]},{\"@type\":\"ImageObject\",\"inLanguage\":\"de\",\"@id\":\"https:\\\/\\\/www.organisator.ch\\\/operational-excellence\\\/2024-11-07\\\/digitalisierungsstudie-zeigt-verwaltungen-koennen-mehr-tun\\\/#primaryimage\",\"url\":\"https:\\\/\\\/www.m-q.ch\\\/wp-content\\\/uploads\\\/2024\\\/11\\\/Digitalswitzerland_Bild1_ps.jpg\",\"contentUrl\":\"https:\\\/\\\/www.m-q.ch\\\/wp-content\\\/uploads\\\/2024\\\/11\\\/Digitalswitzerland_Bild1_ps.jpg\"},{\"@type\":\"BreadcrumbList\",\"@id\":\"https:\\\/\\\/www.organisator.ch\\\/operational-excellence\\\/2024-11-07\\\/digitalisierungsstudie-zeigt-verwaltungen-koennen-mehr-tun\\\/#breadcrumb\",\"itemListElement\":[{\"@type\":\"ListItem\",\"position\":1,\"name\":\"Home\",\"item\":\"https:\\\/\\\/www.organisator.ch\\\/\"},{\"@type\":\"ListItem\",\"position\":2,\"name\":\"Digitalisierungsstudie zeigt: Verwaltungen k\u00f6nnen mehr tun\"}]},{\"@type\":\"WebSite\",\"@id\":\"https:\\\/\\\/www.organisator.ch\\\/#website\",\"url\":\"https:\\\/\\\/www.organisator.ch\\\/\",\"name\":\"Organisator\",\"description\":\"Kompetent. Praxisnah. Der ORGANISATOR bereitet in 10 Ausgaben pro Jahr die wesentlichen Themen f\u00fcr F\u00fchrungskr\u00e4fte von KMU auf.\",\"publisher\":{\"@id\":\"https:\\\/\\\/www.organisator.ch\\\/#organization\"},\"potentialAction\":[{\"@type\":\"SearchAction\",\"target\":{\"@type\":\"EntryPoint\",\"urlTemplate\":\"https:\\\/\\\/www.organisator.ch\\\/?s={search_term_string}\"},\"query-input\":{\"@type\":\"PropertyValueSpecification\",\"valueRequired\":true,\"valueName\":\"search_term_string\"}}],\"inLanguage\":\"de\"},{\"@type\":\"Organization\",\"@id\":\"https:\\\/\\\/www.organisator.ch\\\/#organization\",\"name\":\"Organisator\",\"url\":\"https:\\\/\\\/www.organisator.ch\\\/\",\"logo\":{\"@type\":\"ImageObject\",\"inLanguage\":\"de\",\"@id\":\"https:\\\/\\\/www.organisator.ch\\\/#\\\/schema\\\/logo\\\/image\\\/\",\"url\":\"https:\\\/\\\/www.organisator.ch\\\/wp-content\\\/uploads\\\/2022\\\/01\\\/Logo_Organisator_Website.png\",\"contentUrl\":\"https:\\\/\\\/www.organisator.ch\\\/wp-content\\\/uploads\\\/2022\\\/01\\\/Logo_Organisator_Website.png\",\"width\":800,\"height\":77,\"caption\":\"Organisator\"},\"image\":{\"@id\":\"https:\\\/\\\/www.organisator.ch\\\/#\\\/schema\\\/logo\\\/image\\\/\"},\"sameAs\":[\"https:\\\/\\\/www.facebook.com\\\/OrganisatorFachmagazin\",\"https:\\\/\\\/www.linkedin.com\\\/showcase\\\/organisator-das-magazin-fr-kmu\",\"https:\\\/\\\/www.xing.com\\\/news\\\/pages\\\/organisator-ch-695\",\"https:\\\/\\\/www.youtube.com\\\/channel\\\/UCGP2Sq0iWaZwT3BdIAQFYpw\"]},{\"@type\":\"Person\",\"@id\":\"https:\\\/\\\/www.organisator.ch\\\/#\\\/schema\\\/person\\\/2e1314a2172123f874db408d8911d3f3\",\"name\":\"Adelisa Kalajdzini\",\"image\":{\"@type\":\"ImageObject\",\"inLanguage\":\"de\",\"@id\":\"https:\\\/\\\/secure.gravatar.com\\\/avatar\\\/09a397c22ac58cad6f160ee8306348599df9df58a8ede73696226897b9fa4b24?s=96&d=mm&r=g\",\"url\":\"https:\\\/\\\/secure.gravatar.com\\\/avatar\\\/09a397c22ac58cad6f160ee8306348599df9df58a8ede73696226897b9fa4b24?s=96&d=mm&r=g\",\"contentUrl\":\"https:\\\/\\\/secure.gravatar.com\\\/avatar\\\/09a397c22ac58cad6f160ee8306348599df9df58a8ede73696226897b9fa4b24?s=96&d=mm&r=g\",\"caption\":\"Adelisa Kalajdzini\"},\"url\":\"https:\\\/\\\/www.organisator.ch\\\/de\\\/author\\\/adelisa-kalajdzini\\\/\"}]}<\/script>\n<!-- \/ Yoast SEO plugin. -->","yoast_head_json":{"title":"Digitalisierungsstudie zeigt: Verwaltungen k\u00f6nnen mehr tun - Organisator","robots":{"index":"index","follow":"follow","max-snippet":"max-snippet:-1","max-image-preview":"max-image-preview:large","max-video-preview":"max-video-preview:-1"},"canonical":"https:\/\/www.organisator.ch\/de\/operational-excellence\/2024-11-07\/digitalisierungsstudie-zeigt-verwaltungen-koennen-mehr-tun\/","og_locale":"de_DE","og_type":"article","og_title":"Digitalisierungsstudie zeigt: Verwaltungen k\u00f6nnen mehr tun - Organisator","og_description":"Die neue Studie \"Res Publica Digitalis\" von digitalswitzerland ruft zu mehr Kooperation und Einowhner:innenzentrierung in der Digitalisierung der Verwaltung auf.","og_url":"https:\/\/www.organisator.ch\/de\/operational-excellence\/2024-11-07\/digitalisierungsstudie-zeigt-verwaltungen-koennen-mehr-tun\/","og_site_name":"Organisator","article_publisher":"https:\/\/www.facebook.com\/OrganisatorFachmagazin","article_published_time":"2024-11-07T05:54:46+00:00","article_modified_time":"2024-11-07T06:38:09+00:00","og_image":[{"url":"https:\/\/www.m-q.ch\/wp-content\/uploads\/2024\/11\/Digitalswitzerland_Bild1_ps.jpg","type":"","width":"","height":""}],"author":"Adelisa Kalajdzini","twitter_card":"summary_large_image","schema":{"@context":"https:\/\/schema.org","@graph":[{"@type":"Article","@id":"https:\/\/www.organisator.ch\/operational-excellence\/2024-11-07\/digitalisierungsstudie-zeigt-verwaltungen-koennen-mehr-tun\/#article","isPartOf":{"@id":"https:\/\/www.organisator.ch\/operational-excellence\/2024-11-07\/digitalisierungsstudie-zeigt-verwaltungen-koennen-mehr-tun\/"},"author":{"name":"Adelisa Kalajdzini","@id":"https:\/\/www.organisator.ch\/#\/schema\/person\/2e1314a2172123f874db408d8911d3f3"},"headline":"Digitalisierungsstudie zeigt: Verwaltungen k\u00f6nnen mehr tun","datePublished":"2024-11-07T05:54:46+00:00","dateModified":"2024-11-07T06:38:09+00:00","mainEntityOfPage":{"@id":"https:\/\/www.organisator.ch\/operational-excellence\/2024-11-07\/digitalisierungsstudie-zeigt-verwaltungen-koennen-mehr-tun\/"},"wordCount":248,"publisher":{"@id":"https:\/\/www.organisator.ch\/#organization"},"image":{"@id":"https:\/\/www.organisator.ch\/operational-excellence\/2024-11-07\/digitalisierungsstudie-zeigt-verwaltungen-koennen-mehr-tun\/#primaryimage"},"thumbnailUrl":"https:\/\/www.m-q.ch\/wp-content\/uploads\/2024\/11\/Digitalswitzerland_Bild1_ps.jpg","keywords":["Digitalisierung","Qualit\u00e4tsmanagement","Unternehmen","Verwaltung"],"articleSection":["OPERATIONAL EXCELLENCE"],"inLanguage":"de"},{"@type":"WebPage","@id":"https:\/\/www.organisator.ch\/operational-excellence\/2024-11-07\/digitalisierungsstudie-zeigt-verwaltungen-koennen-mehr-tun\/","url":"https:\/\/www.organisator.ch\/operational-excellence\/2024-11-07\/digitalisierungsstudie-zeigt-verwaltungen-koennen-mehr-tun\/","name":"Digitalisierungsstudie zeigt: Verwaltungen k\u00f6nnen mehr tun - Organisator","isPartOf":{"@id":"https:\/\/www.organisator.ch\/#website"},"primaryImageOfPage":{"@id":"https:\/\/www.organisator.ch\/operational-excellence\/2024-11-07\/digitalisierungsstudie-zeigt-verwaltungen-koennen-mehr-tun\/#primaryimage"},"image":{"@id":"https:\/\/www.organisator.ch\/operational-excellence\/2024-11-07\/digitalisierungsstudie-zeigt-verwaltungen-koennen-mehr-tun\/#primaryimage"},"thumbnailUrl":"https:\/\/www.m-q.ch\/wp-content\/uploads\/2024\/11\/Digitalswitzerland_Bild1_ps.jpg","datePublished":"2024-11-07T05:54:46+00:00","dateModified":"2024-11-07T06:38:09+00:00","breadcrumb":{"@id":"https:\/\/www.organisator.ch\/operational-excellence\/2024-11-07\/digitalisierungsstudie-zeigt-verwaltungen-koennen-mehr-tun\/#breadcrumb"},"inLanguage":"de","potentialAction":[{"@type":"ReadAction","target":["https:\/\/www.organisator.ch\/operational-excellence\/2024-11-07\/digitalisierungsstudie-zeigt-verwaltungen-koennen-mehr-tun\/"]}]},{"@type":"ImageObject","inLanguage":"de","@id":"https:\/\/www.organisator.ch\/operational-excellence\/2024-11-07\/digitalisierungsstudie-zeigt-verwaltungen-koennen-mehr-tun\/#primaryimage","url":"https:\/\/www.m-q.ch\/wp-content\/uploads\/2024\/11\/Digitalswitzerland_Bild1_ps.jpg","contentUrl":"https:\/\/www.m-q.ch\/wp-content\/uploads\/2024\/11\/Digitalswitzerland_Bild1_ps.jpg"},{"@type":"BreadcrumbList","@id":"https:\/\/www.organisator.ch\/operational-excellence\/2024-11-07\/digitalisierungsstudie-zeigt-verwaltungen-koennen-mehr-tun\/#breadcrumb","itemListElement":[{"@type":"ListItem","position":1,"name":"Home","item":"https:\/\/www.organisator.ch\/"},{"@type":"ListItem","position":2,"name":"Digitalisierungsstudie zeigt: Verwaltungen k\u00f6nnen mehr tun"}]},{"@type":"WebSite","@id":"https:\/\/www.organisator.ch\/#website","url":"https:\/\/www.organisator.ch\/","name":"Organisator","description":"Kompetent. Praxisnah. Der ORGANISATOR bereitet in 10 Ausgaben pro Jahr die wesentlichen Themen f\u00fcr F\u00fchrungskr\u00e4fte von KMU auf.","publisher":{"@id":"https:\/\/www.organisator.ch\/#organization"},"potentialAction":[{"@type":"SearchAction","target":{"@type":"EntryPoint","urlTemplate":"https:\/\/www.organisator.ch\/?s={search_term_string}"},"query-input":{"@type":"PropertyValueSpecification","valueRequired":true,"valueName":"search_term_string"}}],"inLanguage":"de"},{"@type":"Organization","@id":"https:\/\/www.organisator.ch\/#organization","name":"Organisator","url":"https:\/\/www.organisator.ch\/","logo":{"@type":"ImageObject","inLanguage":"de","@id":"https:\/\/www.organisator.ch\/#\/schema\/logo\/image\/","url":"https:\/\/www.organisator.ch\/wp-content\/uploads\/2022\/01\/Logo_Organisator_Website.png","contentUrl":"https:\/\/www.organisator.ch\/wp-content\/uploads\/2022\/01\/Logo_Organisator_Website.png","width":800,"height":77,"caption":"Organisator"},"image":{"@id":"https:\/\/www.organisator.ch\/#\/schema\/logo\/image\/"},"sameAs":["https:\/\/www.facebook.com\/OrganisatorFachmagazin","https:\/\/www.linkedin.com\/showcase\/organisator-das-magazin-fr-kmu","https:\/\/www.xing.com\/news\/pages\/organisator-ch-695","https:\/\/www.youtube.com\/channel\/UCGP2Sq0iWaZwT3BdIAQFYpw"]},{"@type":"Person","@id":"https:\/\/www.organisator.ch\/#\/schema\/person\/2e1314a2172123f874db408d8911d3f3","name":"Adelisa Kalajdzini","image":{"@type":"ImageObject","inLanguage":"de","@id":"https:\/\/secure.gravatar.com\/avatar\/09a397c22ac58cad6f160ee8306348599df9df58a8ede73696226897b9fa4b24?s=96&d=mm&r=g","url":"https:\/\/secure.gravatar.com\/avatar\/09a397c22ac58cad6f160ee8306348599df9df58a8ede73696226897b9fa4b24?s=96&d=mm&r=g","contentUrl":"https:\/\/secure.gravatar.com\/avatar\/09a397c22ac58cad6f160ee8306348599df9df58a8ede73696226897b9fa4b24?s=96&d=mm&r=g","caption":"Adelisa Kalajdzini"},"url":"https:\/\/www.organisator.ch\/de\/author\/adelisa-kalajdzini\/"}]}},"_links":{"self":[{"href":"https:\/\/www.organisator.ch\/de\/wp-json\/wp\/v2\/posts\/31634","targetHints":{"allow":["GET"]}}],"collection":[{"href":"https:\/\/www.organisator.ch\/de\/wp-json\/wp\/v2\/posts"}],"about":[{"href":"https:\/\/www.organisator.ch\/de\/wp-json\/wp\/v2\/types\/post"}],"author":[{"embeddable":true,"href":"https:\/\/www.organisator.ch\/de\/wp-json\/wp\/v2\/users\/58"}],"replies":[{"embeddable":true,"href":"https:\/\/www.organisator.ch\/de\/wp-json\/wp\/v2\/comments?post=31634"}],"version-history":[{"count":5,"href":"https:\/\/www.organisator.ch\/de\/wp-json\/wp\/v2\/posts\/31634\/revisions"}],"predecessor-version":[{"id":31655,"href":"https:\/\/www.organisator.ch\/de\/wp-json\/wp\/v2\/posts\/31634\/revisions\/31655"}],"wp:attachment":[{"href":"https:\/\/www.organisator.ch\/de\/wp-json\/wp\/v2\/media?parent=31634"}],"wp:term":[{"taxonomy":"category","embeddable":true,"href":"https:\/\/www.organisator.ch\/de\/wp-json\/wp\/v2\/categories?post=31634"},{"taxonomy":"post_tag","embeddable":true,"href":"https:\/\/www.organisator.ch\/de\/wp-json\/wp\/v2\/tags?post=31634"}],"curies":[{"name":"wp","href":"https:\/\/api.w.org\/{rel}","templated":true}]}}