{"id":31911,"date":"2024-11-08T10:00:32","date_gmt":"2024-11-08T09:00:32","guid":{"rendered":"https:\/\/www.organisator.ch\/?p=31911"},"modified":"2024-11-08T09:18:18","modified_gmt":"2024-11-08T08:18:18","slug":"mach-karriere-als-mensch-neulancierung-der-kampagne-zur-sicherung-der-langzeitpflege","status":"publish","type":"post","link":"https:\/\/www.organisator.ch\/de\/weiterbildung\/2024-11-08\/mach-karriere-als-mensch-neulancierung-der-kampagne-zur-sicherung-der-langzeitpflege\/","title":{"rendered":"\u00abMach Karriere als Mensch\u00bb: Neulancierung der Kampagne zur Sicherung der Langzeitpflege"},"content":{"rendered":"<p><img loading=\"lazy\" decoding=\"async\" class=\"alignnone wp-image-31912 size-medium\" src=\"https:\/\/www.organisator.ch\/wp-content\/uploads\/2024\/11\/Karriere-als-Mensch_Bild1_ps-scaled-e1731053631260-680x460.jpg\" alt=\"\" width=\"680\" height=\"460\" srcset=\"https:\/\/www.organisator.ch\/wp-content\/uploads\/2024\/11\/Karriere-als-Mensch_Bild1_ps-scaled-e1731053631260-680x460.jpg 680w, https:\/\/www.organisator.ch\/wp-content\/uploads\/2024\/11\/Karriere-als-Mensch_Bild1_ps-scaled-e1731053631260-1024x693.jpg 1024w, https:\/\/www.organisator.ch\/wp-content\/uploads\/2024\/11\/Karriere-als-Mensch_Bild1_ps-scaled-e1731053631260-768x519.jpg 768w, https:\/\/www.organisator.ch\/wp-content\/uploads\/2024\/11\/Karriere-als-Mensch_Bild1_ps-scaled-e1731053631260-18x12.jpg 18w, https:\/\/www.organisator.ch\/wp-content\/uploads\/2024\/11\/Karriere-als-Mensch_Bild1_ps-scaled-e1731053631260-375x254.jpg 375w, https:\/\/www.organisator.ch\/wp-content\/uploads\/2024\/11\/Karriere-als-Mensch_Bild1_ps-scaled-e1731053631260-517x350.jpg 517w, https:\/\/www.organisator.ch\/wp-content\/uploads\/2024\/11\/Karriere-als-Mensch_Bild1_ps-scaled-e1731053631260-1000x676.jpg 1000w, https:\/\/www.organisator.ch\/wp-content\/uploads\/2024\/11\/Karriere-als-Mensch_Bild1_ps-scaled-e1731053631260.jpg 1400w\" sizes=\"auto, (max-width: 680px) 100vw, 680px\" \/><\/p>\n<p>In der Schweiz fehlen jedes Jahr tausende Nachwuchskr\u00e4fte in der Pflege. Die gr\u00f6ssten Herausforderungen stellen die demografische Entwicklung und der drohende Mangel an Fachpersonen im Gesundheitswesen dar. Die neue Kampagne r\u00fcckt Pflegefachpersonen sowie Werte wie Vertrauen, Respekt und menschliche N\u00e4he in den Mittelpunkt, w\u00e4hrend sie gleichzeitig die Professionalit\u00e4t und Karrierem\u00f6glichkeiten hervorhebt. Pflegefachpersonen sind f\u00fcr den gesamten Pflegeprozess verantwortlich und unterst\u00fctzen Menschen mit komplexen Krankheitsbildern.<\/p>\n<h3><strong>Chancen und Perspektiven in der Langzeitpflege<\/strong><\/h3>\n<p>Die Kampagne richtet sich gezielt an Personen der Sekundarstufe I und II und deren Erziehungsberechtigte sowie an Quereinsteigende und Fachpersonen. Sie betont, dass die Arbeit in der Spitex und den Pflegeinstitutionen sowohl die berufliche als auch die pers\u00f6nliche Weiterentwicklung f\u00f6rdert. Sie spricht Menschen an, die eine T\u00e4tigkeit suchen, in der sie nachhaltig wirken und pers\u00f6nlich wachsen k\u00f6nnen. \u00abMit dem Claim \u2039Mach Karriere als Mensch\u203a wird der bewusste Entscheid f\u00fcr einen vielseitigen und inspirierenden Alltag des Pflegeberufs mit seinen vielen Entwicklungsm\u00f6glichkeiten betont\u00bb, so Monika Weder, Leiterin Bildung bei Artiset.<\/p>\n<h3><strong>Bund unterst\u00fctzt Kampagne<\/strong><\/h3>\n<p>Um dem Fachkr\u00e4ftemangel entgegenzuwirken, ist eine signifikante Steigerung der Ausbildungsabschl\u00fcsse im Bereich Pflege und eine st\u00e4rkere Bindung an die Branche notwendig. Daher hat der Bund im Rahmen der Umsetzungsmassnahmen der Pflegeinitiative beschlossen, die Kampagne zur F\u00f6rderung der Langzeitpflege bis 2029 weiter zu unterst\u00fctzen.<\/p>\n<p>Die sechs Kampagnensujets, die \u00fcber Social Media, Aussenwerbung und Flyer an Schulen verbreitet werden, betonen die Sinnhaftigkeit des Pflegeberufs.<\/p>\n<h3><strong>Die Macher hinter der Kampagne<\/strong><\/h3>\n<p>Hinter der Neulancierung der Kampagne \u00abMach Karriere als Mensch\u00bb stehen weiterhin die Tr\u00e4gerorganisationen Artiset, Spitex Schweiz und OdASant\u00e9.<\/p>\n<p><em>Quelle: <a href=\"http:\/\/www.langzeit-pflege.ch\">www.langzeit-pflege.ch<\/a><\/em><\/p>\n","protected":false},"excerpt":{"rendered":"<p>Die Neulancierung der Kampagne \u00abMach Karriere als Mensch\u00bb richtet sich an Personen der Sekundarstufe I und II sowie an Quereinsteigende und Fachpersonen. Mit einem frischen, humorvollen Ansatz zeigt die Kampagne, wie wertvoll die Beziehungen zwischen Pflegefachpersonal und den zu Betreuenden sind \u2013 und setzt so ein klares Zeichen gegen den Fachkr\u00e4ftemangel.<\/p>\n","protected":false},"author":80,"featured_media":31912,"comment_status":"closed","ping_status":"closed","sticky":false,"template":"","format":"standard","meta":{"_acf_changed":false,"_yoast_wpseo_focuskw":"Kampagne","_yoast_wpseo_metadesc":"Mit einem frischen, humorvollen Ansatz setzt die Kampagne \u00abMach Karriere als Mensch\u00bb ein klares Zeichen gegen den Fachkr\u00e4ftemangel.","articlekey":"","footnotes":""},"categories":[30],"tags":[194,2732,293,4729,424],"class_list":["post-31911","post","type-post","status-publish","format-standard","has-post-thumbnail","hentry","category-weiterbildung","tag-fachkraeftemangel","tag-gesundheitswesen","tag-kampagne","tag-pflege","tag-schweiz"],"acf":[],"yoast_head":"<!-- This site is optimized with the Yoast SEO plugin v27.5 - https:\/\/yoast.com\/product\/yoast-seo-wordpress\/ -->\n<title>\u00abMach Karriere als Mensch\u00bb: Neulancierung der Kampagne zur Sicherung der Langzeitpflege - Organisator<\/title>\n<meta name=\"description\" content=\"Mit einem frischen, humorvollen Ansatz setzt die Kampagne \u00abMach Karriere als Mensch\u00bb ein klares Zeichen gegen den Fachkr\u00e4ftemangel.\" \/>\n<meta name=\"robots\" content=\"index, follow, max-snippet:-1, max-image-preview:large, max-video-preview:-1\" \/>\n<link rel=\"canonical\" href=\"https:\/\/www.organisator.ch\/de\/weiterbildung\/2024-11-08\/mach-karriere-als-mensch-neulancierung-der-kampagne-zur-sicherung-der-langzeitpflege\/\" \/>\n<meta property=\"og:locale\" content=\"de_DE\" \/>\n<meta property=\"og:type\" content=\"article\" \/>\n<meta property=\"og:title\" content=\"\u00abMach Karriere als Mensch\u00bb: Neulancierung der Kampagne zur Sicherung der Langzeitpflege\" \/>\n<meta property=\"og:description\" content=\"Mit einem frischen, humorvollen Ansatz setzt die Kampagne \u00abMach Karriere als Mensch\u00bb ein klares Zeichen gegen den Fachkr\u00e4ftemangel.\" \/>\n<meta property=\"og:url\" content=\"https:\/\/www.organisator.ch\/de\/weiterbildung\/2024-11-08\/mach-karriere-als-mensch-neulancierung-der-kampagne-zur-sicherung-der-langzeitpflege\/\" \/>\n<meta property=\"og:site_name\" content=\"Organisator\" \/>\n<meta property=\"article:publisher\" content=\"https:\/\/www.facebook.com\/OrganisatorFachmagazin\" \/>\n<meta property=\"article:published_time\" content=\"2024-11-08T09:00:32+00:00\" \/>\n<meta property=\"og:image\" content=\"https:\/\/www.organisator.ch\/wp-content\/uploads\/2024\/11\/Karriere-als-Mensch_Bild1_ps-scaled-e1731053631260.jpg\" \/>\n\t<meta property=\"og:image:width\" content=\"1400\" \/>\n\t<meta property=\"og:image:height\" content=\"947\" \/>\n\t<meta property=\"og:image:type\" content=\"image\/jpeg\" \/>\n<meta name=\"author\" content=\"Dzana Muminovic\" \/>\n<meta name=\"twitter:card\" content=\"summary_large_image\" \/>\n<meta name=\"twitter:title\" content=\"\u00abMach Karriere als Mensch\u00bb: Neulancierung der Kampagne zur Sicherung der Langzeitpflege\" \/>\n<meta name=\"twitter:description\" content=\"Mit einem frischen, humorvollen Ansatz setzt die #Kampagne \u00abMach #Karriere als #Mensch\u00bb ein klares #Zeichen gegen den #Fachkr\u00e4ftemangel.\" \/>\n<script type=\"application\/ld+json\" class=\"yoast-schema-graph\">{\"@context\":\"https:\\\/\\\/schema.org\",\"@graph\":[{\"@type\":\"Article\",\"@id\":\"https:\\\/\\\/www.organisator.ch\\\/weiterbildung\\\/2024-11-08\\\/mach-karriere-als-mensch-neulancierung-der-kampagne-zur-sicherung-der-langzeitpflege\\\/#article\",\"isPartOf\":{\"@id\":\"https:\\\/\\\/www.organisator.ch\\\/weiterbildung\\\/2024-11-08\\\/mach-karriere-als-mensch-neulancierung-der-kampagne-zur-sicherung-der-langzeitpflege\\\/\"},\"author\":{\"name\":\"Dzana Muminovic\",\"@id\":\"https:\\\/\\\/www.organisator.ch\\\/#\\\/schema\\\/person\\\/afccda3a71c06d4be2ed9100dd163db7\"},\"headline\":\"\u00abMach Karriere als Mensch\u00bb: Neulancierung der Kampagne zur Sicherung der Langzeitpflege\",\"datePublished\":\"2024-11-08T09:00:32+00:00\",\"mainEntityOfPage\":{\"@id\":\"https:\\\/\\\/www.organisator.ch\\\/weiterbildung\\\/2024-11-08\\\/mach-karriere-als-mensch-neulancierung-der-kampagne-zur-sicherung-der-langzeitpflege\\\/\"},\"wordCount\":283,\"publisher\":{\"@id\":\"https:\\\/\\\/www.organisator.ch\\\/#organization\"},\"image\":{\"@id\":\"https:\\\/\\\/www.organisator.ch\\\/weiterbildung\\\/2024-11-08\\\/mach-karriere-als-mensch-neulancierung-der-kampagne-zur-sicherung-der-langzeitpflege\\\/#primaryimage\"},\"thumbnailUrl\":\"https:\\\/\\\/www.organisator.ch\\\/wp-content\\\/uploads\\\/2024\\\/11\\\/Karriere-als-Mensch_Bild1_ps-scaled-e1731053631260.jpg\",\"keywords\":[\"Fachkr\u00e4ftemangel\",\"Gesundheitswesen\",\"Kampagne\",\"Pflege\",\"Schweiz\"],\"articleSection\":[\"WEITERBILDUNG\"],\"inLanguage\":\"de\"},{\"@type\":\"WebPage\",\"@id\":\"https:\\\/\\\/www.organisator.ch\\\/weiterbildung\\\/2024-11-08\\\/mach-karriere-als-mensch-neulancierung-der-kampagne-zur-sicherung-der-langzeitpflege\\\/\",\"url\":\"https:\\\/\\\/www.organisator.ch\\\/weiterbildung\\\/2024-11-08\\\/mach-karriere-als-mensch-neulancierung-der-kampagne-zur-sicherung-der-langzeitpflege\\\/\",\"name\":\"\u00abMach Karriere als Mensch\u00bb: Neulancierung der Kampagne zur Sicherung der Langzeitpflege - Organisator\",\"isPartOf\":{\"@id\":\"https:\\\/\\\/www.organisator.ch\\\/#website\"},\"primaryImageOfPage\":{\"@id\":\"https:\\\/\\\/www.organisator.ch\\\/weiterbildung\\\/2024-11-08\\\/mach-karriere-als-mensch-neulancierung-der-kampagne-zur-sicherung-der-langzeitpflege\\\/#primaryimage\"},\"image\":{\"@id\":\"https:\\\/\\\/www.organisator.ch\\\/weiterbildung\\\/2024-11-08\\\/mach-karriere-als-mensch-neulancierung-der-kampagne-zur-sicherung-der-langzeitpflege\\\/#primaryimage\"},\"thumbnailUrl\":\"https:\\\/\\\/www.organisator.ch\\\/wp-content\\\/uploads\\\/2024\\\/11\\\/Karriere-als-Mensch_Bild1_ps-scaled-e1731053631260.jpg\",\"datePublished\":\"2024-11-08T09:00:32+00:00\",\"description\":\"Mit einem frischen, humorvollen Ansatz setzt die Kampagne \u00abMach Karriere als Mensch\u00bb ein klares Zeichen gegen den Fachkr\u00e4ftemangel.\",\"breadcrumb\":{\"@id\":\"https:\\\/\\\/www.organisator.ch\\\/weiterbildung\\\/2024-11-08\\\/mach-karriere-als-mensch-neulancierung-der-kampagne-zur-sicherung-der-langzeitpflege\\\/#breadcrumb\"},\"inLanguage\":\"de\",\"potentialAction\":[{\"@type\":\"ReadAction\",\"target\":[\"https:\\\/\\\/www.organisator.ch\\\/weiterbildung\\\/2024-11-08\\\/mach-karriere-als-mensch-neulancierung-der-kampagne-zur-sicherung-der-langzeitpflege\\\/\"]}]},{\"@type\":\"ImageObject\",\"inLanguage\":\"de\",\"@id\":\"https:\\\/\\\/www.organisator.ch\\\/weiterbildung\\\/2024-11-08\\\/mach-karriere-als-mensch-neulancierung-der-kampagne-zur-sicherung-der-langzeitpflege\\\/#primaryimage\",\"url\":\"https:\\\/\\\/www.organisator.ch\\\/wp-content\\\/uploads\\\/2024\\\/11\\\/Karriere-als-Mensch_Bild1_ps-scaled-e1731053631260.jpg\",\"contentUrl\":\"https:\\\/\\\/www.organisator.ch\\\/wp-content\\\/uploads\\\/2024\\\/11\\\/Karriere-als-Mensch_Bild1_ps-scaled-e1731053631260.jpg\",\"width\":1400,\"height\":947},{\"@type\":\"BreadcrumbList\",\"@id\":\"https:\\\/\\\/www.organisator.ch\\\/weiterbildung\\\/2024-11-08\\\/mach-karriere-als-mensch-neulancierung-der-kampagne-zur-sicherung-der-langzeitpflege\\\/#breadcrumb\",\"itemListElement\":[{\"@type\":\"ListItem\",\"position\":1,\"name\":\"Home\",\"item\":\"https:\\\/\\\/www.organisator.ch\\\/\"},{\"@type\":\"ListItem\",\"position\":2,\"name\":\"\u00abMach Karriere als Mensch\u00bb: Neulancierung der Kampagne zur Sicherung der Langzeitpflege\"}]},{\"@type\":\"WebSite\",\"@id\":\"https:\\\/\\\/www.organisator.ch\\\/#website\",\"url\":\"https:\\\/\\\/www.organisator.ch\\\/\",\"name\":\"Organisator\",\"description\":\"Kompetent. Praxisnah. Der ORGANISATOR bereitet in 10 Ausgaben pro Jahr die wesentlichen Themen f\u00fcr F\u00fchrungskr\u00e4fte von KMU auf.\",\"publisher\":{\"@id\":\"https:\\\/\\\/www.organisator.ch\\\/#organization\"},\"potentialAction\":[{\"@type\":\"SearchAction\",\"target\":{\"@type\":\"EntryPoint\",\"urlTemplate\":\"https:\\\/\\\/www.organisator.ch\\\/?s={search_term_string}\"},\"query-input\":{\"@type\":\"PropertyValueSpecification\",\"valueRequired\":true,\"valueName\":\"search_term_string\"}}],\"inLanguage\":\"de\"},{\"@type\":\"Organization\",\"@id\":\"https:\\\/\\\/www.organisator.ch\\\/#organization\",\"name\":\"Organisator\",\"url\":\"https:\\\/\\\/www.organisator.ch\\\/\",\"logo\":{\"@type\":\"ImageObject\",\"inLanguage\":\"de\",\"@id\":\"https:\\\/\\\/www.organisator.ch\\\/#\\\/schema\\\/logo\\\/image\\\/\",\"url\":\"https:\\\/\\\/www.organisator.ch\\\/wp-content\\\/uploads\\\/2022\\\/01\\\/Logo_Organisator_Website.png\",\"contentUrl\":\"https:\\\/\\\/www.organisator.ch\\\/wp-content\\\/uploads\\\/2022\\\/01\\\/Logo_Organisator_Website.png\",\"width\":800,\"height\":77,\"caption\":\"Organisator\"},\"image\":{\"@id\":\"https:\\\/\\\/www.organisator.ch\\\/#\\\/schema\\\/logo\\\/image\\\/\"},\"sameAs\":[\"https:\\\/\\\/www.facebook.com\\\/OrganisatorFachmagazin\",\"https:\\\/\\\/www.linkedin.com\\\/showcase\\\/organisator-das-magazin-fr-kmu\",\"https:\\\/\\\/www.xing.com\\\/news\\\/pages\\\/organisator-ch-695\",\"https:\\\/\\\/www.youtube.com\\\/channel\\\/UCGP2Sq0iWaZwT3BdIAQFYpw\"]},{\"@type\":\"Person\",\"@id\":\"https:\\\/\\\/www.organisator.ch\\\/#\\\/schema\\\/person\\\/afccda3a71c06d4be2ed9100dd163db7\",\"name\":\"Dzana Muminovic\",\"image\":{\"@type\":\"ImageObject\",\"inLanguage\":\"de\",\"@id\":\"https:\\\/\\\/secure.gravatar.com\\\/avatar\\\/909c5c71aff4b38e88686f2ab2f1ba152571f394f41ed8bae431ea56ced93050?s=96&d=mm&r=g\",\"url\":\"https:\\\/\\\/secure.gravatar.com\\\/avatar\\\/909c5c71aff4b38e88686f2ab2f1ba152571f394f41ed8bae431ea56ced93050?s=96&d=mm&r=g\",\"contentUrl\":\"https:\\\/\\\/secure.gravatar.com\\\/avatar\\\/909c5c71aff4b38e88686f2ab2f1ba152571f394f41ed8bae431ea56ced93050?s=96&d=mm&r=g\",\"caption\":\"Dzana Muminovic\"},\"url\":\"https:\\\/\\\/www.organisator.ch\\\/de\\\/author\\\/dzana-muminovic\\\/\"}]}<\/script>\n<!-- \/ Yoast SEO plugin. -->","yoast_head_json":{"title":"\u00abMach Karriere als Mensch\u00bb: Neulancierung der Kampagne zur Sicherung der Langzeitpflege - Organisator","description":"Mit einem frischen, humorvollen Ansatz setzt die Kampagne \u00abMach Karriere als Mensch\u00bb ein klares Zeichen gegen den Fachkr\u00e4ftemangel.","robots":{"index":"index","follow":"follow","max-snippet":"max-snippet:-1","max-image-preview":"max-image-preview:large","max-video-preview":"max-video-preview:-1"},"canonical":"https:\/\/www.organisator.ch\/de\/weiterbildung\/2024-11-08\/mach-karriere-als-mensch-neulancierung-der-kampagne-zur-sicherung-der-langzeitpflege\/","og_locale":"de_DE","og_type":"article","og_title":"\u00abMach Karriere als Mensch\u00bb: Neulancierung der Kampagne zur Sicherung der Langzeitpflege","og_description":"Mit einem frischen, humorvollen Ansatz setzt die Kampagne \u00abMach Karriere als Mensch\u00bb ein klares Zeichen gegen den Fachkr\u00e4ftemangel.","og_url":"https:\/\/www.organisator.ch\/de\/weiterbildung\/2024-11-08\/mach-karriere-als-mensch-neulancierung-der-kampagne-zur-sicherung-der-langzeitpflege\/","og_site_name":"Organisator","article_publisher":"https:\/\/www.facebook.com\/OrganisatorFachmagazin","article_published_time":"2024-11-08T09:00:32+00:00","og_image":[{"width":1400,"height":947,"url":"https:\/\/www.organisator.ch\/wp-content\/uploads\/2024\/11\/Karriere-als-Mensch_Bild1_ps-scaled-e1731053631260.jpg","type":"image\/jpeg"}],"author":"Dzana Muminovic","twitter_card":"summary_large_image","twitter_title":"\u00abMach Karriere als Mensch\u00bb: Neulancierung der Kampagne zur Sicherung der Langzeitpflege","twitter_description":"Mit einem frischen, humorvollen Ansatz setzt die #Kampagne \u00abMach #Karriere als #Mensch\u00bb ein klares #Zeichen gegen den #Fachkr\u00e4ftemangel.","schema":{"@context":"https:\/\/schema.org","@graph":[{"@type":"Article","@id":"https:\/\/www.organisator.ch\/weiterbildung\/2024-11-08\/mach-karriere-als-mensch-neulancierung-der-kampagne-zur-sicherung-der-langzeitpflege\/#article","isPartOf":{"@id":"https:\/\/www.organisator.ch\/weiterbildung\/2024-11-08\/mach-karriere-als-mensch-neulancierung-der-kampagne-zur-sicherung-der-langzeitpflege\/"},"author":{"name":"Dzana Muminovic","@id":"https:\/\/www.organisator.ch\/#\/schema\/person\/afccda3a71c06d4be2ed9100dd163db7"},"headline":"\u00abMach Karriere als Mensch\u00bb: Neulancierung der Kampagne zur Sicherung der Langzeitpflege","datePublished":"2024-11-08T09:00:32+00:00","mainEntityOfPage":{"@id":"https:\/\/www.organisator.ch\/weiterbildung\/2024-11-08\/mach-karriere-als-mensch-neulancierung-der-kampagne-zur-sicherung-der-langzeitpflege\/"},"wordCount":283,"publisher":{"@id":"https:\/\/www.organisator.ch\/#organization"},"image":{"@id":"https:\/\/www.organisator.ch\/weiterbildung\/2024-11-08\/mach-karriere-als-mensch-neulancierung-der-kampagne-zur-sicherung-der-langzeitpflege\/#primaryimage"},"thumbnailUrl":"https:\/\/www.organisator.ch\/wp-content\/uploads\/2024\/11\/Karriere-als-Mensch_Bild1_ps-scaled-e1731053631260.jpg","keywords":["Fachkr\u00e4ftemangel","Gesundheitswesen","Kampagne","Pflege","Schweiz"],"articleSection":["WEITERBILDUNG"],"inLanguage":"de"},{"@type":"WebPage","@id":"https:\/\/www.organisator.ch\/weiterbildung\/2024-11-08\/mach-karriere-als-mensch-neulancierung-der-kampagne-zur-sicherung-der-langzeitpflege\/","url":"https:\/\/www.organisator.ch\/weiterbildung\/2024-11-08\/mach-karriere-als-mensch-neulancierung-der-kampagne-zur-sicherung-der-langzeitpflege\/","name":"\u00abMach Karriere als Mensch\u00bb: Neulancierung der Kampagne zur Sicherung der Langzeitpflege - Organisator","isPartOf":{"@id":"https:\/\/www.organisator.ch\/#website"},"primaryImageOfPage":{"@id":"https:\/\/www.organisator.ch\/weiterbildung\/2024-11-08\/mach-karriere-als-mensch-neulancierung-der-kampagne-zur-sicherung-der-langzeitpflege\/#primaryimage"},"image":{"@id":"https:\/\/www.organisator.ch\/weiterbildung\/2024-11-08\/mach-karriere-als-mensch-neulancierung-der-kampagne-zur-sicherung-der-langzeitpflege\/#primaryimage"},"thumbnailUrl":"https:\/\/www.organisator.ch\/wp-content\/uploads\/2024\/11\/Karriere-als-Mensch_Bild1_ps-scaled-e1731053631260.jpg","datePublished":"2024-11-08T09:00:32+00:00","description":"Mit einem frischen, humorvollen Ansatz setzt die Kampagne \u00abMach Karriere als Mensch\u00bb ein klares Zeichen gegen den Fachkr\u00e4ftemangel.","breadcrumb":{"@id":"https:\/\/www.organisator.ch\/weiterbildung\/2024-11-08\/mach-karriere-als-mensch-neulancierung-der-kampagne-zur-sicherung-der-langzeitpflege\/#breadcrumb"},"inLanguage":"de","potentialAction":[{"@type":"ReadAction","target":["https:\/\/www.organisator.ch\/weiterbildung\/2024-11-08\/mach-karriere-als-mensch-neulancierung-der-kampagne-zur-sicherung-der-langzeitpflege\/"]}]},{"@type":"ImageObject","inLanguage":"de","@id":"https:\/\/www.organisator.ch\/weiterbildung\/2024-11-08\/mach-karriere-als-mensch-neulancierung-der-kampagne-zur-sicherung-der-langzeitpflege\/#primaryimage","url":"https:\/\/www.organisator.ch\/wp-content\/uploads\/2024\/11\/Karriere-als-Mensch_Bild1_ps-scaled-e1731053631260.jpg","contentUrl":"https:\/\/www.organisator.ch\/wp-content\/uploads\/2024\/11\/Karriere-als-Mensch_Bild1_ps-scaled-e1731053631260.jpg","width":1400,"height":947},{"@type":"BreadcrumbList","@id":"https:\/\/www.organisator.ch\/weiterbildung\/2024-11-08\/mach-karriere-als-mensch-neulancierung-der-kampagne-zur-sicherung-der-langzeitpflege\/#breadcrumb","itemListElement":[{"@type":"ListItem","position":1,"name":"Home","item":"https:\/\/www.organisator.ch\/"},{"@type":"ListItem","position":2,"name":"\u00abMach Karriere als Mensch\u00bb: Neulancierung der Kampagne zur Sicherung der Langzeitpflege"}]},{"@type":"WebSite","@id":"https:\/\/www.organisator.ch\/#website","url":"https:\/\/www.organisator.ch\/","name":"Organisator","description":"Kompetent. Praxisnah. Der ORGANISATOR bereitet in 10 Ausgaben pro Jahr die wesentlichen Themen f\u00fcr F\u00fchrungskr\u00e4fte von KMU auf.","publisher":{"@id":"https:\/\/www.organisator.ch\/#organization"},"potentialAction":[{"@type":"SearchAction","target":{"@type":"EntryPoint","urlTemplate":"https:\/\/www.organisator.ch\/?s={search_term_string}"},"query-input":{"@type":"PropertyValueSpecification","valueRequired":true,"valueName":"search_term_string"}}],"inLanguage":"de"},{"@type":"Organization","@id":"https:\/\/www.organisator.ch\/#organization","name":"Organisator","url":"https:\/\/www.organisator.ch\/","logo":{"@type":"ImageObject","inLanguage":"de","@id":"https:\/\/www.organisator.ch\/#\/schema\/logo\/image\/","url":"https:\/\/www.organisator.ch\/wp-content\/uploads\/2022\/01\/Logo_Organisator_Website.png","contentUrl":"https:\/\/www.organisator.ch\/wp-content\/uploads\/2022\/01\/Logo_Organisator_Website.png","width":800,"height":77,"caption":"Organisator"},"image":{"@id":"https:\/\/www.organisator.ch\/#\/schema\/logo\/image\/"},"sameAs":["https:\/\/www.facebook.com\/OrganisatorFachmagazin","https:\/\/www.linkedin.com\/showcase\/organisator-das-magazin-fr-kmu","https:\/\/www.xing.com\/news\/pages\/organisator-ch-695","https:\/\/www.youtube.com\/channel\/UCGP2Sq0iWaZwT3BdIAQFYpw"]},{"@type":"Person","@id":"https:\/\/www.organisator.ch\/#\/schema\/person\/afccda3a71c06d4be2ed9100dd163db7","name":"Dzana Muminovic","image":{"@type":"ImageObject","inLanguage":"de","@id":"https:\/\/secure.gravatar.com\/avatar\/909c5c71aff4b38e88686f2ab2f1ba152571f394f41ed8bae431ea56ced93050?s=96&d=mm&r=g","url":"https:\/\/secure.gravatar.com\/avatar\/909c5c71aff4b38e88686f2ab2f1ba152571f394f41ed8bae431ea56ced93050?s=96&d=mm&r=g","contentUrl":"https:\/\/secure.gravatar.com\/avatar\/909c5c71aff4b38e88686f2ab2f1ba152571f394f41ed8bae431ea56ced93050?s=96&d=mm&r=g","caption":"Dzana Muminovic"},"url":"https:\/\/www.organisator.ch\/de\/author\/dzana-muminovic\/"}]}},"_links":{"self":[{"href":"https:\/\/www.organisator.ch\/de\/wp-json\/wp\/v2\/posts\/31911","targetHints":{"allow":["GET"]}}],"collection":[{"href":"https:\/\/www.organisator.ch\/de\/wp-json\/wp\/v2\/posts"}],"about":[{"href":"https:\/\/www.organisator.ch\/de\/wp-json\/wp\/v2\/types\/post"}],"author":[{"embeddable":true,"href":"https:\/\/www.organisator.ch\/de\/wp-json\/wp\/v2\/users\/80"}],"replies":[{"embeddable":true,"href":"https:\/\/www.organisator.ch\/de\/wp-json\/wp\/v2\/comments?post=31911"}],"version-history":[{"count":5,"href":"https:\/\/www.organisator.ch\/de\/wp-json\/wp\/v2\/posts\/31911\/revisions"}],"predecessor-version":[{"id":32112,"href":"https:\/\/www.organisator.ch\/de\/wp-json\/wp\/v2\/posts\/31911\/revisions\/32112"}],"wp:featuredmedia":[{"embeddable":true,"href":"https:\/\/www.organisator.ch\/de\/wp-json\/wp\/v2\/media\/31912"}],"wp:attachment":[{"href":"https:\/\/www.organisator.ch\/de\/wp-json\/wp\/v2\/media?parent=31911"}],"wp:term":[{"taxonomy":"category","embeddable":true,"href":"https:\/\/www.organisator.ch\/de\/wp-json\/wp\/v2\/categories?post=31911"},{"taxonomy":"post_tag","embeddable":true,"href":"https:\/\/www.organisator.ch\/de\/wp-json\/wp\/v2\/tags?post=31911"}],"curies":[{"name":"wp","href":"https:\/\/api.w.org\/{rel}","templated":true}]}}