{"id":3205,"date":"2018-02-26T11:23:10","date_gmt":"2018-02-26T10:23:10","guid":{"rendered":"https:\/\/www.organisator.ch\/?p=3205"},"modified":"2018-02-26T11:23:10","modified_gmt":"2018-02-26T10:23:10","slug":"millennials-engagieren-sich-stark-am-arbeitsplatz","status":"publish","type":"post","link":"https:\/\/www.organisator.ch\/de\/human-resources\/hrm\/2018-02-26\/millennials-engagieren-sich-stark-am-arbeitsplatz\/","title":{"rendered":"Millennials engagieren sich stark am Arbeitsplatz"},"content":{"rendered":"<figure id=\"attachment_3207\" aria-describedby=\"caption-attachment-3207\" style=\"width: 640px\" class=\"wp-caption alignnone\"><img loading=\"lazy\" decoding=\"async\" class=\"size-full wp-image-3207\" src=\"https:\/\/www.organisator.ch\/wp-content\/uploads\/2018\/02\/Millennials-engagieren-sich-stark-am-Arbeitsplatz_Organisator.jpg\" alt=\"\" width=\"640\" height=\"434\" srcset=\"https:\/\/www.organisator.ch\/wp-content\/uploads\/2018\/02\/Millennials-engagieren-sich-stark-am-Arbeitsplatz_Organisator.jpg 640w, https:\/\/www.organisator.ch\/wp-content\/uploads\/2018\/02\/Millennials-engagieren-sich-stark-am-Arbeitsplatz_Organisator-16x12.jpg 16w, https:\/\/www.organisator.ch\/wp-content\/uploads\/2018\/02\/Millennials-engagieren-sich-stark-am-Arbeitsplatz_Organisator-258x175.jpg 258w, https:\/\/www.organisator.ch\/wp-content\/uploads\/2018\/02\/Millennials-engagieren-sich-stark-am-Arbeitsplatz_Organisator-516x350.jpg 516w, https:\/\/www.organisator.ch\/wp-content\/uploads\/2018\/02\/Millennials-engagieren-sich-stark-am-Arbeitsplatz_Organisator-300x203.jpg 300w\" sizes=\"auto, (max-width: 640px) 100vw, 640px\" \/><figcaption id=\"caption-attachment-3207\" class=\"wp-caption-text\">Die Millennial-Generation entspricht nicht allen Klischee-Vorstellungen. (Bild: Fotolia.com)<\/figcaption><\/figure>\n<p>Die Untersuchung wurde von der Hay-Group-Abteilung von Korn Ferry durchgef\u00fchrt und basiert auf Mitarbeiterbefragungen von 350 Unternehmen und 6.8 Millionen Arbeitnehmern. \u00abGem\u00e4ss Sch\u00e4tzungen werden Millennials bis im Jahr 2025 rund 75% der Belegschaft ausmachen und entsprechend eine echte Kraft darstellen. Sie sind eine hochgebildete und technisch versierte Generation\u00bb, sagt Stefan Baldenweg, Senior Client Partner der Korn Ferry Hay Group. Die wichtigsten Erkenntnisse aus der Studie sind:<\/p>\n<h2><strong>Feedback und Aufstiegsm\u00f6glichkeiten<\/strong><\/h2>\n<ul>\n<li>71% der Millennials sind der Meinung, dass ihre direkten Vorgesetzten ihre Entwicklung unterst\u00fctzen. Bei der Gesamtbelegschaft vertraten nur rund 63% diese Meinung.<\/li>\n<li>Millennials berichten h\u00e4ufiger, dass das Feedback, das sie von ihren Vorgesetzten erhalten, ihnen dabei hilft, sich zu verbessern \u2013 67% verglichen mit 63% der Gesamtbelegschaft.<\/li>\n<li>Die Millennial-Generation ist auch der Ansicht, dass gute Leistungen angemessen anerkannt werden. Dies best\u00e4tigten 67%. Bei der Gesamtbelegschaft waren es 63%.<\/li>\n<\/ul>\n<h2><strong>Glaube und Werte<\/strong><\/h2>\n<ul>\n<li>78% der zwischen 1980 und\u00a02000 Geborenen\u00a0stehen den Erfolgsaussichten ihrer Arbeitgeber in den n\u00e4chsten zwei bis drei Jahren positiv gegen\u00fcber, verglichen mit 72% der Gesamtbelegschaft.<\/li>\n<li>Den Millennials ist es wichtiger als der Gesamtbelegschaft, dass ihre Unternehmen die Mitarbeitenden mit Respekt behandeln. Dies sagten 82% der Millennial-Generation verglichen mit 79% der Gesamtbelegschaft.<\/li>\n<li>80% der Millennials unterst\u00fctzen es, dass ihre Arbeitgeber Vielfalt sch\u00e4tzen und f\u00f6rdern. 77% der Gesamtbelegschaft hatten dasselbe Gef\u00fchl.<\/li>\n<\/ul>\n<p>\u00abAngeh\u00f6rige der Millennial-Generation\u00a0wollen mehr als Lippenbekenntnisse. Ihre Arbeitgeber sollen auch sozial und ethisch handeln. Millennials wollen Beweise, dass das Unternehmen grossen Wert darauf legt, das Richtige zu tun\u00bb, sagt Stefan Baldenweg.<\/p>\n<h2><strong>Millennials verlangen nach Herausforderung und Anerkennung<\/strong><\/h2>\n<p>W\u00e4hrend Millennials in vielen Bereichen eine gr\u00f6ssere Zustimmung vorwiesen, zeigte die Analyse der Korn Ferry Hay Group, dass Personen dieser Generation bestrebt sind, ihre F\u00e4higkeiten unter Beweis zu stellen und f\u00fcr ihre Anstrengungen belohnt zu werden.<\/p>\n<ul>\n<li>Verglichen mit der Gesamtbelegschaft gaben Millennials mit einer geringeren Wahrscheinlichkeit an, dass ihre Arbeitgeber ihre F\u00e4higkeiten und Fertigkeiten gut nutzen \u2013 71% im Vergleich zu 74% der Gesamtbelegschaft.<\/li>\n<li>Nur 47% der Millennials glauben, dass sie f\u00fcr ihre Arbeit fair bezahlt werden. Mit 50% glaubte die H\u00e4lfte der Gesamtbelegschaft, angemessen entlohnt zu werden.<\/li>\n<li>Manche m\u00f6gen denken, dass ruhelose Millennials den Job-Hopping-Trend anf\u00fchren, und bis zu einem gewissen Grad stimmt das auch. Die Untersuchung von Korn Ferry zeigt, dass die Millennial-Generation mit kleinerer Wahrscheinlichkeit die Absicht hegt, l\u00e4nger als f\u00fcnf Jahre bei ihrem derzeitigen Arbeitgeber zu bleiben &#8211; 48% von ihnen gegen\u00fcber 60% der gesamten Belegschaft.<\/li>\n<\/ul>\n<p>\u00abDie gr\u00f6ssere Mobilit\u00e4t unter den Millennials k\u00f6nnte aber auch ein Faktor ihres jungen Alters sein. Statistiken belegen, dass Millennials mit Hochschulabschluss l\u00e4nger bei ihren Arbeitgebern bleiben als Personen der Generation X im Jahr 2000, als sie das gleiche Alter wie die heutigen Millennials hatten\u00bb, erkl\u00e4rt Stefan Baldenweg. \u00abAngesichts der niedrigen Arbeitslosenquote ist es wichtig, allen Mitarbeitenden Herausforderungen und weiterf\u00fchrende Aufgaben zu bieten, um sicherzustellen, dass sie bereit sind, zum k\u00fcnftigen Erfolg des Unternehmens beizutragen.\u00bb<\/p>\n","protected":false},"excerpt":{"rendered":"<p>Die Untersuchung wurde von der Hay-Group-Abteilung von Korn Ferry durchgef\u00fchrt und basiert auf Mitarbeiterbefragungen von 350 Unternehmen und 6.8 Millionen Arbeitnehmern. \u00abGem\u00e4ss Sch\u00e4tzungen werden Millennials bis im Jahr 2025 rund 75% der Belegschaft ausmachen und entsprechend eine echte Kraft darstellen. Sie sind eine hochgebildete und technisch versierte Generation\u00bb, sagt Stefan Baldenweg, Senior Client Partner der [&hellip;]<\/p>\n","protected":false},"author":4,"featured_media":3207,"comment_status":"open","ping_status":"open","sticky":false,"template":"","format":"standard","meta":{"_acf_changed":false,"_yoast_wpseo_focuskw":"Millennials","_yoast_wpseo_metadesc":"Millennials gelten oft als schwer zufrieden zu stellen. Tats\u00e4chlich geh\u00f6ren sie aber zu den enthusiastischsten Unterst\u00fctzer ihrer Arbeitgeber. Dies legt eine aktuelle Studie des Personalberatungsunternehmens Korn Ferry dar.","articlekey":"","footnotes":""},"categories":[26],"tags":[254,294,350,379,459],"class_list":["post-3205","post","type-post","status-publish","format-standard","has-post-thumbnail","hentry","category-hrm","tag-hrm","tag-karriere","tag-millennials","tag-personalauswahl","tag-studie"],"acf":[],"yoast_head":"<!-- This site is optimized with the Yoast SEO plugin v27.4 - https:\/\/yoast.com\/product\/yoast-seo-wordpress\/ -->\n<title>Millennials engagieren sich stark am Arbeitsplatz - Organisator<\/title>\n<meta name=\"description\" content=\"Millennials gelten oft als schwer zufrieden zu stellen. Tats\u00e4chlich geh\u00f6ren sie aber zu den enthusiastischsten Unterst\u00fctzer ihrer Arbeitgeber. Dies legt eine aktuelle Studie des Personalberatungsunternehmens Korn Ferry dar.\" \/>\n<meta name=\"robots\" content=\"index, follow, max-snippet:-1, max-image-preview:large, max-video-preview:-1\" \/>\n<link rel=\"canonical\" href=\"https:\/\/www.organisator.ch\/de\/human-resources\/hrm\/2018-02-26\/millennials-engagieren-sich-stark-am-arbeitsplatz\/\" \/>\n<meta property=\"og:locale\" content=\"de_DE\" \/>\n<meta property=\"og:type\" content=\"article\" \/>\n<meta property=\"og:title\" content=\"Millennials engagieren sich stark am Arbeitsplatz\" \/>\n<meta property=\"og:description\" content=\"#Millennials gelten oft als schwer zufrieden zu stellen. Tats\u00e4chlich geh\u00f6ren sie aber zu den enthusiastischsten Unterst\u00fctzer ihrer Arbeitgeber. Dies legt eine aktuelle Studie des #Personalberatungsunternehmens Korn Ferry dar.\" \/>\n<meta property=\"og:url\" content=\"https:\/\/www.organisator.ch\/de\/human-resources\/hrm\/2018-02-26\/millennials-engagieren-sich-stark-am-arbeitsplatz\/\" \/>\n<meta property=\"og:site_name\" content=\"Organisator\" \/>\n<meta property=\"article:publisher\" content=\"https:\/\/www.facebook.com\/OrganisatorFachmagazin\" \/>\n<meta property=\"article:published_time\" content=\"2018-02-26T10:23:10+00:00\" \/>\n<meta property=\"og:image\" content=\"https:\/\/www.organisator.ch\/wp-content\/uploads\/2018\/02\/Millennials-engagieren-sich-stark-am-Arbeitsplatz_Organisator.jpg\" \/>\n\t<meta property=\"og:image:width\" content=\"640\" \/>\n\t<meta property=\"og:image:height\" content=\"434\" \/>\n\t<meta property=\"og:image:type\" content=\"image\/jpeg\" \/>\n<meta name=\"author\" content=\"thomas.berner\" \/>\n<meta name=\"twitter:card\" content=\"summary_large_image\" \/>\n<meta name=\"twitter:title\" content=\"#Millennials engagieren sich stark am Arbeitsplatz\" \/>\n<meta name=\"twitter:description\" content=\"#Millennials gelten oft als schwer zufrieden zu stellen. Tats\u00e4chlich geh\u00f6ren sie aber zu den enthusiastischsten Unterst\u00fctzer ihrer Arbeitgeber. Dies legt eine aktuelle Studie des #Personalberatungsunternehmens Korn Ferry dar.\" \/>\n<meta name=\"twitter:image\" content=\"https:\/\/www.organisator.ch\/wp-content\/uploads\/2018\/02\/Millennials-engagieren-sich-stark-am-Arbeitsplatz_Organisator.jpg\" \/>\n<script type=\"application\/ld+json\" class=\"yoast-schema-graph\">{\"@context\":\"https:\\\/\\\/schema.org\",\"@graph\":[{\"@type\":\"Article\",\"@id\":\"https:\\\/\\\/www.organisator.ch\\\/human-resources\\\/hrm\\\/2018-02-26\\\/millennials-engagieren-sich-stark-am-arbeitsplatz\\\/#article\",\"isPartOf\":{\"@id\":\"https:\\\/\\\/www.organisator.ch\\\/human-resources\\\/hrm\\\/2018-02-26\\\/millennials-engagieren-sich-stark-am-arbeitsplatz\\\/\"},\"author\":{\"name\":\"thomas.berner\",\"@id\":\"https:\\\/\\\/www.organisator.ch\\\/#\\\/schema\\\/person\\\/6f650f90b2842cd4c0cc334b4e36f67e\"},\"headline\":\"Millennials engagieren sich stark am Arbeitsplatz\",\"datePublished\":\"2018-02-26T10:23:10+00:00\",\"mainEntityOfPage\":{\"@id\":\"https:\\\/\\\/www.organisator.ch\\\/human-resources\\\/hrm\\\/2018-02-26\\\/millennials-engagieren-sich-stark-am-arbeitsplatz\\\/\"},\"wordCount\":490,\"commentCount\":0,\"publisher\":{\"@id\":\"https:\\\/\\\/www.organisator.ch\\\/#organization\"},\"image\":{\"@id\":\"https:\\\/\\\/www.organisator.ch\\\/human-resources\\\/hrm\\\/2018-02-26\\\/millennials-engagieren-sich-stark-am-arbeitsplatz\\\/#primaryimage\"},\"thumbnailUrl\":\"https:\\\/\\\/www.organisator.ch\\\/wp-content\\\/uploads\\\/2018\\\/02\\\/Millennials-engagieren-sich-stark-am-Arbeitsplatz_Organisator.jpg\",\"keywords\":[\"HRM\",\"Karriere\",\"Millennials\",\"Personalauswahl\",\"Studie\"],\"articleSection\":[\"HRM\"],\"inLanguage\":\"de\"},{\"@type\":\"WebPage\",\"@id\":\"https:\\\/\\\/www.organisator.ch\\\/human-resources\\\/hrm\\\/2018-02-26\\\/millennials-engagieren-sich-stark-am-arbeitsplatz\\\/\",\"url\":\"https:\\\/\\\/www.organisator.ch\\\/human-resources\\\/hrm\\\/2018-02-26\\\/millennials-engagieren-sich-stark-am-arbeitsplatz\\\/\",\"name\":\"Millennials engagieren sich stark am Arbeitsplatz - Organisator\",\"isPartOf\":{\"@id\":\"https:\\\/\\\/www.organisator.ch\\\/#website\"},\"primaryImageOfPage\":{\"@id\":\"https:\\\/\\\/www.organisator.ch\\\/human-resources\\\/hrm\\\/2018-02-26\\\/millennials-engagieren-sich-stark-am-arbeitsplatz\\\/#primaryimage\"},\"image\":{\"@id\":\"https:\\\/\\\/www.organisator.ch\\\/human-resources\\\/hrm\\\/2018-02-26\\\/millennials-engagieren-sich-stark-am-arbeitsplatz\\\/#primaryimage\"},\"thumbnailUrl\":\"https:\\\/\\\/www.organisator.ch\\\/wp-content\\\/uploads\\\/2018\\\/02\\\/Millennials-engagieren-sich-stark-am-Arbeitsplatz_Organisator.jpg\",\"datePublished\":\"2018-02-26T10:23:10+00:00\",\"description\":\"Millennials gelten oft als schwer zufrieden zu stellen. Tats\u00e4chlich geh\u00f6ren sie aber zu den enthusiastischsten Unterst\u00fctzer ihrer Arbeitgeber. Dies legt eine aktuelle Studie des Personalberatungsunternehmens Korn Ferry dar.\",\"breadcrumb\":{\"@id\":\"https:\\\/\\\/www.organisator.ch\\\/human-resources\\\/hrm\\\/2018-02-26\\\/millennials-engagieren-sich-stark-am-arbeitsplatz\\\/#breadcrumb\"},\"inLanguage\":\"de\",\"potentialAction\":[{\"@type\":\"ReadAction\",\"target\":[\"https:\\\/\\\/www.organisator.ch\\\/human-resources\\\/hrm\\\/2018-02-26\\\/millennials-engagieren-sich-stark-am-arbeitsplatz\\\/\"]}]},{\"@type\":\"ImageObject\",\"inLanguage\":\"de\",\"@id\":\"https:\\\/\\\/www.organisator.ch\\\/human-resources\\\/hrm\\\/2018-02-26\\\/millennials-engagieren-sich-stark-am-arbeitsplatz\\\/#primaryimage\",\"url\":\"https:\\\/\\\/www.organisator.ch\\\/wp-content\\\/uploads\\\/2018\\\/02\\\/Millennials-engagieren-sich-stark-am-Arbeitsplatz_Organisator.jpg\",\"contentUrl\":\"https:\\\/\\\/www.organisator.ch\\\/wp-content\\\/uploads\\\/2018\\\/02\\\/Millennials-engagieren-sich-stark-am-Arbeitsplatz_Organisator.jpg\",\"width\":640,\"height\":434,\"caption\":\"Die Millennial-Generation entspricht nicht allen Klischee-Vorstellungen. (Bild: Fotolia.com)\"},{\"@type\":\"BreadcrumbList\",\"@id\":\"https:\\\/\\\/www.organisator.ch\\\/human-resources\\\/hrm\\\/2018-02-26\\\/millennials-engagieren-sich-stark-am-arbeitsplatz\\\/#breadcrumb\",\"itemListElement\":[{\"@type\":\"ListItem\",\"position\":1,\"name\":\"Home\",\"item\":\"https:\\\/\\\/www.organisator.ch\\\/\"},{\"@type\":\"ListItem\",\"position\":2,\"name\":\"Millennials engagieren sich stark am Arbeitsplatz\"}]},{\"@type\":\"WebSite\",\"@id\":\"https:\\\/\\\/www.organisator.ch\\\/#website\",\"url\":\"https:\\\/\\\/www.organisator.ch\\\/\",\"name\":\"Organisator\",\"description\":\"Kompetent. Praxisnah. Der ORGANISATOR bereitet in 10 Ausgaben pro Jahr die wesentlichen Themen f\u00fcr F\u00fchrungskr\u00e4fte von KMU auf.\",\"publisher\":{\"@id\":\"https:\\\/\\\/www.organisator.ch\\\/#organization\"},\"potentialAction\":[{\"@type\":\"SearchAction\",\"target\":{\"@type\":\"EntryPoint\",\"urlTemplate\":\"https:\\\/\\\/www.organisator.ch\\\/?s={search_term_string}\"},\"query-input\":{\"@type\":\"PropertyValueSpecification\",\"valueRequired\":true,\"valueName\":\"search_term_string\"}}],\"inLanguage\":\"de\"},{\"@type\":\"Organization\",\"@id\":\"https:\\\/\\\/www.organisator.ch\\\/#organization\",\"name\":\"Organisator\",\"url\":\"https:\\\/\\\/www.organisator.ch\\\/\",\"logo\":{\"@type\":\"ImageObject\",\"inLanguage\":\"de\",\"@id\":\"https:\\\/\\\/www.organisator.ch\\\/#\\\/schema\\\/logo\\\/image\\\/\",\"url\":\"https:\\\/\\\/www.organisator.ch\\\/wp-content\\\/uploads\\\/2022\\\/01\\\/Logo_Organisator_Website.png\",\"contentUrl\":\"https:\\\/\\\/www.organisator.ch\\\/wp-content\\\/uploads\\\/2022\\\/01\\\/Logo_Organisator_Website.png\",\"width\":800,\"height\":77,\"caption\":\"Organisator\"},\"image\":{\"@id\":\"https:\\\/\\\/www.organisator.ch\\\/#\\\/schema\\\/logo\\\/image\\\/\"},\"sameAs\":[\"https:\\\/\\\/www.facebook.com\\\/OrganisatorFachmagazin\",\"https:\\\/\\\/www.linkedin.com\\\/showcase\\\/organisator-das-magazin-fr-kmu\",\"https:\\\/\\\/www.xing.com\\\/news\\\/pages\\\/organisator-ch-695\",\"https:\\\/\\\/www.youtube.com\\\/channel\\\/UCGP2Sq0iWaZwT3BdIAQFYpw\"]},{\"@type\":\"Person\",\"@id\":\"https:\\\/\\\/www.organisator.ch\\\/#\\\/schema\\\/person\\\/6f650f90b2842cd4c0cc334b4e36f67e\",\"name\":\"thomas.berner\",\"image\":{\"@type\":\"ImageObject\",\"inLanguage\":\"de\",\"@id\":\"https:\\\/\\\/secure.gravatar.com\\\/avatar\\\/ac5001d2a36cb6c6cd3e50789007ffca834b477b74a2144564522e944eabff61?s=96&d=mm&r=g\",\"url\":\"https:\\\/\\\/secure.gravatar.com\\\/avatar\\\/ac5001d2a36cb6c6cd3e50789007ffca834b477b74a2144564522e944eabff61?s=96&d=mm&r=g\",\"contentUrl\":\"https:\\\/\\\/secure.gravatar.com\\\/avatar\\\/ac5001d2a36cb6c6cd3e50789007ffca834b477b74a2144564522e944eabff61?s=96&d=mm&r=g\",\"caption\":\"thomas.berner\"},\"url\":\"https:\\\/\\\/www.organisator.ch\\\/de\\\/author\\\/thomas-berner\\\/\"}]}<\/script>\n<!-- \/ Yoast SEO plugin. -->","yoast_head_json":{"title":"Millennials engagieren sich stark am Arbeitsplatz - Organisator","description":"Millennials gelten oft als schwer zufrieden zu stellen. Tats\u00e4chlich geh\u00f6ren sie aber zu den enthusiastischsten Unterst\u00fctzer ihrer Arbeitgeber. Dies legt eine aktuelle Studie des Personalberatungsunternehmens Korn Ferry dar.","robots":{"index":"index","follow":"follow","max-snippet":"max-snippet:-1","max-image-preview":"max-image-preview:large","max-video-preview":"max-video-preview:-1"},"canonical":"https:\/\/www.organisator.ch\/de\/human-resources\/hrm\/2018-02-26\/millennials-engagieren-sich-stark-am-arbeitsplatz\/","og_locale":"de_DE","og_type":"article","og_title":"Millennials engagieren sich stark am Arbeitsplatz","og_description":"#Millennials gelten oft als schwer zufrieden zu stellen. Tats\u00e4chlich geh\u00f6ren sie aber zu den enthusiastischsten Unterst\u00fctzer ihrer Arbeitgeber. Dies legt eine aktuelle Studie des #Personalberatungsunternehmens Korn Ferry dar.","og_url":"https:\/\/www.organisator.ch\/de\/human-resources\/hrm\/2018-02-26\/millennials-engagieren-sich-stark-am-arbeitsplatz\/","og_site_name":"Organisator","article_publisher":"https:\/\/www.facebook.com\/OrganisatorFachmagazin","article_published_time":"2018-02-26T10:23:10+00:00","og_image":[{"width":640,"height":434,"url":"https:\/\/www.organisator.ch\/wp-content\/uploads\/2018\/02\/Millennials-engagieren-sich-stark-am-Arbeitsplatz_Organisator.jpg","type":"image\/jpeg"}],"author":"thomas.berner","twitter_card":"summary_large_image","twitter_title":"#Millennials engagieren sich stark am Arbeitsplatz","twitter_description":"#Millennials gelten oft als schwer zufrieden zu stellen. Tats\u00e4chlich geh\u00f6ren sie aber zu den enthusiastischsten Unterst\u00fctzer ihrer Arbeitgeber. Dies legt eine aktuelle Studie des #Personalberatungsunternehmens Korn Ferry dar.","twitter_image":"https:\/\/www.organisator.ch\/wp-content\/uploads\/2018\/02\/Millennials-engagieren-sich-stark-am-Arbeitsplatz_Organisator.jpg","schema":{"@context":"https:\/\/schema.org","@graph":[{"@type":"Article","@id":"https:\/\/www.organisator.ch\/human-resources\/hrm\/2018-02-26\/millennials-engagieren-sich-stark-am-arbeitsplatz\/#article","isPartOf":{"@id":"https:\/\/www.organisator.ch\/human-resources\/hrm\/2018-02-26\/millennials-engagieren-sich-stark-am-arbeitsplatz\/"},"author":{"name":"thomas.berner","@id":"https:\/\/www.organisator.ch\/#\/schema\/person\/6f650f90b2842cd4c0cc334b4e36f67e"},"headline":"Millennials engagieren sich stark am Arbeitsplatz","datePublished":"2018-02-26T10:23:10+00:00","mainEntityOfPage":{"@id":"https:\/\/www.organisator.ch\/human-resources\/hrm\/2018-02-26\/millennials-engagieren-sich-stark-am-arbeitsplatz\/"},"wordCount":490,"commentCount":0,"publisher":{"@id":"https:\/\/www.organisator.ch\/#organization"},"image":{"@id":"https:\/\/www.organisator.ch\/human-resources\/hrm\/2018-02-26\/millennials-engagieren-sich-stark-am-arbeitsplatz\/#primaryimage"},"thumbnailUrl":"https:\/\/www.organisator.ch\/wp-content\/uploads\/2018\/02\/Millennials-engagieren-sich-stark-am-Arbeitsplatz_Organisator.jpg","keywords":["HRM","Karriere","Millennials","Personalauswahl","Studie"],"articleSection":["HRM"],"inLanguage":"de"},{"@type":"WebPage","@id":"https:\/\/www.organisator.ch\/human-resources\/hrm\/2018-02-26\/millennials-engagieren-sich-stark-am-arbeitsplatz\/","url":"https:\/\/www.organisator.ch\/human-resources\/hrm\/2018-02-26\/millennials-engagieren-sich-stark-am-arbeitsplatz\/","name":"Millennials engagieren sich stark am Arbeitsplatz - Organisator","isPartOf":{"@id":"https:\/\/www.organisator.ch\/#website"},"primaryImageOfPage":{"@id":"https:\/\/www.organisator.ch\/human-resources\/hrm\/2018-02-26\/millennials-engagieren-sich-stark-am-arbeitsplatz\/#primaryimage"},"image":{"@id":"https:\/\/www.organisator.ch\/human-resources\/hrm\/2018-02-26\/millennials-engagieren-sich-stark-am-arbeitsplatz\/#primaryimage"},"thumbnailUrl":"https:\/\/www.organisator.ch\/wp-content\/uploads\/2018\/02\/Millennials-engagieren-sich-stark-am-Arbeitsplatz_Organisator.jpg","datePublished":"2018-02-26T10:23:10+00:00","description":"Millennials gelten oft als schwer zufrieden zu stellen. Tats\u00e4chlich geh\u00f6ren sie aber zu den enthusiastischsten Unterst\u00fctzer ihrer Arbeitgeber. Dies legt eine aktuelle Studie des Personalberatungsunternehmens Korn Ferry dar.","breadcrumb":{"@id":"https:\/\/www.organisator.ch\/human-resources\/hrm\/2018-02-26\/millennials-engagieren-sich-stark-am-arbeitsplatz\/#breadcrumb"},"inLanguage":"de","potentialAction":[{"@type":"ReadAction","target":["https:\/\/www.organisator.ch\/human-resources\/hrm\/2018-02-26\/millennials-engagieren-sich-stark-am-arbeitsplatz\/"]}]},{"@type":"ImageObject","inLanguage":"de","@id":"https:\/\/www.organisator.ch\/human-resources\/hrm\/2018-02-26\/millennials-engagieren-sich-stark-am-arbeitsplatz\/#primaryimage","url":"https:\/\/www.organisator.ch\/wp-content\/uploads\/2018\/02\/Millennials-engagieren-sich-stark-am-Arbeitsplatz_Organisator.jpg","contentUrl":"https:\/\/www.organisator.ch\/wp-content\/uploads\/2018\/02\/Millennials-engagieren-sich-stark-am-Arbeitsplatz_Organisator.jpg","width":640,"height":434,"caption":"Die Millennial-Generation entspricht nicht allen Klischee-Vorstellungen. (Bild: Fotolia.com)"},{"@type":"BreadcrumbList","@id":"https:\/\/www.organisator.ch\/human-resources\/hrm\/2018-02-26\/millennials-engagieren-sich-stark-am-arbeitsplatz\/#breadcrumb","itemListElement":[{"@type":"ListItem","position":1,"name":"Home","item":"https:\/\/www.organisator.ch\/"},{"@type":"ListItem","position":2,"name":"Millennials engagieren sich stark am Arbeitsplatz"}]},{"@type":"WebSite","@id":"https:\/\/www.organisator.ch\/#website","url":"https:\/\/www.organisator.ch\/","name":"Organisator","description":"Kompetent. Praxisnah. Der ORGANISATOR bereitet in 10 Ausgaben pro Jahr die wesentlichen Themen f\u00fcr F\u00fchrungskr\u00e4fte von KMU auf.","publisher":{"@id":"https:\/\/www.organisator.ch\/#organization"},"potentialAction":[{"@type":"SearchAction","target":{"@type":"EntryPoint","urlTemplate":"https:\/\/www.organisator.ch\/?s={search_term_string}"},"query-input":{"@type":"PropertyValueSpecification","valueRequired":true,"valueName":"search_term_string"}}],"inLanguage":"de"},{"@type":"Organization","@id":"https:\/\/www.organisator.ch\/#organization","name":"Organisator","url":"https:\/\/www.organisator.ch\/","logo":{"@type":"ImageObject","inLanguage":"de","@id":"https:\/\/www.organisator.ch\/#\/schema\/logo\/image\/","url":"https:\/\/www.organisator.ch\/wp-content\/uploads\/2022\/01\/Logo_Organisator_Website.png","contentUrl":"https:\/\/www.organisator.ch\/wp-content\/uploads\/2022\/01\/Logo_Organisator_Website.png","width":800,"height":77,"caption":"Organisator"},"image":{"@id":"https:\/\/www.organisator.ch\/#\/schema\/logo\/image\/"},"sameAs":["https:\/\/www.facebook.com\/OrganisatorFachmagazin","https:\/\/www.linkedin.com\/showcase\/organisator-das-magazin-fr-kmu","https:\/\/www.xing.com\/news\/pages\/organisator-ch-695","https:\/\/www.youtube.com\/channel\/UCGP2Sq0iWaZwT3BdIAQFYpw"]},{"@type":"Person","@id":"https:\/\/www.organisator.ch\/#\/schema\/person\/6f650f90b2842cd4c0cc334b4e36f67e","name":"thomas.berner","image":{"@type":"ImageObject","inLanguage":"de","@id":"https:\/\/secure.gravatar.com\/avatar\/ac5001d2a36cb6c6cd3e50789007ffca834b477b74a2144564522e944eabff61?s=96&d=mm&r=g","url":"https:\/\/secure.gravatar.com\/avatar\/ac5001d2a36cb6c6cd3e50789007ffca834b477b74a2144564522e944eabff61?s=96&d=mm&r=g","contentUrl":"https:\/\/secure.gravatar.com\/avatar\/ac5001d2a36cb6c6cd3e50789007ffca834b477b74a2144564522e944eabff61?s=96&d=mm&r=g","caption":"thomas.berner"},"url":"https:\/\/www.organisator.ch\/de\/author\/thomas-berner\/"}]}},"_links":{"self":[{"href":"https:\/\/www.organisator.ch\/de\/wp-json\/wp\/v2\/posts\/3205","targetHints":{"allow":["GET"]}}],"collection":[{"href":"https:\/\/www.organisator.ch\/de\/wp-json\/wp\/v2\/posts"}],"about":[{"href":"https:\/\/www.organisator.ch\/de\/wp-json\/wp\/v2\/types\/post"}],"author":[{"embeddable":true,"href":"https:\/\/www.organisator.ch\/de\/wp-json\/wp\/v2\/users\/4"}],"replies":[{"embeddable":true,"href":"https:\/\/www.organisator.ch\/de\/wp-json\/wp\/v2\/comments?post=3205"}],"version-history":[{"count":0,"href":"https:\/\/www.organisator.ch\/de\/wp-json\/wp\/v2\/posts\/3205\/revisions"}],"wp:featuredmedia":[{"embeddable":true,"href":"https:\/\/www.organisator.ch\/de\/wp-json\/wp\/v2\/media\/3207"}],"wp:attachment":[{"href":"https:\/\/www.organisator.ch\/de\/wp-json\/wp\/v2\/media?parent=3205"}],"wp:term":[{"taxonomy":"category","embeddable":true,"href":"https:\/\/www.organisator.ch\/de\/wp-json\/wp\/v2\/categories?post=3205"},{"taxonomy":"post_tag","embeddable":true,"href":"https:\/\/www.organisator.ch\/de\/wp-json\/wp\/v2\/tags?post=3205"}],"curies":[{"name":"wp","href":"https:\/\/api.w.org\/{rel}","templated":true}]}}