{"id":32052,"date":"2024-11-08T12:18:56","date_gmt":"2024-11-08T11:18:56","guid":{"rendered":"https:\/\/www.markt-kom.com\/?p=226313"},"modified":"2024-11-09T07:39:37","modified_gmt":"2024-11-09T06:39:37","slug":"hornbach-gewinnt-acht-preise-beim-kreativwettbewerb-die-klappe","status":"publish","type":"post","link":"https:\/\/www.organisator.ch\/de\/marketing\/2024-11-08\/hornbach-gewinnt-acht-preise-beim-kreativwettbewerb-die-klappe\/","title":{"rendered":"Hornbach gewinnt acht Preise beim Kreativwettbewerb \u00abDie Klappe\u00bb"},"content":{"rendered":"<figure id=\"attachment_226316\" class=\"wp-caption alignnone\" style=\"width: 1200px\" aria-describedby=\"caption-attachment-226316\"><img class=\"alignnone wp-image-226316 size-full\" src=\"https:\/\/www.markt-kom.com\/wp-content\/uploads\/2024\/11\/KLappe.jpg\" alt=\"Die Klappe Auszeichnungen 2024\" width=\"1200\" height=\"800\" \/>\r\n<figcaption id=\"caption-attachment-226316\" class=\"wp-caption-text\">\u00a9 Timo Sommer \/ Instagram @iamtimosommer<\/figcaption>\r\n<\/figure>\r\n<p>Im historischen Ambiente der Hamburger Speicherstadt wurden am Donnerstag zum 44. Mal die besten kommerziellen Bewegtbildformate im deutschsprachigen Raum (Deutschland, \u00d6sterreich und Schweiz) mit der Troph\u00e4e Die Klappe ausgezeichnet.<\/p>\r\n<p>Die Jury unter dem Vorsitz von Christine Wolburg, Leiterin Vertrieb\/Marketing der Berliner Verkehrsbetriebe (BVG) und Christian R\u00e4tsch, dem CEO von Team BBDO The Marketing Group aus D\u00fcsseldorf, vergab insgesamt 60 dieser Auszeichnungen (2023 waren es 48). Elf mal verlieh sie Gold, 20 mal Silber und 29 mal Bronze.<\/p>\r\n<p>Gr\u00f6\u00dfter Gewinner des Abends war Heimat TBWA aus Berlin mit der Kampagne \u00abJeder Quadratmeter verdient, der beste der Welt zu sein\u00bb f\u00fcr den langj\u00e4hrigen Kunden Hornbach. Viermal gab es daf\u00fcr Gold, dreimal war Silber und einmal Bronze. Gold-Laudatorin war D\u00f6rte Spengler-Ahrens, Non-Executive Creative Chairwoman von Jung von Matt in Hamburg, die den Abr\u00e4umer des Abends geb\u00fchrend w\u00fcrdigte.<\/p>\r\n<p>Die anderen sieben goldenen Troph\u00e4en \u00fcbergaben die Jurorinnen Kristine Holzhausen, CCO Leo Burnett Germany und Katja Metz, Teamlead Global Marketing von E.ON.<\/p>\r\n<p>Der Gesch\u00e4ftsf\u00fchrer von Markenfilm Oliver Hack freute sich als Laudator mit den 20 Preistr\u00e4ger:innen Der Klappe in Silber. Weitere Jurymitglieder \u00fcbergaben unter gro\u00dfem Applaus die bronzenen Troph\u00e4en.<\/p>\r\n<h3>245 Einreichungen in diesem Jahr<\/h3>\r\n<p>Stefan Schulte, Kreativchef von Thjnk in Berlin, w\u00fcrdigte wiederum Tony Petersen Film ebenfalls aus Berlin als Production Company of the Year. Sie war auch die Produktionsfirma der ausgezeichneten Hornbach-Kampagne. Insgesamt haben die Agenturen dieses Jahr 245 Arbeiten f\u00fcr Die Klappe\u00a0 eingereicht. Au\u00dfer den 60 Awards gab es f\u00fcr sie noch neun Shortlist-Platzierungen.<\/p>\r\n<p>Insgesamt wurde Die Klappe in elf Kategorien vergeben. Neu ist die Kategorie \u00abFuture Ready\u00bb, womit der richtungsweisende Einsatz von neuen Technologien bei kommerziellen Filmformaten gew\u00fcrdigt wird. Erster Preistr\u00e4ger ist nun Jung von Matt aus Hamburg mit \u00abDie inklusivste Weihnachtsansprache\u00bb f\u00fcr Offen f\u00fcr Vielfalt \u2013 Geschlossen gegen Ausgrenzung e.V..<\/p>\r\n<p>Nachdem alle Preise verteilt waren, wurden gen Ende der Award-Show entsprechend dem Reglement des Bundesverbands Markting Club die Jury-Vorsitzenden Christine Wolburg, Marianne Hei\u00df und deren Nachfolger Christian R\u00e4tsch nach drei Amtsjahren von Florian M\u00f6ckel verabschiedet.<\/p>","protected":false},"excerpt":{"rendered":"<p>Mit einer gro\u00dfen Gala feierte der Bundesverband Marketing Clubs (BVMC) die Gewinner seines Kreativwettbewerbs. Insgesamt wurden 60 herausragende kommerzielle Bewegtbildformate ausgezeichnet &#8211; elf davon mit Gold.<\/p>\n","protected":false},"author":8,"featured_media":0,"comment_status":"closed","ping_status":"closed","sticky":false,"template":"","format":"standard","meta":{"_acf_changed":false,"_yoast_wpseo_focuskw":"Die Klappe Auszeichnungen 2024","_yoast_wpseo_metadesc":"Die Klappe 2024 pr\u00e4miert die besten Bewegtbildformate im deutschsprachigen Raum. Heimat TBWA gewinnt viermal Gold.","articlekey":"","footnotes":""},"categories":[29],"tags":[66,4351,4731],"class_list":["post-32052","post","type-post","status-publish","format-standard","hentry","category-marketing","tag-awards","tag-dexat","tag-die-klappe"],"acf":[],"yoast_head":"<!-- This site is optimized with the Yoast SEO plugin v27.5 - https:\/\/yoast.com\/product\/yoast-seo-wordpress\/ -->\n<title>Hornbach gewinnt acht Preise beim Kreativwettbewerb \u00abDie Klappe\u00bb - Organisator<\/title>\n<meta name=\"description\" content=\"Die Klappe 2024 pr\u00e4miert die besten Bewegtbildformate im deutschsprachigen Raum. Heimat TBWA gewinnt viermal Gold.\" \/>\n<meta name=\"robots\" content=\"index, follow, max-snippet:-1, max-image-preview:large, max-video-preview:-1\" \/>\n<link rel=\"canonical\" href=\"https:\/\/www.organisator.ch\/de\/marketing\/2024-11-08\/hornbach-gewinnt-acht-preise-beim-kreativwettbewerb-die-klappe\/\" \/>\n<meta property=\"og:locale\" content=\"de_DE\" \/>\n<meta property=\"og:type\" content=\"article\" \/>\n<meta property=\"og:title\" content=\"Hornbach gewinnt acht Preise beim Kreativwettbewerb \u00abDie Klappe\u00bb - Organisator\" \/>\n<meta property=\"og:description\" content=\"Die Klappe 2024 pr\u00e4miert die besten Bewegtbildformate im deutschsprachigen Raum. Heimat TBWA gewinnt viermal Gold.\" \/>\n<meta property=\"og:url\" content=\"https:\/\/www.organisator.ch\/de\/marketing\/2024-11-08\/hornbach-gewinnt-acht-preise-beim-kreativwettbewerb-die-klappe\/\" \/>\n<meta property=\"og:site_name\" content=\"Organisator\" \/>\n<meta property=\"article:publisher\" content=\"https:\/\/www.facebook.com\/OrganisatorFachmagazin\" \/>\n<meta property=\"article:published_time\" content=\"2024-11-08T11:18:56+00:00\" \/>\n<meta property=\"article:modified_time\" content=\"2024-11-09T06:39:37+00:00\" \/>\n<meta property=\"og:image\" content=\"https:\/\/www.markt-kom.com\/wp-content\/uploads\/2024\/11\/KLappe.jpg\" \/>\n<meta name=\"author\" content=\"galledia\" \/>\n<meta name=\"twitter:card\" content=\"summary_large_image\" \/>\n<meta name=\"twitter:creator\" content=\"@admin\" \/>\n<script type=\"application\/ld+json\" class=\"yoast-schema-graph\">{\"@context\":\"https:\\\/\\\/schema.org\",\"@graph\":[{\"@type\":\"Article\",\"@id\":\"https:\\\/\\\/www.organisator.ch\\\/marketing\\\/2024-11-08\\\/hornbach-gewinnt-acht-preise-beim-kreativwettbewerb-die-klappe\\\/#article\",\"isPartOf\":{\"@id\":\"https:\\\/\\\/www.organisator.ch\\\/marketing\\\/2024-11-08\\\/hornbach-gewinnt-acht-preise-beim-kreativwettbewerb-die-klappe\\\/\"},\"author\":{\"name\":\"galledia\",\"@id\":\"https:\\\/\\\/www.organisator.ch\\\/#\\\/schema\\\/person\\\/4e51799071cd2dd1232ac003643ef5f0\"},\"headline\":\"Hornbach gewinnt acht Preise beim Kreativwettbewerb \u00abDie Klappe\u00bb\",\"datePublished\":\"2024-11-08T11:18:56+00:00\",\"dateModified\":\"2024-11-09T06:39:37+00:00\",\"mainEntityOfPage\":{\"@id\":\"https:\\\/\\\/www.organisator.ch\\\/marketing\\\/2024-11-08\\\/hornbach-gewinnt-acht-preise-beim-kreativwettbewerb-die-klappe\\\/\"},\"wordCount\":355,\"publisher\":{\"@id\":\"https:\\\/\\\/www.organisator.ch\\\/#organization\"},\"image\":{\"@id\":\"https:\\\/\\\/www.organisator.ch\\\/marketing\\\/2024-11-08\\\/hornbach-gewinnt-acht-preise-beim-kreativwettbewerb-die-klappe\\\/#primaryimage\"},\"thumbnailUrl\":\"https:\\\/\\\/www.markt-kom.com\\\/wp-content\\\/uploads\\\/2024\\\/11\\\/KLappe.jpg\",\"keywords\":[\"Awards\",\"DExAT\",\"Die Klappe\"],\"articleSection\":[\"MARKETING\"],\"inLanguage\":\"de\"},{\"@type\":\"WebPage\",\"@id\":\"https:\\\/\\\/www.organisator.ch\\\/marketing\\\/2024-11-08\\\/hornbach-gewinnt-acht-preise-beim-kreativwettbewerb-die-klappe\\\/\",\"url\":\"https:\\\/\\\/www.organisator.ch\\\/marketing\\\/2024-11-08\\\/hornbach-gewinnt-acht-preise-beim-kreativwettbewerb-die-klappe\\\/\",\"name\":\"Hornbach gewinnt acht Preise beim Kreativwettbewerb \u00abDie Klappe\u00bb - Organisator\",\"isPartOf\":{\"@id\":\"https:\\\/\\\/www.organisator.ch\\\/#website\"},\"primaryImageOfPage\":{\"@id\":\"https:\\\/\\\/www.organisator.ch\\\/marketing\\\/2024-11-08\\\/hornbach-gewinnt-acht-preise-beim-kreativwettbewerb-die-klappe\\\/#primaryimage\"},\"image\":{\"@id\":\"https:\\\/\\\/www.organisator.ch\\\/marketing\\\/2024-11-08\\\/hornbach-gewinnt-acht-preise-beim-kreativwettbewerb-die-klappe\\\/#primaryimage\"},\"thumbnailUrl\":\"https:\\\/\\\/www.markt-kom.com\\\/wp-content\\\/uploads\\\/2024\\\/11\\\/KLappe.jpg\",\"datePublished\":\"2024-11-08T11:18:56+00:00\",\"dateModified\":\"2024-11-09T06:39:37+00:00\",\"description\":\"Die Klappe 2024 pr\u00e4miert die besten Bewegtbildformate im deutschsprachigen Raum. Heimat TBWA gewinnt viermal Gold.\",\"breadcrumb\":{\"@id\":\"https:\\\/\\\/www.organisator.ch\\\/marketing\\\/2024-11-08\\\/hornbach-gewinnt-acht-preise-beim-kreativwettbewerb-die-klappe\\\/#breadcrumb\"},\"inLanguage\":\"de\",\"potentialAction\":[{\"@type\":\"ReadAction\",\"target\":[\"https:\\\/\\\/www.organisator.ch\\\/marketing\\\/2024-11-08\\\/hornbach-gewinnt-acht-preise-beim-kreativwettbewerb-die-klappe\\\/\"]}]},{\"@type\":\"ImageObject\",\"inLanguage\":\"de\",\"@id\":\"https:\\\/\\\/www.organisator.ch\\\/marketing\\\/2024-11-08\\\/hornbach-gewinnt-acht-preise-beim-kreativwettbewerb-die-klappe\\\/#primaryimage\",\"url\":\"https:\\\/\\\/www.markt-kom.com\\\/wp-content\\\/uploads\\\/2024\\\/11\\\/KLappe.jpg\",\"contentUrl\":\"https:\\\/\\\/www.markt-kom.com\\\/wp-content\\\/uploads\\\/2024\\\/11\\\/KLappe.jpg\"},{\"@type\":\"BreadcrumbList\",\"@id\":\"https:\\\/\\\/www.organisator.ch\\\/marketing\\\/2024-11-08\\\/hornbach-gewinnt-acht-preise-beim-kreativwettbewerb-die-klappe\\\/#breadcrumb\",\"itemListElement\":[{\"@type\":\"ListItem\",\"position\":1,\"name\":\"Home\",\"item\":\"https:\\\/\\\/www.organisator.ch\\\/\"},{\"@type\":\"ListItem\",\"position\":2,\"name\":\"Hornbach gewinnt acht Preise beim Kreativwettbewerb \u00abDie Klappe\u00bb\"}]},{\"@type\":\"WebSite\",\"@id\":\"https:\\\/\\\/www.organisator.ch\\\/#website\",\"url\":\"https:\\\/\\\/www.organisator.ch\\\/\",\"name\":\"Organisator\",\"description\":\"Kompetent. Praxisnah. Der ORGANISATOR bereitet in 10 Ausgaben pro Jahr die wesentlichen Themen f\u00fcr F\u00fchrungskr\u00e4fte von KMU auf.\",\"publisher\":{\"@id\":\"https:\\\/\\\/www.organisator.ch\\\/#organization\"},\"potentialAction\":[{\"@type\":\"SearchAction\",\"target\":{\"@type\":\"EntryPoint\",\"urlTemplate\":\"https:\\\/\\\/www.organisator.ch\\\/?s={search_term_string}\"},\"query-input\":{\"@type\":\"PropertyValueSpecification\",\"valueRequired\":true,\"valueName\":\"search_term_string\"}}],\"inLanguage\":\"de\"},{\"@type\":\"Organization\",\"@id\":\"https:\\\/\\\/www.organisator.ch\\\/#organization\",\"name\":\"Organisator\",\"url\":\"https:\\\/\\\/www.organisator.ch\\\/\",\"logo\":{\"@type\":\"ImageObject\",\"inLanguage\":\"de\",\"@id\":\"https:\\\/\\\/www.organisator.ch\\\/#\\\/schema\\\/logo\\\/image\\\/\",\"url\":\"https:\\\/\\\/www.organisator.ch\\\/wp-content\\\/uploads\\\/2022\\\/01\\\/Logo_Organisator_Website.png\",\"contentUrl\":\"https:\\\/\\\/www.organisator.ch\\\/wp-content\\\/uploads\\\/2022\\\/01\\\/Logo_Organisator_Website.png\",\"width\":800,\"height\":77,\"caption\":\"Organisator\"},\"image\":{\"@id\":\"https:\\\/\\\/www.organisator.ch\\\/#\\\/schema\\\/logo\\\/image\\\/\"},\"sameAs\":[\"https:\\\/\\\/www.facebook.com\\\/OrganisatorFachmagazin\",\"https:\\\/\\\/www.linkedin.com\\\/showcase\\\/organisator-das-magazin-fr-kmu\",\"https:\\\/\\\/www.xing.com\\\/news\\\/pages\\\/organisator-ch-695\",\"https:\\\/\\\/www.youtube.com\\\/channel\\\/UCGP2Sq0iWaZwT3BdIAQFYpw\"]},{\"@type\":\"Person\",\"@id\":\"https:\\\/\\\/www.organisator.ch\\\/#\\\/schema\\\/person\\\/4e51799071cd2dd1232ac003643ef5f0\",\"name\":\"galledia\",\"image\":{\"@type\":\"ImageObject\",\"inLanguage\":\"de\",\"@id\":\"https:\\\/\\\/secure.gravatar.com\\\/avatar\\\/78a7f90c01fc2bfc875782a0d4922b37cde2cf184ce347b91316d23cd7f69a36?s=96&d=mm&r=g\",\"url\":\"https:\\\/\\\/secure.gravatar.com\\\/avatar\\\/78a7f90c01fc2bfc875782a0d4922b37cde2cf184ce347b91316d23cd7f69a36?s=96&d=mm&r=g\",\"contentUrl\":\"https:\\\/\\\/secure.gravatar.com\\\/avatar\\\/78a7f90c01fc2bfc875782a0d4922b37cde2cf184ce347b91316d23cd7f69a36?s=96&d=mm&r=g\",\"caption\":\"galledia\"},\"sameAs\":[\"https:\\\/\\\/x.com\\\/admin\"],\"url\":\"https:\\\/\\\/www.organisator.ch\\\/de\\\/author\\\/galledia\\\/\"}]}<\/script>\n<!-- \/ Yoast SEO plugin. -->","yoast_head_json":{"title":"Hornbach gewinnt acht Preise beim Kreativwettbewerb \u00abDie Klappe\u00bb - Organisator","description":"Die Klappe 2024 pr\u00e4miert die besten Bewegtbildformate im deutschsprachigen Raum. Heimat TBWA gewinnt viermal Gold.","robots":{"index":"index","follow":"follow","max-snippet":"max-snippet:-1","max-image-preview":"max-image-preview:large","max-video-preview":"max-video-preview:-1"},"canonical":"https:\/\/www.organisator.ch\/de\/marketing\/2024-11-08\/hornbach-gewinnt-acht-preise-beim-kreativwettbewerb-die-klappe\/","og_locale":"de_DE","og_type":"article","og_title":"Hornbach gewinnt acht Preise beim Kreativwettbewerb \u00abDie Klappe\u00bb - Organisator","og_description":"Die Klappe 2024 pr\u00e4miert die besten Bewegtbildformate im deutschsprachigen Raum. Heimat TBWA gewinnt viermal Gold.","og_url":"https:\/\/www.organisator.ch\/de\/marketing\/2024-11-08\/hornbach-gewinnt-acht-preise-beim-kreativwettbewerb-die-klappe\/","og_site_name":"Organisator","article_publisher":"https:\/\/www.facebook.com\/OrganisatorFachmagazin","article_published_time":"2024-11-08T11:18:56+00:00","article_modified_time":"2024-11-09T06:39:37+00:00","og_image":[{"url":"https:\/\/www.markt-kom.com\/wp-content\/uploads\/2024\/11\/KLappe.jpg","type":"","width":"","height":""}],"author":"galledia","twitter_card":"summary_large_image","twitter_creator":"@admin","schema":{"@context":"https:\/\/schema.org","@graph":[{"@type":"Article","@id":"https:\/\/www.organisator.ch\/marketing\/2024-11-08\/hornbach-gewinnt-acht-preise-beim-kreativwettbewerb-die-klappe\/#article","isPartOf":{"@id":"https:\/\/www.organisator.ch\/marketing\/2024-11-08\/hornbach-gewinnt-acht-preise-beim-kreativwettbewerb-die-klappe\/"},"author":{"name":"galledia","@id":"https:\/\/www.organisator.ch\/#\/schema\/person\/4e51799071cd2dd1232ac003643ef5f0"},"headline":"Hornbach gewinnt acht Preise beim Kreativwettbewerb \u00abDie Klappe\u00bb","datePublished":"2024-11-08T11:18:56+00:00","dateModified":"2024-11-09T06:39:37+00:00","mainEntityOfPage":{"@id":"https:\/\/www.organisator.ch\/marketing\/2024-11-08\/hornbach-gewinnt-acht-preise-beim-kreativwettbewerb-die-klappe\/"},"wordCount":355,"publisher":{"@id":"https:\/\/www.organisator.ch\/#organization"},"image":{"@id":"https:\/\/www.organisator.ch\/marketing\/2024-11-08\/hornbach-gewinnt-acht-preise-beim-kreativwettbewerb-die-klappe\/#primaryimage"},"thumbnailUrl":"https:\/\/www.markt-kom.com\/wp-content\/uploads\/2024\/11\/KLappe.jpg","keywords":["Awards","DExAT","Die Klappe"],"articleSection":["MARKETING"],"inLanguage":"de"},{"@type":"WebPage","@id":"https:\/\/www.organisator.ch\/marketing\/2024-11-08\/hornbach-gewinnt-acht-preise-beim-kreativwettbewerb-die-klappe\/","url":"https:\/\/www.organisator.ch\/marketing\/2024-11-08\/hornbach-gewinnt-acht-preise-beim-kreativwettbewerb-die-klappe\/","name":"Hornbach gewinnt acht Preise beim Kreativwettbewerb \u00abDie Klappe\u00bb - Organisator","isPartOf":{"@id":"https:\/\/www.organisator.ch\/#website"},"primaryImageOfPage":{"@id":"https:\/\/www.organisator.ch\/marketing\/2024-11-08\/hornbach-gewinnt-acht-preise-beim-kreativwettbewerb-die-klappe\/#primaryimage"},"image":{"@id":"https:\/\/www.organisator.ch\/marketing\/2024-11-08\/hornbach-gewinnt-acht-preise-beim-kreativwettbewerb-die-klappe\/#primaryimage"},"thumbnailUrl":"https:\/\/www.markt-kom.com\/wp-content\/uploads\/2024\/11\/KLappe.jpg","datePublished":"2024-11-08T11:18:56+00:00","dateModified":"2024-11-09T06:39:37+00:00","description":"Die Klappe 2024 pr\u00e4miert die besten Bewegtbildformate im deutschsprachigen Raum. Heimat TBWA gewinnt viermal Gold.","breadcrumb":{"@id":"https:\/\/www.organisator.ch\/marketing\/2024-11-08\/hornbach-gewinnt-acht-preise-beim-kreativwettbewerb-die-klappe\/#breadcrumb"},"inLanguage":"de","potentialAction":[{"@type":"ReadAction","target":["https:\/\/www.organisator.ch\/marketing\/2024-11-08\/hornbach-gewinnt-acht-preise-beim-kreativwettbewerb-die-klappe\/"]}]},{"@type":"ImageObject","inLanguage":"de","@id":"https:\/\/www.organisator.ch\/marketing\/2024-11-08\/hornbach-gewinnt-acht-preise-beim-kreativwettbewerb-die-klappe\/#primaryimage","url":"https:\/\/www.markt-kom.com\/wp-content\/uploads\/2024\/11\/KLappe.jpg","contentUrl":"https:\/\/www.markt-kom.com\/wp-content\/uploads\/2024\/11\/KLappe.jpg"},{"@type":"BreadcrumbList","@id":"https:\/\/www.organisator.ch\/marketing\/2024-11-08\/hornbach-gewinnt-acht-preise-beim-kreativwettbewerb-die-klappe\/#breadcrumb","itemListElement":[{"@type":"ListItem","position":1,"name":"Home","item":"https:\/\/www.organisator.ch\/"},{"@type":"ListItem","position":2,"name":"Hornbach gewinnt acht Preise beim Kreativwettbewerb \u00abDie Klappe\u00bb"}]},{"@type":"WebSite","@id":"https:\/\/www.organisator.ch\/#website","url":"https:\/\/www.organisator.ch\/","name":"Organisator","description":"Kompetent. Praxisnah. Der ORGANISATOR bereitet in 10 Ausgaben pro Jahr die wesentlichen Themen f\u00fcr F\u00fchrungskr\u00e4fte von KMU auf.","publisher":{"@id":"https:\/\/www.organisator.ch\/#organization"},"potentialAction":[{"@type":"SearchAction","target":{"@type":"EntryPoint","urlTemplate":"https:\/\/www.organisator.ch\/?s={search_term_string}"},"query-input":{"@type":"PropertyValueSpecification","valueRequired":true,"valueName":"search_term_string"}}],"inLanguage":"de"},{"@type":"Organization","@id":"https:\/\/www.organisator.ch\/#organization","name":"Organisator","url":"https:\/\/www.organisator.ch\/","logo":{"@type":"ImageObject","inLanguage":"de","@id":"https:\/\/www.organisator.ch\/#\/schema\/logo\/image\/","url":"https:\/\/www.organisator.ch\/wp-content\/uploads\/2022\/01\/Logo_Organisator_Website.png","contentUrl":"https:\/\/www.organisator.ch\/wp-content\/uploads\/2022\/01\/Logo_Organisator_Website.png","width":800,"height":77,"caption":"Organisator"},"image":{"@id":"https:\/\/www.organisator.ch\/#\/schema\/logo\/image\/"},"sameAs":["https:\/\/www.facebook.com\/OrganisatorFachmagazin","https:\/\/www.linkedin.com\/showcase\/organisator-das-magazin-fr-kmu","https:\/\/www.xing.com\/news\/pages\/organisator-ch-695","https:\/\/www.youtube.com\/channel\/UCGP2Sq0iWaZwT3BdIAQFYpw"]},{"@type":"Person","@id":"https:\/\/www.organisator.ch\/#\/schema\/person\/4e51799071cd2dd1232ac003643ef5f0","name":"galledia","image":{"@type":"ImageObject","inLanguage":"de","@id":"https:\/\/secure.gravatar.com\/avatar\/78a7f90c01fc2bfc875782a0d4922b37cde2cf184ce347b91316d23cd7f69a36?s=96&d=mm&r=g","url":"https:\/\/secure.gravatar.com\/avatar\/78a7f90c01fc2bfc875782a0d4922b37cde2cf184ce347b91316d23cd7f69a36?s=96&d=mm&r=g","contentUrl":"https:\/\/secure.gravatar.com\/avatar\/78a7f90c01fc2bfc875782a0d4922b37cde2cf184ce347b91316d23cd7f69a36?s=96&d=mm&r=g","caption":"galledia"},"sameAs":["https:\/\/x.com\/admin"],"url":"https:\/\/www.organisator.ch\/de\/author\/galledia\/"}]}},"_links":{"self":[{"href":"https:\/\/www.organisator.ch\/de\/wp-json\/wp\/v2\/posts\/32052","targetHints":{"allow":["GET"]}}],"collection":[{"href":"https:\/\/www.organisator.ch\/de\/wp-json\/wp\/v2\/posts"}],"about":[{"href":"https:\/\/www.organisator.ch\/de\/wp-json\/wp\/v2\/types\/post"}],"author":[{"embeddable":true,"href":"https:\/\/www.organisator.ch\/de\/wp-json\/wp\/v2\/users\/8"}],"replies":[{"embeddable":true,"href":"https:\/\/www.organisator.ch\/de\/wp-json\/wp\/v2\/comments?post=32052"}],"version-history":[{"count":6,"href":"https:\/\/www.organisator.ch\/de\/wp-json\/wp\/v2\/posts\/32052\/revisions"}],"predecessor-version":[{"id":32062,"href":"https:\/\/www.organisator.ch\/de\/wp-json\/wp\/v2\/posts\/32052\/revisions\/32062"}],"wp:attachment":[{"href":"https:\/\/www.organisator.ch\/de\/wp-json\/wp\/v2\/media?parent=32052"}],"wp:term":[{"taxonomy":"category","embeddable":true,"href":"https:\/\/www.organisator.ch\/de\/wp-json\/wp\/v2\/categories?post=32052"},{"taxonomy":"post_tag","embeddable":true,"href":"https:\/\/www.organisator.ch\/de\/wp-json\/wp\/v2\/tags?post=32052"}],"curies":[{"name":"wp","href":"https:\/\/api.w.org\/{rel}","templated":true}]}}