{"id":3213,"date":"2018-02-28T08:13:12","date_gmt":"2018-02-28T07:13:12","guid":{"rendered":"https:\/\/www.organisator.ch\/?p=3213"},"modified":"2018-02-28T08:13:12","modified_gmt":"2018-02-28T07:13:12","slug":"veranstaltungshinweis-blockchain-leadership-summit-am-9-maerz","status":"publish","type":"post","link":"https:\/\/www.organisator.ch\/de\/management\/finanzen_recht\/2018-02-28\/veranstaltungshinweis-blockchain-leadership-summit-am-9-maerz\/","title":{"rendered":"Veranstaltungshinweis: Blockchain Leadership Summit am 9. M\u00e4rz"},"content":{"rendered":"<p><img loading=\"lazy\" decoding=\"async\" class=\"alignnone size-full wp-image-3215\" src=\"https:\/\/www.organisator.ch\/wp-content\/uploads\/2018\/02\/Veranstaltungshinweis-Blockchain-Leadership-Summit_Organisator.jpg\" alt=\"\" width=\"640\" height=\"360\" srcset=\"https:\/\/www.organisator.ch\/wp-content\/uploads\/2018\/02\/Veranstaltungshinweis-Blockchain-Leadership-Summit_Organisator.jpg 640w, https:\/\/www.organisator.ch\/wp-content\/uploads\/2018\/02\/Veranstaltungshinweis-Blockchain-Leadership-Summit_Organisator-16x9.jpg 16w, https:\/\/www.organisator.ch\/wp-content\/uploads\/2018\/02\/Veranstaltungshinweis-Blockchain-Leadership-Summit_Organisator-311x175.jpg 311w, https:\/\/www.organisator.ch\/wp-content\/uploads\/2018\/02\/Veranstaltungshinweis-Blockchain-Leadership-Summit_Organisator-622x350.jpg 622w, https:\/\/www.organisator.ch\/wp-content\/uploads\/2018\/02\/Veranstaltungshinweis-Blockchain-Leadership-Summit_Organisator-300x169.jpg 300w\" sizes=\"auto, (max-width: 640px) 100vw, 640px\" \/><\/p>\n<p>Der Blockchain Leadership Summit, der am 9. M\u00e4rz 2018 in Z\u00fcrich (Dolder Grand) stattfindet,\u00a0wendet sich an\u00a0Wirtschaftsf\u00fchrer, Regulierungsbeh\u00f6rden, Entscheidungstr\u00e4ger und Investoren. Der Gipfel wird initiiert von InnMind, dem globalen Business-Netzwerk f\u00fcr innovative Community, zusammen mit der KICKICO-Fundraising-Plattform und in Zusammenarbeit mit dem Crypto-Valley Ecosystem.<\/p>\n<h2>Referenten aus aller Welt<\/h2>\n<p>Erwartet werden \u00fcber 700 Besucher und mehr als 30 namhafte Vortragende, unter anderem: Prinz Michael von Liechtenstein, Sony Kapoor, William Mougayar, Johan Gevers, Efi Pylarinou, Kevin van der Veer, Louis de Bruin und weitere Experten. Spitzenvertreter der Fachmedien f\u00fcr die Bereiche Finanz- und Finanztechnologie werden die Vortr\u00e4ge moderieren und die Diskussionen leiten. Mit dabei sind: Tech Crunch, Forbes, und Bitcoin.com.<\/p>\n<p>Das Gipfeltreffen wird eine professionelle Plattform bieten f\u00fcr\u00a0all jene, die das Potential von tokenisiertes Verm\u00f6gen ausloten wollen, bzw. f\u00fcr Unternehmen die, die Einf\u00fchrung von Blockchain erw\u00e4gen oder f\u00fcr diejenigen, die bereits erfolgreich \u00fcber ICO-Kampagnen Gelder erwirtschaftet haben. Aber auch alle,\u00a0die einfach interessiert sind\u00a0an globalen Finanzentwicklungen und die mehr erfahren wollen \u00fcber die vor uns liegenden Herausforderungen und M\u00f6glichkeiten.<\/p>\n<h2>Das Mutterland von Blockchain<\/h2>\n<p>Z\u00fcrich ist die naheliegende Location f\u00fcr den Gipfel: \u201eEntwickler, Investoren und Unternehmer reisen nicht mehr aus der Schweiz in das Silicon Valley wenn es um Blockchain geht\u201c, sagt Regierungsrat Matthias Michel, Leiter der Volkswirtschaftsdirektion im Kanton Zug, dem Mutterland von Blockchain und Cryptoactivities in der Schweiz. \u201eIm Gegenteil, die Menschen kommen inzwischen aus Kalifornien zu uns ins Crypto-Valley um zu sehen, was weiterkommt.\u201c<\/p>\n<p>Die Konferenz und die Workshop-Diskussionen umfassen folgen Themen:<\/p>\n<ul>\n<li>die finanziellen und sozialen Auswirkungen von Blockchain<\/li>\n<li>die Integration von Blockchain Business<\/li>\n<li>die Effizienzsteigerung durch Tokenisierung und die Integration von Blockchain<\/li>\n<li>Blockchain-basierte Projekt-Investments<\/li>\n<li>Trends und Aussichten, Risiko-Assessment Methoden und Portfolio-Management<\/li>\n<li>ICO Markt Analysen<\/li>\n<li>Scoringverfahren<\/li>\n<li>und nicht zuletzt werden traditionelle Fundraising Methoden den Crowd-Sales gegen\u00fcbergestellt<\/li>\n<\/ul>\n<p>Der Blockchain Leadership Summit umfasst Podiums-Diskussionen, Workshops, Face-to-face-Meetings mit Experten und Market-Playern. Den Gipfel-Teilnehmern wird ein exklusives Networking mit traditionellen und Crypto-Investoren erm\u00f6glicht, mit Investments-Funds, Entscheidungstr\u00e4gern, Cryptobanken, tokenisierten Betrieben und Blockchain-Entwicklern. Als zus\u00e4tzlicher H\u00f6hepunkt ist ein Gala-Dinner vorgesehen, ausgerichtet von Cryptospace, und eine Kunstauktion, deren Erl\u00f6s der Kinderhilfe zugutekommt.<\/p>\n<p><em>Das komplette Programm und Informationen \u00fcber den Ticketverkauf erhalten Sie unter <a href=\"http:\/\/swissblockchainsummit.com\/\">swissblockchainsummit.com<\/a>.<\/em><\/p>\n<p>&nbsp;<\/p>\n","protected":false},"excerpt":{"rendered":"<p>Der Blockchain Leadership Summit, der am 9. M\u00e4rz 2018 in Z\u00fcrich (Dolder Grand) stattfindet,\u00a0wendet sich an\u00a0Wirtschaftsf\u00fchrer, Regulierungsbeh\u00f6rden, Entscheidungstr\u00e4ger und Investoren. Der Gipfel wird initiiert von InnMind, dem globalen Business-Netzwerk f\u00fcr innovative Community, zusammen mit der KICKICO-Fundraising-Plattform und in Zusammenarbeit mit dem Crypto-Valley Ecosystem. Referenten aus aller Welt Erwartet werden \u00fcber 700 Besucher und mehr als [&hellip;]<\/p>\n","protected":false},"author":4,"featured_media":3215,"comment_status":"open","ping_status":"open","sticky":false,"template":"","format":"standard","meta":{"_acf_changed":false,"_yoast_wpseo_focuskw":"Blockchain Leadership Summit","_yoast_wpseo_metadesc":"Am 9. M\u00e4rz 2018 findet in Z\u00fcrich ein gr\u00f6\u00dferes Gipfeltreffen von F\u00fchrungskr\u00e4ften statt. Dieses umfangreiche Event bringt globale Marktf\u00fchrer, Entscheidungstr\u00e4ger und die Spitzenvertreter sowohl der traditionellen Wirtschaft als auch aus den Bereichen Blockchain und Cryptospace zusammen.","articlekey":"","footnotes":""},"categories":[24],"tags":[85,202,316,502,531],"class_list":["post-3213","post","type-post","status-publish","format-standard","has-post-thumbnail","hentry","category-finanzen_recht","tag-blockchain","tag-finanzenrecht","tag-kryptowaehrung","tag-veranstaltungen","tag-wirtschaftspolitik"],"acf":[],"yoast_head":"<!-- This site is optimized with the Yoast SEO plugin v27.4 - https:\/\/yoast.com\/product\/yoast-seo-wordpress\/ -->\n<title>Veranstaltungshinweis: Blockchain Leadership Summit am 9. M\u00e4rz - Organisator<\/title>\n<meta name=\"description\" content=\"Am 9. M\u00e4rz 2018 findet in Z\u00fcrich ein gr\u00f6\u00dferes Gipfeltreffen von F\u00fchrungskr\u00e4ften statt. Dieses umfangreiche Event bringt globale Marktf\u00fchrer, Entscheidungstr\u00e4ger und die Spitzenvertreter sowohl der traditionellen Wirtschaft als auch aus den Bereichen Blockchain und Cryptospace zusammen.\" \/>\n<meta name=\"robots\" content=\"index, follow, max-snippet:-1, max-image-preview:large, max-video-preview:-1\" \/>\n<link rel=\"canonical\" href=\"https:\/\/www.organisator.ch\/de\/management\/finanzen_recht\/2018-02-28\/veranstaltungshinweis-blockchain-leadership-summit-am-9-maerz\/\" \/>\n<meta property=\"og:locale\" content=\"de_DE\" \/>\n<meta property=\"og:type\" content=\"article\" \/>\n<meta property=\"og:title\" content=\"Veranstaltungshinweis: Blockchain Leadership Summit am 9. M\u00e4rz\" \/>\n<meta property=\"og:description\" content=\"Der #Blockchain Leadership Summit bringt globale Marktf\u00fchrer, Entscheidungstr\u00e4ger und die Spitzenvertreter sowohl der traditionellen Wirtschaft als auch aus den Bereichen Blockchain und #Cryptospace zusammen.\" \/>\n<meta property=\"og:url\" content=\"https:\/\/www.organisator.ch\/de\/management\/finanzen_recht\/2018-02-28\/veranstaltungshinweis-blockchain-leadership-summit-am-9-maerz\/\" \/>\n<meta property=\"og:site_name\" content=\"Organisator\" \/>\n<meta property=\"article:publisher\" content=\"https:\/\/www.facebook.com\/OrganisatorFachmagazin\" \/>\n<meta property=\"article:published_time\" content=\"2018-02-28T07:13:12+00:00\" \/>\n<meta property=\"og:image\" content=\"https:\/\/www.organisator.ch\/wp-content\/uploads\/2018\/02\/Veranstaltungshinweis-Blockchain-Leadership-Summit_Organisator.jpg\" \/>\n\t<meta property=\"og:image:width\" content=\"640\" \/>\n\t<meta property=\"og:image:height\" content=\"360\" \/>\n\t<meta property=\"og:image:type\" content=\"image\/jpeg\" \/>\n<meta name=\"author\" content=\"thomas.berner\" \/>\n<meta name=\"twitter:card\" content=\"summary_large_image\" \/>\n<meta name=\"twitter:title\" content=\"Veranstaltungshinweis: #BlockchainLeadershipSummit am 9. M\u00e4rz\" \/>\n<meta name=\"twitter:description\" content=\"Der #Blockchain Leadership Summit bringt globale Marktf\u00fchrer, Entscheidungstr\u00e4ger und die Spitzenvertreter sowohl der traditionellen Wirtschaft als auch aus den Bereichen Blockchain und #Cryptospace zusammen.\" \/>\n<meta name=\"twitter:image\" content=\"https:\/\/www.organisator.ch\/wp-content\/uploads\/2018\/02\/Veranstaltungshinweis-Blockchain-Leadership-Summit_Organisator.jpg\" \/>\n<script type=\"application\/ld+json\" class=\"yoast-schema-graph\">{\"@context\":\"https:\\\/\\\/schema.org\",\"@graph\":[{\"@type\":\"Article\",\"@id\":\"https:\\\/\\\/www.organisator.ch\\\/management\\\/finanzen_recht\\\/2018-02-28\\\/veranstaltungshinweis-blockchain-leadership-summit-am-9-maerz\\\/#article\",\"isPartOf\":{\"@id\":\"https:\\\/\\\/www.organisator.ch\\\/management\\\/finanzen_recht\\\/2018-02-28\\\/veranstaltungshinweis-blockchain-leadership-summit-am-9-maerz\\\/\"},\"author\":{\"name\":\"thomas.berner\",\"@id\":\"https:\\\/\\\/www.organisator.ch\\\/#\\\/schema\\\/person\\\/6f650f90b2842cd4c0cc334b4e36f67e\"},\"headline\":\"Veranstaltungshinweis: Blockchain Leadership Summit am 9. M\u00e4rz\",\"datePublished\":\"2018-02-28T07:13:12+00:00\",\"mainEntityOfPage\":{\"@id\":\"https:\\\/\\\/www.organisator.ch\\\/management\\\/finanzen_recht\\\/2018-02-28\\\/veranstaltungshinweis-blockchain-leadership-summit-am-9-maerz\\\/\"},\"wordCount\":379,\"commentCount\":0,\"publisher\":{\"@id\":\"https:\\\/\\\/www.organisator.ch\\\/#organization\"},\"image\":{\"@id\":\"https:\\\/\\\/www.organisator.ch\\\/management\\\/finanzen_recht\\\/2018-02-28\\\/veranstaltungshinweis-blockchain-leadership-summit-am-9-maerz\\\/#primaryimage\"},\"thumbnailUrl\":\"https:\\\/\\\/www.organisator.ch\\\/wp-content\\\/uploads\\\/2018\\\/02\\\/Veranstaltungshinweis-Blockchain-Leadership-Summit_Organisator.jpg\",\"keywords\":[\"Blockchain\",\"Finanzen\\\/Recht\",\"Kryptow\u00e4hrung\",\"Veranstaltungen\",\"Wirtschaftspolitik\"],\"articleSection\":[\"FINANZEN\\\/RECHT\"],\"inLanguage\":\"de\"},{\"@type\":\"WebPage\",\"@id\":\"https:\\\/\\\/www.organisator.ch\\\/management\\\/finanzen_recht\\\/2018-02-28\\\/veranstaltungshinweis-blockchain-leadership-summit-am-9-maerz\\\/\",\"url\":\"https:\\\/\\\/www.organisator.ch\\\/management\\\/finanzen_recht\\\/2018-02-28\\\/veranstaltungshinweis-blockchain-leadership-summit-am-9-maerz\\\/\",\"name\":\"Veranstaltungshinweis: Blockchain Leadership Summit am 9. M\u00e4rz - Organisator\",\"isPartOf\":{\"@id\":\"https:\\\/\\\/www.organisator.ch\\\/#website\"},\"primaryImageOfPage\":{\"@id\":\"https:\\\/\\\/www.organisator.ch\\\/management\\\/finanzen_recht\\\/2018-02-28\\\/veranstaltungshinweis-blockchain-leadership-summit-am-9-maerz\\\/#primaryimage\"},\"image\":{\"@id\":\"https:\\\/\\\/www.organisator.ch\\\/management\\\/finanzen_recht\\\/2018-02-28\\\/veranstaltungshinweis-blockchain-leadership-summit-am-9-maerz\\\/#primaryimage\"},\"thumbnailUrl\":\"https:\\\/\\\/www.organisator.ch\\\/wp-content\\\/uploads\\\/2018\\\/02\\\/Veranstaltungshinweis-Blockchain-Leadership-Summit_Organisator.jpg\",\"datePublished\":\"2018-02-28T07:13:12+00:00\",\"description\":\"Am 9. M\u00e4rz 2018 findet in Z\u00fcrich ein gr\u00f6\u00dferes Gipfeltreffen von F\u00fchrungskr\u00e4ften statt. Dieses umfangreiche Event bringt globale Marktf\u00fchrer, Entscheidungstr\u00e4ger und die Spitzenvertreter sowohl der traditionellen Wirtschaft als auch aus den Bereichen Blockchain und Cryptospace zusammen.\",\"breadcrumb\":{\"@id\":\"https:\\\/\\\/www.organisator.ch\\\/management\\\/finanzen_recht\\\/2018-02-28\\\/veranstaltungshinweis-blockchain-leadership-summit-am-9-maerz\\\/#breadcrumb\"},\"inLanguage\":\"de\",\"potentialAction\":[{\"@type\":\"ReadAction\",\"target\":[\"https:\\\/\\\/www.organisator.ch\\\/management\\\/finanzen_recht\\\/2018-02-28\\\/veranstaltungshinweis-blockchain-leadership-summit-am-9-maerz\\\/\"]}]},{\"@type\":\"ImageObject\",\"inLanguage\":\"de\",\"@id\":\"https:\\\/\\\/www.organisator.ch\\\/management\\\/finanzen_recht\\\/2018-02-28\\\/veranstaltungshinweis-blockchain-leadership-summit-am-9-maerz\\\/#primaryimage\",\"url\":\"https:\\\/\\\/www.organisator.ch\\\/wp-content\\\/uploads\\\/2018\\\/02\\\/Veranstaltungshinweis-Blockchain-Leadership-Summit_Organisator.jpg\",\"contentUrl\":\"https:\\\/\\\/www.organisator.ch\\\/wp-content\\\/uploads\\\/2018\\\/02\\\/Veranstaltungshinweis-Blockchain-Leadership-Summit_Organisator.jpg\",\"width\":640,\"height\":360},{\"@type\":\"BreadcrumbList\",\"@id\":\"https:\\\/\\\/www.organisator.ch\\\/management\\\/finanzen_recht\\\/2018-02-28\\\/veranstaltungshinweis-blockchain-leadership-summit-am-9-maerz\\\/#breadcrumb\",\"itemListElement\":[{\"@type\":\"ListItem\",\"position\":1,\"name\":\"Home\",\"item\":\"https:\\\/\\\/www.organisator.ch\\\/\"},{\"@type\":\"ListItem\",\"position\":2,\"name\":\"Veranstaltungshinweis: Blockchain Leadership Summit am 9. M\u00e4rz\"}]},{\"@type\":\"WebSite\",\"@id\":\"https:\\\/\\\/www.organisator.ch\\\/#website\",\"url\":\"https:\\\/\\\/www.organisator.ch\\\/\",\"name\":\"Organisator\",\"description\":\"Kompetent. Praxisnah. Der ORGANISATOR bereitet in 10 Ausgaben pro Jahr die wesentlichen Themen f\u00fcr F\u00fchrungskr\u00e4fte von KMU auf.\",\"publisher\":{\"@id\":\"https:\\\/\\\/www.organisator.ch\\\/#organization\"},\"potentialAction\":[{\"@type\":\"SearchAction\",\"target\":{\"@type\":\"EntryPoint\",\"urlTemplate\":\"https:\\\/\\\/www.organisator.ch\\\/?s={search_term_string}\"},\"query-input\":{\"@type\":\"PropertyValueSpecification\",\"valueRequired\":true,\"valueName\":\"search_term_string\"}}],\"inLanguage\":\"de\"},{\"@type\":\"Organization\",\"@id\":\"https:\\\/\\\/www.organisator.ch\\\/#organization\",\"name\":\"Organisator\",\"url\":\"https:\\\/\\\/www.organisator.ch\\\/\",\"logo\":{\"@type\":\"ImageObject\",\"inLanguage\":\"de\",\"@id\":\"https:\\\/\\\/www.organisator.ch\\\/#\\\/schema\\\/logo\\\/image\\\/\",\"url\":\"https:\\\/\\\/www.organisator.ch\\\/wp-content\\\/uploads\\\/2022\\\/01\\\/Logo_Organisator_Website.png\",\"contentUrl\":\"https:\\\/\\\/www.organisator.ch\\\/wp-content\\\/uploads\\\/2022\\\/01\\\/Logo_Organisator_Website.png\",\"width\":800,\"height\":77,\"caption\":\"Organisator\"},\"image\":{\"@id\":\"https:\\\/\\\/www.organisator.ch\\\/#\\\/schema\\\/logo\\\/image\\\/\"},\"sameAs\":[\"https:\\\/\\\/www.facebook.com\\\/OrganisatorFachmagazin\",\"https:\\\/\\\/www.linkedin.com\\\/showcase\\\/organisator-das-magazin-fr-kmu\",\"https:\\\/\\\/www.xing.com\\\/news\\\/pages\\\/organisator-ch-695\",\"https:\\\/\\\/www.youtube.com\\\/channel\\\/UCGP2Sq0iWaZwT3BdIAQFYpw\"]},{\"@type\":\"Person\",\"@id\":\"https:\\\/\\\/www.organisator.ch\\\/#\\\/schema\\\/person\\\/6f650f90b2842cd4c0cc334b4e36f67e\",\"name\":\"thomas.berner\",\"image\":{\"@type\":\"ImageObject\",\"inLanguage\":\"de\",\"@id\":\"https:\\\/\\\/secure.gravatar.com\\\/avatar\\\/ac5001d2a36cb6c6cd3e50789007ffca834b477b74a2144564522e944eabff61?s=96&d=mm&r=g\",\"url\":\"https:\\\/\\\/secure.gravatar.com\\\/avatar\\\/ac5001d2a36cb6c6cd3e50789007ffca834b477b74a2144564522e944eabff61?s=96&d=mm&r=g\",\"contentUrl\":\"https:\\\/\\\/secure.gravatar.com\\\/avatar\\\/ac5001d2a36cb6c6cd3e50789007ffca834b477b74a2144564522e944eabff61?s=96&d=mm&r=g\",\"caption\":\"thomas.berner\"},\"url\":\"https:\\\/\\\/www.organisator.ch\\\/de\\\/author\\\/thomas-berner\\\/\"}]}<\/script>\n<!-- \/ Yoast SEO plugin. -->","yoast_head_json":{"title":"Veranstaltungshinweis: Blockchain Leadership Summit am 9. M\u00e4rz - Organisator","description":"Am 9. M\u00e4rz 2018 findet in Z\u00fcrich ein gr\u00f6\u00dferes Gipfeltreffen von F\u00fchrungskr\u00e4ften statt. Dieses umfangreiche Event bringt globale Marktf\u00fchrer, Entscheidungstr\u00e4ger und die Spitzenvertreter sowohl der traditionellen Wirtschaft als auch aus den Bereichen Blockchain und Cryptospace zusammen.","robots":{"index":"index","follow":"follow","max-snippet":"max-snippet:-1","max-image-preview":"max-image-preview:large","max-video-preview":"max-video-preview:-1"},"canonical":"https:\/\/www.organisator.ch\/de\/management\/finanzen_recht\/2018-02-28\/veranstaltungshinweis-blockchain-leadership-summit-am-9-maerz\/","og_locale":"de_DE","og_type":"article","og_title":"Veranstaltungshinweis: Blockchain Leadership Summit am 9. M\u00e4rz","og_description":"Der #Blockchain Leadership Summit bringt globale Marktf\u00fchrer, Entscheidungstr\u00e4ger und die Spitzenvertreter sowohl der traditionellen Wirtschaft als auch aus den Bereichen Blockchain und #Cryptospace zusammen.","og_url":"https:\/\/www.organisator.ch\/de\/management\/finanzen_recht\/2018-02-28\/veranstaltungshinweis-blockchain-leadership-summit-am-9-maerz\/","og_site_name":"Organisator","article_publisher":"https:\/\/www.facebook.com\/OrganisatorFachmagazin","article_published_time":"2018-02-28T07:13:12+00:00","og_image":[{"width":640,"height":360,"url":"https:\/\/www.organisator.ch\/wp-content\/uploads\/2018\/02\/Veranstaltungshinweis-Blockchain-Leadership-Summit_Organisator.jpg","type":"image\/jpeg"}],"author":"thomas.berner","twitter_card":"summary_large_image","twitter_title":"Veranstaltungshinweis: #BlockchainLeadershipSummit am 9. M\u00e4rz","twitter_description":"Der #Blockchain Leadership Summit bringt globale Marktf\u00fchrer, Entscheidungstr\u00e4ger und die Spitzenvertreter sowohl der traditionellen Wirtschaft als auch aus den Bereichen Blockchain und #Cryptospace zusammen.","twitter_image":"https:\/\/www.organisator.ch\/wp-content\/uploads\/2018\/02\/Veranstaltungshinweis-Blockchain-Leadership-Summit_Organisator.jpg","schema":{"@context":"https:\/\/schema.org","@graph":[{"@type":"Article","@id":"https:\/\/www.organisator.ch\/management\/finanzen_recht\/2018-02-28\/veranstaltungshinweis-blockchain-leadership-summit-am-9-maerz\/#article","isPartOf":{"@id":"https:\/\/www.organisator.ch\/management\/finanzen_recht\/2018-02-28\/veranstaltungshinweis-blockchain-leadership-summit-am-9-maerz\/"},"author":{"name":"thomas.berner","@id":"https:\/\/www.organisator.ch\/#\/schema\/person\/6f650f90b2842cd4c0cc334b4e36f67e"},"headline":"Veranstaltungshinweis: Blockchain Leadership Summit am 9. M\u00e4rz","datePublished":"2018-02-28T07:13:12+00:00","mainEntityOfPage":{"@id":"https:\/\/www.organisator.ch\/management\/finanzen_recht\/2018-02-28\/veranstaltungshinweis-blockchain-leadership-summit-am-9-maerz\/"},"wordCount":379,"commentCount":0,"publisher":{"@id":"https:\/\/www.organisator.ch\/#organization"},"image":{"@id":"https:\/\/www.organisator.ch\/management\/finanzen_recht\/2018-02-28\/veranstaltungshinweis-blockchain-leadership-summit-am-9-maerz\/#primaryimage"},"thumbnailUrl":"https:\/\/www.organisator.ch\/wp-content\/uploads\/2018\/02\/Veranstaltungshinweis-Blockchain-Leadership-Summit_Organisator.jpg","keywords":["Blockchain","Finanzen\/Recht","Kryptow\u00e4hrung","Veranstaltungen","Wirtschaftspolitik"],"articleSection":["FINANZEN\/RECHT"],"inLanguage":"de"},{"@type":"WebPage","@id":"https:\/\/www.organisator.ch\/management\/finanzen_recht\/2018-02-28\/veranstaltungshinweis-blockchain-leadership-summit-am-9-maerz\/","url":"https:\/\/www.organisator.ch\/management\/finanzen_recht\/2018-02-28\/veranstaltungshinweis-blockchain-leadership-summit-am-9-maerz\/","name":"Veranstaltungshinweis: Blockchain Leadership Summit am 9. M\u00e4rz - Organisator","isPartOf":{"@id":"https:\/\/www.organisator.ch\/#website"},"primaryImageOfPage":{"@id":"https:\/\/www.organisator.ch\/management\/finanzen_recht\/2018-02-28\/veranstaltungshinweis-blockchain-leadership-summit-am-9-maerz\/#primaryimage"},"image":{"@id":"https:\/\/www.organisator.ch\/management\/finanzen_recht\/2018-02-28\/veranstaltungshinweis-blockchain-leadership-summit-am-9-maerz\/#primaryimage"},"thumbnailUrl":"https:\/\/www.organisator.ch\/wp-content\/uploads\/2018\/02\/Veranstaltungshinweis-Blockchain-Leadership-Summit_Organisator.jpg","datePublished":"2018-02-28T07:13:12+00:00","description":"Am 9. M\u00e4rz 2018 findet in Z\u00fcrich ein gr\u00f6\u00dferes Gipfeltreffen von F\u00fchrungskr\u00e4ften statt. Dieses umfangreiche Event bringt globale Marktf\u00fchrer, Entscheidungstr\u00e4ger und die Spitzenvertreter sowohl der traditionellen Wirtschaft als auch aus den Bereichen Blockchain und Cryptospace zusammen.","breadcrumb":{"@id":"https:\/\/www.organisator.ch\/management\/finanzen_recht\/2018-02-28\/veranstaltungshinweis-blockchain-leadership-summit-am-9-maerz\/#breadcrumb"},"inLanguage":"de","potentialAction":[{"@type":"ReadAction","target":["https:\/\/www.organisator.ch\/management\/finanzen_recht\/2018-02-28\/veranstaltungshinweis-blockchain-leadership-summit-am-9-maerz\/"]}]},{"@type":"ImageObject","inLanguage":"de","@id":"https:\/\/www.organisator.ch\/management\/finanzen_recht\/2018-02-28\/veranstaltungshinweis-blockchain-leadership-summit-am-9-maerz\/#primaryimage","url":"https:\/\/www.organisator.ch\/wp-content\/uploads\/2018\/02\/Veranstaltungshinweis-Blockchain-Leadership-Summit_Organisator.jpg","contentUrl":"https:\/\/www.organisator.ch\/wp-content\/uploads\/2018\/02\/Veranstaltungshinweis-Blockchain-Leadership-Summit_Organisator.jpg","width":640,"height":360},{"@type":"BreadcrumbList","@id":"https:\/\/www.organisator.ch\/management\/finanzen_recht\/2018-02-28\/veranstaltungshinweis-blockchain-leadership-summit-am-9-maerz\/#breadcrumb","itemListElement":[{"@type":"ListItem","position":1,"name":"Home","item":"https:\/\/www.organisator.ch\/"},{"@type":"ListItem","position":2,"name":"Veranstaltungshinweis: Blockchain Leadership Summit am 9. M\u00e4rz"}]},{"@type":"WebSite","@id":"https:\/\/www.organisator.ch\/#website","url":"https:\/\/www.organisator.ch\/","name":"Organisator","description":"Kompetent. Praxisnah. Der ORGANISATOR bereitet in 10 Ausgaben pro Jahr die wesentlichen Themen f\u00fcr F\u00fchrungskr\u00e4fte von KMU auf.","publisher":{"@id":"https:\/\/www.organisator.ch\/#organization"},"potentialAction":[{"@type":"SearchAction","target":{"@type":"EntryPoint","urlTemplate":"https:\/\/www.organisator.ch\/?s={search_term_string}"},"query-input":{"@type":"PropertyValueSpecification","valueRequired":true,"valueName":"search_term_string"}}],"inLanguage":"de"},{"@type":"Organization","@id":"https:\/\/www.organisator.ch\/#organization","name":"Organisator","url":"https:\/\/www.organisator.ch\/","logo":{"@type":"ImageObject","inLanguage":"de","@id":"https:\/\/www.organisator.ch\/#\/schema\/logo\/image\/","url":"https:\/\/www.organisator.ch\/wp-content\/uploads\/2022\/01\/Logo_Organisator_Website.png","contentUrl":"https:\/\/www.organisator.ch\/wp-content\/uploads\/2022\/01\/Logo_Organisator_Website.png","width":800,"height":77,"caption":"Organisator"},"image":{"@id":"https:\/\/www.organisator.ch\/#\/schema\/logo\/image\/"},"sameAs":["https:\/\/www.facebook.com\/OrganisatorFachmagazin","https:\/\/www.linkedin.com\/showcase\/organisator-das-magazin-fr-kmu","https:\/\/www.xing.com\/news\/pages\/organisator-ch-695","https:\/\/www.youtube.com\/channel\/UCGP2Sq0iWaZwT3BdIAQFYpw"]},{"@type":"Person","@id":"https:\/\/www.organisator.ch\/#\/schema\/person\/6f650f90b2842cd4c0cc334b4e36f67e","name":"thomas.berner","image":{"@type":"ImageObject","inLanguage":"de","@id":"https:\/\/secure.gravatar.com\/avatar\/ac5001d2a36cb6c6cd3e50789007ffca834b477b74a2144564522e944eabff61?s=96&d=mm&r=g","url":"https:\/\/secure.gravatar.com\/avatar\/ac5001d2a36cb6c6cd3e50789007ffca834b477b74a2144564522e944eabff61?s=96&d=mm&r=g","contentUrl":"https:\/\/secure.gravatar.com\/avatar\/ac5001d2a36cb6c6cd3e50789007ffca834b477b74a2144564522e944eabff61?s=96&d=mm&r=g","caption":"thomas.berner"},"url":"https:\/\/www.organisator.ch\/de\/author\/thomas-berner\/"}]}},"_links":{"self":[{"href":"https:\/\/www.organisator.ch\/de\/wp-json\/wp\/v2\/posts\/3213","targetHints":{"allow":["GET"]}}],"collection":[{"href":"https:\/\/www.organisator.ch\/de\/wp-json\/wp\/v2\/posts"}],"about":[{"href":"https:\/\/www.organisator.ch\/de\/wp-json\/wp\/v2\/types\/post"}],"author":[{"embeddable":true,"href":"https:\/\/www.organisator.ch\/de\/wp-json\/wp\/v2\/users\/4"}],"replies":[{"embeddable":true,"href":"https:\/\/www.organisator.ch\/de\/wp-json\/wp\/v2\/comments?post=3213"}],"version-history":[{"count":0,"href":"https:\/\/www.organisator.ch\/de\/wp-json\/wp\/v2\/posts\/3213\/revisions"}],"wp:featuredmedia":[{"embeddable":true,"href":"https:\/\/www.organisator.ch\/de\/wp-json\/wp\/v2\/media\/3215"}],"wp:attachment":[{"href":"https:\/\/www.organisator.ch\/de\/wp-json\/wp\/v2\/media?parent=3213"}],"wp:term":[{"taxonomy":"category","embeddable":true,"href":"https:\/\/www.organisator.ch\/de\/wp-json\/wp\/v2\/categories?post=3213"},{"taxonomy":"post_tag","embeddable":true,"href":"https:\/\/www.organisator.ch\/de\/wp-json\/wp\/v2\/tags?post=3213"}],"curies":[{"name":"wp","href":"https:\/\/api.w.org\/{rel}","templated":true}]}}