{"id":32180,"date":"2024-11-10T11:49:24","date_gmt":"2024-11-10T10:49:24","guid":{"rendered":"https:\/\/www.markt-kom.com\/?p=226327"},"modified":"2024-11-10T12:36:45","modified_gmt":"2024-11-10T11:36:45","slug":"farvel-zuercher-unternehmen-will-bestattungsmarkt-revolutionieren","status":"publish","type":"post","link":"https:\/\/www.organisator.ch\/de\/marketing\/2024-11-10\/farvel-zuercher-unternehmen-will-bestattungsmarkt-revolutionieren\/","title":{"rendered":"Farvel: Z\u00fcrcher Unternehmen will Bestattungsmarkt revolutionieren"},"content":{"rendered":"<p><img class=\"alignnone wp-image-226329 size-full\" src=\"https:\/\/www.markt-kom.com\/wp-content\/uploads\/2024\/11\/Bildschirmfoto-2024-11-10-um-11.43.01.png\" alt=\"Farvel nachhaltige Urnen \" width=\"2230\" height=\"1250\" \/><\/p>\r\n<p class=\"x_MsoNormal\">Das Unternehmen Farvel bietet seit November stilvolle, nachhaltige Urnen an, die modernes Design mit umweltbe-wussten Materialien verbinden. Die Urnen werden mit 3D-Drucktechnologie aus biologisch abbaubaren Holzfasern in Z\u00fcrich gefertigt und sind sowohl f\u00fcr Beisetzungen oder auch als Erinnerungsst\u00fccke f\u00fcr Zuhause geeignet. In Zusammen-arbeit mit sozialen Institutionen bieten sie zudem Personalisierungsm\u00f6glichkeiten wie Gravuren und eine Auswahl an Deckel aus Holz und Marmor an. Ihr Ziel ist es, die Bestattungskultur zu modernisieren und zu individualisieren.<\/p>\r\n<h3 class=\"x_MsoNormal\"><b>Schweizer Bestattungsmarkt hat Nachholbedarf<\/b><\/h3>\r\n<p class=\"x_MsoNormal\">Die Gr\u00fcnder Katharina Hogg und Sebastian Kuhn-Prohic setzen sich f\u00fcr einen Wandel in der Bestattungskultur ein und m\u00f6chten Angebote schaffen, die einen pers\u00f6nlichen und bewussteren Abschied erm\u00f6glichen. Das erste Projekt \u2013 den traditionellen Bestattungsmarkt durch moderne, \u00e4sthetische und umweltfreundliche Urnen neu mitzugestalten \u2013 ist diese Woche angelaufen. Die Idee f\u00fcr Farvel entstand aus der Erfahrung, dass es kaum Urnen gab, die den Anspr\u00fcchen an eine zeitgem\u00e4sse \u00c4sthetik entsprachen. So entstand der Wunsch, moderne und stilvolle Alternativen zu schaffen, die sowohl Nachhaltigkeit als auch individuellen Geschmack widerspiegeln. Den Gr\u00fcndern von Farvel wurde schnell klar: \u00abDer Schweizer Bestattungsmarkt hat Nachholbedarf, vor allem im Hinblick auf Individualit\u00e4t und Nachhaltigkeit. Wir m\u00f6chten das Angebot ausbauen, so dass Hinterbliebene oder Vorsorgende keine Kompromisse machen m\u00fcssen. Die Urnen sind der Startschuss, Ideen haben wir viele.\u00bb<\/p>\r\n<h3 class=\"x_MsoNormal\"><b>Eine neue Generation<\/b><\/h3>\r\n<p class=\"x_MsoNormal\">In der Schweiz sterben im Jahr ungef\u00e4hr 70\u2019000 Personen \u2013 Tendenz steigend. Bis zu 90% werden kremiert. Die Generation der Millennials setzt sich intensiv mit Fragen der Nachhaltigkeit auseinander und reflektiert st\u00e4rker \u00fcber den eigenen Tod und das hinterlassene Erbe. \u00abUnsere Generation wird \u00e4lter, das Thema Tod, Verabschiedung und Erinnerung wird pr\u00e4senter. Unser Leben ist gepr\u00e4gt durch digitale R\u00e4ume, Social Media, globale \u00c4sthetik und das Brechen von Tabus. Aus unserer Sicht hat es im Bestattungsmarkt noch viel Raum hinsichtlich Angebot an Produkten und Dienstleistungen\u00bb, sagt Sebastian Kuhn-Prohic. \u00abUnd genau da setzen wir an: Wir m\u00f6chten das Thema proaktiv angehen und unvoreingenommen denken\u00bb, erg\u00e4nzt Hogg.<\/p>\r\n<figure id=\"attachment_226330\" class=\"wp-caption alignnone\" style=\"width: 1702px\" aria-describedby=\"caption-attachment-226330\"><img class=\"wp-image-226330 size-full\" src=\"https:\/\/www.markt-kom.com\/wp-content\/uploads\/2024\/11\/Bildschirmfoto-2024-11-10-um-11.43.22.png\" alt=\"\" width=\"1702\" height=\"1254\" \/>\r\n<figcaption id=\"caption-attachment-226330\" class=\"wp-caption-text\">Wollen den Bestattungsmarkt revolutionieren: die Farvel-Gr\u00fcnderinnen Sebastian Kuhn-Prohic und Katharina Hogg-Erdrich.<\/figcaption>\r\n<\/figure>\r\n<h3>Vielf\u00e4ltige Kreativit\u00e4t aus Z\u00fcrich<\/h3>\r\n<p class=\"x_MsoNormal\">Im Designprozess wurden sie vom Z\u00fcrcher Industriedesigner Ren\u00e9 Odermatt unterst\u00fctzt. Mit ihm zusammen wurden drei Urnenmodelle entwickelt. Die Marke wurde mit Artur Deyneuve erarbeitet, f\u00fcr die Fotos konnte Yves Bachmann engagiert werden. \u00abAlles talentierte Menschen aus unserer Generation\u00bb, so Hogg. Die zwei Gr\u00fcnder, welche sich vor 16 Jahren an der Universit\u00e4t Z\u00fcrich kennengelernt haben, sind branchenfremd, was sie als Vorteil sehen. \u00abWir wissen nat\u00fcrlich nicht alles und werden vielleicht auch etwas bel\u00e4chelt. Daf\u00fcr stellen wir die richtigen Fragen. So werden wir bestimmt spannende Antworten f\u00fcr das letzte Kapitel des Lebens entwickeln\u00bb, so Kuhn-Prohic.<\/p>\r\n<h3><b>Mit nachhaltigen Bestattungen den Kreislauf schliessen<\/b><\/h3>\r\n<p class=\"x_MsoNormal\">Die Urnen von Farvel werden den hohen Anspr\u00fcchen an Nachhaltigkeit gerecht, da sie aus Holzfasern bestehen, die voll-st\u00e4ndig biologisch abbaubar sind und sich somit in den nat\u00fcrlichen Kreislauf zur\u00fcckf\u00fchren lassen. Die Deckel, die aus europ\u00e4ischem Holz hergestellt sind, werden in der Z\u00fcrcher Stiftung St. Jakob gefertigt, die Menschen mit Beeintr\u00e4chtigungen zur\u00fcck ins Arbeitsleben integriert. Der Aschebeutel aus biologischer Baumwolle, in dem die Urne geliefert wird, wird in der Schneiderei der Stiftung Heimst\u00e4tten Wil gen\u00e4ht.<\/p>\r\n<p class=\"x_MsoNormal\">Farvel richtet sich an Menschen, die in der Auseinandersetzung mit dem Tod nach modernen, \u00f6kologischen und zugleich \u00e4sthetischen L\u00f6sungen suchen.\u00a0 Jeder Mensch tr\u00e4gt eine eigene Geschichte in sich. Farvel Urnen und zuk\u00fcnftig geplante L\u00f6sungen sollen diese Geschichten w\u00fcrdigen und die Erinnerungen an die Menschen lebendig halten.<\/p>","protected":false},"excerpt":{"rendered":"<p>Ein junges Z\u00fcrcher Unternehmen bringt frischen Wind in den Bestattungsmarkt &#8211; mit 3D-gedruckten, nachhaltigen Urnen, die in Zusammenarbeit mit sozialen Institutionen in der Schweiz hergestellt werden.<\/p>\n","protected":false},"author":8,"featured_media":0,"comment_status":"closed","ping_status":"closed","sticky":false,"template":"","format":"standard","meta":{"_acf_changed":false,"_yoast_wpseo_focuskw":"Farvel nachhaltige Urnen","_yoast_wpseo_metadesc":"Farvel bietet stilvolle, nachhaltige Urnen aus Holzfasern. Modernes Design f\u00fcr umweltbewusste Bestattungen.","articlekey":"","footnotes":""},"categories":[29],"tags":[4345,1787,2195,450,2246,4732],"class_list":["post-32180","post","type-post","status-publish","format-standard","hentry","category-marketing","tag-business","tag-nachhaltigkeit","tag-start-up","tag-start-ups","tag-sustainability","tag-urnen"],"acf":[],"yoast_head":"<!-- This site is optimized with the Yoast SEO plugin v27.4 - https:\/\/yoast.com\/product\/yoast-seo-wordpress\/ -->\n<title>Farvel: Z\u00fcrcher Unternehmen will Bestattungsmarkt revolutionieren - Organisator<\/title>\n<meta name=\"description\" content=\"Farvel bietet stilvolle, nachhaltige Urnen aus Holzfasern. Modernes Design f\u00fcr umweltbewusste Bestattungen.\" \/>\n<meta name=\"robots\" content=\"index, follow, max-snippet:-1, max-image-preview:large, max-video-preview:-1\" \/>\n<link rel=\"canonical\" href=\"https:\/\/www.organisator.ch\/de\/marketing\/2024-11-10\/farvel-zuercher-unternehmen-will-bestattungsmarkt-revolutionieren\/\" \/>\n<meta property=\"og:locale\" content=\"de_DE\" \/>\n<meta property=\"og:type\" content=\"article\" \/>\n<meta property=\"og:title\" content=\"Farvel: Z\u00fcrcher Unternehmen will Bestattungsmarkt revolutionieren - Organisator\" \/>\n<meta property=\"og:description\" content=\"Farvel bietet stilvolle, nachhaltige Urnen aus Holzfasern. Modernes Design f\u00fcr umweltbewusste Bestattungen.\" \/>\n<meta property=\"og:url\" content=\"https:\/\/www.organisator.ch\/de\/marketing\/2024-11-10\/farvel-zuercher-unternehmen-will-bestattungsmarkt-revolutionieren\/\" \/>\n<meta property=\"og:site_name\" content=\"Organisator\" \/>\n<meta property=\"article:publisher\" content=\"https:\/\/www.facebook.com\/OrganisatorFachmagazin\" \/>\n<meta property=\"article:published_time\" content=\"2024-11-10T10:49:24+00:00\" \/>\n<meta property=\"article:modified_time\" content=\"2024-11-10T11:36:45+00:00\" \/>\n<meta property=\"og:image\" content=\"https:\/\/www.markt-kom.com\/wp-content\/uploads\/2024\/11\/Bildschirmfoto-2024-11-10-um-11.43.01.png\" \/>\n<meta name=\"author\" content=\"galledia\" \/>\n<meta name=\"twitter:card\" content=\"summary_large_image\" \/>\n<meta name=\"twitter:creator\" content=\"@admin\" \/>\n<script type=\"application\/ld+json\" class=\"yoast-schema-graph\">{\"@context\":\"https:\\\/\\\/schema.org\",\"@graph\":[{\"@type\":\"Article\",\"@id\":\"https:\\\/\\\/www.organisator.ch\\\/marketing\\\/2024-11-10\\\/farvel-zuercher-unternehmen-will-bestattungsmarkt-revolutionieren\\\/#article\",\"isPartOf\":{\"@id\":\"https:\\\/\\\/www.organisator.ch\\\/marketing\\\/2024-11-10\\\/farvel-zuercher-unternehmen-will-bestattungsmarkt-revolutionieren\\\/\"},\"author\":{\"name\":\"galledia\",\"@id\":\"https:\\\/\\\/www.organisator.ch\\\/#\\\/schema\\\/person\\\/4e51799071cd2dd1232ac003643ef5f0\"},\"headline\":\"Farvel: Z\u00fcrcher Unternehmen will Bestattungsmarkt revolutionieren\",\"datePublished\":\"2024-11-10T10:49:24+00:00\",\"dateModified\":\"2024-11-10T11:36:45+00:00\",\"mainEntityOfPage\":{\"@id\":\"https:\\\/\\\/www.organisator.ch\\\/marketing\\\/2024-11-10\\\/farvel-zuercher-unternehmen-will-bestattungsmarkt-revolutionieren\\\/\"},\"wordCount\":602,\"publisher\":{\"@id\":\"https:\\\/\\\/www.organisator.ch\\\/#organization\"},\"image\":{\"@id\":\"https:\\\/\\\/www.organisator.ch\\\/marketing\\\/2024-11-10\\\/farvel-zuercher-unternehmen-will-bestattungsmarkt-revolutionieren\\\/#primaryimage\"},\"thumbnailUrl\":\"https:\\\/\\\/www.markt-kom.com\\\/wp-content\\\/uploads\\\/2024\\\/11\\\/Bildschirmfoto-2024-11-10-um-11.43.01.png\",\"keywords\":[\"Business\",\"Nachhaltigkeit\",\"Start-up\",\"Start-ups\",\"Sustainability\",\"Urnen\"],\"articleSection\":[\"MARKETING\"],\"inLanguage\":\"de\"},{\"@type\":\"WebPage\",\"@id\":\"https:\\\/\\\/www.organisator.ch\\\/marketing\\\/2024-11-10\\\/farvel-zuercher-unternehmen-will-bestattungsmarkt-revolutionieren\\\/\",\"url\":\"https:\\\/\\\/www.organisator.ch\\\/marketing\\\/2024-11-10\\\/farvel-zuercher-unternehmen-will-bestattungsmarkt-revolutionieren\\\/\",\"name\":\"Farvel: Z\u00fcrcher Unternehmen will Bestattungsmarkt revolutionieren - Organisator\",\"isPartOf\":{\"@id\":\"https:\\\/\\\/www.organisator.ch\\\/#website\"},\"primaryImageOfPage\":{\"@id\":\"https:\\\/\\\/www.organisator.ch\\\/marketing\\\/2024-11-10\\\/farvel-zuercher-unternehmen-will-bestattungsmarkt-revolutionieren\\\/#primaryimage\"},\"image\":{\"@id\":\"https:\\\/\\\/www.organisator.ch\\\/marketing\\\/2024-11-10\\\/farvel-zuercher-unternehmen-will-bestattungsmarkt-revolutionieren\\\/#primaryimage\"},\"thumbnailUrl\":\"https:\\\/\\\/www.markt-kom.com\\\/wp-content\\\/uploads\\\/2024\\\/11\\\/Bildschirmfoto-2024-11-10-um-11.43.01.png\",\"datePublished\":\"2024-11-10T10:49:24+00:00\",\"dateModified\":\"2024-11-10T11:36:45+00:00\",\"description\":\"Farvel bietet stilvolle, nachhaltige Urnen aus Holzfasern. Modernes Design f\u00fcr umweltbewusste Bestattungen.\",\"breadcrumb\":{\"@id\":\"https:\\\/\\\/www.organisator.ch\\\/marketing\\\/2024-11-10\\\/farvel-zuercher-unternehmen-will-bestattungsmarkt-revolutionieren\\\/#breadcrumb\"},\"inLanguage\":\"de\",\"potentialAction\":[{\"@type\":\"ReadAction\",\"target\":[\"https:\\\/\\\/www.organisator.ch\\\/marketing\\\/2024-11-10\\\/farvel-zuercher-unternehmen-will-bestattungsmarkt-revolutionieren\\\/\"]}]},{\"@type\":\"ImageObject\",\"inLanguage\":\"de\",\"@id\":\"https:\\\/\\\/www.organisator.ch\\\/marketing\\\/2024-11-10\\\/farvel-zuercher-unternehmen-will-bestattungsmarkt-revolutionieren\\\/#primaryimage\",\"url\":\"https:\\\/\\\/www.markt-kom.com\\\/wp-content\\\/uploads\\\/2024\\\/11\\\/Bildschirmfoto-2024-11-10-um-11.43.01.png\",\"contentUrl\":\"https:\\\/\\\/www.markt-kom.com\\\/wp-content\\\/uploads\\\/2024\\\/11\\\/Bildschirmfoto-2024-11-10-um-11.43.01.png\"},{\"@type\":\"BreadcrumbList\",\"@id\":\"https:\\\/\\\/www.organisator.ch\\\/marketing\\\/2024-11-10\\\/farvel-zuercher-unternehmen-will-bestattungsmarkt-revolutionieren\\\/#breadcrumb\",\"itemListElement\":[{\"@type\":\"ListItem\",\"position\":1,\"name\":\"Home\",\"item\":\"https:\\\/\\\/www.organisator.ch\\\/\"},{\"@type\":\"ListItem\",\"position\":2,\"name\":\"Farvel: Z\u00fcrcher Unternehmen will Bestattungsmarkt revolutionieren\"}]},{\"@type\":\"WebSite\",\"@id\":\"https:\\\/\\\/www.organisator.ch\\\/#website\",\"url\":\"https:\\\/\\\/www.organisator.ch\\\/\",\"name\":\"Organisator\",\"description\":\"Kompetent. Praxisnah. Der ORGANISATOR bereitet in 10 Ausgaben pro Jahr die wesentlichen Themen f\u00fcr F\u00fchrungskr\u00e4fte von KMU auf.\",\"publisher\":{\"@id\":\"https:\\\/\\\/www.organisator.ch\\\/#organization\"},\"potentialAction\":[{\"@type\":\"SearchAction\",\"target\":{\"@type\":\"EntryPoint\",\"urlTemplate\":\"https:\\\/\\\/www.organisator.ch\\\/?s={search_term_string}\"},\"query-input\":{\"@type\":\"PropertyValueSpecification\",\"valueRequired\":true,\"valueName\":\"search_term_string\"}}],\"inLanguage\":\"de\"},{\"@type\":\"Organization\",\"@id\":\"https:\\\/\\\/www.organisator.ch\\\/#organization\",\"name\":\"Organisator\",\"url\":\"https:\\\/\\\/www.organisator.ch\\\/\",\"logo\":{\"@type\":\"ImageObject\",\"inLanguage\":\"de\",\"@id\":\"https:\\\/\\\/www.organisator.ch\\\/#\\\/schema\\\/logo\\\/image\\\/\",\"url\":\"https:\\\/\\\/www.organisator.ch\\\/wp-content\\\/uploads\\\/2022\\\/01\\\/Logo_Organisator_Website.png\",\"contentUrl\":\"https:\\\/\\\/www.organisator.ch\\\/wp-content\\\/uploads\\\/2022\\\/01\\\/Logo_Organisator_Website.png\",\"width\":800,\"height\":77,\"caption\":\"Organisator\"},\"image\":{\"@id\":\"https:\\\/\\\/www.organisator.ch\\\/#\\\/schema\\\/logo\\\/image\\\/\"},\"sameAs\":[\"https:\\\/\\\/www.facebook.com\\\/OrganisatorFachmagazin\",\"https:\\\/\\\/www.linkedin.com\\\/showcase\\\/organisator-das-magazin-fr-kmu\",\"https:\\\/\\\/www.xing.com\\\/news\\\/pages\\\/organisator-ch-695\",\"https:\\\/\\\/www.youtube.com\\\/channel\\\/UCGP2Sq0iWaZwT3BdIAQFYpw\"]},{\"@type\":\"Person\",\"@id\":\"https:\\\/\\\/www.organisator.ch\\\/#\\\/schema\\\/person\\\/4e51799071cd2dd1232ac003643ef5f0\",\"name\":\"galledia\",\"image\":{\"@type\":\"ImageObject\",\"inLanguage\":\"de\",\"@id\":\"https:\\\/\\\/secure.gravatar.com\\\/avatar\\\/78a7f90c01fc2bfc875782a0d4922b37cde2cf184ce347b91316d23cd7f69a36?s=96&d=mm&r=g\",\"url\":\"https:\\\/\\\/secure.gravatar.com\\\/avatar\\\/78a7f90c01fc2bfc875782a0d4922b37cde2cf184ce347b91316d23cd7f69a36?s=96&d=mm&r=g\",\"contentUrl\":\"https:\\\/\\\/secure.gravatar.com\\\/avatar\\\/78a7f90c01fc2bfc875782a0d4922b37cde2cf184ce347b91316d23cd7f69a36?s=96&d=mm&r=g\",\"caption\":\"galledia\"},\"sameAs\":[\"https:\\\/\\\/x.com\\\/admin\"],\"url\":\"https:\\\/\\\/www.organisator.ch\\\/de\\\/author\\\/galledia\\\/\"}]}<\/script>\n<!-- \/ Yoast SEO plugin. -->","yoast_head_json":{"title":"Farvel: Z\u00fcrcher Unternehmen will Bestattungsmarkt revolutionieren - Organisator","description":"Farvel bietet stilvolle, nachhaltige Urnen aus Holzfasern. Modernes Design f\u00fcr umweltbewusste Bestattungen.","robots":{"index":"index","follow":"follow","max-snippet":"max-snippet:-1","max-image-preview":"max-image-preview:large","max-video-preview":"max-video-preview:-1"},"canonical":"https:\/\/www.organisator.ch\/de\/marketing\/2024-11-10\/farvel-zuercher-unternehmen-will-bestattungsmarkt-revolutionieren\/","og_locale":"de_DE","og_type":"article","og_title":"Farvel: Z\u00fcrcher Unternehmen will Bestattungsmarkt revolutionieren - Organisator","og_description":"Farvel bietet stilvolle, nachhaltige Urnen aus Holzfasern. Modernes Design f\u00fcr umweltbewusste Bestattungen.","og_url":"https:\/\/www.organisator.ch\/de\/marketing\/2024-11-10\/farvel-zuercher-unternehmen-will-bestattungsmarkt-revolutionieren\/","og_site_name":"Organisator","article_publisher":"https:\/\/www.facebook.com\/OrganisatorFachmagazin","article_published_time":"2024-11-10T10:49:24+00:00","article_modified_time":"2024-11-10T11:36:45+00:00","og_image":[{"url":"https:\/\/www.markt-kom.com\/wp-content\/uploads\/2024\/11\/Bildschirmfoto-2024-11-10-um-11.43.01.png","type":"","width":"","height":""}],"author":"galledia","twitter_card":"summary_large_image","twitter_creator":"@admin","schema":{"@context":"https:\/\/schema.org","@graph":[{"@type":"Article","@id":"https:\/\/www.organisator.ch\/marketing\/2024-11-10\/farvel-zuercher-unternehmen-will-bestattungsmarkt-revolutionieren\/#article","isPartOf":{"@id":"https:\/\/www.organisator.ch\/marketing\/2024-11-10\/farvel-zuercher-unternehmen-will-bestattungsmarkt-revolutionieren\/"},"author":{"name":"galledia","@id":"https:\/\/www.organisator.ch\/#\/schema\/person\/4e51799071cd2dd1232ac003643ef5f0"},"headline":"Farvel: Z\u00fcrcher Unternehmen will Bestattungsmarkt revolutionieren","datePublished":"2024-11-10T10:49:24+00:00","dateModified":"2024-11-10T11:36:45+00:00","mainEntityOfPage":{"@id":"https:\/\/www.organisator.ch\/marketing\/2024-11-10\/farvel-zuercher-unternehmen-will-bestattungsmarkt-revolutionieren\/"},"wordCount":602,"publisher":{"@id":"https:\/\/www.organisator.ch\/#organization"},"image":{"@id":"https:\/\/www.organisator.ch\/marketing\/2024-11-10\/farvel-zuercher-unternehmen-will-bestattungsmarkt-revolutionieren\/#primaryimage"},"thumbnailUrl":"https:\/\/www.markt-kom.com\/wp-content\/uploads\/2024\/11\/Bildschirmfoto-2024-11-10-um-11.43.01.png","keywords":["Business","Nachhaltigkeit","Start-up","Start-ups","Sustainability","Urnen"],"articleSection":["MARKETING"],"inLanguage":"de"},{"@type":"WebPage","@id":"https:\/\/www.organisator.ch\/marketing\/2024-11-10\/farvel-zuercher-unternehmen-will-bestattungsmarkt-revolutionieren\/","url":"https:\/\/www.organisator.ch\/marketing\/2024-11-10\/farvel-zuercher-unternehmen-will-bestattungsmarkt-revolutionieren\/","name":"Farvel: Z\u00fcrcher Unternehmen will Bestattungsmarkt revolutionieren - Organisator","isPartOf":{"@id":"https:\/\/www.organisator.ch\/#website"},"primaryImageOfPage":{"@id":"https:\/\/www.organisator.ch\/marketing\/2024-11-10\/farvel-zuercher-unternehmen-will-bestattungsmarkt-revolutionieren\/#primaryimage"},"image":{"@id":"https:\/\/www.organisator.ch\/marketing\/2024-11-10\/farvel-zuercher-unternehmen-will-bestattungsmarkt-revolutionieren\/#primaryimage"},"thumbnailUrl":"https:\/\/www.markt-kom.com\/wp-content\/uploads\/2024\/11\/Bildschirmfoto-2024-11-10-um-11.43.01.png","datePublished":"2024-11-10T10:49:24+00:00","dateModified":"2024-11-10T11:36:45+00:00","description":"Farvel bietet stilvolle, nachhaltige Urnen aus Holzfasern. Modernes Design f\u00fcr umweltbewusste Bestattungen.","breadcrumb":{"@id":"https:\/\/www.organisator.ch\/marketing\/2024-11-10\/farvel-zuercher-unternehmen-will-bestattungsmarkt-revolutionieren\/#breadcrumb"},"inLanguage":"de","potentialAction":[{"@type":"ReadAction","target":["https:\/\/www.organisator.ch\/marketing\/2024-11-10\/farvel-zuercher-unternehmen-will-bestattungsmarkt-revolutionieren\/"]}]},{"@type":"ImageObject","inLanguage":"de","@id":"https:\/\/www.organisator.ch\/marketing\/2024-11-10\/farvel-zuercher-unternehmen-will-bestattungsmarkt-revolutionieren\/#primaryimage","url":"https:\/\/www.markt-kom.com\/wp-content\/uploads\/2024\/11\/Bildschirmfoto-2024-11-10-um-11.43.01.png","contentUrl":"https:\/\/www.markt-kom.com\/wp-content\/uploads\/2024\/11\/Bildschirmfoto-2024-11-10-um-11.43.01.png"},{"@type":"BreadcrumbList","@id":"https:\/\/www.organisator.ch\/marketing\/2024-11-10\/farvel-zuercher-unternehmen-will-bestattungsmarkt-revolutionieren\/#breadcrumb","itemListElement":[{"@type":"ListItem","position":1,"name":"Home","item":"https:\/\/www.organisator.ch\/"},{"@type":"ListItem","position":2,"name":"Farvel: Z\u00fcrcher Unternehmen will Bestattungsmarkt revolutionieren"}]},{"@type":"WebSite","@id":"https:\/\/www.organisator.ch\/#website","url":"https:\/\/www.organisator.ch\/","name":"Organisator","description":"Kompetent. Praxisnah. Der ORGANISATOR bereitet in 10 Ausgaben pro Jahr die wesentlichen Themen f\u00fcr F\u00fchrungskr\u00e4fte von KMU auf.","publisher":{"@id":"https:\/\/www.organisator.ch\/#organization"},"potentialAction":[{"@type":"SearchAction","target":{"@type":"EntryPoint","urlTemplate":"https:\/\/www.organisator.ch\/?s={search_term_string}"},"query-input":{"@type":"PropertyValueSpecification","valueRequired":true,"valueName":"search_term_string"}}],"inLanguage":"de"},{"@type":"Organization","@id":"https:\/\/www.organisator.ch\/#organization","name":"Organisator","url":"https:\/\/www.organisator.ch\/","logo":{"@type":"ImageObject","inLanguage":"de","@id":"https:\/\/www.organisator.ch\/#\/schema\/logo\/image\/","url":"https:\/\/www.organisator.ch\/wp-content\/uploads\/2022\/01\/Logo_Organisator_Website.png","contentUrl":"https:\/\/www.organisator.ch\/wp-content\/uploads\/2022\/01\/Logo_Organisator_Website.png","width":800,"height":77,"caption":"Organisator"},"image":{"@id":"https:\/\/www.organisator.ch\/#\/schema\/logo\/image\/"},"sameAs":["https:\/\/www.facebook.com\/OrganisatorFachmagazin","https:\/\/www.linkedin.com\/showcase\/organisator-das-magazin-fr-kmu","https:\/\/www.xing.com\/news\/pages\/organisator-ch-695","https:\/\/www.youtube.com\/channel\/UCGP2Sq0iWaZwT3BdIAQFYpw"]},{"@type":"Person","@id":"https:\/\/www.organisator.ch\/#\/schema\/person\/4e51799071cd2dd1232ac003643ef5f0","name":"galledia","image":{"@type":"ImageObject","inLanguage":"de","@id":"https:\/\/secure.gravatar.com\/avatar\/78a7f90c01fc2bfc875782a0d4922b37cde2cf184ce347b91316d23cd7f69a36?s=96&d=mm&r=g","url":"https:\/\/secure.gravatar.com\/avatar\/78a7f90c01fc2bfc875782a0d4922b37cde2cf184ce347b91316d23cd7f69a36?s=96&d=mm&r=g","contentUrl":"https:\/\/secure.gravatar.com\/avatar\/78a7f90c01fc2bfc875782a0d4922b37cde2cf184ce347b91316d23cd7f69a36?s=96&d=mm&r=g","caption":"galledia"},"sameAs":["https:\/\/x.com\/admin"],"url":"https:\/\/www.organisator.ch\/de\/author\/galledia\/"}]}},"_links":{"self":[{"href":"https:\/\/www.organisator.ch\/de\/wp-json\/wp\/v2\/posts\/32180","targetHints":{"allow":["GET"]}}],"collection":[{"href":"https:\/\/www.organisator.ch\/de\/wp-json\/wp\/v2\/posts"}],"about":[{"href":"https:\/\/www.organisator.ch\/de\/wp-json\/wp\/v2\/types\/post"}],"author":[{"embeddable":true,"href":"https:\/\/www.organisator.ch\/de\/wp-json\/wp\/v2\/users\/8"}],"replies":[{"embeddable":true,"href":"https:\/\/www.organisator.ch\/de\/wp-json\/wp\/v2\/comments?post=32180"}],"version-history":[{"count":5,"href":"https:\/\/www.organisator.ch\/de\/wp-json\/wp\/v2\/posts\/32180\/revisions"}],"predecessor-version":[{"id":32186,"href":"https:\/\/www.organisator.ch\/de\/wp-json\/wp\/v2\/posts\/32180\/revisions\/32186"}],"wp:attachment":[{"href":"https:\/\/www.organisator.ch\/de\/wp-json\/wp\/v2\/media?parent=32180"}],"wp:term":[{"taxonomy":"category","embeddable":true,"href":"https:\/\/www.organisator.ch\/de\/wp-json\/wp\/v2\/categories?post=32180"},{"taxonomy":"post_tag","embeddable":true,"href":"https:\/\/www.organisator.ch\/de\/wp-json\/wp\/v2\/tags?post=32180"}],"curies":[{"name":"wp","href":"https:\/\/api.w.org\/{rel}","templated":true}]}}