{"id":3223,"date":"2018-03-02T08:10:02","date_gmt":"2018-03-02T07:10:02","guid":{"rendered":"https:\/\/www.organisator.ch\/?p=3223"},"modified":"2018-03-02T08:10:02","modified_gmt":"2018-03-02T07:10:02","slug":"kampagne-in-wenigen-schritten-zum-papierlosen-buero","status":"publish","type":"post","link":"https:\/\/www.organisator.ch\/de\/management\/it\/2018-03-02\/kampagne-in-wenigen-schritten-zum-papierlosen-buero\/","title":{"rendered":"Kampagne \u00abIn wenigen Schritten zum papierlosen B\u00fcro\u00bb"},"content":{"rendered":"<figure id=\"attachment_3225\" aria-describedby=\"caption-attachment-3225\" style=\"width: 640px\" class=\"wp-caption alignnone\"><img loading=\"lazy\" decoding=\"async\" class=\"size-full wp-image-3225\" src=\"https:\/\/www.organisator.ch\/wp-content\/uploads\/2018\/03\/Kampagne-In-wenigen-Schritten-zum-papierlosen-Buero_Organisator.jpg\" alt=\"\" width=\"640\" height=\"352\" srcset=\"https:\/\/www.organisator.ch\/wp-content\/uploads\/2018\/03\/Kampagne-In-wenigen-Schritten-zum-papierlosen-Buero_Organisator.jpg 640w, https:\/\/www.organisator.ch\/wp-content\/uploads\/2018\/03\/Kampagne-In-wenigen-Schritten-zum-papierlosen-Buero_Organisator-16x9.jpg 16w, https:\/\/www.organisator.ch\/wp-content\/uploads\/2018\/03\/Kampagne-In-wenigen-Schritten-zum-papierlosen-Buero_Organisator-318x175.jpg 318w, https:\/\/www.organisator.ch\/wp-content\/uploads\/2018\/03\/Kampagne-In-wenigen-Schritten-zum-papierlosen-Buero_Organisator-636x350.jpg 636w, https:\/\/www.organisator.ch\/wp-content\/uploads\/2018\/03\/Kampagne-In-wenigen-Schritten-zum-papierlosen-Buero_Organisator-300x165.jpg 300w\" sizes=\"auto, (max-width: 640px) 100vw, 640px\" \/><figcaption id=\"caption-attachment-3225\" class=\"wp-caption-text\">Ebnet die Digitalisierung dem Traum vom papierlosen B\u00fcro den Weg? (Bild: Fotolia.com)<\/figcaption><\/figure>\n<p>Vor \u00fcber 40 Jahren ist der Begriff des papierlosen B\u00fcros aufgekommen. Vincent Giuliano von der Unternehmensberatung Arthur D. Little hat in einem Artikel der &#8222;Businessweek&#8220; propagiert, dass die Verwendung von Papier f\u00fcr Unterlagen oder Korrespondenz in den 1980er-Jahren massiv abnehmen wird und bis in den 1990er Jahren die meisten Unterlagen digital sein werden. Entgegen seinen Erwartungen ist aber der j\u00e4hrliche Papierverbrauch pro Kopf seither jedes Jahr angestiegen.<\/p>\n<p>Die Digitalisierung gibt nun dem papierlosen B\u00fcro neuen Auftrieb. In einem <a href=\"https:\/\/www.clavisit.com\/kampagne\/papierloses-buero\/einfuehrung?utm_source=organisator_website&amp;utm_medium=banner&amp;utm_campaign=papierlos\">einf\u00fchrenden Artikel <\/a>verweist clavis IT auf den Umstand, dass der erste Schritt zum papierlosen B\u00fcro im effizienten Managen von Dokumenten bestehe. Es gehe bei der Digitalen Transformation\u00a0weniger um neue ERP-Systeme, neue Shop-L\u00f6sungen oder den Umbau von Gesch\u00e4ftsmodellen, sondern um das Optimieren interner Prozesse.<\/p>\n<p>In einer\u00a07-teiligen Blog-Serie wird clavis IT aus Herisau die Leser auf dem Weg zum papierlosen B\u00fcro begleiten und\u00a0ihnen aus\u00a0eigener Erfahrung wichtige Hinweise mit auf den Weg geben. Der erste Teil\u00a0widmet sich den\u00a0gesetzlichen Aufbewahrungsfristen der Dokumente. Dabei geht es um Fragen wie: Wer ist aufbewahrungspflichtig? Was muss aufbewahrt werden? Wann beginnt die Aufbewahrungspflicht? Weitere Themen der Serie werden sein:<\/p>\n<ul>\n<li>Was bedeutet \u00abrevisionssicher\u00bb?<\/li>\n<li>Welche Dokumente fallen an und wo besteht grosses Potential<\/li>\n<li>Starten Sie mit arbeitsintensiven Prozessen<\/li>\n<li>Risiken der elektronischen Aufbewahrung<\/li>\n<li>Unsere Erfolgsgeschichten<\/li>\n<li>Lassen Sie sich vom letzten Punkt \u00fcberraschen!<\/li>\n<\/ul>\n<p>Auch <a href=\"https:\/\/www.organisator.ch\">www.organisator.ch<\/a> wird diese Blogserie weiter begleiten.<\/p>\n<p><a href=\"http:\/\/www.clavisit.com\"><em>www.clavisit.com<\/em><\/a><\/p>\n<p>&nbsp;<\/p>\n<p>&nbsp;<\/p>\n<p>&nbsp;<\/p>\n","protected":false},"excerpt":{"rendered":"<p>Vor \u00fcber 40 Jahren ist der Begriff des papierlosen B\u00fcros aufgekommen. Vincent Giuliano von der Unternehmensberatung Arthur D. Little hat in einem Artikel der &#8222;Businessweek&#8220; propagiert, dass die Verwendung von Papier f\u00fcr Unterlagen oder Korrespondenz in den 1980er-Jahren massiv abnehmen wird und bis in den 1990er Jahren die meisten Unterlagen digital sein werden. Entgegen seinen [&hellip;]<\/p>\n","protected":false},"author":4,"featured_media":3225,"comment_status":"open","ping_status":"open","sticky":false,"template":"","format":"standard","meta":{"_acf_changed":false,"_yoast_wpseo_focuskw":"papierlosen B\u00fcro","_yoast_wpseo_metadesc":"Der Ostschweizer IT- und Software-Dienstleiter clavis IT lanciert eine Wissensserie zum Thema \u00abIn wenigen Schritten zum papierlosen B\u00fcro\u00bb. In loser Folge werden praktische Tipps pr\u00e4sentiert, wie KMU ihre Dokumentenprozesse Schritt f\u00fcr Schritt digitalisieren k\u00f6nnen.","articlekey":"","footnotes":""},"categories":[27],"tags":[102,156,160,288],"class_list":["post-3223","post","type-post","status-publish","format-standard","has-post-thumbnail","hentry","category-it","tag-buero","tag-digitalisierung","tag-dokumentenmanagement","tag-it-business-software"],"acf":[],"yoast_head":"<!-- This site is optimized with the Yoast SEO plugin v27.4 - https:\/\/yoast.com\/product\/yoast-seo-wordpress\/ -->\n<title>Kampagne \u00abIn wenigen Schritten zum papierlosen B\u00fcro\u00bb - Organisator<\/title>\n<meta name=\"description\" content=\"Der Ostschweizer IT- und Software-Dienstleiter clavis IT lanciert eine Wissensserie zum Thema \u00abIn wenigen Schritten zum papierlosen B\u00fcro\u00bb. In loser Folge werden praktische Tipps pr\u00e4sentiert, wie KMU ihre Dokumentenprozesse Schritt f\u00fcr Schritt digitalisieren k\u00f6nnen.\" \/>\n<meta name=\"robots\" content=\"index, follow, max-snippet:-1, max-image-preview:large, max-video-preview:-1\" \/>\n<link rel=\"canonical\" href=\"https:\/\/www.organisator.ch\/de\/management\/it\/2018-03-02\/kampagne-in-wenigen-schritten-zum-papierlosen-buero\/\" \/>\n<meta property=\"og:locale\" content=\"de_DE\" \/>\n<meta property=\"og:type\" content=\"article\" \/>\n<meta property=\"og:title\" content=\"Kampagne \u00abIn wenigen Schritten zum papierlosen B\u00fcro\u00bb\" \/>\n<meta property=\"og:description\" content=\"Der Ostschweizer IT- und Software-Dienstleiter clavis IT lanciert eine Wissensserie zum Der Ostschweizer IT- und Software-Dienstleiter #clavis IT lanciert eine Wissensserie zum Thema \u00abIn wenigen Schritten zum papierlosen #B\u00fcro\u00bb. In loser Folge werden praktische Tipps pr\u00e4sentiert, wie KMU ihre #Dokumentenprozesse Schritt f\u00fcr Schritt #digitalisieren k\u00f6nnen.\" \/>\n<meta property=\"og:url\" content=\"https:\/\/www.organisator.ch\/de\/management\/it\/2018-03-02\/kampagne-in-wenigen-schritten-zum-papierlosen-buero\/\" \/>\n<meta property=\"og:site_name\" content=\"Organisator\" \/>\n<meta property=\"article:publisher\" content=\"https:\/\/www.facebook.com\/OrganisatorFachmagazin\" \/>\n<meta property=\"article:published_time\" content=\"2018-03-02T07:10:02+00:00\" \/>\n<meta property=\"og:image\" content=\"https:\/\/www.organisator.ch\/wp-content\/uploads\/2018\/03\/Kampagne-In-wenigen-Schritten-zum-papierlosen-Buero_Organisator.jpg\" \/>\n\t<meta property=\"og:image:width\" content=\"640\" \/>\n\t<meta property=\"og:image:height\" content=\"352\" \/>\n\t<meta property=\"og:image:type\" content=\"image\/jpeg\" \/>\n<meta name=\"author\" content=\"thomas.berner\" \/>\n<meta name=\"twitter:card\" content=\"summary_large_image\" \/>\n<meta name=\"twitter:title\" content=\"#Kampagne \u00abIn wenigen Schritten zum papierlosen #B\u00fcro\u00bb\" \/>\n<meta name=\"twitter:description\" content=\"Der Ostschweizer IT- und Software-Dienstleiter clavis IT lanciert eine Wissensserie zum Der Ostschweizer IT- und Software-Dienstleiter #clavis IT lanciert eine Wissensserie zum Thema \u00abIn wenigen Schritten zum papierlosen #B\u00fcro\u00bb. In loser Folge werden praktische Tipps pr\u00e4sentiert, wie KMU ihre #Dokumentenprozesse Schritt f\u00fcr Schritt #digitalisieren k\u00f6nnen.\" \/>\n<meta name=\"twitter:image\" content=\"https:\/\/www.organisator.ch\/wp-content\/uploads\/2018\/03\/Kampagne-In-wenigen-Schritten-zum-papierlosen-B\u00fcro_Organisator.jpg\" \/>\n<script type=\"application\/ld+json\" class=\"yoast-schema-graph\">{\"@context\":\"https:\\\/\\\/schema.org\",\"@graph\":[{\"@type\":\"Article\",\"@id\":\"https:\\\/\\\/www.organisator.ch\\\/management\\\/it\\\/2018-03-02\\\/kampagne-in-wenigen-schritten-zum-papierlosen-buero\\\/#article\",\"isPartOf\":{\"@id\":\"https:\\\/\\\/www.organisator.ch\\\/management\\\/it\\\/2018-03-02\\\/kampagne-in-wenigen-schritten-zum-papierlosen-buero\\\/\"},\"author\":{\"name\":\"thomas.berner\",\"@id\":\"https:\\\/\\\/www.organisator.ch\\\/#\\\/schema\\\/person\\\/6f650f90b2842cd4c0cc334b4e36f67e\"},\"headline\":\"Kampagne \u00abIn wenigen Schritten zum papierlosen B\u00fcro\u00bb\",\"datePublished\":\"2018-03-02T07:10:02+00:00\",\"mainEntityOfPage\":{\"@id\":\"https:\\\/\\\/www.organisator.ch\\\/management\\\/it\\\/2018-03-02\\\/kampagne-in-wenigen-schritten-zum-papierlosen-buero\\\/\"},\"wordCount\":267,\"commentCount\":0,\"publisher\":{\"@id\":\"https:\\\/\\\/www.organisator.ch\\\/#organization\"},\"image\":{\"@id\":\"https:\\\/\\\/www.organisator.ch\\\/management\\\/it\\\/2018-03-02\\\/kampagne-in-wenigen-schritten-zum-papierlosen-buero\\\/#primaryimage\"},\"thumbnailUrl\":\"https:\\\/\\\/www.organisator.ch\\\/wp-content\\\/uploads\\\/2018\\\/03\\\/Kampagne-In-wenigen-Schritten-zum-papierlosen-Buero_Organisator.jpg\",\"keywords\":[\"B\u00fcro\",\"Digitalisierung\",\"Dokumentenmanagement\",\"IT &amp; Business Software\"],\"articleSection\":[\"IT\"],\"inLanguage\":\"de\"},{\"@type\":\"WebPage\",\"@id\":\"https:\\\/\\\/www.organisator.ch\\\/management\\\/it\\\/2018-03-02\\\/kampagne-in-wenigen-schritten-zum-papierlosen-buero\\\/\",\"url\":\"https:\\\/\\\/www.organisator.ch\\\/management\\\/it\\\/2018-03-02\\\/kampagne-in-wenigen-schritten-zum-papierlosen-buero\\\/\",\"name\":\"Kampagne \u00abIn wenigen Schritten zum papierlosen B\u00fcro\u00bb - Organisator\",\"isPartOf\":{\"@id\":\"https:\\\/\\\/www.organisator.ch\\\/#website\"},\"primaryImageOfPage\":{\"@id\":\"https:\\\/\\\/www.organisator.ch\\\/management\\\/it\\\/2018-03-02\\\/kampagne-in-wenigen-schritten-zum-papierlosen-buero\\\/#primaryimage\"},\"image\":{\"@id\":\"https:\\\/\\\/www.organisator.ch\\\/management\\\/it\\\/2018-03-02\\\/kampagne-in-wenigen-schritten-zum-papierlosen-buero\\\/#primaryimage\"},\"thumbnailUrl\":\"https:\\\/\\\/www.organisator.ch\\\/wp-content\\\/uploads\\\/2018\\\/03\\\/Kampagne-In-wenigen-Schritten-zum-papierlosen-Buero_Organisator.jpg\",\"datePublished\":\"2018-03-02T07:10:02+00:00\",\"description\":\"Der Ostschweizer IT- und Software-Dienstleiter clavis IT lanciert eine Wissensserie zum Thema \u00abIn wenigen Schritten zum papierlosen B\u00fcro\u00bb. In loser Folge werden praktische Tipps pr\u00e4sentiert, wie KMU ihre Dokumentenprozesse Schritt f\u00fcr Schritt digitalisieren k\u00f6nnen.\",\"breadcrumb\":{\"@id\":\"https:\\\/\\\/www.organisator.ch\\\/management\\\/it\\\/2018-03-02\\\/kampagne-in-wenigen-schritten-zum-papierlosen-buero\\\/#breadcrumb\"},\"inLanguage\":\"de\",\"potentialAction\":[{\"@type\":\"ReadAction\",\"target\":[\"https:\\\/\\\/www.organisator.ch\\\/management\\\/it\\\/2018-03-02\\\/kampagne-in-wenigen-schritten-zum-papierlosen-buero\\\/\"]}]},{\"@type\":\"ImageObject\",\"inLanguage\":\"de\",\"@id\":\"https:\\\/\\\/www.organisator.ch\\\/management\\\/it\\\/2018-03-02\\\/kampagne-in-wenigen-schritten-zum-papierlosen-buero\\\/#primaryimage\",\"url\":\"https:\\\/\\\/www.organisator.ch\\\/wp-content\\\/uploads\\\/2018\\\/03\\\/Kampagne-In-wenigen-Schritten-zum-papierlosen-Buero_Organisator.jpg\",\"contentUrl\":\"https:\\\/\\\/www.organisator.ch\\\/wp-content\\\/uploads\\\/2018\\\/03\\\/Kampagne-In-wenigen-Schritten-zum-papierlosen-Buero_Organisator.jpg\",\"width\":640,\"height\":352,\"caption\":\"Ebnet die Digitalisierung dem Traum vom papierlosen B\u00fcro den Weg? (Bild: Fotolia.com)\"},{\"@type\":\"BreadcrumbList\",\"@id\":\"https:\\\/\\\/www.organisator.ch\\\/management\\\/it\\\/2018-03-02\\\/kampagne-in-wenigen-schritten-zum-papierlosen-buero\\\/#breadcrumb\",\"itemListElement\":[{\"@type\":\"ListItem\",\"position\":1,\"name\":\"Home\",\"item\":\"https:\\\/\\\/www.organisator.ch\\\/\"},{\"@type\":\"ListItem\",\"position\":2,\"name\":\"Kampagne \u00abIn wenigen Schritten zum papierlosen B\u00fcro\u00bb\"}]},{\"@type\":\"WebSite\",\"@id\":\"https:\\\/\\\/www.organisator.ch\\\/#website\",\"url\":\"https:\\\/\\\/www.organisator.ch\\\/\",\"name\":\"Organisator\",\"description\":\"Kompetent. Praxisnah. Der ORGANISATOR bereitet in 10 Ausgaben pro Jahr die wesentlichen Themen f\u00fcr F\u00fchrungskr\u00e4fte von KMU auf.\",\"publisher\":{\"@id\":\"https:\\\/\\\/www.organisator.ch\\\/#organization\"},\"potentialAction\":[{\"@type\":\"SearchAction\",\"target\":{\"@type\":\"EntryPoint\",\"urlTemplate\":\"https:\\\/\\\/www.organisator.ch\\\/?s={search_term_string}\"},\"query-input\":{\"@type\":\"PropertyValueSpecification\",\"valueRequired\":true,\"valueName\":\"search_term_string\"}}],\"inLanguage\":\"de\"},{\"@type\":\"Organization\",\"@id\":\"https:\\\/\\\/www.organisator.ch\\\/#organization\",\"name\":\"Organisator\",\"url\":\"https:\\\/\\\/www.organisator.ch\\\/\",\"logo\":{\"@type\":\"ImageObject\",\"inLanguage\":\"de\",\"@id\":\"https:\\\/\\\/www.organisator.ch\\\/#\\\/schema\\\/logo\\\/image\\\/\",\"url\":\"https:\\\/\\\/www.organisator.ch\\\/wp-content\\\/uploads\\\/2022\\\/01\\\/Logo_Organisator_Website.png\",\"contentUrl\":\"https:\\\/\\\/www.organisator.ch\\\/wp-content\\\/uploads\\\/2022\\\/01\\\/Logo_Organisator_Website.png\",\"width\":800,\"height\":77,\"caption\":\"Organisator\"},\"image\":{\"@id\":\"https:\\\/\\\/www.organisator.ch\\\/#\\\/schema\\\/logo\\\/image\\\/\"},\"sameAs\":[\"https:\\\/\\\/www.facebook.com\\\/OrganisatorFachmagazin\",\"https:\\\/\\\/www.linkedin.com\\\/showcase\\\/organisator-das-magazin-fr-kmu\",\"https:\\\/\\\/www.xing.com\\\/news\\\/pages\\\/organisator-ch-695\",\"https:\\\/\\\/www.youtube.com\\\/channel\\\/UCGP2Sq0iWaZwT3BdIAQFYpw\"]},{\"@type\":\"Person\",\"@id\":\"https:\\\/\\\/www.organisator.ch\\\/#\\\/schema\\\/person\\\/6f650f90b2842cd4c0cc334b4e36f67e\",\"name\":\"thomas.berner\",\"image\":{\"@type\":\"ImageObject\",\"inLanguage\":\"de\",\"@id\":\"https:\\\/\\\/secure.gravatar.com\\\/avatar\\\/ac5001d2a36cb6c6cd3e50789007ffca834b477b74a2144564522e944eabff61?s=96&d=mm&r=g\",\"url\":\"https:\\\/\\\/secure.gravatar.com\\\/avatar\\\/ac5001d2a36cb6c6cd3e50789007ffca834b477b74a2144564522e944eabff61?s=96&d=mm&r=g\",\"contentUrl\":\"https:\\\/\\\/secure.gravatar.com\\\/avatar\\\/ac5001d2a36cb6c6cd3e50789007ffca834b477b74a2144564522e944eabff61?s=96&d=mm&r=g\",\"caption\":\"thomas.berner\"},\"url\":\"https:\\\/\\\/www.organisator.ch\\\/de\\\/author\\\/thomas-berner\\\/\"}]}<\/script>\n<!-- \/ Yoast SEO plugin. -->","yoast_head_json":{"title":"Kampagne \u00abIn wenigen Schritten zum papierlosen B\u00fcro\u00bb - Organisator","description":"Der Ostschweizer IT- und Software-Dienstleiter clavis IT lanciert eine Wissensserie zum Thema \u00abIn wenigen Schritten zum papierlosen B\u00fcro\u00bb. In loser Folge werden praktische Tipps pr\u00e4sentiert, wie KMU ihre Dokumentenprozesse Schritt f\u00fcr Schritt digitalisieren k\u00f6nnen.","robots":{"index":"index","follow":"follow","max-snippet":"max-snippet:-1","max-image-preview":"max-image-preview:large","max-video-preview":"max-video-preview:-1"},"canonical":"https:\/\/www.organisator.ch\/de\/management\/it\/2018-03-02\/kampagne-in-wenigen-schritten-zum-papierlosen-buero\/","og_locale":"de_DE","og_type":"article","og_title":"Kampagne \u00abIn wenigen Schritten zum papierlosen B\u00fcro\u00bb","og_description":"Der Ostschweizer IT- und Software-Dienstleiter clavis IT lanciert eine Wissensserie zum Der Ostschweizer IT- und Software-Dienstleiter #clavis IT lanciert eine Wissensserie zum Thema \u00abIn wenigen Schritten zum papierlosen #B\u00fcro\u00bb. In loser Folge werden praktische Tipps pr\u00e4sentiert, wie KMU ihre #Dokumentenprozesse Schritt f\u00fcr Schritt #digitalisieren k\u00f6nnen.","og_url":"https:\/\/www.organisator.ch\/de\/management\/it\/2018-03-02\/kampagne-in-wenigen-schritten-zum-papierlosen-buero\/","og_site_name":"Organisator","article_publisher":"https:\/\/www.facebook.com\/OrganisatorFachmagazin","article_published_time":"2018-03-02T07:10:02+00:00","og_image":[{"width":640,"height":352,"url":"https:\/\/www.organisator.ch\/wp-content\/uploads\/2018\/03\/Kampagne-In-wenigen-Schritten-zum-papierlosen-Buero_Organisator.jpg","type":"image\/jpeg"}],"author":"thomas.berner","twitter_card":"summary_large_image","twitter_title":"#Kampagne \u00abIn wenigen Schritten zum papierlosen #B\u00fcro\u00bb","twitter_description":"Der Ostschweizer IT- und Software-Dienstleiter clavis IT lanciert eine Wissensserie zum Der Ostschweizer IT- und Software-Dienstleiter #clavis IT lanciert eine Wissensserie zum Thema \u00abIn wenigen Schritten zum papierlosen #B\u00fcro\u00bb. In loser Folge werden praktische Tipps pr\u00e4sentiert, wie KMU ihre #Dokumentenprozesse Schritt f\u00fcr Schritt #digitalisieren k\u00f6nnen.","twitter_image":"https:\/\/www.organisator.ch\/wp-content\/uploads\/2018\/03\/Kampagne-In-wenigen-Schritten-zum-papierlosen-B\u00fcro_Organisator.jpg","schema":{"@context":"https:\/\/schema.org","@graph":[{"@type":"Article","@id":"https:\/\/www.organisator.ch\/management\/it\/2018-03-02\/kampagne-in-wenigen-schritten-zum-papierlosen-buero\/#article","isPartOf":{"@id":"https:\/\/www.organisator.ch\/management\/it\/2018-03-02\/kampagne-in-wenigen-schritten-zum-papierlosen-buero\/"},"author":{"name":"thomas.berner","@id":"https:\/\/www.organisator.ch\/#\/schema\/person\/6f650f90b2842cd4c0cc334b4e36f67e"},"headline":"Kampagne \u00abIn wenigen Schritten zum papierlosen B\u00fcro\u00bb","datePublished":"2018-03-02T07:10:02+00:00","mainEntityOfPage":{"@id":"https:\/\/www.organisator.ch\/management\/it\/2018-03-02\/kampagne-in-wenigen-schritten-zum-papierlosen-buero\/"},"wordCount":267,"commentCount":0,"publisher":{"@id":"https:\/\/www.organisator.ch\/#organization"},"image":{"@id":"https:\/\/www.organisator.ch\/management\/it\/2018-03-02\/kampagne-in-wenigen-schritten-zum-papierlosen-buero\/#primaryimage"},"thumbnailUrl":"https:\/\/www.organisator.ch\/wp-content\/uploads\/2018\/03\/Kampagne-In-wenigen-Schritten-zum-papierlosen-Buero_Organisator.jpg","keywords":["B\u00fcro","Digitalisierung","Dokumentenmanagement","IT &amp; Business Software"],"articleSection":["IT"],"inLanguage":"de"},{"@type":"WebPage","@id":"https:\/\/www.organisator.ch\/management\/it\/2018-03-02\/kampagne-in-wenigen-schritten-zum-papierlosen-buero\/","url":"https:\/\/www.organisator.ch\/management\/it\/2018-03-02\/kampagne-in-wenigen-schritten-zum-papierlosen-buero\/","name":"Kampagne \u00abIn wenigen Schritten zum papierlosen B\u00fcro\u00bb - Organisator","isPartOf":{"@id":"https:\/\/www.organisator.ch\/#website"},"primaryImageOfPage":{"@id":"https:\/\/www.organisator.ch\/management\/it\/2018-03-02\/kampagne-in-wenigen-schritten-zum-papierlosen-buero\/#primaryimage"},"image":{"@id":"https:\/\/www.organisator.ch\/management\/it\/2018-03-02\/kampagne-in-wenigen-schritten-zum-papierlosen-buero\/#primaryimage"},"thumbnailUrl":"https:\/\/www.organisator.ch\/wp-content\/uploads\/2018\/03\/Kampagne-In-wenigen-Schritten-zum-papierlosen-Buero_Organisator.jpg","datePublished":"2018-03-02T07:10:02+00:00","description":"Der Ostschweizer IT- und Software-Dienstleiter clavis IT lanciert eine Wissensserie zum Thema \u00abIn wenigen Schritten zum papierlosen B\u00fcro\u00bb. In loser Folge werden praktische Tipps pr\u00e4sentiert, wie KMU ihre Dokumentenprozesse Schritt f\u00fcr Schritt digitalisieren k\u00f6nnen.","breadcrumb":{"@id":"https:\/\/www.organisator.ch\/management\/it\/2018-03-02\/kampagne-in-wenigen-schritten-zum-papierlosen-buero\/#breadcrumb"},"inLanguage":"de","potentialAction":[{"@type":"ReadAction","target":["https:\/\/www.organisator.ch\/management\/it\/2018-03-02\/kampagne-in-wenigen-schritten-zum-papierlosen-buero\/"]}]},{"@type":"ImageObject","inLanguage":"de","@id":"https:\/\/www.organisator.ch\/management\/it\/2018-03-02\/kampagne-in-wenigen-schritten-zum-papierlosen-buero\/#primaryimage","url":"https:\/\/www.organisator.ch\/wp-content\/uploads\/2018\/03\/Kampagne-In-wenigen-Schritten-zum-papierlosen-Buero_Organisator.jpg","contentUrl":"https:\/\/www.organisator.ch\/wp-content\/uploads\/2018\/03\/Kampagne-In-wenigen-Schritten-zum-papierlosen-Buero_Organisator.jpg","width":640,"height":352,"caption":"Ebnet die Digitalisierung dem Traum vom papierlosen B\u00fcro den Weg? (Bild: Fotolia.com)"},{"@type":"BreadcrumbList","@id":"https:\/\/www.organisator.ch\/management\/it\/2018-03-02\/kampagne-in-wenigen-schritten-zum-papierlosen-buero\/#breadcrumb","itemListElement":[{"@type":"ListItem","position":1,"name":"Home","item":"https:\/\/www.organisator.ch\/"},{"@type":"ListItem","position":2,"name":"Kampagne \u00abIn wenigen Schritten zum papierlosen B\u00fcro\u00bb"}]},{"@type":"WebSite","@id":"https:\/\/www.organisator.ch\/#website","url":"https:\/\/www.organisator.ch\/","name":"Organisator","description":"Kompetent. Praxisnah. Der ORGANISATOR bereitet in 10 Ausgaben pro Jahr die wesentlichen Themen f\u00fcr F\u00fchrungskr\u00e4fte von KMU auf.","publisher":{"@id":"https:\/\/www.organisator.ch\/#organization"},"potentialAction":[{"@type":"SearchAction","target":{"@type":"EntryPoint","urlTemplate":"https:\/\/www.organisator.ch\/?s={search_term_string}"},"query-input":{"@type":"PropertyValueSpecification","valueRequired":true,"valueName":"search_term_string"}}],"inLanguage":"de"},{"@type":"Organization","@id":"https:\/\/www.organisator.ch\/#organization","name":"Organisator","url":"https:\/\/www.organisator.ch\/","logo":{"@type":"ImageObject","inLanguage":"de","@id":"https:\/\/www.organisator.ch\/#\/schema\/logo\/image\/","url":"https:\/\/www.organisator.ch\/wp-content\/uploads\/2022\/01\/Logo_Organisator_Website.png","contentUrl":"https:\/\/www.organisator.ch\/wp-content\/uploads\/2022\/01\/Logo_Organisator_Website.png","width":800,"height":77,"caption":"Organisator"},"image":{"@id":"https:\/\/www.organisator.ch\/#\/schema\/logo\/image\/"},"sameAs":["https:\/\/www.facebook.com\/OrganisatorFachmagazin","https:\/\/www.linkedin.com\/showcase\/organisator-das-magazin-fr-kmu","https:\/\/www.xing.com\/news\/pages\/organisator-ch-695","https:\/\/www.youtube.com\/channel\/UCGP2Sq0iWaZwT3BdIAQFYpw"]},{"@type":"Person","@id":"https:\/\/www.organisator.ch\/#\/schema\/person\/6f650f90b2842cd4c0cc334b4e36f67e","name":"thomas.berner","image":{"@type":"ImageObject","inLanguage":"de","@id":"https:\/\/secure.gravatar.com\/avatar\/ac5001d2a36cb6c6cd3e50789007ffca834b477b74a2144564522e944eabff61?s=96&d=mm&r=g","url":"https:\/\/secure.gravatar.com\/avatar\/ac5001d2a36cb6c6cd3e50789007ffca834b477b74a2144564522e944eabff61?s=96&d=mm&r=g","contentUrl":"https:\/\/secure.gravatar.com\/avatar\/ac5001d2a36cb6c6cd3e50789007ffca834b477b74a2144564522e944eabff61?s=96&d=mm&r=g","caption":"thomas.berner"},"url":"https:\/\/www.organisator.ch\/de\/author\/thomas-berner\/"}]}},"_links":{"self":[{"href":"https:\/\/www.organisator.ch\/de\/wp-json\/wp\/v2\/posts\/3223","targetHints":{"allow":["GET"]}}],"collection":[{"href":"https:\/\/www.organisator.ch\/de\/wp-json\/wp\/v2\/posts"}],"about":[{"href":"https:\/\/www.organisator.ch\/de\/wp-json\/wp\/v2\/types\/post"}],"author":[{"embeddable":true,"href":"https:\/\/www.organisator.ch\/de\/wp-json\/wp\/v2\/users\/4"}],"replies":[{"embeddable":true,"href":"https:\/\/www.organisator.ch\/de\/wp-json\/wp\/v2\/comments?post=3223"}],"version-history":[{"count":0,"href":"https:\/\/www.organisator.ch\/de\/wp-json\/wp\/v2\/posts\/3223\/revisions"}],"wp:featuredmedia":[{"embeddable":true,"href":"https:\/\/www.organisator.ch\/de\/wp-json\/wp\/v2\/media\/3225"}],"wp:attachment":[{"href":"https:\/\/www.organisator.ch\/de\/wp-json\/wp\/v2\/media?parent=3223"}],"wp:term":[{"taxonomy":"category","embeddable":true,"href":"https:\/\/www.organisator.ch\/de\/wp-json\/wp\/v2\/categories?post=3223"},{"taxonomy":"post_tag","embeddable":true,"href":"https:\/\/www.organisator.ch\/de\/wp-json\/wp\/v2\/tags?post=3223"}],"curies":[{"name":"wp","href":"https:\/\/api.w.org\/{rel}","templated":true}]}}