{"id":3248,"date":"2018-03-07T08:12:27","date_gmt":"2018-03-07T07:12:27","guid":{"rendered":"https:\/\/www.organisator.ch\/?p=3248"},"modified":"2018-03-07T08:12:27","modified_gmt":"2018-03-07T07:12:27","slug":"experten-bringen-unternehmensnachfolge-auf-touren","status":"publish","type":"post","link":"https:\/\/www.organisator.ch\/de\/management\/2018-03-07\/experten-bringen-unternehmensnachfolge-auf-touren\/","title":{"rendered":"Experten bringen Unternehmensnachfolge auf Touren"},"content":{"rendered":"<figure id=\"attachment_3249\" aria-describedby=\"caption-attachment-3249\" style=\"width: 640px\" class=\"wp-caption alignnone\"><img loading=\"lazy\" decoding=\"async\" class=\"size-full wp-image-3249\" src=\"https:\/\/www.organisator.ch\/wp-content\/uploads\/2018\/03\/Experten-bringen-Unternehmensnachfolge-auf-Touren_Organisator.jpeg\" alt=\"\" width=\"640\" height=\"480\" srcset=\"https:\/\/www.organisator.ch\/wp-content\/uploads\/2018\/03\/Experten-bringen-Unternehmensnachfolge-auf-Touren_Organisator.jpeg 640w, https:\/\/www.organisator.ch\/wp-content\/uploads\/2018\/03\/Experten-bringen-Unternehmensnachfolge-auf-Touren_Organisator-16x12.jpeg 16w, https:\/\/www.organisator.ch\/wp-content\/uploads\/2018\/03\/Experten-bringen-Unternehmensnachfolge-auf-Touren_Organisator-233x175.jpeg 233w, https:\/\/www.organisator.ch\/wp-content\/uploads\/2018\/03\/Experten-bringen-Unternehmensnachfolge-auf-Touren_Organisator-467x350.jpeg 467w, https:\/\/www.organisator.ch\/wp-content\/uploads\/2018\/03\/Experten-bringen-Unternehmensnachfolge-auf-Touren_Organisator-300x225.jpeg 300w\" sizes=\"auto, (max-width: 640px) 100vw, 640px\" \/><figcaption id=\"caption-attachment-3249\" class=\"wp-caption-text\">Carla Kaufmann startet mit dem &#8222;NachfolgeBus&#8220; eine Initiative zum Thema Unternehmensnachfolge. (Bild: zVg)<\/figcaption><\/figure>\n<p>30 Prozent der Unternehmensnachfolgen in der Schweiz scheitern. Gut 5\u2019000 Unternehmen werden somit jedes Jahr liquidiert statt weitergef\u00fchrt. Das sind t\u00e4glich 14 KMU, die aufgrund einer fehlenden Nachfolgel\u00f6sung schliessen. In Arbeitspl\u00e4tzen gesprochen sind es \u00fcber 400&#8217;000, die von einer mehr oder weniger akuten Nachfolgesituation betroffen sind. Das entspricht in etwa der Einwohnerzahl des Kantons Luzern (Vgl. Nachfolge-Studie KMU Schweiz 2017,\u00a0<a href=\"https:\/\/www.bisnode.ch\/ueber-bisnode\/ueber-uns\/presse-und-pr\/nachfolge-studie-kmu-schweiz-2017\/\">https:\/\/www.bisnode.ch\/ueber-bisnode\/ueber-uns\/presse-und-pr\/nachfolge-studie-kmu-schweiz-2017\/<\/a>).<\/p>\n<h2>Kostenlose Gespr\u00e4che rund um die Unternehmensnachfolge<\/h2>\n<p>Carla Kaufmann (Bild), erfahrene Expertin im Bereich der Unternehmensnachfolge, beobachtet diese negative Entwicklung seit acht Jahren.\u00a0Weil zuschauen bekanntlich nichts ver\u00e4ndert, initiierte sie das Projekt \u00abNachfolgeBus\u00bb. Mit 12 versierten Expertinnen und Experten tourt die Inhaberin der Companymarket AG in diesem Jahr erstmals quer durch die Deutschschweiz und bietet KMU-Unternehmern kostenlose qualifizierte Gespr\u00e4che rund um den gesamten Nachfolgeprozess. \u00abWenn sich die Schweizer Wirtschaft weiterhin so ausgepr\u00e4gt wie seit geraumer Zeit auf die unternehmerische Startup-Phase fokussiert, anstatt in mindestens gleichem Masse in das Wachstum und vor allem die Nachfolge f\u00fcr bestehende Unternehmen zu investieren, erleidet unsere Wirtschaft einen fundamentalen Substanzverlust. Anders gesagt: die Schweiz f\u00e4hrt ihre Substanz an die Wand. Als wir vor acht Jahren die Plattform Companymarket \u00fcbernommen haben, hatten wir j\u00e4hrlich 30 Prozent Unternehmen aus dem Industriesektor auf der Plattform. Heute sind wir weit unter 10 Prozent. Wir haben deindustrialisiert. Diese Tatsache wird allerdings, so meine ich, str\u00e4flich ignoriert\u00bb, konstatiert Carla Kaufmann.<\/p>\n<h2>Dringlichkeit sch\u00e4rfen<\/h2>\n<p>Genau hier setzt ihr Projekt \u00abNachfolgeBus\u00bb an. Dahinter steht einerseits die Absicht, die allgemeine Aufmerksamkeit f\u00fcr die Dringlichkeit der Unternehmensnachfolge zu sch\u00e4rfen. Zum anderen geht es darum, KMU-Inhaberinnen und -Inhaber bzw. potenzielle K\u00e4ufer und Verk\u00e4ufer zur aktiven Auseinandersetzung mit dem Thema Nachfolge zu motivieren. Denn\u00a0Schweizer KMU sollen erhalten werden. \u00abIrgendwann werden die Leute verstehen, dass wir nicht nur in die Software von Robotern investieren sollten, sondern auch ins Geh\u00e4use\u00bb, so Kaufmann weiter. Sechs Stationen stehen ab dem 24. Mai bis 28. Juni auf dem Tourprogramm. Die Route des \u00abNachfolgeBus\u00bb f\u00fchrt von Chur \u00fcber Z\u00fcrich nach Aarau, Basel und Bern bis ins Herz der Schweiz, nach Schwyz. Kurzreferate und Podiumsgespr\u00e4che mit Vertreterinnen und Vertretern aus der regionalen Politik und Unternehmen liefern aktuelle erg\u00e4nzende Impulse. Der abschliessende Ap\u00e9ro und Grill bietet Gelegenheit zur Fortsetzung des Austauschs mit den anwesenden Expertinnen und Experten.<\/p>\n<h2><strong>Positive Resonanz und Unterst\u00fctzung aus den Regionen<\/strong><\/h2>\n<p>Kantonale Organisationen wie Standort- und Wirtschaftsf\u00f6rderungen, Handelskammern und Gewerbevereine begr\u00fcssen das Projekt \u00abNachfolgeBus\u00bb und agieren als zus\u00e4tzliche Multiplikatoren in ihren Regionen. Sowohl finanzielle wie ideelle Unterst\u00fctzung erh\u00e4lt die gross angelegte Initiative von verschiedenen Finanzinstituten sowie namhaften KMU \u2013 eines davon mit 324-j\u00e4hriger Firmengeschichte. Vertreterinnen und Vertreter aus Politik und Unternehmen beleben im Rahmen des Tourprogramms mit aktuellen Aspekten und Best Practice Beispielen die Diskussion rund um den Nachfolgemarkt. Es wird spannend.<\/p>\n<h2>Wichtiges in K\u00fcrze<\/h2>\n<p><strong>Kurzprogramm \u2013 der NachfolgeBus ist jeweils von 9 bis 20 Uhr vor Ort:<\/strong><\/p>\n<ul>\n<li>Von 9 bis 17 Uhr: Kostenlose Einzelgespr\u00e4che mit den Expertinnen und Experten<\/li>\n<li>Ab ca. 16 Uhr: Kurzreferate und Podiumsgespr\u00e4che mit regionalen Vertreterinnen und Vertretern aus Politik und Unternehmen<\/li>\n<li>Von 18.30 bis 20 Uhr: Ap\u00e9ro und Grill<\/li>\n<\/ul>\n<p><strong>Alle Tourstationen 2018 im \u00dcberblick:<\/strong><\/p>\n<ul>\n<li>24. Mai: Chur<\/li>\n<li>31. Mai: Z\u00fcrich<\/li>\n<li>5. Juni: Aarau<\/li>\n<li>14. Juni: Basel<\/li>\n<li>21. Juni: Bern<\/li>\n<li>28. Juni: Schwyz<\/li>\n<\/ul>\n<p><strong>Der Experten-Circle:<\/strong><\/p>\n<ul>\n<li>Franziska M\u00fcller-Tiberini,\u00a0<a href=\"http:\/\/familienunternehmen.ch\/\">Familienunternehmen.ch<\/a>\u00a0AG<\/li>\n<li>Petra Ducksch, DTK Rechtsanw\u00e4lte<\/li>\n<li>Carla Kaufmann, Companymarket AG<\/li>\n<li>Giacomo Garaventa,\u00a0<a href=\"http:\/\/nachfolger.ch\/\">Nachfolger.ch<\/a><\/li>\n<li>Hans-Peter Ruepp, Ruepp &amp; Partner AG<\/li>\n<li>Fabian Rudin, Business Transaction AG<\/li>\n<li>David Dahinden, BDO AG<\/li>\n<li>Christoph Brunner, OBT AG<\/li>\n<li>Dr. Jean-Luc Cornaz, Partnerinvest\/Citecs AG<\/li>\n<li>Richard Jauch, KMU Diamant Consulting AG<\/li>\n<li>Daniel Burkhalter, Nachfolgepool Schweiz GmbH<\/li>\n<li>Stephan Illi, Consulta AG<\/li>\n<li>Hans-J\u00fcrg Domenig, Ansatz Firmennachfolge GmbH<\/li>\n<li>Marco Tunesi, VZ Verm\u00f6gensZentrum AG<\/li>\n<\/ul>\n<p><em>Weitere Informationen: <a href=\"http:\/\/www.nachfolgebus.ch\/\">www.nachfolgebus.ch<\/a><\/em><\/p>\n","protected":false},"excerpt":{"rendered":"<p>30 Prozent der Unternehmensnachfolgen in der Schweiz scheitern. Gut 5\u2019000 Unternehmen werden somit jedes Jahr liquidiert statt weitergef\u00fchrt. Das sind t\u00e4glich 14 KMU, die aufgrund einer fehlenden Nachfolgel\u00f6sung schliessen. In Arbeitspl\u00e4tzen gesprochen sind es \u00fcber 400&#8217;000, die von einer mehr oder weniger akuten Nachfolgesituation betroffen sind. Das entspricht in etwa der Einwohnerzahl des Kantons Luzern [&hellip;]<\/p>\n","protected":false},"author":4,"featured_media":3249,"comment_status":"open","ping_status":"open","sticky":false,"template":"","format":"standard","meta":{"_acf_changed":false,"_yoast_wpseo_focuskw":"Unternehmensnachfolge","_yoast_wpseo_metadesc":"Mit dem \u00abNachfolgeBus\u00bb touren 12 erfahrene Expertinnen und Experten f\u00fcr Nachfolgeregelungen quer durch die Schweiz und bieten Unternehmerinnen und Unternehmern kostenlose Gespr\u00e4che zur Unternehmensnachfolge.","articlekey":"","footnotes":""},"categories":[28],"tags":[207,335,393,496],"class_list":["post-3248","post","type-post","status-publish","format-standard","has-post-thumbnail","hentry","category-management","tag-firmennachfolge","tag-management-und-unternehmensfuehrung","tag-produkte","tag-unternehmensfuehrung"],"acf":[],"yoast_head":"<!-- This site is optimized with the Yoast SEO plugin v27.4 - https:\/\/yoast.com\/product\/yoast-seo-wordpress\/ -->\n<title>Experten bringen Unternehmensnachfolge auf Touren - Organisator<\/title>\n<meta name=\"description\" content=\"Mit dem \u00abNachfolgeBus\u00bb touren 12 erfahrene Expertinnen und Experten f\u00fcr Nachfolgeregelungen quer durch die Schweiz und bieten Unternehmerinnen und Unternehmern kostenlose Gespr\u00e4che zur Unternehmensnachfolge.\" \/>\n<meta name=\"robots\" content=\"index, follow, max-snippet:-1, max-image-preview:large, max-video-preview:-1\" \/>\n<link rel=\"canonical\" href=\"https:\/\/www.organisator.ch\/de\/management\/2018-03-07\/experten-bringen-unternehmensnachfolge-auf-touren\/\" \/>\n<meta property=\"og:locale\" content=\"de_DE\" \/>\n<meta property=\"og:type\" content=\"article\" \/>\n<meta property=\"og:title\" content=\"Experten bringen Unternehmensnachfolge auf Touren\" \/>\n<meta property=\"og:description\" content=\"Mit dem #\u00abNachfolgeBus\u00bb touren 12 erfahrene Expertinnen und Experten f\u00fcr #Nachfolgeregelungen quer durch die Schweiz und bieten Unternehmerinnen und Unternehmern kostenlose Gespr\u00e4che zur #Unternehmensnachfolge.\" \/>\n<meta property=\"og:url\" content=\"https:\/\/www.organisator.ch\/de\/management\/2018-03-07\/experten-bringen-unternehmensnachfolge-auf-touren\/\" \/>\n<meta property=\"og:site_name\" content=\"Organisator\" \/>\n<meta property=\"article:publisher\" content=\"https:\/\/www.facebook.com\/OrganisatorFachmagazin\" \/>\n<meta property=\"article:published_time\" content=\"2018-03-07T07:12:27+00:00\" \/>\n<meta property=\"og:image\" content=\"https:\/\/www.organisator.ch\/wp-content\/uploads\/2018\/03\/Experten-bringen-Unternehmensnachfolge-auf-Touren_Organisator.jpeg\" \/>\n\t<meta property=\"og:image:width\" content=\"640\" \/>\n\t<meta property=\"og:image:height\" content=\"480\" \/>\n\t<meta property=\"og:image:type\" content=\"image\/jpeg\" \/>\n<meta name=\"author\" content=\"thomas.berner\" \/>\n<meta name=\"twitter:card\" content=\"summary_large_image\" \/>\n<meta name=\"twitter:title\" content=\"Experten bringen #Unternehmensnachfolge auf Touren\" \/>\n<meta name=\"twitter:description\" content=\"Mit dem #\u00abNachfolgeBus\u00bb touren 12 erfahrene Expertinnen und Experten f\u00fcr #Nachfolgeregelungen quer durch die Schweiz und bieten Unternehmerinnen und Unternehmern kostenlose Gespr\u00e4che zur #Unternehmensnachfolge.\" \/>\n<meta name=\"twitter:image\" content=\"https:\/\/www.organisator.ch\/wp-content\/uploads\/2018\/03\/Experten-bringen-Unternehmensnachfolge-auf-Touren_Organisator.jpeg\" \/>\n<script type=\"application\/ld+json\" class=\"yoast-schema-graph\">{\"@context\":\"https:\\\/\\\/schema.org\",\"@graph\":[{\"@type\":\"Article\",\"@id\":\"https:\\\/\\\/www.organisator.ch\\\/management\\\/2018-03-07\\\/experten-bringen-unternehmensnachfolge-auf-touren\\\/#article\",\"isPartOf\":{\"@id\":\"https:\\\/\\\/www.organisator.ch\\\/management\\\/2018-03-07\\\/experten-bringen-unternehmensnachfolge-auf-touren\\\/\"},\"author\":{\"name\":\"thomas.berner\",\"@id\":\"https:\\\/\\\/www.organisator.ch\\\/#\\\/schema\\\/person\\\/6f650f90b2842cd4c0cc334b4e36f67e\"},\"headline\":\"Experten bringen Unternehmensnachfolge auf Touren\",\"datePublished\":\"2018-03-07T07:12:27+00:00\",\"mainEntityOfPage\":{\"@id\":\"https:\\\/\\\/www.organisator.ch\\\/management\\\/2018-03-07\\\/experten-bringen-unternehmensnachfolge-auf-touren\\\/\"},\"wordCount\":634,\"commentCount\":1,\"publisher\":{\"@id\":\"https:\\\/\\\/www.organisator.ch\\\/#organization\"},\"image\":{\"@id\":\"https:\\\/\\\/www.organisator.ch\\\/management\\\/2018-03-07\\\/experten-bringen-unternehmensnachfolge-auf-touren\\\/#primaryimage\"},\"thumbnailUrl\":\"https:\\\/\\\/www.organisator.ch\\\/wp-content\\\/uploads\\\/2018\\\/03\\\/Experten-bringen-Unternehmensnachfolge-auf-Touren_Organisator.jpeg\",\"keywords\":[\"Firmennachfolge\",\"Management und Unternehmensf\u00fchrung\",\"Produkte\",\"Unternehmensf\u00fchrung\"],\"articleSection\":[\"MANAGEMENT\"],\"inLanguage\":\"de\"},{\"@type\":\"WebPage\",\"@id\":\"https:\\\/\\\/www.organisator.ch\\\/management\\\/2018-03-07\\\/experten-bringen-unternehmensnachfolge-auf-touren\\\/\",\"url\":\"https:\\\/\\\/www.organisator.ch\\\/management\\\/2018-03-07\\\/experten-bringen-unternehmensnachfolge-auf-touren\\\/\",\"name\":\"Experten bringen Unternehmensnachfolge auf Touren - Organisator\",\"isPartOf\":{\"@id\":\"https:\\\/\\\/www.organisator.ch\\\/#website\"},\"primaryImageOfPage\":{\"@id\":\"https:\\\/\\\/www.organisator.ch\\\/management\\\/2018-03-07\\\/experten-bringen-unternehmensnachfolge-auf-touren\\\/#primaryimage\"},\"image\":{\"@id\":\"https:\\\/\\\/www.organisator.ch\\\/management\\\/2018-03-07\\\/experten-bringen-unternehmensnachfolge-auf-touren\\\/#primaryimage\"},\"thumbnailUrl\":\"https:\\\/\\\/www.organisator.ch\\\/wp-content\\\/uploads\\\/2018\\\/03\\\/Experten-bringen-Unternehmensnachfolge-auf-Touren_Organisator.jpeg\",\"datePublished\":\"2018-03-07T07:12:27+00:00\",\"description\":\"Mit dem \u00abNachfolgeBus\u00bb touren 12 erfahrene Expertinnen und Experten f\u00fcr Nachfolgeregelungen quer durch die Schweiz und bieten Unternehmerinnen und Unternehmern kostenlose Gespr\u00e4che zur Unternehmensnachfolge.\",\"breadcrumb\":{\"@id\":\"https:\\\/\\\/www.organisator.ch\\\/management\\\/2018-03-07\\\/experten-bringen-unternehmensnachfolge-auf-touren\\\/#breadcrumb\"},\"inLanguage\":\"de\",\"potentialAction\":[{\"@type\":\"ReadAction\",\"target\":[\"https:\\\/\\\/www.organisator.ch\\\/management\\\/2018-03-07\\\/experten-bringen-unternehmensnachfolge-auf-touren\\\/\"]}]},{\"@type\":\"ImageObject\",\"inLanguage\":\"de\",\"@id\":\"https:\\\/\\\/www.organisator.ch\\\/management\\\/2018-03-07\\\/experten-bringen-unternehmensnachfolge-auf-touren\\\/#primaryimage\",\"url\":\"https:\\\/\\\/www.organisator.ch\\\/wp-content\\\/uploads\\\/2018\\\/03\\\/Experten-bringen-Unternehmensnachfolge-auf-Touren_Organisator.jpeg\",\"contentUrl\":\"https:\\\/\\\/www.organisator.ch\\\/wp-content\\\/uploads\\\/2018\\\/03\\\/Experten-bringen-Unternehmensnachfolge-auf-Touren_Organisator.jpeg\",\"width\":640,\"height\":480,\"caption\":\"Carla Kaufmann startet mit dem \\\"NachfolgeBus\\\" eine Initiative zum Thema Unternehmensnachfolge. (Bild: zVg)\"},{\"@type\":\"BreadcrumbList\",\"@id\":\"https:\\\/\\\/www.organisator.ch\\\/management\\\/2018-03-07\\\/experten-bringen-unternehmensnachfolge-auf-touren\\\/#breadcrumb\",\"itemListElement\":[{\"@type\":\"ListItem\",\"position\":1,\"name\":\"Home\",\"item\":\"https:\\\/\\\/www.organisator.ch\\\/\"},{\"@type\":\"ListItem\",\"position\":2,\"name\":\"Experten bringen Unternehmensnachfolge auf Touren\"}]},{\"@type\":\"WebSite\",\"@id\":\"https:\\\/\\\/www.organisator.ch\\\/#website\",\"url\":\"https:\\\/\\\/www.organisator.ch\\\/\",\"name\":\"Organisator\",\"description\":\"Kompetent. Praxisnah. Der ORGANISATOR bereitet in 10 Ausgaben pro Jahr die wesentlichen Themen f\u00fcr F\u00fchrungskr\u00e4fte von KMU auf.\",\"publisher\":{\"@id\":\"https:\\\/\\\/www.organisator.ch\\\/#organization\"},\"potentialAction\":[{\"@type\":\"SearchAction\",\"target\":{\"@type\":\"EntryPoint\",\"urlTemplate\":\"https:\\\/\\\/www.organisator.ch\\\/?s={search_term_string}\"},\"query-input\":{\"@type\":\"PropertyValueSpecification\",\"valueRequired\":true,\"valueName\":\"search_term_string\"}}],\"inLanguage\":\"de\"},{\"@type\":\"Organization\",\"@id\":\"https:\\\/\\\/www.organisator.ch\\\/#organization\",\"name\":\"Organisator\",\"url\":\"https:\\\/\\\/www.organisator.ch\\\/\",\"logo\":{\"@type\":\"ImageObject\",\"inLanguage\":\"de\",\"@id\":\"https:\\\/\\\/www.organisator.ch\\\/#\\\/schema\\\/logo\\\/image\\\/\",\"url\":\"https:\\\/\\\/www.organisator.ch\\\/wp-content\\\/uploads\\\/2022\\\/01\\\/Logo_Organisator_Website.png\",\"contentUrl\":\"https:\\\/\\\/www.organisator.ch\\\/wp-content\\\/uploads\\\/2022\\\/01\\\/Logo_Organisator_Website.png\",\"width\":800,\"height\":77,\"caption\":\"Organisator\"},\"image\":{\"@id\":\"https:\\\/\\\/www.organisator.ch\\\/#\\\/schema\\\/logo\\\/image\\\/\"},\"sameAs\":[\"https:\\\/\\\/www.facebook.com\\\/OrganisatorFachmagazin\",\"https:\\\/\\\/www.linkedin.com\\\/showcase\\\/organisator-das-magazin-fr-kmu\",\"https:\\\/\\\/www.xing.com\\\/news\\\/pages\\\/organisator-ch-695\",\"https:\\\/\\\/www.youtube.com\\\/channel\\\/UCGP2Sq0iWaZwT3BdIAQFYpw\"]},{\"@type\":\"Person\",\"@id\":\"https:\\\/\\\/www.organisator.ch\\\/#\\\/schema\\\/person\\\/6f650f90b2842cd4c0cc334b4e36f67e\",\"name\":\"thomas.berner\",\"image\":{\"@type\":\"ImageObject\",\"inLanguage\":\"de\",\"@id\":\"https:\\\/\\\/secure.gravatar.com\\\/avatar\\\/ac5001d2a36cb6c6cd3e50789007ffca834b477b74a2144564522e944eabff61?s=96&d=mm&r=g\",\"url\":\"https:\\\/\\\/secure.gravatar.com\\\/avatar\\\/ac5001d2a36cb6c6cd3e50789007ffca834b477b74a2144564522e944eabff61?s=96&d=mm&r=g\",\"contentUrl\":\"https:\\\/\\\/secure.gravatar.com\\\/avatar\\\/ac5001d2a36cb6c6cd3e50789007ffca834b477b74a2144564522e944eabff61?s=96&d=mm&r=g\",\"caption\":\"thomas.berner\"},\"url\":\"https:\\\/\\\/www.organisator.ch\\\/de\\\/author\\\/thomas-berner\\\/\"}]}<\/script>\n<!-- \/ Yoast SEO plugin. -->","yoast_head_json":{"title":"Experten bringen Unternehmensnachfolge auf Touren - Organisator","description":"Mit dem \u00abNachfolgeBus\u00bb touren 12 erfahrene Expertinnen und Experten f\u00fcr Nachfolgeregelungen quer durch die Schweiz und bieten Unternehmerinnen und Unternehmern kostenlose Gespr\u00e4che zur Unternehmensnachfolge.","robots":{"index":"index","follow":"follow","max-snippet":"max-snippet:-1","max-image-preview":"max-image-preview:large","max-video-preview":"max-video-preview:-1"},"canonical":"https:\/\/www.organisator.ch\/de\/management\/2018-03-07\/experten-bringen-unternehmensnachfolge-auf-touren\/","og_locale":"de_DE","og_type":"article","og_title":"Experten bringen Unternehmensnachfolge auf Touren","og_description":"Mit dem #\u00abNachfolgeBus\u00bb touren 12 erfahrene Expertinnen und Experten f\u00fcr #Nachfolgeregelungen quer durch die Schweiz und bieten Unternehmerinnen und Unternehmern kostenlose Gespr\u00e4che zur #Unternehmensnachfolge.","og_url":"https:\/\/www.organisator.ch\/de\/management\/2018-03-07\/experten-bringen-unternehmensnachfolge-auf-touren\/","og_site_name":"Organisator","article_publisher":"https:\/\/www.facebook.com\/OrganisatorFachmagazin","article_published_time":"2018-03-07T07:12:27+00:00","og_image":[{"width":640,"height":480,"url":"https:\/\/www.organisator.ch\/wp-content\/uploads\/2018\/03\/Experten-bringen-Unternehmensnachfolge-auf-Touren_Organisator.jpeg","type":"image\/jpeg"}],"author":"thomas.berner","twitter_card":"summary_large_image","twitter_title":"Experten bringen #Unternehmensnachfolge auf Touren","twitter_description":"Mit dem #\u00abNachfolgeBus\u00bb touren 12 erfahrene Expertinnen und Experten f\u00fcr #Nachfolgeregelungen quer durch die Schweiz und bieten Unternehmerinnen und Unternehmern kostenlose Gespr\u00e4che zur #Unternehmensnachfolge.","twitter_image":"https:\/\/www.organisator.ch\/wp-content\/uploads\/2018\/03\/Experten-bringen-Unternehmensnachfolge-auf-Touren_Organisator.jpeg","schema":{"@context":"https:\/\/schema.org","@graph":[{"@type":"Article","@id":"https:\/\/www.organisator.ch\/management\/2018-03-07\/experten-bringen-unternehmensnachfolge-auf-touren\/#article","isPartOf":{"@id":"https:\/\/www.organisator.ch\/management\/2018-03-07\/experten-bringen-unternehmensnachfolge-auf-touren\/"},"author":{"name":"thomas.berner","@id":"https:\/\/www.organisator.ch\/#\/schema\/person\/6f650f90b2842cd4c0cc334b4e36f67e"},"headline":"Experten bringen Unternehmensnachfolge auf Touren","datePublished":"2018-03-07T07:12:27+00:00","mainEntityOfPage":{"@id":"https:\/\/www.organisator.ch\/management\/2018-03-07\/experten-bringen-unternehmensnachfolge-auf-touren\/"},"wordCount":634,"commentCount":1,"publisher":{"@id":"https:\/\/www.organisator.ch\/#organization"},"image":{"@id":"https:\/\/www.organisator.ch\/management\/2018-03-07\/experten-bringen-unternehmensnachfolge-auf-touren\/#primaryimage"},"thumbnailUrl":"https:\/\/www.organisator.ch\/wp-content\/uploads\/2018\/03\/Experten-bringen-Unternehmensnachfolge-auf-Touren_Organisator.jpeg","keywords":["Firmennachfolge","Management und Unternehmensf\u00fchrung","Produkte","Unternehmensf\u00fchrung"],"articleSection":["MANAGEMENT"],"inLanguage":"de"},{"@type":"WebPage","@id":"https:\/\/www.organisator.ch\/management\/2018-03-07\/experten-bringen-unternehmensnachfolge-auf-touren\/","url":"https:\/\/www.organisator.ch\/management\/2018-03-07\/experten-bringen-unternehmensnachfolge-auf-touren\/","name":"Experten bringen Unternehmensnachfolge auf Touren - Organisator","isPartOf":{"@id":"https:\/\/www.organisator.ch\/#website"},"primaryImageOfPage":{"@id":"https:\/\/www.organisator.ch\/management\/2018-03-07\/experten-bringen-unternehmensnachfolge-auf-touren\/#primaryimage"},"image":{"@id":"https:\/\/www.organisator.ch\/management\/2018-03-07\/experten-bringen-unternehmensnachfolge-auf-touren\/#primaryimage"},"thumbnailUrl":"https:\/\/www.organisator.ch\/wp-content\/uploads\/2018\/03\/Experten-bringen-Unternehmensnachfolge-auf-Touren_Organisator.jpeg","datePublished":"2018-03-07T07:12:27+00:00","description":"Mit dem \u00abNachfolgeBus\u00bb touren 12 erfahrene Expertinnen und Experten f\u00fcr Nachfolgeregelungen quer durch die Schweiz und bieten Unternehmerinnen und Unternehmern kostenlose Gespr\u00e4che zur Unternehmensnachfolge.","breadcrumb":{"@id":"https:\/\/www.organisator.ch\/management\/2018-03-07\/experten-bringen-unternehmensnachfolge-auf-touren\/#breadcrumb"},"inLanguage":"de","potentialAction":[{"@type":"ReadAction","target":["https:\/\/www.organisator.ch\/management\/2018-03-07\/experten-bringen-unternehmensnachfolge-auf-touren\/"]}]},{"@type":"ImageObject","inLanguage":"de","@id":"https:\/\/www.organisator.ch\/management\/2018-03-07\/experten-bringen-unternehmensnachfolge-auf-touren\/#primaryimage","url":"https:\/\/www.organisator.ch\/wp-content\/uploads\/2018\/03\/Experten-bringen-Unternehmensnachfolge-auf-Touren_Organisator.jpeg","contentUrl":"https:\/\/www.organisator.ch\/wp-content\/uploads\/2018\/03\/Experten-bringen-Unternehmensnachfolge-auf-Touren_Organisator.jpeg","width":640,"height":480,"caption":"Carla Kaufmann startet mit dem \"NachfolgeBus\" eine Initiative zum Thema Unternehmensnachfolge. (Bild: zVg)"},{"@type":"BreadcrumbList","@id":"https:\/\/www.organisator.ch\/management\/2018-03-07\/experten-bringen-unternehmensnachfolge-auf-touren\/#breadcrumb","itemListElement":[{"@type":"ListItem","position":1,"name":"Home","item":"https:\/\/www.organisator.ch\/"},{"@type":"ListItem","position":2,"name":"Experten bringen Unternehmensnachfolge auf Touren"}]},{"@type":"WebSite","@id":"https:\/\/www.organisator.ch\/#website","url":"https:\/\/www.organisator.ch\/","name":"Organisator","description":"Kompetent. Praxisnah. Der ORGANISATOR bereitet in 10 Ausgaben pro Jahr die wesentlichen Themen f\u00fcr F\u00fchrungskr\u00e4fte von KMU auf.","publisher":{"@id":"https:\/\/www.organisator.ch\/#organization"},"potentialAction":[{"@type":"SearchAction","target":{"@type":"EntryPoint","urlTemplate":"https:\/\/www.organisator.ch\/?s={search_term_string}"},"query-input":{"@type":"PropertyValueSpecification","valueRequired":true,"valueName":"search_term_string"}}],"inLanguage":"de"},{"@type":"Organization","@id":"https:\/\/www.organisator.ch\/#organization","name":"Organisator","url":"https:\/\/www.organisator.ch\/","logo":{"@type":"ImageObject","inLanguage":"de","@id":"https:\/\/www.organisator.ch\/#\/schema\/logo\/image\/","url":"https:\/\/www.organisator.ch\/wp-content\/uploads\/2022\/01\/Logo_Organisator_Website.png","contentUrl":"https:\/\/www.organisator.ch\/wp-content\/uploads\/2022\/01\/Logo_Organisator_Website.png","width":800,"height":77,"caption":"Organisator"},"image":{"@id":"https:\/\/www.organisator.ch\/#\/schema\/logo\/image\/"},"sameAs":["https:\/\/www.facebook.com\/OrganisatorFachmagazin","https:\/\/www.linkedin.com\/showcase\/organisator-das-magazin-fr-kmu","https:\/\/www.xing.com\/news\/pages\/organisator-ch-695","https:\/\/www.youtube.com\/channel\/UCGP2Sq0iWaZwT3BdIAQFYpw"]},{"@type":"Person","@id":"https:\/\/www.organisator.ch\/#\/schema\/person\/6f650f90b2842cd4c0cc334b4e36f67e","name":"thomas.berner","image":{"@type":"ImageObject","inLanguage":"de","@id":"https:\/\/secure.gravatar.com\/avatar\/ac5001d2a36cb6c6cd3e50789007ffca834b477b74a2144564522e944eabff61?s=96&d=mm&r=g","url":"https:\/\/secure.gravatar.com\/avatar\/ac5001d2a36cb6c6cd3e50789007ffca834b477b74a2144564522e944eabff61?s=96&d=mm&r=g","contentUrl":"https:\/\/secure.gravatar.com\/avatar\/ac5001d2a36cb6c6cd3e50789007ffca834b477b74a2144564522e944eabff61?s=96&d=mm&r=g","caption":"thomas.berner"},"url":"https:\/\/www.organisator.ch\/de\/author\/thomas-berner\/"}]}},"_links":{"self":[{"href":"https:\/\/www.organisator.ch\/de\/wp-json\/wp\/v2\/posts\/3248","targetHints":{"allow":["GET"]}}],"collection":[{"href":"https:\/\/www.organisator.ch\/de\/wp-json\/wp\/v2\/posts"}],"about":[{"href":"https:\/\/www.organisator.ch\/de\/wp-json\/wp\/v2\/types\/post"}],"author":[{"embeddable":true,"href":"https:\/\/www.organisator.ch\/de\/wp-json\/wp\/v2\/users\/4"}],"replies":[{"embeddable":true,"href":"https:\/\/www.organisator.ch\/de\/wp-json\/wp\/v2\/comments?post=3248"}],"version-history":[{"count":0,"href":"https:\/\/www.organisator.ch\/de\/wp-json\/wp\/v2\/posts\/3248\/revisions"}],"wp:featuredmedia":[{"embeddable":true,"href":"https:\/\/www.organisator.ch\/de\/wp-json\/wp\/v2\/media\/3249"}],"wp:attachment":[{"href":"https:\/\/www.organisator.ch\/de\/wp-json\/wp\/v2\/media?parent=3248"}],"wp:term":[{"taxonomy":"category","embeddable":true,"href":"https:\/\/www.organisator.ch\/de\/wp-json\/wp\/v2\/categories?post=3248"},{"taxonomy":"post_tag","embeddable":true,"href":"https:\/\/www.organisator.ch\/de\/wp-json\/wp\/v2\/tags?post=3248"}],"curies":[{"name":"wp","href":"https:\/\/api.w.org\/{rel}","templated":true}]}}