{"id":32609,"date":"2024-11-12T11:05:32","date_gmt":"2024-11-12T10:05:32","guid":{"rendered":"https:\/\/www.organisator.ch\/?p=32609"},"modified":"2024-11-12T10:36:34","modified_gmt":"2024-11-12T09:36:34","slug":"faire-entlohnung-interne-gleichstellung-als-pruefstein-fuer-unternehmen","status":"publish","type":"post","link":"https:\/\/www.organisator.ch\/de\/human-resources\/2024-11-12\/faire-entlohnung-interne-gleichstellung-als-pruefstein-fuer-unternehmen\/","title":{"rendered":"Faire Entlohnung: Interne Gleichstellung als Pr\u00fcfstein f\u00fcr Unternehmen"},"content":{"rendered":"<figure id=\"attachment_32611\" aria-describedby=\"caption-attachment-32611\" style=\"width: 680px\" class=\"wp-caption alignnone\"><img loading=\"lazy\" decoding=\"async\" class=\"size-full wp-image-32611\" src=\"https:\/\/www.organisator.ch\/wp-content\/uploads\/2024\/11\/SDWorx_Bild1_ps.jpg\" alt=\"\" width=\"680\" height=\"451\" srcset=\"https:\/\/www.organisator.ch\/wp-content\/uploads\/2024\/11\/SDWorx_Bild1_ps.jpg 680w, https:\/\/www.organisator.ch\/wp-content\/uploads\/2024\/11\/SDWorx_Bild1_ps-18x12.jpg 18w, https:\/\/www.organisator.ch\/wp-content\/uploads\/2024\/11\/SDWorx_Bild1_ps-375x249.jpg 375w, https:\/\/www.organisator.ch\/wp-content\/uploads\/2024\/11\/SDWorx_Bild1_ps-528x350.jpg 528w\" sizes=\"auto, (max-width: 680px) 100vw, 680px\" \/><figcaption id=\"caption-attachment-32611\" class=\"wp-caption-text\">Die Lohntransparenz ist f\u00fcr 35 Prozent der Arbeitgebenden die zweitgr\u00f6sste Herausforderung. (Bild: www.depositphotos.com)<\/figcaption><\/figure>\n<p>Gleichzeitig ist die Entwicklung einer strategisch sinnvollen Verg\u00fctungspolicy f\u00fcr 21 Prozent der Unternehmen eine zentrale Herausforderung, bei der das finanzielle Wohlergehen der Mitarbeitenden im Mittelpunkt steht. Dies ist ein leichter R\u00fcckgang im Vergleich zu vor drei Jahren (24 Prozent). Obwohl Arbeitgebende der Gleichstellung grosse Bedeutung einr\u00e4umen, haben vier von zehn Unternehmen keine Pl\u00e4ne zur L\u00f6sung der bestehenden Probleme.<\/p>\n<h3><strong>Lohntransparenz und fehlendes Wissen \u00fcber gesetzliche Anforderungen<\/strong><\/h3>\n<p>Die Lohntransparenz ist f\u00fcr 35 Prozent der Arbeitgebenden die zweitgr\u00f6sste Herausforderung. Derzeit haben jedoch 41 Prozent der Unternehmen noch keine konkreten Schritte zur F\u00f6rderung der Transparenz unternommen. Ein Drittel (32 Prozent) plant, in Zukunft mehr Transparenz zu schaffen, w\u00e4hrend 28 Prozent bereits aktiv daran arbeiten. Allerdings gibt fast ein Drittel der Arbeitgebenden (29 Prozent) an, die gesetzlichen Anforderungen, wie die EU-Lohntransparenzrichtlinie, nicht vollst\u00e4ndig zu kennen.<\/p>\n<h3><strong>Steigende Lohnkosten und finanzielle Belastung <\/strong><\/h3>\n<p>Ein weiteres Drittel der Arbeitgebenden sieht das finanzielle Wohlergehen der Mitarbeitenden als grosse Herausforderung, da der finanzielle Stress bei den Arbeitnehmenden zunimmt. Zu den am h\u00e4ufigsten ergriffenen Massnahmen z\u00e4hlen feste Gehaltserh\u00f6hungen (44 Prozent), variable Gehaltsanpassungen (40 Prozent) und Zusatzleistungen wie Krankenversicherung oder betriebliche Altersvorsorge (35 Prozent). Mehr als die H\u00e4lfte der Unternehmen (53 Prozent) verzeichnete ausserdem im vergangenen Jahr einen Anstieg der Lohnkosten.<\/p>\n<h3><strong>Mangelnde Kommunikation der Verg\u00fctungspolitik<\/strong><\/h3>\n<p>Auch die Kommunikation der Verg\u00fctungspolitik bleibt ein Schwachpunkt: 29 Prozent der Unternehmen geben an, keine klaren Informationen \u00fcber ihre Verg\u00fctungspolitik zu kommunizieren, was dazu f\u00fchrt, dass sich fast 60 Prozent der Mitarbeitenden nicht ausreichend informiert f\u00fchlen.<\/p>\n<h3><strong>Vier Erfolgsfaktoren f\u00fcr eine nachhaltige Verg\u00fctungspolitik<\/strong><\/h3>\n<p>\u201eUnsere Studie zeigt, dass sich die H\u00e4lfte der europ\u00e4ischen Unternehmen bereits mit einem strategischen Verg\u00fctungspolitik besch\u00e4ftigt, wobei Grossbritannien (60 Prozent), Rum\u00e4nien und Polen (beide je 58 Prozent) an der Spitze liegen\u201c, sagt Bruce Fecheyr-Lippens, Chief People Director bei SD Worx. \u201eAuf dem heutigen wettbewerbsintensiven Markt ist es entscheidend, die Verg\u00fctung an die Bed\u00fcrfnisse der Mitarbeitenden anzupassen. Dies hilft nicht nur, Talente anzuziehen, sondern auch, sie zu halten. Sechs von zehn Arbeitnehmenden halten das Gehalt f\u00fcr das wichtigste Kriterium bei der Entscheidung f\u00fcr oder gegen ein Unternehmen. Daher sollte auf ein ausgewogenes Verh\u00e4ltnis zwischen Verg\u00fctung und Arbeitskosten geachtet werden. Ein Mix aus finanziellen und nicht-finanziellen Leistungen steigert die Zufriedenheit und das Wohlbefinden der Mitarbeitenden.\u201c<\/p>\n<p>\u201eGem\u00e4ss der EU-Lohntransparenzrichtlinie m\u00fcssen Unternehmen mit mehr als 250 Besch\u00e4ftigten j\u00e4hrliche Berichte \u00fcber den Gender Pay Gap in ihrer Organisation erstellen\u201c, erg\u00e4nzt Fecheyr-Lippens. \u201eKleinere Unternehmen mit mehr als 150 Besch\u00e4ftigten m\u00fcssen dies alle drei Jahre tun. Aber nur ein Viertel der europ\u00e4ischen Unternehmen bietet derzeit eine \u201aGesamtverg\u00fctungs\u00fcbersicht\u2018 an. Wir empfehlen eine offene Kommunikation \u00fcber die Verg\u00fctungspolitik. Das schafft Vertrauen und ein ehrliches, transparentes Arbeitsumfeld, in dem sich alle Mitarbeitenden wertgesch\u00e4tzt f\u00fchlen.\u201c<\/p>\n<p><em>Quelle: <a href=\"http:\/\/www.sdworx.com\">www.sdworx.com<\/a><\/em><\/p>\n","protected":false},"excerpt":{"rendered":"<p>Mehr als ein Drittel (36 Prozent) der europ\u00e4ischen Arbeitgebenden sieht die interne Gleichstellung als gr\u00f6sste Herausforderung im Hinblick auf die Entlohnung. W\u00e4hrend fast 30 Prozent bereits aktiv an der Verbesserung der Lohngleichheit arbeiten und 31 Prozent entsprechende Pl\u00e4ne f\u00fcr die Zukunft haben, gibt fast die H\u00e4lfte (40 Prozent) an, derzeit keine konkreten Massnahmen zur Beseitigung der Lohnungleichheit zu ergreifen oder ergreifen zu wollen. Dies zeigt eine internationale Studie von SD Worx, Europas f\u00fchrendem Anbieter von HR-L\u00f6sungen.<\/p>\n","protected":false},"author":58,"featured_media":32611,"comment_status":"closed","ping_status":"closed","sticky":false,"template":"","format":"standard","meta":{"_acf_changed":false,"_yoast_wpseo_focuskw":"Entlohnung","_yoast_wpseo_metadesc":"Mehr als ein Drittel (36 Prozent) der europ\u00e4ischen Arbeitgebenden sieht die interne Gleichstellung als gr\u00f6sste Herausforderung im Hinblick auf die Entlohnung.","articlekey":"","footnotes":""},"categories":[579],"tags":[176,1295,3506,492,4738],"class_list":["post-32609","post","type-post","status-publish","format-standard","has-post-thumbnail","hentry","category-human-resources","tag-entloehnung","tag-gleichstellung","tag-human-resources","tag-unternehmen","tag-verguetungspolitik"],"acf":[],"yoast_head":"<!-- This site is optimized with the Yoast SEO plugin v27.4 - https:\/\/yoast.com\/product\/yoast-seo-wordpress\/ -->\n<title>Faire Entlohnung: Interne Gleichstellung als Pr\u00fcfstein f\u00fcr Unternehmen - Organisator<\/title>\n<meta name=\"description\" content=\"Mehr als ein Drittel (36 Prozent) der europ\u00e4ischen Arbeitgebenden sieht die interne Gleichstellung als gr\u00f6sste Herausforderung im Hinblick auf die Entlohnung.\" \/>\n<meta name=\"robots\" content=\"index, follow, max-snippet:-1, max-image-preview:large, max-video-preview:-1\" \/>\n<link rel=\"canonical\" href=\"https:\/\/www.organisator.ch\/de\/human-resources\/2024-11-12\/faire-entlohnung-interne-gleichstellung-als-pruefstein-fuer-unternehmen\/\" \/>\n<meta property=\"og:locale\" content=\"de_DE\" \/>\n<meta property=\"og:type\" content=\"article\" \/>\n<meta property=\"og:title\" content=\"Faire Entlohnung: Interne Gleichstellung als Pr\u00fcfstein f\u00fcr Unternehmen\" \/>\n<meta property=\"og:description\" content=\"Mehr als ein Drittel (36 Prozent) der europ\u00e4ischen Arbeitgebenden sieht die interne Gleichstellung als gr\u00f6sste Herausforderung im Hinblick auf die Entlohnung.\" \/>\n<meta property=\"og:url\" content=\"https:\/\/www.organisator.ch\/de\/human-resources\/2024-11-12\/faire-entlohnung-interne-gleichstellung-als-pruefstein-fuer-unternehmen\/\" \/>\n<meta property=\"og:site_name\" content=\"Organisator\" \/>\n<meta property=\"article:publisher\" content=\"https:\/\/www.facebook.com\/OrganisatorFachmagazin\" \/>\n<meta property=\"article:published_time\" content=\"2024-11-12T10:05:32+00:00\" \/>\n<meta property=\"og:image\" content=\"https:\/\/www.organisator.ch\/wp-content\/uploads\/2024\/11\/SDWorx_Bild1_ps.jpg\" \/>\n\t<meta property=\"og:image:width\" content=\"680\" \/>\n\t<meta property=\"og:image:height\" content=\"451\" \/>\n\t<meta property=\"og:image:type\" content=\"image\/jpeg\" \/>\n<meta name=\"author\" content=\"Adelisa Kalajdzini\" \/>\n<meta name=\"twitter:card\" content=\"summary_large_image\" \/>\n<meta name=\"twitter:title\" content=\"Faire Entlohnung: Interne Gleichstellung als Pr\u00fcfstein f\u00fcr Unternehmen\" \/>\n<meta name=\"twitter:description\" content=\"Mehr als ein Drittel (36 Prozent) der #europ\u00e4ischen #Arbeitgebenden sieht die #interne #Gleichstellung als gr\u00f6sste #Herausforderung im Hinblick auf die #Entlohnung.\" \/>\n<meta name=\"twitter:image\" content=\"https:\/\/www.organisator.ch\/wp-content\/uploads\/2024\/11\/SDWorx_Bild1_ps.jpg\" \/>\n<script type=\"application\/ld+json\" class=\"yoast-schema-graph\">{\"@context\":\"https:\\\/\\\/schema.org\",\"@graph\":[{\"@type\":\"Article\",\"@id\":\"https:\\\/\\\/www.organisator.ch\\\/human-resources\\\/2024-11-12\\\/faire-entlohnung-interne-gleichstellung-als-pruefstein-fuer-unternehmen\\\/#article\",\"isPartOf\":{\"@id\":\"https:\\\/\\\/www.organisator.ch\\\/human-resources\\\/2024-11-12\\\/faire-entlohnung-interne-gleichstellung-als-pruefstein-fuer-unternehmen\\\/\"},\"author\":{\"name\":\"Adelisa Kalajdzini\",\"@id\":\"https:\\\/\\\/www.organisator.ch\\\/#\\\/schema\\\/person\\\/2e1314a2172123f874db408d8911d3f3\"},\"headline\":\"Faire Entlohnung: Interne Gleichstellung als Pr\u00fcfstein f\u00fcr Unternehmen\",\"datePublished\":\"2024-11-12T10:05:32+00:00\",\"mainEntityOfPage\":{\"@id\":\"https:\\\/\\\/www.organisator.ch\\\/human-resources\\\/2024-11-12\\\/faire-entlohnung-interne-gleichstellung-als-pruefstein-fuer-unternehmen\\\/\"},\"wordCount\":494,\"publisher\":{\"@id\":\"https:\\\/\\\/www.organisator.ch\\\/#organization\"},\"image\":{\"@id\":\"https:\\\/\\\/www.organisator.ch\\\/human-resources\\\/2024-11-12\\\/faire-entlohnung-interne-gleichstellung-als-pruefstein-fuer-unternehmen\\\/#primaryimage\"},\"thumbnailUrl\":\"https:\\\/\\\/www.organisator.ch\\\/wp-content\\\/uploads\\\/2024\\\/11\\\/SDWorx_Bild1_ps.jpg\",\"keywords\":[\"Entl\u00f6hnung\",\"Gleichstellung\",\"Human Resources\",\"Unternehmen\",\"Verg\u00fctungspolitik\"],\"articleSection\":[\"HUMAN RESOURCES\"],\"inLanguage\":\"de\"},{\"@type\":\"WebPage\",\"@id\":\"https:\\\/\\\/www.organisator.ch\\\/human-resources\\\/2024-11-12\\\/faire-entlohnung-interne-gleichstellung-als-pruefstein-fuer-unternehmen\\\/\",\"url\":\"https:\\\/\\\/www.organisator.ch\\\/human-resources\\\/2024-11-12\\\/faire-entlohnung-interne-gleichstellung-als-pruefstein-fuer-unternehmen\\\/\",\"name\":\"Faire Entlohnung: Interne Gleichstellung als Pr\u00fcfstein f\u00fcr Unternehmen - Organisator\",\"isPartOf\":{\"@id\":\"https:\\\/\\\/www.organisator.ch\\\/#website\"},\"primaryImageOfPage\":{\"@id\":\"https:\\\/\\\/www.organisator.ch\\\/human-resources\\\/2024-11-12\\\/faire-entlohnung-interne-gleichstellung-als-pruefstein-fuer-unternehmen\\\/#primaryimage\"},\"image\":{\"@id\":\"https:\\\/\\\/www.organisator.ch\\\/human-resources\\\/2024-11-12\\\/faire-entlohnung-interne-gleichstellung-als-pruefstein-fuer-unternehmen\\\/#primaryimage\"},\"thumbnailUrl\":\"https:\\\/\\\/www.organisator.ch\\\/wp-content\\\/uploads\\\/2024\\\/11\\\/SDWorx_Bild1_ps.jpg\",\"datePublished\":\"2024-11-12T10:05:32+00:00\",\"description\":\"Mehr als ein Drittel (36 Prozent) der europ\u00e4ischen Arbeitgebenden sieht die interne Gleichstellung als gr\u00f6sste Herausforderung im Hinblick auf die Entlohnung.\",\"breadcrumb\":{\"@id\":\"https:\\\/\\\/www.organisator.ch\\\/human-resources\\\/2024-11-12\\\/faire-entlohnung-interne-gleichstellung-als-pruefstein-fuer-unternehmen\\\/#breadcrumb\"},\"inLanguage\":\"de\",\"potentialAction\":[{\"@type\":\"ReadAction\",\"target\":[\"https:\\\/\\\/www.organisator.ch\\\/human-resources\\\/2024-11-12\\\/faire-entlohnung-interne-gleichstellung-als-pruefstein-fuer-unternehmen\\\/\"]}]},{\"@type\":\"ImageObject\",\"inLanguage\":\"de\",\"@id\":\"https:\\\/\\\/www.organisator.ch\\\/human-resources\\\/2024-11-12\\\/faire-entlohnung-interne-gleichstellung-als-pruefstein-fuer-unternehmen\\\/#primaryimage\",\"url\":\"https:\\\/\\\/www.organisator.ch\\\/wp-content\\\/uploads\\\/2024\\\/11\\\/SDWorx_Bild1_ps.jpg\",\"contentUrl\":\"https:\\\/\\\/www.organisator.ch\\\/wp-content\\\/uploads\\\/2024\\\/11\\\/SDWorx_Bild1_ps.jpg\",\"width\":680,\"height\":451,\"caption\":\"Die Lohntransparenz ist f\u00fcr 35 Prozent der Arbeitgebenden die zweitgr\u00f6sste Herausforderung. (Bild: www.depositphotos.com)\"},{\"@type\":\"BreadcrumbList\",\"@id\":\"https:\\\/\\\/www.organisator.ch\\\/human-resources\\\/2024-11-12\\\/faire-entlohnung-interne-gleichstellung-als-pruefstein-fuer-unternehmen\\\/#breadcrumb\",\"itemListElement\":[{\"@type\":\"ListItem\",\"position\":1,\"name\":\"Home\",\"item\":\"https:\\\/\\\/www.organisator.ch\\\/\"},{\"@type\":\"ListItem\",\"position\":2,\"name\":\"Faire Entlohnung: Interne Gleichstellung als Pr\u00fcfstein f\u00fcr Unternehmen\"}]},{\"@type\":\"WebSite\",\"@id\":\"https:\\\/\\\/www.organisator.ch\\\/#website\",\"url\":\"https:\\\/\\\/www.organisator.ch\\\/\",\"name\":\"Organisator\",\"description\":\"Kompetent. Praxisnah. Der ORGANISATOR bereitet in 10 Ausgaben pro Jahr die wesentlichen Themen f\u00fcr F\u00fchrungskr\u00e4fte von KMU auf.\",\"publisher\":{\"@id\":\"https:\\\/\\\/www.organisator.ch\\\/#organization\"},\"potentialAction\":[{\"@type\":\"SearchAction\",\"target\":{\"@type\":\"EntryPoint\",\"urlTemplate\":\"https:\\\/\\\/www.organisator.ch\\\/?s={search_term_string}\"},\"query-input\":{\"@type\":\"PropertyValueSpecification\",\"valueRequired\":true,\"valueName\":\"search_term_string\"}}],\"inLanguage\":\"de\"},{\"@type\":\"Organization\",\"@id\":\"https:\\\/\\\/www.organisator.ch\\\/#organization\",\"name\":\"Organisator\",\"url\":\"https:\\\/\\\/www.organisator.ch\\\/\",\"logo\":{\"@type\":\"ImageObject\",\"inLanguage\":\"de\",\"@id\":\"https:\\\/\\\/www.organisator.ch\\\/#\\\/schema\\\/logo\\\/image\\\/\",\"url\":\"https:\\\/\\\/www.organisator.ch\\\/wp-content\\\/uploads\\\/2022\\\/01\\\/Logo_Organisator_Website.png\",\"contentUrl\":\"https:\\\/\\\/www.organisator.ch\\\/wp-content\\\/uploads\\\/2022\\\/01\\\/Logo_Organisator_Website.png\",\"width\":800,\"height\":77,\"caption\":\"Organisator\"},\"image\":{\"@id\":\"https:\\\/\\\/www.organisator.ch\\\/#\\\/schema\\\/logo\\\/image\\\/\"},\"sameAs\":[\"https:\\\/\\\/www.facebook.com\\\/OrganisatorFachmagazin\",\"https:\\\/\\\/www.linkedin.com\\\/showcase\\\/organisator-das-magazin-fr-kmu\",\"https:\\\/\\\/www.xing.com\\\/news\\\/pages\\\/organisator-ch-695\",\"https:\\\/\\\/www.youtube.com\\\/channel\\\/UCGP2Sq0iWaZwT3BdIAQFYpw\"]},{\"@type\":\"Person\",\"@id\":\"https:\\\/\\\/www.organisator.ch\\\/#\\\/schema\\\/person\\\/2e1314a2172123f874db408d8911d3f3\",\"name\":\"Adelisa Kalajdzini\",\"image\":{\"@type\":\"ImageObject\",\"inLanguage\":\"de\",\"@id\":\"https:\\\/\\\/secure.gravatar.com\\\/avatar\\\/09a397c22ac58cad6f160ee8306348599df9df58a8ede73696226897b9fa4b24?s=96&d=mm&r=g\",\"url\":\"https:\\\/\\\/secure.gravatar.com\\\/avatar\\\/09a397c22ac58cad6f160ee8306348599df9df58a8ede73696226897b9fa4b24?s=96&d=mm&r=g\",\"contentUrl\":\"https:\\\/\\\/secure.gravatar.com\\\/avatar\\\/09a397c22ac58cad6f160ee8306348599df9df58a8ede73696226897b9fa4b24?s=96&d=mm&r=g\",\"caption\":\"Adelisa Kalajdzini\"},\"url\":\"https:\\\/\\\/www.organisator.ch\\\/de\\\/author\\\/adelisa-kalajdzini\\\/\"}]}<\/script>\n<!-- \/ Yoast SEO plugin. -->","yoast_head_json":{"title":"Faire Entlohnung: Interne Gleichstellung als Pr\u00fcfstein f\u00fcr Unternehmen - Organisator","description":"Mehr als ein Drittel (36 Prozent) der europ\u00e4ischen Arbeitgebenden sieht die interne Gleichstellung als gr\u00f6sste Herausforderung im Hinblick auf die Entlohnung.","robots":{"index":"index","follow":"follow","max-snippet":"max-snippet:-1","max-image-preview":"max-image-preview:large","max-video-preview":"max-video-preview:-1"},"canonical":"https:\/\/www.organisator.ch\/de\/human-resources\/2024-11-12\/faire-entlohnung-interne-gleichstellung-als-pruefstein-fuer-unternehmen\/","og_locale":"de_DE","og_type":"article","og_title":"Faire Entlohnung: Interne Gleichstellung als Pr\u00fcfstein f\u00fcr Unternehmen","og_description":"Mehr als ein Drittel (36 Prozent) der europ\u00e4ischen Arbeitgebenden sieht die interne Gleichstellung als gr\u00f6sste Herausforderung im Hinblick auf die Entlohnung.","og_url":"https:\/\/www.organisator.ch\/de\/human-resources\/2024-11-12\/faire-entlohnung-interne-gleichstellung-als-pruefstein-fuer-unternehmen\/","og_site_name":"Organisator","article_publisher":"https:\/\/www.facebook.com\/OrganisatorFachmagazin","article_published_time":"2024-11-12T10:05:32+00:00","og_image":[{"width":680,"height":451,"url":"https:\/\/www.organisator.ch\/wp-content\/uploads\/2024\/11\/SDWorx_Bild1_ps.jpg","type":"image\/jpeg"}],"author":"Adelisa Kalajdzini","twitter_card":"summary_large_image","twitter_title":"Faire Entlohnung: Interne Gleichstellung als Pr\u00fcfstein f\u00fcr Unternehmen","twitter_description":"Mehr als ein Drittel (36 Prozent) der #europ\u00e4ischen #Arbeitgebenden sieht die #interne #Gleichstellung als gr\u00f6sste #Herausforderung im Hinblick auf die #Entlohnung.","twitter_image":"https:\/\/www.organisator.ch\/wp-content\/uploads\/2024\/11\/SDWorx_Bild1_ps.jpg","schema":{"@context":"https:\/\/schema.org","@graph":[{"@type":"Article","@id":"https:\/\/www.organisator.ch\/human-resources\/2024-11-12\/faire-entlohnung-interne-gleichstellung-als-pruefstein-fuer-unternehmen\/#article","isPartOf":{"@id":"https:\/\/www.organisator.ch\/human-resources\/2024-11-12\/faire-entlohnung-interne-gleichstellung-als-pruefstein-fuer-unternehmen\/"},"author":{"name":"Adelisa Kalajdzini","@id":"https:\/\/www.organisator.ch\/#\/schema\/person\/2e1314a2172123f874db408d8911d3f3"},"headline":"Faire Entlohnung: Interne Gleichstellung als Pr\u00fcfstein f\u00fcr Unternehmen","datePublished":"2024-11-12T10:05:32+00:00","mainEntityOfPage":{"@id":"https:\/\/www.organisator.ch\/human-resources\/2024-11-12\/faire-entlohnung-interne-gleichstellung-als-pruefstein-fuer-unternehmen\/"},"wordCount":494,"publisher":{"@id":"https:\/\/www.organisator.ch\/#organization"},"image":{"@id":"https:\/\/www.organisator.ch\/human-resources\/2024-11-12\/faire-entlohnung-interne-gleichstellung-als-pruefstein-fuer-unternehmen\/#primaryimage"},"thumbnailUrl":"https:\/\/www.organisator.ch\/wp-content\/uploads\/2024\/11\/SDWorx_Bild1_ps.jpg","keywords":["Entl\u00f6hnung","Gleichstellung","Human Resources","Unternehmen","Verg\u00fctungspolitik"],"articleSection":["HUMAN RESOURCES"],"inLanguage":"de"},{"@type":"WebPage","@id":"https:\/\/www.organisator.ch\/human-resources\/2024-11-12\/faire-entlohnung-interne-gleichstellung-als-pruefstein-fuer-unternehmen\/","url":"https:\/\/www.organisator.ch\/human-resources\/2024-11-12\/faire-entlohnung-interne-gleichstellung-als-pruefstein-fuer-unternehmen\/","name":"Faire Entlohnung: Interne Gleichstellung als Pr\u00fcfstein f\u00fcr Unternehmen - Organisator","isPartOf":{"@id":"https:\/\/www.organisator.ch\/#website"},"primaryImageOfPage":{"@id":"https:\/\/www.organisator.ch\/human-resources\/2024-11-12\/faire-entlohnung-interne-gleichstellung-als-pruefstein-fuer-unternehmen\/#primaryimage"},"image":{"@id":"https:\/\/www.organisator.ch\/human-resources\/2024-11-12\/faire-entlohnung-interne-gleichstellung-als-pruefstein-fuer-unternehmen\/#primaryimage"},"thumbnailUrl":"https:\/\/www.organisator.ch\/wp-content\/uploads\/2024\/11\/SDWorx_Bild1_ps.jpg","datePublished":"2024-11-12T10:05:32+00:00","description":"Mehr als ein Drittel (36 Prozent) der europ\u00e4ischen Arbeitgebenden sieht die interne Gleichstellung als gr\u00f6sste Herausforderung im Hinblick auf die Entlohnung.","breadcrumb":{"@id":"https:\/\/www.organisator.ch\/human-resources\/2024-11-12\/faire-entlohnung-interne-gleichstellung-als-pruefstein-fuer-unternehmen\/#breadcrumb"},"inLanguage":"de","potentialAction":[{"@type":"ReadAction","target":["https:\/\/www.organisator.ch\/human-resources\/2024-11-12\/faire-entlohnung-interne-gleichstellung-als-pruefstein-fuer-unternehmen\/"]}]},{"@type":"ImageObject","inLanguage":"de","@id":"https:\/\/www.organisator.ch\/human-resources\/2024-11-12\/faire-entlohnung-interne-gleichstellung-als-pruefstein-fuer-unternehmen\/#primaryimage","url":"https:\/\/www.organisator.ch\/wp-content\/uploads\/2024\/11\/SDWorx_Bild1_ps.jpg","contentUrl":"https:\/\/www.organisator.ch\/wp-content\/uploads\/2024\/11\/SDWorx_Bild1_ps.jpg","width":680,"height":451,"caption":"Die Lohntransparenz ist f\u00fcr 35 Prozent der Arbeitgebenden die zweitgr\u00f6sste Herausforderung. (Bild: www.depositphotos.com)"},{"@type":"BreadcrumbList","@id":"https:\/\/www.organisator.ch\/human-resources\/2024-11-12\/faire-entlohnung-interne-gleichstellung-als-pruefstein-fuer-unternehmen\/#breadcrumb","itemListElement":[{"@type":"ListItem","position":1,"name":"Home","item":"https:\/\/www.organisator.ch\/"},{"@type":"ListItem","position":2,"name":"Faire Entlohnung: Interne Gleichstellung als Pr\u00fcfstein f\u00fcr Unternehmen"}]},{"@type":"WebSite","@id":"https:\/\/www.organisator.ch\/#website","url":"https:\/\/www.organisator.ch\/","name":"Organisator","description":"Kompetent. Praxisnah. Der ORGANISATOR bereitet in 10 Ausgaben pro Jahr die wesentlichen Themen f\u00fcr F\u00fchrungskr\u00e4fte von KMU auf.","publisher":{"@id":"https:\/\/www.organisator.ch\/#organization"},"potentialAction":[{"@type":"SearchAction","target":{"@type":"EntryPoint","urlTemplate":"https:\/\/www.organisator.ch\/?s={search_term_string}"},"query-input":{"@type":"PropertyValueSpecification","valueRequired":true,"valueName":"search_term_string"}}],"inLanguage":"de"},{"@type":"Organization","@id":"https:\/\/www.organisator.ch\/#organization","name":"Organisator","url":"https:\/\/www.organisator.ch\/","logo":{"@type":"ImageObject","inLanguage":"de","@id":"https:\/\/www.organisator.ch\/#\/schema\/logo\/image\/","url":"https:\/\/www.organisator.ch\/wp-content\/uploads\/2022\/01\/Logo_Organisator_Website.png","contentUrl":"https:\/\/www.organisator.ch\/wp-content\/uploads\/2022\/01\/Logo_Organisator_Website.png","width":800,"height":77,"caption":"Organisator"},"image":{"@id":"https:\/\/www.organisator.ch\/#\/schema\/logo\/image\/"},"sameAs":["https:\/\/www.facebook.com\/OrganisatorFachmagazin","https:\/\/www.linkedin.com\/showcase\/organisator-das-magazin-fr-kmu","https:\/\/www.xing.com\/news\/pages\/organisator-ch-695","https:\/\/www.youtube.com\/channel\/UCGP2Sq0iWaZwT3BdIAQFYpw"]},{"@type":"Person","@id":"https:\/\/www.organisator.ch\/#\/schema\/person\/2e1314a2172123f874db408d8911d3f3","name":"Adelisa Kalajdzini","image":{"@type":"ImageObject","inLanguage":"de","@id":"https:\/\/secure.gravatar.com\/avatar\/09a397c22ac58cad6f160ee8306348599df9df58a8ede73696226897b9fa4b24?s=96&d=mm&r=g","url":"https:\/\/secure.gravatar.com\/avatar\/09a397c22ac58cad6f160ee8306348599df9df58a8ede73696226897b9fa4b24?s=96&d=mm&r=g","contentUrl":"https:\/\/secure.gravatar.com\/avatar\/09a397c22ac58cad6f160ee8306348599df9df58a8ede73696226897b9fa4b24?s=96&d=mm&r=g","caption":"Adelisa Kalajdzini"},"url":"https:\/\/www.organisator.ch\/de\/author\/adelisa-kalajdzini\/"}]}},"_links":{"self":[{"href":"https:\/\/www.organisator.ch\/de\/wp-json\/wp\/v2\/posts\/32609","targetHints":{"allow":["GET"]}}],"collection":[{"href":"https:\/\/www.organisator.ch\/de\/wp-json\/wp\/v2\/posts"}],"about":[{"href":"https:\/\/www.organisator.ch\/de\/wp-json\/wp\/v2\/types\/post"}],"author":[{"embeddable":true,"href":"https:\/\/www.organisator.ch\/de\/wp-json\/wp\/v2\/users\/58"}],"replies":[{"embeddable":true,"href":"https:\/\/www.organisator.ch\/de\/wp-json\/wp\/v2\/comments?post=32609"}],"version-history":[{"count":3,"href":"https:\/\/www.organisator.ch\/de\/wp-json\/wp\/v2\/posts\/32609\/revisions"}],"predecessor-version":[{"id":32688,"href":"https:\/\/www.organisator.ch\/de\/wp-json\/wp\/v2\/posts\/32609\/revisions\/32688"}],"wp:featuredmedia":[{"embeddable":true,"href":"https:\/\/www.organisator.ch\/de\/wp-json\/wp\/v2\/media\/32611"}],"wp:attachment":[{"href":"https:\/\/www.organisator.ch\/de\/wp-json\/wp\/v2\/media?parent=32609"}],"wp:term":[{"taxonomy":"category","embeddable":true,"href":"https:\/\/www.organisator.ch\/de\/wp-json\/wp\/v2\/categories?post=32609"},{"taxonomy":"post_tag","embeddable":true,"href":"https:\/\/www.organisator.ch\/de\/wp-json\/wp\/v2\/tags?post=32609"}],"curies":[{"name":"wp","href":"https:\/\/api.w.org\/{rel}","templated":true}]}}