{"id":32693,"date":"2024-11-12T20:18:59","date_gmt":"2024-11-12T19:18:59","guid":{"rendered":"https:\/\/www.markt-kom.com\/?p=226480"},"modified":"2024-11-13T09:26:08","modified_gmt":"2024-11-13T08:26:08","slug":"kanton-bern-will-gegen-hassdelikte-vorgehen","status":"publish","type":"post","link":"https:\/\/www.organisator.ch\/de\/marketing\/2024-11-12\/kanton-bern-will-gegen-hassdelikte-vorgehen\/","title":{"rendered":"Kanton Bern will gegen Hassdelikte vorgehen"},"content":{"rendered":"<p><img class=\"aligncenter wp-image-226481 size-full\" src=\"https:\/\/www.markt-kom.com\/wp-content\/uploads\/2024\/11\/A4-Plakat-Committment_Hate_Crime_Deutsch.jpg\" alt=\"Kanton Bern\" width=\"1200\" height=\"900\" \/><\/p>\r\n<p>\u00abKriege und Konflikte pr\u00e4gen das Weltbild, das sp\u00fcren wir auch im Kanton Bern\u00bb, sagte Sicherheitsdirektor Philippe M\u00fcller von der FDP am Dienstag vor den Medien. So h\u00e4tten antisemitische Vorf\u00e4lle und damit verbundene Anfragen seit dem Terroranschlag der Hamas auf Israel und dem Aufflammen des Nahostkonflikts zugenommen. Auch zu Vorf\u00e4llen gegen Muslime sei es in den vergangenen Monaten gekommen.<\/p>\r\n<p>Konkrete Zahlen nannte die Kantonspolizei nicht, jedoch sei seit dem 7. Oktober 2023 ein starker Anstieg sp\u00fcrbar. Inzwischen stagnierten die Meldungen \u00abauf einem hohen Niveau\u00bb, sagte Michael Fichter, Chef Pr\u00e4vention der Kantonspolizei.<\/p>\r\n<h3><strong>Schulen erhalten Unterst\u00fctzung<\/strong><\/h3>\r\n<p>Um dieser Entwicklung entgegenzuwirken, hat die Kantonspolizei die bestehende Pr\u00e4ventionsarbeit verst\u00e4rkt und eine Kampagne mit dem Namen \u00abGemeinsam gegen Hass\u00bb lanciert. Rund 30 Religionsgemeinschaften, Beh\u00f6rden, Bildungsinstitutionen und weitere Organisationen beteiligen sich daran.<\/p>\r\n<p>In diesem Rahmen w\u00fcrden zudem Schulen mit zus\u00e4tzlichem Unterrichtsmaterial versorgt. Dies mit dem Ziel, dass sie vermehrt mit den Sch\u00fcler:innen Massnahmen gegen Hass diskutieren.<\/p>\r\n<p>Die Berner Kantonspolizei erfasst Hassdelikte seit vergangenem Jahr statistisch. 2023 gingen insgesamt 55 Meldungen ein, wobei in erster Linie Beschimpfungen, Drohungen, T\u00e4tlichkeiten und einfache K\u00f6rperverletzungen angezeigt wurden. Bei Hassdelikten handelt es sich um Straftaten, bei denen Menschen aufgrund einer Zugeh\u00f6rigkeit zu gesellschaftlichen Gruppen angegriffen werden. <em>(SDA\/swi)<\/em><\/p>\r\n<p><\/p>","protected":false},"excerpt":{"rendered":"<p>Die Kantonspolizei Bern hat eine Initiative zur Bek\u00e4mpfung von Hassdelikten lanciert. Damit will sie insbesondere gegen die steigende Zahl von Delikten vorgehen, die aus antisemitischen und antimuslimischen Motiven begangen werden.<\/p>\n","protected":false},"author":8,"featured_media":0,"comment_status":"closed","ping_status":"closed","sticky":false,"template":"","format":"standard","meta":{"_acf_changed":false,"_yoast_wpseo_focuskw":"Kanton Bern","_yoast_wpseo_metadesc":"Bern lanciert Kampagne gegen Hass: Schulen erhalten Unterst\u00fctzung, Pr\u00e4ventionsarbeit verst\u00e4rkt.","articlekey":"","footnotes":""},"categories":[29],"tags":[4343,4741,388,4205],"class_list":["post-32693","post","type-post","status-publish","format-standard","hentry","category-marketing","tag-markom","tag-polizei","tag-praevention","tag-sensibilisierung"],"acf":[],"yoast_head":"<!-- This site is optimized with the Yoast SEO plugin v27.5 - https:\/\/yoast.com\/product\/yoast-seo-wordpress\/ -->\n<title>Kanton Bern will gegen Hassdelikte vorgehen - Organisator<\/title>\n<meta name=\"description\" content=\"Bern lanciert Kampagne gegen Hass: Schulen erhalten Unterst\u00fctzung, Pr\u00e4ventionsarbeit verst\u00e4rkt.\" \/>\n<meta name=\"robots\" content=\"index, follow, max-snippet:-1, max-image-preview:large, max-video-preview:-1\" \/>\n<link rel=\"canonical\" href=\"https:\/\/www.organisator.ch\/de\/marketing\/2024-11-12\/kanton-bern-will-gegen-hassdelikte-vorgehen\/\" \/>\n<meta property=\"og:locale\" content=\"de_DE\" \/>\n<meta property=\"og:type\" content=\"article\" \/>\n<meta property=\"og:title\" content=\"Kanton Bern will gegen Hassdelikte vorgehen - Organisator\" \/>\n<meta property=\"og:description\" content=\"Bern lanciert Kampagne gegen Hass: Schulen erhalten Unterst\u00fctzung, Pr\u00e4ventionsarbeit verst\u00e4rkt.\" \/>\n<meta property=\"og:url\" content=\"https:\/\/www.organisator.ch\/de\/marketing\/2024-11-12\/kanton-bern-will-gegen-hassdelikte-vorgehen\/\" \/>\n<meta property=\"og:site_name\" content=\"Organisator\" \/>\n<meta property=\"article:publisher\" content=\"https:\/\/www.facebook.com\/OrganisatorFachmagazin\" \/>\n<meta property=\"article:published_time\" content=\"2024-11-12T19:18:59+00:00\" \/>\n<meta property=\"article:modified_time\" content=\"2024-11-13T08:26:08+00:00\" \/>\n<meta property=\"og:image\" content=\"https:\/\/www.markt-kom.com\/wp-content\/uploads\/2024\/11\/A4-Plakat-Committment_Hate_Crime_Deutsch.jpg\" \/>\n<meta name=\"author\" content=\"galledia\" \/>\n<meta name=\"twitter:card\" content=\"summary_large_image\" \/>\n<meta name=\"twitter:creator\" content=\"@admin\" \/>\n<script type=\"application\/ld+json\" class=\"yoast-schema-graph\">{\"@context\":\"https:\\\/\\\/schema.org\",\"@graph\":[{\"@type\":\"Article\",\"@id\":\"https:\\\/\\\/www.organisator.ch\\\/marketing\\\/2024-11-12\\\/kanton-bern-will-gegen-hassdelikte-vorgehen\\\/#article\",\"isPartOf\":{\"@id\":\"https:\\\/\\\/www.organisator.ch\\\/marketing\\\/2024-11-12\\\/kanton-bern-will-gegen-hassdelikte-vorgehen\\\/\"},\"author\":{\"name\":\"galledia\",\"@id\":\"https:\\\/\\\/www.organisator.ch\\\/#\\\/schema\\\/person\\\/4e51799071cd2dd1232ac003643ef5f0\"},\"headline\":\"Kanton Bern will gegen Hassdelikte vorgehen\",\"datePublished\":\"2024-11-12T19:18:59+00:00\",\"dateModified\":\"2024-11-13T08:26:08+00:00\",\"mainEntityOfPage\":{\"@id\":\"https:\\\/\\\/www.organisator.ch\\\/marketing\\\/2024-11-12\\\/kanton-bern-will-gegen-hassdelikte-vorgehen\\\/\"},\"wordCount\":216,\"publisher\":{\"@id\":\"https:\\\/\\\/www.organisator.ch\\\/#organization\"},\"image\":{\"@id\":\"https:\\\/\\\/www.organisator.ch\\\/marketing\\\/2024-11-12\\\/kanton-bern-will-gegen-hassdelikte-vorgehen\\\/#primaryimage\"},\"thumbnailUrl\":\"https:\\\/\\\/www.markt-kom.com\\\/wp-content\\\/uploads\\\/2024\\\/11\\\/A4-Plakat-Committment_Hate_Crime_Deutsch.jpg\",\"keywords\":[\"MarKom\",\"Polizei\",\"Pr\u00e4vention\",\"Sensibilisierung\"],\"articleSection\":[\"MARKETING\"],\"inLanguage\":\"de\"},{\"@type\":\"WebPage\",\"@id\":\"https:\\\/\\\/www.organisator.ch\\\/marketing\\\/2024-11-12\\\/kanton-bern-will-gegen-hassdelikte-vorgehen\\\/\",\"url\":\"https:\\\/\\\/www.organisator.ch\\\/marketing\\\/2024-11-12\\\/kanton-bern-will-gegen-hassdelikte-vorgehen\\\/\",\"name\":\"Kanton Bern will gegen Hassdelikte vorgehen - Organisator\",\"isPartOf\":{\"@id\":\"https:\\\/\\\/www.organisator.ch\\\/#website\"},\"primaryImageOfPage\":{\"@id\":\"https:\\\/\\\/www.organisator.ch\\\/marketing\\\/2024-11-12\\\/kanton-bern-will-gegen-hassdelikte-vorgehen\\\/#primaryimage\"},\"image\":{\"@id\":\"https:\\\/\\\/www.organisator.ch\\\/marketing\\\/2024-11-12\\\/kanton-bern-will-gegen-hassdelikte-vorgehen\\\/#primaryimage\"},\"thumbnailUrl\":\"https:\\\/\\\/www.markt-kom.com\\\/wp-content\\\/uploads\\\/2024\\\/11\\\/A4-Plakat-Committment_Hate_Crime_Deutsch.jpg\",\"datePublished\":\"2024-11-12T19:18:59+00:00\",\"dateModified\":\"2024-11-13T08:26:08+00:00\",\"description\":\"Bern lanciert Kampagne gegen Hass: Schulen erhalten Unterst\u00fctzung, Pr\u00e4ventionsarbeit verst\u00e4rkt.\",\"breadcrumb\":{\"@id\":\"https:\\\/\\\/www.organisator.ch\\\/marketing\\\/2024-11-12\\\/kanton-bern-will-gegen-hassdelikte-vorgehen\\\/#breadcrumb\"},\"inLanguage\":\"de\",\"potentialAction\":[{\"@type\":\"ReadAction\",\"target\":[\"https:\\\/\\\/www.organisator.ch\\\/marketing\\\/2024-11-12\\\/kanton-bern-will-gegen-hassdelikte-vorgehen\\\/\"]}]},{\"@type\":\"ImageObject\",\"inLanguage\":\"de\",\"@id\":\"https:\\\/\\\/www.organisator.ch\\\/marketing\\\/2024-11-12\\\/kanton-bern-will-gegen-hassdelikte-vorgehen\\\/#primaryimage\",\"url\":\"https:\\\/\\\/www.markt-kom.com\\\/wp-content\\\/uploads\\\/2024\\\/11\\\/A4-Plakat-Committment_Hate_Crime_Deutsch.jpg\",\"contentUrl\":\"https:\\\/\\\/www.markt-kom.com\\\/wp-content\\\/uploads\\\/2024\\\/11\\\/A4-Plakat-Committment_Hate_Crime_Deutsch.jpg\"},{\"@type\":\"BreadcrumbList\",\"@id\":\"https:\\\/\\\/www.organisator.ch\\\/marketing\\\/2024-11-12\\\/kanton-bern-will-gegen-hassdelikte-vorgehen\\\/#breadcrumb\",\"itemListElement\":[{\"@type\":\"ListItem\",\"position\":1,\"name\":\"Home\",\"item\":\"https:\\\/\\\/www.organisator.ch\\\/\"},{\"@type\":\"ListItem\",\"position\":2,\"name\":\"Kanton Bern will gegen Hassdelikte vorgehen\"}]},{\"@type\":\"WebSite\",\"@id\":\"https:\\\/\\\/www.organisator.ch\\\/#website\",\"url\":\"https:\\\/\\\/www.organisator.ch\\\/\",\"name\":\"Organisator\",\"description\":\"Kompetent. Praxisnah. Der ORGANISATOR bereitet in 10 Ausgaben pro Jahr die wesentlichen Themen f\u00fcr F\u00fchrungskr\u00e4fte von KMU auf.\",\"publisher\":{\"@id\":\"https:\\\/\\\/www.organisator.ch\\\/#organization\"},\"potentialAction\":[{\"@type\":\"SearchAction\",\"target\":{\"@type\":\"EntryPoint\",\"urlTemplate\":\"https:\\\/\\\/www.organisator.ch\\\/?s={search_term_string}\"},\"query-input\":{\"@type\":\"PropertyValueSpecification\",\"valueRequired\":true,\"valueName\":\"search_term_string\"}}],\"inLanguage\":\"de\"},{\"@type\":\"Organization\",\"@id\":\"https:\\\/\\\/www.organisator.ch\\\/#organization\",\"name\":\"Organisator\",\"url\":\"https:\\\/\\\/www.organisator.ch\\\/\",\"logo\":{\"@type\":\"ImageObject\",\"inLanguage\":\"de\",\"@id\":\"https:\\\/\\\/www.organisator.ch\\\/#\\\/schema\\\/logo\\\/image\\\/\",\"url\":\"https:\\\/\\\/www.organisator.ch\\\/wp-content\\\/uploads\\\/2022\\\/01\\\/Logo_Organisator_Website.png\",\"contentUrl\":\"https:\\\/\\\/www.organisator.ch\\\/wp-content\\\/uploads\\\/2022\\\/01\\\/Logo_Organisator_Website.png\",\"width\":800,\"height\":77,\"caption\":\"Organisator\"},\"image\":{\"@id\":\"https:\\\/\\\/www.organisator.ch\\\/#\\\/schema\\\/logo\\\/image\\\/\"},\"sameAs\":[\"https:\\\/\\\/www.facebook.com\\\/OrganisatorFachmagazin\",\"https:\\\/\\\/www.linkedin.com\\\/showcase\\\/organisator-das-magazin-fr-kmu\",\"https:\\\/\\\/www.xing.com\\\/news\\\/pages\\\/organisator-ch-695\",\"https:\\\/\\\/www.youtube.com\\\/channel\\\/UCGP2Sq0iWaZwT3BdIAQFYpw\"]},{\"@type\":\"Person\",\"@id\":\"https:\\\/\\\/www.organisator.ch\\\/#\\\/schema\\\/person\\\/4e51799071cd2dd1232ac003643ef5f0\",\"name\":\"galledia\",\"image\":{\"@type\":\"ImageObject\",\"inLanguage\":\"de\",\"@id\":\"https:\\\/\\\/secure.gravatar.com\\\/avatar\\\/78a7f90c01fc2bfc875782a0d4922b37cde2cf184ce347b91316d23cd7f69a36?s=96&d=mm&r=g\",\"url\":\"https:\\\/\\\/secure.gravatar.com\\\/avatar\\\/78a7f90c01fc2bfc875782a0d4922b37cde2cf184ce347b91316d23cd7f69a36?s=96&d=mm&r=g\",\"contentUrl\":\"https:\\\/\\\/secure.gravatar.com\\\/avatar\\\/78a7f90c01fc2bfc875782a0d4922b37cde2cf184ce347b91316d23cd7f69a36?s=96&d=mm&r=g\",\"caption\":\"galledia\"},\"sameAs\":[\"https:\\\/\\\/x.com\\\/admin\"],\"url\":\"https:\\\/\\\/www.organisator.ch\\\/de\\\/author\\\/galledia\\\/\"}]}<\/script>\n<!-- \/ Yoast SEO plugin. -->","yoast_head_json":{"title":"Kanton Bern will gegen Hassdelikte vorgehen - Organisator","description":"Bern lanciert Kampagne gegen Hass: Schulen erhalten Unterst\u00fctzung, Pr\u00e4ventionsarbeit verst\u00e4rkt.","robots":{"index":"index","follow":"follow","max-snippet":"max-snippet:-1","max-image-preview":"max-image-preview:large","max-video-preview":"max-video-preview:-1"},"canonical":"https:\/\/www.organisator.ch\/de\/marketing\/2024-11-12\/kanton-bern-will-gegen-hassdelikte-vorgehen\/","og_locale":"de_DE","og_type":"article","og_title":"Kanton Bern will gegen Hassdelikte vorgehen - Organisator","og_description":"Bern lanciert Kampagne gegen Hass: Schulen erhalten Unterst\u00fctzung, Pr\u00e4ventionsarbeit verst\u00e4rkt.","og_url":"https:\/\/www.organisator.ch\/de\/marketing\/2024-11-12\/kanton-bern-will-gegen-hassdelikte-vorgehen\/","og_site_name":"Organisator","article_publisher":"https:\/\/www.facebook.com\/OrganisatorFachmagazin","article_published_time":"2024-11-12T19:18:59+00:00","article_modified_time":"2024-11-13T08:26:08+00:00","og_image":[{"url":"https:\/\/www.markt-kom.com\/wp-content\/uploads\/2024\/11\/A4-Plakat-Committment_Hate_Crime_Deutsch.jpg","type":"","width":"","height":""}],"author":"galledia","twitter_card":"summary_large_image","twitter_creator":"@admin","schema":{"@context":"https:\/\/schema.org","@graph":[{"@type":"Article","@id":"https:\/\/www.organisator.ch\/marketing\/2024-11-12\/kanton-bern-will-gegen-hassdelikte-vorgehen\/#article","isPartOf":{"@id":"https:\/\/www.organisator.ch\/marketing\/2024-11-12\/kanton-bern-will-gegen-hassdelikte-vorgehen\/"},"author":{"name":"galledia","@id":"https:\/\/www.organisator.ch\/#\/schema\/person\/4e51799071cd2dd1232ac003643ef5f0"},"headline":"Kanton Bern will gegen Hassdelikte vorgehen","datePublished":"2024-11-12T19:18:59+00:00","dateModified":"2024-11-13T08:26:08+00:00","mainEntityOfPage":{"@id":"https:\/\/www.organisator.ch\/marketing\/2024-11-12\/kanton-bern-will-gegen-hassdelikte-vorgehen\/"},"wordCount":216,"publisher":{"@id":"https:\/\/www.organisator.ch\/#organization"},"image":{"@id":"https:\/\/www.organisator.ch\/marketing\/2024-11-12\/kanton-bern-will-gegen-hassdelikte-vorgehen\/#primaryimage"},"thumbnailUrl":"https:\/\/www.markt-kom.com\/wp-content\/uploads\/2024\/11\/A4-Plakat-Committment_Hate_Crime_Deutsch.jpg","keywords":["MarKom","Polizei","Pr\u00e4vention","Sensibilisierung"],"articleSection":["MARKETING"],"inLanguage":"de"},{"@type":"WebPage","@id":"https:\/\/www.organisator.ch\/marketing\/2024-11-12\/kanton-bern-will-gegen-hassdelikte-vorgehen\/","url":"https:\/\/www.organisator.ch\/marketing\/2024-11-12\/kanton-bern-will-gegen-hassdelikte-vorgehen\/","name":"Kanton Bern will gegen Hassdelikte vorgehen - Organisator","isPartOf":{"@id":"https:\/\/www.organisator.ch\/#website"},"primaryImageOfPage":{"@id":"https:\/\/www.organisator.ch\/marketing\/2024-11-12\/kanton-bern-will-gegen-hassdelikte-vorgehen\/#primaryimage"},"image":{"@id":"https:\/\/www.organisator.ch\/marketing\/2024-11-12\/kanton-bern-will-gegen-hassdelikte-vorgehen\/#primaryimage"},"thumbnailUrl":"https:\/\/www.markt-kom.com\/wp-content\/uploads\/2024\/11\/A4-Plakat-Committment_Hate_Crime_Deutsch.jpg","datePublished":"2024-11-12T19:18:59+00:00","dateModified":"2024-11-13T08:26:08+00:00","description":"Bern lanciert Kampagne gegen Hass: Schulen erhalten Unterst\u00fctzung, Pr\u00e4ventionsarbeit verst\u00e4rkt.","breadcrumb":{"@id":"https:\/\/www.organisator.ch\/marketing\/2024-11-12\/kanton-bern-will-gegen-hassdelikte-vorgehen\/#breadcrumb"},"inLanguage":"de","potentialAction":[{"@type":"ReadAction","target":["https:\/\/www.organisator.ch\/marketing\/2024-11-12\/kanton-bern-will-gegen-hassdelikte-vorgehen\/"]}]},{"@type":"ImageObject","inLanguage":"de","@id":"https:\/\/www.organisator.ch\/marketing\/2024-11-12\/kanton-bern-will-gegen-hassdelikte-vorgehen\/#primaryimage","url":"https:\/\/www.markt-kom.com\/wp-content\/uploads\/2024\/11\/A4-Plakat-Committment_Hate_Crime_Deutsch.jpg","contentUrl":"https:\/\/www.markt-kom.com\/wp-content\/uploads\/2024\/11\/A4-Plakat-Committment_Hate_Crime_Deutsch.jpg"},{"@type":"BreadcrumbList","@id":"https:\/\/www.organisator.ch\/marketing\/2024-11-12\/kanton-bern-will-gegen-hassdelikte-vorgehen\/#breadcrumb","itemListElement":[{"@type":"ListItem","position":1,"name":"Home","item":"https:\/\/www.organisator.ch\/"},{"@type":"ListItem","position":2,"name":"Kanton Bern will gegen Hassdelikte vorgehen"}]},{"@type":"WebSite","@id":"https:\/\/www.organisator.ch\/#website","url":"https:\/\/www.organisator.ch\/","name":"Organisator","description":"Kompetent. Praxisnah. Der ORGANISATOR bereitet in 10 Ausgaben pro Jahr die wesentlichen Themen f\u00fcr F\u00fchrungskr\u00e4fte von KMU auf.","publisher":{"@id":"https:\/\/www.organisator.ch\/#organization"},"potentialAction":[{"@type":"SearchAction","target":{"@type":"EntryPoint","urlTemplate":"https:\/\/www.organisator.ch\/?s={search_term_string}"},"query-input":{"@type":"PropertyValueSpecification","valueRequired":true,"valueName":"search_term_string"}}],"inLanguage":"de"},{"@type":"Organization","@id":"https:\/\/www.organisator.ch\/#organization","name":"Organisator","url":"https:\/\/www.organisator.ch\/","logo":{"@type":"ImageObject","inLanguage":"de","@id":"https:\/\/www.organisator.ch\/#\/schema\/logo\/image\/","url":"https:\/\/www.organisator.ch\/wp-content\/uploads\/2022\/01\/Logo_Organisator_Website.png","contentUrl":"https:\/\/www.organisator.ch\/wp-content\/uploads\/2022\/01\/Logo_Organisator_Website.png","width":800,"height":77,"caption":"Organisator"},"image":{"@id":"https:\/\/www.organisator.ch\/#\/schema\/logo\/image\/"},"sameAs":["https:\/\/www.facebook.com\/OrganisatorFachmagazin","https:\/\/www.linkedin.com\/showcase\/organisator-das-magazin-fr-kmu","https:\/\/www.xing.com\/news\/pages\/organisator-ch-695","https:\/\/www.youtube.com\/channel\/UCGP2Sq0iWaZwT3BdIAQFYpw"]},{"@type":"Person","@id":"https:\/\/www.organisator.ch\/#\/schema\/person\/4e51799071cd2dd1232ac003643ef5f0","name":"galledia","image":{"@type":"ImageObject","inLanguage":"de","@id":"https:\/\/secure.gravatar.com\/avatar\/78a7f90c01fc2bfc875782a0d4922b37cde2cf184ce347b91316d23cd7f69a36?s=96&d=mm&r=g","url":"https:\/\/secure.gravatar.com\/avatar\/78a7f90c01fc2bfc875782a0d4922b37cde2cf184ce347b91316d23cd7f69a36?s=96&d=mm&r=g","contentUrl":"https:\/\/secure.gravatar.com\/avatar\/78a7f90c01fc2bfc875782a0d4922b37cde2cf184ce347b91316d23cd7f69a36?s=96&d=mm&r=g","caption":"galledia"},"sameAs":["https:\/\/x.com\/admin"],"url":"https:\/\/www.organisator.ch\/de\/author\/galledia\/"}]}},"_links":{"self":[{"href":"https:\/\/www.organisator.ch\/de\/wp-json\/wp\/v2\/posts\/32693","targetHints":{"allow":["GET"]}}],"collection":[{"href":"https:\/\/www.organisator.ch\/de\/wp-json\/wp\/v2\/posts"}],"about":[{"href":"https:\/\/www.organisator.ch\/de\/wp-json\/wp\/v2\/types\/post"}],"author":[{"embeddable":true,"href":"https:\/\/www.organisator.ch\/de\/wp-json\/wp\/v2\/users\/8"}],"replies":[{"embeddable":true,"href":"https:\/\/www.organisator.ch\/de\/wp-json\/wp\/v2\/comments?post=32693"}],"version-history":[{"count":3,"href":"https:\/\/www.organisator.ch\/de\/wp-json\/wp\/v2\/posts\/32693\/revisions"}],"predecessor-version":[{"id":32697,"href":"https:\/\/www.organisator.ch\/de\/wp-json\/wp\/v2\/posts\/32693\/revisions\/32697"}],"wp:attachment":[{"href":"https:\/\/www.organisator.ch\/de\/wp-json\/wp\/v2\/media?parent=32693"}],"wp:term":[{"taxonomy":"category","embeddable":true,"href":"https:\/\/www.organisator.ch\/de\/wp-json\/wp\/v2\/categories?post=32693"},{"taxonomy":"post_tag","embeddable":true,"href":"https:\/\/www.organisator.ch\/de\/wp-json\/wp\/v2\/tags?post=32693"}],"curies":[{"name":"wp","href":"https:\/\/api.w.org\/{rel}","templated":true}]}}