{"id":3272,"date":"2018-03-15T10:00:45","date_gmt":"2018-03-15T09:00:45","guid":{"rendered":"https:\/\/www.organisator.ch\/?p=3272"},"modified":"2018-03-15T10:00:45","modified_gmt":"2018-03-15T09:00:45","slug":"moebel-pfister-ag-setzt-auf-it-outsourcing","status":"publish","type":"post","link":"https:\/\/www.organisator.ch\/de\/management\/it\/2018-03-15\/moebel-pfister-ag-setzt-auf-it-outsourcing\/","title":{"rendered":"M\u00f6bel Pfister AG setzt auf IT-Outsourcing"},"content":{"rendered":"<figure id=\"attachment_3275\" aria-describedby=\"caption-attachment-3275\" style=\"width: 680px\" class=\"wp-caption alignnone\"><img loading=\"lazy\" decoding=\"async\" class=\"size-medium wp-image-3275\" src=\"https:\/\/www.organisator.ch\/wp-content\/uploads\/2018\/03\/2018_03_ICT_GIA_Bild2_1552754.jpg\" alt=\"&lt;li class=&quot;artikel_legende&quot;&gt;Die Pfister-Filiale in Lyssach ist eine von 20 Zweigniederlassungen in der Schweiz.&lt;\/li&gt; \" width=\"680\" height=\"289\" srcset=\"https:\/\/www.organisator.ch\/wp-content\/uploads\/2018\/03\/2018_03_ICT_GIA_Bild2_1552754.jpg 1250w, https:\/\/www.organisator.ch\/wp-content\/uploads\/2018\/03\/2018_03_ICT_GIA_Bild2_1552754-680x289.jpg 680w, https:\/\/www.organisator.ch\/wp-content\/uploads\/2018\/03\/2018_03_ICT_GIA_Bild2_1552754-1024x436.jpg 1024w, https:\/\/www.organisator.ch\/wp-content\/uploads\/2018\/03\/2018_03_ICT_GIA_Bild2_1552754-768x327.jpg 768w, https:\/\/www.organisator.ch\/wp-content\/uploads\/2018\/03\/2018_03_ICT_GIA_Bild2_1552754-16x7.jpg 16w, https:\/\/www.organisator.ch\/wp-content\/uploads\/2018\/03\/2018_03_ICT_GIA_Bild2_1552754-375x160.jpg 375w, https:\/\/www.organisator.ch\/wp-content\/uploads\/2018\/03\/2018_03_ICT_GIA_Bild2_1552754-760x323.jpg 760w, https:\/\/www.organisator.ch\/wp-content\/uploads\/2018\/03\/2018_03_ICT_GIA_Bild2_1552754-920x392.jpg 920w, https:\/\/www.organisator.ch\/wp-content\/uploads\/2018\/03\/2018_03_ICT_GIA_Bild2_1552754-300x128.jpg 300w\" sizes=\"auto, (max-width: 680px) 100vw, 680px\" \/><figcaption id=\"caption-attachment-3275\" class=\"wp-caption-text\">Die Pfister-Filiale in Lyssach ist eine von 20 Zweigniederlassungen in der Schweiz. (Bild: <a href=\"http:\/\/www.pfister.ch\">pfister.ch<\/a>)<\/figcaption><\/figure>\n<p>Die M\u00f6bel Pfister AG aus Suhr hatte die komplette IT-Infrastruktur an einen globalen Provider ausgelagert, war mit ihm aber aus mehreren Gr\u00fcnden nicht mehr zufrieden. Was ist zu tun? Diese Frage stellte sich die Schweizer Marktf\u00fchrerin im Einrichtungsfachhandel, die rund 1200 Mitarbeitende und 200 Lernende besch\u00e4ftigt sowie 20 Filialen in allen Landesteilen unterh\u00e4lt. \u00abWir entschieden uns, die anstehende Vertragserneuerung auszuschlagen und einen Projektwettbewerb mit mehreren namhaften Anbietern von\u00a0<a href=\"https:\/\/gia.ch\/services\/it-services\/\">IT-Outsourcing<\/a> durchzuf\u00fchren\u00bb, sagt Marcel Schaniel, Leiter Digital Business &amp; Corporate Development M\u00f6bel Pfister AG.<\/p>\n<h2><strong>Die Wahl des IT-Outsourcing-Anbieters<\/strong><\/h2>\n<p>Pfister ging beim Projektwettbewerb und der Wahl des k\u00fcnftigen Providers nach einem pragmatischen Ansatz vor \u2013 und entschied sich f\u00fcr die GIA Informatik AG aus Oftringen. Marcel Schaniel: \u00abEin entscheidender Faktor waren f\u00fcr uns die aufgezeigten Re\u00adferenzen von fr\u00fcheren, vergleichbaren Projekten. Auch die schnellen Durchlaufzeiten und das Preis-Leistungs-Verh\u00e4ltnis wurden positiv bewertet. Das gesamte Projektteam \u00fcberzeugte w\u00e4hrend des Auswahlverfahrens durch eine trans\u00adparente Kommunikation und sein hohes Commitment. Wir wussten: Das ist ein Partner, der \u00fcber den unbedingten Willen und die entsprechenden F\u00e4higkeiten verf\u00fcgt.\u00bb<\/p>\n<h2><strong>In rasantem Tempo vom Konzept zum Go-Live<\/strong><\/h2>\n<p>Den Start des Projektes im Fr\u00fchling 2017 bildete die Migration der umfangreichen IT-Systemlandschaft mit <a href=\"https:\/\/gia.ch\/services\/sap-beratung\/\">SAP<\/a> ERP, CRM, Adobe Document Services, PI Web Dispatcher und Solution Manager in hybridem Betrieb mit physischen und virtuellen Servern. \u00abWir l\u00f6sten die gesamte IT-Infrastruktur beim bisherigen Provider heraus und integrierten sie in unsere Datacenter. Bereits im Sommer 2017 nahmen wir diese Systeme in Betrieb\u00bb, erkl\u00e4rt Stefan Lerch, Account Manager bei GIA. Gleichzeitig begann der IT-Outsourcing-Spezialist mit dem kompletten Neuaufbau des First-Level-Supports. Am Hauptsitz von Pfister in Suhr wurde ein Servicedesk mit mehreren GIA-Mitarbeitern errichtet.<\/p>\n<figure id=\"attachment_3274\" aria-describedby=\"caption-attachment-3274\" style=\"width: 680px\" class=\"wp-caption alignnone\"><img loading=\"lazy\" decoding=\"async\" class=\"size-medium wp-image-3274\" src=\"https:\/\/www.organisator.ch\/wp-content\/uploads\/2018\/03\/2018_03_ICT_GIA_Bild1_1552768.jpg\" alt=\"&lt;li class=&quot;artikel_legende&quot;&gt;\u00abGIA gestaltete den Umgang mit uns, aber vor allem auch mit unseren Partnern jederzeit profes\u00adsio\u00adnell.\u00bb Marcel Schaniel, Leiter Digital Business &amp; Corporate Development M\u00f6bel Pfister AG&lt;\/li&gt; \" width=\"680\" height=\"421\" srcset=\"https:\/\/www.organisator.ch\/wp-content\/uploads\/2018\/03\/2018_03_ICT_GIA_Bild1_1552768.jpg 2000w, https:\/\/www.organisator.ch\/wp-content\/uploads\/2018\/03\/2018_03_ICT_GIA_Bild1_1552768-680x421.jpg 680w, https:\/\/www.organisator.ch\/wp-content\/uploads\/2018\/03\/2018_03_ICT_GIA_Bild1_1552768-1024x633.jpg 1024w, https:\/\/www.organisator.ch\/wp-content\/uploads\/2018\/03\/2018_03_ICT_GIA_Bild1_1552768-768x475.jpg 768w, https:\/\/www.organisator.ch\/wp-content\/uploads\/2018\/03\/2018_03_ICT_GIA_Bild1_1552768-1536x950.jpg 1536w, https:\/\/www.organisator.ch\/wp-content\/uploads\/2018\/03\/2018_03_ICT_GIA_Bild1_1552768-16x10.jpg 16w, https:\/\/www.organisator.ch\/wp-content\/uploads\/2018\/03\/2018_03_ICT_GIA_Bild1_1552768-283x175.jpg 283w, https:\/\/www.organisator.ch\/wp-content\/uploads\/2018\/03\/2018_03_ICT_GIA_Bild1_1552768-566x350.jpg 566w, https:\/\/www.organisator.ch\/wp-content\/uploads\/2018\/03\/2018_03_ICT_GIA_Bild1_1552768-1293x800.jpg 1293w, https:\/\/www.organisator.ch\/wp-content\/uploads\/2018\/03\/2018_03_ICT_GIA_Bild1_1552768-920x569.jpg 920w, https:\/\/www.organisator.ch\/wp-content\/uploads\/2018\/03\/2018_03_ICT_GIA_Bild1_1552768-1400x866.jpg 1400w, https:\/\/www.organisator.ch\/wp-content\/uploads\/2018\/03\/2018_03_ICT_GIA_Bild1_1552768-300x186.jpg 300w\" sizes=\"auto, (max-width: 680px) 100vw, 680px\" \/><figcaption id=\"caption-attachment-3274\" class=\"wp-caption-text\">\u00abGIA gestaltete den Umgang mit uns, aber vor allem auch mit unseren Partnern jederzeit profes\u00adsio\u00adnell.\u00bb Marcel Schaniel, Leiter Digital Business &amp; Corporate Development M\u00f6bel Pfister AG. (Bild: <a href=\"http:\/\/www.pfister.ch\">pfister.ch<\/a>)<\/figcaption><\/figure>\n<p>\u00dcberdies implementierte der IT-Dienstleister f\u00fcr die gesamte Pfister-Gruppe ein neues Netzwerk inklusive einer topmodernen Wireless-LAN-L\u00f6sung. Stefan Lerch: \u00abWir verwendeten hierf\u00fcr die modernste Funktechnik, um die geplanten Innovationen von Pfister vollst\u00e4ndig zu unterst\u00fctzen.\u00bb Ein Beispiel: In verschiedenen Filialen stehen nun moderne Touchscreen-Stelen f\u00fcr die Kunden bereit. Durch einfache Monitorber\u00fchrung erh\u00e4lt ein freier Wohnberater \u00fcber seine Smartwatch eine Meldung \u2013 und begibt sich sogleich zur entsprechenden Stele, um den Kunden pers\u00f6nlich in Empfang zu nehmen. Auf diese Weise k\u00f6nnen die Beratungsw\u00fcnsche in den Filialen noch schneller erf\u00fcllt und die Kundenorientierung optimiert werden.<\/p>\n<h2><strong>Pfister sch\u00e4tzt die kurzen Wege<\/strong><\/h2>\n<p>Der Mehrwert des Projektes ist gross, best\u00e4tigt Marcel Schaniel. \u00abDer \u00f6konomische Nutzen ist signifikant. Zudem sind die Durchgriffswege zum Spezialisten kurz. Des Weiteren verf\u00fcgen wir nun \u00fcber einen ad\u00e4quaten First-Level-Support, generell schnellere L\u00f6sungen sowie eine h\u00f6here User-Zufriedenheit und optimierte Kundenwahrnehmung \u2013 Letztere prim\u00e4r aufgrund unserer neuen digitalen Interaktionsm\u00f6glichkeiten.\u00bb<\/p>\n<h2><strong>N\u00e4chste Schritte<\/strong><\/h2>\n<p>J\u00fcngst stellte GIA das Verrechnungsmodell fertig und fuhr es hoch. Auch die Integration von M\u00f6bel Egger, M\u00f6bel Hubacher und M\u00f6bel Svoboda sowie aller Filialen wurde vor Kurzem erfolgreich beendet. Marcel Schaniel: \u00abWir planen zudem eine Erneuerung und Mobilisierung des digitalen Workplace \u2013 bei gleichbleibendem Preis wie bei einer sta\u00adtion\u00e4ren IT-Ausstattung.\u00bb<\/p>\n<p><em>Autor: Silvan Wyser <\/em><em>ist Marketingchef der GIA Informatik AG in Oftringen. GIA bietet Informatik-Dienstleistungen mit Kernkompetenzen im Erarbeiten und Betreiben von L\u00f6sungen aus einer Hand in den Bereichen SAP, IT-Services mit eigener Cloud-Infrastruktur und Produktentwicklung.<\/em><\/p>\n<p><em>Kontakt: +41 62\u00a0789 74 17 \/ <a href=\"mailto:silvan.wyser@gia.ch\">silvan.wyser@gia.ch<\/a> \/ <a href=\"http:\/\/www.gia.ch\">www.gia.ch<\/a><\/em><\/p>\n","protected":false},"excerpt":{"rendered":"<p>Die M\u00f6bel Pfister AG aus Suhr hatte die komplette IT-Infrastruktur an einen globalen Provider ausgelagert, war mit ihm aber aus mehreren Gr\u00fcnden nicht mehr zufrieden. Was ist zu tun? Diese Frage stellte sich die Schweizer Marktf\u00fchrerin im Einrichtungsfachhandel, die rund 1200 Mitarbeitende und 200 Lernende besch\u00e4ftigt sowie 20 Filialen in allen Landesteilen unterh\u00e4lt. \u00abWir entschieden [&hellip;]<\/p>\n","protected":false},"author":7,"featured_media":3275,"comment_status":"open","ping_status":"open","sticky":false,"template":"","format":"standard","meta":{"_acf_changed":false,"_yoast_wpseo_focuskw":"IT-Outsourcing","_yoast_wpseo_metadesc":"Technisch anspruchsvoll und zeitlich knapp bemessen: Das IT-Outsourcing-Projekt des gr\u00f6ssten Schweizer Einrichtungsh\u00e4ndlers stellte den IT-Dienstleister vor einige Herausforderungen.","articlekey":"","footnotes":""},"categories":[27],"tags":[156,286,288,393],"class_list":["post-3272","post","type-post","status-publish","format-standard","has-post-thumbnail","hentry","category-it","tag-digitalisierung","tag-it","tag-it-business-software","tag-produkte"],"acf":[],"yoast_head":"<!-- This site is optimized with the Yoast SEO plugin v27.5 - https:\/\/yoast.com\/product\/yoast-seo-wordpress\/ -->\n<title>M\u00f6bel Pfister AG setzt auf IT-Outsourcing - Organisator<\/title>\n<meta name=\"description\" content=\"Technisch anspruchsvoll und zeitlich knapp bemessen: Das IT-Outsourcing-Projekt des gr\u00f6ssten Schweizer Einrichtungsh\u00e4ndlers stellte den IT-Dienstleister vor einige Herausforderungen.\" \/>\n<meta name=\"robots\" content=\"index, follow, max-snippet:-1, max-image-preview:large, max-video-preview:-1\" \/>\n<link rel=\"canonical\" href=\"https:\/\/www.organisator.ch\/de\/management\/it\/2018-03-15\/moebel-pfister-ag-setzt-auf-it-outsourcing\/\" \/>\n<meta property=\"og:locale\" content=\"de_DE\" \/>\n<meta property=\"og:type\" content=\"article\" \/>\n<meta property=\"og:title\" content=\"M\u00f6bel Pfister AG setzt auf IT-Outsourcing\" \/>\n<meta property=\"og:description\" content=\"Technisch anspruchsvoll und zeitlich knapp bemessen: Das #IT-Outsourcing-Projekt des gr\u00f6ssten Schweizer Einrichtungsh\u00e4ndlers stellte den #IT-Dienstleister vor einige Herausforderungen.\" \/>\n<meta property=\"og:url\" content=\"https:\/\/www.organisator.ch\/de\/management\/it\/2018-03-15\/moebel-pfister-ag-setzt-auf-it-outsourcing\/\" \/>\n<meta property=\"og:site_name\" content=\"Organisator\" \/>\n<meta property=\"article:publisher\" content=\"https:\/\/www.facebook.com\/OrganisatorFachmagazin\" \/>\n<meta property=\"article:published_time\" content=\"2018-03-15T09:00:45+00:00\" \/>\n<meta property=\"og:image\" content=\"https:\/\/www.organisator.ch\/wp-content\/uploads\/2018\/03\/2018_03_ICT_GIA_Bild2_1552754.jpg\" \/>\n\t<meta property=\"og:image:width\" content=\"1250\" \/>\n\t<meta property=\"og:image:height\" content=\"532\" \/>\n\t<meta property=\"og:image:type\" content=\"image\/jpeg\" \/>\n<meta name=\"author\" content=\"K4-Import\" \/>\n<meta name=\"twitter:card\" content=\"summary_large_image\" \/>\n<meta name=\"twitter:title\" content=\"M\u00f6bel Pfister AG setzt auf #IT-Outsourcing\" \/>\n<meta name=\"twitter:description\" content=\"Technisch anspruchsvoll und zeitlich knapp bemessen: Das #IT-Outsourcing-Projekt des gr\u00f6ssten Schweizer Einrichtungsh\u00e4ndlers stellte den #IT-Dienstleister vor einige Herausforderungen.\" \/>\n<meta name=\"twitter:image\" content=\"https:\/\/www.organisator.ch\/wp-content\/uploads\/2018\/03\/2018_03_ICT_GIA_Bild2_1552754.jpg\" \/>\n<script type=\"application\/ld+json\" class=\"yoast-schema-graph\">{\"@context\":\"https:\\\/\\\/schema.org\",\"@graph\":[{\"@type\":\"Article\",\"@id\":\"https:\\\/\\\/www.organisator.ch\\\/management\\\/it\\\/2018-03-15\\\/moebel-pfister-ag-setzt-auf-it-outsourcing\\\/#article\",\"isPartOf\":{\"@id\":\"https:\\\/\\\/www.organisator.ch\\\/management\\\/it\\\/2018-03-15\\\/moebel-pfister-ag-setzt-auf-it-outsourcing\\\/\"},\"author\":{\"name\":\"K4-Import\",\"@id\":\"https:\\\/\\\/www.organisator.ch\\\/#\\\/schema\\\/person\\\/dd8ffea01043c9c41d7718296a158fac\"},\"headline\":\"M\u00f6bel Pfister AG setzt auf IT-Outsourcing\",\"datePublished\":\"2018-03-15T09:00:45+00:00\",\"mainEntityOfPage\":{\"@id\":\"https:\\\/\\\/www.organisator.ch\\\/management\\\/it\\\/2018-03-15\\\/moebel-pfister-ag-setzt-auf-it-outsourcing\\\/\"},\"wordCount\":608,\"commentCount\":0,\"publisher\":{\"@id\":\"https:\\\/\\\/www.organisator.ch\\\/#organization\"},\"image\":{\"@id\":\"https:\\\/\\\/www.organisator.ch\\\/management\\\/it\\\/2018-03-15\\\/moebel-pfister-ag-setzt-auf-it-outsourcing\\\/#primaryimage\"},\"thumbnailUrl\":\"https:\\\/\\\/www.organisator.ch\\\/wp-content\\\/uploads\\\/2018\\\/03\\\/2018_03_ICT_GIA_Bild2_1552754.jpg\",\"keywords\":[\"Digitalisierung\",\"IT\",\"IT &amp; Business Software\",\"Produkte\"],\"articleSection\":[\"IT\"],\"inLanguage\":\"de\"},{\"@type\":\"WebPage\",\"@id\":\"https:\\\/\\\/www.organisator.ch\\\/management\\\/it\\\/2018-03-15\\\/moebel-pfister-ag-setzt-auf-it-outsourcing\\\/\",\"url\":\"https:\\\/\\\/www.organisator.ch\\\/management\\\/it\\\/2018-03-15\\\/moebel-pfister-ag-setzt-auf-it-outsourcing\\\/\",\"name\":\"M\u00f6bel Pfister AG setzt auf IT-Outsourcing - Organisator\",\"isPartOf\":{\"@id\":\"https:\\\/\\\/www.organisator.ch\\\/#website\"},\"primaryImageOfPage\":{\"@id\":\"https:\\\/\\\/www.organisator.ch\\\/management\\\/it\\\/2018-03-15\\\/moebel-pfister-ag-setzt-auf-it-outsourcing\\\/#primaryimage\"},\"image\":{\"@id\":\"https:\\\/\\\/www.organisator.ch\\\/management\\\/it\\\/2018-03-15\\\/moebel-pfister-ag-setzt-auf-it-outsourcing\\\/#primaryimage\"},\"thumbnailUrl\":\"https:\\\/\\\/www.organisator.ch\\\/wp-content\\\/uploads\\\/2018\\\/03\\\/2018_03_ICT_GIA_Bild2_1552754.jpg\",\"datePublished\":\"2018-03-15T09:00:45+00:00\",\"description\":\"Technisch anspruchsvoll und zeitlich knapp bemessen: Das IT-Outsourcing-Projekt des gr\u00f6ssten Schweizer Einrichtungsh\u00e4ndlers stellte den IT-Dienstleister vor einige Herausforderungen.\",\"breadcrumb\":{\"@id\":\"https:\\\/\\\/www.organisator.ch\\\/management\\\/it\\\/2018-03-15\\\/moebel-pfister-ag-setzt-auf-it-outsourcing\\\/#breadcrumb\"},\"inLanguage\":\"de\",\"potentialAction\":[{\"@type\":\"ReadAction\",\"target\":[\"https:\\\/\\\/www.organisator.ch\\\/management\\\/it\\\/2018-03-15\\\/moebel-pfister-ag-setzt-auf-it-outsourcing\\\/\"]}]},{\"@type\":\"ImageObject\",\"inLanguage\":\"de\",\"@id\":\"https:\\\/\\\/www.organisator.ch\\\/management\\\/it\\\/2018-03-15\\\/moebel-pfister-ag-setzt-auf-it-outsourcing\\\/#primaryimage\",\"url\":\"https:\\\/\\\/www.organisator.ch\\\/wp-content\\\/uploads\\\/2018\\\/03\\\/2018_03_ICT_GIA_Bild2_1552754.jpg\",\"contentUrl\":\"https:\\\/\\\/www.organisator.ch\\\/wp-content\\\/uploads\\\/2018\\\/03\\\/2018_03_ICT_GIA_Bild2_1552754.jpg\",\"width\":1250,\"height\":532,\"caption\":\"Die Pfister-Filiale in Lyssach ist eine von 20 Zweigniederlassungen in der Schweiz. (Bild: Pfister AG)\"},{\"@type\":\"BreadcrumbList\",\"@id\":\"https:\\\/\\\/www.organisator.ch\\\/management\\\/it\\\/2018-03-15\\\/moebel-pfister-ag-setzt-auf-it-outsourcing\\\/#breadcrumb\",\"itemListElement\":[{\"@type\":\"ListItem\",\"position\":1,\"name\":\"Home\",\"item\":\"https:\\\/\\\/www.organisator.ch\\\/\"},{\"@type\":\"ListItem\",\"position\":2,\"name\":\"M\u00f6bel Pfister AG setzt auf IT-Outsourcing\"}]},{\"@type\":\"WebSite\",\"@id\":\"https:\\\/\\\/www.organisator.ch\\\/#website\",\"url\":\"https:\\\/\\\/www.organisator.ch\\\/\",\"name\":\"Organisator\",\"description\":\"Kompetent. Praxisnah. Der ORGANISATOR bereitet in 10 Ausgaben pro Jahr die wesentlichen Themen f\u00fcr F\u00fchrungskr\u00e4fte von KMU auf.\",\"publisher\":{\"@id\":\"https:\\\/\\\/www.organisator.ch\\\/#organization\"},\"potentialAction\":[{\"@type\":\"SearchAction\",\"target\":{\"@type\":\"EntryPoint\",\"urlTemplate\":\"https:\\\/\\\/www.organisator.ch\\\/?s={search_term_string}\"},\"query-input\":{\"@type\":\"PropertyValueSpecification\",\"valueRequired\":true,\"valueName\":\"search_term_string\"}}],\"inLanguage\":\"de\"},{\"@type\":\"Organization\",\"@id\":\"https:\\\/\\\/www.organisator.ch\\\/#organization\",\"name\":\"Organisator\",\"url\":\"https:\\\/\\\/www.organisator.ch\\\/\",\"logo\":{\"@type\":\"ImageObject\",\"inLanguage\":\"de\",\"@id\":\"https:\\\/\\\/www.organisator.ch\\\/#\\\/schema\\\/logo\\\/image\\\/\",\"url\":\"https:\\\/\\\/www.organisator.ch\\\/wp-content\\\/uploads\\\/2022\\\/01\\\/Logo_Organisator_Website.png\",\"contentUrl\":\"https:\\\/\\\/www.organisator.ch\\\/wp-content\\\/uploads\\\/2022\\\/01\\\/Logo_Organisator_Website.png\",\"width\":800,\"height\":77,\"caption\":\"Organisator\"},\"image\":{\"@id\":\"https:\\\/\\\/www.organisator.ch\\\/#\\\/schema\\\/logo\\\/image\\\/\"},\"sameAs\":[\"https:\\\/\\\/www.facebook.com\\\/OrganisatorFachmagazin\",\"https:\\\/\\\/www.linkedin.com\\\/showcase\\\/organisator-das-magazin-fr-kmu\",\"https:\\\/\\\/www.xing.com\\\/news\\\/pages\\\/organisator-ch-695\",\"https:\\\/\\\/www.youtube.com\\\/channel\\\/UCGP2Sq0iWaZwT3BdIAQFYpw\"]},{\"@type\":\"Person\",\"@id\":\"https:\\\/\\\/www.organisator.ch\\\/#\\\/schema\\\/person\\\/dd8ffea01043c9c41d7718296a158fac\",\"name\":\"K4-Import\",\"image\":{\"@type\":\"ImageObject\",\"inLanguage\":\"de\",\"@id\":\"https:\\\/\\\/secure.gravatar.com\\\/avatar\\\/73620ab7215a54b074cc226514e02ed65cb79211bbaee1eb49b63b57e58aaad6?s=96&d=mm&r=g\",\"url\":\"https:\\\/\\\/secure.gravatar.com\\\/avatar\\\/73620ab7215a54b074cc226514e02ed65cb79211bbaee1eb49b63b57e58aaad6?s=96&d=mm&r=g\",\"contentUrl\":\"https:\\\/\\\/secure.gravatar.com\\\/avatar\\\/73620ab7215a54b074cc226514e02ed65cb79211bbaee1eb49b63b57e58aaad6?s=96&d=mm&r=g\",\"caption\":\"K4-Import\"},\"url\":\"https:\\\/\\\/www.organisator.ch\\\/de\\\/author\\\/k4-import\\\/\"}]}<\/script>\n<!-- \/ Yoast SEO plugin. -->","yoast_head_json":{"title":"M\u00f6bel Pfister AG setzt auf IT-Outsourcing - Organisator","description":"Technisch anspruchsvoll und zeitlich knapp bemessen: Das IT-Outsourcing-Projekt des gr\u00f6ssten Schweizer Einrichtungsh\u00e4ndlers stellte den IT-Dienstleister vor einige Herausforderungen.","robots":{"index":"index","follow":"follow","max-snippet":"max-snippet:-1","max-image-preview":"max-image-preview:large","max-video-preview":"max-video-preview:-1"},"canonical":"https:\/\/www.organisator.ch\/de\/management\/it\/2018-03-15\/moebel-pfister-ag-setzt-auf-it-outsourcing\/","og_locale":"de_DE","og_type":"article","og_title":"M\u00f6bel Pfister AG setzt auf IT-Outsourcing","og_description":"Technisch anspruchsvoll und zeitlich knapp bemessen: Das #IT-Outsourcing-Projekt des gr\u00f6ssten Schweizer Einrichtungsh\u00e4ndlers stellte den #IT-Dienstleister vor einige Herausforderungen.","og_url":"https:\/\/www.organisator.ch\/de\/management\/it\/2018-03-15\/moebel-pfister-ag-setzt-auf-it-outsourcing\/","og_site_name":"Organisator","article_publisher":"https:\/\/www.facebook.com\/OrganisatorFachmagazin","article_published_time":"2018-03-15T09:00:45+00:00","og_image":[{"width":1250,"height":532,"url":"https:\/\/www.organisator.ch\/wp-content\/uploads\/2018\/03\/2018_03_ICT_GIA_Bild2_1552754.jpg","type":"image\/jpeg"}],"author":"K4-Import","twitter_card":"summary_large_image","twitter_title":"M\u00f6bel Pfister AG setzt auf #IT-Outsourcing","twitter_description":"Technisch anspruchsvoll und zeitlich knapp bemessen: Das #IT-Outsourcing-Projekt des gr\u00f6ssten Schweizer Einrichtungsh\u00e4ndlers stellte den #IT-Dienstleister vor einige Herausforderungen.","twitter_image":"https:\/\/www.organisator.ch\/wp-content\/uploads\/2018\/03\/2018_03_ICT_GIA_Bild2_1552754.jpg","schema":{"@context":"https:\/\/schema.org","@graph":[{"@type":"Article","@id":"https:\/\/www.organisator.ch\/management\/it\/2018-03-15\/moebel-pfister-ag-setzt-auf-it-outsourcing\/#article","isPartOf":{"@id":"https:\/\/www.organisator.ch\/management\/it\/2018-03-15\/moebel-pfister-ag-setzt-auf-it-outsourcing\/"},"author":{"name":"K4-Import","@id":"https:\/\/www.organisator.ch\/#\/schema\/person\/dd8ffea01043c9c41d7718296a158fac"},"headline":"M\u00f6bel Pfister AG setzt auf IT-Outsourcing","datePublished":"2018-03-15T09:00:45+00:00","mainEntityOfPage":{"@id":"https:\/\/www.organisator.ch\/management\/it\/2018-03-15\/moebel-pfister-ag-setzt-auf-it-outsourcing\/"},"wordCount":608,"commentCount":0,"publisher":{"@id":"https:\/\/www.organisator.ch\/#organization"},"image":{"@id":"https:\/\/www.organisator.ch\/management\/it\/2018-03-15\/moebel-pfister-ag-setzt-auf-it-outsourcing\/#primaryimage"},"thumbnailUrl":"https:\/\/www.organisator.ch\/wp-content\/uploads\/2018\/03\/2018_03_ICT_GIA_Bild2_1552754.jpg","keywords":["Digitalisierung","IT","IT &amp; Business Software","Produkte"],"articleSection":["IT"],"inLanguage":"de"},{"@type":"WebPage","@id":"https:\/\/www.organisator.ch\/management\/it\/2018-03-15\/moebel-pfister-ag-setzt-auf-it-outsourcing\/","url":"https:\/\/www.organisator.ch\/management\/it\/2018-03-15\/moebel-pfister-ag-setzt-auf-it-outsourcing\/","name":"M\u00f6bel Pfister AG setzt auf IT-Outsourcing - Organisator","isPartOf":{"@id":"https:\/\/www.organisator.ch\/#website"},"primaryImageOfPage":{"@id":"https:\/\/www.organisator.ch\/management\/it\/2018-03-15\/moebel-pfister-ag-setzt-auf-it-outsourcing\/#primaryimage"},"image":{"@id":"https:\/\/www.organisator.ch\/management\/it\/2018-03-15\/moebel-pfister-ag-setzt-auf-it-outsourcing\/#primaryimage"},"thumbnailUrl":"https:\/\/www.organisator.ch\/wp-content\/uploads\/2018\/03\/2018_03_ICT_GIA_Bild2_1552754.jpg","datePublished":"2018-03-15T09:00:45+00:00","description":"Technisch anspruchsvoll und zeitlich knapp bemessen: Das IT-Outsourcing-Projekt des gr\u00f6ssten Schweizer Einrichtungsh\u00e4ndlers stellte den IT-Dienstleister vor einige Herausforderungen.","breadcrumb":{"@id":"https:\/\/www.organisator.ch\/management\/it\/2018-03-15\/moebel-pfister-ag-setzt-auf-it-outsourcing\/#breadcrumb"},"inLanguage":"de","potentialAction":[{"@type":"ReadAction","target":["https:\/\/www.organisator.ch\/management\/it\/2018-03-15\/moebel-pfister-ag-setzt-auf-it-outsourcing\/"]}]},{"@type":"ImageObject","inLanguage":"de","@id":"https:\/\/www.organisator.ch\/management\/it\/2018-03-15\/moebel-pfister-ag-setzt-auf-it-outsourcing\/#primaryimage","url":"https:\/\/www.organisator.ch\/wp-content\/uploads\/2018\/03\/2018_03_ICT_GIA_Bild2_1552754.jpg","contentUrl":"https:\/\/www.organisator.ch\/wp-content\/uploads\/2018\/03\/2018_03_ICT_GIA_Bild2_1552754.jpg","width":1250,"height":532,"caption":"Die Pfister-Filiale in Lyssach ist eine von 20 Zweigniederlassungen in der Schweiz. (Bild: Pfister AG)"},{"@type":"BreadcrumbList","@id":"https:\/\/www.organisator.ch\/management\/it\/2018-03-15\/moebel-pfister-ag-setzt-auf-it-outsourcing\/#breadcrumb","itemListElement":[{"@type":"ListItem","position":1,"name":"Home","item":"https:\/\/www.organisator.ch\/"},{"@type":"ListItem","position":2,"name":"M\u00f6bel Pfister AG setzt auf IT-Outsourcing"}]},{"@type":"WebSite","@id":"https:\/\/www.organisator.ch\/#website","url":"https:\/\/www.organisator.ch\/","name":"Organisator","description":"Kompetent. Praxisnah. Der ORGANISATOR bereitet in 10 Ausgaben pro Jahr die wesentlichen Themen f\u00fcr F\u00fchrungskr\u00e4fte von KMU auf.","publisher":{"@id":"https:\/\/www.organisator.ch\/#organization"},"potentialAction":[{"@type":"SearchAction","target":{"@type":"EntryPoint","urlTemplate":"https:\/\/www.organisator.ch\/?s={search_term_string}"},"query-input":{"@type":"PropertyValueSpecification","valueRequired":true,"valueName":"search_term_string"}}],"inLanguage":"de"},{"@type":"Organization","@id":"https:\/\/www.organisator.ch\/#organization","name":"Organisator","url":"https:\/\/www.organisator.ch\/","logo":{"@type":"ImageObject","inLanguage":"de","@id":"https:\/\/www.organisator.ch\/#\/schema\/logo\/image\/","url":"https:\/\/www.organisator.ch\/wp-content\/uploads\/2022\/01\/Logo_Organisator_Website.png","contentUrl":"https:\/\/www.organisator.ch\/wp-content\/uploads\/2022\/01\/Logo_Organisator_Website.png","width":800,"height":77,"caption":"Organisator"},"image":{"@id":"https:\/\/www.organisator.ch\/#\/schema\/logo\/image\/"},"sameAs":["https:\/\/www.facebook.com\/OrganisatorFachmagazin","https:\/\/www.linkedin.com\/showcase\/organisator-das-magazin-fr-kmu","https:\/\/www.xing.com\/news\/pages\/organisator-ch-695","https:\/\/www.youtube.com\/channel\/UCGP2Sq0iWaZwT3BdIAQFYpw"]},{"@type":"Person","@id":"https:\/\/www.organisator.ch\/#\/schema\/person\/dd8ffea01043c9c41d7718296a158fac","name":"K4-Import","image":{"@type":"ImageObject","inLanguage":"de","@id":"https:\/\/secure.gravatar.com\/avatar\/73620ab7215a54b074cc226514e02ed65cb79211bbaee1eb49b63b57e58aaad6?s=96&d=mm&r=g","url":"https:\/\/secure.gravatar.com\/avatar\/73620ab7215a54b074cc226514e02ed65cb79211bbaee1eb49b63b57e58aaad6?s=96&d=mm&r=g","contentUrl":"https:\/\/secure.gravatar.com\/avatar\/73620ab7215a54b074cc226514e02ed65cb79211bbaee1eb49b63b57e58aaad6?s=96&d=mm&r=g","caption":"K4-Import"},"url":"https:\/\/www.organisator.ch\/de\/author\/k4-import\/"}]}},"_links":{"self":[{"href":"https:\/\/www.organisator.ch\/de\/wp-json\/wp\/v2\/posts\/3272","targetHints":{"allow":["GET"]}}],"collection":[{"href":"https:\/\/www.organisator.ch\/de\/wp-json\/wp\/v2\/posts"}],"about":[{"href":"https:\/\/www.organisator.ch\/de\/wp-json\/wp\/v2\/types\/post"}],"author":[{"embeddable":true,"href":"https:\/\/www.organisator.ch\/de\/wp-json\/wp\/v2\/users\/7"}],"replies":[{"embeddable":true,"href":"https:\/\/www.organisator.ch\/de\/wp-json\/wp\/v2\/comments?post=3272"}],"version-history":[{"count":0,"href":"https:\/\/www.organisator.ch\/de\/wp-json\/wp\/v2\/posts\/3272\/revisions"}],"wp:featuredmedia":[{"embeddable":true,"href":"https:\/\/www.organisator.ch\/de\/wp-json\/wp\/v2\/media\/3275"}],"wp:attachment":[{"href":"https:\/\/www.organisator.ch\/de\/wp-json\/wp\/v2\/media?parent=3272"}],"wp:term":[{"taxonomy":"category","embeddable":true,"href":"https:\/\/www.organisator.ch\/de\/wp-json\/wp\/v2\/categories?post=3272"},{"taxonomy":"post_tag","embeddable":true,"href":"https:\/\/www.organisator.ch\/de\/wp-json\/wp\/v2\/tags?post=3272"}],"curies":[{"name":"wp","href":"https:\/\/api.w.org\/{rel}","templated":true}]}}