{"id":3276,"date":"2020-08-17T06:17:10","date_gmt":"2020-08-17T04:17:10","guid":{"rendered":"https:\/\/www.umweltperspektiven.ch\/?p=3276"},"modified":"2020-08-17T06:17:10","modified_gmt":"2020-08-17T04:17:10","slug":"renommierte-gaeste-am-forum-oe-2020","status":"publish","type":"post","link":"https:\/\/www.organisator.ch\/de\/allgemein\/2020-08-17\/renommierte-gaeste-am-forum-oe-2020\/","title":{"rendered":"Renommierte G\u00e4ste am Forum \u00f6 2020"},"content":{"rendered":"<div id=\"jsn-body\">\n<div id=\"jsn-content\" class=\"jsn-hasright \">\n<div id=\"jsn-content_inner\" class=\"row-fluid\">\n<div id=\"jsn-maincontent\" class=\"span9 order1 row-fluid\">\n<div id=\"jsn-maincontent_inner\">\n<div id=\"jsn-centercol\" class=\"span12 order1 \">\n<div id=\"jsn-centercol_inner\">\n<p>&nbsp;<\/p>\n<div id=\"jsn-mainbody-content\" class=\" jsn-hasmainbodytop jsn-hasmainbody\">\n<div id=\"jsn-mainbody\">\n<div id=\"rs_event_show\">\n<figure id=\"attachment_3277\" aria-describedby=\"caption-attachment-3277\" style=\"width: 680px\" class=\"wp-caption alignnone\"><img loading=\"lazy\" decoding=\"async\" class=\"wp-image-3277 size-medium\" src=\"\/\/www.umweltperspektiven.ch\/wp-content\/uploads\/2020\/08\/1280px-Flickr_-_boellstiftung_-_Ernst_Ulrich_von_Weizs\u00e4cker.jpg\" alt=\"\" width=\"680\" height=\"453\" \/><figcaption id=\"caption-attachment-3277\" class=\"wp-caption-text\">Ernst Ulrich von Weizs\u00e4cker, ehem. Pr\u00e4sident des Club of Rome, wird am Forum \u00f6 in Wabern bei Bern zugegen sein. (Bild: Wikipedia)<\/figcaption><\/figure>\n<p>Wenn vision\u00e4re Zukunftsgestalterinnen und Zukunftsgestalter aufeinander treffen, passiert \u00f6. Das\u00a0<strong>Forum \u00f6<\/strong>\u00a0verbindet spannende Pers\u00f6nlichkeiten aus Wirtschaft, Wissenschaft und Verwaltung und hat den Zweck, Opportunit\u00e4ten einer nachhaltigen Wirtschaftsentwicklung zu erkennen und L\u00f6sungen zu erarbeiten. Denn: Herausforderungen wie der Klimawandel lassen sich nicht verschieben und die Agenda 2030 ist nicht nur ein weiterer Programmpunkt in unserem \u00fcbervollen Businesskalender!<\/p>\n<p><strong>Nachhaltiges Wirtschaften beginnt in der Zusammenarbeit<\/strong><br \/>\nVer\u00e4nderung beginnt und nachhaltiges Wirtschaften entsteht, wenn ein Umdenken stattfindet. Denn nur im Austausch mit Anderen, dem Nutzen von Synergien, geistiger Elastizit\u00e4t, Innovationskraft und einer Portion Disziplin lassen sich \u00f6kologische und soziale Grunds\u00e4tze erfolgreich in der Wirtschaft umsetzen und verinnerlichen. Am\u00a0<strong>Forum \u00f6<\/strong>\u00a0ist deswegen Mitgestaltung Konzept. Hier werden Projekte geschmiedet, Geschichten geschrieben und N\u00e4gel mit K\u00f6pfen gemacht.<\/p>\n<p><strong>Ein Anlass mit Mehrwert<\/strong><br \/>\nTauchen Sie ein in die vielf\u00e4ltige Welt des\u00a0<strong>Forum \u00f6<\/strong>\u00a0und nutzen Sie die Plattform f\u00fcr Ihre unternehmerische und pers\u00f6nliche Weiterentwicklung:<\/p>\n<ul>\n<li>Lassen Sie sich von Pionieren und Peers inspirieren<\/li>\n<li>Gelangen Sie vom Know-how zum Do-how und erleben Sie den einzigartigen WOW-Faktor des Forum \u00f6<\/li>\n<li>Erfahren Sie, in welcher Phase sich aktuell die Wirtschaft befindet: der COVID-19-Reality-Check<\/li>\n<li>Das Forum \u00f6 macht Networking einfach &#8211; erweitern Sie Ihr Netzwerk der nachhaltigen Wirtschaft<\/li>\n<li>Lernen Sie bekannte Pers\u00f6nlichkeiten kennen wie<br \/>\n&#8211; Ernst Ulrich von Weizs\u00e4cker, ehem. Pr\u00e4sident des Club of Rome<br \/>\n&#8211; Maja G\u00f6pel, Generalsekret\u00e4rin des Wissenschaftlichen Beirats Globale\u00a0Umweltver\u00e4nderungen der Bundesregierung Deutschlands<br \/>\n&#8211; u.v.m.<\/li>\n<\/ul>\n<p class=\"btn btn-primary\"><em><a href=\"\/\/www.oebu.ch\/de\/events\/event-kalender\/forum-oe-2020-und-jetzt-gemeinsam-die-zukunft-der-schweizer-wirtschaft-schmieden!-5311.html\" target=\"_blank\" rel=\"noopener noreferrer\">PROGRAMM UND ANMELDUNG<\/a><\/em><\/p>\n<\/div>\n<\/div>\n<\/div>\n<\/div>\n<\/div>\n<\/div>\n<\/div>\n<\/div>\n<\/div>\n<\/div>\n","protected":false},"excerpt":{"rendered":"<p>&nbsp; Wenn vision\u00e4re Zukunftsgestalterinnen und Zukunftsgestalter aufeinander treffen, passiert \u00f6. Das\u00a0Forum \u00f6\u00a0verbindet spannende Pers\u00f6nlichkeiten aus Wirtschaft, Wissenschaft und Verwaltung und hat den Zweck, Opportunit\u00e4ten einer nachhaltigen Wirtschaftsentwicklung zu erkennen und L\u00f6sungen zu erarbeiten. Denn: Herausforderungen wie der Klimawandel lassen sich nicht verschieben und die Agenda 2030 ist nicht nur ein weiterer Programmpunkt in unserem \u00fcbervollen [&hellip;]<\/p>\n","protected":false},"author":5,"featured_media":9720,"comment_status":"closed","ping_status":"closed","sticky":false,"template":"","format":"standard","meta":{"_acf_changed":false,"_yoast_wpseo_focuskw":"Forum \u00f6","_yoast_wpseo_metadesc":"Wenn am 28. Oktober 2020 in Bern die T\u00fcren zum Forum \u00f6 aufgehen, entsteht Neues. Neue Ideen, neue Projekte, neue Kooperationen.","articlekey":"","footnotes":""},"categories":[1],"tags":[643,1122,1227,1662],"class_list":["post-3276","post","type-post","status-publish","format-standard","has-post-thumbnail","hentry","category-allgemein","tag-643","tag-ernst-ulrich-von-weizsaecker","tag-forum-oe","tag-maja-goepel"],"acf":[],"yoast_head":"<!-- This site is optimized with the Yoast SEO plugin v27.5 - https:\/\/yoast.com\/product\/yoast-seo-wordpress\/ -->\n<title>Renommierte G\u00e4ste am Forum \u00f6 2020 - Organisator<\/title>\n<meta name=\"description\" content=\"Wenn am 28. Oktober 2020 in Bern die T\u00fcren zum Forum \u00f6 aufgehen, entsteht Neues. Neue Ideen, neue Projekte, neue Kooperationen.\" \/>\n<meta name=\"robots\" content=\"index, follow, max-snippet:-1, max-image-preview:large, max-video-preview:-1\" \/>\n<link rel=\"canonical\" href=\"https:\/\/www.organisator.ch\/de\/allgemein\/2020-08-17\/renommierte-gaeste-am-forum-oe-2020\/\" \/>\n<meta property=\"og:locale\" content=\"de_DE\" \/>\n<meta property=\"og:type\" content=\"article\" \/>\n<meta property=\"og:title\" content=\"Renommierte G\u00e4ste am Forum \u00f6 2020 - Organisator\" \/>\n<meta property=\"og:description\" content=\"Wenn am 28. Oktober 2020 in Bern die T\u00fcren zum Forum \u00f6 aufgehen, entsteht Neues. Neue Ideen, neue Projekte, neue Kooperationen.\" \/>\n<meta property=\"og:url\" content=\"https:\/\/www.organisator.ch\/de\/allgemein\/2020-08-17\/renommierte-gaeste-am-forum-oe-2020\/\" \/>\n<meta property=\"og:site_name\" content=\"Organisator\" \/>\n<meta property=\"article:publisher\" content=\"https:\/\/www.facebook.com\/OrganisatorFachmagazin\" \/>\n<meta property=\"article:published_time\" content=\"2020-08-17T04:17:10+00:00\" \/>\n<meta property=\"og:image\" content=\"https:\/\/www.organisator.ch\/wp-content\/uploads\/2020\/08\/1280px-Flickr_-_boellstiftung_-_Ernst_Ulrich_von_Weizsaecker.jpg\" \/>\n\t<meta property=\"og:image:width\" content=\"1280\" \/>\n\t<meta property=\"og:image:height\" content=\"852\" \/>\n\t<meta property=\"og:image:type\" content=\"image\/jpeg\" \/>\n<meta name=\"author\" content=\"michael.merz\" \/>\n<meta name=\"twitter:card\" content=\"summary_large_image\" \/>\n<script type=\"application\/ld+json\" class=\"yoast-schema-graph\">{\"@context\":\"https:\\\/\\\/schema.org\",\"@graph\":[{\"@type\":\"Article\",\"@id\":\"https:\\\/\\\/www.organisator.ch\\\/it\\\/generale\\\/2020-08-17\\\/renommierte-gaeste-am-forum-oe-2020\\\/#article\",\"isPartOf\":{\"@id\":\"https:\\\/\\\/www.organisator.ch\\\/it\\\/generale\\\/2020-08-17\\\/renommierte-gaeste-am-forum-oe-2020\\\/\"},\"author\":{\"name\":\"michael.merz\",\"@id\":\"https:\\\/\\\/www.organisator.ch\\\/#\\\/schema\\\/person\\\/134708ca9321c57b0362cceb7948ffbd\"},\"headline\":\"Renommierte G\u00e4ste am Forum \u00f6 2020\",\"datePublished\":\"2020-08-17T04:17:10+00:00\",\"mainEntityOfPage\":{\"@id\":\"https:\\\/\\\/www.organisator.ch\\\/it\\\/generale\\\/2020-08-17\\\/renommierte-gaeste-am-forum-oe-2020\\\/\"},\"wordCount\":279,\"publisher\":{\"@id\":\"https:\\\/\\\/www.organisator.ch\\\/#organization\"},\"image\":{\"@id\":\"https:\\\/\\\/www.organisator.ch\\\/it\\\/generale\\\/2020-08-17\\\/renommierte-gaeste-am-forum-oe-2020\\\/#primaryimage\"},\"thumbnailUrl\":\"https:\\\/\\\/www.organisator.ch\\\/wp-content\\\/uploads\\\/2020\\\/08\\\/1280px-Flickr_-_boellstiftung_-_Ernst_Ulrich_von_Weizsaecker.jpg\",\"keywords\":[\"2020\",\"Ernst Ulrich von Weizs\u00e4cker\",\"Forum \u00f6\",\"Maja G\u00f6pel\"],\"inLanguage\":\"de\"},{\"@type\":\"WebPage\",\"@id\":\"https:\\\/\\\/www.organisator.ch\\\/it\\\/generale\\\/2020-08-17\\\/renommierte-gaeste-am-forum-oe-2020\\\/\",\"url\":\"https:\\\/\\\/www.organisator.ch\\\/it\\\/generale\\\/2020-08-17\\\/renommierte-gaeste-am-forum-oe-2020\\\/\",\"name\":\"Renommierte G\u00e4ste am Forum \u00f6 2020 - Organisator\",\"isPartOf\":{\"@id\":\"https:\\\/\\\/www.organisator.ch\\\/#website\"},\"primaryImageOfPage\":{\"@id\":\"https:\\\/\\\/www.organisator.ch\\\/it\\\/generale\\\/2020-08-17\\\/renommierte-gaeste-am-forum-oe-2020\\\/#primaryimage\"},\"image\":{\"@id\":\"https:\\\/\\\/www.organisator.ch\\\/it\\\/generale\\\/2020-08-17\\\/renommierte-gaeste-am-forum-oe-2020\\\/#primaryimage\"},\"thumbnailUrl\":\"https:\\\/\\\/www.organisator.ch\\\/wp-content\\\/uploads\\\/2020\\\/08\\\/1280px-Flickr_-_boellstiftung_-_Ernst_Ulrich_von_Weizsaecker.jpg\",\"datePublished\":\"2020-08-17T04:17:10+00:00\",\"description\":\"Wenn am 28. Oktober 2020 in Bern die T\u00fcren zum Forum \u00f6 aufgehen, entsteht Neues. Neue Ideen, neue Projekte, neue Kooperationen.\",\"breadcrumb\":{\"@id\":\"https:\\\/\\\/www.organisator.ch\\\/it\\\/generale\\\/2020-08-17\\\/renommierte-gaeste-am-forum-oe-2020\\\/#breadcrumb\"},\"inLanguage\":\"de\",\"potentialAction\":[{\"@type\":\"ReadAction\",\"target\":[\"https:\\\/\\\/www.organisator.ch\\\/it\\\/generale\\\/2020-08-17\\\/renommierte-gaeste-am-forum-oe-2020\\\/\"]}]},{\"@type\":\"ImageObject\",\"inLanguage\":\"de\",\"@id\":\"https:\\\/\\\/www.organisator.ch\\\/it\\\/generale\\\/2020-08-17\\\/renommierte-gaeste-am-forum-oe-2020\\\/#primaryimage\",\"url\":\"https:\\\/\\\/www.organisator.ch\\\/wp-content\\\/uploads\\\/2020\\\/08\\\/1280px-Flickr_-_boellstiftung_-_Ernst_Ulrich_von_Weizsaecker.jpg\",\"contentUrl\":\"https:\\\/\\\/www.organisator.ch\\\/wp-content\\\/uploads\\\/2020\\\/08\\\/1280px-Flickr_-_boellstiftung_-_Ernst_Ulrich_von_Weizsaecker.jpg\",\"width\":1280,\"height\":852},{\"@type\":\"BreadcrumbList\",\"@id\":\"https:\\\/\\\/www.organisator.ch\\\/it\\\/generale\\\/2020-08-17\\\/renommierte-gaeste-am-forum-oe-2020\\\/#breadcrumb\",\"itemListElement\":[{\"@type\":\"ListItem\",\"position\":1,\"name\":\"Home\",\"item\":\"https:\\\/\\\/www.organisator.ch\\\/\"},{\"@type\":\"ListItem\",\"position\":2,\"name\":\"Renommierte G\u00e4ste am Forum \u00f6 2020\"}]},{\"@type\":\"WebSite\",\"@id\":\"https:\\\/\\\/www.organisator.ch\\\/#website\",\"url\":\"https:\\\/\\\/www.organisator.ch\\\/\",\"name\":\"Organisator\",\"description\":\"Kompetent. Praxisnah. Der ORGANISATOR bereitet in 10 Ausgaben pro Jahr die wesentlichen Themen f\u00fcr F\u00fchrungskr\u00e4fte von KMU auf.\",\"publisher\":{\"@id\":\"https:\\\/\\\/www.organisator.ch\\\/#organization\"},\"potentialAction\":[{\"@type\":\"SearchAction\",\"target\":{\"@type\":\"EntryPoint\",\"urlTemplate\":\"https:\\\/\\\/www.organisator.ch\\\/?s={search_term_string}\"},\"query-input\":{\"@type\":\"PropertyValueSpecification\",\"valueRequired\":true,\"valueName\":\"search_term_string\"}}],\"inLanguage\":\"de\"},{\"@type\":\"Organization\",\"@id\":\"https:\\\/\\\/www.organisator.ch\\\/#organization\",\"name\":\"Organisator\",\"url\":\"https:\\\/\\\/www.organisator.ch\\\/\",\"logo\":{\"@type\":\"ImageObject\",\"inLanguage\":\"de\",\"@id\":\"https:\\\/\\\/www.organisator.ch\\\/#\\\/schema\\\/logo\\\/image\\\/\",\"url\":\"https:\\\/\\\/www.organisator.ch\\\/wp-content\\\/uploads\\\/2022\\\/01\\\/Logo_Organisator_Website.png\",\"contentUrl\":\"https:\\\/\\\/www.organisator.ch\\\/wp-content\\\/uploads\\\/2022\\\/01\\\/Logo_Organisator_Website.png\",\"width\":800,\"height\":77,\"caption\":\"Organisator\"},\"image\":{\"@id\":\"https:\\\/\\\/www.organisator.ch\\\/#\\\/schema\\\/logo\\\/image\\\/\"},\"sameAs\":[\"https:\\\/\\\/www.facebook.com\\\/OrganisatorFachmagazin\",\"https:\\\/\\\/www.linkedin.com\\\/showcase\\\/organisator-das-magazin-fr-kmu\",\"https:\\\/\\\/www.xing.com\\\/news\\\/pages\\\/organisator-ch-695\",\"https:\\\/\\\/www.youtube.com\\\/channel\\\/UCGP2Sq0iWaZwT3BdIAQFYpw\"]},{\"@type\":\"Person\",\"@id\":\"https:\\\/\\\/www.organisator.ch\\\/#\\\/schema\\\/person\\\/134708ca9321c57b0362cceb7948ffbd\",\"name\":\"michael.merz\",\"image\":{\"@type\":\"ImageObject\",\"inLanguage\":\"de\",\"@id\":\"https:\\\/\\\/secure.gravatar.com\\\/avatar\\\/?s=96&d=mm&r=g\",\"url\":\"https:\\\/\\\/secure.gravatar.com\\\/avatar\\\/?s=96&d=mm&r=g\",\"contentUrl\":\"https:\\\/\\\/secure.gravatar.com\\\/avatar\\\/?s=96&d=mm&r=g\",\"caption\":\"michael.merz\"},\"url\":\"https:\\\/\\\/www.organisator.ch\\\/de\\\/author\\\/michael-merz\\\/\"}]}<\/script>\n<!-- \/ Yoast SEO plugin. -->","yoast_head_json":{"title":"Renommierte G\u00e4ste am Forum \u00f6 2020 - Organisator","description":"Wenn am 28. Oktober 2020 in Bern die T\u00fcren zum Forum \u00f6 aufgehen, entsteht Neues. Neue Ideen, neue Projekte, neue Kooperationen.","robots":{"index":"index","follow":"follow","max-snippet":"max-snippet:-1","max-image-preview":"max-image-preview:large","max-video-preview":"max-video-preview:-1"},"canonical":"https:\/\/www.organisator.ch\/de\/allgemein\/2020-08-17\/renommierte-gaeste-am-forum-oe-2020\/","og_locale":"de_DE","og_type":"article","og_title":"Renommierte G\u00e4ste am Forum \u00f6 2020 - Organisator","og_description":"Wenn am 28. Oktober 2020 in Bern die T\u00fcren zum Forum \u00f6 aufgehen, entsteht Neues. Neue Ideen, neue Projekte, neue Kooperationen.","og_url":"https:\/\/www.organisator.ch\/de\/allgemein\/2020-08-17\/renommierte-gaeste-am-forum-oe-2020\/","og_site_name":"Organisator","article_publisher":"https:\/\/www.facebook.com\/OrganisatorFachmagazin","article_published_time":"2020-08-17T04:17:10+00:00","og_image":[{"width":1280,"height":852,"url":"https:\/\/www.organisator.ch\/wp-content\/uploads\/2020\/08\/1280px-Flickr_-_boellstiftung_-_Ernst_Ulrich_von_Weizsaecker.jpg","type":"image\/jpeg"}],"author":"michael.merz","twitter_card":"summary_large_image","schema":{"@context":"https:\/\/schema.org","@graph":[{"@type":"Article","@id":"https:\/\/www.organisator.ch\/it\/generale\/2020-08-17\/renommierte-gaeste-am-forum-oe-2020\/#article","isPartOf":{"@id":"https:\/\/www.organisator.ch\/it\/generale\/2020-08-17\/renommierte-gaeste-am-forum-oe-2020\/"},"author":{"name":"michael.merz","@id":"https:\/\/www.organisator.ch\/#\/schema\/person\/134708ca9321c57b0362cceb7948ffbd"},"headline":"Renommierte G\u00e4ste am Forum \u00f6 2020","datePublished":"2020-08-17T04:17:10+00:00","mainEntityOfPage":{"@id":"https:\/\/www.organisator.ch\/it\/generale\/2020-08-17\/renommierte-gaeste-am-forum-oe-2020\/"},"wordCount":279,"publisher":{"@id":"https:\/\/www.organisator.ch\/#organization"},"image":{"@id":"https:\/\/www.organisator.ch\/it\/generale\/2020-08-17\/renommierte-gaeste-am-forum-oe-2020\/#primaryimage"},"thumbnailUrl":"https:\/\/www.organisator.ch\/wp-content\/uploads\/2020\/08\/1280px-Flickr_-_boellstiftung_-_Ernst_Ulrich_von_Weizsaecker.jpg","keywords":["2020","Ernst Ulrich von Weizs\u00e4cker","Forum \u00f6","Maja G\u00f6pel"],"inLanguage":"de"},{"@type":"WebPage","@id":"https:\/\/www.organisator.ch\/it\/generale\/2020-08-17\/renommierte-gaeste-am-forum-oe-2020\/","url":"https:\/\/www.organisator.ch\/it\/generale\/2020-08-17\/renommierte-gaeste-am-forum-oe-2020\/","name":"Renommierte G\u00e4ste am Forum \u00f6 2020 - Organisator","isPartOf":{"@id":"https:\/\/www.organisator.ch\/#website"},"primaryImageOfPage":{"@id":"https:\/\/www.organisator.ch\/it\/generale\/2020-08-17\/renommierte-gaeste-am-forum-oe-2020\/#primaryimage"},"image":{"@id":"https:\/\/www.organisator.ch\/it\/generale\/2020-08-17\/renommierte-gaeste-am-forum-oe-2020\/#primaryimage"},"thumbnailUrl":"https:\/\/www.organisator.ch\/wp-content\/uploads\/2020\/08\/1280px-Flickr_-_boellstiftung_-_Ernst_Ulrich_von_Weizsaecker.jpg","datePublished":"2020-08-17T04:17:10+00:00","description":"Wenn am 28. Oktober 2020 in Bern die T\u00fcren zum Forum \u00f6 aufgehen, entsteht Neues. Neue Ideen, neue Projekte, neue Kooperationen.","breadcrumb":{"@id":"https:\/\/www.organisator.ch\/it\/generale\/2020-08-17\/renommierte-gaeste-am-forum-oe-2020\/#breadcrumb"},"inLanguage":"de","potentialAction":[{"@type":"ReadAction","target":["https:\/\/www.organisator.ch\/it\/generale\/2020-08-17\/renommierte-gaeste-am-forum-oe-2020\/"]}]},{"@type":"ImageObject","inLanguage":"de","@id":"https:\/\/www.organisator.ch\/it\/generale\/2020-08-17\/renommierte-gaeste-am-forum-oe-2020\/#primaryimage","url":"https:\/\/www.organisator.ch\/wp-content\/uploads\/2020\/08\/1280px-Flickr_-_boellstiftung_-_Ernst_Ulrich_von_Weizsaecker.jpg","contentUrl":"https:\/\/www.organisator.ch\/wp-content\/uploads\/2020\/08\/1280px-Flickr_-_boellstiftung_-_Ernst_Ulrich_von_Weizsaecker.jpg","width":1280,"height":852},{"@type":"BreadcrumbList","@id":"https:\/\/www.organisator.ch\/it\/generale\/2020-08-17\/renommierte-gaeste-am-forum-oe-2020\/#breadcrumb","itemListElement":[{"@type":"ListItem","position":1,"name":"Home","item":"https:\/\/www.organisator.ch\/"},{"@type":"ListItem","position":2,"name":"Renommierte G\u00e4ste am Forum \u00f6 2020"}]},{"@type":"WebSite","@id":"https:\/\/www.organisator.ch\/#website","url":"https:\/\/www.organisator.ch\/","name":"Organisator","description":"Kompetent. Praxisnah. Der ORGANISATOR bereitet in 10 Ausgaben pro Jahr die wesentlichen Themen f\u00fcr F\u00fchrungskr\u00e4fte von KMU auf.","publisher":{"@id":"https:\/\/www.organisator.ch\/#organization"},"potentialAction":[{"@type":"SearchAction","target":{"@type":"EntryPoint","urlTemplate":"https:\/\/www.organisator.ch\/?s={search_term_string}"},"query-input":{"@type":"PropertyValueSpecification","valueRequired":true,"valueName":"search_term_string"}}],"inLanguage":"de"},{"@type":"Organization","@id":"https:\/\/www.organisator.ch\/#organization","name":"Organisator","url":"https:\/\/www.organisator.ch\/","logo":{"@type":"ImageObject","inLanguage":"de","@id":"https:\/\/www.organisator.ch\/#\/schema\/logo\/image\/","url":"https:\/\/www.organisator.ch\/wp-content\/uploads\/2022\/01\/Logo_Organisator_Website.png","contentUrl":"https:\/\/www.organisator.ch\/wp-content\/uploads\/2022\/01\/Logo_Organisator_Website.png","width":800,"height":77,"caption":"Organisator"},"image":{"@id":"https:\/\/www.organisator.ch\/#\/schema\/logo\/image\/"},"sameAs":["https:\/\/www.facebook.com\/OrganisatorFachmagazin","https:\/\/www.linkedin.com\/showcase\/organisator-das-magazin-fr-kmu","https:\/\/www.xing.com\/news\/pages\/organisator-ch-695","https:\/\/www.youtube.com\/channel\/UCGP2Sq0iWaZwT3BdIAQFYpw"]},{"@type":"Person","@id":"https:\/\/www.organisator.ch\/#\/schema\/person\/134708ca9321c57b0362cceb7948ffbd","name":"michael.merz","image":{"@type":"ImageObject","inLanguage":"de","@id":"https:\/\/secure.gravatar.com\/avatar\/?s=96&d=mm&r=g","url":"https:\/\/secure.gravatar.com\/avatar\/?s=96&d=mm&r=g","contentUrl":"https:\/\/secure.gravatar.com\/avatar\/?s=96&d=mm&r=g","caption":"michael.merz"},"url":"https:\/\/www.organisator.ch\/de\/author\/michael-merz\/"}]}},"_links":{"self":[{"href":"https:\/\/www.organisator.ch\/de\/wp-json\/wp\/v2\/posts\/3276","targetHints":{"allow":["GET"]}}],"collection":[{"href":"https:\/\/www.organisator.ch\/de\/wp-json\/wp\/v2\/posts"}],"about":[{"href":"https:\/\/www.organisator.ch\/de\/wp-json\/wp\/v2\/types\/post"}],"author":[{"embeddable":true,"href":"https:\/\/www.organisator.ch\/de\/wp-json\/wp\/v2\/users\/5"}],"replies":[{"embeddable":true,"href":"https:\/\/www.organisator.ch\/de\/wp-json\/wp\/v2\/comments?post=3276"}],"version-history":[{"count":0,"href":"https:\/\/www.organisator.ch\/de\/wp-json\/wp\/v2\/posts\/3276\/revisions"}],"wp:featuredmedia":[{"embeddable":true,"href":"https:\/\/www.organisator.ch\/de\/wp-json\/wp\/v2\/media\/9720"}],"wp:attachment":[{"href":"https:\/\/www.organisator.ch\/de\/wp-json\/wp\/v2\/media?parent=3276"}],"wp:term":[{"taxonomy":"category","embeddable":true,"href":"https:\/\/www.organisator.ch\/de\/wp-json\/wp\/v2\/categories?post=3276"},{"taxonomy":"post_tag","embeddable":true,"href":"https:\/\/www.organisator.ch\/de\/wp-json\/wp\/v2\/tags?post=3276"}],"curies":[{"name":"wp","href":"https:\/\/api.w.org\/{rel}","templated":true}]}}