{"id":33071,"date":"2024-11-15T12:58:30","date_gmt":"2024-11-15T11:58:30","guid":{"rendered":"https:\/\/www.organisator.ch\/?p=33071"},"modified":"2024-11-15T08:58:58","modified_gmt":"2024-11-15T07:58:58","slug":"60-ausgabe-des-forums-der-smg-erfolgsrezepte-fuer-die-schweizer-wirtschaft","status":"publish","type":"post","link":"https:\/\/www.organisator.ch\/de\/management\/2024-11-15\/60-ausgabe-des-forums-der-smg-erfolgsrezepte-fuer-die-schweizer-wirtschaft\/","title":{"rendered":"60. Ausgabe des Forums der SMG: Erfolgsrezepte f\u00fcr die Schweizer Wirtschaft"},"content":{"rendered":"<figure id=\"attachment_33073\" aria-describedby=\"caption-attachment-33073\" style=\"width: 680px\" class=\"wp-caption alignnone\"><img loading=\"lazy\" decoding=\"async\" class=\"size-full wp-image-33073\" src=\"https:\/\/www.organisator.ch\/wp-content\/uploads\/2024\/11\/Schweizerische-Management-Gesellschaft_Bild1_ps.jpg\" alt=\"\" width=\"680\" height=\"453\" srcset=\"https:\/\/www.organisator.ch\/wp-content\/uploads\/2024\/11\/Schweizerische-Management-Gesellschaft_Bild1_ps.jpg 680w, https:\/\/www.organisator.ch\/wp-content\/uploads\/2024\/11\/Schweizerische-Management-Gesellschaft_Bild1_ps-18x12.jpg 18w, https:\/\/www.organisator.ch\/wp-content\/uploads\/2024\/11\/Schweizerische-Management-Gesellschaft_Bild1_ps-375x250.jpg 375w, https:\/\/www.organisator.ch\/wp-content\/uploads\/2024\/11\/Schweizerische-Management-Gesellschaft_Bild1_ps-525x350.jpg 525w\" sizes=\"auto, (max-width: 680px) 100vw, 680px\" \/><figcaption id=\"caption-attachment-33073\" class=\"wp-caption-text\">Die Schweizerische Management Gesellschaft (SMG) feierte das 60. Jubil\u00e4um ihres Forums. (Bild: www.smg.ch)<\/figcaption><\/figure>\n<p>In ihrer Begr\u00fcssung gab Sarah Kreienb\u00fchl, Pr\u00e4sidentin der SMG und Mitglied der Gesch\u00e4ftsleitung von K\u00fchne + Nagel, den G\u00e4sten einen R\u00fcckblick auf einige der Fokus-Themen der vergangenen Foren. Sie beschrieb diese als \u201eGeschichtsbuch der Schweizer Wirtschaft\u201c. Trotz wechselnder Schwerpunkte blieb eines konstant: Der Erfolg der Schweizer Wirtschaft ist das Ergebnis gemeinsamer Anstrengungen.<\/p>\n<h3><strong>Herausforderungen der Schweizer Exportindustrie in einem schwierigen globalen Umfeld<\/strong><\/h3>\n<p>\u201eSpuhler kann Krise\u201c \u2013 mit diesem Kommentar sorgte Dorothee Auw\u00e4rter, Pr\u00e4sidentin des Verwaltungsrats der Kuhn Rikon AG und SMG-Vorstandsmitglied, f\u00fcr h\u00f6rbaren Zuspruch im Publikum. Der Schweizer Unternehmer, Alt-Nationalrat und Verwaltungsratspr\u00e4sident von Stadler Rail AG Peter Spuhler gab im Interview mit ihr spannende Einblicke in die Herausforderungen, mit denen sein Unternehmen in diesem Jahr konfrontiert war \u2013 von Sanktionen gegen Russland und Weissrussland bis hin zu den Unwettern in S\u00fcdspanien. Peter Spuhler erkl\u00e4rte, dass die Resilienz seines Unternehmens auf der Flexibilit\u00e4t und Autonomie der einzelnen Standorte und Teams basiert, die unabh\u00e4ngig agieren und bei Bedarf verlagert werden k\u00f6nnen.<\/p>\n<h3><strong>Tradition als Fundament, Innovation als Weg<\/strong><\/h3>\n<p>\u201eLeidenschaft ist 24\/7\u201c, so der Verwaltungsrat und CEO der Confiserie Spr\u00fcngli AG Tomas Prenosil im Interview mit Sarah Kreienb\u00fchl und betonte, dass diese Leidenschaft das Unternehmen seit 1836 pr\u00e4gt. Thomas Prenosil f\u00fchrt das Familienunternehmen gemeinsam mit seinem Bruder Milan in der sechsten Generation. In einem Familienbetrieb gehe es nicht nur um Leistung, sondern vor allem darum, dass alle zusammenarbeiten und man in die Aufgaben hineinw\u00e4chst. \u201eBei mir dauerte die Probezeit unter den aufmerksamen Augen meines Onkels fast 27 Jahre\u201c, f\u00fcgte der Confiseur lachend hinzu.<\/p>\n<h3><strong>ETH \u2013 Robotics rock it!<\/strong><\/h3>\n<p>Unter der Leitung des dynamischen Forschers Prof. Dr. Roland Siegwart Director von Autonomous Systems Lab. ist das Institut f\u00fcr Robotik und Intelligente Systeme der ETH seit seiner Gr\u00fcndung vor 18 Jahren auf \u00fcber 25 Professuren gewachsen und hat zahlreiche Startups hervorgebracht. In der Drohnenbranche allein sind fast 6&#8217;500 Vollzeitstellen entstanden \u2013 ein Bereich, in dem die Schweiz weltweit f\u00fchrend ist. \u201eDie Robotik bietet nicht nur enormes Zukunftspotential, sie ist auch ein Gl\u00fccksfall f\u00fcr unsere Volkswirtschaft\u201c, erkl\u00e4rte Professor Siegwart anl\u00e4sslich seiner eindr\u00fccklichen Pr\u00e4sentation am SGM-Forum.<\/p>\n<h3><strong>Unternehmertum &amp; Politik \u2013 ein Traumpaar?<\/strong><\/h3>\n<p>Unter der Moderation von Thomas Amstutz, CEO der Feldschl\u00f6sschen Getr\u00e4nke AG und SMG Vorstandsmitglied, diskutierten die Nationalr\u00e4te Diana Gutjahr, Nationalr\u00e4tin, Pr\u00e4sidentin des Verwaltungsrats und Mitinhaberin Ernst Fischer sowie Nationalrat Andri Silberschmidt, Gr\u00fcnder und Verwaltungsratspr\u00e4sident kaisin. AG, warum die Zahl der Berufspolitiker im eidgen\u00f6ssischen Parlament w\u00e4chst. Beide Politiker pl\u00e4dierten in ihren Abschlussvoten daf\u00fcr, dass die Wirtschaft sozialer sei, als ihr Ruf vermuten l\u00e4sst, sie sich aber st\u00e4rker einbringen und damit sichtbar machen sollte.<\/p>\n<h3><strong>\u00abComplementary leadership in the era of AI\u00bb <\/strong><\/h3>\n<p>Nach einem beeindruckenden, von KI erstellten Video-Intro mit Avatar gab die Unternehmerin Sung-Joo Kim, Gr\u00fcnderin, Chief Visionary Officer und Vorsitzende von MCM Group den Teilnehmenden einen emotionalen Einblick in ihr Leben als Tochter eines koreanischen Industriemagnaten, das stark von patriarchalischen Strukturen gepr\u00e4gt war. Nachdem sie aufgrund ihres Nonkonformismus von ihrer Familie verstossen und enterbt wurde, gr\u00fcndete sie ihr eigenes Unternehmen und erwarb vor rund 20 Jahren die Rechte an der damals in der Modewelt als \u201etot\u201c geltenden deutschen Luxusmarke MCM. Unter ihrer energischen F\u00fchrung entwickelte sich MCM zu einer globalen Powermarke im Luxussektor. Das Unternehmen setzt gezielt auf KI und integriert den Technologiewandel aktiv in seine Strategie. Auf die Frage von Nora Teuwsen, CEO von ABB Schweiz und SMG-Vorstandsmitglied, woher sie die Energie und den Mut f\u00fcr ihre Vision nehme, antwortete sie schlicht: \u201eI pray a lot.\u201c<\/p>\n<h3><strong>Kann Biotech in der Schweiz florieren?<\/strong><\/h3>\n<p>Der Mediziner, Naturwissenschaftler und Facharzt f\u00fcr Psychiatrie Dr. Luca Santarelli hat als Unternehmer und Innovator in den letzten zwei Jahrzehnten die pharmazeutische Landschaft, auch in der Schweiz, massgeblich gepr\u00e4gt und eine beeindruckende Zahl von Medikamenten und Therapien f\u00fcr teils seltene Krankheiten entwickelt. Beim SMG-Forum konnte er stolz den erfolgreichen Abschluss einer sogenannten Serie-D-Finanzierung f\u00fcr ein weiteres von ihm geleitetes Unternehmen bekanntgeben.<\/p>\n<h3><strong>Rahmenbedingungen einer erfolgreichen Schweiz<\/strong><\/h3>\n<p>Unter der Leitung von Prof. Dr. Dr. h.c. Monika B\u00fctler, Honorarprofessorin HSG und Vorstandsmitglied des SMG, analysierten die beiden Diplomatinnen Helene Budliger Artieda, Staatssekret\u00e4rin, Direktorin des Staatssekretariats f\u00fcr Wirtschaft SECO und Monika R\u00fchl, Vorsitzende der Gesch\u00e4ftsleitung von economiesuisse die Lage der Volkswirtschaft und kamen zu dem etwas \u00fcberraschenden Schluss, dass die Situation beneidenswert stabil und damit fast \u201elangweilig\u201c sei. Trotz der positiven wirtschaftlichen Kennzahlen und niedriger Arbeitslosigkeit sei die Konsumentenstimmung jedoch zur\u00fcckhaltend bis negativ \u2013 ein Umstand, den die beiden Expertinnen der geopolitischen Lage zuschrieben. Das Panel war sich einig, dass die Schweiz zu den wenigen verbliebenen liberalen Stimmen der Welt geh\u00f6rt und sich entschlossen gegen die zunehmende Regulierung und B\u00fcrokratie behaupten sollte.<\/p>\n<h3><strong>90 Tage<\/strong><\/h3>\n<p>90 Tage vor seinem Start bei den Olympischen Spielen 2014 in Sotschi zog sich Dario Cologna einen multiplen B\u00e4nderriss zu \u2013 eine Verletzung, deren Heilung normalerweise sechs Monate dauert. Dank eisernem Willen und einem starken Umfeld k\u00e4mpfte er sich zur\u00fcck auf die Langlaufskis und gewann Olympiagold. \u201eEs braucht einen unbedingten Leistungswillen und \u00dcberzeugung, um Spitzenleistungen zu erbringen. Das richtige Mindset kann den Unterschied machen\u201c, sagte Cologna beim SMG-Forum. Als Vorstandsmitglied des Vereins \u00abOlympische und Paralympische Winterspiele Schweiz 2038\u00bb setzt er sich nun daf\u00fcr ein, dass die Schweiz Austragungsort der Olympischen Winterspiele 2038 wird.<\/p>\n<p><em>Quelle: <a href=\"http:\/\/www.smg.ch\">www.smg.ch<\/a><\/em><\/p>\n","protected":false},"excerpt":{"rendered":"<p>Die Schweizerische Management Gesellschaft (SMG) feierte mit rund 250 Teilnehmenden das 60. Jubil\u00e4um ihres Forums unter dem Motto \u201eErfolgsrezepte f\u00fcr die Schweizer Wirtschaft\u201c. Seit 1964 bringt die SMG f\u00fchrende Vertreter aus Wirtschaft und Industrie zusammen, die wertvolle Einblicke und praxisnahe Impulse vermitteln.<\/p>\n","protected":false},"author":58,"featured_media":33073,"comment_status":"closed","ping_status":"closed","sticky":false,"template":"","format":"standard","meta":{"_acf_changed":false,"_yoast_wpseo_focuskw":"Die Schweizerische Management Gesellschaft","_yoast_wpseo_metadesc":"Die Schweizerische Management Gesellschaft (SMG) feierte mit rund 250 Teilnehmenden das 60. Jubil\u00e4um ihres Forums.","articlekey":"","footnotes":""},"categories":[28],"tags":[221,334,4121,492,2576],"class_list":["post-33071","post","type-post","status-publish","format-standard","has-post-thumbnail","hentry","category-management","tag-forum","tag-management","tag-smg","tag-unternehmen","tag-wirtschaft"],"acf":[],"yoast_head":"<!-- This site is optimized with the Yoast SEO plugin v27.4 - https:\/\/yoast.com\/product\/yoast-seo-wordpress\/ -->\n<title>60. Ausgabe des Forums der SMG: Erfolgsrezepte f\u00fcr die Schweizer Wirtschaft - Organisator<\/title>\n<meta name=\"description\" content=\"Die Schweizerische Management Gesellschaft (SMG) feierte mit rund 250 Teilnehmenden das 60. Jubil\u00e4um ihres Forums.\" \/>\n<meta name=\"robots\" content=\"index, follow, max-snippet:-1, max-image-preview:large, max-video-preview:-1\" \/>\n<link rel=\"canonical\" href=\"https:\/\/www.organisator.ch\/de\/management\/2024-11-15\/60-ausgabe-des-forums-der-smg-erfolgsrezepte-fuer-die-schweizer-wirtschaft\/\" \/>\n<meta property=\"og:locale\" content=\"de_DE\" \/>\n<meta property=\"og:type\" content=\"article\" \/>\n<meta property=\"og:title\" content=\"60. Ausgabe des Forums der SMG: Erfolgsrezepte f\u00fcr die Schweizer Wirtschaft\" \/>\n<meta property=\"og:description\" content=\"Die Schweizerische Management Gesellschaft (SMG) feierte mit rund 250 Teilnehmenden das 60. Jubil\u00e4um ihres Forums.\" \/>\n<meta property=\"og:url\" content=\"https:\/\/www.organisator.ch\/de\/management\/2024-11-15\/60-ausgabe-des-forums-der-smg-erfolgsrezepte-fuer-die-schweizer-wirtschaft\/\" \/>\n<meta property=\"og:site_name\" content=\"Organisator\" \/>\n<meta property=\"article:publisher\" content=\"https:\/\/www.facebook.com\/OrganisatorFachmagazin\" \/>\n<meta property=\"article:published_time\" content=\"2024-11-15T11:58:30+00:00\" \/>\n<meta property=\"og:image\" content=\"https:\/\/www.organisator.ch\/wp-content\/uploads\/2024\/11\/Schweizerische-Management-Gesellschaft_Bild1_ps.jpg\" \/>\n\t<meta property=\"og:image:width\" content=\"680\" \/>\n\t<meta property=\"og:image:height\" content=\"453\" \/>\n\t<meta property=\"og:image:type\" content=\"image\/jpeg\" \/>\n<meta name=\"author\" content=\"Adelisa Kalajdzini\" \/>\n<meta name=\"twitter:card\" content=\"summary_large_image\" \/>\n<meta name=\"twitter:title\" content=\"60. Ausgabe des Forums der SMG: Erfolgsrezepte f\u00fcr die Schweizer Wirtschaft\" \/>\n<meta name=\"twitter:description\" content=\"Die #Schweizerische #Management #Gesellschaft (SMG) feierte mit rund 250 Teilnehmenden das 60. #Jubil\u00e4um ihres #Forums.\" \/>\n<meta name=\"twitter:image\" content=\"https:\/\/www.organisator.ch\/wp-content\/uploads\/2024\/11\/Schweizerische-Management-Gesellschaft_Bild1_ps.jpg\" \/>\n<script type=\"application\/ld+json\" class=\"yoast-schema-graph\">{\"@context\":\"https:\\\/\\\/schema.org\",\"@graph\":[{\"@type\":\"Article\",\"@id\":\"https:\\\/\\\/www.organisator.ch\\\/management\\\/2024-11-15\\\/60-ausgabe-des-forums-der-smg-erfolgsrezepte-fuer-die-schweizer-wirtschaft\\\/#article\",\"isPartOf\":{\"@id\":\"https:\\\/\\\/www.organisator.ch\\\/management\\\/2024-11-15\\\/60-ausgabe-des-forums-der-smg-erfolgsrezepte-fuer-die-schweizer-wirtschaft\\\/\"},\"author\":{\"name\":\"Adelisa Kalajdzini\",\"@id\":\"https:\\\/\\\/www.organisator.ch\\\/#\\\/schema\\\/person\\\/2e1314a2172123f874db408d8911d3f3\"},\"headline\":\"60. Ausgabe des Forums der SMG: Erfolgsrezepte f\u00fcr die Schweizer Wirtschaft\",\"datePublished\":\"2024-11-15T11:58:30+00:00\",\"mainEntityOfPage\":{\"@id\":\"https:\\\/\\\/www.organisator.ch\\\/management\\\/2024-11-15\\\/60-ausgabe-des-forums-der-smg-erfolgsrezepte-fuer-die-schweizer-wirtschaft\\\/\"},\"wordCount\":922,\"publisher\":{\"@id\":\"https:\\\/\\\/www.organisator.ch\\\/#organization\"},\"image\":{\"@id\":\"https:\\\/\\\/www.organisator.ch\\\/management\\\/2024-11-15\\\/60-ausgabe-des-forums-der-smg-erfolgsrezepte-fuer-die-schweizer-wirtschaft\\\/#primaryimage\"},\"thumbnailUrl\":\"https:\\\/\\\/www.organisator.ch\\\/wp-content\\\/uploads\\\/2024\\\/11\\\/Schweizerische-Management-Gesellschaft_Bild1_ps.jpg\",\"keywords\":[\"Forum\",\"Management\",\"SMG\",\"Unternehmen\",\"Wirtschaft\"],\"articleSection\":[\"MANAGEMENT\"],\"inLanguage\":\"de\"},{\"@type\":\"WebPage\",\"@id\":\"https:\\\/\\\/www.organisator.ch\\\/management\\\/2024-11-15\\\/60-ausgabe-des-forums-der-smg-erfolgsrezepte-fuer-die-schweizer-wirtschaft\\\/\",\"url\":\"https:\\\/\\\/www.organisator.ch\\\/management\\\/2024-11-15\\\/60-ausgabe-des-forums-der-smg-erfolgsrezepte-fuer-die-schweizer-wirtschaft\\\/\",\"name\":\"60. Ausgabe des Forums der SMG: Erfolgsrezepte f\u00fcr die Schweizer Wirtschaft - Organisator\",\"isPartOf\":{\"@id\":\"https:\\\/\\\/www.organisator.ch\\\/#website\"},\"primaryImageOfPage\":{\"@id\":\"https:\\\/\\\/www.organisator.ch\\\/management\\\/2024-11-15\\\/60-ausgabe-des-forums-der-smg-erfolgsrezepte-fuer-die-schweizer-wirtschaft\\\/#primaryimage\"},\"image\":{\"@id\":\"https:\\\/\\\/www.organisator.ch\\\/management\\\/2024-11-15\\\/60-ausgabe-des-forums-der-smg-erfolgsrezepte-fuer-die-schweizer-wirtschaft\\\/#primaryimage\"},\"thumbnailUrl\":\"https:\\\/\\\/www.organisator.ch\\\/wp-content\\\/uploads\\\/2024\\\/11\\\/Schweizerische-Management-Gesellschaft_Bild1_ps.jpg\",\"datePublished\":\"2024-11-15T11:58:30+00:00\",\"description\":\"Die Schweizerische Management Gesellschaft (SMG) feierte mit rund 250 Teilnehmenden das 60. Jubil\u00e4um ihres Forums.\",\"breadcrumb\":{\"@id\":\"https:\\\/\\\/www.organisator.ch\\\/management\\\/2024-11-15\\\/60-ausgabe-des-forums-der-smg-erfolgsrezepte-fuer-die-schweizer-wirtschaft\\\/#breadcrumb\"},\"inLanguage\":\"de\",\"potentialAction\":[{\"@type\":\"ReadAction\",\"target\":[\"https:\\\/\\\/www.organisator.ch\\\/management\\\/2024-11-15\\\/60-ausgabe-des-forums-der-smg-erfolgsrezepte-fuer-die-schweizer-wirtschaft\\\/\"]}]},{\"@type\":\"ImageObject\",\"inLanguage\":\"de\",\"@id\":\"https:\\\/\\\/www.organisator.ch\\\/management\\\/2024-11-15\\\/60-ausgabe-des-forums-der-smg-erfolgsrezepte-fuer-die-schweizer-wirtschaft\\\/#primaryimage\",\"url\":\"https:\\\/\\\/www.organisator.ch\\\/wp-content\\\/uploads\\\/2024\\\/11\\\/Schweizerische-Management-Gesellschaft_Bild1_ps.jpg\",\"contentUrl\":\"https:\\\/\\\/www.organisator.ch\\\/wp-content\\\/uploads\\\/2024\\\/11\\\/Schweizerische-Management-Gesellschaft_Bild1_ps.jpg\",\"width\":680,\"height\":453,\"caption\":\"Die Schweizerische Management Gesellschaft (SMG) feierte das 60. Jubil\u00e4um ihres Forums. (Bild: www.smg.ch)\"},{\"@type\":\"BreadcrumbList\",\"@id\":\"https:\\\/\\\/www.organisator.ch\\\/management\\\/2024-11-15\\\/60-ausgabe-des-forums-der-smg-erfolgsrezepte-fuer-die-schweizer-wirtschaft\\\/#breadcrumb\",\"itemListElement\":[{\"@type\":\"ListItem\",\"position\":1,\"name\":\"Home\",\"item\":\"https:\\\/\\\/www.organisator.ch\\\/\"},{\"@type\":\"ListItem\",\"position\":2,\"name\":\"60. Ausgabe des Forums der SMG: Erfolgsrezepte f\u00fcr die Schweizer Wirtschaft\"}]},{\"@type\":\"WebSite\",\"@id\":\"https:\\\/\\\/www.organisator.ch\\\/#website\",\"url\":\"https:\\\/\\\/www.organisator.ch\\\/\",\"name\":\"Organisator\",\"description\":\"Kompetent. Praxisnah. Der ORGANISATOR bereitet in 10 Ausgaben pro Jahr die wesentlichen Themen f\u00fcr F\u00fchrungskr\u00e4fte von KMU auf.\",\"publisher\":{\"@id\":\"https:\\\/\\\/www.organisator.ch\\\/#organization\"},\"potentialAction\":[{\"@type\":\"SearchAction\",\"target\":{\"@type\":\"EntryPoint\",\"urlTemplate\":\"https:\\\/\\\/www.organisator.ch\\\/?s={search_term_string}\"},\"query-input\":{\"@type\":\"PropertyValueSpecification\",\"valueRequired\":true,\"valueName\":\"search_term_string\"}}],\"inLanguage\":\"de\"},{\"@type\":\"Organization\",\"@id\":\"https:\\\/\\\/www.organisator.ch\\\/#organization\",\"name\":\"Organisator\",\"url\":\"https:\\\/\\\/www.organisator.ch\\\/\",\"logo\":{\"@type\":\"ImageObject\",\"inLanguage\":\"de\",\"@id\":\"https:\\\/\\\/www.organisator.ch\\\/#\\\/schema\\\/logo\\\/image\\\/\",\"url\":\"https:\\\/\\\/www.organisator.ch\\\/wp-content\\\/uploads\\\/2022\\\/01\\\/Logo_Organisator_Website.png\",\"contentUrl\":\"https:\\\/\\\/www.organisator.ch\\\/wp-content\\\/uploads\\\/2022\\\/01\\\/Logo_Organisator_Website.png\",\"width\":800,\"height\":77,\"caption\":\"Organisator\"},\"image\":{\"@id\":\"https:\\\/\\\/www.organisator.ch\\\/#\\\/schema\\\/logo\\\/image\\\/\"},\"sameAs\":[\"https:\\\/\\\/www.facebook.com\\\/OrganisatorFachmagazin\",\"https:\\\/\\\/www.linkedin.com\\\/showcase\\\/organisator-das-magazin-fr-kmu\",\"https:\\\/\\\/www.xing.com\\\/news\\\/pages\\\/organisator-ch-695\",\"https:\\\/\\\/www.youtube.com\\\/channel\\\/UCGP2Sq0iWaZwT3BdIAQFYpw\"]},{\"@type\":\"Person\",\"@id\":\"https:\\\/\\\/www.organisator.ch\\\/#\\\/schema\\\/person\\\/2e1314a2172123f874db408d8911d3f3\",\"name\":\"Adelisa Kalajdzini\",\"image\":{\"@type\":\"ImageObject\",\"inLanguage\":\"de\",\"@id\":\"https:\\\/\\\/secure.gravatar.com\\\/avatar\\\/09a397c22ac58cad6f160ee8306348599df9df58a8ede73696226897b9fa4b24?s=96&d=mm&r=g\",\"url\":\"https:\\\/\\\/secure.gravatar.com\\\/avatar\\\/09a397c22ac58cad6f160ee8306348599df9df58a8ede73696226897b9fa4b24?s=96&d=mm&r=g\",\"contentUrl\":\"https:\\\/\\\/secure.gravatar.com\\\/avatar\\\/09a397c22ac58cad6f160ee8306348599df9df58a8ede73696226897b9fa4b24?s=96&d=mm&r=g\",\"caption\":\"Adelisa Kalajdzini\"},\"url\":\"https:\\\/\\\/www.organisator.ch\\\/de\\\/author\\\/adelisa-kalajdzini\\\/\"}]}<\/script>\n<!-- \/ Yoast SEO plugin. -->","yoast_head_json":{"title":"60. Ausgabe des Forums der SMG: Erfolgsrezepte f\u00fcr die Schweizer Wirtschaft - Organisator","description":"Die Schweizerische Management Gesellschaft (SMG) feierte mit rund 250 Teilnehmenden das 60. Jubil\u00e4um ihres Forums.","robots":{"index":"index","follow":"follow","max-snippet":"max-snippet:-1","max-image-preview":"max-image-preview:large","max-video-preview":"max-video-preview:-1"},"canonical":"https:\/\/www.organisator.ch\/de\/management\/2024-11-15\/60-ausgabe-des-forums-der-smg-erfolgsrezepte-fuer-die-schweizer-wirtschaft\/","og_locale":"de_DE","og_type":"article","og_title":"60. Ausgabe des Forums der SMG: Erfolgsrezepte f\u00fcr die Schweizer Wirtschaft","og_description":"Die Schweizerische Management Gesellschaft (SMG) feierte mit rund 250 Teilnehmenden das 60. Jubil\u00e4um ihres Forums.","og_url":"https:\/\/www.organisator.ch\/de\/management\/2024-11-15\/60-ausgabe-des-forums-der-smg-erfolgsrezepte-fuer-die-schweizer-wirtschaft\/","og_site_name":"Organisator","article_publisher":"https:\/\/www.facebook.com\/OrganisatorFachmagazin","article_published_time":"2024-11-15T11:58:30+00:00","og_image":[{"width":680,"height":453,"url":"https:\/\/www.organisator.ch\/wp-content\/uploads\/2024\/11\/Schweizerische-Management-Gesellschaft_Bild1_ps.jpg","type":"image\/jpeg"}],"author":"Adelisa Kalajdzini","twitter_card":"summary_large_image","twitter_title":"60. Ausgabe des Forums der SMG: Erfolgsrezepte f\u00fcr die Schweizer Wirtschaft","twitter_description":"Die #Schweizerische #Management #Gesellschaft (SMG) feierte mit rund 250 Teilnehmenden das 60. #Jubil\u00e4um ihres #Forums.","twitter_image":"https:\/\/www.organisator.ch\/wp-content\/uploads\/2024\/11\/Schweizerische-Management-Gesellschaft_Bild1_ps.jpg","schema":{"@context":"https:\/\/schema.org","@graph":[{"@type":"Article","@id":"https:\/\/www.organisator.ch\/management\/2024-11-15\/60-ausgabe-des-forums-der-smg-erfolgsrezepte-fuer-die-schweizer-wirtschaft\/#article","isPartOf":{"@id":"https:\/\/www.organisator.ch\/management\/2024-11-15\/60-ausgabe-des-forums-der-smg-erfolgsrezepte-fuer-die-schweizer-wirtschaft\/"},"author":{"name":"Adelisa Kalajdzini","@id":"https:\/\/www.organisator.ch\/#\/schema\/person\/2e1314a2172123f874db408d8911d3f3"},"headline":"60. Ausgabe des Forums der SMG: Erfolgsrezepte f\u00fcr die Schweizer Wirtschaft","datePublished":"2024-11-15T11:58:30+00:00","mainEntityOfPage":{"@id":"https:\/\/www.organisator.ch\/management\/2024-11-15\/60-ausgabe-des-forums-der-smg-erfolgsrezepte-fuer-die-schweizer-wirtschaft\/"},"wordCount":922,"publisher":{"@id":"https:\/\/www.organisator.ch\/#organization"},"image":{"@id":"https:\/\/www.organisator.ch\/management\/2024-11-15\/60-ausgabe-des-forums-der-smg-erfolgsrezepte-fuer-die-schweizer-wirtschaft\/#primaryimage"},"thumbnailUrl":"https:\/\/www.organisator.ch\/wp-content\/uploads\/2024\/11\/Schweizerische-Management-Gesellschaft_Bild1_ps.jpg","keywords":["Forum","Management","SMG","Unternehmen","Wirtschaft"],"articleSection":["MANAGEMENT"],"inLanguage":"de"},{"@type":"WebPage","@id":"https:\/\/www.organisator.ch\/management\/2024-11-15\/60-ausgabe-des-forums-der-smg-erfolgsrezepte-fuer-die-schweizer-wirtschaft\/","url":"https:\/\/www.organisator.ch\/management\/2024-11-15\/60-ausgabe-des-forums-der-smg-erfolgsrezepte-fuer-die-schweizer-wirtschaft\/","name":"60. Ausgabe des Forums der SMG: Erfolgsrezepte f\u00fcr die Schweizer Wirtschaft - Organisator","isPartOf":{"@id":"https:\/\/www.organisator.ch\/#website"},"primaryImageOfPage":{"@id":"https:\/\/www.organisator.ch\/management\/2024-11-15\/60-ausgabe-des-forums-der-smg-erfolgsrezepte-fuer-die-schweizer-wirtschaft\/#primaryimage"},"image":{"@id":"https:\/\/www.organisator.ch\/management\/2024-11-15\/60-ausgabe-des-forums-der-smg-erfolgsrezepte-fuer-die-schweizer-wirtschaft\/#primaryimage"},"thumbnailUrl":"https:\/\/www.organisator.ch\/wp-content\/uploads\/2024\/11\/Schweizerische-Management-Gesellschaft_Bild1_ps.jpg","datePublished":"2024-11-15T11:58:30+00:00","description":"Die Schweizerische Management Gesellschaft (SMG) feierte mit rund 250 Teilnehmenden das 60. Jubil\u00e4um ihres Forums.","breadcrumb":{"@id":"https:\/\/www.organisator.ch\/management\/2024-11-15\/60-ausgabe-des-forums-der-smg-erfolgsrezepte-fuer-die-schweizer-wirtschaft\/#breadcrumb"},"inLanguage":"de","potentialAction":[{"@type":"ReadAction","target":["https:\/\/www.organisator.ch\/management\/2024-11-15\/60-ausgabe-des-forums-der-smg-erfolgsrezepte-fuer-die-schweizer-wirtschaft\/"]}]},{"@type":"ImageObject","inLanguage":"de","@id":"https:\/\/www.organisator.ch\/management\/2024-11-15\/60-ausgabe-des-forums-der-smg-erfolgsrezepte-fuer-die-schweizer-wirtschaft\/#primaryimage","url":"https:\/\/www.organisator.ch\/wp-content\/uploads\/2024\/11\/Schweizerische-Management-Gesellschaft_Bild1_ps.jpg","contentUrl":"https:\/\/www.organisator.ch\/wp-content\/uploads\/2024\/11\/Schweizerische-Management-Gesellschaft_Bild1_ps.jpg","width":680,"height":453,"caption":"Die Schweizerische Management Gesellschaft (SMG) feierte das 60. Jubil\u00e4um ihres Forums. (Bild: www.smg.ch)"},{"@type":"BreadcrumbList","@id":"https:\/\/www.organisator.ch\/management\/2024-11-15\/60-ausgabe-des-forums-der-smg-erfolgsrezepte-fuer-die-schweizer-wirtschaft\/#breadcrumb","itemListElement":[{"@type":"ListItem","position":1,"name":"Home","item":"https:\/\/www.organisator.ch\/"},{"@type":"ListItem","position":2,"name":"60. Ausgabe des Forums der SMG: Erfolgsrezepte f\u00fcr die Schweizer Wirtschaft"}]},{"@type":"WebSite","@id":"https:\/\/www.organisator.ch\/#website","url":"https:\/\/www.organisator.ch\/","name":"Organisator","description":"Kompetent. Praxisnah. Der ORGANISATOR bereitet in 10 Ausgaben pro Jahr die wesentlichen Themen f\u00fcr F\u00fchrungskr\u00e4fte von KMU auf.","publisher":{"@id":"https:\/\/www.organisator.ch\/#organization"},"potentialAction":[{"@type":"SearchAction","target":{"@type":"EntryPoint","urlTemplate":"https:\/\/www.organisator.ch\/?s={search_term_string}"},"query-input":{"@type":"PropertyValueSpecification","valueRequired":true,"valueName":"search_term_string"}}],"inLanguage":"de"},{"@type":"Organization","@id":"https:\/\/www.organisator.ch\/#organization","name":"Organisator","url":"https:\/\/www.organisator.ch\/","logo":{"@type":"ImageObject","inLanguage":"de","@id":"https:\/\/www.organisator.ch\/#\/schema\/logo\/image\/","url":"https:\/\/www.organisator.ch\/wp-content\/uploads\/2022\/01\/Logo_Organisator_Website.png","contentUrl":"https:\/\/www.organisator.ch\/wp-content\/uploads\/2022\/01\/Logo_Organisator_Website.png","width":800,"height":77,"caption":"Organisator"},"image":{"@id":"https:\/\/www.organisator.ch\/#\/schema\/logo\/image\/"},"sameAs":["https:\/\/www.facebook.com\/OrganisatorFachmagazin","https:\/\/www.linkedin.com\/showcase\/organisator-das-magazin-fr-kmu","https:\/\/www.xing.com\/news\/pages\/organisator-ch-695","https:\/\/www.youtube.com\/channel\/UCGP2Sq0iWaZwT3BdIAQFYpw"]},{"@type":"Person","@id":"https:\/\/www.organisator.ch\/#\/schema\/person\/2e1314a2172123f874db408d8911d3f3","name":"Adelisa Kalajdzini","image":{"@type":"ImageObject","inLanguage":"de","@id":"https:\/\/secure.gravatar.com\/avatar\/09a397c22ac58cad6f160ee8306348599df9df58a8ede73696226897b9fa4b24?s=96&d=mm&r=g","url":"https:\/\/secure.gravatar.com\/avatar\/09a397c22ac58cad6f160ee8306348599df9df58a8ede73696226897b9fa4b24?s=96&d=mm&r=g","contentUrl":"https:\/\/secure.gravatar.com\/avatar\/09a397c22ac58cad6f160ee8306348599df9df58a8ede73696226897b9fa4b24?s=96&d=mm&r=g","caption":"Adelisa Kalajdzini"},"url":"https:\/\/www.organisator.ch\/de\/author\/adelisa-kalajdzini\/"}]}},"_links":{"self":[{"href":"https:\/\/www.organisator.ch\/de\/wp-json\/wp\/v2\/posts\/33071","targetHints":{"allow":["GET"]}}],"collection":[{"href":"https:\/\/www.organisator.ch\/de\/wp-json\/wp\/v2\/posts"}],"about":[{"href":"https:\/\/www.organisator.ch\/de\/wp-json\/wp\/v2\/types\/post"}],"author":[{"embeddable":true,"href":"https:\/\/www.organisator.ch\/de\/wp-json\/wp\/v2\/users\/58"}],"replies":[{"embeddable":true,"href":"https:\/\/www.organisator.ch\/de\/wp-json\/wp\/v2\/comments?post=33071"}],"version-history":[{"count":2,"href":"https:\/\/www.organisator.ch\/de\/wp-json\/wp\/v2\/posts\/33071\/revisions"}],"predecessor-version":[{"id":33074,"href":"https:\/\/www.organisator.ch\/de\/wp-json\/wp\/v2\/posts\/33071\/revisions\/33074"}],"wp:featuredmedia":[{"embeddable":true,"href":"https:\/\/www.organisator.ch\/de\/wp-json\/wp\/v2\/media\/33073"}],"wp:attachment":[{"href":"https:\/\/www.organisator.ch\/de\/wp-json\/wp\/v2\/media?parent=33071"}],"wp:term":[{"taxonomy":"category","embeddable":true,"href":"https:\/\/www.organisator.ch\/de\/wp-json\/wp\/v2\/categories?post=33071"},{"taxonomy":"post_tag","embeddable":true,"href":"https:\/\/www.organisator.ch\/de\/wp-json\/wp\/v2\/tags?post=33071"}],"curies":[{"name":"wp","href":"https:\/\/api.w.org\/{rel}","templated":true}]}}