{"id":3354,"date":"2018-03-26T08:30:20","date_gmt":"2018-03-26T06:30:20","guid":{"rendered":"https:\/\/www.organisator.ch\/?p=3354"},"modified":"2018-03-26T08:30:20","modified_gmt":"2018-03-26T06:30:20","slug":"an-die-geschwindigkeit-gewoehnt-man-sich","status":"publish","type":"post","link":"https:\/\/www.organisator.ch\/de\/management\/2018-03-26\/an-die-geschwindigkeit-gewoehnt-man-sich\/","title":{"rendered":"An die Geschwindigkeit gew\u00f6hnt man sich"},"content":{"rendered":"<figure id=\"attachment_3356\" aria-describedby=\"caption-attachment-3356\" style=\"width: 640px\" class=\"wp-caption alignnone\"><img loading=\"lazy\" decoding=\"async\" class=\"size-full wp-image-3356\" src=\"https:\/\/www.organisator.ch\/wp-content\/uploads\/2018\/03\/An-die-Geschwindigkeit-gewoehnt-man-sich-1_Organisator.jpg\" alt=\"\" width=\"640\" height=\"425\" srcset=\"https:\/\/www.organisator.ch\/wp-content\/uploads\/2018\/03\/An-die-Geschwindigkeit-gewoehnt-man-sich-1_Organisator.jpg 640w, https:\/\/www.organisator.ch\/wp-content\/uploads\/2018\/03\/An-die-Geschwindigkeit-gewoehnt-man-sich-1_Organisator-16x12.jpg 16w, https:\/\/www.organisator.ch\/wp-content\/uploads\/2018\/03\/An-die-Geschwindigkeit-gewoehnt-man-sich-1_Organisator-264x175.jpg 264w, https:\/\/www.organisator.ch\/wp-content\/uploads\/2018\/03\/An-die-Geschwindigkeit-gewoehnt-man-sich-1_Organisator-527x350.jpg 527w, https:\/\/www.organisator.ch\/wp-content\/uploads\/2018\/03\/An-die-Geschwindigkeit-gewoehnt-man-sich-1_Organisator-300x199.jpg 300w\" sizes=\"auto, (max-width: 640px) 100vw, 640px\" \/><figcaption id=\"caption-attachment-3356\" class=\"wp-caption-text\">Tom L\u00fcthi lernt in der MotoGP-Klasse mit noch h\u00f6herer Geschwindigkeit umzugehen. (Bild: Thomas Berner)<\/figcaption><\/figure>\n<p>Armin Baumann, Gesch\u00e4ftsf\u00fchrer des KMU-Netzwerks KMU Swiss, durfte rund 450 Teilnehmerinnen und Teilnehmer am 16. KMU\u00a0Swiss Forum vom 22. M\u00e4rz 2018 im Kongresszentrum Trafo Baden begr\u00fcssen. Sieben Referentinnen und Referenten referierten zum Thema \u00abDynamik \u2013 Flexibilit\u00e4t der Aktion\u00bb. Moderiert wurde der Anlass einmal mehr von Hugo Bigi.<\/p>\n<h2>Tom L\u00fcthi: mit 340 Stundenkilometer unterwegs<\/h2>\n<p>Stargast war Motorradrennfahrer Tom L\u00fcthi. \u00abDie K\u00f6nigsklasse ist der Traum von jedem Fahrer\u00bb, schw\u00e4rmte Tom L\u00fcthi \u00fcber seinen Wechsel in die MotoGP-Klasse. \u00abJede Ver\u00e4nderung ist ein Risiko, aber nur so kann ich mich weiterentwickeln.\u00bb Um weiter nach vorne zu kommen, brauche es Kondition, einen klaren Fokus, viel Fachwissen zur Elektronik und vor allem einen freien Geist, um die geballte Kraft bei 340 Stundenkilometer im Griff zu haben. \u00abAber an die Geschwindigkeit gew\u00f6hnt man sich, schliesslich fahren alle so schnell!\u00bb, erg\u00e4nzte Tom L\u00fcthi schmunzelnd. F\u00fcr die aktuelle Saison wird Tom L\u00fcthi noch viele Lernschritte unternehmen m\u00fcssen. Aber er will in der K\u00f6nigsplatze weiter Pl\u00e4tze gut machen. F\u00fcr ihn gelte es, diese einmalige Chance zu packen.<\/p>\n<h2>Den Faktor \u00abZeit\u00bb als Vorteil nutzen<\/h2>\n<p>Die Geschwindigkeit ist auch in der Logistik ein grosses Thema. Die Firma Planzer Transport AG transportiert t\u00e4glich 23&#8217;000 Sendungen. Abends wird von den Lastwagen auf die Schiene verlagert. \u00abDas schont die Umwelt und verk\u00fcrzt die Transportzeit\u00bb, so Nils Planzer, CEO der Planzer Transport AG. \u00abRelevant ist die erste und letzte Meile. Man muss schnittstellenf\u00e4hig sein, um die Zukunft zu meistern\u00bb. Und f\u00fcr die Zukunft ist Planzer \u00fcberzeugt, dass es weiterhin Fahrer brauchen werde, trotz selbstfahrender Lastwagen. Im Gegenteil: Insk\u00fcnftig k\u00f6nnten Fahrer nicht nur Pakete nach Hause liefern, sondern gleich noch Zusatz-Services wie Installation oder den Zusammenbau von M\u00f6beln \u00fcbernehmen.<\/p>\n<figure id=\"attachment_3357\" aria-describedby=\"caption-attachment-3357\" style=\"width: 640px\" class=\"wp-caption alignnone\"><img loading=\"lazy\" decoding=\"async\" class=\"size-full wp-image-3357\" src=\"https:\/\/www.organisator.ch\/wp-content\/uploads\/2018\/03\/An-die-Geschwindigkeit-gewoehnt-man-sich-2_Organisator.jpg\" alt=\"\" width=\"640\" height=\"425\" srcset=\"https:\/\/www.organisator.ch\/wp-content\/uploads\/2018\/03\/An-die-Geschwindigkeit-gewoehnt-man-sich-2_Organisator.jpg 640w, https:\/\/www.organisator.ch\/wp-content\/uploads\/2018\/03\/An-die-Geschwindigkeit-gewoehnt-man-sich-2_Organisator-16x12.jpg 16w, https:\/\/www.organisator.ch\/wp-content\/uploads\/2018\/03\/An-die-Geschwindigkeit-gewoehnt-man-sich-2_Organisator-264x175.jpg 264w, https:\/\/www.organisator.ch\/wp-content\/uploads\/2018\/03\/An-die-Geschwindigkeit-gewoehnt-man-sich-2_Organisator-527x350.jpg 527w, https:\/\/www.organisator.ch\/wp-content\/uploads\/2018\/03\/An-die-Geschwindigkeit-gewoehnt-man-sich-2_Organisator-300x199.jpg 300w\" sizes=\"auto, (max-width: 640px) 100vw, 640px\" \/><figcaption id=\"caption-attachment-3357\" class=\"wp-caption-text\">Madeleine St\u00f6ckli von B. Braun Medical: &#8222;Regulierungen kosten Geld, bringen aber keinen Gewinn. KMU haben da grosse Probleme, und das ist unsch\u00f6n.&#8220; (Bild: Thomas Berner)<\/figcaption><\/figure>\n<h2>Erfolgsrezepte f\u00fcr Geschwindigkeit in KMU<\/h2>\n<p>F\u00fcr viel Dynamik sorgte auch Buchautorin und Profiler Suzanne Grieger-Langer. Sie gab Einblick in ihre facettenreiche Arbeit als Profiler und verriet in sieben Schritten ihr Erfolgsrezept zur F\u00fchrung von heute. Dass es eine klare F\u00fchrung brauche, unterstrich auch J\u00fcrg Brandt, Verwaltungsratspr\u00e4sident der vonRoll infratec (holding) ag, in seinem Referat. Die Firma erholte sich dank Leadership und einem Kulturwandel aus der Krise. F\u00fcr schnelle Entscheidungen pl\u00e4dierte Madeleine St\u00f6ckli, CEO der B. Braun Medical AG: \u00abWichtig dabei ist globales Denken, aber lokales Handeln!\u00bb Auch f\u00fcr das Schweizer Fernsehen SRF ist globales Denken wichtig, denn die gr\u00f6ssten Konkurrenten sind globale Giganten wie Apple, Amazon oder Google. \u00abWir investieren in neue Technologien, um konkurrenzf\u00e4hig zu bleiben. Ausserdem fokussieren wir auf unser Kerngesch\u00e4ft und f\u00f6rdern interdisziplin\u00e4re Arbeitsformen\u00bb, so der SRF-Direktor, Ruedi Matter. Derek Brandt, CEO Sensile Medical AG, sieht das Erfolgsrezept der Zukunft vor allem bei den Mitarbeitenden: \u00abEs herrscht Fachkr\u00e4ftemangel. Wir m\u00fcssen attraktive Arbeitsbedingungen anbieten, um die besten Mitarbeitenden zu gewinnen\u00bb.<\/p>\n<h2>Eine starke Marke ist wichtig<\/h2>\n<p>Urs Kessler, CEO der Jungfraubahnen, zeigte in seinem Referat auf, wie wichtig eine klare Markenf\u00fchrung ist: \u00abTop of Europe verlangt auch ein Top an Qualit\u00e4t!\u00bb. Wie sich andere Unternehmen pr\u00e4sentieren, erlebten die Teilnehmerinnen und Teilnehmer w\u00e4hrend den Pausen im Aussteller-Bereich. Es wurden Fachwissen und Visitenkarten ausgetauscht und f\u00fcr einmal gingen alle als Gewinner nach Hause. <b><\/b>Das n\u00e4chste KMU Swiss Forum findet am 21. M\u00e4rz 2019 zum Thema \u00abHerausforderung 2030\u00bb statt.<\/p>\n<h2>10 Jahre Marktplatz Baden \u2013 Anschlussveranstaltung<\/h2>\n<p>Die Stadt Baden lud bereits zum 10. Mal Badener Unternehmen zum Marktplatz Baden ein, wo sich die G\u00e4ste untereinander vernetzen und austauschen konnten. Moderator Hugo Bigi interviewte Barbara L\u00fcthi, die langj\u00e4hrige SRF-China-Korrespondentin und heutige Moderatorin des \u00abClubs\u00bb.<\/p>\n<p><a href=\"http:\/\/www.kmuswiss.ch\"><em>www.kmuswiss.ch<\/em><\/a><\/p>\n<p>&nbsp;<\/p>\n","protected":false},"excerpt":{"rendered":"<p>Armin Baumann, Gesch\u00e4ftsf\u00fchrer des KMU-Netzwerks KMU Swiss, durfte rund 450 Teilnehmerinnen und Teilnehmer am 16. KMU\u00a0Swiss Forum vom 22. M\u00e4rz 2018 im Kongresszentrum Trafo Baden begr\u00fcssen. Sieben Referentinnen und Referenten referierten zum Thema \u00abDynamik \u2013 Flexibilit\u00e4t der Aktion\u00bb. Moderiert wurde der Anlass einmal mehr von Hugo Bigi. Tom L\u00fcthi: mit 340 Stundenkilometer unterwegs Stargast war [&hellip;]<\/p>\n","protected":false},"author":4,"featured_media":3356,"comment_status":"open","ping_status":"open","sticky":false,"template":"","format":"standard","meta":{"_acf_changed":false,"_yoast_wpseo_focuskw":"Geschwindigkeit","_yoast_wpseo_metadesc":"Referenten wie Unternehmer Nils Planzer, CEO Planzer Transport AG, Profiler Suzanne Grieger-Langer und SRF-Direktor Ruedi Matter waren sich einig: Um gut im Rennen zu bleiben, braucht es weit mehr als die Geschwindigkeit.","articlekey":"","footnotes":""},"categories":[28],"tags":[103,335,502,508],"class_list":["post-3354","post","type-post","status-publish","format-standard","has-post-thumbnail","hentry","category-management","tag-business-excellence","tag-management-und-unternehmensfuehrung","tag-veranstaltungen","tag-vermischtes"],"acf":[],"yoast_head":"<!-- This site is optimized with the Yoast SEO plugin v27.4 - https:\/\/yoast.com\/product\/yoast-seo-wordpress\/ -->\n<title>An die Geschwindigkeit gew\u00f6hnt man sich - Organisator<\/title>\n<meta name=\"description\" content=\"Referenten wie Unternehmer Nils Planzer, CEO Planzer Transport AG, Profiler Suzanne Grieger-Langer und SRF-Direktor Ruedi Matter waren sich einig: Um gut im Rennen zu bleiben, braucht es weit mehr als die Geschwindigkeit.\" \/>\n<meta name=\"robots\" content=\"index, follow, max-snippet:-1, max-image-preview:large, max-video-preview:-1\" \/>\n<link rel=\"canonical\" href=\"https:\/\/www.organisator.ch\/de\/management\/2018-03-26\/an-die-geschwindigkeit-gewoehnt-man-sich\/\" \/>\n<meta property=\"og:locale\" content=\"de_DE\" \/>\n<meta property=\"og:type\" content=\"article\" \/>\n<meta property=\"og:title\" content=\"An die Geschwindigkeit gew\u00f6hnt man sich\" \/>\n<meta property=\"og:description\" content=\"Referenten wie Unternehmer Nils #Planzer, CEO Planzer Transport AG, Profiler Suzanne Grieger-Langer und #SRF-Direktor Ruedi Matter waren sich einig: Um gut im Rennen zu bleiben, braucht es weit mehr als die #Geschwindigkeit.\" \/>\n<meta property=\"og:url\" content=\"https:\/\/www.organisator.ch\/de\/management\/2018-03-26\/an-die-geschwindigkeit-gewoehnt-man-sich\/\" \/>\n<meta property=\"og:site_name\" content=\"Organisator\" \/>\n<meta property=\"article:publisher\" content=\"https:\/\/www.facebook.com\/OrganisatorFachmagazin\" \/>\n<meta property=\"article:published_time\" content=\"2018-03-26T06:30:20+00:00\" \/>\n<meta property=\"og:image\" content=\"https:\/\/www.organisator.ch\/wp-content\/uploads\/2018\/03\/An-die-Geschwindigkeit-gewoehnt-man-sich-2_Organisator.jpg\" \/>\n\t<meta property=\"og:image:width\" content=\"640\" \/>\n\t<meta property=\"og:image:height\" content=\"425\" \/>\n\t<meta property=\"og:image:type\" content=\"image\/jpeg\" \/>\n<meta name=\"author\" content=\"thomas.berner\" \/>\n<meta name=\"twitter:card\" content=\"summary_large_image\" \/>\n<meta name=\"twitter:title\" content=\"An die #Geschwindigkeit gew\u00f6hnt man sich\" \/>\n<meta name=\"twitter:description\" content=\"Referenten wie Unternehmer Nils #Planzer, CEO Planzer Transport AG, Profiler Suzanne #Grieger-Langer und #SRF-Direktor Ruedi Matter waren sich einig: Um gut im Rennen zu bleiben, braucht es weit mehr als die #Geschwindigkeit.\" \/>\n<meta name=\"twitter:image\" content=\"https:\/\/www.organisator.ch\/wp-content\/uploads\/2018\/03\/An-die-Geschwindigkeit-gew\u00f6hnt-man-sich-2_Organisator.jpg\" \/>\n<script type=\"application\/ld+json\" class=\"yoast-schema-graph\">{\"@context\":\"https:\\\/\\\/schema.org\",\"@graph\":[{\"@type\":\"Article\",\"@id\":\"https:\\\/\\\/www.organisator.ch\\\/management\\\/2018-03-26\\\/an-die-geschwindigkeit-gewoehnt-man-sich\\\/#article\",\"isPartOf\":{\"@id\":\"https:\\\/\\\/www.organisator.ch\\\/management\\\/2018-03-26\\\/an-die-geschwindigkeit-gewoehnt-man-sich\\\/\"},\"author\":{\"name\":\"thomas.berner\",\"@id\":\"https:\\\/\\\/www.organisator.ch\\\/#\\\/schema\\\/person\\\/6f650f90b2842cd4c0cc334b4e36f67e\"},\"headline\":\"An die Geschwindigkeit gew\u00f6hnt man sich\",\"datePublished\":\"2018-03-26T06:30:20+00:00\",\"mainEntityOfPage\":{\"@id\":\"https:\\\/\\\/www.organisator.ch\\\/management\\\/2018-03-26\\\/an-die-geschwindigkeit-gewoehnt-man-sich\\\/\"},\"wordCount\":661,\"commentCount\":0,\"publisher\":{\"@id\":\"https:\\\/\\\/www.organisator.ch\\\/#organization\"},\"image\":{\"@id\":\"https:\\\/\\\/www.organisator.ch\\\/management\\\/2018-03-26\\\/an-die-geschwindigkeit-gewoehnt-man-sich\\\/#primaryimage\"},\"thumbnailUrl\":\"https:\\\/\\\/www.organisator.ch\\\/wp-content\\\/uploads\\\/2018\\\/03\\\/An-die-Geschwindigkeit-gewoehnt-man-sich-1_Organisator.jpg\",\"keywords\":[\"Business Excellence\",\"Management und Unternehmensf\u00fchrung\",\"Veranstaltungen\",\"Vermischtes\"],\"articleSection\":[\"MANAGEMENT\"],\"inLanguage\":\"de\"},{\"@type\":\"WebPage\",\"@id\":\"https:\\\/\\\/www.organisator.ch\\\/management\\\/2018-03-26\\\/an-die-geschwindigkeit-gewoehnt-man-sich\\\/\",\"url\":\"https:\\\/\\\/www.organisator.ch\\\/management\\\/2018-03-26\\\/an-die-geschwindigkeit-gewoehnt-man-sich\\\/\",\"name\":\"An die Geschwindigkeit gew\u00f6hnt man sich - Organisator\",\"isPartOf\":{\"@id\":\"https:\\\/\\\/www.organisator.ch\\\/#website\"},\"primaryImageOfPage\":{\"@id\":\"https:\\\/\\\/www.organisator.ch\\\/management\\\/2018-03-26\\\/an-die-geschwindigkeit-gewoehnt-man-sich\\\/#primaryimage\"},\"image\":{\"@id\":\"https:\\\/\\\/www.organisator.ch\\\/management\\\/2018-03-26\\\/an-die-geschwindigkeit-gewoehnt-man-sich\\\/#primaryimage\"},\"thumbnailUrl\":\"https:\\\/\\\/www.organisator.ch\\\/wp-content\\\/uploads\\\/2018\\\/03\\\/An-die-Geschwindigkeit-gewoehnt-man-sich-1_Organisator.jpg\",\"datePublished\":\"2018-03-26T06:30:20+00:00\",\"description\":\"Referenten wie Unternehmer Nils Planzer, CEO Planzer Transport AG, Profiler Suzanne Grieger-Langer und SRF-Direktor Ruedi Matter waren sich einig: Um gut im Rennen zu bleiben, braucht es weit mehr als die Geschwindigkeit.\",\"breadcrumb\":{\"@id\":\"https:\\\/\\\/www.organisator.ch\\\/management\\\/2018-03-26\\\/an-die-geschwindigkeit-gewoehnt-man-sich\\\/#breadcrumb\"},\"inLanguage\":\"de\",\"potentialAction\":[{\"@type\":\"ReadAction\",\"target\":[\"https:\\\/\\\/www.organisator.ch\\\/management\\\/2018-03-26\\\/an-die-geschwindigkeit-gewoehnt-man-sich\\\/\"]}]},{\"@type\":\"ImageObject\",\"inLanguage\":\"de\",\"@id\":\"https:\\\/\\\/www.organisator.ch\\\/management\\\/2018-03-26\\\/an-die-geschwindigkeit-gewoehnt-man-sich\\\/#primaryimage\",\"url\":\"https:\\\/\\\/www.organisator.ch\\\/wp-content\\\/uploads\\\/2018\\\/03\\\/An-die-Geschwindigkeit-gewoehnt-man-sich-1_Organisator.jpg\",\"contentUrl\":\"https:\\\/\\\/www.organisator.ch\\\/wp-content\\\/uploads\\\/2018\\\/03\\\/An-die-Geschwindigkeit-gewoehnt-man-sich-1_Organisator.jpg\",\"width\":640,\"height\":425,\"caption\":\"Tom L\u00fcthi lernt in der MotoGP-Klasse mit noch h\u00f6herer Geschwindigkeit umzugehen. (Bild: Thomas Berner)\"},{\"@type\":\"BreadcrumbList\",\"@id\":\"https:\\\/\\\/www.organisator.ch\\\/management\\\/2018-03-26\\\/an-die-geschwindigkeit-gewoehnt-man-sich\\\/#breadcrumb\",\"itemListElement\":[{\"@type\":\"ListItem\",\"position\":1,\"name\":\"Home\",\"item\":\"https:\\\/\\\/www.organisator.ch\\\/\"},{\"@type\":\"ListItem\",\"position\":2,\"name\":\"An die Geschwindigkeit gew\u00f6hnt man sich\"}]},{\"@type\":\"WebSite\",\"@id\":\"https:\\\/\\\/www.organisator.ch\\\/#website\",\"url\":\"https:\\\/\\\/www.organisator.ch\\\/\",\"name\":\"Organisator\",\"description\":\"Kompetent. Praxisnah. Der ORGANISATOR bereitet in 10 Ausgaben pro Jahr die wesentlichen Themen f\u00fcr F\u00fchrungskr\u00e4fte von KMU auf.\",\"publisher\":{\"@id\":\"https:\\\/\\\/www.organisator.ch\\\/#organization\"},\"potentialAction\":[{\"@type\":\"SearchAction\",\"target\":{\"@type\":\"EntryPoint\",\"urlTemplate\":\"https:\\\/\\\/www.organisator.ch\\\/?s={search_term_string}\"},\"query-input\":{\"@type\":\"PropertyValueSpecification\",\"valueRequired\":true,\"valueName\":\"search_term_string\"}}],\"inLanguage\":\"de\"},{\"@type\":\"Organization\",\"@id\":\"https:\\\/\\\/www.organisator.ch\\\/#organization\",\"name\":\"Organisator\",\"url\":\"https:\\\/\\\/www.organisator.ch\\\/\",\"logo\":{\"@type\":\"ImageObject\",\"inLanguage\":\"de\",\"@id\":\"https:\\\/\\\/www.organisator.ch\\\/#\\\/schema\\\/logo\\\/image\\\/\",\"url\":\"https:\\\/\\\/www.organisator.ch\\\/wp-content\\\/uploads\\\/2022\\\/01\\\/Logo_Organisator_Website.png\",\"contentUrl\":\"https:\\\/\\\/www.organisator.ch\\\/wp-content\\\/uploads\\\/2022\\\/01\\\/Logo_Organisator_Website.png\",\"width\":800,\"height\":77,\"caption\":\"Organisator\"},\"image\":{\"@id\":\"https:\\\/\\\/www.organisator.ch\\\/#\\\/schema\\\/logo\\\/image\\\/\"},\"sameAs\":[\"https:\\\/\\\/www.facebook.com\\\/OrganisatorFachmagazin\",\"https:\\\/\\\/www.linkedin.com\\\/showcase\\\/organisator-das-magazin-fr-kmu\",\"https:\\\/\\\/www.xing.com\\\/news\\\/pages\\\/organisator-ch-695\",\"https:\\\/\\\/www.youtube.com\\\/channel\\\/UCGP2Sq0iWaZwT3BdIAQFYpw\"]},{\"@type\":\"Person\",\"@id\":\"https:\\\/\\\/www.organisator.ch\\\/#\\\/schema\\\/person\\\/6f650f90b2842cd4c0cc334b4e36f67e\",\"name\":\"thomas.berner\",\"image\":{\"@type\":\"ImageObject\",\"inLanguage\":\"de\",\"@id\":\"https:\\\/\\\/secure.gravatar.com\\\/avatar\\\/ac5001d2a36cb6c6cd3e50789007ffca834b477b74a2144564522e944eabff61?s=96&d=mm&r=g\",\"url\":\"https:\\\/\\\/secure.gravatar.com\\\/avatar\\\/ac5001d2a36cb6c6cd3e50789007ffca834b477b74a2144564522e944eabff61?s=96&d=mm&r=g\",\"contentUrl\":\"https:\\\/\\\/secure.gravatar.com\\\/avatar\\\/ac5001d2a36cb6c6cd3e50789007ffca834b477b74a2144564522e944eabff61?s=96&d=mm&r=g\",\"caption\":\"thomas.berner\"},\"url\":\"https:\\\/\\\/www.organisator.ch\\\/de\\\/author\\\/thomas-berner\\\/\"}]}<\/script>\n<!-- \/ Yoast SEO plugin. -->","yoast_head_json":{"title":"An die Geschwindigkeit gew\u00f6hnt man sich - Organisator","description":"Referenten wie Unternehmer Nils Planzer, CEO Planzer Transport AG, Profiler Suzanne Grieger-Langer und SRF-Direktor Ruedi Matter waren sich einig: Um gut im Rennen zu bleiben, braucht es weit mehr als die Geschwindigkeit.","robots":{"index":"index","follow":"follow","max-snippet":"max-snippet:-1","max-image-preview":"max-image-preview:large","max-video-preview":"max-video-preview:-1"},"canonical":"https:\/\/www.organisator.ch\/de\/management\/2018-03-26\/an-die-geschwindigkeit-gewoehnt-man-sich\/","og_locale":"de_DE","og_type":"article","og_title":"An die Geschwindigkeit gew\u00f6hnt man sich","og_description":"Referenten wie Unternehmer Nils #Planzer, CEO Planzer Transport AG, Profiler Suzanne Grieger-Langer und #SRF-Direktor Ruedi Matter waren sich einig: Um gut im Rennen zu bleiben, braucht es weit mehr als die #Geschwindigkeit.","og_url":"https:\/\/www.organisator.ch\/de\/management\/2018-03-26\/an-die-geschwindigkeit-gewoehnt-man-sich\/","og_site_name":"Organisator","article_publisher":"https:\/\/www.facebook.com\/OrganisatorFachmagazin","article_published_time":"2018-03-26T06:30:20+00:00","og_image":[{"width":640,"height":425,"url":"https:\/\/www.organisator.ch\/wp-content\/uploads\/2018\/03\/An-die-Geschwindigkeit-gewoehnt-man-sich-2_Organisator.jpg","type":"image\/jpeg"}],"author":"thomas.berner","twitter_card":"summary_large_image","twitter_title":"An die #Geschwindigkeit gew\u00f6hnt man sich","twitter_description":"Referenten wie Unternehmer Nils #Planzer, CEO Planzer Transport AG, Profiler Suzanne #Grieger-Langer und #SRF-Direktor Ruedi Matter waren sich einig: Um gut im Rennen zu bleiben, braucht es weit mehr als die #Geschwindigkeit.","twitter_image":"https:\/\/www.organisator.ch\/wp-content\/uploads\/2018\/03\/An-die-Geschwindigkeit-gew\u00f6hnt-man-sich-2_Organisator.jpg","schema":{"@context":"https:\/\/schema.org","@graph":[{"@type":"Article","@id":"https:\/\/www.organisator.ch\/management\/2018-03-26\/an-die-geschwindigkeit-gewoehnt-man-sich\/#article","isPartOf":{"@id":"https:\/\/www.organisator.ch\/management\/2018-03-26\/an-die-geschwindigkeit-gewoehnt-man-sich\/"},"author":{"name":"thomas.berner","@id":"https:\/\/www.organisator.ch\/#\/schema\/person\/6f650f90b2842cd4c0cc334b4e36f67e"},"headline":"An die Geschwindigkeit gew\u00f6hnt man sich","datePublished":"2018-03-26T06:30:20+00:00","mainEntityOfPage":{"@id":"https:\/\/www.organisator.ch\/management\/2018-03-26\/an-die-geschwindigkeit-gewoehnt-man-sich\/"},"wordCount":661,"commentCount":0,"publisher":{"@id":"https:\/\/www.organisator.ch\/#organization"},"image":{"@id":"https:\/\/www.organisator.ch\/management\/2018-03-26\/an-die-geschwindigkeit-gewoehnt-man-sich\/#primaryimage"},"thumbnailUrl":"https:\/\/www.organisator.ch\/wp-content\/uploads\/2018\/03\/An-die-Geschwindigkeit-gewoehnt-man-sich-1_Organisator.jpg","keywords":["Business Excellence","Management und Unternehmensf\u00fchrung","Veranstaltungen","Vermischtes"],"articleSection":["MANAGEMENT"],"inLanguage":"de"},{"@type":"WebPage","@id":"https:\/\/www.organisator.ch\/management\/2018-03-26\/an-die-geschwindigkeit-gewoehnt-man-sich\/","url":"https:\/\/www.organisator.ch\/management\/2018-03-26\/an-die-geschwindigkeit-gewoehnt-man-sich\/","name":"An die Geschwindigkeit gew\u00f6hnt man sich - Organisator","isPartOf":{"@id":"https:\/\/www.organisator.ch\/#website"},"primaryImageOfPage":{"@id":"https:\/\/www.organisator.ch\/management\/2018-03-26\/an-die-geschwindigkeit-gewoehnt-man-sich\/#primaryimage"},"image":{"@id":"https:\/\/www.organisator.ch\/management\/2018-03-26\/an-die-geschwindigkeit-gewoehnt-man-sich\/#primaryimage"},"thumbnailUrl":"https:\/\/www.organisator.ch\/wp-content\/uploads\/2018\/03\/An-die-Geschwindigkeit-gewoehnt-man-sich-1_Organisator.jpg","datePublished":"2018-03-26T06:30:20+00:00","description":"Referenten wie Unternehmer Nils Planzer, CEO Planzer Transport AG, Profiler Suzanne Grieger-Langer und SRF-Direktor Ruedi Matter waren sich einig: Um gut im Rennen zu bleiben, braucht es weit mehr als die Geschwindigkeit.","breadcrumb":{"@id":"https:\/\/www.organisator.ch\/management\/2018-03-26\/an-die-geschwindigkeit-gewoehnt-man-sich\/#breadcrumb"},"inLanguage":"de","potentialAction":[{"@type":"ReadAction","target":["https:\/\/www.organisator.ch\/management\/2018-03-26\/an-die-geschwindigkeit-gewoehnt-man-sich\/"]}]},{"@type":"ImageObject","inLanguage":"de","@id":"https:\/\/www.organisator.ch\/management\/2018-03-26\/an-die-geschwindigkeit-gewoehnt-man-sich\/#primaryimage","url":"https:\/\/www.organisator.ch\/wp-content\/uploads\/2018\/03\/An-die-Geschwindigkeit-gewoehnt-man-sich-1_Organisator.jpg","contentUrl":"https:\/\/www.organisator.ch\/wp-content\/uploads\/2018\/03\/An-die-Geschwindigkeit-gewoehnt-man-sich-1_Organisator.jpg","width":640,"height":425,"caption":"Tom L\u00fcthi lernt in der MotoGP-Klasse mit noch h\u00f6herer Geschwindigkeit umzugehen. (Bild: Thomas Berner)"},{"@type":"BreadcrumbList","@id":"https:\/\/www.organisator.ch\/management\/2018-03-26\/an-die-geschwindigkeit-gewoehnt-man-sich\/#breadcrumb","itemListElement":[{"@type":"ListItem","position":1,"name":"Home","item":"https:\/\/www.organisator.ch\/"},{"@type":"ListItem","position":2,"name":"An die Geschwindigkeit gew\u00f6hnt man sich"}]},{"@type":"WebSite","@id":"https:\/\/www.organisator.ch\/#website","url":"https:\/\/www.organisator.ch\/","name":"Organisator","description":"Kompetent. Praxisnah. Der ORGANISATOR bereitet in 10 Ausgaben pro Jahr die wesentlichen Themen f\u00fcr F\u00fchrungskr\u00e4fte von KMU auf.","publisher":{"@id":"https:\/\/www.organisator.ch\/#organization"},"potentialAction":[{"@type":"SearchAction","target":{"@type":"EntryPoint","urlTemplate":"https:\/\/www.organisator.ch\/?s={search_term_string}"},"query-input":{"@type":"PropertyValueSpecification","valueRequired":true,"valueName":"search_term_string"}}],"inLanguage":"de"},{"@type":"Organization","@id":"https:\/\/www.organisator.ch\/#organization","name":"Organisator","url":"https:\/\/www.organisator.ch\/","logo":{"@type":"ImageObject","inLanguage":"de","@id":"https:\/\/www.organisator.ch\/#\/schema\/logo\/image\/","url":"https:\/\/www.organisator.ch\/wp-content\/uploads\/2022\/01\/Logo_Organisator_Website.png","contentUrl":"https:\/\/www.organisator.ch\/wp-content\/uploads\/2022\/01\/Logo_Organisator_Website.png","width":800,"height":77,"caption":"Organisator"},"image":{"@id":"https:\/\/www.organisator.ch\/#\/schema\/logo\/image\/"},"sameAs":["https:\/\/www.facebook.com\/OrganisatorFachmagazin","https:\/\/www.linkedin.com\/showcase\/organisator-das-magazin-fr-kmu","https:\/\/www.xing.com\/news\/pages\/organisator-ch-695","https:\/\/www.youtube.com\/channel\/UCGP2Sq0iWaZwT3BdIAQFYpw"]},{"@type":"Person","@id":"https:\/\/www.organisator.ch\/#\/schema\/person\/6f650f90b2842cd4c0cc334b4e36f67e","name":"thomas.berner","image":{"@type":"ImageObject","inLanguage":"de","@id":"https:\/\/secure.gravatar.com\/avatar\/ac5001d2a36cb6c6cd3e50789007ffca834b477b74a2144564522e944eabff61?s=96&d=mm&r=g","url":"https:\/\/secure.gravatar.com\/avatar\/ac5001d2a36cb6c6cd3e50789007ffca834b477b74a2144564522e944eabff61?s=96&d=mm&r=g","contentUrl":"https:\/\/secure.gravatar.com\/avatar\/ac5001d2a36cb6c6cd3e50789007ffca834b477b74a2144564522e944eabff61?s=96&d=mm&r=g","caption":"thomas.berner"},"url":"https:\/\/www.organisator.ch\/de\/author\/thomas-berner\/"}]}},"_links":{"self":[{"href":"https:\/\/www.organisator.ch\/de\/wp-json\/wp\/v2\/posts\/3354","targetHints":{"allow":["GET"]}}],"collection":[{"href":"https:\/\/www.organisator.ch\/de\/wp-json\/wp\/v2\/posts"}],"about":[{"href":"https:\/\/www.organisator.ch\/de\/wp-json\/wp\/v2\/types\/post"}],"author":[{"embeddable":true,"href":"https:\/\/www.organisator.ch\/de\/wp-json\/wp\/v2\/users\/4"}],"replies":[{"embeddable":true,"href":"https:\/\/www.organisator.ch\/de\/wp-json\/wp\/v2\/comments?post=3354"}],"version-history":[{"count":0,"href":"https:\/\/www.organisator.ch\/de\/wp-json\/wp\/v2\/posts\/3354\/revisions"}],"wp:featuredmedia":[{"embeddable":true,"href":"https:\/\/www.organisator.ch\/de\/wp-json\/wp\/v2\/media\/3356"}],"wp:attachment":[{"href":"https:\/\/www.organisator.ch\/de\/wp-json\/wp\/v2\/media?parent=3354"}],"wp:term":[{"taxonomy":"category","embeddable":true,"href":"https:\/\/www.organisator.ch\/de\/wp-json\/wp\/v2\/categories?post=3354"},{"taxonomy":"post_tag","embeddable":true,"href":"https:\/\/www.organisator.ch\/de\/wp-json\/wp\/v2\/tags?post=3354"}],"curies":[{"name":"wp","href":"https:\/\/api.w.org\/{rel}","templated":true}]}}