{"id":33590,"date":"2024-11-20T13:33:01","date_gmt":"2024-11-20T12:33:01","guid":{"rendered":"https:\/\/www.organisator.ch\/?p=33590"},"modified":"2024-11-20T09:40:21","modified_gmt":"2024-11-20T08:40:21","slug":"geschaeftsklima-in-der-mem-branche-auf-tiefstem-stand-seit-dreieinhalb-jahren","status":"publish","type":"post","link":"https:\/\/www.organisator.ch\/de\/management\/2024-11-20\/geschaeftsklima-in-der-mem-branche-auf-tiefstem-stand-seit-dreieinhalb-jahren\/","title":{"rendered":"Gesch\u00e4ftsklima in der MEM-Branche auf tiefstem Stand seit dreieinhalb Jahren"},"content":{"rendered":"<figure id=\"attachment_33591\" aria-describedby=\"caption-attachment-33591\" style=\"width: 680px\" class=\"wp-caption alignnone\"><img loading=\"lazy\" decoding=\"async\" class=\"size-full wp-image-33591\" src=\"https:\/\/www.organisator.ch\/wp-content\/uploads\/2024\/11\/Geschaeftsklima_Bild1_ps.jpg\" alt=\"\" width=\"680\" height=\"454\" srcset=\"https:\/\/www.organisator.ch\/wp-content\/uploads\/2024\/11\/Geschaeftsklima_Bild1_ps.jpg 680w, https:\/\/www.organisator.ch\/wp-content\/uploads\/2024\/11\/Geschaeftsklima_Bild1_ps-18x12.jpg 18w, https:\/\/www.organisator.ch\/wp-content\/uploads\/2024\/11\/Geschaeftsklima_Bild1_ps-375x250.jpg 375w, https:\/\/www.organisator.ch\/wp-content\/uploads\/2024\/11\/Geschaeftsklima_Bild1_ps-524x350.jpg 524w\" sizes=\"auto, (max-width: 680px) 100vw, 680px\" \/><figcaption id=\"caption-attachment-33591\" class=\"wp-caption-text\">Das Gesch\u00e4ftsklima in der MEM-Branche rutscht im Oktober 2024 auf den tiefsten Stand seit Januar 2021. (Bild: www.depositphotos.com)<\/figcaption><\/figure>\n<p>Das Gesch\u00e4ftsklima in der MEM-Branche hat sich im Herbst weiter abgek\u00fchlt, wie die j\u00fcngste Quartalsbefragung von Swissmechanic zeigt. Der Swissmechanic KMU-MEM-Gesch\u00e4ftsklimaindex rutscht im Oktober 2024 auf den niedrigsten Wert seit Januar 2021 ab. Der Pulsmesser der KMU-MEM liegt nun schon seit anderthalb Jahren im negativen Bereich. Lediglich 1 Prozent der Unternehmen bezeichnet das derzeitige Gesch\u00e4ftsklima als sehr g\u00fcnstig. Demgegen\u00fcber stehen 74 Prozent, die es als eher bis sehr ung\u00fcnstig einsch\u00e4tzen.<\/p>\n<h3><strong>Personalabbau bei jedem dritten KMU-MEM<\/strong><\/h3>\n<p>Der Auftragsmangel bleibt auch weiterhin die gr\u00f6sste Herausforderung, gefolgt von den anhaltenden Belastungen durch den starken Franken. Insgesamt verzeichneten 60 Prozent der KMU im dritten Quartal 2024 Umsatzeinbr\u00fcche und beinahe gleich viele sinkende Margen. Die Kapazit\u00e4tsauslastung der Unternehmen liegt derzeit nur knapp \u00fcber 80 Prozent. Hinzu kommt, dass bei fast einem Drittel der befragten KMU die Produktion nur noch f\u00fcr einen Zeitraum von maximal vier Wochen gesichert ist. Ein Drittel der Unternehmen musste im Vorjahresvergleich Personal abbauen. Bei einem Viertel fehlt es an Eigenmitteln f\u00fcr Investitionen.<\/p>\n<h3><strong>2024 bleibt schwierig, 2025 l\u00e4sst vorsichtig hoffen<\/strong><\/h3>\n<p>F\u00fcr das Schlussquartal 2024 zeigen sich die KMU daher pessimistisch. Die Auslandsnachfrage bleibt die grosse Herausforderung. Etwa die H\u00e4lfte der befragten Unternehmen geht von weiteren R\u00fcckg\u00e4ngen bei Auftr\u00e4gen, Ums\u00e4tzen und Margen aus. Trotz der gegenw\u00e4rtigen Herausforderungen gibt es gem\u00e4ss Expertinnen und Experten f\u00fcr 2025 Anzeichen einer m\u00f6glichen konjunkturellen Belebung. Sinkende Energiepreise und niedrigere Zinsen k\u00f6nnten der MEM-Branche im n\u00e4chsten Jahr Impulse geben und zumindest eine leichte Erholung erm\u00f6glichen.<\/p>\n<p><em>Quelle: <a href=\"http:\/\/www.swissmechanic.ch\">www.swissmechanic.ch<\/a><\/em><\/p>\n","protected":false},"excerpt":{"rendered":"<p>Der Swissmechanic-Gesch\u00e4ftsklimaindex f\u00fcr KMU in der MEM-Branche rutscht im Oktober 2024 auf den tiefsten Stand seit Januar 2021. Ein weiterer R\u00fcckgang an Auftr\u00e4gen und Margen, gepaart mit geringer Kapazit\u00e4tsauslastung, pr\u00e4gen die aktuelle Lage. Bei rund einem Drittel der befragten Unternehmen kam es zu Personalabbau. In Anbetracht der gegenw\u00e4rtigen Herausforderungen blicken die KMU-MEM pessimistisch in die Zukunft.<\/p>\n","protected":false},"author":80,"featured_media":33591,"comment_status":"closed","ping_status":"closed","sticky":false,"template":"","format":"standard","meta":{"_acf_changed":false,"_yoast_wpseo_focuskw":"Gesch\u00e4ftsklima","_yoast_wpseo_metadesc":"Der Swissmechanic-Gesch\u00e4ftsklimaindex f\u00fcr KMU in der MEM-Branche rutscht im Oktober 2024 auf den tiefsten Stand seit Januar 2021.","articlekey":"","footnotes":""},"categories":[28],"tags":[4627,301,2712,424,492],"class_list":["post-33590","post","type-post","status-publish","format-standard","has-post-thumbnail","hentry","category-management","tag-geschaeftsklima","tag-kmu","tag-mem-branche","tag-schweiz","tag-unternehmen"],"acf":[],"yoast_head":"<!-- This site is optimized with the Yoast SEO plugin v27.5 - https:\/\/yoast.com\/product\/yoast-seo-wordpress\/ -->\n<title>Gesch\u00e4ftsklima in der MEM-Branche auf tiefstem Stand seit dreieinhalb Jahren - Organisator<\/title>\n<meta name=\"description\" content=\"Der Swissmechanic-Gesch\u00e4ftsklimaindex f\u00fcr KMU in der MEM-Branche rutscht im Oktober 2024 auf den tiefsten Stand seit Januar 2021.\" \/>\n<meta name=\"robots\" content=\"index, follow, max-snippet:-1, max-image-preview:large, max-video-preview:-1\" \/>\n<link rel=\"canonical\" href=\"https:\/\/www.organisator.ch\/de\/management\/2024-11-20\/geschaeftsklima-in-der-mem-branche-auf-tiefstem-stand-seit-dreieinhalb-jahren\/\" \/>\n<meta property=\"og:locale\" content=\"de_DE\" \/>\n<meta property=\"og:type\" content=\"article\" \/>\n<meta property=\"og:title\" content=\"Gesch\u00e4ftsklima in der MEM-Branche auf tiefstem Stand seit dreieinhalb Jahren\" \/>\n<meta property=\"og:description\" content=\"Der Swissmechanic-Gesch\u00e4ftsklimaindex f\u00fcr KMU in der MEM-Branche rutscht im Oktober 2024 auf den tiefsten Stand seit Januar 2021.\" \/>\n<meta property=\"og:url\" content=\"https:\/\/www.organisator.ch\/de\/management\/2024-11-20\/geschaeftsklima-in-der-mem-branche-auf-tiefstem-stand-seit-dreieinhalb-jahren\/\" \/>\n<meta property=\"og:site_name\" content=\"Organisator\" \/>\n<meta property=\"article:publisher\" content=\"https:\/\/www.facebook.com\/OrganisatorFachmagazin\" \/>\n<meta property=\"article:published_time\" content=\"2024-11-20T12:33:01+00:00\" \/>\n<meta property=\"og:image\" content=\"https:\/\/www.organisator.ch\/wp-content\/uploads\/2024\/11\/Geschaeftsklima_Bild1_ps.jpg\" \/>\n\t<meta property=\"og:image:width\" content=\"680\" \/>\n\t<meta property=\"og:image:height\" content=\"454\" \/>\n\t<meta property=\"og:image:type\" content=\"image\/jpeg\" \/>\n<meta name=\"author\" content=\"Dzana Muminovic\" \/>\n<meta name=\"twitter:card\" content=\"summary_large_image\" \/>\n<meta name=\"twitter:title\" content=\"Gesch\u00e4ftsklima in der MEM-Branche auf tiefstem Stand seit dreieinhalb Jahren\" \/>\n<meta name=\"twitter:description\" content=\"Der #Swissmechanic-#Gesch\u00e4ftsklimaindex f\u00fcr #KMU in der #MEM-#Branche rutscht im Oktober 2024 auf den tiefsten Stand seit Januar 2021.\" \/>\n<meta name=\"twitter:image\" content=\"https:\/\/www.organisator.ch\/wp-content\/uploads\/2024\/11\/Geschaeftsklima_Bild1_ps.jpg\" \/>\n<script type=\"application\/ld+json\" class=\"yoast-schema-graph\">{\"@context\":\"https:\\\/\\\/schema.org\",\"@graph\":[{\"@type\":\"Article\",\"@id\":\"https:\\\/\\\/www.organisator.ch\\\/management\\\/2024-11-20\\\/geschaeftsklima-in-der-mem-branche-auf-tiefstem-stand-seit-dreieinhalb-jahren\\\/#article\",\"isPartOf\":{\"@id\":\"https:\\\/\\\/www.organisator.ch\\\/management\\\/2024-11-20\\\/geschaeftsklima-in-der-mem-branche-auf-tiefstem-stand-seit-dreieinhalb-jahren\\\/\"},\"author\":{\"name\":\"Dzana Muminovic\",\"@id\":\"https:\\\/\\\/www.organisator.ch\\\/#\\\/schema\\\/person\\\/afccda3a71c06d4be2ed9100dd163db7\"},\"headline\":\"Gesch\u00e4ftsklima in der MEM-Branche auf tiefstem Stand seit dreieinhalb Jahren\",\"datePublished\":\"2024-11-20T12:33:01+00:00\",\"mainEntityOfPage\":{\"@id\":\"https:\\\/\\\/www.organisator.ch\\\/management\\\/2024-11-20\\\/geschaeftsklima-in-der-mem-branche-auf-tiefstem-stand-seit-dreieinhalb-jahren\\\/\"},\"wordCount\":294,\"publisher\":{\"@id\":\"https:\\\/\\\/www.organisator.ch\\\/#organization\"},\"image\":{\"@id\":\"https:\\\/\\\/www.organisator.ch\\\/management\\\/2024-11-20\\\/geschaeftsklima-in-der-mem-branche-auf-tiefstem-stand-seit-dreieinhalb-jahren\\\/#primaryimage\"},\"thumbnailUrl\":\"https:\\\/\\\/www.organisator.ch\\\/wp-content\\\/uploads\\\/2024\\\/11\\\/Geschaeftsklima_Bild1_ps.jpg\",\"keywords\":[\"Gesch\u00e4ftsklima\",\"KMU\",\"MEM-Branche\",\"Schweiz\",\"Unternehmen\"],\"articleSection\":[\"MANAGEMENT\"],\"inLanguage\":\"de\"},{\"@type\":\"WebPage\",\"@id\":\"https:\\\/\\\/www.organisator.ch\\\/management\\\/2024-11-20\\\/geschaeftsklima-in-der-mem-branche-auf-tiefstem-stand-seit-dreieinhalb-jahren\\\/\",\"url\":\"https:\\\/\\\/www.organisator.ch\\\/management\\\/2024-11-20\\\/geschaeftsklima-in-der-mem-branche-auf-tiefstem-stand-seit-dreieinhalb-jahren\\\/\",\"name\":\"Gesch\u00e4ftsklima in der MEM-Branche auf tiefstem Stand seit dreieinhalb Jahren - Organisator\",\"isPartOf\":{\"@id\":\"https:\\\/\\\/www.organisator.ch\\\/#website\"},\"primaryImageOfPage\":{\"@id\":\"https:\\\/\\\/www.organisator.ch\\\/management\\\/2024-11-20\\\/geschaeftsklima-in-der-mem-branche-auf-tiefstem-stand-seit-dreieinhalb-jahren\\\/#primaryimage\"},\"image\":{\"@id\":\"https:\\\/\\\/www.organisator.ch\\\/management\\\/2024-11-20\\\/geschaeftsklima-in-der-mem-branche-auf-tiefstem-stand-seit-dreieinhalb-jahren\\\/#primaryimage\"},\"thumbnailUrl\":\"https:\\\/\\\/www.organisator.ch\\\/wp-content\\\/uploads\\\/2024\\\/11\\\/Geschaeftsklima_Bild1_ps.jpg\",\"datePublished\":\"2024-11-20T12:33:01+00:00\",\"description\":\"Der Swissmechanic-Gesch\u00e4ftsklimaindex f\u00fcr KMU in der MEM-Branche rutscht im Oktober 2024 auf den tiefsten Stand seit Januar 2021.\",\"breadcrumb\":{\"@id\":\"https:\\\/\\\/www.organisator.ch\\\/management\\\/2024-11-20\\\/geschaeftsklima-in-der-mem-branche-auf-tiefstem-stand-seit-dreieinhalb-jahren\\\/#breadcrumb\"},\"inLanguage\":\"de\",\"potentialAction\":[{\"@type\":\"ReadAction\",\"target\":[\"https:\\\/\\\/www.organisator.ch\\\/management\\\/2024-11-20\\\/geschaeftsklima-in-der-mem-branche-auf-tiefstem-stand-seit-dreieinhalb-jahren\\\/\"]}]},{\"@type\":\"ImageObject\",\"inLanguage\":\"de\",\"@id\":\"https:\\\/\\\/www.organisator.ch\\\/management\\\/2024-11-20\\\/geschaeftsklima-in-der-mem-branche-auf-tiefstem-stand-seit-dreieinhalb-jahren\\\/#primaryimage\",\"url\":\"https:\\\/\\\/www.organisator.ch\\\/wp-content\\\/uploads\\\/2024\\\/11\\\/Geschaeftsklima_Bild1_ps.jpg\",\"contentUrl\":\"https:\\\/\\\/www.organisator.ch\\\/wp-content\\\/uploads\\\/2024\\\/11\\\/Geschaeftsklima_Bild1_ps.jpg\",\"width\":680,\"height\":454,\"caption\":\"Das Gesch\u00e4ftsklima in der MEM-Branche rutscht im Oktober 2024 auf den tiefsten Stand seit Januar 2021. (Bild: www.depositphotos.com)\"},{\"@type\":\"BreadcrumbList\",\"@id\":\"https:\\\/\\\/www.organisator.ch\\\/management\\\/2024-11-20\\\/geschaeftsklima-in-der-mem-branche-auf-tiefstem-stand-seit-dreieinhalb-jahren\\\/#breadcrumb\",\"itemListElement\":[{\"@type\":\"ListItem\",\"position\":1,\"name\":\"Home\",\"item\":\"https:\\\/\\\/www.organisator.ch\\\/\"},{\"@type\":\"ListItem\",\"position\":2,\"name\":\"Gesch\u00e4ftsklima in der MEM-Branche auf tiefstem Stand seit dreieinhalb Jahren\"}]},{\"@type\":\"WebSite\",\"@id\":\"https:\\\/\\\/www.organisator.ch\\\/#website\",\"url\":\"https:\\\/\\\/www.organisator.ch\\\/\",\"name\":\"Organisator\",\"description\":\"Kompetent. Praxisnah. Der ORGANISATOR bereitet in 10 Ausgaben pro Jahr die wesentlichen Themen f\u00fcr F\u00fchrungskr\u00e4fte von KMU auf.\",\"publisher\":{\"@id\":\"https:\\\/\\\/www.organisator.ch\\\/#organization\"},\"potentialAction\":[{\"@type\":\"SearchAction\",\"target\":{\"@type\":\"EntryPoint\",\"urlTemplate\":\"https:\\\/\\\/www.organisator.ch\\\/?s={search_term_string}\"},\"query-input\":{\"@type\":\"PropertyValueSpecification\",\"valueRequired\":true,\"valueName\":\"search_term_string\"}}],\"inLanguage\":\"de\"},{\"@type\":\"Organization\",\"@id\":\"https:\\\/\\\/www.organisator.ch\\\/#organization\",\"name\":\"Organisator\",\"url\":\"https:\\\/\\\/www.organisator.ch\\\/\",\"logo\":{\"@type\":\"ImageObject\",\"inLanguage\":\"de\",\"@id\":\"https:\\\/\\\/www.organisator.ch\\\/#\\\/schema\\\/logo\\\/image\\\/\",\"url\":\"https:\\\/\\\/www.organisator.ch\\\/wp-content\\\/uploads\\\/2022\\\/01\\\/Logo_Organisator_Website.png\",\"contentUrl\":\"https:\\\/\\\/www.organisator.ch\\\/wp-content\\\/uploads\\\/2022\\\/01\\\/Logo_Organisator_Website.png\",\"width\":800,\"height\":77,\"caption\":\"Organisator\"},\"image\":{\"@id\":\"https:\\\/\\\/www.organisator.ch\\\/#\\\/schema\\\/logo\\\/image\\\/\"},\"sameAs\":[\"https:\\\/\\\/www.facebook.com\\\/OrganisatorFachmagazin\",\"https:\\\/\\\/www.linkedin.com\\\/showcase\\\/organisator-das-magazin-fr-kmu\",\"https:\\\/\\\/www.xing.com\\\/news\\\/pages\\\/organisator-ch-695\",\"https:\\\/\\\/www.youtube.com\\\/channel\\\/UCGP2Sq0iWaZwT3BdIAQFYpw\"]},{\"@type\":\"Person\",\"@id\":\"https:\\\/\\\/www.organisator.ch\\\/#\\\/schema\\\/person\\\/afccda3a71c06d4be2ed9100dd163db7\",\"name\":\"Dzana Muminovic\",\"image\":{\"@type\":\"ImageObject\",\"inLanguage\":\"de\",\"@id\":\"https:\\\/\\\/secure.gravatar.com\\\/avatar\\\/909c5c71aff4b38e88686f2ab2f1ba152571f394f41ed8bae431ea56ced93050?s=96&d=mm&r=g\",\"url\":\"https:\\\/\\\/secure.gravatar.com\\\/avatar\\\/909c5c71aff4b38e88686f2ab2f1ba152571f394f41ed8bae431ea56ced93050?s=96&d=mm&r=g\",\"contentUrl\":\"https:\\\/\\\/secure.gravatar.com\\\/avatar\\\/909c5c71aff4b38e88686f2ab2f1ba152571f394f41ed8bae431ea56ced93050?s=96&d=mm&r=g\",\"caption\":\"Dzana Muminovic\"},\"url\":\"https:\\\/\\\/www.organisator.ch\\\/de\\\/author\\\/dzana-muminovic\\\/\"}]}<\/script>\n<!-- \/ Yoast SEO plugin. -->","yoast_head_json":{"title":"Gesch\u00e4ftsklima in der MEM-Branche auf tiefstem Stand seit dreieinhalb Jahren - Organisator","description":"Der Swissmechanic-Gesch\u00e4ftsklimaindex f\u00fcr KMU in der MEM-Branche rutscht im Oktober 2024 auf den tiefsten Stand seit Januar 2021.","robots":{"index":"index","follow":"follow","max-snippet":"max-snippet:-1","max-image-preview":"max-image-preview:large","max-video-preview":"max-video-preview:-1"},"canonical":"https:\/\/www.organisator.ch\/de\/management\/2024-11-20\/geschaeftsklima-in-der-mem-branche-auf-tiefstem-stand-seit-dreieinhalb-jahren\/","og_locale":"de_DE","og_type":"article","og_title":"Gesch\u00e4ftsklima in der MEM-Branche auf tiefstem Stand seit dreieinhalb Jahren","og_description":"Der Swissmechanic-Gesch\u00e4ftsklimaindex f\u00fcr KMU in der MEM-Branche rutscht im Oktober 2024 auf den tiefsten Stand seit Januar 2021.","og_url":"https:\/\/www.organisator.ch\/de\/management\/2024-11-20\/geschaeftsklima-in-der-mem-branche-auf-tiefstem-stand-seit-dreieinhalb-jahren\/","og_site_name":"Organisator","article_publisher":"https:\/\/www.facebook.com\/OrganisatorFachmagazin","article_published_time":"2024-11-20T12:33:01+00:00","og_image":[{"width":680,"height":454,"url":"https:\/\/www.organisator.ch\/wp-content\/uploads\/2024\/11\/Geschaeftsklima_Bild1_ps.jpg","type":"image\/jpeg"}],"author":"Dzana Muminovic","twitter_card":"summary_large_image","twitter_title":"Gesch\u00e4ftsklima in der MEM-Branche auf tiefstem Stand seit dreieinhalb Jahren","twitter_description":"Der #Swissmechanic-#Gesch\u00e4ftsklimaindex f\u00fcr #KMU in der #MEM-#Branche rutscht im Oktober 2024 auf den tiefsten Stand seit Januar 2021.","twitter_image":"https:\/\/www.organisator.ch\/wp-content\/uploads\/2024\/11\/Geschaeftsklima_Bild1_ps.jpg","schema":{"@context":"https:\/\/schema.org","@graph":[{"@type":"Article","@id":"https:\/\/www.organisator.ch\/management\/2024-11-20\/geschaeftsklima-in-der-mem-branche-auf-tiefstem-stand-seit-dreieinhalb-jahren\/#article","isPartOf":{"@id":"https:\/\/www.organisator.ch\/management\/2024-11-20\/geschaeftsklima-in-der-mem-branche-auf-tiefstem-stand-seit-dreieinhalb-jahren\/"},"author":{"name":"Dzana Muminovic","@id":"https:\/\/www.organisator.ch\/#\/schema\/person\/afccda3a71c06d4be2ed9100dd163db7"},"headline":"Gesch\u00e4ftsklima in der MEM-Branche auf tiefstem Stand seit dreieinhalb Jahren","datePublished":"2024-11-20T12:33:01+00:00","mainEntityOfPage":{"@id":"https:\/\/www.organisator.ch\/management\/2024-11-20\/geschaeftsklima-in-der-mem-branche-auf-tiefstem-stand-seit-dreieinhalb-jahren\/"},"wordCount":294,"publisher":{"@id":"https:\/\/www.organisator.ch\/#organization"},"image":{"@id":"https:\/\/www.organisator.ch\/management\/2024-11-20\/geschaeftsklima-in-der-mem-branche-auf-tiefstem-stand-seit-dreieinhalb-jahren\/#primaryimage"},"thumbnailUrl":"https:\/\/www.organisator.ch\/wp-content\/uploads\/2024\/11\/Geschaeftsklima_Bild1_ps.jpg","keywords":["Gesch\u00e4ftsklima","KMU","MEM-Branche","Schweiz","Unternehmen"],"articleSection":["MANAGEMENT"],"inLanguage":"de"},{"@type":"WebPage","@id":"https:\/\/www.organisator.ch\/management\/2024-11-20\/geschaeftsklima-in-der-mem-branche-auf-tiefstem-stand-seit-dreieinhalb-jahren\/","url":"https:\/\/www.organisator.ch\/management\/2024-11-20\/geschaeftsklima-in-der-mem-branche-auf-tiefstem-stand-seit-dreieinhalb-jahren\/","name":"Gesch\u00e4ftsklima in der MEM-Branche auf tiefstem Stand seit dreieinhalb Jahren - Organisator","isPartOf":{"@id":"https:\/\/www.organisator.ch\/#website"},"primaryImageOfPage":{"@id":"https:\/\/www.organisator.ch\/management\/2024-11-20\/geschaeftsklima-in-der-mem-branche-auf-tiefstem-stand-seit-dreieinhalb-jahren\/#primaryimage"},"image":{"@id":"https:\/\/www.organisator.ch\/management\/2024-11-20\/geschaeftsklima-in-der-mem-branche-auf-tiefstem-stand-seit-dreieinhalb-jahren\/#primaryimage"},"thumbnailUrl":"https:\/\/www.organisator.ch\/wp-content\/uploads\/2024\/11\/Geschaeftsklima_Bild1_ps.jpg","datePublished":"2024-11-20T12:33:01+00:00","description":"Der Swissmechanic-Gesch\u00e4ftsklimaindex f\u00fcr KMU in der MEM-Branche rutscht im Oktober 2024 auf den tiefsten Stand seit Januar 2021.","breadcrumb":{"@id":"https:\/\/www.organisator.ch\/management\/2024-11-20\/geschaeftsklima-in-der-mem-branche-auf-tiefstem-stand-seit-dreieinhalb-jahren\/#breadcrumb"},"inLanguage":"de","potentialAction":[{"@type":"ReadAction","target":["https:\/\/www.organisator.ch\/management\/2024-11-20\/geschaeftsklima-in-der-mem-branche-auf-tiefstem-stand-seit-dreieinhalb-jahren\/"]}]},{"@type":"ImageObject","inLanguage":"de","@id":"https:\/\/www.organisator.ch\/management\/2024-11-20\/geschaeftsklima-in-der-mem-branche-auf-tiefstem-stand-seit-dreieinhalb-jahren\/#primaryimage","url":"https:\/\/www.organisator.ch\/wp-content\/uploads\/2024\/11\/Geschaeftsklima_Bild1_ps.jpg","contentUrl":"https:\/\/www.organisator.ch\/wp-content\/uploads\/2024\/11\/Geschaeftsklima_Bild1_ps.jpg","width":680,"height":454,"caption":"Das Gesch\u00e4ftsklima in der MEM-Branche rutscht im Oktober 2024 auf den tiefsten Stand seit Januar 2021. (Bild: www.depositphotos.com)"},{"@type":"BreadcrumbList","@id":"https:\/\/www.organisator.ch\/management\/2024-11-20\/geschaeftsklima-in-der-mem-branche-auf-tiefstem-stand-seit-dreieinhalb-jahren\/#breadcrumb","itemListElement":[{"@type":"ListItem","position":1,"name":"Home","item":"https:\/\/www.organisator.ch\/"},{"@type":"ListItem","position":2,"name":"Gesch\u00e4ftsklima in der MEM-Branche auf tiefstem Stand seit dreieinhalb Jahren"}]},{"@type":"WebSite","@id":"https:\/\/www.organisator.ch\/#website","url":"https:\/\/www.organisator.ch\/","name":"Organisator","description":"Kompetent. Praxisnah. Der ORGANISATOR bereitet in 10 Ausgaben pro Jahr die wesentlichen Themen f\u00fcr F\u00fchrungskr\u00e4fte von KMU auf.","publisher":{"@id":"https:\/\/www.organisator.ch\/#organization"},"potentialAction":[{"@type":"SearchAction","target":{"@type":"EntryPoint","urlTemplate":"https:\/\/www.organisator.ch\/?s={search_term_string}"},"query-input":{"@type":"PropertyValueSpecification","valueRequired":true,"valueName":"search_term_string"}}],"inLanguage":"de"},{"@type":"Organization","@id":"https:\/\/www.organisator.ch\/#organization","name":"Organisator","url":"https:\/\/www.organisator.ch\/","logo":{"@type":"ImageObject","inLanguage":"de","@id":"https:\/\/www.organisator.ch\/#\/schema\/logo\/image\/","url":"https:\/\/www.organisator.ch\/wp-content\/uploads\/2022\/01\/Logo_Organisator_Website.png","contentUrl":"https:\/\/www.organisator.ch\/wp-content\/uploads\/2022\/01\/Logo_Organisator_Website.png","width":800,"height":77,"caption":"Organisator"},"image":{"@id":"https:\/\/www.organisator.ch\/#\/schema\/logo\/image\/"},"sameAs":["https:\/\/www.facebook.com\/OrganisatorFachmagazin","https:\/\/www.linkedin.com\/showcase\/organisator-das-magazin-fr-kmu","https:\/\/www.xing.com\/news\/pages\/organisator-ch-695","https:\/\/www.youtube.com\/channel\/UCGP2Sq0iWaZwT3BdIAQFYpw"]},{"@type":"Person","@id":"https:\/\/www.organisator.ch\/#\/schema\/person\/afccda3a71c06d4be2ed9100dd163db7","name":"Dzana Muminovic","image":{"@type":"ImageObject","inLanguage":"de","@id":"https:\/\/secure.gravatar.com\/avatar\/909c5c71aff4b38e88686f2ab2f1ba152571f394f41ed8bae431ea56ced93050?s=96&d=mm&r=g","url":"https:\/\/secure.gravatar.com\/avatar\/909c5c71aff4b38e88686f2ab2f1ba152571f394f41ed8bae431ea56ced93050?s=96&d=mm&r=g","contentUrl":"https:\/\/secure.gravatar.com\/avatar\/909c5c71aff4b38e88686f2ab2f1ba152571f394f41ed8bae431ea56ced93050?s=96&d=mm&r=g","caption":"Dzana Muminovic"},"url":"https:\/\/www.organisator.ch\/de\/author\/dzana-muminovic\/"}]}},"_links":{"self":[{"href":"https:\/\/www.organisator.ch\/de\/wp-json\/wp\/v2\/posts\/33590","targetHints":{"allow":["GET"]}}],"collection":[{"href":"https:\/\/www.organisator.ch\/de\/wp-json\/wp\/v2\/posts"}],"about":[{"href":"https:\/\/www.organisator.ch\/de\/wp-json\/wp\/v2\/types\/post"}],"author":[{"embeddable":true,"href":"https:\/\/www.organisator.ch\/de\/wp-json\/wp\/v2\/users\/80"}],"replies":[{"embeddable":true,"href":"https:\/\/www.organisator.ch\/de\/wp-json\/wp\/v2\/comments?post=33590"}],"version-history":[{"count":1,"href":"https:\/\/www.organisator.ch\/de\/wp-json\/wp\/v2\/posts\/33590\/revisions"}],"predecessor-version":[{"id":33592,"href":"https:\/\/www.organisator.ch\/de\/wp-json\/wp\/v2\/posts\/33590\/revisions\/33592"}],"wp:featuredmedia":[{"embeddable":true,"href":"https:\/\/www.organisator.ch\/de\/wp-json\/wp\/v2\/media\/33591"}],"wp:attachment":[{"href":"https:\/\/www.organisator.ch\/de\/wp-json\/wp\/v2\/media?parent=33590"}],"wp:term":[{"taxonomy":"category","embeddable":true,"href":"https:\/\/www.organisator.ch\/de\/wp-json\/wp\/v2\/categories?post=33590"},{"taxonomy":"post_tag","embeddable":true,"href":"https:\/\/www.organisator.ch\/de\/wp-json\/wp\/v2\/tags?post=33590"}],"curies":[{"name":"wp","href":"https:\/\/api.w.org\/{rel}","templated":true}]}}