{"id":3364,"date":"2018-03-27T15:37:58","date_gmt":"2018-03-27T13:37:58","guid":{"rendered":"https:\/\/www.organisator.ch\/?p=3364"},"modified":"2018-03-27T15:37:58","modified_gmt":"2018-03-27T13:37:58","slug":"neues-symposium-fuer-schweizer-kmu-mit-hochkaraetigen-experten","status":"publish","type":"post","link":"https:\/\/www.organisator.ch\/de\/management\/2018-03-27\/neues-symposium-fuer-schweizer-kmu-mit-hochkaraetigen-experten\/","title":{"rendered":"Neues Symposium f\u00fcr Schweizer KMU mit hochkar\u00e4tigen Experten"},"content":{"rendered":"<figure id=\"attachment_3366\" aria-describedby=\"caption-attachment-3366\" style=\"width: 640px\" class=\"wp-caption alignnone\"><img loading=\"lazy\" decoding=\"async\" class=\"size-full wp-image-3366\" src=\"https:\/\/www.organisator.ch\/wp-content\/uploads\/2018\/03\/Neues-Symposium-fuer-Schweizer-KMU-mit-hochkaraetigen-Experten_Organisator.jpg\" alt=\"\" width=\"640\" height=\"402\" srcset=\"https:\/\/www.organisator.ch\/wp-content\/uploads\/2018\/03\/Neues-Symposium-fuer-Schweizer-KMU-mit-hochkaraetigen-Experten_Organisator.jpg 640w, https:\/\/www.organisator.ch\/wp-content\/uploads\/2018\/03\/Neues-Symposium-fuer-Schweizer-KMU-mit-hochkaraetigen-Experten_Organisator-16x10.jpg 16w, https:\/\/www.organisator.ch\/wp-content\/uploads\/2018\/03\/Neues-Symposium-fuer-Schweizer-KMU-mit-hochkaraetigen-Experten_Organisator-279x175.jpg 279w, https:\/\/www.organisator.ch\/wp-content\/uploads\/2018\/03\/Neues-Symposium-fuer-Schweizer-KMU-mit-hochkaraetigen-Experten_Organisator-557x350.jpg 557w, https:\/\/www.organisator.ch\/wp-content\/uploads\/2018\/03\/Neues-Symposium-fuer-Schweizer-KMU-mit-hochkaraetigen-Experten_Organisator-300x188.jpg 300w\" sizes=\"auto, (max-width: 640px) 100vw, 640px\" \/><figcaption id=\"caption-attachment-3366\" class=\"wp-caption-text\">Dr. Hans-Georg H\u00e4usel und Monika Matschnig treten als Referenten am ersten Swiss Leaders Symposium am 2. Mai 2018 auf. (Bild: zVg)<\/figcaption><\/figure>\n<p>Die fortschreitende Digitalisierung, ein ver\u00e4ndertes Kundenverhalten und neue Arbeitsmodelle &#8211; die Herausforderungen, die heute an Wirtschaftsf\u00fchrer gestellt werden, sind mannigfaltig und verlangen insbesondere von Schweizer KMU ein mutiges Vorangehen. F\u00fcr l\u00e4ngere Weiterbildung fehlt daf\u00fcr vielerorts die Zeit. Was es braucht sind Veranstaltungen, die in kurzer, knapper Form einen konkreten Nutzen erbringen. Hier setzt gem\u00e4ss eigener Darstellung\u00a0das neue Swiss Leaders Symposium an.<\/p>\n<h2>Wissensvermittlung im Fokus<\/h2>\n<p>\u00abAls typisches Schweizer Dienstleistungsunternehmen haben wir in der Vergangenheit immer wieder Veranstaltungen besucht, die uns wenig Konkretes f\u00fcr die F\u00fchrung unseres eigenen Unternehmens geboten haben\u00bb, erkl\u00e4rt Sandra Turcic, Initiantin des Swiss Leaders Symposium. Sie\u00a0f\u00fchrt seit 2001 zusammen mit Danijel Turcic die Sales Activity Group GmbH, die sich auf Kauferfolge nach Limbic\u00ae spezialisiert hat. Als Limbic\u00aeLizenzpartner in der Schweiz unterst\u00fctzen sie Hersteller wie beispielsweise Nespresso, Apple und Epson und generieren Einkaufserlebnisse am Point of Sales.<\/p>\n<p>Sandra Turcic\u00a0erl\u00e4utert weiter: \u00abGrund daf\u00fcr waren meist Referenten aus grossen namhaften Unternehmen, deren Fallbeispiele zwar beeindruckten, welche sich aber letztlich stark auf das jeweilige Unternehmen bezogen und sich zu wenig mit den Realit\u00e4ten und Herausforderungen typischer Schweizer KMU deckten.\u00bb Aus diesen Erfahrungen heraus haben die Initianten quasi aus der Not eine Tugend gemacht und mit dem neuen Swiss Leaders Symposium eine neue Veranstaltungsplattform auf die Beine gestellt. Ziel ist in den Augen der Initianten\u00a0eine Fachveranstaltung, die bez\u00fcglich Referatsqualit\u00e4t und Praxisbezug neue Massst\u00e4be setzen und f\u00fcr Unternehmer und F\u00fchrungskr\u00e4fte im Schweizer KMU sowohl zeitlich wie auch finanziell eine lohnende Investition sein soll.<\/p>\n<h2>Hochkar\u00e4tige Experten liefern neue Denkweisen und innovative Ans\u00e4tze<\/h2>\n<p>Diesem Anspruch gerecht\u00a0werden will\u00a0das neue Symposium mit namhaften Experten und Vision\u00e4ren, die als Pers\u00f6nlichkeiten begeistern und deren Strategien, Methoden und Tools konkret zu einer erfolgreichen Unternehmensf\u00fchrung beitragen. Zu diesem Zweck hat das erste Swiss Leaders Symposium eine Reihe hochkar\u00e4tiger Experten eingeladen, die erstmals gemeinsam an einem Tag in der Schweiz zu sehen und zu h\u00f6ren sind. Dazu geh\u00f6rt der bekannte Neuromarketing-Spezialist Dr. H\u00e4usel, der in seinem Referat auf der Basis der von ihm entwickelten Limbic-Map\u00a0aufzeigt, wie das Unterbewusstsein des Kunden beim Kauf mitentscheidet.\u00a0Die Bestseller-Autorin Monika Matschnig beleuchtet in ihrem Referat die Wirkung guter Kommunikation sowohl in der F\u00fchrung der Mitarbeitenden als auch in der Kundenbetreuung. Der Vordenker mutiger Gesch\u00e4ftsstrategien, Edgar K. Geffroy, zeigt auf, wie Unternehmungsf\u00fchrung im digitalen Zeitalter funktioniert und der Motivationsexperte Dr. Stefan Fr\u00e4drich, bekannt auch aus dem Deutschen Fernsehen, gibt Tipps &amp; Tricks aus dem Bereich der Motivationslehre.<\/p>\n<p>\u00abMit dem Swiss Leaders Symposium wollen wir die Leidenschaft und den Mut der Unternehmer hoch halten, ihren Weg zu gehen und sich im Alltag den Vorsprung zu bewahren\u00bb, sagt Sandra Turcic. \u00abIn Zeiten knapper finanzieller und personeller Ressourcen aber auch grosser wirtschaftlicher Umw\u00e4lzungen bringen wir viel Know-How und Fachkompetenz an einem Tag zusammen.\u00bb<\/p>\n<p>Das erste Swiss Leaders Symposium findet am 2. Mai 2018 im Swiss\u00f4tel Z\u00fcrich statt. Anmeldung unter: <a href=\"http:\/\/www.sls.swiss\">www.sls.swiss.<\/a><\/p>\n<table dir=\"LTR\" border=\"1\" width=\"622\" cellspacing=\"0\" cellpadding=\"7\">\n<tbody>\n<tr>\n<td valign=\"TOP\" height=\"151\">\n<h2>Die Themen und Referenten<\/h2>\n<ul>\n<li><strong>Neuromarketing: Think Limbic! Die unbewussten Seiten des Unternehmenserfolgs <\/strong>Dr. Hans-Georg H\u00e4usel<\/li>\n<li><strong>Leadership: Unternehmensf\u00fchrung im digitalen Zeitalter <\/strong>Edgar K. Geffroy<\/li>\n<li><strong>Kommunikation: Macht der Wirkung <\/strong>Monika Matschnig<\/li>\n<li><strong>Motivation: So motivieren Sie Ihren inneren Schweinehund! <\/strong>Dr. Stefan Fr\u00e4drich<\/li>\n<li><strong>Quantenphysik: Quantenphysik wirtschaftlich nutzen, messbare Unternehmensentwicklung <\/strong>Bruno Fretz<\/li>\n<li><strong>Recruiting 4.0: Unternehmenserfolg durch digitales Personalmanagement <\/strong>Yves Schneuwly<\/li>\n<li><strong>Finanzen: 7 Strategien wie ein Unternehmer noch Erfolg-Reicher wird <\/strong>Stefan Gut<\/li>\n<\/ul>\n<\/td>\n<\/tr>\n<\/tbody>\n<\/table>\n<p>&nbsp;<\/p>\n","protected":false},"excerpt":{"rendered":"<p>Die fortschreitende Digitalisierung, ein ver\u00e4ndertes Kundenverhalten und neue Arbeitsmodelle &#8211; die Herausforderungen, die heute an Wirtschaftsf\u00fchrer gestellt werden, sind mannigfaltig und verlangen insbesondere von Schweizer KMU ein mutiges Vorangehen. F\u00fcr l\u00e4ngere Weiterbildung fehlt daf\u00fcr vielerorts die Zeit. Was es braucht sind Veranstaltungen, die in kurzer, knapper Form einen konkreten Nutzen erbringen. Hier setzt gem\u00e4ss eigener [&hellip;]<\/p>\n","protected":false},"author":4,"featured_media":3366,"comment_status":"open","ping_status":"open","sticky":false,"template":"","format":"standard","meta":{"_acf_changed":false,"_yoast_wpseo_focuskw":"Symposium","_yoast_wpseo_metadesc":"Mit dem Swiss Leaders Symposium geht eine neue Veranstaltung an den Start. Sie will den vielen Unternehmern und F\u00fchrungskr\u00e4ften im Schweizer KMU in einer Zeit grosser Umw\u00e4lzungen eine Plattform zu bieten, die neue Strategien und innovative Methoden f\u00fcr eine erfolgreiche Unternehmensf\u00fchrung liefert.","articlekey":"","footnotes":""},"categories":[28],"tags":[186,334,502,508],"class_list":["post-3364","post","type-post","status-publish","format-standard","has-post-thumbnail","hentry","category-management","tag-event","tag-management","tag-veranstaltungen","tag-vermischtes"],"acf":[],"yoast_head":"<!-- This site is optimized with the Yoast SEO plugin v27.4 - https:\/\/yoast.com\/product\/yoast-seo-wordpress\/ -->\n<title>Neues Symposium f\u00fcr Schweizer KMU mit hochkar\u00e4tigen Experten - Organisator<\/title>\n<meta name=\"description\" content=\"Mit dem Swiss Leaders Symposium geht eine neue Veranstaltung an den Start. Sie will den vielen Unternehmern und F\u00fchrungskr\u00e4ften im Schweizer KMU in einer Zeit grosser Umw\u00e4lzungen eine Plattform zu bieten, die neue Strategien und innovative Methoden f\u00fcr eine erfolgreiche Unternehmensf\u00fchrung liefert.\" \/>\n<meta name=\"robots\" content=\"index, follow, max-snippet:-1, max-image-preview:large, max-video-preview:-1\" \/>\n<link rel=\"canonical\" href=\"https:\/\/www.organisator.ch\/de\/management\/2018-03-27\/neues-symposium-fuer-schweizer-kmu-mit-hochkaraetigen-experten\/\" \/>\n<meta property=\"og:locale\" content=\"de_DE\" \/>\n<meta property=\"og:type\" content=\"article\" \/>\n<meta property=\"og:title\" content=\"Neues Symposium f\u00fcr Schweizer KMU mit hochkar\u00e4tigen Experten\" \/>\n<meta property=\"og:description\" content=\"Mit dem Swiss #Leaders #Symposium geht eine neue Veranstaltung an den Start. Sie will den vielen Unternehmern und F\u00fchrungskr\u00e4ften im Schweizer #KMU in einer Zeit grosser Umw\u00e4lzungen eine Plattform zu bieten, die neue Strategien und innovative Methoden f\u00fcr eine erfolgreiche Unternehmensf\u00fchrung liefert.\" \/>\n<meta property=\"og:url\" content=\"https:\/\/www.organisator.ch\/de\/management\/2018-03-27\/neues-symposium-fuer-schweizer-kmu-mit-hochkaraetigen-experten\/\" \/>\n<meta property=\"og:site_name\" content=\"Organisator\" \/>\n<meta property=\"article:publisher\" content=\"https:\/\/www.facebook.com\/OrganisatorFachmagazin\" \/>\n<meta property=\"article:published_time\" content=\"2018-03-27T13:37:58+00:00\" \/>\n<meta property=\"og:image\" content=\"https:\/\/www.organisator.ch\/wp-content\/uploads\/2018\/03\/Neues-Symposium-fuer-Schweizer-KMU-mit-hochkaraetigen-Experten_Organisator.jpg\" \/>\n\t<meta property=\"og:image:width\" content=\"640\" \/>\n\t<meta property=\"og:image:height\" content=\"402\" \/>\n\t<meta property=\"og:image:type\" content=\"image\/jpeg\" \/>\n<meta name=\"author\" content=\"thomas.berner\" \/>\n<meta name=\"twitter:card\" content=\"summary_large_image\" \/>\n<meta name=\"twitter:title\" content=\"Neues #Symposium f\u00fcr Schweizer KMU mit hochkar\u00e4tigen #Experten\" \/>\n<meta name=\"twitter:description\" content=\"Mit dem #SwissLeadersSymposium geht eine neue Veranstaltung an den Start. Sie will den vielen Unternehmern und F\u00fchrungskr\u00e4ften im Schweizer #KMU in einer Zeit grosser Umw\u00e4lzungen eine Plattform zu bieten, die neue Strategien und innovative Methoden f\u00fcr eine erfolgreiche Unternehmensf\u00fchrung liefert.\" \/>\n<meta name=\"twitter:image\" content=\"https:\/\/www.organisator.ch\/wp-content\/uploads\/2018\/03\/Neues-Symposium-f\u00fcr-Schweizer-KMU-mit-hochkar\u00e4tigen-Experten_Organisator.jpg\" \/>\n<script type=\"application\/ld+json\" class=\"yoast-schema-graph\">{\"@context\":\"https:\\\/\\\/schema.org\",\"@graph\":[{\"@type\":\"Article\",\"@id\":\"https:\\\/\\\/www.organisator.ch\\\/management\\\/2018-03-27\\\/neues-symposium-fuer-schweizer-kmu-mit-hochkaraetigen-experten\\\/#article\",\"isPartOf\":{\"@id\":\"https:\\\/\\\/www.organisator.ch\\\/management\\\/2018-03-27\\\/neues-symposium-fuer-schweizer-kmu-mit-hochkaraetigen-experten\\\/\"},\"author\":{\"name\":\"thomas.berner\",\"@id\":\"https:\\\/\\\/www.organisator.ch\\\/#\\\/schema\\\/person\\\/6f650f90b2842cd4c0cc334b4e36f67e\"},\"headline\":\"Neues Symposium f\u00fcr Schweizer KMU mit hochkar\u00e4tigen Experten\",\"datePublished\":\"2018-03-27T13:37:58+00:00\",\"mainEntityOfPage\":{\"@id\":\"https:\\\/\\\/www.organisator.ch\\\/management\\\/2018-03-27\\\/neues-symposium-fuer-schweizer-kmu-mit-hochkaraetigen-experten\\\/\"},\"wordCount\":607,\"commentCount\":0,\"publisher\":{\"@id\":\"https:\\\/\\\/www.organisator.ch\\\/#organization\"},\"image\":{\"@id\":\"https:\\\/\\\/www.organisator.ch\\\/management\\\/2018-03-27\\\/neues-symposium-fuer-schweizer-kmu-mit-hochkaraetigen-experten\\\/#primaryimage\"},\"thumbnailUrl\":\"https:\\\/\\\/www.organisator.ch\\\/wp-content\\\/uploads\\\/2018\\\/03\\\/Neues-Symposium-fuer-Schweizer-KMU-mit-hochkaraetigen-Experten_Organisator.jpg\",\"keywords\":[\"Event\",\"Management\",\"Veranstaltungen\",\"Vermischtes\"],\"articleSection\":[\"MANAGEMENT\"],\"inLanguage\":\"de\"},{\"@type\":\"WebPage\",\"@id\":\"https:\\\/\\\/www.organisator.ch\\\/management\\\/2018-03-27\\\/neues-symposium-fuer-schweizer-kmu-mit-hochkaraetigen-experten\\\/\",\"url\":\"https:\\\/\\\/www.organisator.ch\\\/management\\\/2018-03-27\\\/neues-symposium-fuer-schweizer-kmu-mit-hochkaraetigen-experten\\\/\",\"name\":\"Neues Symposium f\u00fcr Schweizer KMU mit hochkar\u00e4tigen Experten - Organisator\",\"isPartOf\":{\"@id\":\"https:\\\/\\\/www.organisator.ch\\\/#website\"},\"primaryImageOfPage\":{\"@id\":\"https:\\\/\\\/www.organisator.ch\\\/management\\\/2018-03-27\\\/neues-symposium-fuer-schweizer-kmu-mit-hochkaraetigen-experten\\\/#primaryimage\"},\"image\":{\"@id\":\"https:\\\/\\\/www.organisator.ch\\\/management\\\/2018-03-27\\\/neues-symposium-fuer-schweizer-kmu-mit-hochkaraetigen-experten\\\/#primaryimage\"},\"thumbnailUrl\":\"https:\\\/\\\/www.organisator.ch\\\/wp-content\\\/uploads\\\/2018\\\/03\\\/Neues-Symposium-fuer-Schweizer-KMU-mit-hochkaraetigen-Experten_Organisator.jpg\",\"datePublished\":\"2018-03-27T13:37:58+00:00\",\"description\":\"Mit dem Swiss Leaders Symposium geht eine neue Veranstaltung an den Start. Sie will den vielen Unternehmern und F\u00fchrungskr\u00e4ften im Schweizer KMU in einer Zeit grosser Umw\u00e4lzungen eine Plattform zu bieten, die neue Strategien und innovative Methoden f\u00fcr eine erfolgreiche Unternehmensf\u00fchrung liefert.\",\"breadcrumb\":{\"@id\":\"https:\\\/\\\/www.organisator.ch\\\/management\\\/2018-03-27\\\/neues-symposium-fuer-schweizer-kmu-mit-hochkaraetigen-experten\\\/#breadcrumb\"},\"inLanguage\":\"de\",\"potentialAction\":[{\"@type\":\"ReadAction\",\"target\":[\"https:\\\/\\\/www.organisator.ch\\\/management\\\/2018-03-27\\\/neues-symposium-fuer-schweizer-kmu-mit-hochkaraetigen-experten\\\/\"]}]},{\"@type\":\"ImageObject\",\"inLanguage\":\"de\",\"@id\":\"https:\\\/\\\/www.organisator.ch\\\/management\\\/2018-03-27\\\/neues-symposium-fuer-schweizer-kmu-mit-hochkaraetigen-experten\\\/#primaryimage\",\"url\":\"https:\\\/\\\/www.organisator.ch\\\/wp-content\\\/uploads\\\/2018\\\/03\\\/Neues-Symposium-fuer-Schweizer-KMU-mit-hochkaraetigen-Experten_Organisator.jpg\",\"contentUrl\":\"https:\\\/\\\/www.organisator.ch\\\/wp-content\\\/uploads\\\/2018\\\/03\\\/Neues-Symposium-fuer-Schweizer-KMU-mit-hochkaraetigen-Experten_Organisator.jpg\",\"width\":640,\"height\":402,\"caption\":\"Dr. Hans-Georg H\u00e4usel und Monika Matschnig treten als Referenten am ersten Swiss Leaders Symposium am 2. Mai 2018 auf. (Bild: zVg)\"},{\"@type\":\"BreadcrumbList\",\"@id\":\"https:\\\/\\\/www.organisator.ch\\\/management\\\/2018-03-27\\\/neues-symposium-fuer-schweizer-kmu-mit-hochkaraetigen-experten\\\/#breadcrumb\",\"itemListElement\":[{\"@type\":\"ListItem\",\"position\":1,\"name\":\"Home\",\"item\":\"https:\\\/\\\/www.organisator.ch\\\/\"},{\"@type\":\"ListItem\",\"position\":2,\"name\":\"Neues Symposium f\u00fcr Schweizer KMU mit hochkar\u00e4tigen Experten\"}]},{\"@type\":\"WebSite\",\"@id\":\"https:\\\/\\\/www.organisator.ch\\\/#website\",\"url\":\"https:\\\/\\\/www.organisator.ch\\\/\",\"name\":\"Organisator\",\"description\":\"Kompetent. Praxisnah. Der ORGANISATOR bereitet in 10 Ausgaben pro Jahr die wesentlichen Themen f\u00fcr F\u00fchrungskr\u00e4fte von KMU auf.\",\"publisher\":{\"@id\":\"https:\\\/\\\/www.organisator.ch\\\/#organization\"},\"potentialAction\":[{\"@type\":\"SearchAction\",\"target\":{\"@type\":\"EntryPoint\",\"urlTemplate\":\"https:\\\/\\\/www.organisator.ch\\\/?s={search_term_string}\"},\"query-input\":{\"@type\":\"PropertyValueSpecification\",\"valueRequired\":true,\"valueName\":\"search_term_string\"}}],\"inLanguage\":\"de\"},{\"@type\":\"Organization\",\"@id\":\"https:\\\/\\\/www.organisator.ch\\\/#organization\",\"name\":\"Organisator\",\"url\":\"https:\\\/\\\/www.organisator.ch\\\/\",\"logo\":{\"@type\":\"ImageObject\",\"inLanguage\":\"de\",\"@id\":\"https:\\\/\\\/www.organisator.ch\\\/#\\\/schema\\\/logo\\\/image\\\/\",\"url\":\"https:\\\/\\\/www.organisator.ch\\\/wp-content\\\/uploads\\\/2022\\\/01\\\/Logo_Organisator_Website.png\",\"contentUrl\":\"https:\\\/\\\/www.organisator.ch\\\/wp-content\\\/uploads\\\/2022\\\/01\\\/Logo_Organisator_Website.png\",\"width\":800,\"height\":77,\"caption\":\"Organisator\"},\"image\":{\"@id\":\"https:\\\/\\\/www.organisator.ch\\\/#\\\/schema\\\/logo\\\/image\\\/\"},\"sameAs\":[\"https:\\\/\\\/www.facebook.com\\\/OrganisatorFachmagazin\",\"https:\\\/\\\/www.linkedin.com\\\/showcase\\\/organisator-das-magazin-fr-kmu\",\"https:\\\/\\\/www.xing.com\\\/news\\\/pages\\\/organisator-ch-695\",\"https:\\\/\\\/www.youtube.com\\\/channel\\\/UCGP2Sq0iWaZwT3BdIAQFYpw\"]},{\"@type\":\"Person\",\"@id\":\"https:\\\/\\\/www.organisator.ch\\\/#\\\/schema\\\/person\\\/6f650f90b2842cd4c0cc334b4e36f67e\",\"name\":\"thomas.berner\",\"image\":{\"@type\":\"ImageObject\",\"inLanguage\":\"de\",\"@id\":\"https:\\\/\\\/secure.gravatar.com\\\/avatar\\\/ac5001d2a36cb6c6cd3e50789007ffca834b477b74a2144564522e944eabff61?s=96&d=mm&r=g\",\"url\":\"https:\\\/\\\/secure.gravatar.com\\\/avatar\\\/ac5001d2a36cb6c6cd3e50789007ffca834b477b74a2144564522e944eabff61?s=96&d=mm&r=g\",\"contentUrl\":\"https:\\\/\\\/secure.gravatar.com\\\/avatar\\\/ac5001d2a36cb6c6cd3e50789007ffca834b477b74a2144564522e944eabff61?s=96&d=mm&r=g\",\"caption\":\"thomas.berner\"},\"url\":\"https:\\\/\\\/www.organisator.ch\\\/de\\\/author\\\/thomas-berner\\\/\"}]}<\/script>\n<!-- \/ Yoast SEO plugin. -->","yoast_head_json":{"title":"Neues Symposium f\u00fcr Schweizer KMU mit hochkar\u00e4tigen Experten - Organisator","description":"Mit dem Swiss Leaders Symposium geht eine neue Veranstaltung an den Start. Sie will den vielen Unternehmern und F\u00fchrungskr\u00e4ften im Schweizer KMU in einer Zeit grosser Umw\u00e4lzungen eine Plattform zu bieten, die neue Strategien und innovative Methoden f\u00fcr eine erfolgreiche Unternehmensf\u00fchrung liefert.","robots":{"index":"index","follow":"follow","max-snippet":"max-snippet:-1","max-image-preview":"max-image-preview:large","max-video-preview":"max-video-preview:-1"},"canonical":"https:\/\/www.organisator.ch\/de\/management\/2018-03-27\/neues-symposium-fuer-schweizer-kmu-mit-hochkaraetigen-experten\/","og_locale":"de_DE","og_type":"article","og_title":"Neues Symposium f\u00fcr Schweizer KMU mit hochkar\u00e4tigen Experten","og_description":"Mit dem Swiss #Leaders #Symposium geht eine neue Veranstaltung an den Start. Sie will den vielen Unternehmern und F\u00fchrungskr\u00e4ften im Schweizer #KMU in einer Zeit grosser Umw\u00e4lzungen eine Plattform zu bieten, die neue Strategien und innovative Methoden f\u00fcr eine erfolgreiche Unternehmensf\u00fchrung liefert.","og_url":"https:\/\/www.organisator.ch\/de\/management\/2018-03-27\/neues-symposium-fuer-schweizer-kmu-mit-hochkaraetigen-experten\/","og_site_name":"Organisator","article_publisher":"https:\/\/www.facebook.com\/OrganisatorFachmagazin","article_published_time":"2018-03-27T13:37:58+00:00","og_image":[{"width":640,"height":402,"url":"https:\/\/www.organisator.ch\/wp-content\/uploads\/2018\/03\/Neues-Symposium-fuer-Schweizer-KMU-mit-hochkaraetigen-Experten_Organisator.jpg","type":"image\/jpeg"}],"author":"thomas.berner","twitter_card":"summary_large_image","twitter_title":"Neues #Symposium f\u00fcr Schweizer KMU mit hochkar\u00e4tigen #Experten","twitter_description":"Mit dem #SwissLeadersSymposium geht eine neue Veranstaltung an den Start. Sie will den vielen Unternehmern und F\u00fchrungskr\u00e4ften im Schweizer #KMU in einer Zeit grosser Umw\u00e4lzungen eine Plattform zu bieten, die neue Strategien und innovative Methoden f\u00fcr eine erfolgreiche Unternehmensf\u00fchrung liefert.","twitter_image":"https:\/\/www.organisator.ch\/wp-content\/uploads\/2018\/03\/Neues-Symposium-f\u00fcr-Schweizer-KMU-mit-hochkar\u00e4tigen-Experten_Organisator.jpg","schema":{"@context":"https:\/\/schema.org","@graph":[{"@type":"Article","@id":"https:\/\/www.organisator.ch\/management\/2018-03-27\/neues-symposium-fuer-schweizer-kmu-mit-hochkaraetigen-experten\/#article","isPartOf":{"@id":"https:\/\/www.organisator.ch\/management\/2018-03-27\/neues-symposium-fuer-schweizer-kmu-mit-hochkaraetigen-experten\/"},"author":{"name":"thomas.berner","@id":"https:\/\/www.organisator.ch\/#\/schema\/person\/6f650f90b2842cd4c0cc334b4e36f67e"},"headline":"Neues Symposium f\u00fcr Schweizer KMU mit hochkar\u00e4tigen Experten","datePublished":"2018-03-27T13:37:58+00:00","mainEntityOfPage":{"@id":"https:\/\/www.organisator.ch\/management\/2018-03-27\/neues-symposium-fuer-schweizer-kmu-mit-hochkaraetigen-experten\/"},"wordCount":607,"commentCount":0,"publisher":{"@id":"https:\/\/www.organisator.ch\/#organization"},"image":{"@id":"https:\/\/www.organisator.ch\/management\/2018-03-27\/neues-symposium-fuer-schweizer-kmu-mit-hochkaraetigen-experten\/#primaryimage"},"thumbnailUrl":"https:\/\/www.organisator.ch\/wp-content\/uploads\/2018\/03\/Neues-Symposium-fuer-Schweizer-KMU-mit-hochkaraetigen-Experten_Organisator.jpg","keywords":["Event","Management","Veranstaltungen","Vermischtes"],"articleSection":["MANAGEMENT"],"inLanguage":"de"},{"@type":"WebPage","@id":"https:\/\/www.organisator.ch\/management\/2018-03-27\/neues-symposium-fuer-schweizer-kmu-mit-hochkaraetigen-experten\/","url":"https:\/\/www.organisator.ch\/management\/2018-03-27\/neues-symposium-fuer-schweizer-kmu-mit-hochkaraetigen-experten\/","name":"Neues Symposium f\u00fcr Schweizer KMU mit hochkar\u00e4tigen Experten - Organisator","isPartOf":{"@id":"https:\/\/www.organisator.ch\/#website"},"primaryImageOfPage":{"@id":"https:\/\/www.organisator.ch\/management\/2018-03-27\/neues-symposium-fuer-schweizer-kmu-mit-hochkaraetigen-experten\/#primaryimage"},"image":{"@id":"https:\/\/www.organisator.ch\/management\/2018-03-27\/neues-symposium-fuer-schweizer-kmu-mit-hochkaraetigen-experten\/#primaryimage"},"thumbnailUrl":"https:\/\/www.organisator.ch\/wp-content\/uploads\/2018\/03\/Neues-Symposium-fuer-Schweizer-KMU-mit-hochkaraetigen-Experten_Organisator.jpg","datePublished":"2018-03-27T13:37:58+00:00","description":"Mit dem Swiss Leaders Symposium geht eine neue Veranstaltung an den Start. Sie will den vielen Unternehmern und F\u00fchrungskr\u00e4ften im Schweizer KMU in einer Zeit grosser Umw\u00e4lzungen eine Plattform zu bieten, die neue Strategien und innovative Methoden f\u00fcr eine erfolgreiche Unternehmensf\u00fchrung liefert.","breadcrumb":{"@id":"https:\/\/www.organisator.ch\/management\/2018-03-27\/neues-symposium-fuer-schweizer-kmu-mit-hochkaraetigen-experten\/#breadcrumb"},"inLanguage":"de","potentialAction":[{"@type":"ReadAction","target":["https:\/\/www.organisator.ch\/management\/2018-03-27\/neues-symposium-fuer-schweizer-kmu-mit-hochkaraetigen-experten\/"]}]},{"@type":"ImageObject","inLanguage":"de","@id":"https:\/\/www.organisator.ch\/management\/2018-03-27\/neues-symposium-fuer-schweizer-kmu-mit-hochkaraetigen-experten\/#primaryimage","url":"https:\/\/www.organisator.ch\/wp-content\/uploads\/2018\/03\/Neues-Symposium-fuer-Schweizer-KMU-mit-hochkaraetigen-Experten_Organisator.jpg","contentUrl":"https:\/\/www.organisator.ch\/wp-content\/uploads\/2018\/03\/Neues-Symposium-fuer-Schweizer-KMU-mit-hochkaraetigen-Experten_Organisator.jpg","width":640,"height":402,"caption":"Dr. Hans-Georg H\u00e4usel und Monika Matschnig treten als Referenten am ersten Swiss Leaders Symposium am 2. Mai 2018 auf. (Bild: zVg)"},{"@type":"BreadcrumbList","@id":"https:\/\/www.organisator.ch\/management\/2018-03-27\/neues-symposium-fuer-schweizer-kmu-mit-hochkaraetigen-experten\/#breadcrumb","itemListElement":[{"@type":"ListItem","position":1,"name":"Home","item":"https:\/\/www.organisator.ch\/"},{"@type":"ListItem","position":2,"name":"Neues Symposium f\u00fcr Schweizer KMU mit hochkar\u00e4tigen Experten"}]},{"@type":"WebSite","@id":"https:\/\/www.organisator.ch\/#website","url":"https:\/\/www.organisator.ch\/","name":"Organisator","description":"Kompetent. Praxisnah. Der ORGANISATOR bereitet in 10 Ausgaben pro Jahr die wesentlichen Themen f\u00fcr F\u00fchrungskr\u00e4fte von KMU auf.","publisher":{"@id":"https:\/\/www.organisator.ch\/#organization"},"potentialAction":[{"@type":"SearchAction","target":{"@type":"EntryPoint","urlTemplate":"https:\/\/www.organisator.ch\/?s={search_term_string}"},"query-input":{"@type":"PropertyValueSpecification","valueRequired":true,"valueName":"search_term_string"}}],"inLanguage":"de"},{"@type":"Organization","@id":"https:\/\/www.organisator.ch\/#organization","name":"Organisator","url":"https:\/\/www.organisator.ch\/","logo":{"@type":"ImageObject","inLanguage":"de","@id":"https:\/\/www.organisator.ch\/#\/schema\/logo\/image\/","url":"https:\/\/www.organisator.ch\/wp-content\/uploads\/2022\/01\/Logo_Organisator_Website.png","contentUrl":"https:\/\/www.organisator.ch\/wp-content\/uploads\/2022\/01\/Logo_Organisator_Website.png","width":800,"height":77,"caption":"Organisator"},"image":{"@id":"https:\/\/www.organisator.ch\/#\/schema\/logo\/image\/"},"sameAs":["https:\/\/www.facebook.com\/OrganisatorFachmagazin","https:\/\/www.linkedin.com\/showcase\/organisator-das-magazin-fr-kmu","https:\/\/www.xing.com\/news\/pages\/organisator-ch-695","https:\/\/www.youtube.com\/channel\/UCGP2Sq0iWaZwT3BdIAQFYpw"]},{"@type":"Person","@id":"https:\/\/www.organisator.ch\/#\/schema\/person\/6f650f90b2842cd4c0cc334b4e36f67e","name":"thomas.berner","image":{"@type":"ImageObject","inLanguage":"de","@id":"https:\/\/secure.gravatar.com\/avatar\/ac5001d2a36cb6c6cd3e50789007ffca834b477b74a2144564522e944eabff61?s=96&d=mm&r=g","url":"https:\/\/secure.gravatar.com\/avatar\/ac5001d2a36cb6c6cd3e50789007ffca834b477b74a2144564522e944eabff61?s=96&d=mm&r=g","contentUrl":"https:\/\/secure.gravatar.com\/avatar\/ac5001d2a36cb6c6cd3e50789007ffca834b477b74a2144564522e944eabff61?s=96&d=mm&r=g","caption":"thomas.berner"},"url":"https:\/\/www.organisator.ch\/de\/author\/thomas-berner\/"}]}},"_links":{"self":[{"href":"https:\/\/www.organisator.ch\/de\/wp-json\/wp\/v2\/posts\/3364","targetHints":{"allow":["GET"]}}],"collection":[{"href":"https:\/\/www.organisator.ch\/de\/wp-json\/wp\/v2\/posts"}],"about":[{"href":"https:\/\/www.organisator.ch\/de\/wp-json\/wp\/v2\/types\/post"}],"author":[{"embeddable":true,"href":"https:\/\/www.organisator.ch\/de\/wp-json\/wp\/v2\/users\/4"}],"replies":[{"embeddable":true,"href":"https:\/\/www.organisator.ch\/de\/wp-json\/wp\/v2\/comments?post=3364"}],"version-history":[{"count":0,"href":"https:\/\/www.organisator.ch\/de\/wp-json\/wp\/v2\/posts\/3364\/revisions"}],"wp:featuredmedia":[{"embeddable":true,"href":"https:\/\/www.organisator.ch\/de\/wp-json\/wp\/v2\/media\/3366"}],"wp:attachment":[{"href":"https:\/\/www.organisator.ch\/de\/wp-json\/wp\/v2\/media?parent=3364"}],"wp:term":[{"taxonomy":"category","embeddable":true,"href":"https:\/\/www.organisator.ch\/de\/wp-json\/wp\/v2\/categories?post=3364"},{"taxonomy":"post_tag","embeddable":true,"href":"https:\/\/www.organisator.ch\/de\/wp-json\/wp\/v2\/tags?post=3364"}],"curies":[{"name":"wp","href":"https:\/\/api.w.org\/{rel}","templated":true}]}}