{"id":3369,"date":"2018-03-28T17:28:19","date_gmt":"2018-03-28T15:28:19","guid":{"rendered":"https:\/\/www.organisator.ch\/?p=3369"},"modified":"2018-03-28T17:28:19","modified_gmt":"2018-03-28T15:28:19","slug":"wechsel-im-verwaltungsrat-von-switzerland-global-enterprise","status":"publish","type":"post","link":"https:\/\/www.organisator.ch\/de\/allgemein\/2018-03-28\/wechsel-im-verwaltungsrat-von-switzerland-global-enterprise\/","title":{"rendered":"Wechsel im Verwaltungsrat von Switzerland Global Enterprise"},"content":{"rendered":"<p>\u00abKarin Taheny und Fran\u00e7ois A. Gabella kennen das internationale Gesch\u00e4ftsumfeld bestens\u00bb, erkl\u00e4rt Ruth Metzler-Arnold, Pr\u00e4sidentin von S-GE. \u00abMit ihrer Erfahrung und ihrem spezifischen Hintergrund k\u00f6nnen sie den Verwaltungsrat optimal erg\u00e4nzen und die exportierenden Schweizer KMU sowie die Promotion des Unternehmensstandortes Schweiz gezielt voranbringen.\u00bb<\/p>\n<p><strong>Karin Taheny <\/strong>ist Head of Consulting bei der Yourposition AG in Z\u00fcrich. Nach ihrem Masterstudium Business Administration an der Universit\u00e4t Z\u00fcrich und Limerick (Irland) arbeitete Karin Taheny in verschiedenen Unternehmen weltweit, um Kunden in der Umsetzung von digitalen Strategien zu unterst\u00fctzen. Unter anderem war sie f\u00fcr Google in San Francisco t\u00e4tig. Seit 2015 f\u00fchrt die begeisterte L\u00e4uferin bei der Yourposition AG in Z\u00fcrich die strategische und operative Kundenberatung und ist Mitglied der erweiterten Gesch\u00e4ftsleitung. Durch ihr Know-how im digitalen internationalen Gesch\u00e4ft und ihrer weltweiten Berufserfahrung\u00a0sei Karin Taheny f\u00fcr den Verwaltungsrat von S-GE bestens geeignet, schreibt die Exportf\u00f6rderungs-Organisation.<\/p>\n<p><strong>Fran\u00e7ois A. Gabella <\/strong>f\u00fchrt seit 2010 als CEO die Geschicke der LEM Holding in Freiburg. Das Unternehmen produziert Komponenten f\u00fcr die Messung von Strom und Spannung und hat weltweit 1&#8217;400 Angestellte. Fran\u00e7ois A. Gabella verf\u00fcgt \u00fcber langj\u00e4hrige Erfahrungen in grossen und mittelst\u00e4ndischen Unternehmen, kennt die internationale MEM-Branche und hat einen Masterabschluss in Maschineningenieurwesen der ETH Lausanne. Ein ausgepr\u00e4gtes analytisches Denken und die F\u00e4higkeit, l\u00f6sungsorientiert zu handeln, runden sein Profil ab. Damit\u00a0sei Fran\u00e7ois A. Gabella\u00a0ebenfalls eine\u00a0ideale Besetzung f\u00fcr den Verwaltungsrat von S-GE, heisst es weiter.<\/p>\n<p>Sofern von der Generalversammlung von S-GE best\u00e4tigt, ersetzen Karin Taheny und Fran\u00e7ois A. Gabella zwei bisherige Mitglieder des Verwaltungsrates. Doris Albisser tritt nach 12 Jahren im Verwaltungsrat zur\u00fcck. Pierre-Olivier Chave m\u00f6chte sich aus Altersgr\u00fcnden zur\u00fcckziehen.<\/p>\n<p><em><a href=\"http:\/\/www.s-ge.com\/\">www.s-ge.com<\/a><\/em><\/p>\n","protected":false},"excerpt":{"rendered":"<p>\u00abKarin Taheny und Fran\u00e7ois A. Gabella kennen das internationale Gesch\u00e4ftsumfeld bestens\u00bb, erkl\u00e4rt Ruth Metzler-Arnold, Pr\u00e4sidentin von S-GE. \u00abMit ihrer Erfahrung und ihrem spezifischen Hintergrund k\u00f6nnen sie den Verwaltungsrat optimal erg\u00e4nzen und die exportierenden Schweizer KMU sowie die Promotion des Unternehmensstandortes Schweiz gezielt voranbringen.\u00bb Karin Taheny ist Head of Consulting bei der Yourposition AG in Z\u00fcrich. [&hellip;]<\/p>\n","protected":false},"author":4,"featured_media":3371,"comment_status":"open","ping_status":"open","sticky":false,"template":"","format":"standard","meta":{"_acf_changed":false,"_yoast_wpseo_focuskw":"Verwaltungsrat","_yoast_wpseo_metadesc":"Der Verwaltungsrat von Switzerland Global Enterprise (S-GE) wird der Generalversammlung des Vereins am 26. April zwei neue Kandidaten f\u00fcr den Verwaltungsrat vorschlagen: Karin Taheny, Head of Consulting bei der Yourposition AG in Z\u00fcrich, und Fran\u00e7ois A. Gabella, CEO LEM Holding.","articlekey":"","footnotes":""},"categories":[1],"tags":[381,503,508],"class_list":["post-3369","post","type-post","status-publish","format-standard","has-post-thumbnail","hentry","category-allgemein","tag-personalia","tag-verbaende","tag-vermischtes"],"acf":[],"yoast_head":"<!-- This site is optimized with the Yoast SEO plugin v27.4 - https:\/\/yoast.com\/product\/yoast-seo-wordpress\/ -->\n<title>Wechsel im Verwaltungsrat von Switzerland Global Enterprise - Organisator<\/title>\n<meta name=\"description\" content=\"Der Verwaltungsrat von Switzerland Global Enterprise (S-GE) wird der Generalversammlung des Vereins am 26. April zwei neue Kandidaten f\u00fcr den Verwaltungsrat vorschlagen: Karin Taheny, Head of Consulting bei der Yourposition AG in Z\u00fcrich, und Fran\u00e7ois A. Gabella, CEO LEM Holding.\" \/>\n<meta name=\"robots\" content=\"index, follow, max-snippet:-1, max-image-preview:large, max-video-preview:-1\" \/>\n<link rel=\"canonical\" href=\"https:\/\/www.organisator.ch\/de\/allgemein\/2018-03-28\/wechsel-im-verwaltungsrat-von-switzerland-global-enterprise\/\" \/>\n<meta property=\"og:locale\" content=\"de_DE\" \/>\n<meta property=\"og:type\" content=\"article\" \/>\n<meta property=\"og:title\" content=\"Wechsel im Verwaltungsrat von Switzerland Global Enterprise\" \/>\n<meta property=\"og:description\" content=\"Der Verwaltungsrat von Switzerland Global Enterprise (#S-GE) wird der Generalversammlung des Vereins am 26. April zwei neue Kandidaten f\u00fcr den Verwaltungsrat vorschlagen: Karin #Taheny, Head of Consulting bei der Yourposition AG in Z\u00fcrich, und Fran\u00e7ois A. #Gabella, CEO LEM Holding.\" \/>\n<meta property=\"og:url\" content=\"https:\/\/www.organisator.ch\/de\/allgemein\/2018-03-28\/wechsel-im-verwaltungsrat-von-switzerland-global-enterprise\/\" \/>\n<meta property=\"og:site_name\" content=\"Organisator\" \/>\n<meta property=\"article:publisher\" content=\"https:\/\/www.facebook.com\/OrganisatorFachmagazin\" \/>\n<meta property=\"article:published_time\" content=\"2018-03-28T15:28:19+00:00\" \/>\n<meta property=\"og:image\" content=\"https:\/\/www.organisator.ch\/wp-content\/uploads\/2018\/03\/Wechsel-im-Verwaltungsrat-von-S-GE_Organisator.jpg\" \/>\n\t<meta property=\"og:image:width\" content=\"448\" \/>\n\t<meta property=\"og:image:height\" content=\"179\" \/>\n\t<meta property=\"og:image:type\" content=\"image\/jpeg\" \/>\n<meta name=\"author\" content=\"thomas.berner\" \/>\n<meta name=\"twitter:card\" content=\"summary_large_image\" \/>\n<meta name=\"twitter:title\" content=\"Wechsel im #Verwaltungsrat von Switzerland Global Enterprise\" \/>\n<meta name=\"twitter:description\" content=\"Der Verwaltungsrat von Switzerland Global Enterprise (#S-GE) wird der Generalversammlung des Vereins am 26. April zwei neue Kandidaten f\u00fcr den Verwaltungsrat vorschlagen: Karin #Taheny, Head of Consulting bei der Yourposition AG in Z\u00fcrich, und Fran\u00e7ois A. #Gabella, CEO LEM Holding.\" \/>\n<meta name=\"twitter:image\" content=\"https:\/\/www.organisator.ch\/wp-content\/uploads\/2018\/03\/Wechsel-im-Verwaltungsrat-von-S-GE_Organisator.jpg\" \/>\n<script type=\"application\/ld+json\" class=\"yoast-schema-graph\">{\"@context\":\"https:\\\/\\\/schema.org\",\"@graph\":[{\"@type\":\"Article\",\"@id\":\"https:\\\/\\\/www.organisator.ch\\\/de\\\/allgemein\\\/2018-03-28\\\/wechsel-im-verwaltungsrat-von-switzerland-global-enterprise\\\/#article\",\"isPartOf\":{\"@id\":\"https:\\\/\\\/www.organisator.ch\\\/de\\\/allgemein\\\/2018-03-28\\\/wechsel-im-verwaltungsrat-von-switzerland-global-enterprise\\\/\"},\"author\":{\"name\":\"thomas.berner\",\"@id\":\"https:\\\/\\\/www.organisator.ch\\\/#\\\/schema\\\/person\\\/6f650f90b2842cd4c0cc334b4e36f67e\"},\"headline\":\"Wechsel im Verwaltungsrat von Switzerland Global Enterprise\",\"datePublished\":\"2018-03-28T15:28:19+00:00\",\"mainEntityOfPage\":{\"@id\":\"https:\\\/\\\/www.organisator.ch\\\/de\\\/allgemein\\\/2018-03-28\\\/wechsel-im-verwaltungsrat-von-switzerland-global-enterprise\\\/\"},\"wordCount\":306,\"commentCount\":0,\"publisher\":{\"@id\":\"https:\\\/\\\/www.organisator.ch\\\/#organization\"},\"image\":{\"@id\":\"https:\\\/\\\/www.organisator.ch\\\/de\\\/allgemein\\\/2018-03-28\\\/wechsel-im-verwaltungsrat-von-switzerland-global-enterprise\\\/#primaryimage\"},\"thumbnailUrl\":\"https:\\\/\\\/www.organisator.ch\\\/wp-content\\\/uploads\\\/2018\\\/03\\\/Wechsel-im-Verwaltungsrat-von-S-GE_Organisator.jpg\",\"keywords\":[\"Personalia\",\"Verb\u00e4nde\",\"Vermischtes\"],\"inLanguage\":\"de\"},{\"@type\":\"WebPage\",\"@id\":\"https:\\\/\\\/www.organisator.ch\\\/de\\\/allgemein\\\/2018-03-28\\\/wechsel-im-verwaltungsrat-von-switzerland-global-enterprise\\\/\",\"url\":\"https:\\\/\\\/www.organisator.ch\\\/de\\\/allgemein\\\/2018-03-28\\\/wechsel-im-verwaltungsrat-von-switzerland-global-enterprise\\\/\",\"name\":\"Wechsel im Verwaltungsrat von Switzerland Global Enterprise - Organisator\",\"isPartOf\":{\"@id\":\"https:\\\/\\\/www.organisator.ch\\\/#website\"},\"primaryImageOfPage\":{\"@id\":\"https:\\\/\\\/www.organisator.ch\\\/de\\\/allgemein\\\/2018-03-28\\\/wechsel-im-verwaltungsrat-von-switzerland-global-enterprise\\\/#primaryimage\"},\"image\":{\"@id\":\"https:\\\/\\\/www.organisator.ch\\\/de\\\/allgemein\\\/2018-03-28\\\/wechsel-im-verwaltungsrat-von-switzerland-global-enterprise\\\/#primaryimage\"},\"thumbnailUrl\":\"https:\\\/\\\/www.organisator.ch\\\/wp-content\\\/uploads\\\/2018\\\/03\\\/Wechsel-im-Verwaltungsrat-von-S-GE_Organisator.jpg\",\"datePublished\":\"2018-03-28T15:28:19+00:00\",\"description\":\"Der Verwaltungsrat von Switzerland Global Enterprise (S-GE) wird der Generalversammlung des Vereins am 26. April zwei neue Kandidaten f\u00fcr den Verwaltungsrat vorschlagen: Karin Taheny, Head of Consulting bei der Yourposition AG in Z\u00fcrich, und Fran\u00e7ois A. Gabella, CEO LEM Holding.\",\"breadcrumb\":{\"@id\":\"https:\\\/\\\/www.organisator.ch\\\/de\\\/allgemein\\\/2018-03-28\\\/wechsel-im-verwaltungsrat-von-switzerland-global-enterprise\\\/#breadcrumb\"},\"inLanguage\":\"de\",\"potentialAction\":[{\"@type\":\"ReadAction\",\"target\":[\"https:\\\/\\\/www.organisator.ch\\\/de\\\/allgemein\\\/2018-03-28\\\/wechsel-im-verwaltungsrat-von-switzerland-global-enterprise\\\/\"]}]},{\"@type\":\"ImageObject\",\"inLanguage\":\"de\",\"@id\":\"https:\\\/\\\/www.organisator.ch\\\/de\\\/allgemein\\\/2018-03-28\\\/wechsel-im-verwaltungsrat-von-switzerland-global-enterprise\\\/#primaryimage\",\"url\":\"https:\\\/\\\/www.organisator.ch\\\/wp-content\\\/uploads\\\/2018\\\/03\\\/Wechsel-im-Verwaltungsrat-von-S-GE_Organisator.jpg\",\"contentUrl\":\"https:\\\/\\\/www.organisator.ch\\\/wp-content\\\/uploads\\\/2018\\\/03\\\/Wechsel-im-Verwaltungsrat-von-S-GE_Organisator.jpg\",\"width\":448,\"height\":179},{\"@type\":\"BreadcrumbList\",\"@id\":\"https:\\\/\\\/www.organisator.ch\\\/de\\\/allgemein\\\/2018-03-28\\\/wechsel-im-verwaltungsrat-von-switzerland-global-enterprise\\\/#breadcrumb\",\"itemListElement\":[{\"@type\":\"ListItem\",\"position\":1,\"name\":\"Home\",\"item\":\"https:\\\/\\\/www.organisator.ch\\\/\"},{\"@type\":\"ListItem\",\"position\":2,\"name\":\"Wechsel im Verwaltungsrat von Switzerland Global Enterprise\"}]},{\"@type\":\"WebSite\",\"@id\":\"https:\\\/\\\/www.organisator.ch\\\/#website\",\"url\":\"https:\\\/\\\/www.organisator.ch\\\/\",\"name\":\"Organisator\",\"description\":\"Kompetent. Praxisnah. Der ORGANISATOR bereitet in 10 Ausgaben pro Jahr die wesentlichen Themen f\u00fcr F\u00fchrungskr\u00e4fte von KMU auf.\",\"publisher\":{\"@id\":\"https:\\\/\\\/www.organisator.ch\\\/#organization\"},\"potentialAction\":[{\"@type\":\"SearchAction\",\"target\":{\"@type\":\"EntryPoint\",\"urlTemplate\":\"https:\\\/\\\/www.organisator.ch\\\/?s={search_term_string}\"},\"query-input\":{\"@type\":\"PropertyValueSpecification\",\"valueRequired\":true,\"valueName\":\"search_term_string\"}}],\"inLanguage\":\"de\"},{\"@type\":\"Organization\",\"@id\":\"https:\\\/\\\/www.organisator.ch\\\/#organization\",\"name\":\"Organisator\",\"url\":\"https:\\\/\\\/www.organisator.ch\\\/\",\"logo\":{\"@type\":\"ImageObject\",\"inLanguage\":\"de\",\"@id\":\"https:\\\/\\\/www.organisator.ch\\\/#\\\/schema\\\/logo\\\/image\\\/\",\"url\":\"https:\\\/\\\/www.organisator.ch\\\/wp-content\\\/uploads\\\/2022\\\/01\\\/Logo_Organisator_Website.png\",\"contentUrl\":\"https:\\\/\\\/www.organisator.ch\\\/wp-content\\\/uploads\\\/2022\\\/01\\\/Logo_Organisator_Website.png\",\"width\":800,\"height\":77,\"caption\":\"Organisator\"},\"image\":{\"@id\":\"https:\\\/\\\/www.organisator.ch\\\/#\\\/schema\\\/logo\\\/image\\\/\"},\"sameAs\":[\"https:\\\/\\\/www.facebook.com\\\/OrganisatorFachmagazin\",\"https:\\\/\\\/www.linkedin.com\\\/showcase\\\/organisator-das-magazin-fr-kmu\",\"https:\\\/\\\/www.xing.com\\\/news\\\/pages\\\/organisator-ch-695\",\"https:\\\/\\\/www.youtube.com\\\/channel\\\/UCGP2Sq0iWaZwT3BdIAQFYpw\"]},{\"@type\":\"Person\",\"@id\":\"https:\\\/\\\/www.organisator.ch\\\/#\\\/schema\\\/person\\\/6f650f90b2842cd4c0cc334b4e36f67e\",\"name\":\"thomas.berner\",\"image\":{\"@type\":\"ImageObject\",\"inLanguage\":\"de\",\"@id\":\"https:\\\/\\\/secure.gravatar.com\\\/avatar\\\/ac5001d2a36cb6c6cd3e50789007ffca834b477b74a2144564522e944eabff61?s=96&d=mm&r=g\",\"url\":\"https:\\\/\\\/secure.gravatar.com\\\/avatar\\\/ac5001d2a36cb6c6cd3e50789007ffca834b477b74a2144564522e944eabff61?s=96&d=mm&r=g\",\"contentUrl\":\"https:\\\/\\\/secure.gravatar.com\\\/avatar\\\/ac5001d2a36cb6c6cd3e50789007ffca834b477b74a2144564522e944eabff61?s=96&d=mm&r=g\",\"caption\":\"thomas.berner\"},\"url\":\"https:\\\/\\\/www.organisator.ch\\\/de\\\/author\\\/thomas-berner\\\/\"}]}<\/script>\n<!-- \/ Yoast SEO plugin. -->","yoast_head_json":{"title":"Wechsel im Verwaltungsrat von Switzerland Global Enterprise - Organisator","description":"Der Verwaltungsrat von Switzerland Global Enterprise (S-GE) wird der Generalversammlung des Vereins am 26. April zwei neue Kandidaten f\u00fcr den Verwaltungsrat vorschlagen: Karin Taheny, Head of Consulting bei der Yourposition AG in Z\u00fcrich, und Fran\u00e7ois A. Gabella, CEO LEM Holding.","robots":{"index":"index","follow":"follow","max-snippet":"max-snippet:-1","max-image-preview":"max-image-preview:large","max-video-preview":"max-video-preview:-1"},"canonical":"https:\/\/www.organisator.ch\/de\/allgemein\/2018-03-28\/wechsel-im-verwaltungsrat-von-switzerland-global-enterprise\/","og_locale":"de_DE","og_type":"article","og_title":"Wechsel im Verwaltungsrat von Switzerland Global Enterprise","og_description":"Der Verwaltungsrat von Switzerland Global Enterprise (#S-GE) wird der Generalversammlung des Vereins am 26. April zwei neue Kandidaten f\u00fcr den Verwaltungsrat vorschlagen: Karin #Taheny, Head of Consulting bei der Yourposition AG in Z\u00fcrich, und Fran\u00e7ois A. #Gabella, CEO LEM Holding.","og_url":"https:\/\/www.organisator.ch\/de\/allgemein\/2018-03-28\/wechsel-im-verwaltungsrat-von-switzerland-global-enterprise\/","og_site_name":"Organisator","article_publisher":"https:\/\/www.facebook.com\/OrganisatorFachmagazin","article_published_time":"2018-03-28T15:28:19+00:00","og_image":[{"width":448,"height":179,"url":"https:\/\/www.organisator.ch\/wp-content\/uploads\/2018\/03\/Wechsel-im-Verwaltungsrat-von-S-GE_Organisator.jpg","type":"image\/jpeg"}],"author":"thomas.berner","twitter_card":"summary_large_image","twitter_title":"Wechsel im #Verwaltungsrat von Switzerland Global Enterprise","twitter_description":"Der Verwaltungsrat von Switzerland Global Enterprise (#S-GE) wird der Generalversammlung des Vereins am 26. April zwei neue Kandidaten f\u00fcr den Verwaltungsrat vorschlagen: Karin #Taheny, Head of Consulting bei der Yourposition AG in Z\u00fcrich, und Fran\u00e7ois A. #Gabella, CEO LEM Holding.","twitter_image":"https:\/\/www.organisator.ch\/wp-content\/uploads\/2018\/03\/Wechsel-im-Verwaltungsrat-von-S-GE_Organisator.jpg","schema":{"@context":"https:\/\/schema.org","@graph":[{"@type":"Article","@id":"https:\/\/www.organisator.ch\/de\/allgemein\/2018-03-28\/wechsel-im-verwaltungsrat-von-switzerland-global-enterprise\/#article","isPartOf":{"@id":"https:\/\/www.organisator.ch\/de\/allgemein\/2018-03-28\/wechsel-im-verwaltungsrat-von-switzerland-global-enterprise\/"},"author":{"name":"thomas.berner","@id":"https:\/\/www.organisator.ch\/#\/schema\/person\/6f650f90b2842cd4c0cc334b4e36f67e"},"headline":"Wechsel im Verwaltungsrat von Switzerland Global Enterprise","datePublished":"2018-03-28T15:28:19+00:00","mainEntityOfPage":{"@id":"https:\/\/www.organisator.ch\/de\/allgemein\/2018-03-28\/wechsel-im-verwaltungsrat-von-switzerland-global-enterprise\/"},"wordCount":306,"commentCount":0,"publisher":{"@id":"https:\/\/www.organisator.ch\/#organization"},"image":{"@id":"https:\/\/www.organisator.ch\/de\/allgemein\/2018-03-28\/wechsel-im-verwaltungsrat-von-switzerland-global-enterprise\/#primaryimage"},"thumbnailUrl":"https:\/\/www.organisator.ch\/wp-content\/uploads\/2018\/03\/Wechsel-im-Verwaltungsrat-von-S-GE_Organisator.jpg","keywords":["Personalia","Verb\u00e4nde","Vermischtes"],"inLanguage":"de"},{"@type":"WebPage","@id":"https:\/\/www.organisator.ch\/de\/allgemein\/2018-03-28\/wechsel-im-verwaltungsrat-von-switzerland-global-enterprise\/","url":"https:\/\/www.organisator.ch\/de\/allgemein\/2018-03-28\/wechsel-im-verwaltungsrat-von-switzerland-global-enterprise\/","name":"Wechsel im Verwaltungsrat von Switzerland Global Enterprise - Organisator","isPartOf":{"@id":"https:\/\/www.organisator.ch\/#website"},"primaryImageOfPage":{"@id":"https:\/\/www.organisator.ch\/de\/allgemein\/2018-03-28\/wechsel-im-verwaltungsrat-von-switzerland-global-enterprise\/#primaryimage"},"image":{"@id":"https:\/\/www.organisator.ch\/de\/allgemein\/2018-03-28\/wechsel-im-verwaltungsrat-von-switzerland-global-enterprise\/#primaryimage"},"thumbnailUrl":"https:\/\/www.organisator.ch\/wp-content\/uploads\/2018\/03\/Wechsel-im-Verwaltungsrat-von-S-GE_Organisator.jpg","datePublished":"2018-03-28T15:28:19+00:00","description":"Der Verwaltungsrat von Switzerland Global Enterprise (S-GE) wird der Generalversammlung des Vereins am 26. April zwei neue Kandidaten f\u00fcr den Verwaltungsrat vorschlagen: Karin Taheny, Head of Consulting bei der Yourposition AG in Z\u00fcrich, und Fran\u00e7ois A. Gabella, CEO LEM Holding.","breadcrumb":{"@id":"https:\/\/www.organisator.ch\/de\/allgemein\/2018-03-28\/wechsel-im-verwaltungsrat-von-switzerland-global-enterprise\/#breadcrumb"},"inLanguage":"de","potentialAction":[{"@type":"ReadAction","target":["https:\/\/www.organisator.ch\/de\/allgemein\/2018-03-28\/wechsel-im-verwaltungsrat-von-switzerland-global-enterprise\/"]}]},{"@type":"ImageObject","inLanguage":"de","@id":"https:\/\/www.organisator.ch\/de\/allgemein\/2018-03-28\/wechsel-im-verwaltungsrat-von-switzerland-global-enterprise\/#primaryimage","url":"https:\/\/www.organisator.ch\/wp-content\/uploads\/2018\/03\/Wechsel-im-Verwaltungsrat-von-S-GE_Organisator.jpg","contentUrl":"https:\/\/www.organisator.ch\/wp-content\/uploads\/2018\/03\/Wechsel-im-Verwaltungsrat-von-S-GE_Organisator.jpg","width":448,"height":179},{"@type":"BreadcrumbList","@id":"https:\/\/www.organisator.ch\/de\/allgemein\/2018-03-28\/wechsel-im-verwaltungsrat-von-switzerland-global-enterprise\/#breadcrumb","itemListElement":[{"@type":"ListItem","position":1,"name":"Home","item":"https:\/\/www.organisator.ch\/"},{"@type":"ListItem","position":2,"name":"Wechsel im Verwaltungsrat von Switzerland Global Enterprise"}]},{"@type":"WebSite","@id":"https:\/\/www.organisator.ch\/#website","url":"https:\/\/www.organisator.ch\/","name":"Organisator","description":"Kompetent. Praxisnah. Der ORGANISATOR bereitet in 10 Ausgaben pro Jahr die wesentlichen Themen f\u00fcr F\u00fchrungskr\u00e4fte von KMU auf.","publisher":{"@id":"https:\/\/www.organisator.ch\/#organization"},"potentialAction":[{"@type":"SearchAction","target":{"@type":"EntryPoint","urlTemplate":"https:\/\/www.organisator.ch\/?s={search_term_string}"},"query-input":{"@type":"PropertyValueSpecification","valueRequired":true,"valueName":"search_term_string"}}],"inLanguage":"de"},{"@type":"Organization","@id":"https:\/\/www.organisator.ch\/#organization","name":"Organisator","url":"https:\/\/www.organisator.ch\/","logo":{"@type":"ImageObject","inLanguage":"de","@id":"https:\/\/www.organisator.ch\/#\/schema\/logo\/image\/","url":"https:\/\/www.organisator.ch\/wp-content\/uploads\/2022\/01\/Logo_Organisator_Website.png","contentUrl":"https:\/\/www.organisator.ch\/wp-content\/uploads\/2022\/01\/Logo_Organisator_Website.png","width":800,"height":77,"caption":"Organisator"},"image":{"@id":"https:\/\/www.organisator.ch\/#\/schema\/logo\/image\/"},"sameAs":["https:\/\/www.facebook.com\/OrganisatorFachmagazin","https:\/\/www.linkedin.com\/showcase\/organisator-das-magazin-fr-kmu","https:\/\/www.xing.com\/news\/pages\/organisator-ch-695","https:\/\/www.youtube.com\/channel\/UCGP2Sq0iWaZwT3BdIAQFYpw"]},{"@type":"Person","@id":"https:\/\/www.organisator.ch\/#\/schema\/person\/6f650f90b2842cd4c0cc334b4e36f67e","name":"thomas.berner","image":{"@type":"ImageObject","inLanguage":"de","@id":"https:\/\/secure.gravatar.com\/avatar\/ac5001d2a36cb6c6cd3e50789007ffca834b477b74a2144564522e944eabff61?s=96&d=mm&r=g","url":"https:\/\/secure.gravatar.com\/avatar\/ac5001d2a36cb6c6cd3e50789007ffca834b477b74a2144564522e944eabff61?s=96&d=mm&r=g","contentUrl":"https:\/\/secure.gravatar.com\/avatar\/ac5001d2a36cb6c6cd3e50789007ffca834b477b74a2144564522e944eabff61?s=96&d=mm&r=g","caption":"thomas.berner"},"url":"https:\/\/www.organisator.ch\/de\/author\/thomas-berner\/"}]}},"_links":{"self":[{"href":"https:\/\/www.organisator.ch\/de\/wp-json\/wp\/v2\/posts\/3369","targetHints":{"allow":["GET"]}}],"collection":[{"href":"https:\/\/www.organisator.ch\/de\/wp-json\/wp\/v2\/posts"}],"about":[{"href":"https:\/\/www.organisator.ch\/de\/wp-json\/wp\/v2\/types\/post"}],"author":[{"embeddable":true,"href":"https:\/\/www.organisator.ch\/de\/wp-json\/wp\/v2\/users\/4"}],"replies":[{"embeddable":true,"href":"https:\/\/www.organisator.ch\/de\/wp-json\/wp\/v2\/comments?post=3369"}],"version-history":[{"count":0,"href":"https:\/\/www.organisator.ch\/de\/wp-json\/wp\/v2\/posts\/3369\/revisions"}],"wp:featuredmedia":[{"embeddable":true,"href":"https:\/\/www.organisator.ch\/de\/wp-json\/wp\/v2\/media\/3371"}],"wp:attachment":[{"href":"https:\/\/www.organisator.ch\/de\/wp-json\/wp\/v2\/media?parent=3369"}],"wp:term":[{"taxonomy":"category","embeddable":true,"href":"https:\/\/www.organisator.ch\/de\/wp-json\/wp\/v2\/categories?post=3369"},{"taxonomy":"post_tag","embeddable":true,"href":"https:\/\/www.organisator.ch\/de\/wp-json\/wp\/v2\/tags?post=3369"}],"curies":[{"name":"wp","href":"https:\/\/api.w.org\/{rel}","templated":true}]}}