{"id":3373,"date":"2018-03-29T10:15:47","date_gmt":"2018-03-29T08:15:47","guid":{"rendered":"https:\/\/www.organisator.ch\/?p=3373"},"modified":"2018-03-29T10:15:47","modified_gmt":"2018-03-29T08:15:47","slug":"export-award-2018-das-sind-die-drei-finalisten","status":"publish","type":"post","link":"https:\/\/www.organisator.ch\/de\/allgemein\/2018-03-29\/export-award-2018-das-sind-die-drei-finalisten\/","title":{"rendered":"Export Award 2018: Das sind die drei Finalisten"},"content":{"rendered":"<figure id=\"attachment_3374\" aria-describedby=\"caption-attachment-3374\" style=\"width: 640px\" class=\"wp-caption alignnone\"><img loading=\"lazy\" decoding=\"async\" class=\"size-full wp-image-3374\" src=\"https:\/\/www.organisator.ch\/wp-content\/uploads\/2018\/03\/Export-Award-2018-Das-sind-die-drei-Finalisten-1_Organisator.jpg\" alt=\"\" width=\"640\" height=\"427\" srcset=\"https:\/\/www.organisator.ch\/wp-content\/uploads\/2018\/03\/Export-Award-2018-Das-sind-die-drei-Finalisten-1_Organisator.jpg 640w, https:\/\/www.organisator.ch\/wp-content\/uploads\/2018\/03\/Export-Award-2018-Das-sind-die-drei-Finalisten-1_Organisator-16x12.jpg 16w, https:\/\/www.organisator.ch\/wp-content\/uploads\/2018\/03\/Export-Award-2018-Das-sind-die-drei-Finalisten-1_Organisator-262x175.jpg 262w, https:\/\/www.organisator.ch\/wp-content\/uploads\/2018\/03\/Export-Award-2018-Das-sind-die-drei-Finalisten-1_Organisator-525x350.jpg 525w, https:\/\/www.organisator.ch\/wp-content\/uploads\/2018\/03\/Export-Award-2018-Das-sind-die-drei-Finalisten-1_Organisator-300x200.jpg 300w\" sizes=\"auto, (max-width: 640px) 100vw, 640px\" \/><figcaption id=\"caption-attachment-3374\" class=\"wp-caption-text\">Die Firma Regloplas gewann im letzten Jahr die Troph\u00e4e. Wer gewinnt den Export Award 2018? (Bild: S-GE)<\/figcaption><\/figure>\n<p>Die Kandidaten stehen fest. Die unabh\u00e4ngige <a href=\"https:\/\/www.s-ge.com\/de\/jury\">Jury<\/a> aus Wirtschafts-, Wissenschafts- und Medien-Vertretern hat bekannt gegeben, wer im Rennen um den Export Award 2018 ist:<\/p>\n<ul>\n<li>Industrielack AG, Wangen SZ: ILAG l\u00e4sst nichts anbrennen<\/li>\n<li>Acutronic Medical Systems, Hirzel ZH: Starke Pr\u00e4senz in kleiner Nische<\/li>\n<li>On, Z\u00fcrich: Die Laufcommunity begeistert<\/li>\n<\/ul>\n<p>&nbsp;<\/p>\n<p>Der Gewinner wird am Aussenwirtschaftsforum am 26. April in Z\u00fcrich gek\u00fcrt. Die Awards \u00fcberreicht Ruth Metzler-Arnold, Verwaltungsratspr\u00e4sidentin von S-GE.<\/p>\n<h2>Swiss Made in aller Welt<\/h2>\n<p>Die Finalisten behaupten sich in der ganzen Welt, obwohl seit 2009 j\u00e4hrlich \u00fcber 750 neue protektionistische Massnahmen erlassen wurden, wie der Global Trade Alert von Professor Simon Evenett von der Universit\u00e4t St. Gallen zeigt. Hohe Eintrittsbarrieren herrschen besonders im Medizintechnik-Sektor \u2013 umso herausragender ist die Exportleistung von Acutronic Medical Systems, die hochpr\u00e4zise Beatmungsger\u00e4te f\u00fcr Fr\u00fchgeborene fertigt. Das Unternehmen hat sich bereits in Westeuropa und im Mittleren Osten etabliert und beginnt, in China seine F\u00fchler auszustrecken. Doch auch die Laufschuhe von On und die Kochgeschirr-Beschichtung von ILAG m\u00fcssen rund um die Welt hohen Standards gen\u00fcgen, die die Unternehmen h\u00f6chst erfolgreich gemanagt haben.<\/p>\n<h2>Die Finalisten f\u00fcr den Export Award 2018<\/h2>\n<p><strong>lLAG l\u00e4sst nichts anbrennen:<\/strong> Wenn es um die Beschichtung von Kochgeschirr und Backformen geht, ist die ILAG gross im Gesch\u00e4ft. Das exportorientierte KMU punktet mit Qualit\u00e4t und einem innovativen Gesch\u00e4ftsmodell: Konsequentes Beziehungsmanagement zu allen Beteiligten der Wertsch\u00f6pfungskette und imagef\u00f6rderndes Co-Branding sorgen daf\u00fcr, dass das Unternehmen w\u00e4chst \u2013 und 2017 einen Umsatz von 34 Millionen Franken generierte. In den wichtigsten M\u00e4rkten ist ILAG mit Verkaufsagenten unterwegs, w\u00e4hrend der US-Markt vom eigenen B\u00fcro in Chicago aus bearbeitet wird. Noch ist ILAG haupts\u00e4chlich in der Konsumg\u00fcterindustrie erfolgreich, doch k\u00fcnftig wird verst\u00e4rkt auf Anwendungen in der Industrie gesetzt. <a href=\"http:\/\/www.ilag.ch\/\">www.ilag.ch<\/a><\/p>\n<figure id=\"attachment_3375\" aria-describedby=\"caption-attachment-3375\" style=\"width: 630px\" class=\"wp-caption alignnone\"><img loading=\"lazy\" decoding=\"async\" class=\"size-full wp-image-3375\" src=\"https:\/\/www.organisator.ch\/wp-content\/uploads\/2018\/03\/Export-Award-2018-Das-sind-die-drei-Finalisten-2_Organisator.jpg\" alt=\"\" width=\"630\" height=\"480\" srcset=\"https:\/\/www.organisator.ch\/wp-content\/uploads\/2018\/03\/Export-Award-2018-Das-sind-die-drei-Finalisten-2_Organisator.jpg 630w, https:\/\/www.organisator.ch\/wp-content\/uploads\/2018\/03\/Export-Award-2018-Das-sind-die-drei-Finalisten-2_Organisator-16x12.jpg 16w, https:\/\/www.organisator.ch\/wp-content\/uploads\/2018\/03\/Export-Award-2018-Das-sind-die-drei-Finalisten-2_Organisator-230x175.jpg 230w, https:\/\/www.organisator.ch\/wp-content\/uploads\/2018\/03\/Export-Award-2018-Das-sind-die-drei-Finalisten-2_Organisator-459x350.jpg 459w, https:\/\/www.organisator.ch\/wp-content\/uploads\/2018\/03\/Export-Award-2018-Das-sind-die-drei-Finalisten-2_Organisator-300x229.jpg 300w\" sizes=\"auto, (max-width: 630px) 100vw, 630px\" \/><figcaption id=\"caption-attachment-3375\" class=\"wp-caption-text\">Beschichtungen f\u00fcr Bratpfannen sind ein Kerngesch\u00e4ft von ILAG. (Bild: S-GE)<\/figcaption><\/figure>\n<p><strong>Starke Pr\u00e4senz in kleiner Nische:<\/strong> Hightech-Ger\u00e4te f\u00fcr winzige Kundschaft: Mit ihrer Produktpalette deckt Acutronic Medical Systems das gesamte Spektrum der neonatalen k\u00fcnstlichen Beatmung ab. Die universal designten, einfach zu bedienenden Hightech-Ger\u00e4te kommen in Operationss\u00e4len, Intensivstationen und Kreiss\u00e4len vieler europ\u00e4ischer L\u00e4nder, im Nahen Osten und in China zum Einsatz. So sorgen die Produkte aus Hirzel daf\u00fcr, dass viele Fr\u00fchchen ohne bleibende Sch\u00e4den \u00fcberleben. Und ebenso, dass das Schweizer Medtech-Unternehmen gedeiht. <a href=\"http:\/\/www.acutronic-medical.ch\/\">www.acutronic-medical.ch<\/a><\/p>\n<figure id=\"attachment_3376\" aria-describedby=\"caption-attachment-3376\" style=\"width: 640px\" class=\"wp-caption alignnone\"><img loading=\"lazy\" decoding=\"async\" class=\"size-full wp-image-3376\" src=\"https:\/\/www.organisator.ch\/wp-content\/uploads\/2018\/03\/Export-Award-2018-Das-sind-die-drei-Finalisten-3_Organisator.jpg\" alt=\"\" width=\"640\" height=\"480\" srcset=\"https:\/\/www.organisator.ch\/wp-content\/uploads\/2018\/03\/Export-Award-2018-Das-sind-die-drei-Finalisten-3_Organisator.jpg 640w, https:\/\/www.organisator.ch\/wp-content\/uploads\/2018\/03\/Export-Award-2018-Das-sind-die-drei-Finalisten-3_Organisator-16x12.jpg 16w, https:\/\/www.organisator.ch\/wp-content\/uploads\/2018\/03\/Export-Award-2018-Das-sind-die-drei-Finalisten-3_Organisator-233x175.jpg 233w, https:\/\/www.organisator.ch\/wp-content\/uploads\/2018\/03\/Export-Award-2018-Das-sind-die-drei-Finalisten-3_Organisator-467x350.jpg 467w, https:\/\/www.organisator.ch\/wp-content\/uploads\/2018\/03\/Export-Award-2018-Das-sind-die-drei-Finalisten-3_Organisator-300x225.jpg 300w\" sizes=\"auto, (max-width: 640px) 100vw, 640px\" \/><figcaption id=\"caption-attachment-3376\" class=\"wp-caption-text\">Acutronic stellt Beatmungsger\u00e4te f\u00fcr Fr\u00fchgeborene her. (Bild: S-GE)<\/figcaption><\/figure>\n<p><strong>Die Laufcommunity begeistert:<\/strong> Hart abstossen, weich landen und federleichten Schrittes beschwerdefrei laufen \u2013 weltweit setzen rund drei Millionen L\u00e4uferinnen und L\u00e4ufer auf Schuhe von On. 2010 von drei sportbegeisterten Schweizern gegr\u00fcndet, hat das Label mit der revolution\u00e4ren CloudTec-Sohle im Sturmschritt die globale L\u00e4uferszene erobert. Dank der weltweit konsequenten Ausrichtung aufs Premiumsegment sowie eine geschickte Marketingstrategie ist On die im Laufschuhmarkt am schnellsten wachsende Marke und in 4000 L\u00e4den in 50 L\u00e4ndern pr\u00e4sent. <a href=\"http:\/\/www.on-running.com\/\">www.on-running.com<\/a><\/p>\n<figure id=\"attachment_3377\" aria-describedby=\"caption-attachment-3377\" style=\"width: 640px\" class=\"wp-caption alignnone\"><img loading=\"lazy\" decoding=\"async\" class=\"size-full wp-image-3377\" src=\"https:\/\/www.organisator.ch\/wp-content\/uploads\/2018\/03\/Export-Award-2018-Das-sind-die-drei-Finalisten-4_Organisator.jpg\" alt=\"\" width=\"640\" height=\"480\" srcset=\"https:\/\/www.organisator.ch\/wp-content\/uploads\/2018\/03\/Export-Award-2018-Das-sind-die-drei-Finalisten-4_Organisator.jpg 640w, https:\/\/www.organisator.ch\/wp-content\/uploads\/2018\/03\/Export-Award-2018-Das-sind-die-drei-Finalisten-4_Organisator-16x12.jpg 16w, https:\/\/www.organisator.ch\/wp-content\/uploads\/2018\/03\/Export-Award-2018-Das-sind-die-drei-Finalisten-4_Organisator-233x175.jpg 233w, https:\/\/www.organisator.ch\/wp-content\/uploads\/2018\/03\/Export-Award-2018-Das-sind-die-drei-Finalisten-4_Organisator-467x350.jpg 467w, https:\/\/www.organisator.ch\/wp-content\/uploads\/2018\/03\/Export-Award-2018-Das-sind-die-drei-Finalisten-4_Organisator-300x225.jpg 300w\" sizes=\"auto, (max-width: 640px) 100vw, 640px\" \/><figcaption id=\"caption-attachment-3377\" class=\"wp-caption-text\">Im Laufschuh-Markt w\u00e4chst die Marke On derzeit massiv. (Bild: S-GE)<\/figcaption><\/figure>\n<h2>International wachsen zwischen Globalisierung und Protektionismus<\/h2>\n<p>Das Aussenwirtschaftsforum von Switzerland Global Enterprise ist der Treffpunkt des Jahres f\u00fcr alle Schweizer Exporteure. Vor allem kleine und mittelgrosse Firmen finden hier Inspiration und praktische Ratschl\u00e4ge f\u00fcr ihr internationales Business, wie der Veranstalter mitteilt. Denn f\u00fcr KMU war es einerseits noch nie so notwendig und potentiell gewinntr\u00e4chtig, international breit zu gesch\u00e4ften. Andererseits wird es immer komplexer, mit der Vielzahl von M\u00e4rkten und den spezifischen Handelsbarrieren umzugehen. In den grossz\u00fcgigen Pausen und beim Ap\u00e9ro Riche gibt es Raum zum Austausch mit \u00fcber 600 Teilnehmern und zahlreichen Exporteuren, die vor \u00e4hnlichen Herausforderungen stehen oder einige davon schon erfolgreich gemeistert haben.<\/p>\n<p><em>Anmeldung und Programm unter <a href=\"http:\/\/ow.ly\/WakO30amiLF\">www.s-ge.com\/awf<\/a><\/em><\/p>\n<p>&nbsp;<\/p>\n","protected":false},"excerpt":{"rendered":"<p>Die Kandidaten stehen fest. Die unabh\u00e4ngige Jury aus Wirtschafts-, Wissenschafts- und Medien-Vertretern hat bekannt gegeben, wer im Rennen um den Export Award 2018 ist: Industrielack AG, Wangen SZ: ILAG l\u00e4sst nichts anbrennen Acutronic Medical Systems, Hirzel ZH: Starke Pr\u00e4senz in kleiner Nische On, Z\u00fcrich: Die Laufcommunity begeistert &nbsp; Der Gewinner wird am Aussenwirtschaftsforum am 26. [&hellip;]<\/p>\n","protected":false},"author":4,"featured_media":3374,"comment_status":"open","ping_status":"open","sticky":false,"template":"","format":"standard","meta":{"_acf_changed":false,"_yoast_wpseo_focuskw":"Export Award 2018","_yoast_wpseo_metadesc":"Die Finalisten f\u00fcr den Export Award 2018 von Switzerland Global Enterprise (S-GE) zeigen auf, wie kleine und mittlere Unternehmen die Chancen der Globalisierung f\u00fcr sich nutzen und den zunehmenden Protektionismus reibungslos h\u00e4ndeln k\u00f6nnen.","articlekey":"","footnotes":""},"categories":[1],"tags":[66,189,492,502],"class_list":["post-3373","post","type-post","status-publish","format-standard","has-post-thumbnail","hentry","category-allgemein","tag-awards","tag-export","tag-unternehmen","tag-veranstaltungen"],"acf":[],"yoast_head":"<!-- This site is optimized with the Yoast SEO plugin v27.5 - https:\/\/yoast.com\/product\/yoast-seo-wordpress\/ -->\n<title>Export Award 2018: Das sind die drei Finalisten - Organisator<\/title>\n<meta name=\"description\" content=\"Die Finalisten f\u00fcr den Export Award 2018 von Switzerland Global Enterprise (S-GE) zeigen auf, wie kleine und mittlere Unternehmen die Chancen der Globalisierung f\u00fcr sich nutzen und den zunehmenden Protektionismus reibungslos h\u00e4ndeln k\u00f6nnen.\" \/>\n<meta name=\"robots\" content=\"index, follow, max-snippet:-1, max-image-preview:large, max-video-preview:-1\" \/>\n<link rel=\"canonical\" href=\"https:\/\/www.organisator.ch\/de\/allgemein\/2018-03-29\/export-award-2018-das-sind-die-drei-finalisten\/\" \/>\n<meta property=\"og:locale\" content=\"de_DE\" \/>\n<meta property=\"og:type\" content=\"article\" \/>\n<meta property=\"og:title\" content=\"Export Award 2018: Das sind die drei Finalisten\" \/>\n<meta property=\"og:description\" content=\"Die Finalisten f\u00fcr den #Export Award 2018 von Switzerland Global Enterprise (#S-GE) zeigen auf, wie kleine und mittlere Unternehmen die Chancen der #Globalisierung f\u00fcr sich nutzen und den zunehmenden Protektionismus reibungslos h\u00e4ndeln k\u00f6nnen.\" \/>\n<meta property=\"og:url\" content=\"https:\/\/www.organisator.ch\/de\/allgemein\/2018-03-29\/export-award-2018-das-sind-die-drei-finalisten\/\" \/>\n<meta property=\"og:site_name\" content=\"Organisator\" \/>\n<meta property=\"article:publisher\" content=\"https:\/\/www.facebook.com\/OrganisatorFachmagazin\" \/>\n<meta property=\"article:published_time\" content=\"2018-03-29T08:15:47+00:00\" \/>\n<meta property=\"og:image\" content=\"https:\/\/www.organisator.ch\/wp-content\/uploads\/2018\/03\/Export-Award-2018-Das-sind-die-drei-Finalisten-1_Organisator.jpg\" \/>\n\t<meta property=\"og:image:width\" content=\"640\" \/>\n\t<meta property=\"og:image:height\" content=\"427\" \/>\n\t<meta property=\"og:image:type\" content=\"image\/jpeg\" \/>\n<meta name=\"author\" content=\"thomas.berner\" \/>\n<meta name=\"twitter:card\" content=\"summary_large_image\" \/>\n<meta name=\"twitter:title\" content=\"#ExportAward 2018: Das sind die drei Finalisten\" \/>\n<meta name=\"twitter:description\" content=\"Die Finalisten f\u00fcr den #Export Award 2018 von Switzerland Global Enterprise (#S-GE) zeigen auf, wie kleine und mittlere Unternehmen die Chancen der #Globalisierung f\u00fcr sich nutzen und den zunehmenden Protektionismus reibungslos h\u00e4ndeln k\u00f6nnen.\" \/>\n<meta name=\"twitter:image\" content=\"https:\/\/www.organisator.ch\/wp-content\/uploads\/2018\/03\/Export-Award-2018-Das-sind-die-drei-Finalisten-1_Organisator.jpg\" \/>\n<script type=\"application\/ld+json\" class=\"yoast-schema-graph\">{\"@context\":\"https:\\\/\\\/schema.org\",\"@graph\":[{\"@type\":\"Article\",\"@id\":\"https:\\\/\\\/www.organisator.ch\\\/en\\\/general\\\/2018-03-29\\\/export-award-2018-das-sind-die-drei-finalisten\\\/#article\",\"isPartOf\":{\"@id\":\"https:\\\/\\\/www.organisator.ch\\\/en\\\/general\\\/2018-03-29\\\/export-award-2018-das-sind-die-drei-finalisten\\\/\"},\"author\":{\"name\":\"thomas.berner\",\"@id\":\"https:\\\/\\\/www.organisator.ch\\\/#\\\/schema\\\/person\\\/6f650f90b2842cd4c0cc334b4e36f67e\"},\"headline\":\"Export Award 2018: Das sind die drei Finalisten\",\"datePublished\":\"2018-03-29T08:15:47+00:00\",\"mainEntityOfPage\":{\"@id\":\"https:\\\/\\\/www.organisator.ch\\\/en\\\/general\\\/2018-03-29\\\/export-award-2018-das-sind-die-drei-finalisten\\\/\"},\"wordCount\":672,\"commentCount\":1,\"publisher\":{\"@id\":\"https:\\\/\\\/www.organisator.ch\\\/#organization\"},\"image\":{\"@id\":\"https:\\\/\\\/www.organisator.ch\\\/en\\\/general\\\/2018-03-29\\\/export-award-2018-das-sind-die-drei-finalisten\\\/#primaryimage\"},\"thumbnailUrl\":\"https:\\\/\\\/www.organisator.ch\\\/wp-content\\\/uploads\\\/2018\\\/03\\\/Export-Award-2018-Das-sind-die-drei-Finalisten-1_Organisator.jpg\",\"keywords\":[\"Awards\",\"Export\",\"Unternehmen\",\"Veranstaltungen\"],\"inLanguage\":\"de\"},{\"@type\":\"WebPage\",\"@id\":\"https:\\\/\\\/www.organisator.ch\\\/en\\\/general\\\/2018-03-29\\\/export-award-2018-das-sind-die-drei-finalisten\\\/\",\"url\":\"https:\\\/\\\/www.organisator.ch\\\/en\\\/general\\\/2018-03-29\\\/export-award-2018-das-sind-die-drei-finalisten\\\/\",\"name\":\"Export Award 2018: Das sind die drei Finalisten - Organisator\",\"isPartOf\":{\"@id\":\"https:\\\/\\\/www.organisator.ch\\\/#website\"},\"primaryImageOfPage\":{\"@id\":\"https:\\\/\\\/www.organisator.ch\\\/en\\\/general\\\/2018-03-29\\\/export-award-2018-das-sind-die-drei-finalisten\\\/#primaryimage\"},\"image\":{\"@id\":\"https:\\\/\\\/www.organisator.ch\\\/en\\\/general\\\/2018-03-29\\\/export-award-2018-das-sind-die-drei-finalisten\\\/#primaryimage\"},\"thumbnailUrl\":\"https:\\\/\\\/www.organisator.ch\\\/wp-content\\\/uploads\\\/2018\\\/03\\\/Export-Award-2018-Das-sind-die-drei-Finalisten-1_Organisator.jpg\",\"datePublished\":\"2018-03-29T08:15:47+00:00\",\"description\":\"Die Finalisten f\u00fcr den Export Award 2018 von Switzerland Global Enterprise (S-GE) zeigen auf, wie kleine und mittlere Unternehmen die Chancen der Globalisierung f\u00fcr sich nutzen und den zunehmenden Protektionismus reibungslos h\u00e4ndeln k\u00f6nnen.\",\"breadcrumb\":{\"@id\":\"https:\\\/\\\/www.organisator.ch\\\/en\\\/general\\\/2018-03-29\\\/export-award-2018-das-sind-die-drei-finalisten\\\/#breadcrumb\"},\"inLanguage\":\"de\",\"potentialAction\":[{\"@type\":\"ReadAction\",\"target\":[\"https:\\\/\\\/www.organisator.ch\\\/en\\\/general\\\/2018-03-29\\\/export-award-2018-das-sind-die-drei-finalisten\\\/\"]}]},{\"@type\":\"ImageObject\",\"inLanguage\":\"de\",\"@id\":\"https:\\\/\\\/www.organisator.ch\\\/en\\\/general\\\/2018-03-29\\\/export-award-2018-das-sind-die-drei-finalisten\\\/#primaryimage\",\"url\":\"https:\\\/\\\/www.organisator.ch\\\/wp-content\\\/uploads\\\/2018\\\/03\\\/Export-Award-2018-Das-sind-die-drei-Finalisten-1_Organisator.jpg\",\"contentUrl\":\"https:\\\/\\\/www.organisator.ch\\\/wp-content\\\/uploads\\\/2018\\\/03\\\/Export-Award-2018-Das-sind-die-drei-Finalisten-1_Organisator.jpg\",\"width\":640,\"height\":427,\"caption\":\"Die Firma Regloplas gewann im letzten Jahr die Troph\u00e4e. Wer gewinnt den Export Award 2018? (Bild: S-GE)\"},{\"@type\":\"BreadcrumbList\",\"@id\":\"https:\\\/\\\/www.organisator.ch\\\/en\\\/general\\\/2018-03-29\\\/export-award-2018-das-sind-die-drei-finalisten\\\/#breadcrumb\",\"itemListElement\":[{\"@type\":\"ListItem\",\"position\":1,\"name\":\"Home\",\"item\":\"https:\\\/\\\/www.organisator.ch\\\/\"},{\"@type\":\"ListItem\",\"position\":2,\"name\":\"Export Award 2018: Das sind die drei Finalisten\"}]},{\"@type\":\"WebSite\",\"@id\":\"https:\\\/\\\/www.organisator.ch\\\/#website\",\"url\":\"https:\\\/\\\/www.organisator.ch\\\/\",\"name\":\"Organisator\",\"description\":\"Kompetent. Praxisnah. Der ORGANISATOR bereitet in 10 Ausgaben pro Jahr die wesentlichen Themen f\u00fcr F\u00fchrungskr\u00e4fte von KMU auf.\",\"publisher\":{\"@id\":\"https:\\\/\\\/www.organisator.ch\\\/#organization\"},\"potentialAction\":[{\"@type\":\"SearchAction\",\"target\":{\"@type\":\"EntryPoint\",\"urlTemplate\":\"https:\\\/\\\/www.organisator.ch\\\/?s={search_term_string}\"},\"query-input\":{\"@type\":\"PropertyValueSpecification\",\"valueRequired\":true,\"valueName\":\"search_term_string\"}}],\"inLanguage\":\"de\"},{\"@type\":\"Organization\",\"@id\":\"https:\\\/\\\/www.organisator.ch\\\/#organization\",\"name\":\"Organisator\",\"url\":\"https:\\\/\\\/www.organisator.ch\\\/\",\"logo\":{\"@type\":\"ImageObject\",\"inLanguage\":\"de\",\"@id\":\"https:\\\/\\\/www.organisator.ch\\\/#\\\/schema\\\/logo\\\/image\\\/\",\"url\":\"https:\\\/\\\/www.organisator.ch\\\/wp-content\\\/uploads\\\/2022\\\/01\\\/Logo_Organisator_Website.png\",\"contentUrl\":\"https:\\\/\\\/www.organisator.ch\\\/wp-content\\\/uploads\\\/2022\\\/01\\\/Logo_Organisator_Website.png\",\"width\":800,\"height\":77,\"caption\":\"Organisator\"},\"image\":{\"@id\":\"https:\\\/\\\/www.organisator.ch\\\/#\\\/schema\\\/logo\\\/image\\\/\"},\"sameAs\":[\"https:\\\/\\\/www.facebook.com\\\/OrganisatorFachmagazin\",\"https:\\\/\\\/www.linkedin.com\\\/showcase\\\/organisator-das-magazin-fr-kmu\",\"https:\\\/\\\/www.xing.com\\\/news\\\/pages\\\/organisator-ch-695\",\"https:\\\/\\\/www.youtube.com\\\/channel\\\/UCGP2Sq0iWaZwT3BdIAQFYpw\"]},{\"@type\":\"Person\",\"@id\":\"https:\\\/\\\/www.organisator.ch\\\/#\\\/schema\\\/person\\\/6f650f90b2842cd4c0cc334b4e36f67e\",\"name\":\"thomas.berner\",\"image\":{\"@type\":\"ImageObject\",\"inLanguage\":\"de\",\"@id\":\"https:\\\/\\\/secure.gravatar.com\\\/avatar\\\/ac5001d2a36cb6c6cd3e50789007ffca834b477b74a2144564522e944eabff61?s=96&d=mm&r=g\",\"url\":\"https:\\\/\\\/secure.gravatar.com\\\/avatar\\\/ac5001d2a36cb6c6cd3e50789007ffca834b477b74a2144564522e944eabff61?s=96&d=mm&r=g\",\"contentUrl\":\"https:\\\/\\\/secure.gravatar.com\\\/avatar\\\/ac5001d2a36cb6c6cd3e50789007ffca834b477b74a2144564522e944eabff61?s=96&d=mm&r=g\",\"caption\":\"thomas.berner\"},\"url\":\"https:\\\/\\\/www.organisator.ch\\\/de\\\/author\\\/thomas-berner\\\/\"}]}<\/script>\n<!-- \/ Yoast SEO plugin. -->","yoast_head_json":{"title":"Export Award 2018: Das sind die drei Finalisten - Organisator","description":"Die Finalisten f\u00fcr den Export Award 2018 von Switzerland Global Enterprise (S-GE) zeigen auf, wie kleine und mittlere Unternehmen die Chancen der Globalisierung f\u00fcr sich nutzen und den zunehmenden Protektionismus reibungslos h\u00e4ndeln k\u00f6nnen.","robots":{"index":"index","follow":"follow","max-snippet":"max-snippet:-1","max-image-preview":"max-image-preview:large","max-video-preview":"max-video-preview:-1"},"canonical":"https:\/\/www.organisator.ch\/de\/allgemein\/2018-03-29\/export-award-2018-das-sind-die-drei-finalisten\/","og_locale":"de_DE","og_type":"article","og_title":"Export Award 2018: Das sind die drei Finalisten","og_description":"Die Finalisten f\u00fcr den #Export Award 2018 von Switzerland Global Enterprise (#S-GE) zeigen auf, wie kleine und mittlere Unternehmen die Chancen der #Globalisierung f\u00fcr sich nutzen und den zunehmenden Protektionismus reibungslos h\u00e4ndeln k\u00f6nnen.","og_url":"https:\/\/www.organisator.ch\/de\/allgemein\/2018-03-29\/export-award-2018-das-sind-die-drei-finalisten\/","og_site_name":"Organisator","article_publisher":"https:\/\/www.facebook.com\/OrganisatorFachmagazin","article_published_time":"2018-03-29T08:15:47+00:00","og_image":[{"width":640,"height":427,"url":"https:\/\/www.organisator.ch\/wp-content\/uploads\/2018\/03\/Export-Award-2018-Das-sind-die-drei-Finalisten-1_Organisator.jpg","type":"image\/jpeg"}],"author":"thomas.berner","twitter_card":"summary_large_image","twitter_title":"#ExportAward 2018: Das sind die drei Finalisten","twitter_description":"Die Finalisten f\u00fcr den #Export Award 2018 von Switzerland Global Enterprise (#S-GE) zeigen auf, wie kleine und mittlere Unternehmen die Chancen der #Globalisierung f\u00fcr sich nutzen und den zunehmenden Protektionismus reibungslos h\u00e4ndeln k\u00f6nnen.","twitter_image":"https:\/\/www.organisator.ch\/wp-content\/uploads\/2018\/03\/Export-Award-2018-Das-sind-die-drei-Finalisten-1_Organisator.jpg","schema":{"@context":"https:\/\/schema.org","@graph":[{"@type":"Article","@id":"https:\/\/www.organisator.ch\/en\/general\/2018-03-29\/export-award-2018-das-sind-die-drei-finalisten\/#article","isPartOf":{"@id":"https:\/\/www.organisator.ch\/en\/general\/2018-03-29\/export-award-2018-das-sind-die-drei-finalisten\/"},"author":{"name":"thomas.berner","@id":"https:\/\/www.organisator.ch\/#\/schema\/person\/6f650f90b2842cd4c0cc334b4e36f67e"},"headline":"Export Award 2018: Das sind die drei Finalisten","datePublished":"2018-03-29T08:15:47+00:00","mainEntityOfPage":{"@id":"https:\/\/www.organisator.ch\/en\/general\/2018-03-29\/export-award-2018-das-sind-die-drei-finalisten\/"},"wordCount":672,"commentCount":1,"publisher":{"@id":"https:\/\/www.organisator.ch\/#organization"},"image":{"@id":"https:\/\/www.organisator.ch\/en\/general\/2018-03-29\/export-award-2018-das-sind-die-drei-finalisten\/#primaryimage"},"thumbnailUrl":"https:\/\/www.organisator.ch\/wp-content\/uploads\/2018\/03\/Export-Award-2018-Das-sind-die-drei-Finalisten-1_Organisator.jpg","keywords":["Awards","Export","Unternehmen","Veranstaltungen"],"inLanguage":"de"},{"@type":"WebPage","@id":"https:\/\/www.organisator.ch\/en\/general\/2018-03-29\/export-award-2018-das-sind-die-drei-finalisten\/","url":"https:\/\/www.organisator.ch\/en\/general\/2018-03-29\/export-award-2018-das-sind-die-drei-finalisten\/","name":"Export Award 2018: Das sind die drei Finalisten - Organisator","isPartOf":{"@id":"https:\/\/www.organisator.ch\/#website"},"primaryImageOfPage":{"@id":"https:\/\/www.organisator.ch\/en\/general\/2018-03-29\/export-award-2018-das-sind-die-drei-finalisten\/#primaryimage"},"image":{"@id":"https:\/\/www.organisator.ch\/en\/general\/2018-03-29\/export-award-2018-das-sind-die-drei-finalisten\/#primaryimage"},"thumbnailUrl":"https:\/\/www.organisator.ch\/wp-content\/uploads\/2018\/03\/Export-Award-2018-Das-sind-die-drei-Finalisten-1_Organisator.jpg","datePublished":"2018-03-29T08:15:47+00:00","description":"Die Finalisten f\u00fcr den Export Award 2018 von Switzerland Global Enterprise (S-GE) zeigen auf, wie kleine und mittlere Unternehmen die Chancen der Globalisierung f\u00fcr sich nutzen und den zunehmenden Protektionismus reibungslos h\u00e4ndeln k\u00f6nnen.","breadcrumb":{"@id":"https:\/\/www.organisator.ch\/en\/general\/2018-03-29\/export-award-2018-das-sind-die-drei-finalisten\/#breadcrumb"},"inLanguage":"de","potentialAction":[{"@type":"ReadAction","target":["https:\/\/www.organisator.ch\/en\/general\/2018-03-29\/export-award-2018-das-sind-die-drei-finalisten\/"]}]},{"@type":"ImageObject","inLanguage":"de","@id":"https:\/\/www.organisator.ch\/en\/general\/2018-03-29\/export-award-2018-das-sind-die-drei-finalisten\/#primaryimage","url":"https:\/\/www.organisator.ch\/wp-content\/uploads\/2018\/03\/Export-Award-2018-Das-sind-die-drei-Finalisten-1_Organisator.jpg","contentUrl":"https:\/\/www.organisator.ch\/wp-content\/uploads\/2018\/03\/Export-Award-2018-Das-sind-die-drei-Finalisten-1_Organisator.jpg","width":640,"height":427,"caption":"Die Firma Regloplas gewann im letzten Jahr die Troph\u00e4e. Wer gewinnt den Export Award 2018? (Bild: S-GE)"},{"@type":"BreadcrumbList","@id":"https:\/\/www.organisator.ch\/en\/general\/2018-03-29\/export-award-2018-das-sind-die-drei-finalisten\/#breadcrumb","itemListElement":[{"@type":"ListItem","position":1,"name":"Home","item":"https:\/\/www.organisator.ch\/"},{"@type":"ListItem","position":2,"name":"Export Award 2018: Das sind die drei Finalisten"}]},{"@type":"WebSite","@id":"https:\/\/www.organisator.ch\/#website","url":"https:\/\/www.organisator.ch\/","name":"Organisator","description":"Kompetent. Praxisnah. Der ORGANISATOR bereitet in 10 Ausgaben pro Jahr die wesentlichen Themen f\u00fcr F\u00fchrungskr\u00e4fte von KMU auf.","publisher":{"@id":"https:\/\/www.organisator.ch\/#organization"},"potentialAction":[{"@type":"SearchAction","target":{"@type":"EntryPoint","urlTemplate":"https:\/\/www.organisator.ch\/?s={search_term_string}"},"query-input":{"@type":"PropertyValueSpecification","valueRequired":true,"valueName":"search_term_string"}}],"inLanguage":"de"},{"@type":"Organization","@id":"https:\/\/www.organisator.ch\/#organization","name":"Organisator","url":"https:\/\/www.organisator.ch\/","logo":{"@type":"ImageObject","inLanguage":"de","@id":"https:\/\/www.organisator.ch\/#\/schema\/logo\/image\/","url":"https:\/\/www.organisator.ch\/wp-content\/uploads\/2022\/01\/Logo_Organisator_Website.png","contentUrl":"https:\/\/www.organisator.ch\/wp-content\/uploads\/2022\/01\/Logo_Organisator_Website.png","width":800,"height":77,"caption":"Organisator"},"image":{"@id":"https:\/\/www.organisator.ch\/#\/schema\/logo\/image\/"},"sameAs":["https:\/\/www.facebook.com\/OrganisatorFachmagazin","https:\/\/www.linkedin.com\/showcase\/organisator-das-magazin-fr-kmu","https:\/\/www.xing.com\/news\/pages\/organisator-ch-695","https:\/\/www.youtube.com\/channel\/UCGP2Sq0iWaZwT3BdIAQFYpw"]},{"@type":"Person","@id":"https:\/\/www.organisator.ch\/#\/schema\/person\/6f650f90b2842cd4c0cc334b4e36f67e","name":"thomas.berner","image":{"@type":"ImageObject","inLanguage":"de","@id":"https:\/\/secure.gravatar.com\/avatar\/ac5001d2a36cb6c6cd3e50789007ffca834b477b74a2144564522e944eabff61?s=96&d=mm&r=g","url":"https:\/\/secure.gravatar.com\/avatar\/ac5001d2a36cb6c6cd3e50789007ffca834b477b74a2144564522e944eabff61?s=96&d=mm&r=g","contentUrl":"https:\/\/secure.gravatar.com\/avatar\/ac5001d2a36cb6c6cd3e50789007ffca834b477b74a2144564522e944eabff61?s=96&d=mm&r=g","caption":"thomas.berner"},"url":"https:\/\/www.organisator.ch\/de\/author\/thomas-berner\/"}]}},"_links":{"self":[{"href":"https:\/\/www.organisator.ch\/de\/wp-json\/wp\/v2\/posts\/3373","targetHints":{"allow":["GET"]}}],"collection":[{"href":"https:\/\/www.organisator.ch\/de\/wp-json\/wp\/v2\/posts"}],"about":[{"href":"https:\/\/www.organisator.ch\/de\/wp-json\/wp\/v2\/types\/post"}],"author":[{"embeddable":true,"href":"https:\/\/www.organisator.ch\/de\/wp-json\/wp\/v2\/users\/4"}],"replies":[{"embeddable":true,"href":"https:\/\/www.organisator.ch\/de\/wp-json\/wp\/v2\/comments?post=3373"}],"version-history":[{"count":0,"href":"https:\/\/www.organisator.ch\/de\/wp-json\/wp\/v2\/posts\/3373\/revisions"}],"wp:featuredmedia":[{"embeddable":true,"href":"https:\/\/www.organisator.ch\/de\/wp-json\/wp\/v2\/media\/3374"}],"wp:attachment":[{"href":"https:\/\/www.organisator.ch\/de\/wp-json\/wp\/v2\/media?parent=3373"}],"wp:term":[{"taxonomy":"category","embeddable":true,"href":"https:\/\/www.organisator.ch\/de\/wp-json\/wp\/v2\/categories?post=3373"},{"taxonomy":"post_tag","embeddable":true,"href":"https:\/\/www.organisator.ch\/de\/wp-json\/wp\/v2\/tags?post=3373"}],"curies":[{"name":"wp","href":"https:\/\/api.w.org\/{rel}","templated":true}]}}