{"id":33843,"date":"2024-11-22T07:55:22","date_gmt":"2024-11-22T06:55:22","guid":{"rendered":"https:\/\/www.organisator.ch\/?p=33843"},"modified":"2024-11-22T07:55:22","modified_gmt":"2024-11-22T06:55:22","slug":"reparatur-schlaegt-recycling-nachhaltigkeit-bei-berufskleidung","status":"publish","type":"post","link":"https:\/\/www.organisator.ch\/de\/sustainability\/2024-11-22\/reparatur-schlaegt-recycling-nachhaltigkeit-bei-berufskleidung\/","title":{"rendered":"Reparatur schl\u00e4gt Recycling: Nachhaltigkeit bei Berufskleidung"},"content":{"rendered":"<figure id=\"attachment_33848\" aria-describedby=\"caption-attachment-33848\" style=\"width: 680px\" class=\"wp-caption alignnone\"><img loading=\"lazy\" decoding=\"async\" class=\"size-full wp-image-33848\" src=\"https:\/\/www.organisator.ch\/wp-content\/uploads\/2024\/11\/Reparatur_Bild1_ps.jpg\" alt=\"\" width=\"680\" height=\"453\" srcset=\"https:\/\/www.organisator.ch\/wp-content\/uploads\/2024\/11\/Reparatur_Bild1_ps.jpg 680w, https:\/\/www.organisator.ch\/wp-content\/uploads\/2024\/11\/Reparatur_Bild1_ps-18x12.jpg 18w, https:\/\/www.organisator.ch\/wp-content\/uploads\/2024\/11\/Reparatur_Bild1_ps-375x250.jpg 375w, https:\/\/www.organisator.ch\/wp-content\/uploads\/2024\/11\/Reparatur_Bild1_ps-525x350.jpg 525w\" sizes=\"auto, (max-width: 680px) 100vw, 680px\" \/><figcaption id=\"caption-attachment-33848\" class=\"wp-caption-text\">Ein \u201eRecht auf Reparatur\u201c k\u00f6nnte auch in der Bekleidungsindustrie zu einer F\u00f6rderung der Ressourcenschonung beitragen. (Bild: www.mewa.ch)<\/figcaption><\/figure>\n<h3><strong>Reparaturservice geh\u00f6rt zur Textil-Service-Routine<\/strong><\/h3>\n<p>Der Rundum-Service f\u00fcr Berufs- und Schutzkleidung von Mewa erf\u00fcllt die Anforderungen \u201edes Rechts auf Reparatur\u201c bereits jetzt in vielerlei Hinsicht. Neben dem Ersatz von Verschl\u00fcssen und der Reparatur eingerissener Stellen geh\u00f6rt auch der Austausch ganzer Kleidungsteile wie Taschen, \u00c4rmel oder B\u00fcndchen dazu. Daf\u00fcr passende Reparatursets werden gleich mit produziert. Selbst Schutzkleidung kann sicher instandgesetzt werden. Das Verwerten von ausgemusterten Kleidungsst\u00fccken ist g\u00e4ngige Praxis, um noch funktionst\u00fcchtige Teile wieder zu verwenden. \u00abWenn man bedenkt, dass in Europa pro Jahr rund 5,8 Millionen Tonnen Textilien zu Abfall werden, punktet die Reparatur aus Sicht der Nachhaltigkeit deutlich gegen\u00fcber dem Recycling\u00bb, erkl\u00e4rt Wolfgang Quednau, gesch\u00e4ftsf\u00fchrender Gesellschafter der Betreuungsgesellschaft f\u00fcr textiltechnische Anwendungen GmbH (BTTA).<\/p>\n<h3><strong>Weniger Ressourcenverbrauch durch Langlebigkeit<\/strong><\/h3>\n<p>Bei der Herstellung von Textilien werden die meisten Ressourcen w\u00e4hrend der Produktion der Rohstoffe verbraucht. Je l\u00e4nger ein Kleidungsst\u00fcck genutzt wird, desto geringer ist daher die relative Umweltbelastung. \u00abBei Berufstextilien, die viel st\u00e4rker strapaziert werden als Modebekleidung, ist eine nachgewiesene Langlebigkeit nur mit hochwertiger, reparierf\u00e4higer Kleidung zu erreichen\u00bb, sagt Textilingenieur Wolfgang Quednau. Um mehr Einfluss auf die Qualit\u00e4t der Textilien zu haben, verf\u00fcgt Mewa \u00fcber eine eigene Produktentwicklung f\u00fcr Berufs- und Schutzkleidung. Neue Materialien werden vor ihrer Verwendung intensiven physikalischen Tests unterzogen. \u00abWenn Berufskleidung zahlreiche Einsatzzyklen ohne signifikante Verluste an Optik oder Funktionsf\u00e4higkeit \u00fcbersteht, tr\u00e4gt das nicht nur zur Nachhaltigkeit bei, sondern spart gleichzeitig auch Kosten. Von beidem profitieren die Kunden\u00bb, so Wolfgang Quednau.<\/p>\n<h3><strong>Recyclingf\u00e4higkeit ist ein grosses Forschungsthema<\/strong><\/h3>\n<p>Als nachhaltig orientierter Textildienstleister verfolgt Mewa verschiedene Forschungsans\u00e4tze zu den Einsatzm\u00f6glichkeiten recycelter Materialien sowie zur Wiederaufbereitung von Fasern aus ausgedienten Textilien. Dem Recycling sind jedoch noch Grenzen gesetzt. Eine grosse Herausforderung ist die Qualit\u00e4t der Recyclingmaterialien, wie Dr. Diana Wolf, Forschung &amp; Entwicklung bei Mewa, erkl\u00e4rt. Dabei geht es zum einen um die Festigkeit, die f\u00fcr Berufsbekleidung dringend erforderlich ist, und zum anderen um das F\u00e4rbeverhalten. \u00abWiederverwendete Materialien m\u00fcssen hierbei den nicht-recycelten Ausgangsprodukten gleichwertig sein\u00bb, beschreibt Diana Wolf das Forschungsziel.<\/p>\n<h3><strong>Ein geschlossener Textilkreislauf<\/strong><\/h3>\n<p>Aktuell engagiert sich Mewa, u.a. mit der TU Braunschweig und der Hochschule Niederrhein als wissenschaftliche Partner, in einem Forschungsvorhaben des Projekttr\u00e4gers J\u00fclich. Das vom Bundesministerium f\u00fcr Bildung und Forschung gef\u00f6rderte Projekt widmet sich der M\u00f6glichkeit des chemischen Recyclings von Polyester aus Fasermischungen zur\u00fcck in wiederverwendbare Fasern (F\u00f6rderkennzeichen: 033R408A). \u00abWir wollen damit ein sogenanntes \u201atextile-to-textile\u2018-Recycling erm\u00f6glichen. So k\u00f6nnte aus alten Polyester-Baumwoll-Mischgeweben Material f\u00fcr neue Gewebe entstehen. Das w\u00e4re ein Meilenstein auf dem Weg zu einer wirklich ganzheitlichen textilen Kreislaufwirtschaft\u00bb, erl\u00e4utert Diana Wolf. Sie ist zuversichtlich, dass die Anforderungen des neuen delegierten Aktes f\u00fcr Textilien zur \u00d6kodesign-Verordnung die Entwicklung von verbesserten Recyclingprozessen f\u00fcr Textilien sp\u00fcrbar beschleunigen wird.<\/p>\n<p><em>Quelle: <a href=\"http:\/\/www.mewa.ch\">www.mewa.ch<\/a><\/em><\/p>\n","protected":false},"excerpt":{"rendered":"<p>Ein \u201eRecht auf Reparatur\u201c wie es die Europ\u00e4ische Union seit kurzem f\u00fcr Elektroger\u00e4te vorsieht, k\u00f6nnte auch in der Bekleidungsindustrie zu einer F\u00f6rderung der Ressourcenschonung beitragen. Mit der Revision des Umweltschutzgesetzes im Fr\u00fchjahr 2024 gewinnt das Thema \u201eReparieren statt Wegwerfen\u201c auch in der Schweiz an Bedeutung. Ein erkl\u00e4rtes Ziel setzt dabei auf nachhaltige und kreislauff\u00e4hige Textilien und die Reduktion von Textilabf\u00e4llen. Der Textil-Dienstleister Mewa hat die Reparaturf\u00e4higkeit von Berufskleidung seit jeher in sein Angebot integriert.<\/p>\n","protected":false},"author":80,"featured_media":33848,"comment_status":"closed","ping_status":"closed","sticky":false,"template":"","format":"standard","meta":{"_acf_changed":false,"_yoast_wpseo_focuskw":"Berufskleidung","_yoast_wpseo_metadesc":"Ein \u201eRecht auf Reparatur\u201c k\u00f6nnte auch in der Bekleidungsindustrie zu einer F\u00f6rderung der Ressourcenschonung beitragen.","articlekey":"","footnotes":""},"categories":[580],"tags":[4700,4778,1987,424,2246],"class_list":["post-33843","post","type-post","status-publish","format-standard","has-post-thumbnail","hentry","category-sustainability","tag-bekleidungsindustrie","tag-berufskleidung","tag-recycling","tag-schweiz","tag-sustainability"],"acf":[],"yoast_head":"<!-- This site is optimized with the Yoast SEO plugin v27.5 - https:\/\/yoast.com\/product\/yoast-seo-wordpress\/ -->\n<title>Reparatur schl\u00e4gt Recycling: Nachhaltigkeit bei Berufskleidung - Organisator<\/title>\n<meta name=\"description\" content=\"Ein \u201eRecht auf Reparatur\u201c k\u00f6nnte auch in der Bekleidungsindustrie zu einer F\u00f6rderung der Ressourcenschonung beitragen.\" \/>\n<meta name=\"robots\" content=\"index, follow, max-snippet:-1, max-image-preview:large, max-video-preview:-1\" \/>\n<link rel=\"canonical\" href=\"https:\/\/www.organisator.ch\/de\/sustainability\/2024-11-22\/reparatur-schlaegt-recycling-nachhaltigkeit-bei-berufskleidung\/\" \/>\n<meta property=\"og:locale\" content=\"de_DE\" \/>\n<meta property=\"og:type\" content=\"article\" \/>\n<meta property=\"og:title\" content=\"Reparatur schl\u00e4gt Recycling: Nachhaltigkeit bei Berufskleidung\" \/>\n<meta property=\"og:description\" content=\"Ein \u201eRecht auf Reparatur\u201c k\u00f6nnte auch in der Bekleidungsindustrie zu einer F\u00f6rderung der Ressourcenschonung beitragen.\" \/>\n<meta property=\"og:url\" content=\"https:\/\/www.organisator.ch\/de\/sustainability\/2024-11-22\/reparatur-schlaegt-recycling-nachhaltigkeit-bei-berufskleidung\/\" \/>\n<meta property=\"og:site_name\" content=\"Organisator\" \/>\n<meta property=\"article:publisher\" content=\"https:\/\/www.facebook.com\/OrganisatorFachmagazin\" \/>\n<meta property=\"article:published_time\" content=\"2024-11-22T06:55:22+00:00\" \/>\n<meta property=\"og:image\" content=\"https:\/\/www.organisator.ch\/wp-content\/uploads\/2024\/11\/Reparatur_Bild1_ps.jpg\" \/>\n\t<meta property=\"og:image:width\" content=\"680\" \/>\n\t<meta property=\"og:image:height\" content=\"453\" \/>\n\t<meta property=\"og:image:type\" content=\"image\/jpeg\" \/>\n<meta name=\"author\" content=\"Dzana Muminovic\" \/>\n<meta name=\"twitter:card\" content=\"summary_large_image\" \/>\n<meta name=\"twitter:title\" content=\"Reparatur schl\u00e4gt Recycling: Nachhaltigkeit bei Berufskleidung\" \/>\n<meta name=\"twitter:description\" content=\"Ein \u201e#Recht auf #Reparatur\u201c k\u00f6nnte auch in der #Bekleidungsindustrie zu einer #F\u00f6rderung der #Ressourcenschonung beitragen.\" \/>\n<meta name=\"twitter:image\" content=\"https:\/\/www.organisator.ch\/wp-content\/uploads\/2024\/11\/Reparatur_Bild1_ps.jpg\" \/>\n<script type=\"application\/ld+json\" class=\"yoast-schema-graph\">{\"@context\":\"https:\\\/\\\/schema.org\",\"@graph\":[{\"@type\":\"Article\",\"@id\":\"https:\\\/\\\/www.organisator.ch\\\/sustainability\\\/2024-11-22\\\/reparatur-schlaegt-recycling-nachhaltigkeit-bei-berufskleidung\\\/#article\",\"isPartOf\":{\"@id\":\"https:\\\/\\\/www.organisator.ch\\\/sustainability\\\/2024-11-22\\\/reparatur-schlaegt-recycling-nachhaltigkeit-bei-berufskleidung\\\/\"},\"author\":{\"name\":\"Dzana Muminovic\",\"@id\":\"https:\\\/\\\/www.organisator.ch\\\/#\\\/schema\\\/person\\\/afccda3a71c06d4be2ed9100dd163db7\"},\"headline\":\"Reparatur schl\u00e4gt Recycling: Nachhaltigkeit bei Berufskleidung\",\"datePublished\":\"2024-11-22T06:55:22+00:00\",\"mainEntityOfPage\":{\"@id\":\"https:\\\/\\\/www.organisator.ch\\\/sustainability\\\/2024-11-22\\\/reparatur-schlaegt-recycling-nachhaltigkeit-bei-berufskleidung\\\/\"},\"wordCount\":513,\"publisher\":{\"@id\":\"https:\\\/\\\/www.organisator.ch\\\/#organization\"},\"image\":{\"@id\":\"https:\\\/\\\/www.organisator.ch\\\/sustainability\\\/2024-11-22\\\/reparatur-schlaegt-recycling-nachhaltigkeit-bei-berufskleidung\\\/#primaryimage\"},\"thumbnailUrl\":\"https:\\\/\\\/www.organisator.ch\\\/wp-content\\\/uploads\\\/2024\\\/11\\\/Reparatur_Bild1_ps.jpg\",\"keywords\":[\"Bekleidungsindustrie\",\"Berufskleidung\",\"Recycling\",\"Schweiz\",\"Sustainability\"],\"articleSection\":[\"SUSTAINABILITY\"],\"inLanguage\":\"de\"},{\"@type\":\"WebPage\",\"@id\":\"https:\\\/\\\/www.organisator.ch\\\/sustainability\\\/2024-11-22\\\/reparatur-schlaegt-recycling-nachhaltigkeit-bei-berufskleidung\\\/\",\"url\":\"https:\\\/\\\/www.organisator.ch\\\/sustainability\\\/2024-11-22\\\/reparatur-schlaegt-recycling-nachhaltigkeit-bei-berufskleidung\\\/\",\"name\":\"Reparatur schl\u00e4gt Recycling: Nachhaltigkeit bei Berufskleidung - Organisator\",\"isPartOf\":{\"@id\":\"https:\\\/\\\/www.organisator.ch\\\/#website\"},\"primaryImageOfPage\":{\"@id\":\"https:\\\/\\\/www.organisator.ch\\\/sustainability\\\/2024-11-22\\\/reparatur-schlaegt-recycling-nachhaltigkeit-bei-berufskleidung\\\/#primaryimage\"},\"image\":{\"@id\":\"https:\\\/\\\/www.organisator.ch\\\/sustainability\\\/2024-11-22\\\/reparatur-schlaegt-recycling-nachhaltigkeit-bei-berufskleidung\\\/#primaryimage\"},\"thumbnailUrl\":\"https:\\\/\\\/www.organisator.ch\\\/wp-content\\\/uploads\\\/2024\\\/11\\\/Reparatur_Bild1_ps.jpg\",\"datePublished\":\"2024-11-22T06:55:22+00:00\",\"description\":\"Ein \u201eRecht auf Reparatur\u201c k\u00f6nnte auch in der Bekleidungsindustrie zu einer F\u00f6rderung der Ressourcenschonung beitragen.\",\"breadcrumb\":{\"@id\":\"https:\\\/\\\/www.organisator.ch\\\/sustainability\\\/2024-11-22\\\/reparatur-schlaegt-recycling-nachhaltigkeit-bei-berufskleidung\\\/#breadcrumb\"},\"inLanguage\":\"de\",\"potentialAction\":[{\"@type\":\"ReadAction\",\"target\":[\"https:\\\/\\\/www.organisator.ch\\\/sustainability\\\/2024-11-22\\\/reparatur-schlaegt-recycling-nachhaltigkeit-bei-berufskleidung\\\/\"]}]},{\"@type\":\"ImageObject\",\"inLanguage\":\"de\",\"@id\":\"https:\\\/\\\/www.organisator.ch\\\/sustainability\\\/2024-11-22\\\/reparatur-schlaegt-recycling-nachhaltigkeit-bei-berufskleidung\\\/#primaryimage\",\"url\":\"https:\\\/\\\/www.organisator.ch\\\/wp-content\\\/uploads\\\/2024\\\/11\\\/Reparatur_Bild1_ps.jpg\",\"contentUrl\":\"https:\\\/\\\/www.organisator.ch\\\/wp-content\\\/uploads\\\/2024\\\/11\\\/Reparatur_Bild1_ps.jpg\",\"width\":680,\"height\":453,\"caption\":\"Ein \u201eRecht auf Reparatur\u201c k\u00f6nnte auch in der Bekleidungsindustrie zu einer F\u00f6rderung der Ressourcenschonung beitragen. (Bild: www.mewa.ch)\"},{\"@type\":\"BreadcrumbList\",\"@id\":\"https:\\\/\\\/www.organisator.ch\\\/sustainability\\\/2024-11-22\\\/reparatur-schlaegt-recycling-nachhaltigkeit-bei-berufskleidung\\\/#breadcrumb\",\"itemListElement\":[{\"@type\":\"ListItem\",\"position\":1,\"name\":\"Home\",\"item\":\"https:\\\/\\\/www.organisator.ch\\\/\"},{\"@type\":\"ListItem\",\"position\":2,\"name\":\"Reparatur schl\u00e4gt Recycling: Nachhaltigkeit bei Berufskleidung\"}]},{\"@type\":\"WebSite\",\"@id\":\"https:\\\/\\\/www.organisator.ch\\\/#website\",\"url\":\"https:\\\/\\\/www.organisator.ch\\\/\",\"name\":\"Organisator\",\"description\":\"Kompetent. Praxisnah. Der ORGANISATOR bereitet in 10 Ausgaben pro Jahr die wesentlichen Themen f\u00fcr F\u00fchrungskr\u00e4fte von KMU auf.\",\"publisher\":{\"@id\":\"https:\\\/\\\/www.organisator.ch\\\/#organization\"},\"potentialAction\":[{\"@type\":\"SearchAction\",\"target\":{\"@type\":\"EntryPoint\",\"urlTemplate\":\"https:\\\/\\\/www.organisator.ch\\\/?s={search_term_string}\"},\"query-input\":{\"@type\":\"PropertyValueSpecification\",\"valueRequired\":true,\"valueName\":\"search_term_string\"}}],\"inLanguage\":\"de\"},{\"@type\":\"Organization\",\"@id\":\"https:\\\/\\\/www.organisator.ch\\\/#organization\",\"name\":\"Organisator\",\"url\":\"https:\\\/\\\/www.organisator.ch\\\/\",\"logo\":{\"@type\":\"ImageObject\",\"inLanguage\":\"de\",\"@id\":\"https:\\\/\\\/www.organisator.ch\\\/#\\\/schema\\\/logo\\\/image\\\/\",\"url\":\"https:\\\/\\\/www.organisator.ch\\\/wp-content\\\/uploads\\\/2022\\\/01\\\/Logo_Organisator_Website.png\",\"contentUrl\":\"https:\\\/\\\/www.organisator.ch\\\/wp-content\\\/uploads\\\/2022\\\/01\\\/Logo_Organisator_Website.png\",\"width\":800,\"height\":77,\"caption\":\"Organisator\"},\"image\":{\"@id\":\"https:\\\/\\\/www.organisator.ch\\\/#\\\/schema\\\/logo\\\/image\\\/\"},\"sameAs\":[\"https:\\\/\\\/www.facebook.com\\\/OrganisatorFachmagazin\",\"https:\\\/\\\/www.linkedin.com\\\/showcase\\\/organisator-das-magazin-fr-kmu\",\"https:\\\/\\\/www.xing.com\\\/news\\\/pages\\\/organisator-ch-695\",\"https:\\\/\\\/www.youtube.com\\\/channel\\\/UCGP2Sq0iWaZwT3BdIAQFYpw\"]},{\"@type\":\"Person\",\"@id\":\"https:\\\/\\\/www.organisator.ch\\\/#\\\/schema\\\/person\\\/afccda3a71c06d4be2ed9100dd163db7\",\"name\":\"Dzana Muminovic\",\"image\":{\"@type\":\"ImageObject\",\"inLanguage\":\"de\",\"@id\":\"https:\\\/\\\/secure.gravatar.com\\\/avatar\\\/909c5c71aff4b38e88686f2ab2f1ba152571f394f41ed8bae431ea56ced93050?s=96&d=mm&r=g\",\"url\":\"https:\\\/\\\/secure.gravatar.com\\\/avatar\\\/909c5c71aff4b38e88686f2ab2f1ba152571f394f41ed8bae431ea56ced93050?s=96&d=mm&r=g\",\"contentUrl\":\"https:\\\/\\\/secure.gravatar.com\\\/avatar\\\/909c5c71aff4b38e88686f2ab2f1ba152571f394f41ed8bae431ea56ced93050?s=96&d=mm&r=g\",\"caption\":\"Dzana Muminovic\"},\"url\":\"https:\\\/\\\/www.organisator.ch\\\/de\\\/author\\\/dzana-muminovic\\\/\"}]}<\/script>\n<!-- \/ Yoast SEO plugin. -->","yoast_head_json":{"title":"Reparatur schl\u00e4gt Recycling: Nachhaltigkeit bei Berufskleidung - Organisator","description":"Ein \u201eRecht auf Reparatur\u201c k\u00f6nnte auch in der Bekleidungsindustrie zu einer F\u00f6rderung der Ressourcenschonung beitragen.","robots":{"index":"index","follow":"follow","max-snippet":"max-snippet:-1","max-image-preview":"max-image-preview:large","max-video-preview":"max-video-preview:-1"},"canonical":"https:\/\/www.organisator.ch\/de\/sustainability\/2024-11-22\/reparatur-schlaegt-recycling-nachhaltigkeit-bei-berufskleidung\/","og_locale":"de_DE","og_type":"article","og_title":"Reparatur schl\u00e4gt Recycling: Nachhaltigkeit bei Berufskleidung","og_description":"Ein \u201eRecht auf Reparatur\u201c k\u00f6nnte auch in der Bekleidungsindustrie zu einer F\u00f6rderung der Ressourcenschonung beitragen.","og_url":"https:\/\/www.organisator.ch\/de\/sustainability\/2024-11-22\/reparatur-schlaegt-recycling-nachhaltigkeit-bei-berufskleidung\/","og_site_name":"Organisator","article_publisher":"https:\/\/www.facebook.com\/OrganisatorFachmagazin","article_published_time":"2024-11-22T06:55:22+00:00","og_image":[{"width":680,"height":453,"url":"https:\/\/www.organisator.ch\/wp-content\/uploads\/2024\/11\/Reparatur_Bild1_ps.jpg","type":"image\/jpeg"}],"author":"Dzana Muminovic","twitter_card":"summary_large_image","twitter_title":"Reparatur schl\u00e4gt Recycling: Nachhaltigkeit bei Berufskleidung","twitter_description":"Ein \u201e#Recht auf #Reparatur\u201c k\u00f6nnte auch in der #Bekleidungsindustrie zu einer #F\u00f6rderung der #Ressourcenschonung beitragen.","twitter_image":"https:\/\/www.organisator.ch\/wp-content\/uploads\/2024\/11\/Reparatur_Bild1_ps.jpg","schema":{"@context":"https:\/\/schema.org","@graph":[{"@type":"Article","@id":"https:\/\/www.organisator.ch\/sustainability\/2024-11-22\/reparatur-schlaegt-recycling-nachhaltigkeit-bei-berufskleidung\/#article","isPartOf":{"@id":"https:\/\/www.organisator.ch\/sustainability\/2024-11-22\/reparatur-schlaegt-recycling-nachhaltigkeit-bei-berufskleidung\/"},"author":{"name":"Dzana Muminovic","@id":"https:\/\/www.organisator.ch\/#\/schema\/person\/afccda3a71c06d4be2ed9100dd163db7"},"headline":"Reparatur schl\u00e4gt Recycling: Nachhaltigkeit bei Berufskleidung","datePublished":"2024-11-22T06:55:22+00:00","mainEntityOfPage":{"@id":"https:\/\/www.organisator.ch\/sustainability\/2024-11-22\/reparatur-schlaegt-recycling-nachhaltigkeit-bei-berufskleidung\/"},"wordCount":513,"publisher":{"@id":"https:\/\/www.organisator.ch\/#organization"},"image":{"@id":"https:\/\/www.organisator.ch\/sustainability\/2024-11-22\/reparatur-schlaegt-recycling-nachhaltigkeit-bei-berufskleidung\/#primaryimage"},"thumbnailUrl":"https:\/\/www.organisator.ch\/wp-content\/uploads\/2024\/11\/Reparatur_Bild1_ps.jpg","keywords":["Bekleidungsindustrie","Berufskleidung","Recycling","Schweiz","Sustainability"],"articleSection":["SUSTAINABILITY"],"inLanguage":"de"},{"@type":"WebPage","@id":"https:\/\/www.organisator.ch\/sustainability\/2024-11-22\/reparatur-schlaegt-recycling-nachhaltigkeit-bei-berufskleidung\/","url":"https:\/\/www.organisator.ch\/sustainability\/2024-11-22\/reparatur-schlaegt-recycling-nachhaltigkeit-bei-berufskleidung\/","name":"Reparatur schl\u00e4gt Recycling: Nachhaltigkeit bei Berufskleidung - Organisator","isPartOf":{"@id":"https:\/\/www.organisator.ch\/#website"},"primaryImageOfPage":{"@id":"https:\/\/www.organisator.ch\/sustainability\/2024-11-22\/reparatur-schlaegt-recycling-nachhaltigkeit-bei-berufskleidung\/#primaryimage"},"image":{"@id":"https:\/\/www.organisator.ch\/sustainability\/2024-11-22\/reparatur-schlaegt-recycling-nachhaltigkeit-bei-berufskleidung\/#primaryimage"},"thumbnailUrl":"https:\/\/www.organisator.ch\/wp-content\/uploads\/2024\/11\/Reparatur_Bild1_ps.jpg","datePublished":"2024-11-22T06:55:22+00:00","description":"Ein \u201eRecht auf Reparatur\u201c k\u00f6nnte auch in der Bekleidungsindustrie zu einer F\u00f6rderung der Ressourcenschonung beitragen.","breadcrumb":{"@id":"https:\/\/www.organisator.ch\/sustainability\/2024-11-22\/reparatur-schlaegt-recycling-nachhaltigkeit-bei-berufskleidung\/#breadcrumb"},"inLanguage":"de","potentialAction":[{"@type":"ReadAction","target":["https:\/\/www.organisator.ch\/sustainability\/2024-11-22\/reparatur-schlaegt-recycling-nachhaltigkeit-bei-berufskleidung\/"]}]},{"@type":"ImageObject","inLanguage":"de","@id":"https:\/\/www.organisator.ch\/sustainability\/2024-11-22\/reparatur-schlaegt-recycling-nachhaltigkeit-bei-berufskleidung\/#primaryimage","url":"https:\/\/www.organisator.ch\/wp-content\/uploads\/2024\/11\/Reparatur_Bild1_ps.jpg","contentUrl":"https:\/\/www.organisator.ch\/wp-content\/uploads\/2024\/11\/Reparatur_Bild1_ps.jpg","width":680,"height":453,"caption":"Ein \u201eRecht auf Reparatur\u201c k\u00f6nnte auch in der Bekleidungsindustrie zu einer F\u00f6rderung der Ressourcenschonung beitragen. (Bild: www.mewa.ch)"},{"@type":"BreadcrumbList","@id":"https:\/\/www.organisator.ch\/sustainability\/2024-11-22\/reparatur-schlaegt-recycling-nachhaltigkeit-bei-berufskleidung\/#breadcrumb","itemListElement":[{"@type":"ListItem","position":1,"name":"Home","item":"https:\/\/www.organisator.ch\/"},{"@type":"ListItem","position":2,"name":"Reparatur schl\u00e4gt Recycling: Nachhaltigkeit bei Berufskleidung"}]},{"@type":"WebSite","@id":"https:\/\/www.organisator.ch\/#website","url":"https:\/\/www.organisator.ch\/","name":"Organisator","description":"Kompetent. Praxisnah. Der ORGANISATOR bereitet in 10 Ausgaben pro Jahr die wesentlichen Themen f\u00fcr F\u00fchrungskr\u00e4fte von KMU auf.","publisher":{"@id":"https:\/\/www.organisator.ch\/#organization"},"potentialAction":[{"@type":"SearchAction","target":{"@type":"EntryPoint","urlTemplate":"https:\/\/www.organisator.ch\/?s={search_term_string}"},"query-input":{"@type":"PropertyValueSpecification","valueRequired":true,"valueName":"search_term_string"}}],"inLanguage":"de"},{"@type":"Organization","@id":"https:\/\/www.organisator.ch\/#organization","name":"Organisator","url":"https:\/\/www.organisator.ch\/","logo":{"@type":"ImageObject","inLanguage":"de","@id":"https:\/\/www.organisator.ch\/#\/schema\/logo\/image\/","url":"https:\/\/www.organisator.ch\/wp-content\/uploads\/2022\/01\/Logo_Organisator_Website.png","contentUrl":"https:\/\/www.organisator.ch\/wp-content\/uploads\/2022\/01\/Logo_Organisator_Website.png","width":800,"height":77,"caption":"Organisator"},"image":{"@id":"https:\/\/www.organisator.ch\/#\/schema\/logo\/image\/"},"sameAs":["https:\/\/www.facebook.com\/OrganisatorFachmagazin","https:\/\/www.linkedin.com\/showcase\/organisator-das-magazin-fr-kmu","https:\/\/www.xing.com\/news\/pages\/organisator-ch-695","https:\/\/www.youtube.com\/channel\/UCGP2Sq0iWaZwT3BdIAQFYpw"]},{"@type":"Person","@id":"https:\/\/www.organisator.ch\/#\/schema\/person\/afccda3a71c06d4be2ed9100dd163db7","name":"Dzana Muminovic","image":{"@type":"ImageObject","inLanguage":"de","@id":"https:\/\/secure.gravatar.com\/avatar\/909c5c71aff4b38e88686f2ab2f1ba152571f394f41ed8bae431ea56ced93050?s=96&d=mm&r=g","url":"https:\/\/secure.gravatar.com\/avatar\/909c5c71aff4b38e88686f2ab2f1ba152571f394f41ed8bae431ea56ced93050?s=96&d=mm&r=g","contentUrl":"https:\/\/secure.gravatar.com\/avatar\/909c5c71aff4b38e88686f2ab2f1ba152571f394f41ed8bae431ea56ced93050?s=96&d=mm&r=g","caption":"Dzana Muminovic"},"url":"https:\/\/www.organisator.ch\/de\/author\/dzana-muminovic\/"}]}},"_links":{"self":[{"href":"https:\/\/www.organisator.ch\/de\/wp-json\/wp\/v2\/posts\/33843","targetHints":{"allow":["GET"]}}],"collection":[{"href":"https:\/\/www.organisator.ch\/de\/wp-json\/wp\/v2\/posts"}],"about":[{"href":"https:\/\/www.organisator.ch\/de\/wp-json\/wp\/v2\/types\/post"}],"author":[{"embeddable":true,"href":"https:\/\/www.organisator.ch\/de\/wp-json\/wp\/v2\/users\/80"}],"replies":[{"embeddable":true,"href":"https:\/\/www.organisator.ch\/de\/wp-json\/wp\/v2\/comments?post=33843"}],"version-history":[{"count":2,"href":"https:\/\/www.organisator.ch\/de\/wp-json\/wp\/v2\/posts\/33843\/revisions"}],"predecessor-version":[{"id":33984,"href":"https:\/\/www.organisator.ch\/de\/wp-json\/wp\/v2\/posts\/33843\/revisions\/33984"}],"wp:featuredmedia":[{"embeddable":true,"href":"https:\/\/www.organisator.ch\/de\/wp-json\/wp\/v2\/media\/33848"}],"wp:attachment":[{"href":"https:\/\/www.organisator.ch\/de\/wp-json\/wp\/v2\/media?parent=33843"}],"wp:term":[{"taxonomy":"category","embeddable":true,"href":"https:\/\/www.organisator.ch\/de\/wp-json\/wp\/v2\/categories?post=33843"},{"taxonomy":"post_tag","embeddable":true,"href":"https:\/\/www.organisator.ch\/de\/wp-json\/wp\/v2\/tags?post=33843"}],"curies":[{"name":"wp","href":"https:\/\/api.w.org\/{rel}","templated":true}]}}