{"id":3387,"date":"2020-09-29T15:17:17","date_gmt":"2020-09-29T13:17:17","guid":{"rendered":"https:\/\/www.umweltperspektiven.ch\/?p=3387"},"modified":"2022-02-09T11:06:48","modified_gmt":"2022-02-09T10:06:48","slug":"zum-film-i-am-greta-mut-lernen-klima-schuetzen","status":"publish","type":"post","link":"https:\/\/www.organisator.ch\/de\/sustainability\/2020-09-29\/zum-film-i-am-greta-mut-lernen-klima-schuetzen\/","title":{"rendered":"Zum Film \u00abI Am Greta\u00bb: Mut lernen, Klima sch\u00fctzen"},"content":{"rendered":"<p><img loading=\"lazy\" decoding=\"async\" class=\"alignnone size-medium wp-image-3388\" src=\"\/\/www.umweltperspektiven.ch\/wp-content\/uploads\/2020\/09\/IAmGreta_Filmstill1.jpg\" alt=\"\" width=\"680\" height=\"466\" \/><\/p>\n<p>Greta Thunberg ist die Ikone der Klimabewegung, wurde in k\u00fcrzester Zeit global bekannt und wird inzwischen nicht nur von der \u00abFridays For Future\u00bb-Bewegung geachtet. Doch was f\u00fcr ein Mensch ist Greta eigentlich, was treibt sie wirklich an? Ob auf Demonstrationen oder auf Wahlzetteln, ob bei Tagungen und Kongressen oder schlichtweg w\u00e4hrend der Diskussion mit dem Nachbar: Greta ist pr\u00e4sent, bei vielen in den K\u00f6pfen und Herzen.<\/p>\n<p>Sie ist eine junge Pers\u00f6nlichkeit, die innerhalb weniger Monate die Welt definitiv ein St\u00fcck weit bewegt hat und doch ist sie auch ein introvertiertes M\u00e4dchen, welches unter dem Asperger Syndrom zu k\u00e4mpfen hat. So wird auch in der neuen Doku des ehemaligen Fotoreporters des Rolling Stones Magazins und jetzt gefeierten Regissseurs Nathan Grossman (&#8222;Kristallen Award for Current Events&#8220;) klar: Mit dem weltweiten Ruhm der jungen Schwedin sind auch Einschr\u00e4nkungen verbunden.<\/p>\n<p><strong>Hinter dem Rampenlicht <\/strong><\/p>\n<p>Nathan Grossman zeigt die Klimaschutz-Aktivistin nicht nur im Rampenlicht, er ist vor allem in sehr vielen privaten Momenten ganz nah bei ihr: auf strapazi\u00f6sen Reisen, im Kreis ihrer Familie, in Hotelzimmern oder zwischen aufreibenden Terminen mit Momenten von Heimweh, Ersch\u00f6pfung, \u00dcberforderung. Zwei Jahre begleitet der Regisseur Greta mit der Kamera: bei ihrem Schulstreik 2018 als 15-J\u00e4hrige in Stockholm \u2013 aus dem sich die internationale \u00abFridays for Future\u00bb-Bewegung entwickelt \u2013, bei Treffen mit Politikern und Wirtschaftsleuten, die sich unter anderem auch in der Schweiz treffen.<\/p>\n<p>Dass Greta keiner Redek\u00fcnstlerin gleicht, sp\u00fcrt man: ihre Interaktionen sind sozial \u00abgebrochen\u00bb, ihre Kommunikation zuweilen \u00abh\u00f6lzern\u00bb. \u00abI Am Greta\u00bb gew\u00e4hrt \u00fcberraschende Einblicke in die so faszinierende wie zerbrechliche Pers\u00f6nlichkeit der siebzehnj\u00e4hrigen Schwedin. Es ist ein offenes Geheimnis: nicht alles in den medialen Inszenierungen basiert auf Gretas eigenen Ideen, doch die Dokumentation zeigt den unb\u00e4ndigen Willen, eine Mission und den Umstand eines noch jungen M\u00e4dchens, von der schwer zu fassenden Idee beseelt zu sein, die Welt zu retten.<\/p>\n<p>In der Dokumentation, die im Oktober 2020 auch in der Schweiz anl\u00e4uft, gibt es so einige Lektionen und Lichtmomente, wo man sichtlich sp\u00fcrt, wie ein mutiges M\u00e4dchen gar vor vermeintlich wichtigen Leuten sich unbeirrbar artikuliert und ein unglaubliches Durchhalteverm\u00f6gen ausstrahlt. Sie redet nicht nur daher, sondern nimmt tats\u00e4chlich viel Unannehmlichkeiten auf sich. Sie l\u00e4sst sich blicken, ist vor Ort, h\u00e4lt Wort, sch\u00fcrt Konflikte und versucht sie wieder zu l\u00f6sen.<\/p>\n<p><em>\u00abI Am Greta\u00bb hatte seine Weltpremiere bei den 77. Internationalen Filmfestspielen von Venedig 2020. Die Schweizer Erstausstrahlung erfolgte am Zurich Film Festival 2020.<\/em><\/p>\n<p>&nbsp;<\/p>\n<h2>Gewinne Tickets mit Umwelt PERSPEKTIVEN<\/h2>\n<p>Gewinne 2 Tickets f\u00fcr &#8222;I Am Greta&#8220;, die faszinierende und aufschlussreiche Doku \u00fcber die junge schwedische Umwelt-Aktivistin. Filmstart: 16.10.2020. Die Tickets sind f\u00fcr die Vorf\u00fchrungen in allen Schweizer Kinos g\u00fcltig. Schreibe uns einfach eine <strong><a href=\"mailto:michael.merz@galledia.ch\">E-Mail<\/a><\/strong> mit deiner Postadresse und du geh\u00f6rst vielleicht zu den ersten acht Gewinnerinnen oder Gewinnern. Viel Gl\u00fcck.<\/p>\n<p>&nbsp;<\/p>\n<p>&nbsp;<\/p>\n<p>&nbsp;<\/p>\n<p>&nbsp;<\/p>\n","protected":false},"excerpt":{"rendered":"<p>Greta Thunberg ist die Ikone der Klimabewegung, wurde in k\u00fcrzester Zeit global bekannt und wird inzwischen nicht nur von der \u00abFridays For Future\u00bb-Bewegung geachtet. Doch was f\u00fcr ein Mensch ist Greta eigentlich, was treibt sie wirklich an? Ob auf Demonstrationen oder auf Wahlzetteln, ob bei Tagungen und Kongressen oder schlichtweg w\u00e4hrend der Diskussion mit dem [&hellip;]<\/p>\n","protected":false},"author":5,"featured_media":3388,"comment_status":"closed","ping_status":"closed","sticky":false,"template":"","format":"standard","meta":{"_acf_changed":false,"_yoast_wpseo_focuskw":"Greta","_yoast_wpseo_metadesc":"Greta Thunberg: Sie wird von manchen verg\u00f6ttert, von anderen als Hype-Ikone kritisiert. Jetzt kann man ihr \u00fcber die Schulter schauen im Doku: \"I Am Greta\".","articlekey":"","footnotes":""},"categories":[580],"tags":[990,1173,1322,1868,424,522,2613],"class_list":["post-3387","post","type-post","status-publish","format-standard","has-post-thumbnail","hentry","category-sustainability","tag-dokumentation","tag-filmstart","tag-greta-thunberg","tag-oktober","tag-schweiz","tag-wettbewerb","tag-zurich-film-festival"],"acf":[],"yoast_head":"<!-- This site is optimized with the Yoast SEO plugin v27.5 - https:\/\/yoast.com\/product\/yoast-seo-wordpress\/ -->\n<title>Zum Film \u00abI Am Greta\u00bb: Mut lernen, Klima sch\u00fctzen - Organisator<\/title>\n<meta name=\"description\" content=\"Greta Thunberg: Sie wird von manchen verg\u00f6ttert, von anderen als Hype-Ikone kritisiert. Jetzt kann man ihr \u00fcber die Schulter schauen im Doku: &quot;I Am Greta&quot;.\" \/>\n<meta name=\"robots\" content=\"index, follow, max-snippet:-1, max-image-preview:large, max-video-preview:-1\" \/>\n<link rel=\"canonical\" href=\"https:\/\/www.organisator.ch\/de\/sustainability\/2020-09-29\/zum-film-i-am-greta-mut-lernen-klima-schuetzen\/\" \/>\n<meta property=\"og:locale\" content=\"de_DE\" \/>\n<meta property=\"og:type\" content=\"article\" \/>\n<meta property=\"og:title\" content=\"Zum Film \u00abI Am Greta\u00bb: Mut lernen, Klima sch\u00fctzen - Organisator\" \/>\n<meta property=\"og:description\" content=\"Greta Thunberg: Sie wird von manchen verg\u00f6ttert, von anderen als Hype-Ikone kritisiert. Jetzt kann man ihr \u00fcber die Schulter schauen im Doku: &quot;I Am Greta&quot;.\" \/>\n<meta property=\"og:url\" content=\"https:\/\/www.organisator.ch\/de\/sustainability\/2020-09-29\/zum-film-i-am-greta-mut-lernen-klima-schuetzen\/\" \/>\n<meta property=\"og:site_name\" content=\"Organisator\" \/>\n<meta property=\"article:publisher\" content=\"https:\/\/www.facebook.com\/OrganisatorFachmagazin\" \/>\n<meta property=\"article:published_time\" content=\"2020-09-29T13:17:17+00:00\" \/>\n<meta property=\"article:modified_time\" content=\"2022-02-09T10:06:48+00:00\" \/>\n<meta property=\"og:image\" content=\"https:\/\/www.organisator.ch\/wp-content\/uploads\/2020\/09\/IAmGreta_Filmstill1-scaled.jpg\" \/>\n\t<meta property=\"og:image:width\" content=\"2560\" \/>\n\t<meta property=\"og:image:height\" content=\"1754\" \/>\n\t<meta property=\"og:image:type\" content=\"image\/jpeg\" \/>\n<meta name=\"author\" content=\"michael.merz\" \/>\n<meta name=\"twitter:card\" content=\"summary_large_image\" \/>\n<script type=\"application\/ld+json\" class=\"yoast-schema-graph\">{\"@context\":\"https:\\\/\\\/schema.org\",\"@graph\":[{\"@type\":\"Article\",\"@id\":\"https:\\\/\\\/www.organisator.ch\\\/sustainability\\\/2020-09-29\\\/zum-film-i-am-greta-mut-lernen-klima-schuetzen\\\/#article\",\"isPartOf\":{\"@id\":\"https:\\\/\\\/www.organisator.ch\\\/sustainability\\\/2020-09-29\\\/zum-film-i-am-greta-mut-lernen-klima-schuetzen\\\/\"},\"author\":{\"name\":\"michael.merz\",\"@id\":\"https:\\\/\\\/www.organisator.ch\\\/#\\\/schema\\\/person\\\/134708ca9321c57b0362cceb7948ffbd\"},\"headline\":\"Zum Film \u00abI Am Greta\u00bb: Mut lernen, Klima sch\u00fctzen\",\"datePublished\":\"2020-09-29T13:17:17+00:00\",\"dateModified\":\"2022-02-09T10:06:48+00:00\",\"mainEntityOfPage\":{\"@id\":\"https:\\\/\\\/www.organisator.ch\\\/sustainability\\\/2020-09-29\\\/zum-film-i-am-greta-mut-lernen-klima-schuetzen\\\/\"},\"wordCount\":492,\"publisher\":{\"@id\":\"https:\\\/\\\/www.organisator.ch\\\/#organization\"},\"image\":{\"@id\":\"https:\\\/\\\/www.organisator.ch\\\/sustainability\\\/2020-09-29\\\/zum-film-i-am-greta-mut-lernen-klima-schuetzen\\\/#primaryimage\"},\"thumbnailUrl\":\"https:\\\/\\\/www.organisator.ch\\\/wp-content\\\/uploads\\\/2020\\\/09\\\/IAmGreta_Filmstill1-scaled.jpg\",\"keywords\":[\"Dokumentation\",\"Filmstart\",\"Greta Thunberg\",\"Oktober\",\"Schweiz\",\"Wettbewerb\",\"Zurich Film Festival\"],\"articleSection\":[\"SUSTAINABILITY\"],\"inLanguage\":\"de\"},{\"@type\":\"WebPage\",\"@id\":\"https:\\\/\\\/www.organisator.ch\\\/sustainability\\\/2020-09-29\\\/zum-film-i-am-greta-mut-lernen-klima-schuetzen\\\/\",\"url\":\"https:\\\/\\\/www.organisator.ch\\\/sustainability\\\/2020-09-29\\\/zum-film-i-am-greta-mut-lernen-klima-schuetzen\\\/\",\"name\":\"Zum Film \u00abI Am Greta\u00bb: Mut lernen, Klima sch\u00fctzen - Organisator\",\"isPartOf\":{\"@id\":\"https:\\\/\\\/www.organisator.ch\\\/#website\"},\"primaryImageOfPage\":{\"@id\":\"https:\\\/\\\/www.organisator.ch\\\/sustainability\\\/2020-09-29\\\/zum-film-i-am-greta-mut-lernen-klima-schuetzen\\\/#primaryimage\"},\"image\":{\"@id\":\"https:\\\/\\\/www.organisator.ch\\\/sustainability\\\/2020-09-29\\\/zum-film-i-am-greta-mut-lernen-klima-schuetzen\\\/#primaryimage\"},\"thumbnailUrl\":\"https:\\\/\\\/www.organisator.ch\\\/wp-content\\\/uploads\\\/2020\\\/09\\\/IAmGreta_Filmstill1-scaled.jpg\",\"datePublished\":\"2020-09-29T13:17:17+00:00\",\"dateModified\":\"2022-02-09T10:06:48+00:00\",\"description\":\"Greta Thunberg: Sie wird von manchen verg\u00f6ttert, von anderen als Hype-Ikone kritisiert. Jetzt kann man ihr \u00fcber die Schulter schauen im Doku: \\\"I Am Greta\\\".\",\"breadcrumb\":{\"@id\":\"https:\\\/\\\/www.organisator.ch\\\/sustainability\\\/2020-09-29\\\/zum-film-i-am-greta-mut-lernen-klima-schuetzen\\\/#breadcrumb\"},\"inLanguage\":\"de\",\"potentialAction\":[{\"@type\":\"ReadAction\",\"target\":[\"https:\\\/\\\/www.organisator.ch\\\/sustainability\\\/2020-09-29\\\/zum-film-i-am-greta-mut-lernen-klima-schuetzen\\\/\"]}]},{\"@type\":\"ImageObject\",\"inLanguage\":\"de\",\"@id\":\"https:\\\/\\\/www.organisator.ch\\\/sustainability\\\/2020-09-29\\\/zum-film-i-am-greta-mut-lernen-klima-schuetzen\\\/#primaryimage\",\"url\":\"https:\\\/\\\/www.organisator.ch\\\/wp-content\\\/uploads\\\/2020\\\/09\\\/IAmGreta_Filmstill1-scaled.jpg\",\"contentUrl\":\"https:\\\/\\\/www.organisator.ch\\\/wp-content\\\/uploads\\\/2020\\\/09\\\/IAmGreta_Filmstill1-scaled.jpg\",\"width\":2560,\"height\":1754},{\"@type\":\"BreadcrumbList\",\"@id\":\"https:\\\/\\\/www.organisator.ch\\\/sustainability\\\/2020-09-29\\\/zum-film-i-am-greta-mut-lernen-klima-schuetzen\\\/#breadcrumb\",\"itemListElement\":[{\"@type\":\"ListItem\",\"position\":1,\"name\":\"Home\",\"item\":\"https:\\\/\\\/www.organisator.ch\\\/\"},{\"@type\":\"ListItem\",\"position\":2,\"name\":\"Zum Film \u00abI Am Greta\u00bb: Mut lernen, Klima sch\u00fctzen\"}]},{\"@type\":\"WebSite\",\"@id\":\"https:\\\/\\\/www.organisator.ch\\\/#website\",\"url\":\"https:\\\/\\\/www.organisator.ch\\\/\",\"name\":\"Organisator\",\"description\":\"Kompetent. Praxisnah. Der ORGANISATOR bereitet in 10 Ausgaben pro Jahr die wesentlichen Themen f\u00fcr F\u00fchrungskr\u00e4fte von KMU auf.\",\"publisher\":{\"@id\":\"https:\\\/\\\/www.organisator.ch\\\/#organization\"},\"potentialAction\":[{\"@type\":\"SearchAction\",\"target\":{\"@type\":\"EntryPoint\",\"urlTemplate\":\"https:\\\/\\\/www.organisator.ch\\\/?s={search_term_string}\"},\"query-input\":{\"@type\":\"PropertyValueSpecification\",\"valueRequired\":true,\"valueName\":\"search_term_string\"}}],\"inLanguage\":\"de\"},{\"@type\":\"Organization\",\"@id\":\"https:\\\/\\\/www.organisator.ch\\\/#organization\",\"name\":\"Organisator\",\"url\":\"https:\\\/\\\/www.organisator.ch\\\/\",\"logo\":{\"@type\":\"ImageObject\",\"inLanguage\":\"de\",\"@id\":\"https:\\\/\\\/www.organisator.ch\\\/#\\\/schema\\\/logo\\\/image\\\/\",\"url\":\"https:\\\/\\\/www.organisator.ch\\\/wp-content\\\/uploads\\\/2022\\\/01\\\/Logo_Organisator_Website.png\",\"contentUrl\":\"https:\\\/\\\/www.organisator.ch\\\/wp-content\\\/uploads\\\/2022\\\/01\\\/Logo_Organisator_Website.png\",\"width\":800,\"height\":77,\"caption\":\"Organisator\"},\"image\":{\"@id\":\"https:\\\/\\\/www.organisator.ch\\\/#\\\/schema\\\/logo\\\/image\\\/\"},\"sameAs\":[\"https:\\\/\\\/www.facebook.com\\\/OrganisatorFachmagazin\",\"https:\\\/\\\/www.linkedin.com\\\/showcase\\\/organisator-das-magazin-fr-kmu\",\"https:\\\/\\\/www.xing.com\\\/news\\\/pages\\\/organisator-ch-695\",\"https:\\\/\\\/www.youtube.com\\\/channel\\\/UCGP2Sq0iWaZwT3BdIAQFYpw\"]},{\"@type\":\"Person\",\"@id\":\"https:\\\/\\\/www.organisator.ch\\\/#\\\/schema\\\/person\\\/134708ca9321c57b0362cceb7948ffbd\",\"name\":\"michael.merz\",\"image\":{\"@type\":\"ImageObject\",\"inLanguage\":\"de\",\"@id\":\"https:\\\/\\\/secure.gravatar.com\\\/avatar\\\/?s=96&d=mm&r=g\",\"url\":\"https:\\\/\\\/secure.gravatar.com\\\/avatar\\\/?s=96&d=mm&r=g\",\"contentUrl\":\"https:\\\/\\\/secure.gravatar.com\\\/avatar\\\/?s=96&d=mm&r=g\",\"caption\":\"michael.merz\"},\"url\":\"https:\\\/\\\/www.organisator.ch\\\/de\\\/author\\\/michael-merz\\\/\"}]}<\/script>\n<!-- \/ Yoast SEO plugin. -->","yoast_head_json":{"title":"Zum Film \u00abI Am Greta\u00bb: Mut lernen, Klima sch\u00fctzen - Organisator","description":"Greta Thunberg: Sie wird von manchen verg\u00f6ttert, von anderen als Hype-Ikone kritisiert. Jetzt kann man ihr \u00fcber die Schulter schauen im Doku: \"I Am Greta\".","robots":{"index":"index","follow":"follow","max-snippet":"max-snippet:-1","max-image-preview":"max-image-preview:large","max-video-preview":"max-video-preview:-1"},"canonical":"https:\/\/www.organisator.ch\/de\/sustainability\/2020-09-29\/zum-film-i-am-greta-mut-lernen-klima-schuetzen\/","og_locale":"de_DE","og_type":"article","og_title":"Zum Film \u00abI Am Greta\u00bb: Mut lernen, Klima sch\u00fctzen - Organisator","og_description":"Greta Thunberg: Sie wird von manchen verg\u00f6ttert, von anderen als Hype-Ikone kritisiert. Jetzt kann man ihr \u00fcber die Schulter schauen im Doku: \"I Am Greta\".","og_url":"https:\/\/www.organisator.ch\/de\/sustainability\/2020-09-29\/zum-film-i-am-greta-mut-lernen-klima-schuetzen\/","og_site_name":"Organisator","article_publisher":"https:\/\/www.facebook.com\/OrganisatorFachmagazin","article_published_time":"2020-09-29T13:17:17+00:00","article_modified_time":"2022-02-09T10:06:48+00:00","og_image":[{"width":2560,"height":1754,"url":"https:\/\/www.organisator.ch\/wp-content\/uploads\/2020\/09\/IAmGreta_Filmstill1-scaled.jpg","type":"image\/jpeg"}],"author":"michael.merz","twitter_card":"summary_large_image","schema":{"@context":"https:\/\/schema.org","@graph":[{"@type":"Article","@id":"https:\/\/www.organisator.ch\/sustainability\/2020-09-29\/zum-film-i-am-greta-mut-lernen-klima-schuetzen\/#article","isPartOf":{"@id":"https:\/\/www.organisator.ch\/sustainability\/2020-09-29\/zum-film-i-am-greta-mut-lernen-klima-schuetzen\/"},"author":{"name":"michael.merz","@id":"https:\/\/www.organisator.ch\/#\/schema\/person\/134708ca9321c57b0362cceb7948ffbd"},"headline":"Zum Film \u00abI Am Greta\u00bb: Mut lernen, Klima sch\u00fctzen","datePublished":"2020-09-29T13:17:17+00:00","dateModified":"2022-02-09T10:06:48+00:00","mainEntityOfPage":{"@id":"https:\/\/www.organisator.ch\/sustainability\/2020-09-29\/zum-film-i-am-greta-mut-lernen-klima-schuetzen\/"},"wordCount":492,"publisher":{"@id":"https:\/\/www.organisator.ch\/#organization"},"image":{"@id":"https:\/\/www.organisator.ch\/sustainability\/2020-09-29\/zum-film-i-am-greta-mut-lernen-klima-schuetzen\/#primaryimage"},"thumbnailUrl":"https:\/\/www.organisator.ch\/wp-content\/uploads\/2020\/09\/IAmGreta_Filmstill1-scaled.jpg","keywords":["Dokumentation","Filmstart","Greta Thunberg","Oktober","Schweiz","Wettbewerb","Zurich Film Festival"],"articleSection":["SUSTAINABILITY"],"inLanguage":"de"},{"@type":"WebPage","@id":"https:\/\/www.organisator.ch\/sustainability\/2020-09-29\/zum-film-i-am-greta-mut-lernen-klima-schuetzen\/","url":"https:\/\/www.organisator.ch\/sustainability\/2020-09-29\/zum-film-i-am-greta-mut-lernen-klima-schuetzen\/","name":"Zum Film \u00abI Am Greta\u00bb: Mut lernen, Klima sch\u00fctzen - Organisator","isPartOf":{"@id":"https:\/\/www.organisator.ch\/#website"},"primaryImageOfPage":{"@id":"https:\/\/www.organisator.ch\/sustainability\/2020-09-29\/zum-film-i-am-greta-mut-lernen-klima-schuetzen\/#primaryimage"},"image":{"@id":"https:\/\/www.organisator.ch\/sustainability\/2020-09-29\/zum-film-i-am-greta-mut-lernen-klima-schuetzen\/#primaryimage"},"thumbnailUrl":"https:\/\/www.organisator.ch\/wp-content\/uploads\/2020\/09\/IAmGreta_Filmstill1-scaled.jpg","datePublished":"2020-09-29T13:17:17+00:00","dateModified":"2022-02-09T10:06:48+00:00","description":"Greta Thunberg: Sie wird von manchen verg\u00f6ttert, von anderen als Hype-Ikone kritisiert. Jetzt kann man ihr \u00fcber die Schulter schauen im Doku: \"I Am Greta\".","breadcrumb":{"@id":"https:\/\/www.organisator.ch\/sustainability\/2020-09-29\/zum-film-i-am-greta-mut-lernen-klima-schuetzen\/#breadcrumb"},"inLanguage":"de","potentialAction":[{"@type":"ReadAction","target":["https:\/\/www.organisator.ch\/sustainability\/2020-09-29\/zum-film-i-am-greta-mut-lernen-klima-schuetzen\/"]}]},{"@type":"ImageObject","inLanguage":"de","@id":"https:\/\/www.organisator.ch\/sustainability\/2020-09-29\/zum-film-i-am-greta-mut-lernen-klima-schuetzen\/#primaryimage","url":"https:\/\/www.organisator.ch\/wp-content\/uploads\/2020\/09\/IAmGreta_Filmstill1-scaled.jpg","contentUrl":"https:\/\/www.organisator.ch\/wp-content\/uploads\/2020\/09\/IAmGreta_Filmstill1-scaled.jpg","width":2560,"height":1754},{"@type":"BreadcrumbList","@id":"https:\/\/www.organisator.ch\/sustainability\/2020-09-29\/zum-film-i-am-greta-mut-lernen-klima-schuetzen\/#breadcrumb","itemListElement":[{"@type":"ListItem","position":1,"name":"Home","item":"https:\/\/www.organisator.ch\/"},{"@type":"ListItem","position":2,"name":"Zum Film \u00abI Am Greta\u00bb: Mut lernen, Klima sch\u00fctzen"}]},{"@type":"WebSite","@id":"https:\/\/www.organisator.ch\/#website","url":"https:\/\/www.organisator.ch\/","name":"Organisator","description":"Kompetent. Praxisnah. Der ORGANISATOR bereitet in 10 Ausgaben pro Jahr die wesentlichen Themen f\u00fcr F\u00fchrungskr\u00e4fte von KMU auf.","publisher":{"@id":"https:\/\/www.organisator.ch\/#organization"},"potentialAction":[{"@type":"SearchAction","target":{"@type":"EntryPoint","urlTemplate":"https:\/\/www.organisator.ch\/?s={search_term_string}"},"query-input":{"@type":"PropertyValueSpecification","valueRequired":true,"valueName":"search_term_string"}}],"inLanguage":"de"},{"@type":"Organization","@id":"https:\/\/www.organisator.ch\/#organization","name":"Organisator","url":"https:\/\/www.organisator.ch\/","logo":{"@type":"ImageObject","inLanguage":"de","@id":"https:\/\/www.organisator.ch\/#\/schema\/logo\/image\/","url":"https:\/\/www.organisator.ch\/wp-content\/uploads\/2022\/01\/Logo_Organisator_Website.png","contentUrl":"https:\/\/www.organisator.ch\/wp-content\/uploads\/2022\/01\/Logo_Organisator_Website.png","width":800,"height":77,"caption":"Organisator"},"image":{"@id":"https:\/\/www.organisator.ch\/#\/schema\/logo\/image\/"},"sameAs":["https:\/\/www.facebook.com\/OrganisatorFachmagazin","https:\/\/www.linkedin.com\/showcase\/organisator-das-magazin-fr-kmu","https:\/\/www.xing.com\/news\/pages\/organisator-ch-695","https:\/\/www.youtube.com\/channel\/UCGP2Sq0iWaZwT3BdIAQFYpw"]},{"@type":"Person","@id":"https:\/\/www.organisator.ch\/#\/schema\/person\/134708ca9321c57b0362cceb7948ffbd","name":"michael.merz","image":{"@type":"ImageObject","inLanguage":"de","@id":"https:\/\/secure.gravatar.com\/avatar\/?s=96&d=mm&r=g","url":"https:\/\/secure.gravatar.com\/avatar\/?s=96&d=mm&r=g","contentUrl":"https:\/\/secure.gravatar.com\/avatar\/?s=96&d=mm&r=g","caption":"michael.merz"},"url":"https:\/\/www.organisator.ch\/de\/author\/michael-merz\/"}]}},"_links":{"self":[{"href":"https:\/\/www.organisator.ch\/de\/wp-json\/wp\/v2\/posts\/3387","targetHints":{"allow":["GET"]}}],"collection":[{"href":"https:\/\/www.organisator.ch\/de\/wp-json\/wp\/v2\/posts"}],"about":[{"href":"https:\/\/www.organisator.ch\/de\/wp-json\/wp\/v2\/types\/post"}],"author":[{"embeddable":true,"href":"https:\/\/www.organisator.ch\/de\/wp-json\/wp\/v2\/users\/5"}],"replies":[{"embeddable":true,"href":"https:\/\/www.organisator.ch\/de\/wp-json\/wp\/v2\/comments?post=3387"}],"version-history":[{"count":1,"href":"https:\/\/www.organisator.ch\/de\/wp-json\/wp\/v2\/posts\/3387\/revisions"}],"predecessor-version":[{"id":10668,"href":"https:\/\/www.organisator.ch\/de\/wp-json\/wp\/v2\/posts\/3387\/revisions\/10668"}],"wp:featuredmedia":[{"embeddable":true,"href":"https:\/\/www.organisator.ch\/de\/wp-json\/wp\/v2\/media\/3388"}],"wp:attachment":[{"href":"https:\/\/www.organisator.ch\/de\/wp-json\/wp\/v2\/media?parent=3387"}],"wp:term":[{"taxonomy":"category","embeddable":true,"href":"https:\/\/www.organisator.ch\/de\/wp-json\/wp\/v2\/categories?post=3387"},{"taxonomy":"post_tag","embeddable":true,"href":"https:\/\/www.organisator.ch\/de\/wp-json\/wp\/v2\/tags?post=3387"}],"curies":[{"name":"wp","href":"https:\/\/api.w.org\/{rel}","templated":true}]}}