{"id":3389,"date":"2018-04-03T17:06:00","date_gmt":"2018-04-03T15:06:00","guid":{"rendered":"https:\/\/www.organisator.ch\/?p=3389"},"modified":"2018-04-03T17:06:00","modified_gmt":"2018-04-03T15:06:00","slug":"firmengruendungs-boom-setzt-sich-2018-fort","status":"publish","type":"post","link":"https:\/\/www.organisator.ch\/de\/allgemein\/2018-04-03\/firmengruendungs-boom-setzt-sich-2018-fort\/","title":{"rendered":"Firmengr\u00fcndungs-Boom setzt sich 2018 fort"},"content":{"rendered":"<figure id=\"attachment_2931\" aria-describedby=\"caption-attachment-2931\" style=\"width: 640px\" class=\"wp-caption alignnone\"><img loading=\"lazy\" decoding=\"async\" class=\"size-full wp-image-2931\" src=\"https:\/\/www.organisator.ch\/wp-content\/uploads\/2018\/01\/Rekordhohe-Anzahl-Firmengruendungen-in-der-Schweiz-1_Organisator.jpg\" alt=\"\" width=\"640\" height=\"364\" srcset=\"https:\/\/www.organisator.ch\/wp-content\/uploads\/2018\/01\/Rekordhohe-Anzahl-Firmengruendungen-in-der-Schweiz-1_Organisator.jpg 640w, https:\/\/www.organisator.ch\/wp-content\/uploads\/2018\/01\/Rekordhohe-Anzahl-Firmengruendungen-in-der-Schweiz-1_Organisator-16x9.jpg 16w, https:\/\/www.organisator.ch\/wp-content\/uploads\/2018\/01\/Rekordhohe-Anzahl-Firmengruendungen-in-der-Schweiz-1_Organisator-308x175.jpg 308w, https:\/\/www.organisator.ch\/wp-content\/uploads\/2018\/01\/Rekordhohe-Anzahl-Firmengruendungen-in-der-Schweiz-1_Organisator-615x350.jpg 615w, https:\/\/www.organisator.ch\/wp-content\/uploads\/2018\/01\/Rekordhohe-Anzahl-Firmengruendungen-in-der-Schweiz-1_Organisator-300x171.jpg 300w\" sizes=\"auto, (max-width: 640px) 100vw, 640px\" \/><figcaption id=\"caption-attachment-2931\" class=\"wp-caption-text\">Der Firmengr\u00fcndungs-Boom setzt sich in der Schweiz auch im ersten Quartal 2018 fort. (Bild: Bild: Fotolia.com)<\/figcaption><\/figure>\n<p><span style=\"font-size: medium;\">Der Firmengr\u00fcndungs-Boom scheint sich nach dem Rekord-Jahr 2017 auch im ersten Quartal 2018 fortzusetzen. Dies teilte das Institut f\u00fcr Jungunternehmen in St.Gallen Anfang April mit. Die Gr\u00fcndungen stiegen demnach im ersten Quartal 2018 mit 11\u2019036 Neueintragungen ins Handelsregister um 0.4% gegen\u00fcber dem Vorjahr. Dies vor allem Dank einem sehr starken Januar (6.7%) und einem ebenfalls positiven Februar (3%). Der M\u00e4rz zeigt einen R\u00fcckgang von -7.6% im Vergleich zum \u00e4usserst gr\u00fcndungsreichen Vorjahresmonat. Am st\u00e4rksten ist das Wachstum in den Kantonen Nidwalden (22%), Zug (18%) und Glarus (18%). Die Schweizer Startup-Szene gibt also weiterhin Gas,\u00a0doch der Firmengr\u00fcndungs-Boom ist je nach Region unterschiedlich ausgepr\u00e4gt. Gerade der Kanton Zug d\u00fcrfte nach wie vor von der Euphorie\u00a0rund um Kryptow\u00e4hrungen und Blockchain-Technologie profitieren.\u00a0<\/span><\/p>\n<p><span style=\"font-size: medium;\">Und noch ein Wort zu den Rechtsformen: Die Gesellschaft mit beschr\u00e4nkter Haftung (GmbH) ist mit einem Anteil von 38% nach wie vor die beliebteste Rechtsform f\u00fcr den Start einer eigenen Firma. Gefolgt von der Einzelfirma (35%) und der Aktiengesellschaft (AG) mit 18%. <\/span><\/p>\n<p>Hier die \u00dcbersicht \u00fcber die Zahlen, aufgeschl\u00fcsselt nach Regionen und Kantonen:<\/p>\n<p><img loading=\"lazy\" decoding=\"async\" class=\"alignnone size-full wp-image-3390\" src=\"https:\/\/www.organisator.ch\/wp-content\/uploads\/2018\/04\/Firmengruendungs-Boom-setzt-sich-2018-fort_Organisator.jpg\" alt=\"\" width=\"480\" height=\"582\" srcset=\"https:\/\/www.organisator.ch\/wp-content\/uploads\/2018\/04\/Firmengruendungs-Boom-setzt-sich-2018-fort_Organisator.jpg 480w, https:\/\/www.organisator.ch\/wp-content\/uploads\/2018\/04\/Firmengruendungs-Boom-setzt-sich-2018-fort_Organisator-10x12.jpg 10w, https:\/\/www.organisator.ch\/wp-content\/uploads\/2018\/04\/Firmengruendungs-Boom-setzt-sich-2018-fort_Organisator-144x175.jpg 144w, https:\/\/www.organisator.ch\/wp-content\/uploads\/2018\/04\/Firmengruendungs-Boom-setzt-sich-2018-fort_Organisator-289x350.jpg 289w, https:\/\/www.organisator.ch\/wp-content\/uploads\/2018\/04\/Firmengruendungs-Boom-setzt-sich-2018-fort_Organisator-300x364.jpg 300w\" sizes=\"auto, (max-width: 480px) 100vw, 480px\" \/><\/p>\n<p><a href=\"http:\/\/www.ifj.ch\"><em>www.ifj.ch<\/em><\/a><\/p>\n","protected":false},"excerpt":{"rendered":"<p>Der Firmengr\u00fcndungs-Boom scheint sich nach dem Rekord-Jahr 2017 auch im ersten Quartal 2018 fortzusetzen. Dies teilte das Institut f\u00fcr Jungunternehmen in St.Gallen Anfang April mit. Die Gr\u00fcndungen stiegen demnach im ersten Quartal 2018 mit 11\u2019036 Neueintragungen ins Handelsregister um 0.4% gegen\u00fcber dem Vorjahr. Dies vor allem Dank einem sehr starken Januar (6.7%) und einem ebenfalls [&hellip;]<\/p>\n","protected":false},"author":4,"featured_media":2931,"comment_status":"open","ping_status":"open","sticky":false,"template":"","format":"standard","meta":{"_acf_changed":false,"_yoast_wpseo_focuskw":"Firmengr\u00fcndungs-Boom","_yoast_wpseo_metadesc":"2017 gilt als Rekordjahr was Firmengr\u00fcndungen in der Schweiz angeht. Und der Firmengr\u00fcndungs-Boom scheint sich fortzusetzen.","articlekey":"","footnotes":""},"categories":[1],"tags":[205,451,492,531],"class_list":["post-3389","post","type-post","status-publish","format-standard","has-post-thumbnail","hentry","category-allgemein","tag-firmengruendungen","tag-startups","tag-unternehmen","tag-wirtschaftspolitik"],"acf":[],"yoast_head":"<!-- This site is optimized with the Yoast SEO plugin v27.5 - https:\/\/yoast.com\/product\/yoast-seo-wordpress\/ -->\n<title>Firmengr\u00fcndungs-Boom setzt sich 2018 fort - Organisator<\/title>\n<meta name=\"description\" content=\"2017 gilt als Rekordjahr was Firmengr\u00fcndungen in der Schweiz angeht. Und der Firmengr\u00fcndungs-Boom scheint sich fortzusetzen.\" \/>\n<meta name=\"robots\" content=\"index, follow, max-snippet:-1, max-image-preview:large, max-video-preview:-1\" \/>\n<link rel=\"canonical\" href=\"https:\/\/www.organisator.ch\/de\/allgemein\/2018-04-03\/firmengruendungs-boom-setzt-sich-2018-fort\/\" \/>\n<meta property=\"og:locale\" content=\"de_DE\" \/>\n<meta property=\"og:type\" content=\"article\" \/>\n<meta property=\"og:title\" content=\"Firmengr\u00fcndungs-Boom setzt sich 2018 fort\" \/>\n<meta property=\"og:description\" content=\"2017 gilt als #Rekordjahr was #Firmengr\u00fcndungen in der Schweiz angeht. Und der #Firmengr\u00fcndungs-Boom scheint sich fortzusetzen.\" \/>\n<meta property=\"og:url\" content=\"https:\/\/www.organisator.ch\/de\/allgemein\/2018-04-03\/firmengruendungs-boom-setzt-sich-2018-fort\/\" \/>\n<meta property=\"og:site_name\" content=\"Organisator\" \/>\n<meta property=\"article:publisher\" content=\"https:\/\/www.facebook.com\/OrganisatorFachmagazin\" \/>\n<meta property=\"article:published_time\" content=\"2018-04-03T15:06:00+00:00\" \/>\n<meta property=\"og:image\" content=\"https:\/\/www.organisator.ch\/wp-content\/uploads\/2018\/01\/Rekordhohe-Anzahl-Firmengruendungen-in-der-Schweiz-1_Organisator.jpg\" \/>\n\t<meta property=\"og:image:width\" content=\"640\" \/>\n\t<meta property=\"og:image:height\" content=\"364\" \/>\n\t<meta property=\"og:image:type\" content=\"image\/jpeg\" \/>\n<meta name=\"author\" content=\"thomas.berner\" \/>\n<meta name=\"twitter:card\" content=\"summary_large_image\" \/>\n<meta name=\"twitter:title\" content=\"#Firmengr\u00fcndungs-Boom setzt sich 2018 fort\" \/>\n<meta name=\"twitter:description\" content=\"2017 gilt als #Rekordjahr was #Firmengr\u00fcndungen in der Schweiz angeht. Und der #Firmengr\u00fcndungs-Boom scheint sich fortzusetzen.\" \/>\n<meta name=\"twitter:image\" content=\"https:\/\/www.organisator.ch\/wp-content\/uploads\/2018\/01\/Rekordhohe-Anzahl-Firmengr\u00fcndungen-in-der-Schweiz-1_Organisator.jpg\" \/>\n<script type=\"application\/ld+json\" class=\"yoast-schema-graph\">{\"@context\":\"https:\\\/\\\/schema.org\",\"@graph\":[{\"@type\":\"Article\",\"@id\":\"https:\\\/\\\/www.organisator.ch\\\/en\\\/general\\\/2018-04-03\\\/firmengruendungs-boom-setzt-sich-2018-fort\\\/#article\",\"isPartOf\":{\"@id\":\"https:\\\/\\\/www.organisator.ch\\\/en\\\/general\\\/2018-04-03\\\/firmengruendungs-boom-setzt-sich-2018-fort\\\/\"},\"author\":{\"name\":\"thomas.berner\",\"@id\":\"https:\\\/\\\/www.organisator.ch\\\/#\\\/schema\\\/person\\\/6f650f90b2842cd4c0cc334b4e36f67e\"},\"headline\":\"Firmengr\u00fcndungs-Boom setzt sich 2018 fort\",\"datePublished\":\"2018-04-03T15:06:00+00:00\",\"mainEntityOfPage\":{\"@id\":\"https:\\\/\\\/www.organisator.ch\\\/en\\\/general\\\/2018-04-03\\\/firmengruendungs-boom-setzt-sich-2018-fort\\\/\"},\"wordCount\":207,\"commentCount\":0,\"publisher\":{\"@id\":\"https:\\\/\\\/www.organisator.ch\\\/#organization\"},\"image\":{\"@id\":\"https:\\\/\\\/www.organisator.ch\\\/en\\\/general\\\/2018-04-03\\\/firmengruendungs-boom-setzt-sich-2018-fort\\\/#primaryimage\"},\"thumbnailUrl\":\"https:\\\/\\\/www.organisator.ch\\\/wp-content\\\/uploads\\\/2018\\\/01\\\/Rekordhohe-Anzahl-Firmengruendungen-in-der-Schweiz-1_Organisator.jpg\",\"keywords\":[\"Firmengr\u00fcndungen\",\"Startups\",\"Unternehmen\",\"Wirtschaftspolitik\"],\"inLanguage\":\"de\"},{\"@type\":\"WebPage\",\"@id\":\"https:\\\/\\\/www.organisator.ch\\\/en\\\/general\\\/2018-04-03\\\/firmengruendungs-boom-setzt-sich-2018-fort\\\/\",\"url\":\"https:\\\/\\\/www.organisator.ch\\\/en\\\/general\\\/2018-04-03\\\/firmengruendungs-boom-setzt-sich-2018-fort\\\/\",\"name\":\"Firmengr\u00fcndungs-Boom setzt sich 2018 fort - Organisator\",\"isPartOf\":{\"@id\":\"https:\\\/\\\/www.organisator.ch\\\/#website\"},\"primaryImageOfPage\":{\"@id\":\"https:\\\/\\\/www.organisator.ch\\\/en\\\/general\\\/2018-04-03\\\/firmengruendungs-boom-setzt-sich-2018-fort\\\/#primaryimage\"},\"image\":{\"@id\":\"https:\\\/\\\/www.organisator.ch\\\/en\\\/general\\\/2018-04-03\\\/firmengruendungs-boom-setzt-sich-2018-fort\\\/#primaryimage\"},\"thumbnailUrl\":\"https:\\\/\\\/www.organisator.ch\\\/wp-content\\\/uploads\\\/2018\\\/01\\\/Rekordhohe-Anzahl-Firmengruendungen-in-der-Schweiz-1_Organisator.jpg\",\"datePublished\":\"2018-04-03T15:06:00+00:00\",\"description\":\"2017 gilt als Rekordjahr was Firmengr\u00fcndungen in der Schweiz angeht. Und der Firmengr\u00fcndungs-Boom scheint sich fortzusetzen.\",\"breadcrumb\":{\"@id\":\"https:\\\/\\\/www.organisator.ch\\\/en\\\/general\\\/2018-04-03\\\/firmengruendungs-boom-setzt-sich-2018-fort\\\/#breadcrumb\"},\"inLanguage\":\"de\",\"potentialAction\":[{\"@type\":\"ReadAction\",\"target\":[\"https:\\\/\\\/www.organisator.ch\\\/en\\\/general\\\/2018-04-03\\\/firmengruendungs-boom-setzt-sich-2018-fort\\\/\"]}]},{\"@type\":\"ImageObject\",\"inLanguage\":\"de\",\"@id\":\"https:\\\/\\\/www.organisator.ch\\\/en\\\/general\\\/2018-04-03\\\/firmengruendungs-boom-setzt-sich-2018-fort\\\/#primaryimage\",\"url\":\"https:\\\/\\\/www.organisator.ch\\\/wp-content\\\/uploads\\\/2018\\\/01\\\/Rekordhohe-Anzahl-Firmengruendungen-in-der-Schweiz-1_Organisator.jpg\",\"contentUrl\":\"https:\\\/\\\/www.organisator.ch\\\/wp-content\\\/uploads\\\/2018\\\/01\\\/Rekordhohe-Anzahl-Firmengruendungen-in-der-Schweiz-1_Organisator.jpg\",\"width\":640,\"height\":364,\"caption\":\"Der Firmengr\u00fcndungs-Boom setzt sich in der Schweiz auch im ersten Quartal 2018 fort. (Bild: Bild: Fotolia.com)\"},{\"@type\":\"BreadcrumbList\",\"@id\":\"https:\\\/\\\/www.organisator.ch\\\/en\\\/general\\\/2018-04-03\\\/firmengruendungs-boom-setzt-sich-2018-fort\\\/#breadcrumb\",\"itemListElement\":[{\"@type\":\"ListItem\",\"position\":1,\"name\":\"Home\",\"item\":\"https:\\\/\\\/www.organisator.ch\\\/\"},{\"@type\":\"ListItem\",\"position\":2,\"name\":\"Firmengr\u00fcndungs-Boom setzt sich 2018 fort\"}]},{\"@type\":\"WebSite\",\"@id\":\"https:\\\/\\\/www.organisator.ch\\\/#website\",\"url\":\"https:\\\/\\\/www.organisator.ch\\\/\",\"name\":\"Organisator\",\"description\":\"Kompetent. Praxisnah. Der ORGANISATOR bereitet in 10 Ausgaben pro Jahr die wesentlichen Themen f\u00fcr F\u00fchrungskr\u00e4fte von KMU auf.\",\"publisher\":{\"@id\":\"https:\\\/\\\/www.organisator.ch\\\/#organization\"},\"potentialAction\":[{\"@type\":\"SearchAction\",\"target\":{\"@type\":\"EntryPoint\",\"urlTemplate\":\"https:\\\/\\\/www.organisator.ch\\\/?s={search_term_string}\"},\"query-input\":{\"@type\":\"PropertyValueSpecification\",\"valueRequired\":true,\"valueName\":\"search_term_string\"}}],\"inLanguage\":\"de\"},{\"@type\":\"Organization\",\"@id\":\"https:\\\/\\\/www.organisator.ch\\\/#organization\",\"name\":\"Organisator\",\"url\":\"https:\\\/\\\/www.organisator.ch\\\/\",\"logo\":{\"@type\":\"ImageObject\",\"inLanguage\":\"de\",\"@id\":\"https:\\\/\\\/www.organisator.ch\\\/#\\\/schema\\\/logo\\\/image\\\/\",\"url\":\"https:\\\/\\\/www.organisator.ch\\\/wp-content\\\/uploads\\\/2022\\\/01\\\/Logo_Organisator_Website.png\",\"contentUrl\":\"https:\\\/\\\/www.organisator.ch\\\/wp-content\\\/uploads\\\/2022\\\/01\\\/Logo_Organisator_Website.png\",\"width\":800,\"height\":77,\"caption\":\"Organisator\"},\"image\":{\"@id\":\"https:\\\/\\\/www.organisator.ch\\\/#\\\/schema\\\/logo\\\/image\\\/\"},\"sameAs\":[\"https:\\\/\\\/www.facebook.com\\\/OrganisatorFachmagazin\",\"https:\\\/\\\/www.linkedin.com\\\/showcase\\\/organisator-das-magazin-fr-kmu\",\"https:\\\/\\\/www.xing.com\\\/news\\\/pages\\\/organisator-ch-695\",\"https:\\\/\\\/www.youtube.com\\\/channel\\\/UCGP2Sq0iWaZwT3BdIAQFYpw\"]},{\"@type\":\"Person\",\"@id\":\"https:\\\/\\\/www.organisator.ch\\\/#\\\/schema\\\/person\\\/6f650f90b2842cd4c0cc334b4e36f67e\",\"name\":\"thomas.berner\",\"image\":{\"@type\":\"ImageObject\",\"inLanguage\":\"de\",\"@id\":\"https:\\\/\\\/secure.gravatar.com\\\/avatar\\\/ac5001d2a36cb6c6cd3e50789007ffca834b477b74a2144564522e944eabff61?s=96&d=mm&r=g\",\"url\":\"https:\\\/\\\/secure.gravatar.com\\\/avatar\\\/ac5001d2a36cb6c6cd3e50789007ffca834b477b74a2144564522e944eabff61?s=96&d=mm&r=g\",\"contentUrl\":\"https:\\\/\\\/secure.gravatar.com\\\/avatar\\\/ac5001d2a36cb6c6cd3e50789007ffca834b477b74a2144564522e944eabff61?s=96&d=mm&r=g\",\"caption\":\"thomas.berner\"},\"url\":\"https:\\\/\\\/www.organisator.ch\\\/de\\\/author\\\/thomas-berner\\\/\"}]}<\/script>\n<!-- \/ Yoast SEO plugin. -->","yoast_head_json":{"title":"Firmengr\u00fcndungs-Boom setzt sich 2018 fort - Organisator","description":"2017 gilt als Rekordjahr was Firmengr\u00fcndungen in der Schweiz angeht. Und der Firmengr\u00fcndungs-Boom scheint sich fortzusetzen.","robots":{"index":"index","follow":"follow","max-snippet":"max-snippet:-1","max-image-preview":"max-image-preview:large","max-video-preview":"max-video-preview:-1"},"canonical":"https:\/\/www.organisator.ch\/de\/allgemein\/2018-04-03\/firmengruendungs-boom-setzt-sich-2018-fort\/","og_locale":"de_DE","og_type":"article","og_title":"Firmengr\u00fcndungs-Boom setzt sich 2018 fort","og_description":"2017 gilt als #Rekordjahr was #Firmengr\u00fcndungen in der Schweiz angeht. Und der #Firmengr\u00fcndungs-Boom scheint sich fortzusetzen.","og_url":"https:\/\/www.organisator.ch\/de\/allgemein\/2018-04-03\/firmengruendungs-boom-setzt-sich-2018-fort\/","og_site_name":"Organisator","article_publisher":"https:\/\/www.facebook.com\/OrganisatorFachmagazin","article_published_time":"2018-04-03T15:06:00+00:00","og_image":[{"width":640,"height":364,"url":"https:\/\/www.organisator.ch\/wp-content\/uploads\/2018\/01\/Rekordhohe-Anzahl-Firmengruendungen-in-der-Schweiz-1_Organisator.jpg","type":"image\/jpeg"}],"author":"thomas.berner","twitter_card":"summary_large_image","twitter_title":"#Firmengr\u00fcndungs-Boom setzt sich 2018 fort","twitter_description":"2017 gilt als #Rekordjahr was #Firmengr\u00fcndungen in der Schweiz angeht. Und der #Firmengr\u00fcndungs-Boom scheint sich fortzusetzen.","twitter_image":"https:\/\/www.organisator.ch\/wp-content\/uploads\/2018\/01\/Rekordhohe-Anzahl-Firmengr\u00fcndungen-in-der-Schweiz-1_Organisator.jpg","schema":{"@context":"https:\/\/schema.org","@graph":[{"@type":"Article","@id":"https:\/\/www.organisator.ch\/en\/general\/2018-04-03\/firmengruendungs-boom-setzt-sich-2018-fort\/#article","isPartOf":{"@id":"https:\/\/www.organisator.ch\/en\/general\/2018-04-03\/firmengruendungs-boom-setzt-sich-2018-fort\/"},"author":{"name":"thomas.berner","@id":"https:\/\/www.organisator.ch\/#\/schema\/person\/6f650f90b2842cd4c0cc334b4e36f67e"},"headline":"Firmengr\u00fcndungs-Boom setzt sich 2018 fort","datePublished":"2018-04-03T15:06:00+00:00","mainEntityOfPage":{"@id":"https:\/\/www.organisator.ch\/en\/general\/2018-04-03\/firmengruendungs-boom-setzt-sich-2018-fort\/"},"wordCount":207,"commentCount":0,"publisher":{"@id":"https:\/\/www.organisator.ch\/#organization"},"image":{"@id":"https:\/\/www.organisator.ch\/en\/general\/2018-04-03\/firmengruendungs-boom-setzt-sich-2018-fort\/#primaryimage"},"thumbnailUrl":"https:\/\/www.organisator.ch\/wp-content\/uploads\/2018\/01\/Rekordhohe-Anzahl-Firmengruendungen-in-der-Schweiz-1_Organisator.jpg","keywords":["Firmengr\u00fcndungen","Startups","Unternehmen","Wirtschaftspolitik"],"inLanguage":"de"},{"@type":"WebPage","@id":"https:\/\/www.organisator.ch\/en\/general\/2018-04-03\/firmengruendungs-boom-setzt-sich-2018-fort\/","url":"https:\/\/www.organisator.ch\/en\/general\/2018-04-03\/firmengruendungs-boom-setzt-sich-2018-fort\/","name":"Firmengr\u00fcndungs-Boom setzt sich 2018 fort - Organisator","isPartOf":{"@id":"https:\/\/www.organisator.ch\/#website"},"primaryImageOfPage":{"@id":"https:\/\/www.organisator.ch\/en\/general\/2018-04-03\/firmengruendungs-boom-setzt-sich-2018-fort\/#primaryimage"},"image":{"@id":"https:\/\/www.organisator.ch\/en\/general\/2018-04-03\/firmengruendungs-boom-setzt-sich-2018-fort\/#primaryimage"},"thumbnailUrl":"https:\/\/www.organisator.ch\/wp-content\/uploads\/2018\/01\/Rekordhohe-Anzahl-Firmengruendungen-in-der-Schweiz-1_Organisator.jpg","datePublished":"2018-04-03T15:06:00+00:00","description":"2017 gilt als Rekordjahr was Firmengr\u00fcndungen in der Schweiz angeht. Und der Firmengr\u00fcndungs-Boom scheint sich fortzusetzen.","breadcrumb":{"@id":"https:\/\/www.organisator.ch\/en\/general\/2018-04-03\/firmengruendungs-boom-setzt-sich-2018-fort\/#breadcrumb"},"inLanguage":"de","potentialAction":[{"@type":"ReadAction","target":["https:\/\/www.organisator.ch\/en\/general\/2018-04-03\/firmengruendungs-boom-setzt-sich-2018-fort\/"]}]},{"@type":"ImageObject","inLanguage":"de","@id":"https:\/\/www.organisator.ch\/en\/general\/2018-04-03\/firmengruendungs-boom-setzt-sich-2018-fort\/#primaryimage","url":"https:\/\/www.organisator.ch\/wp-content\/uploads\/2018\/01\/Rekordhohe-Anzahl-Firmengruendungen-in-der-Schweiz-1_Organisator.jpg","contentUrl":"https:\/\/www.organisator.ch\/wp-content\/uploads\/2018\/01\/Rekordhohe-Anzahl-Firmengruendungen-in-der-Schweiz-1_Organisator.jpg","width":640,"height":364,"caption":"Der Firmengr\u00fcndungs-Boom setzt sich in der Schweiz auch im ersten Quartal 2018 fort. (Bild: Bild: Fotolia.com)"},{"@type":"BreadcrumbList","@id":"https:\/\/www.organisator.ch\/en\/general\/2018-04-03\/firmengruendungs-boom-setzt-sich-2018-fort\/#breadcrumb","itemListElement":[{"@type":"ListItem","position":1,"name":"Home","item":"https:\/\/www.organisator.ch\/"},{"@type":"ListItem","position":2,"name":"Firmengr\u00fcndungs-Boom setzt sich 2018 fort"}]},{"@type":"WebSite","@id":"https:\/\/www.organisator.ch\/#website","url":"https:\/\/www.organisator.ch\/","name":"Organisator","description":"Kompetent. Praxisnah. Der ORGANISATOR bereitet in 10 Ausgaben pro Jahr die wesentlichen Themen f\u00fcr F\u00fchrungskr\u00e4fte von KMU auf.","publisher":{"@id":"https:\/\/www.organisator.ch\/#organization"},"potentialAction":[{"@type":"SearchAction","target":{"@type":"EntryPoint","urlTemplate":"https:\/\/www.organisator.ch\/?s={search_term_string}"},"query-input":{"@type":"PropertyValueSpecification","valueRequired":true,"valueName":"search_term_string"}}],"inLanguage":"de"},{"@type":"Organization","@id":"https:\/\/www.organisator.ch\/#organization","name":"Organisator","url":"https:\/\/www.organisator.ch\/","logo":{"@type":"ImageObject","inLanguage":"de","@id":"https:\/\/www.organisator.ch\/#\/schema\/logo\/image\/","url":"https:\/\/www.organisator.ch\/wp-content\/uploads\/2022\/01\/Logo_Organisator_Website.png","contentUrl":"https:\/\/www.organisator.ch\/wp-content\/uploads\/2022\/01\/Logo_Organisator_Website.png","width":800,"height":77,"caption":"Organisator"},"image":{"@id":"https:\/\/www.organisator.ch\/#\/schema\/logo\/image\/"},"sameAs":["https:\/\/www.facebook.com\/OrganisatorFachmagazin","https:\/\/www.linkedin.com\/showcase\/organisator-das-magazin-fr-kmu","https:\/\/www.xing.com\/news\/pages\/organisator-ch-695","https:\/\/www.youtube.com\/channel\/UCGP2Sq0iWaZwT3BdIAQFYpw"]},{"@type":"Person","@id":"https:\/\/www.organisator.ch\/#\/schema\/person\/6f650f90b2842cd4c0cc334b4e36f67e","name":"thomas.berner","image":{"@type":"ImageObject","inLanguage":"de","@id":"https:\/\/secure.gravatar.com\/avatar\/ac5001d2a36cb6c6cd3e50789007ffca834b477b74a2144564522e944eabff61?s=96&d=mm&r=g","url":"https:\/\/secure.gravatar.com\/avatar\/ac5001d2a36cb6c6cd3e50789007ffca834b477b74a2144564522e944eabff61?s=96&d=mm&r=g","contentUrl":"https:\/\/secure.gravatar.com\/avatar\/ac5001d2a36cb6c6cd3e50789007ffca834b477b74a2144564522e944eabff61?s=96&d=mm&r=g","caption":"thomas.berner"},"url":"https:\/\/www.organisator.ch\/de\/author\/thomas-berner\/"}]}},"_links":{"self":[{"href":"https:\/\/www.organisator.ch\/de\/wp-json\/wp\/v2\/posts\/3389","targetHints":{"allow":["GET"]}}],"collection":[{"href":"https:\/\/www.organisator.ch\/de\/wp-json\/wp\/v2\/posts"}],"about":[{"href":"https:\/\/www.organisator.ch\/de\/wp-json\/wp\/v2\/types\/post"}],"author":[{"embeddable":true,"href":"https:\/\/www.organisator.ch\/de\/wp-json\/wp\/v2\/users\/4"}],"replies":[{"embeddable":true,"href":"https:\/\/www.organisator.ch\/de\/wp-json\/wp\/v2\/comments?post=3389"}],"version-history":[{"count":0,"href":"https:\/\/www.organisator.ch\/de\/wp-json\/wp\/v2\/posts\/3389\/revisions"}],"wp:featuredmedia":[{"embeddable":true,"href":"https:\/\/www.organisator.ch\/de\/wp-json\/wp\/v2\/media\/2931"}],"wp:attachment":[{"href":"https:\/\/www.organisator.ch\/de\/wp-json\/wp\/v2\/media?parent=3389"}],"wp:term":[{"taxonomy":"category","embeddable":true,"href":"https:\/\/www.organisator.ch\/de\/wp-json\/wp\/v2\/categories?post=3389"},{"taxonomy":"post_tag","embeddable":true,"href":"https:\/\/www.organisator.ch\/de\/wp-json\/wp\/v2\/tags?post=3389"}],"curies":[{"name":"wp","href":"https:\/\/api.w.org\/{rel}","templated":true}]}}