{"id":33910,"date":"2024-11-21T16:43:06","date_gmt":"2024-11-21T15:43:06","guid":{"rendered":"https:\/\/www.markt-kom.com\/?p=226933"},"modified":"2024-11-25T16:14:53","modified_gmt":"2024-11-25T15:14:53","slug":"world-of-wonders-lenzerheide-positioniert-sich-neu","status":"publish","type":"post","link":"https:\/\/www.organisator.ch\/de\/marketing\/2024-11-21\/world-of-wonders-lenzerheide-positioniert-sich-neu\/","title":{"rendered":"World of wonders: Lenzerheide positioniert sich neu"},"content":{"rendered":"<p>&nbsp;<\/p>\r\n<p><img class=\"alignnone wp-image-226934 size-full\" src=\"https:\/\/www.markt-kom.com\/wp-content\/uploads\/2024\/11\/wow-lenzerheide-erlebnisdestination.jpg\" sizes=\"(max-width: 1200px) 100vw, 1200px\" srcset=\"https:\/\/www.markt-kom.com\/wp-content\/uploads\/2024\/11\/wow-lenzerheide-erlebnisdestination.jpg 1200w, https:\/\/www.markt-kom.com\/wp-content\/uploads\/2024\/11\/wow-lenzerheide-erlebnisdestination-600x450.jpg 600w, https:\/\/www.markt-kom.com\/wp-content\/uploads\/2024\/11\/wow-lenzerheide-erlebnisdestination-1024x767.jpg 1024w, https:\/\/www.markt-kom.com\/wp-content\/uploads\/2024\/11\/wow-lenzerheide-erlebnisdestination-768x575.jpg 768w, https:\/\/www.markt-kom.com\/wp-content\/uploads\/2024\/11\/wow-lenzerheide-erlebnisdestination-16x12.jpg 16w, https:\/\/www.markt-kom.com\/wp-content\/uploads\/2024\/11\/wow-lenzerheide-erlebnisdestination-234x175.jpg 234w, https:\/\/www.markt-kom.com\/wp-content\/uploads\/2024\/11\/wow-lenzerheide-erlebnisdestination-467x350.jpg 467w, https:\/\/www.markt-kom.com\/wp-content\/uploads\/2024\/11\/wow-lenzerheide-erlebnisdestination-1000x749.jpg 1000w\" alt=\"W.O.W. Lenzerheide\" width=\"1200\" height=\"899\" \/>Mit <a href=\"https:\/\/arosalenzerheide.swiss\/de\/Lenzerheide\/Winter\/Bucketlist-Winter\" rel=\"noopener\">\u00abW.O.W.\u00bb<\/a> soll den Besuchenden ein vielf\u00e4ltiges Angebot geboten werden, das sowohl Sommer- als auch Winteraktivit\u00e4ten umfasst. Ziel sei es, G\u00e4ste mit Erlebnissen, Begegnungen und Entspannung in der Natur zu begeistern, erkl\u00e4rt Marc Schl\u00fcssel, CEO der Ferienregion Lenzerheide. Zu den neuen Attraktionen z\u00e4hlen etwa der Begegnungsplatz \u00abW.O.W. Plaza\u00bb im Ortskern, ein Outdoor-Spa im Sommer und ein Winter-Glamping-Pop-up. Bestehende Highlights wie das Skigebiet Arosa Lenzerheide, der Zauberwald oder das interaktive Schlittelerlebnis \u00abLight Ride\u00bb bleiben ebenfalls integraler Bestandteil der Destination.<\/p>\r\n<h3><strong>Regionale Zusammenarbeit<\/strong><\/h3>\r\n<p>F\u00fcr \u00abW.O.W.\u00bb spannen verschiedene lokale Partner aus Hotellerie, Gastronomie und Bergbahnen zusammen. \u00abDieses Projekt zeigt, was m\u00f6glich ist, wenn alle an einem Strang ziehen\u00bb, so Schl\u00fcssel. Ziel sei es, nicht nur die Attraktivit\u00e4t der Destination zu erh\u00f6hen, sondern auch den Betrieb nachhaltiger und effizienter zu gestalten. \u00abW.O.W.\u00bb solle dabei nicht nur als Erlebnismarke verstanden werden, sondern auch als Leitmotiv f\u00fcr Servicequalit\u00e4t und Innovation.<\/p>\r\n<p>Zum Start der Wintersaison begleitet ein Film mit Freeskier Nico Vuignier und Skilegende Didier Cuche die Neupositionierung. Der Film feiert am Mittwoch Premiere.<\/p>\r\n<p><iframe title=\"Sneak peek | world of wonders | Lenzerheide\" src=\"https:\/\/www.youtube.com\/embed\/RCxkNVcombg?feature=oembed\" width=\"768\" height=\"432\" frameborder=\"0\" allowfullscreen=\"allowfullscreen\"><\/iframe><\/p>","protected":false},"excerpt":{"rendered":"<p>Die Ferienregion Lenzerheide hat sich neu positioniert und pr\u00e4sentiert sich als \u00abworld of wonders\u00bb (W.O.W.) \u2013 eine alpine Erlebniswelt, die Abenteuer und Natur verbindet. Mit diesem Konzept soll die Region als Ganzjahresdestination gest\u00e4rkt werden, wie es von der Ferienregion heisst. Mit der Neuausrichtung wird die Zukunftsstrategie fortgef\u00fchrt.<\/p>\n","protected":false},"author":8,"featured_media":0,"comment_status":"closed","ping_status":"closed","sticky":false,"template":"","format":"standard","meta":{"_acf_changed":false,"_yoast_wpseo_focuskw":"W.O.W. Lenzerheide","_yoast_wpseo_metadesc":"W.O.W. in Lenzerheide bietet Sommer- und Winteraktivit\u00e4ten, von Outdoor-Spa bis Winter-Glamping. Zusammenarbeit lokaler Partner st\u00e4rkt die Region.","articlekey":"","footnotes":""},"categories":[29],"tags":[690,2644,4343,4838,2317,4837,543],"class_list":["post-33910","post","type-post","status-publish","format-standard","hentry","category-marketing","tag-aktivitaeten","tag-lenzerheide","tag-markom","tag-natur","tag-tourismus","tag-w-o-w","tag-zusammenarbeit"],"acf":[],"yoast_head":"<!-- This site is optimized with the Yoast SEO plugin v27.4 - https:\/\/yoast.com\/product\/yoast-seo-wordpress\/ -->\n<title>World of wonders: Lenzerheide positioniert sich neu - Organisator<\/title>\n<meta name=\"description\" content=\"W.O.W. in Lenzerheide bietet Sommer- und Winteraktivit\u00e4ten, von Outdoor-Spa bis Winter-Glamping. Zusammenarbeit lokaler Partner st\u00e4rkt die Region.\" \/>\n<meta name=\"robots\" content=\"index, follow, max-snippet:-1, max-image-preview:large, max-video-preview:-1\" \/>\n<link rel=\"canonical\" href=\"https:\/\/www.organisator.ch\/de\/marketing\/2024-11-21\/world-of-wonders-lenzerheide-positioniert-sich-neu\/\" \/>\n<meta property=\"og:locale\" content=\"de_DE\" \/>\n<meta property=\"og:type\" content=\"article\" \/>\n<meta property=\"og:title\" content=\"World of wonders: Lenzerheide positioniert sich neu - Organisator\" \/>\n<meta property=\"og:description\" content=\"W.O.W. in Lenzerheide bietet Sommer- und Winteraktivit\u00e4ten, von Outdoor-Spa bis Winter-Glamping. Zusammenarbeit lokaler Partner st\u00e4rkt die Region.\" \/>\n<meta property=\"og:url\" content=\"https:\/\/www.organisator.ch\/de\/marketing\/2024-11-21\/world-of-wonders-lenzerheide-positioniert-sich-neu\/\" \/>\n<meta property=\"og:site_name\" content=\"Organisator\" \/>\n<meta property=\"article:publisher\" content=\"https:\/\/www.facebook.com\/OrganisatorFachmagazin\" \/>\n<meta property=\"article:published_time\" content=\"2024-11-21T15:43:06+00:00\" \/>\n<meta property=\"article:modified_time\" content=\"2024-11-25T15:14:53+00:00\" \/>\n<meta name=\"author\" content=\"galledia\" \/>\n<meta name=\"twitter:card\" content=\"summary_large_image\" \/>\n<meta name=\"twitter:creator\" content=\"@admin\" \/>\n<script type=\"application\/ld+json\" class=\"yoast-schema-graph\">{\"@context\":\"https:\\\/\\\/schema.org\",\"@graph\":[{\"@type\":\"Article\",\"@id\":\"https:\\\/\\\/www.organisator.ch\\\/marketing\\\/2024-11-21\\\/world-of-wonders-lenzerheide-positioniert-sich-neu\\\/#article\",\"isPartOf\":{\"@id\":\"https:\\\/\\\/www.organisator.ch\\\/marketing\\\/2024-11-21\\\/world-of-wonders-lenzerheide-positioniert-sich-neu\\\/\"},\"author\":{\"name\":\"galledia\",\"@id\":\"https:\\\/\\\/www.organisator.ch\\\/#\\\/schema\\\/person\\\/4e51799071cd2dd1232ac003643ef5f0\"},\"headline\":\"World of wonders: Lenzerheide positioniert sich neu\",\"datePublished\":\"2024-11-21T15:43:06+00:00\",\"dateModified\":\"2024-11-25T15:14:53+00:00\",\"mainEntityOfPage\":{\"@id\":\"https:\\\/\\\/www.organisator.ch\\\/marketing\\\/2024-11-21\\\/world-of-wonders-lenzerheide-positioniert-sich-neu\\\/\"},\"wordCount\":195,\"publisher\":{\"@id\":\"https:\\\/\\\/www.organisator.ch\\\/#organization\"},\"image\":{\"@id\":\"https:\\\/\\\/www.organisator.ch\\\/marketing\\\/2024-11-21\\\/world-of-wonders-lenzerheide-positioniert-sich-neu\\\/#primaryimage\"},\"thumbnailUrl\":\"https:\\\/\\\/www.markt-kom.com\\\/wp-content\\\/uploads\\\/2024\\\/11\\\/wow-lenzerheide-erlebnisdestination.jpg\",\"keywords\":[\"Aktivit\u00e4ten\",\"Lenzerheide\",\"MarKom\",\"Natur\",\"Tourismus\",\"W.O.W.\",\"Zusammenarbeit\"],\"articleSection\":[\"MARKETING\"],\"inLanguage\":\"de\"},{\"@type\":\"WebPage\",\"@id\":\"https:\\\/\\\/www.organisator.ch\\\/marketing\\\/2024-11-21\\\/world-of-wonders-lenzerheide-positioniert-sich-neu\\\/\",\"url\":\"https:\\\/\\\/www.organisator.ch\\\/marketing\\\/2024-11-21\\\/world-of-wonders-lenzerheide-positioniert-sich-neu\\\/\",\"name\":\"World of wonders: Lenzerheide positioniert sich neu - Organisator\",\"isPartOf\":{\"@id\":\"https:\\\/\\\/www.organisator.ch\\\/#website\"},\"primaryImageOfPage\":{\"@id\":\"https:\\\/\\\/www.organisator.ch\\\/marketing\\\/2024-11-21\\\/world-of-wonders-lenzerheide-positioniert-sich-neu\\\/#primaryimage\"},\"image\":{\"@id\":\"https:\\\/\\\/www.organisator.ch\\\/marketing\\\/2024-11-21\\\/world-of-wonders-lenzerheide-positioniert-sich-neu\\\/#primaryimage\"},\"thumbnailUrl\":\"https:\\\/\\\/www.markt-kom.com\\\/wp-content\\\/uploads\\\/2024\\\/11\\\/wow-lenzerheide-erlebnisdestination.jpg\",\"datePublished\":\"2024-11-21T15:43:06+00:00\",\"dateModified\":\"2024-11-25T15:14:53+00:00\",\"description\":\"W.O.W. in Lenzerheide bietet Sommer- und Winteraktivit\u00e4ten, von Outdoor-Spa bis Winter-Glamping. Zusammenarbeit lokaler Partner st\u00e4rkt die Region.\",\"breadcrumb\":{\"@id\":\"https:\\\/\\\/www.organisator.ch\\\/marketing\\\/2024-11-21\\\/world-of-wonders-lenzerheide-positioniert-sich-neu\\\/#breadcrumb\"},\"inLanguage\":\"de\",\"potentialAction\":[{\"@type\":\"ReadAction\",\"target\":[\"https:\\\/\\\/www.organisator.ch\\\/marketing\\\/2024-11-21\\\/world-of-wonders-lenzerheide-positioniert-sich-neu\\\/\"]}]},{\"@type\":\"ImageObject\",\"inLanguage\":\"de\",\"@id\":\"https:\\\/\\\/www.organisator.ch\\\/marketing\\\/2024-11-21\\\/world-of-wonders-lenzerheide-positioniert-sich-neu\\\/#primaryimage\",\"url\":\"https:\\\/\\\/www.markt-kom.com\\\/wp-content\\\/uploads\\\/2024\\\/11\\\/wow-lenzerheide-erlebnisdestination.jpg\",\"contentUrl\":\"https:\\\/\\\/www.markt-kom.com\\\/wp-content\\\/uploads\\\/2024\\\/11\\\/wow-lenzerheide-erlebnisdestination.jpg\"},{\"@type\":\"BreadcrumbList\",\"@id\":\"https:\\\/\\\/www.organisator.ch\\\/marketing\\\/2024-11-21\\\/world-of-wonders-lenzerheide-positioniert-sich-neu\\\/#breadcrumb\",\"itemListElement\":[{\"@type\":\"ListItem\",\"position\":1,\"name\":\"Home\",\"item\":\"https:\\\/\\\/www.organisator.ch\\\/\"},{\"@type\":\"ListItem\",\"position\":2,\"name\":\"World of wonders: Lenzerheide positioniert sich neu\"}]},{\"@type\":\"WebSite\",\"@id\":\"https:\\\/\\\/www.organisator.ch\\\/#website\",\"url\":\"https:\\\/\\\/www.organisator.ch\\\/\",\"name\":\"Organisator\",\"description\":\"Kompetent. Praxisnah. Der ORGANISATOR bereitet in 10 Ausgaben pro Jahr die wesentlichen Themen f\u00fcr F\u00fchrungskr\u00e4fte von KMU auf.\",\"publisher\":{\"@id\":\"https:\\\/\\\/www.organisator.ch\\\/#organization\"},\"potentialAction\":[{\"@type\":\"SearchAction\",\"target\":{\"@type\":\"EntryPoint\",\"urlTemplate\":\"https:\\\/\\\/www.organisator.ch\\\/?s={search_term_string}\"},\"query-input\":{\"@type\":\"PropertyValueSpecification\",\"valueRequired\":true,\"valueName\":\"search_term_string\"}}],\"inLanguage\":\"de\"},{\"@type\":\"Organization\",\"@id\":\"https:\\\/\\\/www.organisator.ch\\\/#organization\",\"name\":\"Organisator\",\"url\":\"https:\\\/\\\/www.organisator.ch\\\/\",\"logo\":{\"@type\":\"ImageObject\",\"inLanguage\":\"de\",\"@id\":\"https:\\\/\\\/www.organisator.ch\\\/#\\\/schema\\\/logo\\\/image\\\/\",\"url\":\"https:\\\/\\\/www.organisator.ch\\\/wp-content\\\/uploads\\\/2022\\\/01\\\/Logo_Organisator_Website.png\",\"contentUrl\":\"https:\\\/\\\/www.organisator.ch\\\/wp-content\\\/uploads\\\/2022\\\/01\\\/Logo_Organisator_Website.png\",\"width\":800,\"height\":77,\"caption\":\"Organisator\"},\"image\":{\"@id\":\"https:\\\/\\\/www.organisator.ch\\\/#\\\/schema\\\/logo\\\/image\\\/\"},\"sameAs\":[\"https:\\\/\\\/www.facebook.com\\\/OrganisatorFachmagazin\",\"https:\\\/\\\/www.linkedin.com\\\/showcase\\\/organisator-das-magazin-fr-kmu\",\"https:\\\/\\\/www.xing.com\\\/news\\\/pages\\\/organisator-ch-695\",\"https:\\\/\\\/www.youtube.com\\\/channel\\\/UCGP2Sq0iWaZwT3BdIAQFYpw\"]},{\"@type\":\"Person\",\"@id\":\"https:\\\/\\\/www.organisator.ch\\\/#\\\/schema\\\/person\\\/4e51799071cd2dd1232ac003643ef5f0\",\"name\":\"galledia\",\"image\":{\"@type\":\"ImageObject\",\"inLanguage\":\"de\",\"@id\":\"https:\\\/\\\/secure.gravatar.com\\\/avatar\\\/78a7f90c01fc2bfc875782a0d4922b37cde2cf184ce347b91316d23cd7f69a36?s=96&d=mm&r=g\",\"url\":\"https:\\\/\\\/secure.gravatar.com\\\/avatar\\\/78a7f90c01fc2bfc875782a0d4922b37cde2cf184ce347b91316d23cd7f69a36?s=96&d=mm&r=g\",\"contentUrl\":\"https:\\\/\\\/secure.gravatar.com\\\/avatar\\\/78a7f90c01fc2bfc875782a0d4922b37cde2cf184ce347b91316d23cd7f69a36?s=96&d=mm&r=g\",\"caption\":\"galledia\"},\"sameAs\":[\"https:\\\/\\\/x.com\\\/admin\"],\"url\":\"https:\\\/\\\/www.organisator.ch\\\/de\\\/author\\\/galledia\\\/\"}]}<\/script>\n<!-- \/ Yoast SEO plugin. -->","yoast_head_json":{"title":"World of wonders: Lenzerheide positioniert sich neu - Organisator","description":"W.O.W. in Lenzerheide bietet Sommer- und Winteraktivit\u00e4ten, von Outdoor-Spa bis Winter-Glamping. Zusammenarbeit lokaler Partner st\u00e4rkt die Region.","robots":{"index":"index","follow":"follow","max-snippet":"max-snippet:-1","max-image-preview":"max-image-preview:large","max-video-preview":"max-video-preview:-1"},"canonical":"https:\/\/www.organisator.ch\/de\/marketing\/2024-11-21\/world-of-wonders-lenzerheide-positioniert-sich-neu\/","og_locale":"de_DE","og_type":"article","og_title":"World of wonders: Lenzerheide positioniert sich neu - Organisator","og_description":"W.O.W. in Lenzerheide bietet Sommer- und Winteraktivit\u00e4ten, von Outdoor-Spa bis Winter-Glamping. Zusammenarbeit lokaler Partner st\u00e4rkt die Region.","og_url":"https:\/\/www.organisator.ch\/de\/marketing\/2024-11-21\/world-of-wonders-lenzerheide-positioniert-sich-neu\/","og_site_name":"Organisator","article_publisher":"https:\/\/www.facebook.com\/OrganisatorFachmagazin","article_published_time":"2024-11-21T15:43:06+00:00","article_modified_time":"2024-11-25T15:14:53+00:00","author":"galledia","twitter_card":"summary_large_image","twitter_creator":"@admin","schema":{"@context":"https:\/\/schema.org","@graph":[{"@type":"Article","@id":"https:\/\/www.organisator.ch\/marketing\/2024-11-21\/world-of-wonders-lenzerheide-positioniert-sich-neu\/#article","isPartOf":{"@id":"https:\/\/www.organisator.ch\/marketing\/2024-11-21\/world-of-wonders-lenzerheide-positioniert-sich-neu\/"},"author":{"name":"galledia","@id":"https:\/\/www.organisator.ch\/#\/schema\/person\/4e51799071cd2dd1232ac003643ef5f0"},"headline":"World of wonders: Lenzerheide positioniert sich neu","datePublished":"2024-11-21T15:43:06+00:00","dateModified":"2024-11-25T15:14:53+00:00","mainEntityOfPage":{"@id":"https:\/\/www.organisator.ch\/marketing\/2024-11-21\/world-of-wonders-lenzerheide-positioniert-sich-neu\/"},"wordCount":195,"publisher":{"@id":"https:\/\/www.organisator.ch\/#organization"},"image":{"@id":"https:\/\/www.organisator.ch\/marketing\/2024-11-21\/world-of-wonders-lenzerheide-positioniert-sich-neu\/#primaryimage"},"thumbnailUrl":"https:\/\/www.markt-kom.com\/wp-content\/uploads\/2024\/11\/wow-lenzerheide-erlebnisdestination.jpg","keywords":["Aktivit\u00e4ten","Lenzerheide","MarKom","Natur","Tourismus","W.O.W.","Zusammenarbeit"],"articleSection":["MARKETING"],"inLanguage":"de"},{"@type":"WebPage","@id":"https:\/\/www.organisator.ch\/marketing\/2024-11-21\/world-of-wonders-lenzerheide-positioniert-sich-neu\/","url":"https:\/\/www.organisator.ch\/marketing\/2024-11-21\/world-of-wonders-lenzerheide-positioniert-sich-neu\/","name":"World of wonders: Lenzerheide positioniert sich neu - Organisator","isPartOf":{"@id":"https:\/\/www.organisator.ch\/#website"},"primaryImageOfPage":{"@id":"https:\/\/www.organisator.ch\/marketing\/2024-11-21\/world-of-wonders-lenzerheide-positioniert-sich-neu\/#primaryimage"},"image":{"@id":"https:\/\/www.organisator.ch\/marketing\/2024-11-21\/world-of-wonders-lenzerheide-positioniert-sich-neu\/#primaryimage"},"thumbnailUrl":"https:\/\/www.markt-kom.com\/wp-content\/uploads\/2024\/11\/wow-lenzerheide-erlebnisdestination.jpg","datePublished":"2024-11-21T15:43:06+00:00","dateModified":"2024-11-25T15:14:53+00:00","description":"W.O.W. in Lenzerheide bietet Sommer- und Winteraktivit\u00e4ten, von Outdoor-Spa bis Winter-Glamping. Zusammenarbeit lokaler Partner st\u00e4rkt die Region.","breadcrumb":{"@id":"https:\/\/www.organisator.ch\/marketing\/2024-11-21\/world-of-wonders-lenzerheide-positioniert-sich-neu\/#breadcrumb"},"inLanguage":"de","potentialAction":[{"@type":"ReadAction","target":["https:\/\/www.organisator.ch\/marketing\/2024-11-21\/world-of-wonders-lenzerheide-positioniert-sich-neu\/"]}]},{"@type":"ImageObject","inLanguage":"de","@id":"https:\/\/www.organisator.ch\/marketing\/2024-11-21\/world-of-wonders-lenzerheide-positioniert-sich-neu\/#primaryimage","url":"https:\/\/www.markt-kom.com\/wp-content\/uploads\/2024\/11\/wow-lenzerheide-erlebnisdestination.jpg","contentUrl":"https:\/\/www.markt-kom.com\/wp-content\/uploads\/2024\/11\/wow-lenzerheide-erlebnisdestination.jpg"},{"@type":"BreadcrumbList","@id":"https:\/\/www.organisator.ch\/marketing\/2024-11-21\/world-of-wonders-lenzerheide-positioniert-sich-neu\/#breadcrumb","itemListElement":[{"@type":"ListItem","position":1,"name":"Home","item":"https:\/\/www.organisator.ch\/"},{"@type":"ListItem","position":2,"name":"World of wonders: Lenzerheide positioniert sich neu"}]},{"@type":"WebSite","@id":"https:\/\/www.organisator.ch\/#website","url":"https:\/\/www.organisator.ch\/","name":"Organisator","description":"Kompetent. Praxisnah. Der ORGANISATOR bereitet in 10 Ausgaben pro Jahr die wesentlichen Themen f\u00fcr F\u00fchrungskr\u00e4fte von KMU auf.","publisher":{"@id":"https:\/\/www.organisator.ch\/#organization"},"potentialAction":[{"@type":"SearchAction","target":{"@type":"EntryPoint","urlTemplate":"https:\/\/www.organisator.ch\/?s={search_term_string}"},"query-input":{"@type":"PropertyValueSpecification","valueRequired":true,"valueName":"search_term_string"}}],"inLanguage":"de"},{"@type":"Organization","@id":"https:\/\/www.organisator.ch\/#organization","name":"Organisator","url":"https:\/\/www.organisator.ch\/","logo":{"@type":"ImageObject","inLanguage":"de","@id":"https:\/\/www.organisator.ch\/#\/schema\/logo\/image\/","url":"https:\/\/www.organisator.ch\/wp-content\/uploads\/2022\/01\/Logo_Organisator_Website.png","contentUrl":"https:\/\/www.organisator.ch\/wp-content\/uploads\/2022\/01\/Logo_Organisator_Website.png","width":800,"height":77,"caption":"Organisator"},"image":{"@id":"https:\/\/www.organisator.ch\/#\/schema\/logo\/image\/"},"sameAs":["https:\/\/www.facebook.com\/OrganisatorFachmagazin","https:\/\/www.linkedin.com\/showcase\/organisator-das-magazin-fr-kmu","https:\/\/www.xing.com\/news\/pages\/organisator-ch-695","https:\/\/www.youtube.com\/channel\/UCGP2Sq0iWaZwT3BdIAQFYpw"]},{"@type":"Person","@id":"https:\/\/www.organisator.ch\/#\/schema\/person\/4e51799071cd2dd1232ac003643ef5f0","name":"galledia","image":{"@type":"ImageObject","inLanguage":"de","@id":"https:\/\/secure.gravatar.com\/avatar\/78a7f90c01fc2bfc875782a0d4922b37cde2cf184ce347b91316d23cd7f69a36?s=96&d=mm&r=g","url":"https:\/\/secure.gravatar.com\/avatar\/78a7f90c01fc2bfc875782a0d4922b37cde2cf184ce347b91316d23cd7f69a36?s=96&d=mm&r=g","contentUrl":"https:\/\/secure.gravatar.com\/avatar\/78a7f90c01fc2bfc875782a0d4922b37cde2cf184ce347b91316d23cd7f69a36?s=96&d=mm&r=g","caption":"galledia"},"sameAs":["https:\/\/x.com\/admin"],"url":"https:\/\/www.organisator.ch\/de\/author\/galledia\/"}]}},"_links":{"self":[{"href":"https:\/\/www.organisator.ch\/de\/wp-json\/wp\/v2\/posts\/33910","targetHints":{"allow":["GET"]}}],"collection":[{"href":"https:\/\/www.organisator.ch\/de\/wp-json\/wp\/v2\/posts"}],"about":[{"href":"https:\/\/www.organisator.ch\/de\/wp-json\/wp\/v2\/types\/post"}],"author":[{"embeddable":true,"href":"https:\/\/www.organisator.ch\/de\/wp-json\/wp\/v2\/users\/8"}],"replies":[{"embeddable":true,"href":"https:\/\/www.organisator.ch\/de\/wp-json\/wp\/v2\/comments?post=33910"}],"version-history":[{"count":4,"href":"https:\/\/www.organisator.ch\/de\/wp-json\/wp\/v2\/posts\/33910\/revisions"}],"predecessor-version":[{"id":33965,"href":"https:\/\/www.organisator.ch\/de\/wp-json\/wp\/v2\/posts\/33910\/revisions\/33965"}],"wp:attachment":[{"href":"https:\/\/www.organisator.ch\/de\/wp-json\/wp\/v2\/media?parent=33910"}],"wp:term":[{"taxonomy":"category","embeddable":true,"href":"https:\/\/www.organisator.ch\/de\/wp-json\/wp\/v2\/categories?post=33910"},{"taxonomy":"post_tag","embeddable":true,"href":"https:\/\/www.organisator.ch\/de\/wp-json\/wp\/v2\/tags?post=33910"}],"curies":[{"name":"wp","href":"https:\/\/api.w.org\/{rel}","templated":true}]}}