{"id":33914,"date":"2024-11-20T12:59:31","date_gmt":"2024-11-20T11:59:31","guid":{"rendered":"https:\/\/www.markt-kom.com\/?p=226881"},"modified":"2024-11-25T16:13:08","modified_gmt":"2024-11-25T15:13:08","slug":"organisationen-fordern-bekenntnis-zum-schutz-queerer-personen","status":"publish","type":"post","link":"https:\/\/www.organisator.ch\/de\/marketing\/2024-11-20\/organisationen-fordern-bekenntnis-zum-schutz-queerer-personen\/","title":{"rendered":"Organisationen fordern Bekenntnis zum Schutz queerer Personen"},"content":{"rendered":"<figure id=\"attachment_226882\" class=\"wp-caption alignnone\" style=\"width: 1200px;\" aria-describedby=\"caption-attachment-226882\"><img class=\"alignnone wp-image-226882 size-full\" src=\"https:\/\/www.markt-kom.com\/wp-content\/uploads\/2024\/11\/LGBTIQ-Fight-Hate-Symbolbild-Unsplash.jpg\" sizes=\"(max-width: 1200px) 100vw, 1200px\" srcset=\"https:\/\/www.markt-kom.com\/wp-content\/uploads\/2024\/11\/LGBTIQ-Fight-Hate-Symbolbild-Unsplash.jpg 1200w, https:\/\/www.markt-kom.com\/wp-content\/uploads\/2024\/11\/LGBTIQ-Fight-Hate-Symbolbild-Unsplash-600x450.jpg 600w, https:\/\/www.markt-kom.com\/wp-content\/uploads\/2024\/11\/LGBTIQ-Fight-Hate-Symbolbild-Unsplash-1024x768.jpg 1024w, https:\/\/www.markt-kom.com\/wp-content\/uploads\/2024\/11\/LGBTIQ-Fight-Hate-Symbolbild-Unsplash-768x576.jpg 768w, https:\/\/www.markt-kom.com\/wp-content\/uploads\/2024\/11\/LGBTIQ-Fight-Hate-Symbolbild-Unsplash-16x12.jpg 16w, https:\/\/www.markt-kom.com\/wp-content\/uploads\/2024\/11\/LGBTIQ-Fight-Hate-Symbolbild-Unsplash-233x175.jpg 233w, https:\/\/www.markt-kom.com\/wp-content\/uploads\/2024\/11\/LGBTIQ-Fight-Hate-Symbolbild-Unsplash-467x350.jpg 467w, https:\/\/www.markt-kom.com\/wp-content\/uploads\/2024\/11\/LGBTIQ-Fight-Hate-Symbolbild-Unsplash-1000x750.jpg 1000w\" alt=\"Diskriminierung LGBTIQ+ Schweiz\" width=\"1200\" height=\"900\" \/>\r\n<figcaption id=\"caption-attachment-226882\" class=\"wp-caption-text\">(Symbolbild: Unsplash.com)<\/figcaption>\r\n<\/figure>\r\n<p>Die Befragung der LGBTIQ+ Community st\u00fctzt sich auf eine Referenzerhebung in der EU und erm\u00f6glicht erstmals den Vergleich der Schweiz mit anderen europ\u00e4ischen L\u00e4ndern. Markant sei: LGBTIQ+ Menschen in der Schweiz berichteten h\u00e4ufiger von Gewalt- und Diskriminierungserfahrungen als Befragte in der EU, wie Amnesty International Schweiz am Mittwoch mitteilte.<\/p>\r\n<p>Die Organisationen \u2013 darunter auch Pink Cross und Queeramnesty \u2013 fordern auch die Erweiterung der Diskriminierungsstrafnorm auf Transpersonen und Personen mit Variationen der Geschlechtsmerkmale. Ein nationaler Aktionsplan gegen LGBTIQ+-feindliche \u00abhate crimes\u00bb m\u00fcsse zudem zeitnah und vollst\u00e4ndig umgesetzt werden. Es brauche Sensibilisierungen in \u00f6ffentlichen Institutionen, insbesondere im Gesundheitswesen, im Asylbereich, in Schulen und bei der Polizei.<\/p>\r\n<p>Ausserdem brauche es regelm\u00e4ssige Pr\u00e4ventionskampagnen gegen queerfeindliche Stereotype und Gewalt. Weiter m\u00fcssten Helplines und Beratungsstellen f\u00fcr Betroffene von queerfeindlicher Gewalt institutionalisiert und ihre Finanzierung garantiert werden. Zudem m\u00fcsse ein regelm\u00e4ssiges Monitoring durchgef\u00fchrt werden \u2013 zur Messung der Wirksamkeit von Massnahmen.<\/p>\r\n<p>\u00abWir m\u00f6chten \u2013 wie alle Menschen \u2013 selbstbestimmt leben. Frei von Hass und Gewalt. Doch wir stehen zunehmend im Fadenkreuz von Diskriminierung und Hetze\u00bb, wird Urs Vanessa Sager von Interaction, dem nationalen Verein f\u00fcr intergeschlechtliche Menschen, in der Mitteilung zitiert. <em>(SDA)<\/em><\/p>","protected":false},"excerpt":{"rendered":"<p>Zahlreiche Nichtregierungsorganisationen haben am Mittwoch ein Bekenntnis zum Schutz queerer Personen vonseiten der Schweizer Beh\u00f6rden gefordert. Einer Community-Befragung des Forschungsinstituts Gfs.bern zufolge erlebte jede vierte LGBTIQ+-Person in den letzten f\u00fcnf Jahren mindestens einmal k\u00f6rperliche oder sexuelle \u00dcbergriffe aufgrund ihrer Sexualit\u00e4t, ihrer Geschlechtsidentit\u00e4t, oder ihrer Intergeschlechtlichkeit.<\/p>\n","protected":false},"author":8,"featured_media":0,"comment_status":"closed","ping_status":"closed","sticky":false,"template":"","format":"standard","meta":{"_acf_changed":false,"_yoast_wpseo_focuskw":"Diskriminierung LGBTIQ+ Schweiz","_yoast_wpseo_metadesc":"LGBTIQ+ Menschen in der Schweiz erleben mehr Gewalt und Diskriminierung als in der EU. Organisationen fordern erweiterte Schutzma\u00dfnahmen.","articlekey":"","footnotes":""},"categories":[29],"tags":[4831,159,4832,2993,4830,4343,1687,4833,424],"class_list":["post-33914","post","type-post","status-publish","format-standard","hentry","category-marketing","tag-diskriminierung","tag-diversity","tag-gewalt","tag-inklusion","tag-lgbtiq","tag-markom","tag-menschenrechte","tag-schutzmassnahmen","tag-schweiz"],"acf":[],"yoast_head":"<!-- This site is optimized with the Yoast SEO plugin v27.5 - https:\/\/yoast.com\/product\/yoast-seo-wordpress\/ -->\n<title>Organisationen fordern Bekenntnis zum Schutz queerer Personen - Organisator<\/title>\n<meta name=\"description\" content=\"LGBTIQ+ Menschen in der Schweiz erleben mehr Gewalt und Diskriminierung als in der EU. Organisationen fordern erweiterte Schutzma\u00dfnahmen.\" \/>\n<meta name=\"robots\" content=\"index, follow, max-snippet:-1, max-image-preview:large, max-video-preview:-1\" \/>\n<link rel=\"canonical\" href=\"https:\/\/www.organisator.ch\/de\/marketing\/2024-11-20\/organisationen-fordern-bekenntnis-zum-schutz-queerer-personen\/\" \/>\n<meta property=\"og:locale\" content=\"de_DE\" \/>\n<meta property=\"og:type\" content=\"article\" \/>\n<meta property=\"og:title\" content=\"Organisationen fordern Bekenntnis zum Schutz queerer Personen - Organisator\" \/>\n<meta property=\"og:description\" content=\"LGBTIQ+ Menschen in der Schweiz erleben mehr Gewalt und Diskriminierung als in der EU. Organisationen fordern erweiterte Schutzma\u00dfnahmen.\" \/>\n<meta property=\"og:url\" content=\"https:\/\/www.organisator.ch\/de\/marketing\/2024-11-20\/organisationen-fordern-bekenntnis-zum-schutz-queerer-personen\/\" \/>\n<meta property=\"og:site_name\" content=\"Organisator\" \/>\n<meta property=\"article:publisher\" content=\"https:\/\/www.facebook.com\/OrganisatorFachmagazin\" \/>\n<meta property=\"article:published_time\" content=\"2024-11-20T11:59:31+00:00\" \/>\n<meta property=\"article:modified_time\" content=\"2024-11-25T15:13:08+00:00\" \/>\n<meta name=\"author\" content=\"galledia\" \/>\n<meta name=\"twitter:card\" content=\"summary_large_image\" \/>\n<meta name=\"twitter:creator\" content=\"@admin\" \/>\n<script type=\"application\/ld+json\" class=\"yoast-schema-graph\">{\"@context\":\"https:\\\/\\\/schema.org\",\"@graph\":[{\"@type\":\"Article\",\"@id\":\"https:\\\/\\\/www.organisator.ch\\\/marketing\\\/2024-11-20\\\/organisationen-fordern-bekenntnis-zum-schutz-queerer-personen\\\/#article\",\"isPartOf\":{\"@id\":\"https:\\\/\\\/www.organisator.ch\\\/marketing\\\/2024-11-20\\\/organisationen-fordern-bekenntnis-zum-schutz-queerer-personen\\\/\"},\"author\":{\"name\":\"galledia\",\"@id\":\"https:\\\/\\\/www.organisator.ch\\\/#\\\/schema\\\/person\\\/4e51799071cd2dd1232ac003643ef5f0\"},\"headline\":\"Organisationen fordern Bekenntnis zum Schutz queerer Personen\",\"datePublished\":\"2024-11-20T11:59:31+00:00\",\"dateModified\":\"2024-11-25T15:13:08+00:00\",\"mainEntityOfPage\":{\"@id\":\"https:\\\/\\\/www.organisator.ch\\\/marketing\\\/2024-11-20\\\/organisationen-fordern-bekenntnis-zum-schutz-queerer-personen\\\/\"},\"wordCount\":207,\"publisher\":{\"@id\":\"https:\\\/\\\/www.organisator.ch\\\/#organization\"},\"image\":{\"@id\":\"https:\\\/\\\/www.organisator.ch\\\/marketing\\\/2024-11-20\\\/organisationen-fordern-bekenntnis-zum-schutz-queerer-personen\\\/#primaryimage\"},\"thumbnailUrl\":\"https:\\\/\\\/www.markt-kom.com\\\/wp-content\\\/uploads\\\/2024\\\/11\\\/LGBTIQ-Fight-Hate-Symbolbild-Unsplash.jpg\",\"keywords\":[\"Diskriminierung\",\"Diversity\",\"Gewalt\",\"Inklusion\",\"LGBTIQ+\",\"MarKom\",\"Menschenrechte\",\"Schutzma\u00dfnahmen\",\"Schweiz\"],\"articleSection\":[\"MARKETING\"],\"inLanguage\":\"de\"},{\"@type\":\"WebPage\",\"@id\":\"https:\\\/\\\/www.organisator.ch\\\/marketing\\\/2024-11-20\\\/organisationen-fordern-bekenntnis-zum-schutz-queerer-personen\\\/\",\"url\":\"https:\\\/\\\/www.organisator.ch\\\/marketing\\\/2024-11-20\\\/organisationen-fordern-bekenntnis-zum-schutz-queerer-personen\\\/\",\"name\":\"Organisationen fordern Bekenntnis zum Schutz queerer Personen - Organisator\",\"isPartOf\":{\"@id\":\"https:\\\/\\\/www.organisator.ch\\\/#website\"},\"primaryImageOfPage\":{\"@id\":\"https:\\\/\\\/www.organisator.ch\\\/marketing\\\/2024-11-20\\\/organisationen-fordern-bekenntnis-zum-schutz-queerer-personen\\\/#primaryimage\"},\"image\":{\"@id\":\"https:\\\/\\\/www.organisator.ch\\\/marketing\\\/2024-11-20\\\/organisationen-fordern-bekenntnis-zum-schutz-queerer-personen\\\/#primaryimage\"},\"thumbnailUrl\":\"https:\\\/\\\/www.markt-kom.com\\\/wp-content\\\/uploads\\\/2024\\\/11\\\/LGBTIQ-Fight-Hate-Symbolbild-Unsplash.jpg\",\"datePublished\":\"2024-11-20T11:59:31+00:00\",\"dateModified\":\"2024-11-25T15:13:08+00:00\",\"description\":\"LGBTIQ+ Menschen in der Schweiz erleben mehr Gewalt und Diskriminierung als in der EU. Organisationen fordern erweiterte Schutzma\u00dfnahmen.\",\"breadcrumb\":{\"@id\":\"https:\\\/\\\/www.organisator.ch\\\/marketing\\\/2024-11-20\\\/organisationen-fordern-bekenntnis-zum-schutz-queerer-personen\\\/#breadcrumb\"},\"inLanguage\":\"de\",\"potentialAction\":[{\"@type\":\"ReadAction\",\"target\":[\"https:\\\/\\\/www.organisator.ch\\\/marketing\\\/2024-11-20\\\/organisationen-fordern-bekenntnis-zum-schutz-queerer-personen\\\/\"]}]},{\"@type\":\"ImageObject\",\"inLanguage\":\"de\",\"@id\":\"https:\\\/\\\/www.organisator.ch\\\/marketing\\\/2024-11-20\\\/organisationen-fordern-bekenntnis-zum-schutz-queerer-personen\\\/#primaryimage\",\"url\":\"https:\\\/\\\/www.markt-kom.com\\\/wp-content\\\/uploads\\\/2024\\\/11\\\/LGBTIQ-Fight-Hate-Symbolbild-Unsplash.jpg\",\"contentUrl\":\"https:\\\/\\\/www.markt-kom.com\\\/wp-content\\\/uploads\\\/2024\\\/11\\\/LGBTIQ-Fight-Hate-Symbolbild-Unsplash.jpg\"},{\"@type\":\"BreadcrumbList\",\"@id\":\"https:\\\/\\\/www.organisator.ch\\\/marketing\\\/2024-11-20\\\/organisationen-fordern-bekenntnis-zum-schutz-queerer-personen\\\/#breadcrumb\",\"itemListElement\":[{\"@type\":\"ListItem\",\"position\":1,\"name\":\"Home\",\"item\":\"https:\\\/\\\/www.organisator.ch\\\/\"},{\"@type\":\"ListItem\",\"position\":2,\"name\":\"Organisationen fordern Bekenntnis zum Schutz queerer Personen\"}]},{\"@type\":\"WebSite\",\"@id\":\"https:\\\/\\\/www.organisator.ch\\\/#website\",\"url\":\"https:\\\/\\\/www.organisator.ch\\\/\",\"name\":\"Organisator\",\"description\":\"Kompetent. Praxisnah. Der ORGANISATOR bereitet in 10 Ausgaben pro Jahr die wesentlichen Themen f\u00fcr F\u00fchrungskr\u00e4fte von KMU auf.\",\"publisher\":{\"@id\":\"https:\\\/\\\/www.organisator.ch\\\/#organization\"},\"potentialAction\":[{\"@type\":\"SearchAction\",\"target\":{\"@type\":\"EntryPoint\",\"urlTemplate\":\"https:\\\/\\\/www.organisator.ch\\\/?s={search_term_string}\"},\"query-input\":{\"@type\":\"PropertyValueSpecification\",\"valueRequired\":true,\"valueName\":\"search_term_string\"}}],\"inLanguage\":\"de\"},{\"@type\":\"Organization\",\"@id\":\"https:\\\/\\\/www.organisator.ch\\\/#organization\",\"name\":\"Organisator\",\"url\":\"https:\\\/\\\/www.organisator.ch\\\/\",\"logo\":{\"@type\":\"ImageObject\",\"inLanguage\":\"de\",\"@id\":\"https:\\\/\\\/www.organisator.ch\\\/#\\\/schema\\\/logo\\\/image\\\/\",\"url\":\"https:\\\/\\\/www.organisator.ch\\\/wp-content\\\/uploads\\\/2022\\\/01\\\/Logo_Organisator_Website.png\",\"contentUrl\":\"https:\\\/\\\/www.organisator.ch\\\/wp-content\\\/uploads\\\/2022\\\/01\\\/Logo_Organisator_Website.png\",\"width\":800,\"height\":77,\"caption\":\"Organisator\"},\"image\":{\"@id\":\"https:\\\/\\\/www.organisator.ch\\\/#\\\/schema\\\/logo\\\/image\\\/\"},\"sameAs\":[\"https:\\\/\\\/www.facebook.com\\\/OrganisatorFachmagazin\",\"https:\\\/\\\/www.linkedin.com\\\/showcase\\\/organisator-das-magazin-fr-kmu\",\"https:\\\/\\\/www.xing.com\\\/news\\\/pages\\\/organisator-ch-695\",\"https:\\\/\\\/www.youtube.com\\\/channel\\\/UCGP2Sq0iWaZwT3BdIAQFYpw\"]},{\"@type\":\"Person\",\"@id\":\"https:\\\/\\\/www.organisator.ch\\\/#\\\/schema\\\/person\\\/4e51799071cd2dd1232ac003643ef5f0\",\"name\":\"galledia\",\"image\":{\"@type\":\"ImageObject\",\"inLanguage\":\"de\",\"@id\":\"https:\\\/\\\/secure.gravatar.com\\\/avatar\\\/78a7f90c01fc2bfc875782a0d4922b37cde2cf184ce347b91316d23cd7f69a36?s=96&d=mm&r=g\",\"url\":\"https:\\\/\\\/secure.gravatar.com\\\/avatar\\\/78a7f90c01fc2bfc875782a0d4922b37cde2cf184ce347b91316d23cd7f69a36?s=96&d=mm&r=g\",\"contentUrl\":\"https:\\\/\\\/secure.gravatar.com\\\/avatar\\\/78a7f90c01fc2bfc875782a0d4922b37cde2cf184ce347b91316d23cd7f69a36?s=96&d=mm&r=g\",\"caption\":\"galledia\"},\"sameAs\":[\"https:\\\/\\\/x.com\\\/admin\"],\"url\":\"https:\\\/\\\/www.organisator.ch\\\/de\\\/author\\\/galledia\\\/\"}]}<\/script>\n<!-- \/ Yoast SEO plugin. -->","yoast_head_json":{"title":"Organisationen fordern Bekenntnis zum Schutz queerer Personen - Organisator","description":"LGBTIQ+ Menschen in der Schweiz erleben mehr Gewalt und Diskriminierung als in der EU. Organisationen fordern erweiterte Schutzma\u00dfnahmen.","robots":{"index":"index","follow":"follow","max-snippet":"max-snippet:-1","max-image-preview":"max-image-preview:large","max-video-preview":"max-video-preview:-1"},"canonical":"https:\/\/www.organisator.ch\/de\/marketing\/2024-11-20\/organisationen-fordern-bekenntnis-zum-schutz-queerer-personen\/","og_locale":"de_DE","og_type":"article","og_title":"Organisationen fordern Bekenntnis zum Schutz queerer Personen - Organisator","og_description":"LGBTIQ+ Menschen in der Schweiz erleben mehr Gewalt und Diskriminierung als in der EU. Organisationen fordern erweiterte Schutzma\u00dfnahmen.","og_url":"https:\/\/www.organisator.ch\/de\/marketing\/2024-11-20\/organisationen-fordern-bekenntnis-zum-schutz-queerer-personen\/","og_site_name":"Organisator","article_publisher":"https:\/\/www.facebook.com\/OrganisatorFachmagazin","article_published_time":"2024-11-20T11:59:31+00:00","article_modified_time":"2024-11-25T15:13:08+00:00","author":"galledia","twitter_card":"summary_large_image","twitter_creator":"@admin","schema":{"@context":"https:\/\/schema.org","@graph":[{"@type":"Article","@id":"https:\/\/www.organisator.ch\/marketing\/2024-11-20\/organisationen-fordern-bekenntnis-zum-schutz-queerer-personen\/#article","isPartOf":{"@id":"https:\/\/www.organisator.ch\/marketing\/2024-11-20\/organisationen-fordern-bekenntnis-zum-schutz-queerer-personen\/"},"author":{"name":"galledia","@id":"https:\/\/www.organisator.ch\/#\/schema\/person\/4e51799071cd2dd1232ac003643ef5f0"},"headline":"Organisationen fordern Bekenntnis zum Schutz queerer Personen","datePublished":"2024-11-20T11:59:31+00:00","dateModified":"2024-11-25T15:13:08+00:00","mainEntityOfPage":{"@id":"https:\/\/www.organisator.ch\/marketing\/2024-11-20\/organisationen-fordern-bekenntnis-zum-schutz-queerer-personen\/"},"wordCount":207,"publisher":{"@id":"https:\/\/www.organisator.ch\/#organization"},"image":{"@id":"https:\/\/www.organisator.ch\/marketing\/2024-11-20\/organisationen-fordern-bekenntnis-zum-schutz-queerer-personen\/#primaryimage"},"thumbnailUrl":"https:\/\/www.markt-kom.com\/wp-content\/uploads\/2024\/11\/LGBTIQ-Fight-Hate-Symbolbild-Unsplash.jpg","keywords":["Diskriminierung","Diversity","Gewalt","Inklusion","LGBTIQ+","MarKom","Menschenrechte","Schutzma\u00dfnahmen","Schweiz"],"articleSection":["MARKETING"],"inLanguage":"de"},{"@type":"WebPage","@id":"https:\/\/www.organisator.ch\/marketing\/2024-11-20\/organisationen-fordern-bekenntnis-zum-schutz-queerer-personen\/","url":"https:\/\/www.organisator.ch\/marketing\/2024-11-20\/organisationen-fordern-bekenntnis-zum-schutz-queerer-personen\/","name":"Organisationen fordern Bekenntnis zum Schutz queerer Personen - Organisator","isPartOf":{"@id":"https:\/\/www.organisator.ch\/#website"},"primaryImageOfPage":{"@id":"https:\/\/www.organisator.ch\/marketing\/2024-11-20\/organisationen-fordern-bekenntnis-zum-schutz-queerer-personen\/#primaryimage"},"image":{"@id":"https:\/\/www.organisator.ch\/marketing\/2024-11-20\/organisationen-fordern-bekenntnis-zum-schutz-queerer-personen\/#primaryimage"},"thumbnailUrl":"https:\/\/www.markt-kom.com\/wp-content\/uploads\/2024\/11\/LGBTIQ-Fight-Hate-Symbolbild-Unsplash.jpg","datePublished":"2024-11-20T11:59:31+00:00","dateModified":"2024-11-25T15:13:08+00:00","description":"LGBTIQ+ Menschen in der Schweiz erleben mehr Gewalt und Diskriminierung als in der EU. Organisationen fordern erweiterte Schutzma\u00dfnahmen.","breadcrumb":{"@id":"https:\/\/www.organisator.ch\/marketing\/2024-11-20\/organisationen-fordern-bekenntnis-zum-schutz-queerer-personen\/#breadcrumb"},"inLanguage":"de","potentialAction":[{"@type":"ReadAction","target":["https:\/\/www.organisator.ch\/marketing\/2024-11-20\/organisationen-fordern-bekenntnis-zum-schutz-queerer-personen\/"]}]},{"@type":"ImageObject","inLanguage":"de","@id":"https:\/\/www.organisator.ch\/marketing\/2024-11-20\/organisationen-fordern-bekenntnis-zum-schutz-queerer-personen\/#primaryimage","url":"https:\/\/www.markt-kom.com\/wp-content\/uploads\/2024\/11\/LGBTIQ-Fight-Hate-Symbolbild-Unsplash.jpg","contentUrl":"https:\/\/www.markt-kom.com\/wp-content\/uploads\/2024\/11\/LGBTIQ-Fight-Hate-Symbolbild-Unsplash.jpg"},{"@type":"BreadcrumbList","@id":"https:\/\/www.organisator.ch\/marketing\/2024-11-20\/organisationen-fordern-bekenntnis-zum-schutz-queerer-personen\/#breadcrumb","itemListElement":[{"@type":"ListItem","position":1,"name":"Home","item":"https:\/\/www.organisator.ch\/"},{"@type":"ListItem","position":2,"name":"Organisationen fordern Bekenntnis zum Schutz queerer Personen"}]},{"@type":"WebSite","@id":"https:\/\/www.organisator.ch\/#website","url":"https:\/\/www.organisator.ch\/","name":"Organisator","description":"Kompetent. Praxisnah. Der ORGANISATOR bereitet in 10 Ausgaben pro Jahr die wesentlichen Themen f\u00fcr F\u00fchrungskr\u00e4fte von KMU auf.","publisher":{"@id":"https:\/\/www.organisator.ch\/#organization"},"potentialAction":[{"@type":"SearchAction","target":{"@type":"EntryPoint","urlTemplate":"https:\/\/www.organisator.ch\/?s={search_term_string}"},"query-input":{"@type":"PropertyValueSpecification","valueRequired":true,"valueName":"search_term_string"}}],"inLanguage":"de"},{"@type":"Organization","@id":"https:\/\/www.organisator.ch\/#organization","name":"Organisator","url":"https:\/\/www.organisator.ch\/","logo":{"@type":"ImageObject","inLanguage":"de","@id":"https:\/\/www.organisator.ch\/#\/schema\/logo\/image\/","url":"https:\/\/www.organisator.ch\/wp-content\/uploads\/2022\/01\/Logo_Organisator_Website.png","contentUrl":"https:\/\/www.organisator.ch\/wp-content\/uploads\/2022\/01\/Logo_Organisator_Website.png","width":800,"height":77,"caption":"Organisator"},"image":{"@id":"https:\/\/www.organisator.ch\/#\/schema\/logo\/image\/"},"sameAs":["https:\/\/www.facebook.com\/OrganisatorFachmagazin","https:\/\/www.linkedin.com\/showcase\/organisator-das-magazin-fr-kmu","https:\/\/www.xing.com\/news\/pages\/organisator-ch-695","https:\/\/www.youtube.com\/channel\/UCGP2Sq0iWaZwT3BdIAQFYpw"]},{"@type":"Person","@id":"https:\/\/www.organisator.ch\/#\/schema\/person\/4e51799071cd2dd1232ac003643ef5f0","name":"galledia","image":{"@type":"ImageObject","inLanguage":"de","@id":"https:\/\/secure.gravatar.com\/avatar\/78a7f90c01fc2bfc875782a0d4922b37cde2cf184ce347b91316d23cd7f69a36?s=96&d=mm&r=g","url":"https:\/\/secure.gravatar.com\/avatar\/78a7f90c01fc2bfc875782a0d4922b37cde2cf184ce347b91316d23cd7f69a36?s=96&d=mm&r=g","contentUrl":"https:\/\/secure.gravatar.com\/avatar\/78a7f90c01fc2bfc875782a0d4922b37cde2cf184ce347b91316d23cd7f69a36?s=96&d=mm&r=g","caption":"galledia"},"sameAs":["https:\/\/x.com\/admin"],"url":"https:\/\/www.organisator.ch\/de\/author\/galledia\/"}]}},"_links":{"self":[{"href":"https:\/\/www.organisator.ch\/de\/wp-json\/wp\/v2\/posts\/33914","targetHints":{"allow":["GET"]}}],"collection":[{"href":"https:\/\/www.organisator.ch\/de\/wp-json\/wp\/v2\/posts"}],"about":[{"href":"https:\/\/www.organisator.ch\/de\/wp-json\/wp\/v2\/types\/post"}],"author":[{"embeddable":true,"href":"https:\/\/www.organisator.ch\/de\/wp-json\/wp\/v2\/users\/8"}],"replies":[{"embeddable":true,"href":"https:\/\/www.organisator.ch\/de\/wp-json\/wp\/v2\/comments?post=33914"}],"version-history":[{"count":3,"href":"https:\/\/www.organisator.ch\/de\/wp-json\/wp\/v2\/posts\/33914\/revisions"}],"predecessor-version":[{"id":33961,"href":"https:\/\/www.organisator.ch\/de\/wp-json\/wp\/v2\/posts\/33914\/revisions\/33961"}],"wp:attachment":[{"href":"https:\/\/www.organisator.ch\/de\/wp-json\/wp\/v2\/media?parent=33914"}],"wp:term":[{"taxonomy":"category","embeddable":true,"href":"https:\/\/www.organisator.ch\/de\/wp-json\/wp\/v2\/categories?post=33914"},{"taxonomy":"post_tag","embeddable":true,"href":"https:\/\/www.organisator.ch\/de\/wp-json\/wp\/v2\/tags?post=33914"}],"curies":[{"name":"wp","href":"https:\/\/api.w.org\/{rel}","templated":true}]}}