{"id":33916,"date":"2024-11-20T12:24:45","date_gmt":"2024-11-20T11:24:45","guid":{"rendered":"https:\/\/www.markt-kom.com\/?p=226876"},"modified":"2024-11-25T16:12:29","modified_gmt":"2024-11-25T15:12:29","slug":"susanne-muehlemann-wird-partnerin-bei-lemongrass-communications","status":"publish","type":"post","link":"https:\/\/www.organisator.ch\/de\/marketing\/2024-11-20\/susanne-muehlemann-wird-partnerin-bei-lemongrass-communications\/","title":{"rendered":"Susanne M\u00fchlemann wird Partnerin bei Lemongrass Communications"},"content":{"rendered":"<figure id=\"attachment_226877\" class=\"wp-caption alignnone\" style=\"width: 1200px;\" aria-describedby=\"caption-attachment-226877\"><img class=\"alignnone wp-image-226877 size-full\" src=\"https:\/\/www.markt-kom.com\/wp-content\/uploads\/2024\/11\/Lemongrass-Susanne-Muehlemann.jpg\" sizes=\"(max-width: 1200px) 100vw, 1200px\" srcset=\"https:\/\/www.markt-kom.com\/wp-content\/uploads\/2024\/11\/Lemongrass-Susanne-Muehlemann.jpg 1200w, https:\/\/www.markt-kom.com\/wp-content\/uploads\/2024\/11\/Lemongrass-Susanne-Muehlemann-600x450.jpg 600w, https:\/\/www.markt-kom.com\/wp-content\/uploads\/2024\/11\/Lemongrass-Susanne-Muehlemann-1024x768.jpg 1024w, https:\/\/www.markt-kom.com\/wp-content\/uploads\/2024\/11\/Lemongrass-Susanne-Muehlemann-768x576.jpg 768w, https:\/\/www.markt-kom.com\/wp-content\/uploads\/2024\/11\/Lemongrass-Susanne-Muehlemann-16x12.jpg 16w, https:\/\/www.markt-kom.com\/wp-content\/uploads\/2024\/11\/Lemongrass-Susanne-Muehlemann-233x175.jpg 233w, https:\/\/www.markt-kom.com\/wp-content\/uploads\/2024\/11\/Lemongrass-Susanne-Muehlemann-467x350.jpg 467w, https:\/\/www.markt-kom.com\/wp-content\/uploads\/2024\/11\/Lemongrass-Susanne-Muehlemann-1000x750.jpg 1000w\" alt=\"Susanne M\u00fchlemann Lemongrass Communications\" width=\"1200\" height=\"900\" \/>\r\n<figcaption id=\"caption-attachment-226877\" class=\"wp-caption-text\">(Bild: zVg.)<\/figcaption>\r\n<\/figure>\r\n<p>Susanne M\u00fchlemann war bis im Juni 2024 Leiterin Kommunikation bei der Schweizerischen Natio\u00adnalbank SNB. Nun st\u00f6sst sie per 1.\u00a0 Januar 2025 als Partnerin zu Lemongrass Communications. In ihrer Rolle wird sie sich insbesondere auf die Beratung zur \u00f6ffentlichen Positionierung und Reputation von Unternehmen und Einzelpersonen, zur Krisenkommunikation sowie zur Auf\u00adstellung von Unternehmen in der internen und externen Kommunikation konzentrieren.<\/p>\r\n<p>M\u00fchlemann vereint Erfahrungen aus 15 Jahren im Wirtschaftsjournalismus und 15 Jahren auf Unternehmensseite \u2013 im privaten wie im \u00f6ffentlichen Sektor. W\u00e4hrend ihrer Karriere in der Unternehmenskommunikation hat sie exponierte Schweizer Institutionen und F\u00fchrungspers\u00f6nlichkeiten durch anspruchsvolle Phasen begleitet.<\/p>\r\n<p>Vor ihrem Wech\u00adsel zur SNB im Jahr 2017 war Susanne M\u00fchlemann bei der UBS Schweiz f\u00fcr strategische Kommunikation verantwortlich. Von 2010 bis 2014 war sie Head of Media Relations &amp; Internal Communica\u00adtion bei Swiss International Airlines. Bei der Airline wie in ihren Positionen in der Finanz\u00adindustrie f\u00fchrte sie die Kommunikation in Ausnahmesituationen und begleitete Change-Management-Prozesse und Grossprojekte.<\/p>\r\n<p>Ihre berufliche Basis legte Susanne M\u00fchlemann im Wirtschaftsjournalismus. W\u00e4hrend 15 Jahren war sie in Leitmedien verschiedener Verlage aktiv. Ihre akademische Laufbahn umfasst ein Studium der Staatswissenschaften an der Universit\u00e4t St. Gallen und ein Lizentiat in Internationalen Beziehungen.<\/p>","protected":false},"excerpt":{"rendered":"<p>Susanne M\u00fchlemann verst\u00e4rkt als Partnerin und Mitinhaberin das in Z\u00fcrich ans\u00e4ssige strategische Kommunikationsunternehmen Lemongrass Communications. Sie war langj\u00e4hrige Kommunikationschefin der SNB.<\/p>\n","protected":false},"author":8,"featured_media":0,"comment_status":"closed","ping_status":"closed","sticky":false,"template":"","format":"standard","meta":{"_acf_changed":false,"_yoast_wpseo_focuskw":"Susanne M\u00fchlemann Lemongrass Communications","_yoast_wpseo_metadesc":"Susanne M\u00fchlemann wird Partnerin bei Lemongrass Communications und fokussiert auf Positionierung, Reputation und Krisenkommunikation.","articlekey":"","footnotes":""},"categories":[29],"tags":[3920,4345,2853,308,4827,4828,4829],"class_list":["post-33916","post","type-post","status-publish","format-standard","hentry","category-marketing","tag-beratung","tag-business","tag-jobchange","tag-kommunikation","tag-lemongrass","tag-muehlemann","tag-snb"],"acf":[],"yoast_head":"<!-- This site is optimized with the Yoast SEO plugin v27.5 - https:\/\/yoast.com\/product\/yoast-seo-wordpress\/ -->\n<title>Susanne M\u00fchlemann wird Partnerin bei Lemongrass Communications - Organisator<\/title>\n<meta name=\"description\" content=\"Susanne M\u00fchlemann wird Partnerin bei Lemongrass Communications und fokussiert auf Positionierung, Reputation und Krisenkommunikation.\" \/>\n<meta name=\"robots\" content=\"index, follow, max-snippet:-1, max-image-preview:large, max-video-preview:-1\" \/>\n<link rel=\"canonical\" href=\"https:\/\/www.organisator.ch\/de\/marketing\/2024-11-20\/susanne-muehlemann-wird-partnerin-bei-lemongrass-communications\/\" \/>\n<meta property=\"og:locale\" content=\"de_DE\" \/>\n<meta property=\"og:type\" content=\"article\" \/>\n<meta property=\"og:title\" content=\"Susanne M\u00fchlemann wird Partnerin bei Lemongrass Communications - Organisator\" \/>\n<meta property=\"og:description\" content=\"Susanne M\u00fchlemann wird Partnerin bei Lemongrass Communications und fokussiert auf Positionierung, Reputation und Krisenkommunikation.\" \/>\n<meta property=\"og:url\" content=\"https:\/\/www.organisator.ch\/de\/marketing\/2024-11-20\/susanne-muehlemann-wird-partnerin-bei-lemongrass-communications\/\" \/>\n<meta property=\"og:site_name\" content=\"Organisator\" \/>\n<meta property=\"article:publisher\" content=\"https:\/\/www.facebook.com\/OrganisatorFachmagazin\" \/>\n<meta property=\"article:published_time\" content=\"2024-11-20T11:24:45+00:00\" \/>\n<meta property=\"article:modified_time\" content=\"2024-11-25T15:12:29+00:00\" \/>\n<meta name=\"author\" content=\"galledia\" \/>\n<meta name=\"twitter:card\" content=\"summary_large_image\" \/>\n<meta name=\"twitter:creator\" content=\"@admin\" \/>\n<script type=\"application\/ld+json\" class=\"yoast-schema-graph\">{\"@context\":\"https:\\\/\\\/schema.org\",\"@graph\":[{\"@type\":\"Article\",\"@id\":\"https:\\\/\\\/www.organisator.ch\\\/marketing\\\/2024-11-20\\\/susanne-muehlemann-wird-partnerin-bei-lemongrass-communications\\\/#article\",\"isPartOf\":{\"@id\":\"https:\\\/\\\/www.organisator.ch\\\/marketing\\\/2024-11-20\\\/susanne-muehlemann-wird-partnerin-bei-lemongrass-communications\\\/\"},\"author\":{\"name\":\"galledia\",\"@id\":\"https:\\\/\\\/www.organisator.ch\\\/#\\\/schema\\\/person\\\/4e51799071cd2dd1232ac003643ef5f0\"},\"headline\":\"Susanne M\u00fchlemann wird Partnerin bei Lemongrass Communications\",\"datePublished\":\"2024-11-20T11:24:45+00:00\",\"dateModified\":\"2024-11-25T15:12:29+00:00\",\"mainEntityOfPage\":{\"@id\":\"https:\\\/\\\/www.organisator.ch\\\/marketing\\\/2024-11-20\\\/susanne-muehlemann-wird-partnerin-bei-lemongrass-communications\\\/\"},\"wordCount\":207,\"publisher\":{\"@id\":\"https:\\\/\\\/www.organisator.ch\\\/#organization\"},\"image\":{\"@id\":\"https:\\\/\\\/www.organisator.ch\\\/marketing\\\/2024-11-20\\\/susanne-muehlemann-wird-partnerin-bei-lemongrass-communications\\\/#primaryimage\"},\"thumbnailUrl\":\"https:\\\/\\\/www.markt-kom.com\\\/wp-content\\\/uploads\\\/2024\\\/11\\\/Lemongrass-Susanne-Muehlemann.jpg\",\"keywords\":[\"Beratung\",\"Business\",\"Jobchange\",\"Kommunikation\",\"Lemongrass\",\"M\u00fchlemann\",\"SNB\"],\"articleSection\":[\"MARKETING\"],\"inLanguage\":\"de\"},{\"@type\":\"WebPage\",\"@id\":\"https:\\\/\\\/www.organisator.ch\\\/marketing\\\/2024-11-20\\\/susanne-muehlemann-wird-partnerin-bei-lemongrass-communications\\\/\",\"url\":\"https:\\\/\\\/www.organisator.ch\\\/marketing\\\/2024-11-20\\\/susanne-muehlemann-wird-partnerin-bei-lemongrass-communications\\\/\",\"name\":\"Susanne M\u00fchlemann wird Partnerin bei Lemongrass Communications - Organisator\",\"isPartOf\":{\"@id\":\"https:\\\/\\\/www.organisator.ch\\\/#website\"},\"primaryImageOfPage\":{\"@id\":\"https:\\\/\\\/www.organisator.ch\\\/marketing\\\/2024-11-20\\\/susanne-muehlemann-wird-partnerin-bei-lemongrass-communications\\\/#primaryimage\"},\"image\":{\"@id\":\"https:\\\/\\\/www.organisator.ch\\\/marketing\\\/2024-11-20\\\/susanne-muehlemann-wird-partnerin-bei-lemongrass-communications\\\/#primaryimage\"},\"thumbnailUrl\":\"https:\\\/\\\/www.markt-kom.com\\\/wp-content\\\/uploads\\\/2024\\\/11\\\/Lemongrass-Susanne-Muehlemann.jpg\",\"datePublished\":\"2024-11-20T11:24:45+00:00\",\"dateModified\":\"2024-11-25T15:12:29+00:00\",\"description\":\"Susanne M\u00fchlemann wird Partnerin bei Lemongrass Communications und fokussiert auf Positionierung, Reputation und Krisenkommunikation.\",\"breadcrumb\":{\"@id\":\"https:\\\/\\\/www.organisator.ch\\\/marketing\\\/2024-11-20\\\/susanne-muehlemann-wird-partnerin-bei-lemongrass-communications\\\/#breadcrumb\"},\"inLanguage\":\"de\",\"potentialAction\":[{\"@type\":\"ReadAction\",\"target\":[\"https:\\\/\\\/www.organisator.ch\\\/marketing\\\/2024-11-20\\\/susanne-muehlemann-wird-partnerin-bei-lemongrass-communications\\\/\"]}]},{\"@type\":\"ImageObject\",\"inLanguage\":\"de\",\"@id\":\"https:\\\/\\\/www.organisator.ch\\\/marketing\\\/2024-11-20\\\/susanne-muehlemann-wird-partnerin-bei-lemongrass-communications\\\/#primaryimage\",\"url\":\"https:\\\/\\\/www.markt-kom.com\\\/wp-content\\\/uploads\\\/2024\\\/11\\\/Lemongrass-Susanne-Muehlemann.jpg\",\"contentUrl\":\"https:\\\/\\\/www.markt-kom.com\\\/wp-content\\\/uploads\\\/2024\\\/11\\\/Lemongrass-Susanne-Muehlemann.jpg\"},{\"@type\":\"BreadcrumbList\",\"@id\":\"https:\\\/\\\/www.organisator.ch\\\/marketing\\\/2024-11-20\\\/susanne-muehlemann-wird-partnerin-bei-lemongrass-communications\\\/#breadcrumb\",\"itemListElement\":[{\"@type\":\"ListItem\",\"position\":1,\"name\":\"Home\",\"item\":\"https:\\\/\\\/www.organisator.ch\\\/\"},{\"@type\":\"ListItem\",\"position\":2,\"name\":\"Susanne M\u00fchlemann wird Partnerin bei Lemongrass Communications\"}]},{\"@type\":\"WebSite\",\"@id\":\"https:\\\/\\\/www.organisator.ch\\\/#website\",\"url\":\"https:\\\/\\\/www.organisator.ch\\\/\",\"name\":\"Organisator\",\"description\":\"Kompetent. Praxisnah. Der ORGANISATOR bereitet in 10 Ausgaben pro Jahr die wesentlichen Themen f\u00fcr F\u00fchrungskr\u00e4fte von KMU auf.\",\"publisher\":{\"@id\":\"https:\\\/\\\/www.organisator.ch\\\/#organization\"},\"potentialAction\":[{\"@type\":\"SearchAction\",\"target\":{\"@type\":\"EntryPoint\",\"urlTemplate\":\"https:\\\/\\\/www.organisator.ch\\\/?s={search_term_string}\"},\"query-input\":{\"@type\":\"PropertyValueSpecification\",\"valueRequired\":true,\"valueName\":\"search_term_string\"}}],\"inLanguage\":\"de\"},{\"@type\":\"Organization\",\"@id\":\"https:\\\/\\\/www.organisator.ch\\\/#organization\",\"name\":\"Organisator\",\"url\":\"https:\\\/\\\/www.organisator.ch\\\/\",\"logo\":{\"@type\":\"ImageObject\",\"inLanguage\":\"de\",\"@id\":\"https:\\\/\\\/www.organisator.ch\\\/#\\\/schema\\\/logo\\\/image\\\/\",\"url\":\"https:\\\/\\\/www.organisator.ch\\\/wp-content\\\/uploads\\\/2022\\\/01\\\/Logo_Organisator_Website.png\",\"contentUrl\":\"https:\\\/\\\/www.organisator.ch\\\/wp-content\\\/uploads\\\/2022\\\/01\\\/Logo_Organisator_Website.png\",\"width\":800,\"height\":77,\"caption\":\"Organisator\"},\"image\":{\"@id\":\"https:\\\/\\\/www.organisator.ch\\\/#\\\/schema\\\/logo\\\/image\\\/\"},\"sameAs\":[\"https:\\\/\\\/www.facebook.com\\\/OrganisatorFachmagazin\",\"https:\\\/\\\/www.linkedin.com\\\/showcase\\\/organisator-das-magazin-fr-kmu\",\"https:\\\/\\\/www.xing.com\\\/news\\\/pages\\\/organisator-ch-695\",\"https:\\\/\\\/www.youtube.com\\\/channel\\\/UCGP2Sq0iWaZwT3BdIAQFYpw\"]},{\"@type\":\"Person\",\"@id\":\"https:\\\/\\\/www.organisator.ch\\\/#\\\/schema\\\/person\\\/4e51799071cd2dd1232ac003643ef5f0\",\"name\":\"galledia\",\"image\":{\"@type\":\"ImageObject\",\"inLanguage\":\"de\",\"@id\":\"https:\\\/\\\/secure.gravatar.com\\\/avatar\\\/78a7f90c01fc2bfc875782a0d4922b37cde2cf184ce347b91316d23cd7f69a36?s=96&d=mm&r=g\",\"url\":\"https:\\\/\\\/secure.gravatar.com\\\/avatar\\\/78a7f90c01fc2bfc875782a0d4922b37cde2cf184ce347b91316d23cd7f69a36?s=96&d=mm&r=g\",\"contentUrl\":\"https:\\\/\\\/secure.gravatar.com\\\/avatar\\\/78a7f90c01fc2bfc875782a0d4922b37cde2cf184ce347b91316d23cd7f69a36?s=96&d=mm&r=g\",\"caption\":\"galledia\"},\"sameAs\":[\"https:\\\/\\\/x.com\\\/admin\"],\"url\":\"https:\\\/\\\/www.organisator.ch\\\/de\\\/author\\\/galledia\\\/\"}]}<\/script>\n<!-- \/ Yoast SEO plugin. -->","yoast_head_json":{"title":"Susanne M\u00fchlemann wird Partnerin bei Lemongrass Communications - Organisator","description":"Susanne M\u00fchlemann wird Partnerin bei Lemongrass Communications und fokussiert auf Positionierung, Reputation und Krisenkommunikation.","robots":{"index":"index","follow":"follow","max-snippet":"max-snippet:-1","max-image-preview":"max-image-preview:large","max-video-preview":"max-video-preview:-1"},"canonical":"https:\/\/www.organisator.ch\/de\/marketing\/2024-11-20\/susanne-muehlemann-wird-partnerin-bei-lemongrass-communications\/","og_locale":"de_DE","og_type":"article","og_title":"Susanne M\u00fchlemann wird Partnerin bei Lemongrass Communications - Organisator","og_description":"Susanne M\u00fchlemann wird Partnerin bei Lemongrass Communications und fokussiert auf Positionierung, Reputation und Krisenkommunikation.","og_url":"https:\/\/www.organisator.ch\/de\/marketing\/2024-11-20\/susanne-muehlemann-wird-partnerin-bei-lemongrass-communications\/","og_site_name":"Organisator","article_publisher":"https:\/\/www.facebook.com\/OrganisatorFachmagazin","article_published_time":"2024-11-20T11:24:45+00:00","article_modified_time":"2024-11-25T15:12:29+00:00","author":"galledia","twitter_card":"summary_large_image","twitter_creator":"@admin","schema":{"@context":"https:\/\/schema.org","@graph":[{"@type":"Article","@id":"https:\/\/www.organisator.ch\/marketing\/2024-11-20\/susanne-muehlemann-wird-partnerin-bei-lemongrass-communications\/#article","isPartOf":{"@id":"https:\/\/www.organisator.ch\/marketing\/2024-11-20\/susanne-muehlemann-wird-partnerin-bei-lemongrass-communications\/"},"author":{"name":"galledia","@id":"https:\/\/www.organisator.ch\/#\/schema\/person\/4e51799071cd2dd1232ac003643ef5f0"},"headline":"Susanne M\u00fchlemann wird Partnerin bei Lemongrass Communications","datePublished":"2024-11-20T11:24:45+00:00","dateModified":"2024-11-25T15:12:29+00:00","mainEntityOfPage":{"@id":"https:\/\/www.organisator.ch\/marketing\/2024-11-20\/susanne-muehlemann-wird-partnerin-bei-lemongrass-communications\/"},"wordCount":207,"publisher":{"@id":"https:\/\/www.organisator.ch\/#organization"},"image":{"@id":"https:\/\/www.organisator.ch\/marketing\/2024-11-20\/susanne-muehlemann-wird-partnerin-bei-lemongrass-communications\/#primaryimage"},"thumbnailUrl":"https:\/\/www.markt-kom.com\/wp-content\/uploads\/2024\/11\/Lemongrass-Susanne-Muehlemann.jpg","keywords":["Beratung","Business","Jobchange","Kommunikation","Lemongrass","M\u00fchlemann","SNB"],"articleSection":["MARKETING"],"inLanguage":"de"},{"@type":"WebPage","@id":"https:\/\/www.organisator.ch\/marketing\/2024-11-20\/susanne-muehlemann-wird-partnerin-bei-lemongrass-communications\/","url":"https:\/\/www.organisator.ch\/marketing\/2024-11-20\/susanne-muehlemann-wird-partnerin-bei-lemongrass-communications\/","name":"Susanne M\u00fchlemann wird Partnerin bei Lemongrass Communications - Organisator","isPartOf":{"@id":"https:\/\/www.organisator.ch\/#website"},"primaryImageOfPage":{"@id":"https:\/\/www.organisator.ch\/marketing\/2024-11-20\/susanne-muehlemann-wird-partnerin-bei-lemongrass-communications\/#primaryimage"},"image":{"@id":"https:\/\/www.organisator.ch\/marketing\/2024-11-20\/susanne-muehlemann-wird-partnerin-bei-lemongrass-communications\/#primaryimage"},"thumbnailUrl":"https:\/\/www.markt-kom.com\/wp-content\/uploads\/2024\/11\/Lemongrass-Susanne-Muehlemann.jpg","datePublished":"2024-11-20T11:24:45+00:00","dateModified":"2024-11-25T15:12:29+00:00","description":"Susanne M\u00fchlemann wird Partnerin bei Lemongrass Communications und fokussiert auf Positionierung, Reputation und Krisenkommunikation.","breadcrumb":{"@id":"https:\/\/www.organisator.ch\/marketing\/2024-11-20\/susanne-muehlemann-wird-partnerin-bei-lemongrass-communications\/#breadcrumb"},"inLanguage":"de","potentialAction":[{"@type":"ReadAction","target":["https:\/\/www.organisator.ch\/marketing\/2024-11-20\/susanne-muehlemann-wird-partnerin-bei-lemongrass-communications\/"]}]},{"@type":"ImageObject","inLanguage":"de","@id":"https:\/\/www.organisator.ch\/marketing\/2024-11-20\/susanne-muehlemann-wird-partnerin-bei-lemongrass-communications\/#primaryimage","url":"https:\/\/www.markt-kom.com\/wp-content\/uploads\/2024\/11\/Lemongrass-Susanne-Muehlemann.jpg","contentUrl":"https:\/\/www.markt-kom.com\/wp-content\/uploads\/2024\/11\/Lemongrass-Susanne-Muehlemann.jpg"},{"@type":"BreadcrumbList","@id":"https:\/\/www.organisator.ch\/marketing\/2024-11-20\/susanne-muehlemann-wird-partnerin-bei-lemongrass-communications\/#breadcrumb","itemListElement":[{"@type":"ListItem","position":1,"name":"Home","item":"https:\/\/www.organisator.ch\/"},{"@type":"ListItem","position":2,"name":"Susanne M\u00fchlemann wird Partnerin bei Lemongrass Communications"}]},{"@type":"WebSite","@id":"https:\/\/www.organisator.ch\/#website","url":"https:\/\/www.organisator.ch\/","name":"Organisator","description":"Kompetent. Praxisnah. Der ORGANISATOR bereitet in 10 Ausgaben pro Jahr die wesentlichen Themen f\u00fcr F\u00fchrungskr\u00e4fte von KMU auf.","publisher":{"@id":"https:\/\/www.organisator.ch\/#organization"},"potentialAction":[{"@type":"SearchAction","target":{"@type":"EntryPoint","urlTemplate":"https:\/\/www.organisator.ch\/?s={search_term_string}"},"query-input":{"@type":"PropertyValueSpecification","valueRequired":true,"valueName":"search_term_string"}}],"inLanguage":"de"},{"@type":"Organization","@id":"https:\/\/www.organisator.ch\/#organization","name":"Organisator","url":"https:\/\/www.organisator.ch\/","logo":{"@type":"ImageObject","inLanguage":"de","@id":"https:\/\/www.organisator.ch\/#\/schema\/logo\/image\/","url":"https:\/\/www.organisator.ch\/wp-content\/uploads\/2022\/01\/Logo_Organisator_Website.png","contentUrl":"https:\/\/www.organisator.ch\/wp-content\/uploads\/2022\/01\/Logo_Organisator_Website.png","width":800,"height":77,"caption":"Organisator"},"image":{"@id":"https:\/\/www.organisator.ch\/#\/schema\/logo\/image\/"},"sameAs":["https:\/\/www.facebook.com\/OrganisatorFachmagazin","https:\/\/www.linkedin.com\/showcase\/organisator-das-magazin-fr-kmu","https:\/\/www.xing.com\/news\/pages\/organisator-ch-695","https:\/\/www.youtube.com\/channel\/UCGP2Sq0iWaZwT3BdIAQFYpw"]},{"@type":"Person","@id":"https:\/\/www.organisator.ch\/#\/schema\/person\/4e51799071cd2dd1232ac003643ef5f0","name":"galledia","image":{"@type":"ImageObject","inLanguage":"de","@id":"https:\/\/secure.gravatar.com\/avatar\/78a7f90c01fc2bfc875782a0d4922b37cde2cf184ce347b91316d23cd7f69a36?s=96&d=mm&r=g","url":"https:\/\/secure.gravatar.com\/avatar\/78a7f90c01fc2bfc875782a0d4922b37cde2cf184ce347b91316d23cd7f69a36?s=96&d=mm&r=g","contentUrl":"https:\/\/secure.gravatar.com\/avatar\/78a7f90c01fc2bfc875782a0d4922b37cde2cf184ce347b91316d23cd7f69a36?s=96&d=mm&r=g","caption":"galledia"},"sameAs":["https:\/\/x.com\/admin"],"url":"https:\/\/www.organisator.ch\/de\/author\/galledia\/"}]}},"_links":{"self":[{"href":"https:\/\/www.organisator.ch\/de\/wp-json\/wp\/v2\/posts\/33916","targetHints":{"allow":["GET"]}}],"collection":[{"href":"https:\/\/www.organisator.ch\/de\/wp-json\/wp\/v2\/posts"}],"about":[{"href":"https:\/\/www.organisator.ch\/de\/wp-json\/wp\/v2\/types\/post"}],"author":[{"embeddable":true,"href":"https:\/\/www.organisator.ch\/de\/wp-json\/wp\/v2\/users\/8"}],"replies":[{"embeddable":true,"href":"https:\/\/www.organisator.ch\/de\/wp-json\/wp\/v2\/comments?post=33916"}],"version-history":[{"count":3,"href":"https:\/\/www.organisator.ch\/de\/wp-json\/wp\/v2\/posts\/33916\/revisions"}],"predecessor-version":[{"id":33959,"href":"https:\/\/www.organisator.ch\/de\/wp-json\/wp\/v2\/posts\/33916\/revisions\/33959"}],"wp:attachment":[{"href":"https:\/\/www.organisator.ch\/de\/wp-json\/wp\/v2\/media?parent=33916"}],"wp:term":[{"taxonomy":"category","embeddable":true,"href":"https:\/\/www.organisator.ch\/de\/wp-json\/wp\/v2\/categories?post=33916"},{"taxonomy":"post_tag","embeddable":true,"href":"https:\/\/www.organisator.ch\/de\/wp-json\/wp\/v2\/tags?post=33916"}],"curies":[{"name":"wp","href":"https:\/\/api.w.org\/{rel}","templated":true}]}}