{"id":33918,"date":"2024-11-20T10:03:33","date_gmt":"2024-11-20T09:03:33","guid":{"rendered":"https:\/\/www.markt-kom.com\/?p=226854"},"modified":"2024-11-25T16:11:16","modified_gmt":"2024-11-25T15:11:16","slug":"new-work-in-der-kommunikation-balance-statt-burnout","status":"publish","type":"post","link":"https:\/\/www.organisator.ch\/de\/marketing\/2024-11-20\/new-work-in-der-kommunikation-balance-statt-burnout\/","title":{"rendered":"New Work in der Kommunikation: Balance statt Burnout"},"content":{"rendered":"<figure id=\"attachment_226855\" class=\"wp-caption aligncenter\" style=\"width: 1200px;\" aria-describedby=\"caption-attachment-226855\"><img class=\"aligncenter wp-image-226855 size-full\" src=\"https:\/\/www.markt-kom.com\/wp-content\/uploads\/2024\/11\/Balance-statt-Burnout-DE.jpg\" sizes=\"(max-width: 1200px) 100vw, 1200px\" srcset=\"https:\/\/www.markt-kom.com\/wp-content\/uploads\/2024\/11\/Balance-statt-Burnout-DE.jpg 1200w, https:\/\/www.markt-kom.com\/wp-content\/uploads\/2024\/11\/Balance-statt-Burnout-DE-600x450.jpg 600w, https:\/\/www.markt-kom.com\/wp-content\/uploads\/2024\/11\/Balance-statt-Burnout-DE-1024x768.jpg 1024w, https:\/\/www.markt-kom.com\/wp-content\/uploads\/2024\/11\/Balance-statt-Burnout-DE-768x576.jpg 768w, https:\/\/www.markt-kom.com\/wp-content\/uploads\/2024\/11\/Balance-statt-Burnout-DE-16x12.jpg 16w, https:\/\/www.markt-kom.com\/wp-content\/uploads\/2024\/11\/Balance-statt-Burnout-DE-233x175.jpg 233w, https:\/\/www.markt-kom.com\/wp-content\/uploads\/2024\/11\/Balance-statt-Burnout-DE-467x350.jpg 467w, https:\/\/www.markt-kom.com\/wp-content\/uploads\/2024\/11\/Balance-statt-Burnout-DE-1000x750.jpg 1000w\" alt=\"Selbstbestimmtes Arbeiten in der PR\" width=\"1200\" height=\"900\" \/>\r\n<figcaption id=\"caption-attachment-226855\" class=\"wp-caption-text\">(Grafik: News Aktuell)<\/figcaption>\r\n<\/figure>\r\n<p>Demnach kann eine grosse Mehrheit (91 Prozent) der PR-Profis ihre Arbeit eigenverantwortlich und selbstbestimmt erledigen. Dar\u00fcber hinaus k\u00f6nnen 78 Prozent der Kommunikationsexpert:innen ihre Arbeitszeit flexibel gestalten. Und auch das Management setzt zunehmend auf ein modernes F\u00fchrungsverst\u00e4ndnis: 75 Prozent der F\u00fchrungskr\u00e4fte unterst\u00fctzen selbstbestimmtes Arbeiten aktiv und \u00fcberlassen ihren Teams mehr Verantwortung. Unterst\u00fctzt wird diese Entwicklung durch klare Unternehmensrichtlinien zu Remote Work und die freie Wahl zwischen Homeoffice und B\u00fcro \u2013 das sagen jeweils 71 Prozent der Befragten \u00fcber ihr Unternehmen.<\/p>\r\n<p>Knapp zwei Drittel (65 Prozent) der Kommunikationsexpert:innen geben zudem an, dass in ihrem Unternehmen eine Lernkultur gef\u00f6rdert wird, die eine kontinuierliche Weiterbildung und pers\u00f6nliche Entwicklung unterst\u00fctzt. Gleichzeitig wird in fast ebenso vielen Unternehmen und PR-Agenturen (63 Prozent) darauf geachtet, dass Arbeit und Privatleben in einem ausgewogenen Verh\u00e4ltnis stehen (Work-Life-Balance). Diversity wird bereits in 62 Prozent der Unternehmen gef\u00f6rdert, so die PR-Fachleute.<\/p>\r\n<p>F\u00fcr 58 Prozent der PR-Schaffenden ist es mittlerweile m\u00f6glich, vermehrt aus dem Homeoffice zu arbeiten, und genau die H\u00e4lfte (50 Prozent) der Befragten f\u00fchren an, dass in ihren Unternehmen F\u00fchrungskr\u00e4fte verst\u00e4rkt Verantwortung abgeben. Agiles Arbeiten ist f\u00fcr fast genauso viele (49 Prozent) inzwischen zum Standard geworden.<\/p>\r\n<p>Nur lediglich jeder Dritte (31Prozent) sagt, dass alle im Team in derselben Stadt arbeiten, und bei knapp einem Viertel (24 Prozent) arbeitet das eigene Team sogar komplett remote. Bei gut jedem f\u00fcnften PR-Profi (22 Prozent) f\u00f6rdert das jeweilige Unternehmen Remote Work sogar auch im europ\u00e4ischen Ausland.<\/p>\r\n<h3><strong>Das haben Kommunikator:innen angegeben<\/strong><\/h3>\r\n<ul>\r\n\t<li>Ich kann meine Arbeit eigenverantwortlich und selbstbestimmt erledigen 91 %<\/li>\r\n\t<li>Ich kann mir meine Arbeitszeit flexibel einteilen 78 %<\/li>\r\n\t<li>In meinem Unternehmen unterst\u00fctzen, ermutigen und best\u00e4rken F\u00fchrungskr\u00e4fte ihre Teams beim selbstbestimmten Arbeiten 75 %<\/li>\r\n\t<li>In meinem Unternehmen gibt es klare Richtlinien zu Remote Work 71%<\/li>\r\n\t<li>Ich kann mir aussuchen, ob ich im Homeoffice oder im B\u00fcro arbeite 71 %<\/li>\r\n\t<li>In meinem Unternehmen wird eine Lernkultur gef\u00f6rdert, die kontinuierliche Weiterbildung und pers\u00f6nliche Entwicklung unterst\u00fctzt 65 %<\/li>\r\n\t<li>In meinem Unternehmen wird darauf geachtet, dass Arbeit und Privatleben in einem ausgewogenen Verh\u00e4ltnis stehen 63 %<\/li>\r\n\t<li>In meinem Unternehmen wird Diversity gef\u00f6rdert 62 %<\/li>\r\n\t<li>Ich arbeite vermehrt aus dem Homeoffice 58 %<\/li>\r\n\t<li>In meinem Unternehmen geben F\u00fchrungskr\u00e4fte verst\u00e4rkt Verantwortung ab 50 %<\/li>\r\n\t<li>Ich habe Mitspracherecht \/ Teilhabe an Unternehmensentscheidungen 50 %<\/li>\r\n\t<li>In meinem Unternehmen ist agiles Arbeiten Standard 49 %<\/li>\r\n\t<li>In meinem Team arbeiten alle in der gleichen Stadt 31 %<\/li>\r\n\t<li>In meinem Team arbeiten alle remote 24 %<\/li>\r\n\t<li>Mein Unternehmen f\u00f6rdert Remote Work im europ\u00e4ischen Ausland 22 %<\/li>\r\n<\/ul>\r\n<hr \/>\r\n<p><em>F\u00fcr den <a href=\"https:\/\/www.newsaktuell.de\/blog\/search\/?s=PR-Trendmonitor\">PR-Trendmonitor<\/a> haben News Aktuell und Per eine Online-Befragung im Februar 2024 unter 327 Kommunikationsprofis aus Unternehmen, Organisationen und PR-Agenturen in der Schweiz und in Deutschland durchgef\u00fchrt.<\/em><\/p>","protected":false},"excerpt":{"rendered":"<p>Eigenverantwortliches und selbstbestimmtes Arbeiten, flexible Arbeitszeiten sowie F\u00fchrungskr\u00e4fte, die ein selbstbestimmtes Arbeiten unterst\u00fctzen, geh\u00f6ren f\u00fcr die Mehrheit der Kommunikator:innen zunehmend zur Realit\u00e4t der \u00abNeuen Arbeitswelten\u00bb, wie der PR-Trendmonitor von News Aktuell und Per zeigt.<\/p>\n","protected":false},"author":8,"featured_media":0,"comment_status":"closed","ping_status":"closed","sticky":false,"template":"","format":"standard","meta":{"_acf_changed":false,"_yoast_wpseo_focuskw":"Selbstbestimmtes Arbeiten in der PR","_yoast_wpseo_metadesc":"91 % der PR-Profis arbeiten eigenverantwortlich und flexibel. F\u00fchrungskr\u00e4fte f\u00f6rdern selbstbestimmtes Arbeiten, laut PR-Trendmonitor.","articlekey":"","footnotes":""},"categories":[29],"tags":[1193,225,4343,363,4497,4823,4671,4825,4824,459],"class_list":["post-33918","post","type-post","status-publish","format-standard","hentry","category-marketing","tag-flexibilitaet","tag-fuehrung","tag-markom","tag-new-work","tag-news-aktuell","tag-pr","tag-pr-trendmonitor","tag-remotework","tag-selbstbestimmung","tag-studie"],"acf":[],"yoast_head":"<!-- This site is optimized with the Yoast SEO plugin v27.4 - https:\/\/yoast.com\/product\/yoast-seo-wordpress\/ -->\n<title>New Work in der Kommunikation: Balance statt Burnout - Organisator<\/title>\n<meta name=\"description\" content=\"91 % der PR-Profis arbeiten eigenverantwortlich und flexibel. F\u00fchrungskr\u00e4fte f\u00f6rdern selbstbestimmtes Arbeiten, laut PR-Trendmonitor.\" \/>\n<meta name=\"robots\" content=\"index, follow, max-snippet:-1, max-image-preview:large, max-video-preview:-1\" \/>\n<link rel=\"canonical\" href=\"https:\/\/www.organisator.ch\/de\/marketing\/2024-11-20\/new-work-in-der-kommunikation-balance-statt-burnout\/\" \/>\n<meta property=\"og:locale\" content=\"de_DE\" \/>\n<meta property=\"og:type\" content=\"article\" \/>\n<meta property=\"og:title\" content=\"New Work in der Kommunikation: Balance statt Burnout - Organisator\" \/>\n<meta property=\"og:description\" content=\"91 % der PR-Profis arbeiten eigenverantwortlich und flexibel. F\u00fchrungskr\u00e4fte f\u00f6rdern selbstbestimmtes Arbeiten, laut PR-Trendmonitor.\" \/>\n<meta property=\"og:url\" content=\"https:\/\/www.organisator.ch\/de\/marketing\/2024-11-20\/new-work-in-der-kommunikation-balance-statt-burnout\/\" \/>\n<meta property=\"og:site_name\" content=\"Organisator\" \/>\n<meta property=\"article:publisher\" content=\"https:\/\/www.facebook.com\/OrganisatorFachmagazin\" \/>\n<meta property=\"article:published_time\" content=\"2024-11-20T09:03:33+00:00\" \/>\n<meta property=\"article:modified_time\" content=\"2024-11-25T15:11:16+00:00\" \/>\n<meta name=\"author\" content=\"galledia\" \/>\n<meta name=\"twitter:card\" content=\"summary_large_image\" \/>\n<meta name=\"twitter:creator\" content=\"@admin\" \/>\n<script type=\"application\/ld+json\" class=\"yoast-schema-graph\">{\"@context\":\"https:\\\/\\\/schema.org\",\"@graph\":[{\"@type\":\"Article\",\"@id\":\"https:\\\/\\\/www.organisator.ch\\\/marketing\\\/2024-11-20\\\/new-work-in-der-kommunikation-balance-statt-burnout\\\/#article\",\"isPartOf\":{\"@id\":\"https:\\\/\\\/www.organisator.ch\\\/marketing\\\/2024-11-20\\\/new-work-in-der-kommunikation-balance-statt-burnout\\\/\"},\"author\":{\"name\":\"galledia\",\"@id\":\"https:\\\/\\\/www.organisator.ch\\\/#\\\/schema\\\/person\\\/4e51799071cd2dd1232ac003643ef5f0\"},\"headline\":\"New Work in der Kommunikation: Balance statt Burnout\",\"datePublished\":\"2024-11-20T09:03:33+00:00\",\"dateModified\":\"2024-11-25T15:11:16+00:00\",\"mainEntityOfPage\":{\"@id\":\"https:\\\/\\\/www.organisator.ch\\\/marketing\\\/2024-11-20\\\/new-work-in-der-kommunikation-balance-statt-burnout\\\/\"},\"wordCount\":440,\"publisher\":{\"@id\":\"https:\\\/\\\/www.organisator.ch\\\/#organization\"},\"image\":{\"@id\":\"https:\\\/\\\/www.organisator.ch\\\/marketing\\\/2024-11-20\\\/new-work-in-der-kommunikation-balance-statt-burnout\\\/#primaryimage\"},\"thumbnailUrl\":\"https:\\\/\\\/www.markt-kom.com\\\/wp-content\\\/uploads\\\/2024\\\/11\\\/Balance-statt-Burnout-DE.jpg\",\"keywords\":[\"Flexibilit\u00e4t\",\"F\u00fchrung\",\"MarKom\",\"New Work\",\"News Aktuell\",\"PR\",\"PR-Trendmonitor\",\"RemoteWork\",\"Selbstbestimmung\",\"Studie\"],\"articleSection\":[\"MARKETING\"],\"inLanguage\":\"de\"},{\"@type\":\"WebPage\",\"@id\":\"https:\\\/\\\/www.organisator.ch\\\/marketing\\\/2024-11-20\\\/new-work-in-der-kommunikation-balance-statt-burnout\\\/\",\"url\":\"https:\\\/\\\/www.organisator.ch\\\/marketing\\\/2024-11-20\\\/new-work-in-der-kommunikation-balance-statt-burnout\\\/\",\"name\":\"New Work in der Kommunikation: Balance statt Burnout - Organisator\",\"isPartOf\":{\"@id\":\"https:\\\/\\\/www.organisator.ch\\\/#website\"},\"primaryImageOfPage\":{\"@id\":\"https:\\\/\\\/www.organisator.ch\\\/marketing\\\/2024-11-20\\\/new-work-in-der-kommunikation-balance-statt-burnout\\\/#primaryimage\"},\"image\":{\"@id\":\"https:\\\/\\\/www.organisator.ch\\\/marketing\\\/2024-11-20\\\/new-work-in-der-kommunikation-balance-statt-burnout\\\/#primaryimage\"},\"thumbnailUrl\":\"https:\\\/\\\/www.markt-kom.com\\\/wp-content\\\/uploads\\\/2024\\\/11\\\/Balance-statt-Burnout-DE.jpg\",\"datePublished\":\"2024-11-20T09:03:33+00:00\",\"dateModified\":\"2024-11-25T15:11:16+00:00\",\"description\":\"91 % der PR-Profis arbeiten eigenverantwortlich und flexibel. F\u00fchrungskr\u00e4fte f\u00f6rdern selbstbestimmtes Arbeiten, laut PR-Trendmonitor.\",\"breadcrumb\":{\"@id\":\"https:\\\/\\\/www.organisator.ch\\\/marketing\\\/2024-11-20\\\/new-work-in-der-kommunikation-balance-statt-burnout\\\/#breadcrumb\"},\"inLanguage\":\"de\",\"potentialAction\":[{\"@type\":\"ReadAction\",\"target\":[\"https:\\\/\\\/www.organisator.ch\\\/marketing\\\/2024-11-20\\\/new-work-in-der-kommunikation-balance-statt-burnout\\\/\"]}]},{\"@type\":\"ImageObject\",\"inLanguage\":\"de\",\"@id\":\"https:\\\/\\\/www.organisator.ch\\\/marketing\\\/2024-11-20\\\/new-work-in-der-kommunikation-balance-statt-burnout\\\/#primaryimage\",\"url\":\"https:\\\/\\\/www.markt-kom.com\\\/wp-content\\\/uploads\\\/2024\\\/11\\\/Balance-statt-Burnout-DE.jpg\",\"contentUrl\":\"https:\\\/\\\/www.markt-kom.com\\\/wp-content\\\/uploads\\\/2024\\\/11\\\/Balance-statt-Burnout-DE.jpg\"},{\"@type\":\"BreadcrumbList\",\"@id\":\"https:\\\/\\\/www.organisator.ch\\\/marketing\\\/2024-11-20\\\/new-work-in-der-kommunikation-balance-statt-burnout\\\/#breadcrumb\",\"itemListElement\":[{\"@type\":\"ListItem\",\"position\":1,\"name\":\"Home\",\"item\":\"https:\\\/\\\/www.organisator.ch\\\/\"},{\"@type\":\"ListItem\",\"position\":2,\"name\":\"New Work in der Kommunikation: Balance statt Burnout\"}]},{\"@type\":\"WebSite\",\"@id\":\"https:\\\/\\\/www.organisator.ch\\\/#website\",\"url\":\"https:\\\/\\\/www.organisator.ch\\\/\",\"name\":\"Organisator\",\"description\":\"Kompetent. Praxisnah. Der ORGANISATOR bereitet in 10 Ausgaben pro Jahr die wesentlichen Themen f\u00fcr F\u00fchrungskr\u00e4fte von KMU auf.\",\"publisher\":{\"@id\":\"https:\\\/\\\/www.organisator.ch\\\/#organization\"},\"potentialAction\":[{\"@type\":\"SearchAction\",\"target\":{\"@type\":\"EntryPoint\",\"urlTemplate\":\"https:\\\/\\\/www.organisator.ch\\\/?s={search_term_string}\"},\"query-input\":{\"@type\":\"PropertyValueSpecification\",\"valueRequired\":true,\"valueName\":\"search_term_string\"}}],\"inLanguage\":\"de\"},{\"@type\":\"Organization\",\"@id\":\"https:\\\/\\\/www.organisator.ch\\\/#organization\",\"name\":\"Organisator\",\"url\":\"https:\\\/\\\/www.organisator.ch\\\/\",\"logo\":{\"@type\":\"ImageObject\",\"inLanguage\":\"de\",\"@id\":\"https:\\\/\\\/www.organisator.ch\\\/#\\\/schema\\\/logo\\\/image\\\/\",\"url\":\"https:\\\/\\\/www.organisator.ch\\\/wp-content\\\/uploads\\\/2022\\\/01\\\/Logo_Organisator_Website.png\",\"contentUrl\":\"https:\\\/\\\/www.organisator.ch\\\/wp-content\\\/uploads\\\/2022\\\/01\\\/Logo_Organisator_Website.png\",\"width\":800,\"height\":77,\"caption\":\"Organisator\"},\"image\":{\"@id\":\"https:\\\/\\\/www.organisator.ch\\\/#\\\/schema\\\/logo\\\/image\\\/\"},\"sameAs\":[\"https:\\\/\\\/www.facebook.com\\\/OrganisatorFachmagazin\",\"https:\\\/\\\/www.linkedin.com\\\/showcase\\\/organisator-das-magazin-fr-kmu\",\"https:\\\/\\\/www.xing.com\\\/news\\\/pages\\\/organisator-ch-695\",\"https:\\\/\\\/www.youtube.com\\\/channel\\\/UCGP2Sq0iWaZwT3BdIAQFYpw\"]},{\"@type\":\"Person\",\"@id\":\"https:\\\/\\\/www.organisator.ch\\\/#\\\/schema\\\/person\\\/4e51799071cd2dd1232ac003643ef5f0\",\"name\":\"galledia\",\"image\":{\"@type\":\"ImageObject\",\"inLanguage\":\"de\",\"@id\":\"https:\\\/\\\/secure.gravatar.com\\\/avatar\\\/78a7f90c01fc2bfc875782a0d4922b37cde2cf184ce347b91316d23cd7f69a36?s=96&d=mm&r=g\",\"url\":\"https:\\\/\\\/secure.gravatar.com\\\/avatar\\\/78a7f90c01fc2bfc875782a0d4922b37cde2cf184ce347b91316d23cd7f69a36?s=96&d=mm&r=g\",\"contentUrl\":\"https:\\\/\\\/secure.gravatar.com\\\/avatar\\\/78a7f90c01fc2bfc875782a0d4922b37cde2cf184ce347b91316d23cd7f69a36?s=96&d=mm&r=g\",\"caption\":\"galledia\"},\"sameAs\":[\"https:\\\/\\\/x.com\\\/admin\"],\"url\":\"https:\\\/\\\/www.organisator.ch\\\/de\\\/author\\\/galledia\\\/\"}]}<\/script>\n<!-- \/ Yoast SEO plugin. -->","yoast_head_json":{"title":"New Work in der Kommunikation: Balance statt Burnout - Organisator","description":"91 % der PR-Profis arbeiten eigenverantwortlich und flexibel. F\u00fchrungskr\u00e4fte f\u00f6rdern selbstbestimmtes Arbeiten, laut PR-Trendmonitor.","robots":{"index":"index","follow":"follow","max-snippet":"max-snippet:-1","max-image-preview":"max-image-preview:large","max-video-preview":"max-video-preview:-1"},"canonical":"https:\/\/www.organisator.ch\/de\/marketing\/2024-11-20\/new-work-in-der-kommunikation-balance-statt-burnout\/","og_locale":"de_DE","og_type":"article","og_title":"New Work in der Kommunikation: Balance statt Burnout - Organisator","og_description":"91 % der PR-Profis arbeiten eigenverantwortlich und flexibel. F\u00fchrungskr\u00e4fte f\u00f6rdern selbstbestimmtes Arbeiten, laut PR-Trendmonitor.","og_url":"https:\/\/www.organisator.ch\/de\/marketing\/2024-11-20\/new-work-in-der-kommunikation-balance-statt-burnout\/","og_site_name":"Organisator","article_publisher":"https:\/\/www.facebook.com\/OrganisatorFachmagazin","article_published_time":"2024-11-20T09:03:33+00:00","article_modified_time":"2024-11-25T15:11:16+00:00","author":"galledia","twitter_card":"summary_large_image","twitter_creator":"@admin","schema":{"@context":"https:\/\/schema.org","@graph":[{"@type":"Article","@id":"https:\/\/www.organisator.ch\/marketing\/2024-11-20\/new-work-in-der-kommunikation-balance-statt-burnout\/#article","isPartOf":{"@id":"https:\/\/www.organisator.ch\/marketing\/2024-11-20\/new-work-in-der-kommunikation-balance-statt-burnout\/"},"author":{"name":"galledia","@id":"https:\/\/www.organisator.ch\/#\/schema\/person\/4e51799071cd2dd1232ac003643ef5f0"},"headline":"New Work in der Kommunikation: Balance statt Burnout","datePublished":"2024-11-20T09:03:33+00:00","dateModified":"2024-11-25T15:11:16+00:00","mainEntityOfPage":{"@id":"https:\/\/www.organisator.ch\/marketing\/2024-11-20\/new-work-in-der-kommunikation-balance-statt-burnout\/"},"wordCount":440,"publisher":{"@id":"https:\/\/www.organisator.ch\/#organization"},"image":{"@id":"https:\/\/www.organisator.ch\/marketing\/2024-11-20\/new-work-in-der-kommunikation-balance-statt-burnout\/#primaryimage"},"thumbnailUrl":"https:\/\/www.markt-kom.com\/wp-content\/uploads\/2024\/11\/Balance-statt-Burnout-DE.jpg","keywords":["Flexibilit\u00e4t","F\u00fchrung","MarKom","New Work","News Aktuell","PR","PR-Trendmonitor","RemoteWork","Selbstbestimmung","Studie"],"articleSection":["MARKETING"],"inLanguage":"de"},{"@type":"WebPage","@id":"https:\/\/www.organisator.ch\/marketing\/2024-11-20\/new-work-in-der-kommunikation-balance-statt-burnout\/","url":"https:\/\/www.organisator.ch\/marketing\/2024-11-20\/new-work-in-der-kommunikation-balance-statt-burnout\/","name":"New Work in der Kommunikation: Balance statt Burnout - Organisator","isPartOf":{"@id":"https:\/\/www.organisator.ch\/#website"},"primaryImageOfPage":{"@id":"https:\/\/www.organisator.ch\/marketing\/2024-11-20\/new-work-in-der-kommunikation-balance-statt-burnout\/#primaryimage"},"image":{"@id":"https:\/\/www.organisator.ch\/marketing\/2024-11-20\/new-work-in-der-kommunikation-balance-statt-burnout\/#primaryimage"},"thumbnailUrl":"https:\/\/www.markt-kom.com\/wp-content\/uploads\/2024\/11\/Balance-statt-Burnout-DE.jpg","datePublished":"2024-11-20T09:03:33+00:00","dateModified":"2024-11-25T15:11:16+00:00","description":"91 % der PR-Profis arbeiten eigenverantwortlich und flexibel. F\u00fchrungskr\u00e4fte f\u00f6rdern selbstbestimmtes Arbeiten, laut PR-Trendmonitor.","breadcrumb":{"@id":"https:\/\/www.organisator.ch\/marketing\/2024-11-20\/new-work-in-der-kommunikation-balance-statt-burnout\/#breadcrumb"},"inLanguage":"de","potentialAction":[{"@type":"ReadAction","target":["https:\/\/www.organisator.ch\/marketing\/2024-11-20\/new-work-in-der-kommunikation-balance-statt-burnout\/"]}]},{"@type":"ImageObject","inLanguage":"de","@id":"https:\/\/www.organisator.ch\/marketing\/2024-11-20\/new-work-in-der-kommunikation-balance-statt-burnout\/#primaryimage","url":"https:\/\/www.markt-kom.com\/wp-content\/uploads\/2024\/11\/Balance-statt-Burnout-DE.jpg","contentUrl":"https:\/\/www.markt-kom.com\/wp-content\/uploads\/2024\/11\/Balance-statt-Burnout-DE.jpg"},{"@type":"BreadcrumbList","@id":"https:\/\/www.organisator.ch\/marketing\/2024-11-20\/new-work-in-der-kommunikation-balance-statt-burnout\/#breadcrumb","itemListElement":[{"@type":"ListItem","position":1,"name":"Home","item":"https:\/\/www.organisator.ch\/"},{"@type":"ListItem","position":2,"name":"New Work in der Kommunikation: Balance statt Burnout"}]},{"@type":"WebSite","@id":"https:\/\/www.organisator.ch\/#website","url":"https:\/\/www.organisator.ch\/","name":"Organisator","description":"Kompetent. Praxisnah. Der ORGANISATOR bereitet in 10 Ausgaben pro Jahr die wesentlichen Themen f\u00fcr F\u00fchrungskr\u00e4fte von KMU auf.","publisher":{"@id":"https:\/\/www.organisator.ch\/#organization"},"potentialAction":[{"@type":"SearchAction","target":{"@type":"EntryPoint","urlTemplate":"https:\/\/www.organisator.ch\/?s={search_term_string}"},"query-input":{"@type":"PropertyValueSpecification","valueRequired":true,"valueName":"search_term_string"}}],"inLanguage":"de"},{"@type":"Organization","@id":"https:\/\/www.organisator.ch\/#organization","name":"Organisator","url":"https:\/\/www.organisator.ch\/","logo":{"@type":"ImageObject","inLanguage":"de","@id":"https:\/\/www.organisator.ch\/#\/schema\/logo\/image\/","url":"https:\/\/www.organisator.ch\/wp-content\/uploads\/2022\/01\/Logo_Organisator_Website.png","contentUrl":"https:\/\/www.organisator.ch\/wp-content\/uploads\/2022\/01\/Logo_Organisator_Website.png","width":800,"height":77,"caption":"Organisator"},"image":{"@id":"https:\/\/www.organisator.ch\/#\/schema\/logo\/image\/"},"sameAs":["https:\/\/www.facebook.com\/OrganisatorFachmagazin","https:\/\/www.linkedin.com\/showcase\/organisator-das-magazin-fr-kmu","https:\/\/www.xing.com\/news\/pages\/organisator-ch-695","https:\/\/www.youtube.com\/channel\/UCGP2Sq0iWaZwT3BdIAQFYpw"]},{"@type":"Person","@id":"https:\/\/www.organisator.ch\/#\/schema\/person\/4e51799071cd2dd1232ac003643ef5f0","name":"galledia","image":{"@type":"ImageObject","inLanguage":"de","@id":"https:\/\/secure.gravatar.com\/avatar\/78a7f90c01fc2bfc875782a0d4922b37cde2cf184ce347b91316d23cd7f69a36?s=96&d=mm&r=g","url":"https:\/\/secure.gravatar.com\/avatar\/78a7f90c01fc2bfc875782a0d4922b37cde2cf184ce347b91316d23cd7f69a36?s=96&d=mm&r=g","contentUrl":"https:\/\/secure.gravatar.com\/avatar\/78a7f90c01fc2bfc875782a0d4922b37cde2cf184ce347b91316d23cd7f69a36?s=96&d=mm&r=g","caption":"galledia"},"sameAs":["https:\/\/x.com\/admin"],"url":"https:\/\/www.organisator.ch\/de\/author\/galledia\/"}]}},"_links":{"self":[{"href":"https:\/\/www.organisator.ch\/de\/wp-json\/wp\/v2\/posts\/33918","targetHints":{"allow":["GET"]}}],"collection":[{"href":"https:\/\/www.organisator.ch\/de\/wp-json\/wp\/v2\/posts"}],"about":[{"href":"https:\/\/www.organisator.ch\/de\/wp-json\/wp\/v2\/types\/post"}],"author":[{"embeddable":true,"href":"https:\/\/www.organisator.ch\/de\/wp-json\/wp\/v2\/users\/8"}],"replies":[{"embeddable":true,"href":"https:\/\/www.organisator.ch\/de\/wp-json\/wp\/v2\/comments?post=33918"}],"version-history":[{"count":3,"href":"https:\/\/www.organisator.ch\/de\/wp-json\/wp\/v2\/posts\/33918\/revisions"}],"predecessor-version":[{"id":33956,"href":"https:\/\/www.organisator.ch\/de\/wp-json\/wp\/v2\/posts\/33918\/revisions\/33956"}],"wp:attachment":[{"href":"https:\/\/www.organisator.ch\/de\/wp-json\/wp\/v2\/media?parent=33918"}],"wp:term":[{"taxonomy":"category","embeddable":true,"href":"https:\/\/www.organisator.ch\/de\/wp-json\/wp\/v2\/categories?post=33918"},{"taxonomy":"post_tag","embeddable":true,"href":"https:\/\/www.organisator.ch\/de\/wp-json\/wp\/v2\/tags?post=33918"}],"curies":[{"name":"wp","href":"https:\/\/api.w.org\/{rel}","templated":true}]}}