{"id":33924,"date":"2024-11-19T10:37:53","date_gmt":"2024-11-19T09:37:53","guid":{"rendered":"https:\/\/www.markt-kom.com\/?p=226804"},"modified":"2024-11-25T16:08:19","modified_gmt":"2024-11-25T15:08:19","slug":"susanne-schgaguler-wird-cmo-cosmetics-bei-weleda","status":"publish","type":"post","link":"https:\/\/www.organisator.ch\/de\/marketing\/2024-11-19\/susanne-schgaguler-wird-cmo-cosmetics-bei-weleda\/","title":{"rendered":"Susanne Schgaguler wird CMO Cosmetics bei Weleda"},"content":{"rendered":"<figure id=\"attachment_226805\" class=\"wp-caption alignnone\" style=\"width: 1200px;\" aria-describedby=\"caption-attachment-226805\"><img class=\"alignnone wp-image-226805 size-full\" src=\"https:\/\/www.markt-kom.com\/wp-content\/uploads\/2024\/11\/cmoc-weleda-susanne-sschgaguler.jpg\" sizes=\"(max-width: 1200px) 100vw, 1200px\" srcset=\"https:\/\/www.markt-kom.com\/wp-content\/uploads\/2024\/11\/cmoc-weleda-susanne-sschgaguler.jpg 1200w, https:\/\/www.markt-kom.com\/wp-content\/uploads\/2024\/11\/cmoc-weleda-susanne-sschgaguler-600x450.jpg 600w, https:\/\/www.markt-kom.com\/wp-content\/uploads\/2024\/11\/cmoc-weleda-susanne-sschgaguler-1024x768.jpg 1024w, https:\/\/www.markt-kom.com\/wp-content\/uploads\/2024\/11\/cmoc-weleda-susanne-sschgaguler-768x576.jpg 768w, https:\/\/www.markt-kom.com\/wp-content\/uploads\/2024\/11\/cmoc-weleda-susanne-sschgaguler-16x12.jpg 16w, https:\/\/www.markt-kom.com\/wp-content\/uploads\/2024\/11\/cmoc-weleda-susanne-sschgaguler-233x175.jpg 233w, https:\/\/www.markt-kom.com\/wp-content\/uploads\/2024\/11\/cmoc-weleda-susanne-sschgaguler-467x350.jpg 467w, https:\/\/www.markt-kom.com\/wp-content\/uploads\/2024\/11\/cmoc-weleda-susanne-sschgaguler-1000x750.jpg 1000w\" alt=\"Weleda Markenf\u00fchrung\" width=\"1200\" height=\"900\" \/>\r\n<figcaption id=\"caption-attachment-226805\" class=\"wp-caption-text\">(Bild: zVg.)<\/figcaption>\r\n<\/figure>\r\n<p>Seit f\u00fcnf Jahren ist Schgaguler bei Weleda t\u00e4tig. Im Fr\u00fchling 2022 hat sie die Rolle als Head Group Brand Management Cosmetics \u00fcbernommen. Schgaguler bringt zwanzig Jahre Erfahrung in der Konsumg\u00fcterbranche mit, unter anderem aus dem Marketing bei Novartis, dem Product &amp; Sales Management bei LVMH und dem Brand Management bei Procter &amp; Gamble. \u00abSusanne hat gezeigt, dass sie mit ihrer ausgepr\u00e4gten Branchen- und Markenexpertise, ihrer starken Umsetzungskraft und F\u00fchrungsst\u00e4rke massgeblich zum Wachstum der Marke beitr\u00e4gt\u00bb, sagt Weleda-CEO Tina M\u00fcller. Susanne Schgaguler wird vom Hauptsitz in Arlesheim aus an Tina M\u00fcller berichten.<\/p>\r\n<p>Der bisherige CMO, Lars Zirpins, wird das Unternehmen im Dezember in beiderseitigem Einvernehmen nach zwei erfolgreichen Jahren bei Weleda verlassen. Mit ihm als CMO habe sich die Marke massgeblich modernisiert und weiterentwickelt, so M\u00fcller: \u00abUnter seiner F\u00fchrung konnten wir die Transformation des Marketings von Weleda umsetzen und unsere Organisation fit f\u00fcr die Zukunft machen.\u00bb<\/p>","protected":false},"excerpt":{"rendered":"<p>Susanne Schgaguler \u00fcbernimmt per Januar 2025 die Position der Chief Marketing Officer (CMO) Cosmetics bei Weleda. Der bisherige CMO Lars Zirpins wird das Kosmetik-Unternehmen verlassen, um sich neuen Herausforderungen zu stellen.<\/p>\n","protected":false},"author":8,"featured_media":0,"comment_status":"closed","ping_status":"closed","sticky":false,"template":"","format":"standard","meta":{"_acf_changed":false,"_yoast_wpseo_focuskw":"Weleda Markenf\u00fchrung","_yoast_wpseo_metadesc":"Susanne Schgaguler \u00fcbernimmt das Brand Management bei Weleda. Der bisherige CMO Lars Zirpins verl\u00e4sst das Unternehmen im Dezember.","articlekey":"","footnotes":""},"categories":[29],"tags":[4820,3840,2853,4247,3893,4343,4819,4805],"class_list":["post-33924","post","type-post","status-publish","format-standard","hentry","category-marketing","tag-arlesheim","tag-cmo","tag-jobchange","tag-koerperpflege-und-kosmetik","tag-markenfuehrung","tag-markom","tag-schgaguler","tag-weleda"],"acf":[],"yoast_head":"<!-- This site is optimized with the Yoast SEO plugin v27.5 - https:\/\/yoast.com\/product\/yoast-seo-wordpress\/ -->\n<title>Susanne Schgaguler wird CMO Cosmetics bei Weleda - Organisator<\/title>\n<meta name=\"description\" content=\"Susanne Schgaguler \u00fcbernimmt das Brand Management bei Weleda. Der bisherige CMO Lars Zirpins verl\u00e4sst das Unternehmen im Dezember.\" \/>\n<meta name=\"robots\" content=\"index, follow, max-snippet:-1, max-image-preview:large, max-video-preview:-1\" \/>\n<link rel=\"canonical\" href=\"https:\/\/www.organisator.ch\/de\/marketing\/2024-11-19\/susanne-schgaguler-wird-cmo-cosmetics-bei-weleda\/\" \/>\n<meta property=\"og:locale\" content=\"de_DE\" \/>\n<meta property=\"og:type\" content=\"article\" \/>\n<meta property=\"og:title\" content=\"Susanne Schgaguler wird CMO Cosmetics bei Weleda - Organisator\" \/>\n<meta property=\"og:description\" content=\"Susanne Schgaguler \u00fcbernimmt das Brand Management bei Weleda. Der bisherige CMO Lars Zirpins verl\u00e4sst das Unternehmen im Dezember.\" \/>\n<meta property=\"og:url\" content=\"https:\/\/www.organisator.ch\/de\/marketing\/2024-11-19\/susanne-schgaguler-wird-cmo-cosmetics-bei-weleda\/\" \/>\n<meta property=\"og:site_name\" content=\"Organisator\" \/>\n<meta property=\"article:publisher\" content=\"https:\/\/www.facebook.com\/OrganisatorFachmagazin\" \/>\n<meta property=\"article:published_time\" content=\"2024-11-19T09:37:53+00:00\" \/>\n<meta property=\"article:modified_time\" content=\"2024-11-25T15:08:19+00:00\" \/>\n<meta name=\"author\" content=\"galledia\" \/>\n<meta name=\"twitter:card\" content=\"summary_large_image\" \/>\n<meta name=\"twitter:creator\" content=\"@admin\" \/>\n<script type=\"application\/ld+json\" class=\"yoast-schema-graph\">{\"@context\":\"https:\\\/\\\/schema.org\",\"@graph\":[{\"@type\":\"Article\",\"@id\":\"https:\\\/\\\/www.organisator.ch\\\/marketing\\\/2024-11-19\\\/susanne-schgaguler-wird-cmo-cosmetics-bei-weleda\\\/#article\",\"isPartOf\":{\"@id\":\"https:\\\/\\\/www.organisator.ch\\\/marketing\\\/2024-11-19\\\/susanne-schgaguler-wird-cmo-cosmetics-bei-weleda\\\/\"},\"author\":{\"name\":\"galledia\",\"@id\":\"https:\\\/\\\/www.organisator.ch\\\/#\\\/schema\\\/person\\\/4e51799071cd2dd1232ac003643ef5f0\"},\"headline\":\"Susanne Schgaguler wird CMO Cosmetics bei Weleda\",\"datePublished\":\"2024-11-19T09:37:53+00:00\",\"dateModified\":\"2024-11-25T15:08:19+00:00\",\"mainEntityOfPage\":{\"@id\":\"https:\\\/\\\/www.organisator.ch\\\/marketing\\\/2024-11-19\\\/susanne-schgaguler-wird-cmo-cosmetics-bei-weleda\\\/\"},\"wordCount\":166,\"publisher\":{\"@id\":\"https:\\\/\\\/www.organisator.ch\\\/#organization\"},\"image\":{\"@id\":\"https:\\\/\\\/www.organisator.ch\\\/marketing\\\/2024-11-19\\\/susanne-schgaguler-wird-cmo-cosmetics-bei-weleda\\\/#primaryimage\"},\"thumbnailUrl\":\"https:\\\/\\\/www.markt-kom.com\\\/wp-content\\\/uploads\\\/2024\\\/11\\\/cmoc-weleda-susanne-sschgaguler.jpg\",\"keywords\":[\"Arlesheim\",\"CMO\",\"Jobchange\",\"K\u00f6rperpflege und Kosmetik\",\"Markenf\u00fchrung\",\"MarKom\",\"Schgaguler\",\"Weleda\"],\"articleSection\":[\"MARKETING\"],\"inLanguage\":\"de\"},{\"@type\":\"WebPage\",\"@id\":\"https:\\\/\\\/www.organisator.ch\\\/marketing\\\/2024-11-19\\\/susanne-schgaguler-wird-cmo-cosmetics-bei-weleda\\\/\",\"url\":\"https:\\\/\\\/www.organisator.ch\\\/marketing\\\/2024-11-19\\\/susanne-schgaguler-wird-cmo-cosmetics-bei-weleda\\\/\",\"name\":\"Susanne Schgaguler wird CMO Cosmetics bei Weleda - Organisator\",\"isPartOf\":{\"@id\":\"https:\\\/\\\/www.organisator.ch\\\/#website\"},\"primaryImageOfPage\":{\"@id\":\"https:\\\/\\\/www.organisator.ch\\\/marketing\\\/2024-11-19\\\/susanne-schgaguler-wird-cmo-cosmetics-bei-weleda\\\/#primaryimage\"},\"image\":{\"@id\":\"https:\\\/\\\/www.organisator.ch\\\/marketing\\\/2024-11-19\\\/susanne-schgaguler-wird-cmo-cosmetics-bei-weleda\\\/#primaryimage\"},\"thumbnailUrl\":\"https:\\\/\\\/www.markt-kom.com\\\/wp-content\\\/uploads\\\/2024\\\/11\\\/cmoc-weleda-susanne-sschgaguler.jpg\",\"datePublished\":\"2024-11-19T09:37:53+00:00\",\"dateModified\":\"2024-11-25T15:08:19+00:00\",\"description\":\"Susanne Schgaguler \u00fcbernimmt das Brand Management bei Weleda. Der bisherige CMO Lars Zirpins verl\u00e4sst das Unternehmen im Dezember.\",\"breadcrumb\":{\"@id\":\"https:\\\/\\\/www.organisator.ch\\\/marketing\\\/2024-11-19\\\/susanne-schgaguler-wird-cmo-cosmetics-bei-weleda\\\/#breadcrumb\"},\"inLanguage\":\"de\",\"potentialAction\":[{\"@type\":\"ReadAction\",\"target\":[\"https:\\\/\\\/www.organisator.ch\\\/marketing\\\/2024-11-19\\\/susanne-schgaguler-wird-cmo-cosmetics-bei-weleda\\\/\"]}]},{\"@type\":\"ImageObject\",\"inLanguage\":\"de\",\"@id\":\"https:\\\/\\\/www.organisator.ch\\\/marketing\\\/2024-11-19\\\/susanne-schgaguler-wird-cmo-cosmetics-bei-weleda\\\/#primaryimage\",\"url\":\"https:\\\/\\\/www.markt-kom.com\\\/wp-content\\\/uploads\\\/2024\\\/11\\\/cmoc-weleda-susanne-sschgaguler.jpg\",\"contentUrl\":\"https:\\\/\\\/www.markt-kom.com\\\/wp-content\\\/uploads\\\/2024\\\/11\\\/cmoc-weleda-susanne-sschgaguler.jpg\"},{\"@type\":\"BreadcrumbList\",\"@id\":\"https:\\\/\\\/www.organisator.ch\\\/marketing\\\/2024-11-19\\\/susanne-schgaguler-wird-cmo-cosmetics-bei-weleda\\\/#breadcrumb\",\"itemListElement\":[{\"@type\":\"ListItem\",\"position\":1,\"name\":\"Home\",\"item\":\"https:\\\/\\\/www.organisator.ch\\\/\"},{\"@type\":\"ListItem\",\"position\":2,\"name\":\"Susanne Schgaguler wird CMO Cosmetics bei Weleda\"}]},{\"@type\":\"WebSite\",\"@id\":\"https:\\\/\\\/www.organisator.ch\\\/#website\",\"url\":\"https:\\\/\\\/www.organisator.ch\\\/\",\"name\":\"Organisator\",\"description\":\"Kompetent. Praxisnah. Der ORGANISATOR bereitet in 10 Ausgaben pro Jahr die wesentlichen Themen f\u00fcr F\u00fchrungskr\u00e4fte von KMU auf.\",\"publisher\":{\"@id\":\"https:\\\/\\\/www.organisator.ch\\\/#organization\"},\"potentialAction\":[{\"@type\":\"SearchAction\",\"target\":{\"@type\":\"EntryPoint\",\"urlTemplate\":\"https:\\\/\\\/www.organisator.ch\\\/?s={search_term_string}\"},\"query-input\":{\"@type\":\"PropertyValueSpecification\",\"valueRequired\":true,\"valueName\":\"search_term_string\"}}],\"inLanguage\":\"de\"},{\"@type\":\"Organization\",\"@id\":\"https:\\\/\\\/www.organisator.ch\\\/#organization\",\"name\":\"Organisator\",\"url\":\"https:\\\/\\\/www.organisator.ch\\\/\",\"logo\":{\"@type\":\"ImageObject\",\"inLanguage\":\"de\",\"@id\":\"https:\\\/\\\/www.organisator.ch\\\/#\\\/schema\\\/logo\\\/image\\\/\",\"url\":\"https:\\\/\\\/www.organisator.ch\\\/wp-content\\\/uploads\\\/2022\\\/01\\\/Logo_Organisator_Website.png\",\"contentUrl\":\"https:\\\/\\\/www.organisator.ch\\\/wp-content\\\/uploads\\\/2022\\\/01\\\/Logo_Organisator_Website.png\",\"width\":800,\"height\":77,\"caption\":\"Organisator\"},\"image\":{\"@id\":\"https:\\\/\\\/www.organisator.ch\\\/#\\\/schema\\\/logo\\\/image\\\/\"},\"sameAs\":[\"https:\\\/\\\/www.facebook.com\\\/OrganisatorFachmagazin\",\"https:\\\/\\\/www.linkedin.com\\\/showcase\\\/organisator-das-magazin-fr-kmu\",\"https:\\\/\\\/www.xing.com\\\/news\\\/pages\\\/organisator-ch-695\",\"https:\\\/\\\/www.youtube.com\\\/channel\\\/UCGP2Sq0iWaZwT3BdIAQFYpw\"]},{\"@type\":\"Person\",\"@id\":\"https:\\\/\\\/www.organisator.ch\\\/#\\\/schema\\\/person\\\/4e51799071cd2dd1232ac003643ef5f0\",\"name\":\"galledia\",\"image\":{\"@type\":\"ImageObject\",\"inLanguage\":\"de\",\"@id\":\"https:\\\/\\\/secure.gravatar.com\\\/avatar\\\/78a7f90c01fc2bfc875782a0d4922b37cde2cf184ce347b91316d23cd7f69a36?s=96&d=mm&r=g\",\"url\":\"https:\\\/\\\/secure.gravatar.com\\\/avatar\\\/78a7f90c01fc2bfc875782a0d4922b37cde2cf184ce347b91316d23cd7f69a36?s=96&d=mm&r=g\",\"contentUrl\":\"https:\\\/\\\/secure.gravatar.com\\\/avatar\\\/78a7f90c01fc2bfc875782a0d4922b37cde2cf184ce347b91316d23cd7f69a36?s=96&d=mm&r=g\",\"caption\":\"galledia\"},\"sameAs\":[\"https:\\\/\\\/x.com\\\/admin\"],\"url\":\"https:\\\/\\\/www.organisator.ch\\\/de\\\/author\\\/galledia\\\/\"}]}<\/script>\n<!-- \/ Yoast SEO plugin. -->","yoast_head_json":{"title":"Susanne Schgaguler wird CMO Cosmetics bei Weleda - Organisator","description":"Susanne Schgaguler \u00fcbernimmt das Brand Management bei Weleda. Der bisherige CMO Lars Zirpins verl\u00e4sst das Unternehmen im Dezember.","robots":{"index":"index","follow":"follow","max-snippet":"max-snippet:-1","max-image-preview":"max-image-preview:large","max-video-preview":"max-video-preview:-1"},"canonical":"https:\/\/www.organisator.ch\/de\/marketing\/2024-11-19\/susanne-schgaguler-wird-cmo-cosmetics-bei-weleda\/","og_locale":"de_DE","og_type":"article","og_title":"Susanne Schgaguler wird CMO Cosmetics bei Weleda - Organisator","og_description":"Susanne Schgaguler \u00fcbernimmt das Brand Management bei Weleda. Der bisherige CMO Lars Zirpins verl\u00e4sst das Unternehmen im Dezember.","og_url":"https:\/\/www.organisator.ch\/de\/marketing\/2024-11-19\/susanne-schgaguler-wird-cmo-cosmetics-bei-weleda\/","og_site_name":"Organisator","article_publisher":"https:\/\/www.facebook.com\/OrganisatorFachmagazin","article_published_time":"2024-11-19T09:37:53+00:00","article_modified_time":"2024-11-25T15:08:19+00:00","author":"galledia","twitter_card":"summary_large_image","twitter_creator":"@admin","schema":{"@context":"https:\/\/schema.org","@graph":[{"@type":"Article","@id":"https:\/\/www.organisator.ch\/marketing\/2024-11-19\/susanne-schgaguler-wird-cmo-cosmetics-bei-weleda\/#article","isPartOf":{"@id":"https:\/\/www.organisator.ch\/marketing\/2024-11-19\/susanne-schgaguler-wird-cmo-cosmetics-bei-weleda\/"},"author":{"name":"galledia","@id":"https:\/\/www.organisator.ch\/#\/schema\/person\/4e51799071cd2dd1232ac003643ef5f0"},"headline":"Susanne Schgaguler wird CMO Cosmetics bei Weleda","datePublished":"2024-11-19T09:37:53+00:00","dateModified":"2024-11-25T15:08:19+00:00","mainEntityOfPage":{"@id":"https:\/\/www.organisator.ch\/marketing\/2024-11-19\/susanne-schgaguler-wird-cmo-cosmetics-bei-weleda\/"},"wordCount":166,"publisher":{"@id":"https:\/\/www.organisator.ch\/#organization"},"image":{"@id":"https:\/\/www.organisator.ch\/marketing\/2024-11-19\/susanne-schgaguler-wird-cmo-cosmetics-bei-weleda\/#primaryimage"},"thumbnailUrl":"https:\/\/www.markt-kom.com\/wp-content\/uploads\/2024\/11\/cmoc-weleda-susanne-sschgaguler.jpg","keywords":["Arlesheim","CMO","Jobchange","K\u00f6rperpflege und Kosmetik","Markenf\u00fchrung","MarKom","Schgaguler","Weleda"],"articleSection":["MARKETING"],"inLanguage":"de"},{"@type":"WebPage","@id":"https:\/\/www.organisator.ch\/marketing\/2024-11-19\/susanne-schgaguler-wird-cmo-cosmetics-bei-weleda\/","url":"https:\/\/www.organisator.ch\/marketing\/2024-11-19\/susanne-schgaguler-wird-cmo-cosmetics-bei-weleda\/","name":"Susanne Schgaguler wird CMO Cosmetics bei Weleda - Organisator","isPartOf":{"@id":"https:\/\/www.organisator.ch\/#website"},"primaryImageOfPage":{"@id":"https:\/\/www.organisator.ch\/marketing\/2024-11-19\/susanne-schgaguler-wird-cmo-cosmetics-bei-weleda\/#primaryimage"},"image":{"@id":"https:\/\/www.organisator.ch\/marketing\/2024-11-19\/susanne-schgaguler-wird-cmo-cosmetics-bei-weleda\/#primaryimage"},"thumbnailUrl":"https:\/\/www.markt-kom.com\/wp-content\/uploads\/2024\/11\/cmoc-weleda-susanne-sschgaguler.jpg","datePublished":"2024-11-19T09:37:53+00:00","dateModified":"2024-11-25T15:08:19+00:00","description":"Susanne Schgaguler \u00fcbernimmt das Brand Management bei Weleda. Der bisherige CMO Lars Zirpins verl\u00e4sst das Unternehmen im Dezember.","breadcrumb":{"@id":"https:\/\/www.organisator.ch\/marketing\/2024-11-19\/susanne-schgaguler-wird-cmo-cosmetics-bei-weleda\/#breadcrumb"},"inLanguage":"de","potentialAction":[{"@type":"ReadAction","target":["https:\/\/www.organisator.ch\/marketing\/2024-11-19\/susanne-schgaguler-wird-cmo-cosmetics-bei-weleda\/"]}]},{"@type":"ImageObject","inLanguage":"de","@id":"https:\/\/www.organisator.ch\/marketing\/2024-11-19\/susanne-schgaguler-wird-cmo-cosmetics-bei-weleda\/#primaryimage","url":"https:\/\/www.markt-kom.com\/wp-content\/uploads\/2024\/11\/cmoc-weleda-susanne-sschgaguler.jpg","contentUrl":"https:\/\/www.markt-kom.com\/wp-content\/uploads\/2024\/11\/cmoc-weleda-susanne-sschgaguler.jpg"},{"@type":"BreadcrumbList","@id":"https:\/\/www.organisator.ch\/marketing\/2024-11-19\/susanne-schgaguler-wird-cmo-cosmetics-bei-weleda\/#breadcrumb","itemListElement":[{"@type":"ListItem","position":1,"name":"Home","item":"https:\/\/www.organisator.ch\/"},{"@type":"ListItem","position":2,"name":"Susanne Schgaguler wird CMO Cosmetics bei Weleda"}]},{"@type":"WebSite","@id":"https:\/\/www.organisator.ch\/#website","url":"https:\/\/www.organisator.ch\/","name":"Organisator","description":"Kompetent. Praxisnah. Der ORGANISATOR bereitet in 10 Ausgaben pro Jahr die wesentlichen Themen f\u00fcr F\u00fchrungskr\u00e4fte von KMU auf.","publisher":{"@id":"https:\/\/www.organisator.ch\/#organization"},"potentialAction":[{"@type":"SearchAction","target":{"@type":"EntryPoint","urlTemplate":"https:\/\/www.organisator.ch\/?s={search_term_string}"},"query-input":{"@type":"PropertyValueSpecification","valueRequired":true,"valueName":"search_term_string"}}],"inLanguage":"de"},{"@type":"Organization","@id":"https:\/\/www.organisator.ch\/#organization","name":"Organisator","url":"https:\/\/www.organisator.ch\/","logo":{"@type":"ImageObject","inLanguage":"de","@id":"https:\/\/www.organisator.ch\/#\/schema\/logo\/image\/","url":"https:\/\/www.organisator.ch\/wp-content\/uploads\/2022\/01\/Logo_Organisator_Website.png","contentUrl":"https:\/\/www.organisator.ch\/wp-content\/uploads\/2022\/01\/Logo_Organisator_Website.png","width":800,"height":77,"caption":"Organisator"},"image":{"@id":"https:\/\/www.organisator.ch\/#\/schema\/logo\/image\/"},"sameAs":["https:\/\/www.facebook.com\/OrganisatorFachmagazin","https:\/\/www.linkedin.com\/showcase\/organisator-das-magazin-fr-kmu","https:\/\/www.xing.com\/news\/pages\/organisator-ch-695","https:\/\/www.youtube.com\/channel\/UCGP2Sq0iWaZwT3BdIAQFYpw"]},{"@type":"Person","@id":"https:\/\/www.organisator.ch\/#\/schema\/person\/4e51799071cd2dd1232ac003643ef5f0","name":"galledia","image":{"@type":"ImageObject","inLanguage":"de","@id":"https:\/\/secure.gravatar.com\/avatar\/78a7f90c01fc2bfc875782a0d4922b37cde2cf184ce347b91316d23cd7f69a36?s=96&d=mm&r=g","url":"https:\/\/secure.gravatar.com\/avatar\/78a7f90c01fc2bfc875782a0d4922b37cde2cf184ce347b91316d23cd7f69a36?s=96&d=mm&r=g","contentUrl":"https:\/\/secure.gravatar.com\/avatar\/78a7f90c01fc2bfc875782a0d4922b37cde2cf184ce347b91316d23cd7f69a36?s=96&d=mm&r=g","caption":"galledia"},"sameAs":["https:\/\/x.com\/admin"],"url":"https:\/\/www.organisator.ch\/de\/author\/galledia\/"}]}},"_links":{"self":[{"href":"https:\/\/www.organisator.ch\/de\/wp-json\/wp\/v2\/posts\/33924","targetHints":{"allow":["GET"]}}],"collection":[{"href":"https:\/\/www.organisator.ch\/de\/wp-json\/wp\/v2\/posts"}],"about":[{"href":"https:\/\/www.organisator.ch\/de\/wp-json\/wp\/v2\/types\/post"}],"author":[{"embeddable":true,"href":"https:\/\/www.organisator.ch\/de\/wp-json\/wp\/v2\/users\/8"}],"replies":[{"embeddable":true,"href":"https:\/\/www.organisator.ch\/de\/wp-json\/wp\/v2\/comments?post=33924"}],"version-history":[{"count":3,"href":"https:\/\/www.organisator.ch\/de\/wp-json\/wp\/v2\/posts\/33924\/revisions"}],"predecessor-version":[{"id":33950,"href":"https:\/\/www.organisator.ch\/de\/wp-json\/wp\/v2\/posts\/33924\/revisions\/33950"}],"wp:attachment":[{"href":"https:\/\/www.organisator.ch\/de\/wp-json\/wp\/v2\/media?parent=33924"}],"wp:term":[{"taxonomy":"category","embeddable":true,"href":"https:\/\/www.organisator.ch\/de\/wp-json\/wp\/v2\/categories?post=33924"},{"taxonomy":"post_tag","embeddable":true,"href":"https:\/\/www.organisator.ch\/de\/wp-json\/wp\/v2\/tags?post=33924"}],"curies":[{"name":"wp","href":"https:\/\/api.w.org\/{rel}","templated":true}]}}