{"id":33926,"date":"2024-11-19T09:19:24","date_gmt":"2024-11-19T08:19:24","guid":{"rendered":"https:\/\/www.markt-kom.com\/?p=226799"},"modified":"2024-11-25T16:07:27","modified_gmt":"2024-11-25T15:07:27","slug":"schroten-und-nagra-stossen-oeffentliche-debatte-zum-tiefenlager-an","status":"publish","type":"post","link":"https:\/\/www.organisator.ch\/de\/marketing\/2024-11-19\/schroten-und-nagra-stossen-oeffentliche-debatte-zum-tiefenlager-an\/","title":{"rendered":"Schroten und Nagra stossen \u00f6ffentliche Debatte zum Tiefenlager an"},"content":{"rendered":"<p><img class=\"alignnone wp-image-226800 size-full\" src=\"https:\/\/www.markt-kom.com\/wp-content\/uploads\/2024\/11\/Nagra_Addendum_Covers.jpg\" sizes=\"(max-width: 1200px) 100vw, 1200px\" srcset=\"https:\/\/www.markt-kom.com\/wp-content\/uploads\/2024\/11\/Nagra_Addendum_Covers.jpg 1200w, https:\/\/www.markt-kom.com\/wp-content\/uploads\/2024\/11\/Nagra_Addendum_Covers-600x450.jpg 600w, https:\/\/www.markt-kom.com\/wp-content\/uploads\/2024\/11\/Nagra_Addendum_Covers-1024x768.jpg 1024w, https:\/\/www.markt-kom.com\/wp-content\/uploads\/2024\/11\/Nagra_Addendum_Covers-768x576.jpg 768w, https:\/\/www.markt-kom.com\/wp-content\/uploads\/2024\/11\/Nagra_Addendum_Covers-16x12.jpg 16w, https:\/\/www.markt-kom.com\/wp-content\/uploads\/2024\/11\/Nagra_Addendum_Covers-233x175.jpg 233w, https:\/\/www.markt-kom.com\/wp-content\/uploads\/2024\/11\/Nagra_Addendum_Covers-467x350.jpg 467w, https:\/\/www.markt-kom.com\/wp-content\/uploads\/2024\/11\/Nagra_Addendum_Covers-1000x750.jpg 1000w\" alt=\"Schweizer Tiefenlager N\u00f6rdlich L\u00e4gern\" width=\"1200\" height=\"900\" \/><\/p>\r\n<p>Am Dienstag reicht die Nationale Genossenschaft f\u00fcr die Lagerung radioaktiver Abf\u00e4lle Nagra beim Bund das Rahmenbewilligungsgesuch f\u00fcr das Schweizer Tiefenlager ein. Damit tritt das Bauprojekt in eine neue Phase und nach 50 Jahren Forschung beginnt nun die \u00f6ffentliche Debatte: Das Volk soll schlussendlich dar\u00fcber entscheiden, ob das Tiefenlager am Standort N\u00f6rdlich L\u00e4gern gebaut werden soll.<\/p>\r\n<p><img class=\"alignnone wp-image-226802 size-full\" src=\"https:\/\/www.markt-kom.com\/wp-content\/uploads\/2024\/11\/Nagra_Addendum_digitaleAssets.jpg\" sizes=\"(max-width: 1200px) 100vw, 1200px\" srcset=\"https:\/\/www.markt-kom.com\/wp-content\/uploads\/2024\/11\/Nagra_Addendum_digitaleAssets.jpg 1200w, https:\/\/www.markt-kom.com\/wp-content\/uploads\/2024\/11\/Nagra_Addendum_digitaleAssets-600x450.jpg 600w, https:\/\/www.markt-kom.com\/wp-content\/uploads\/2024\/11\/Nagra_Addendum_digitaleAssets-1024x768.jpg 1024w, https:\/\/www.markt-kom.com\/wp-content\/uploads\/2024\/11\/Nagra_Addendum_digitaleAssets-768x576.jpg 768w, https:\/\/www.markt-kom.com\/wp-content\/uploads\/2024\/11\/Nagra_Addendum_digitaleAssets-16x12.jpg 16w, https:\/\/www.markt-kom.com\/wp-content\/uploads\/2024\/11\/Nagra_Addendum_digitaleAssets-233x175.jpg 233w, https:\/\/www.markt-kom.com\/wp-content\/uploads\/2024\/11\/Nagra_Addendum_digitaleAssets-467x350.jpg 467w, https:\/\/www.markt-kom.com\/wp-content\/uploads\/2024\/11\/Nagra_Addendum_digitaleAssets-1000x750.jpg 1000w\" alt=\"Schweizer Tiefenlager N\u00f6rdlich L\u00e4gern\" width=\"1200\" height=\"900\" \/><\/p>\r\n<p>Deshalb erscheint die diesj\u00e4hrige Ausgabe des Jahrhundertmagazins nicht nur als gedrucktes Magazin, sondern auch als Podcast-Serie mit zehn Pers\u00f6nlichkeiten aus Politik, Wissenschaft und Kultur, die im Gespr\u00e4ch mit Moderator Hannes Hug ihre Perspektive auf das Projekt Tiefenlager vermitteln.<\/p>\r\n<p><img class=\"alignnone wp-image-226801 size-full\" src=\"https:\/\/www.markt-kom.com\/wp-content\/uploads\/2024\/11\/Nagra_Podcast_Leuthard.jpg\" sizes=\"(max-width: 1200px) 100vw, 1200px\" srcset=\"https:\/\/www.markt-kom.com\/wp-content\/uploads\/2024\/11\/Nagra_Podcast_Leuthard.jpg 1200w, https:\/\/www.markt-kom.com\/wp-content\/uploads\/2024\/11\/Nagra_Podcast_Leuthard-600x450.jpg 600w, https:\/\/www.markt-kom.com\/wp-content\/uploads\/2024\/11\/Nagra_Podcast_Leuthard-1024x768.jpg 1024w, https:\/\/www.markt-kom.com\/wp-content\/uploads\/2024\/11\/Nagra_Podcast_Leuthard-768x576.jpg 768w, https:\/\/www.markt-kom.com\/wp-content\/uploads\/2024\/11\/Nagra_Podcast_Leuthard-16x12.jpg 16w, https:\/\/www.markt-kom.com\/wp-content\/uploads\/2024\/11\/Nagra_Podcast_Leuthard-233x175.jpg 233w, https:\/\/www.markt-kom.com\/wp-content\/uploads\/2024\/11\/Nagra_Podcast_Leuthard-467x350.jpg 467w, https:\/\/www.markt-kom.com\/wp-content\/uploads\/2024\/11\/Nagra_Podcast_Leuthard-1000x750.jpg 1000w\" alt=\"Schweizer Tiefenlager N\u00f6rdlich L\u00e4gern\" width=\"1200\" height=\"900\" \/><\/p>\r\n<p>Die Massnahmen erg\u00e4nzen die Zahlen und Fakten des Rahmenbewilligungsgesuchs um den Faktor Mensch \u2013 den \u00abwichtigsten aller Faktoren\u00bb, wie es heisst. Zu Wort kommen Menschen aus der Bev\u00f6lkerung und Pers\u00f6nlichkeiten, die aufgrund ihres beruflichen T\u00e4tigkeitsfeldes mit \u00dcberlegungen zum Tiefenlager in Ber\u00fchrung gekommen sind oder kommen werden \u2013 unter anderem Alt-Bundesr\u00e4tin Doris Leuthard, Ethiker Dominic Roser, Bestsellerautor Thomas Meyer oder Zukunftsforscherin Jeannie Schneider. \u00abDie grossen Abwesenden in dieser Debatte sind die k\u00fcnftigen Generationen\u00bb, sagt etwa Dominic Roser. Der Lehr- und Forschungsrat der Universit\u00e4t Fribourg und pl\u00e4diert daf\u00fcr, ihre Interessen st\u00e4rker miteinzubeziehen.<\/p>\r\n<p><iframe title=\"500m+ Der Jahrhunderpodcast - Die Dokumentation 2024\" src=\"https:\/\/www.youtube.com\/embed\/yozjC_kx-vQ?feature=oembed\" width=\"768\" height=\"432\" frameborder=\"0\" allowfullscreen=\"allowfullscreen\"><\/iframe><\/p>\r\n<p>\u00abF\u00fcr uns ist die Einreichung des Rahmenbewilligungsgesuch ein epochaler Schritt\u00bb, erkl\u00e4rt Nagra-CEO Matthias Braun. \u00abNun braucht es nicht nur eine Pr\u00fcfung des Gesuchs durch die Beh\u00f6rden, sondern auch eine m\u00f6glichst breite Debatte. Den zuletzt entscheidet schliesslich das Stimmvolk \u00fcber das Tiefenlager in N\u00f6rdlich L\u00e4gern. Mit dem Podcast und dem Magazin wollen wir die Debatte lancieren und eruieren, welche Visionen, Hoffnungen und \u00c4ngste die Schweizer Bev\u00f6lkerung mit dem Projekt Tiefenlager verbindet.\u00bb<\/p>\r\n<p><iframe title=\"500m+ Jahrhundertpodcast Shot allgemeiner Trailer\" src=\"https:\/\/www.youtube.com\/embed\/LPLbY-tlmIE?feature=oembed\" width=\"768\" height=\"432\" frameborder=\"0\" allowfullscreen=\"allowfullscreen\"><\/iframe><\/p>\r\n<p>Der gemeinsam mit der Z\u00fcrcher Agentur Schroten konzipierte und von einem Team von Spezialist:innen umgesetzte Content soll in den n\u00e4chsten Monaten auf mehreren Kan\u00e4len f\u00fcr Denkanst\u00f6sse sorgen. Dazu wurden neben dem Printmagazin, dem Hub <a href=\"https:\/\/jahrhundertmagazin.swiss\/500m-podcast-perspektiven-tiefenlager\/\">Jahrhundertmagazin.swiss<\/a> und den auf allen g\u00e4ngigen Portalen abrufbaren Podcasts auch eine Filmdokumentation und ein Kinotrailer erstellt. Letzterer ist ab Ende November in den Schweizer Kinos zu sehen.<\/p>\r\n<p><iframe title=\"500m+ Jahrhundertpodcast Short Doku Meyer\" src=\"https:\/\/www.youtube.com\/embed\/3ob0ZJO-aXE?feature=oembed\" width=\"768\" height=\"432\" frameborder=\"0\" allowfullscreen=\"allowfullscreen\"><\/iframe><\/p>\r\n<hr \/>\r\n<p><strong>Verantwortlich bei Nagra: <\/strong>Patrick Studer (Leiter Kommunikation), Oliver Hinze (Kommunikationsmanager). <strong>Verantwortlich bei Schroten: <\/strong>Adrian Schr\u00e4der (Gesamtverantwortung &amp; Konzept), Adrian Huwyler (Konzept und Entwicklung), Aline Herzog (Projektleitung), Hannes Hug (Moderation &amp; Redaktion), David Fehr, Mich\u00e8le Roten, Sebastian Sele, Florian Leu (Redaktion &amp; Produktion), Hubertus Design (Layout &amp; Art Direction), Rea Gutzwiller (Korrektorat), B\u00e1lint Dobozi, M\u00e1rton Dobozi (Ton &amp; Musik). <strong>Fotos:<\/strong> Maurice Haas. <strong>Film:<\/strong> Mattogrosso Films, Benjamin Weiss (Director), Marc Bachmann (DOP), Annika Fausch (Schnitt). <strong>Web:<\/strong> Cubera Solutions, Natalia Gerasimenko, Michael Fretz. <strong>Media:<\/strong> Speed U Up Suisse, Dama Halter; Capture Media, Sandro Albin, Nicole Ruckstuhl.<\/p>","protected":false},"excerpt":{"rendered":"<p>Die Nagra will eine Debatte \u00fcber das Tiefenlager initiieren. Unter anderem mit dem Jahrhundertmagazin und zehn tiefgr\u00fcndigen Podcasts aus ganz verschiedenen Blickwinkeln. F\u00fcr die Umsetzung zeichnet Schroten verantwortlich.<\/p>\n","protected":false},"author":8,"featured_media":0,"comment_status":"closed","ping_status":"closed","sticky":false,"template":"","format":"standard","meta":{"_acf_changed":false,"_yoast_wpseo_focuskw":"Schweizer Tiefenlager N\u00f6rdlich L\u00e4gern","_yoast_wpseo_metadesc":"Nagra reicht das Gesuch f\u00fcr das Tiefenlager N\u00f6rdlich L\u00e4gern ein. Die \u00f6ffentliche Debatte beginnt, das Volk entscheidet.","articlekey":"","footnotes":""},"categories":[29],"tags":[4817,4818,4343,4806,386,4807,424,4816],"class_list":["post-33926","post","type-post","status-publish","format-standard","hentry","category-marketing","tag-debatte","tag-genehmigung","tag-markom","tag-nagra","tag-politik","tag-schroten","tag-schweiz","tag-tiefenlager"],"acf":[],"yoast_head":"<!-- This site is optimized with the Yoast SEO plugin v27.4 - https:\/\/yoast.com\/product\/yoast-seo-wordpress\/ -->\n<title>Schroten und Nagra stossen \u00f6ffentliche Debatte zum Tiefenlager an - Organisator<\/title>\n<meta name=\"description\" content=\"Nagra reicht das Gesuch f\u00fcr das Tiefenlager N\u00f6rdlich L\u00e4gern ein. Die \u00f6ffentliche Debatte beginnt, das Volk entscheidet.\" \/>\n<meta name=\"robots\" content=\"index, follow, max-snippet:-1, max-image-preview:large, max-video-preview:-1\" \/>\n<link rel=\"canonical\" href=\"https:\/\/www.organisator.ch\/de\/marketing\/2024-11-19\/schroten-und-nagra-stossen-oeffentliche-debatte-zum-tiefenlager-an\/\" \/>\n<meta property=\"og:locale\" content=\"de_DE\" \/>\n<meta property=\"og:type\" content=\"article\" \/>\n<meta property=\"og:title\" content=\"Schroten und Nagra stossen \u00f6ffentliche Debatte zum Tiefenlager an - Organisator\" \/>\n<meta property=\"og:description\" content=\"Nagra reicht das Gesuch f\u00fcr das Tiefenlager N\u00f6rdlich L\u00e4gern ein. Die \u00f6ffentliche Debatte beginnt, das Volk entscheidet.\" \/>\n<meta property=\"og:url\" content=\"https:\/\/www.organisator.ch\/de\/marketing\/2024-11-19\/schroten-und-nagra-stossen-oeffentliche-debatte-zum-tiefenlager-an\/\" \/>\n<meta property=\"og:site_name\" content=\"Organisator\" \/>\n<meta property=\"article:publisher\" content=\"https:\/\/www.facebook.com\/OrganisatorFachmagazin\" \/>\n<meta property=\"article:published_time\" content=\"2024-11-19T08:19:24+00:00\" \/>\n<meta property=\"article:modified_time\" content=\"2024-11-25T15:07:27+00:00\" \/>\n<meta name=\"author\" content=\"galledia\" \/>\n<meta name=\"twitter:card\" content=\"summary_large_image\" \/>\n<meta name=\"twitter:creator\" content=\"@admin\" \/>\n<script type=\"application\/ld+json\" class=\"yoast-schema-graph\">{\"@context\":\"https:\\\/\\\/schema.org\",\"@graph\":[{\"@type\":\"Article\",\"@id\":\"https:\\\/\\\/www.organisator.ch\\\/marketing\\\/2024-11-19\\\/schroten-und-nagra-stossen-oeffentliche-debatte-zum-tiefenlager-an\\\/#article\",\"isPartOf\":{\"@id\":\"https:\\\/\\\/www.organisator.ch\\\/marketing\\\/2024-11-19\\\/schroten-und-nagra-stossen-oeffentliche-debatte-zum-tiefenlager-an\\\/\"},\"author\":{\"name\":\"galledia\",\"@id\":\"https:\\\/\\\/www.organisator.ch\\\/#\\\/schema\\\/person\\\/4e51799071cd2dd1232ac003643ef5f0\"},\"headline\":\"Schroten und Nagra stossen \u00f6ffentliche Debatte zum Tiefenlager an\",\"datePublished\":\"2024-11-19T08:19:24+00:00\",\"dateModified\":\"2024-11-25T15:07:27+00:00\",\"mainEntityOfPage\":{\"@id\":\"https:\\\/\\\/www.organisator.ch\\\/marketing\\\/2024-11-19\\\/schroten-und-nagra-stossen-oeffentliche-debatte-zum-tiefenlager-an\\\/\"},\"wordCount\":453,\"publisher\":{\"@id\":\"https:\\\/\\\/www.organisator.ch\\\/#organization\"},\"image\":{\"@id\":\"https:\\\/\\\/www.organisator.ch\\\/marketing\\\/2024-11-19\\\/schroten-und-nagra-stossen-oeffentliche-debatte-zum-tiefenlager-an\\\/#primaryimage\"},\"thumbnailUrl\":\"https:\\\/\\\/www.markt-kom.com\\\/wp-content\\\/uploads\\\/2024\\\/11\\\/Nagra_Addendum_Covers.jpg\",\"keywords\":[\"Debatte\",\"Genehmigung\",\"MarKom\",\"Nagra\",\"Politik\",\"Schroten\",\"Schweiz\",\"Tiefenlager\"],\"articleSection\":[\"MARKETING\"],\"inLanguage\":\"de\"},{\"@type\":\"WebPage\",\"@id\":\"https:\\\/\\\/www.organisator.ch\\\/marketing\\\/2024-11-19\\\/schroten-und-nagra-stossen-oeffentliche-debatte-zum-tiefenlager-an\\\/\",\"url\":\"https:\\\/\\\/www.organisator.ch\\\/marketing\\\/2024-11-19\\\/schroten-und-nagra-stossen-oeffentliche-debatte-zum-tiefenlager-an\\\/\",\"name\":\"Schroten und Nagra stossen \u00f6ffentliche Debatte zum Tiefenlager an - Organisator\",\"isPartOf\":{\"@id\":\"https:\\\/\\\/www.organisator.ch\\\/#website\"},\"primaryImageOfPage\":{\"@id\":\"https:\\\/\\\/www.organisator.ch\\\/marketing\\\/2024-11-19\\\/schroten-und-nagra-stossen-oeffentliche-debatte-zum-tiefenlager-an\\\/#primaryimage\"},\"image\":{\"@id\":\"https:\\\/\\\/www.organisator.ch\\\/marketing\\\/2024-11-19\\\/schroten-und-nagra-stossen-oeffentliche-debatte-zum-tiefenlager-an\\\/#primaryimage\"},\"thumbnailUrl\":\"https:\\\/\\\/www.markt-kom.com\\\/wp-content\\\/uploads\\\/2024\\\/11\\\/Nagra_Addendum_Covers.jpg\",\"datePublished\":\"2024-11-19T08:19:24+00:00\",\"dateModified\":\"2024-11-25T15:07:27+00:00\",\"description\":\"Nagra reicht das Gesuch f\u00fcr das Tiefenlager N\u00f6rdlich L\u00e4gern ein. Die \u00f6ffentliche Debatte beginnt, das Volk entscheidet.\",\"breadcrumb\":{\"@id\":\"https:\\\/\\\/www.organisator.ch\\\/marketing\\\/2024-11-19\\\/schroten-und-nagra-stossen-oeffentliche-debatte-zum-tiefenlager-an\\\/#breadcrumb\"},\"inLanguage\":\"de\",\"potentialAction\":[{\"@type\":\"ReadAction\",\"target\":[\"https:\\\/\\\/www.organisator.ch\\\/marketing\\\/2024-11-19\\\/schroten-und-nagra-stossen-oeffentliche-debatte-zum-tiefenlager-an\\\/\"]}]},{\"@type\":\"ImageObject\",\"inLanguage\":\"de\",\"@id\":\"https:\\\/\\\/www.organisator.ch\\\/marketing\\\/2024-11-19\\\/schroten-und-nagra-stossen-oeffentliche-debatte-zum-tiefenlager-an\\\/#primaryimage\",\"url\":\"https:\\\/\\\/www.markt-kom.com\\\/wp-content\\\/uploads\\\/2024\\\/11\\\/Nagra_Addendum_Covers.jpg\",\"contentUrl\":\"https:\\\/\\\/www.markt-kom.com\\\/wp-content\\\/uploads\\\/2024\\\/11\\\/Nagra_Addendum_Covers.jpg\"},{\"@type\":\"BreadcrumbList\",\"@id\":\"https:\\\/\\\/www.organisator.ch\\\/marketing\\\/2024-11-19\\\/schroten-und-nagra-stossen-oeffentliche-debatte-zum-tiefenlager-an\\\/#breadcrumb\",\"itemListElement\":[{\"@type\":\"ListItem\",\"position\":1,\"name\":\"Home\",\"item\":\"https:\\\/\\\/www.organisator.ch\\\/\"},{\"@type\":\"ListItem\",\"position\":2,\"name\":\"Schroten und Nagra stossen \u00f6ffentliche Debatte zum Tiefenlager an\"}]},{\"@type\":\"WebSite\",\"@id\":\"https:\\\/\\\/www.organisator.ch\\\/#website\",\"url\":\"https:\\\/\\\/www.organisator.ch\\\/\",\"name\":\"Organisator\",\"description\":\"Kompetent. Praxisnah. Der ORGANISATOR bereitet in 10 Ausgaben pro Jahr die wesentlichen Themen f\u00fcr F\u00fchrungskr\u00e4fte von KMU auf.\",\"publisher\":{\"@id\":\"https:\\\/\\\/www.organisator.ch\\\/#organization\"},\"potentialAction\":[{\"@type\":\"SearchAction\",\"target\":{\"@type\":\"EntryPoint\",\"urlTemplate\":\"https:\\\/\\\/www.organisator.ch\\\/?s={search_term_string}\"},\"query-input\":{\"@type\":\"PropertyValueSpecification\",\"valueRequired\":true,\"valueName\":\"search_term_string\"}}],\"inLanguage\":\"de\"},{\"@type\":\"Organization\",\"@id\":\"https:\\\/\\\/www.organisator.ch\\\/#organization\",\"name\":\"Organisator\",\"url\":\"https:\\\/\\\/www.organisator.ch\\\/\",\"logo\":{\"@type\":\"ImageObject\",\"inLanguage\":\"de\",\"@id\":\"https:\\\/\\\/www.organisator.ch\\\/#\\\/schema\\\/logo\\\/image\\\/\",\"url\":\"https:\\\/\\\/www.organisator.ch\\\/wp-content\\\/uploads\\\/2022\\\/01\\\/Logo_Organisator_Website.png\",\"contentUrl\":\"https:\\\/\\\/www.organisator.ch\\\/wp-content\\\/uploads\\\/2022\\\/01\\\/Logo_Organisator_Website.png\",\"width\":800,\"height\":77,\"caption\":\"Organisator\"},\"image\":{\"@id\":\"https:\\\/\\\/www.organisator.ch\\\/#\\\/schema\\\/logo\\\/image\\\/\"},\"sameAs\":[\"https:\\\/\\\/www.facebook.com\\\/OrganisatorFachmagazin\",\"https:\\\/\\\/www.linkedin.com\\\/showcase\\\/organisator-das-magazin-fr-kmu\",\"https:\\\/\\\/www.xing.com\\\/news\\\/pages\\\/organisator-ch-695\",\"https:\\\/\\\/www.youtube.com\\\/channel\\\/UCGP2Sq0iWaZwT3BdIAQFYpw\"]},{\"@type\":\"Person\",\"@id\":\"https:\\\/\\\/www.organisator.ch\\\/#\\\/schema\\\/person\\\/4e51799071cd2dd1232ac003643ef5f0\",\"name\":\"galledia\",\"image\":{\"@type\":\"ImageObject\",\"inLanguage\":\"de\",\"@id\":\"https:\\\/\\\/secure.gravatar.com\\\/avatar\\\/78a7f90c01fc2bfc875782a0d4922b37cde2cf184ce347b91316d23cd7f69a36?s=96&d=mm&r=g\",\"url\":\"https:\\\/\\\/secure.gravatar.com\\\/avatar\\\/78a7f90c01fc2bfc875782a0d4922b37cde2cf184ce347b91316d23cd7f69a36?s=96&d=mm&r=g\",\"contentUrl\":\"https:\\\/\\\/secure.gravatar.com\\\/avatar\\\/78a7f90c01fc2bfc875782a0d4922b37cde2cf184ce347b91316d23cd7f69a36?s=96&d=mm&r=g\",\"caption\":\"galledia\"},\"sameAs\":[\"https:\\\/\\\/x.com\\\/admin\"],\"url\":\"https:\\\/\\\/www.organisator.ch\\\/de\\\/author\\\/galledia\\\/\"}]}<\/script>\n<!-- \/ Yoast SEO plugin. -->","yoast_head_json":{"title":"Schroten und Nagra stossen \u00f6ffentliche Debatte zum Tiefenlager an - Organisator","description":"Nagra reicht das Gesuch f\u00fcr das Tiefenlager N\u00f6rdlich L\u00e4gern ein. Die \u00f6ffentliche Debatte beginnt, das Volk entscheidet.","robots":{"index":"index","follow":"follow","max-snippet":"max-snippet:-1","max-image-preview":"max-image-preview:large","max-video-preview":"max-video-preview:-1"},"canonical":"https:\/\/www.organisator.ch\/de\/marketing\/2024-11-19\/schroten-und-nagra-stossen-oeffentliche-debatte-zum-tiefenlager-an\/","og_locale":"de_DE","og_type":"article","og_title":"Schroten und Nagra stossen \u00f6ffentliche Debatte zum Tiefenlager an - Organisator","og_description":"Nagra reicht das Gesuch f\u00fcr das Tiefenlager N\u00f6rdlich L\u00e4gern ein. Die \u00f6ffentliche Debatte beginnt, das Volk entscheidet.","og_url":"https:\/\/www.organisator.ch\/de\/marketing\/2024-11-19\/schroten-und-nagra-stossen-oeffentliche-debatte-zum-tiefenlager-an\/","og_site_name":"Organisator","article_publisher":"https:\/\/www.facebook.com\/OrganisatorFachmagazin","article_published_time":"2024-11-19T08:19:24+00:00","article_modified_time":"2024-11-25T15:07:27+00:00","author":"galledia","twitter_card":"summary_large_image","twitter_creator":"@admin","schema":{"@context":"https:\/\/schema.org","@graph":[{"@type":"Article","@id":"https:\/\/www.organisator.ch\/marketing\/2024-11-19\/schroten-und-nagra-stossen-oeffentliche-debatte-zum-tiefenlager-an\/#article","isPartOf":{"@id":"https:\/\/www.organisator.ch\/marketing\/2024-11-19\/schroten-und-nagra-stossen-oeffentliche-debatte-zum-tiefenlager-an\/"},"author":{"name":"galledia","@id":"https:\/\/www.organisator.ch\/#\/schema\/person\/4e51799071cd2dd1232ac003643ef5f0"},"headline":"Schroten und Nagra stossen \u00f6ffentliche Debatte zum Tiefenlager an","datePublished":"2024-11-19T08:19:24+00:00","dateModified":"2024-11-25T15:07:27+00:00","mainEntityOfPage":{"@id":"https:\/\/www.organisator.ch\/marketing\/2024-11-19\/schroten-und-nagra-stossen-oeffentliche-debatte-zum-tiefenlager-an\/"},"wordCount":453,"publisher":{"@id":"https:\/\/www.organisator.ch\/#organization"},"image":{"@id":"https:\/\/www.organisator.ch\/marketing\/2024-11-19\/schroten-und-nagra-stossen-oeffentliche-debatte-zum-tiefenlager-an\/#primaryimage"},"thumbnailUrl":"https:\/\/www.markt-kom.com\/wp-content\/uploads\/2024\/11\/Nagra_Addendum_Covers.jpg","keywords":["Debatte","Genehmigung","MarKom","Nagra","Politik","Schroten","Schweiz","Tiefenlager"],"articleSection":["MARKETING"],"inLanguage":"de"},{"@type":"WebPage","@id":"https:\/\/www.organisator.ch\/marketing\/2024-11-19\/schroten-und-nagra-stossen-oeffentliche-debatte-zum-tiefenlager-an\/","url":"https:\/\/www.organisator.ch\/marketing\/2024-11-19\/schroten-und-nagra-stossen-oeffentliche-debatte-zum-tiefenlager-an\/","name":"Schroten und Nagra stossen \u00f6ffentliche Debatte zum Tiefenlager an - Organisator","isPartOf":{"@id":"https:\/\/www.organisator.ch\/#website"},"primaryImageOfPage":{"@id":"https:\/\/www.organisator.ch\/marketing\/2024-11-19\/schroten-und-nagra-stossen-oeffentliche-debatte-zum-tiefenlager-an\/#primaryimage"},"image":{"@id":"https:\/\/www.organisator.ch\/marketing\/2024-11-19\/schroten-und-nagra-stossen-oeffentliche-debatte-zum-tiefenlager-an\/#primaryimage"},"thumbnailUrl":"https:\/\/www.markt-kom.com\/wp-content\/uploads\/2024\/11\/Nagra_Addendum_Covers.jpg","datePublished":"2024-11-19T08:19:24+00:00","dateModified":"2024-11-25T15:07:27+00:00","description":"Nagra reicht das Gesuch f\u00fcr das Tiefenlager N\u00f6rdlich L\u00e4gern ein. Die \u00f6ffentliche Debatte beginnt, das Volk entscheidet.","breadcrumb":{"@id":"https:\/\/www.organisator.ch\/marketing\/2024-11-19\/schroten-und-nagra-stossen-oeffentliche-debatte-zum-tiefenlager-an\/#breadcrumb"},"inLanguage":"de","potentialAction":[{"@type":"ReadAction","target":["https:\/\/www.organisator.ch\/marketing\/2024-11-19\/schroten-und-nagra-stossen-oeffentliche-debatte-zum-tiefenlager-an\/"]}]},{"@type":"ImageObject","inLanguage":"de","@id":"https:\/\/www.organisator.ch\/marketing\/2024-11-19\/schroten-und-nagra-stossen-oeffentliche-debatte-zum-tiefenlager-an\/#primaryimage","url":"https:\/\/www.markt-kom.com\/wp-content\/uploads\/2024\/11\/Nagra_Addendum_Covers.jpg","contentUrl":"https:\/\/www.markt-kom.com\/wp-content\/uploads\/2024\/11\/Nagra_Addendum_Covers.jpg"},{"@type":"BreadcrumbList","@id":"https:\/\/www.organisator.ch\/marketing\/2024-11-19\/schroten-und-nagra-stossen-oeffentliche-debatte-zum-tiefenlager-an\/#breadcrumb","itemListElement":[{"@type":"ListItem","position":1,"name":"Home","item":"https:\/\/www.organisator.ch\/"},{"@type":"ListItem","position":2,"name":"Schroten und Nagra stossen \u00f6ffentliche Debatte zum Tiefenlager an"}]},{"@type":"WebSite","@id":"https:\/\/www.organisator.ch\/#website","url":"https:\/\/www.organisator.ch\/","name":"Organisator","description":"Kompetent. Praxisnah. Der ORGANISATOR bereitet in 10 Ausgaben pro Jahr die wesentlichen Themen f\u00fcr F\u00fchrungskr\u00e4fte von KMU auf.","publisher":{"@id":"https:\/\/www.organisator.ch\/#organization"},"potentialAction":[{"@type":"SearchAction","target":{"@type":"EntryPoint","urlTemplate":"https:\/\/www.organisator.ch\/?s={search_term_string}"},"query-input":{"@type":"PropertyValueSpecification","valueRequired":true,"valueName":"search_term_string"}}],"inLanguage":"de"},{"@type":"Organization","@id":"https:\/\/www.organisator.ch\/#organization","name":"Organisator","url":"https:\/\/www.organisator.ch\/","logo":{"@type":"ImageObject","inLanguage":"de","@id":"https:\/\/www.organisator.ch\/#\/schema\/logo\/image\/","url":"https:\/\/www.organisator.ch\/wp-content\/uploads\/2022\/01\/Logo_Organisator_Website.png","contentUrl":"https:\/\/www.organisator.ch\/wp-content\/uploads\/2022\/01\/Logo_Organisator_Website.png","width":800,"height":77,"caption":"Organisator"},"image":{"@id":"https:\/\/www.organisator.ch\/#\/schema\/logo\/image\/"},"sameAs":["https:\/\/www.facebook.com\/OrganisatorFachmagazin","https:\/\/www.linkedin.com\/showcase\/organisator-das-magazin-fr-kmu","https:\/\/www.xing.com\/news\/pages\/organisator-ch-695","https:\/\/www.youtube.com\/channel\/UCGP2Sq0iWaZwT3BdIAQFYpw"]},{"@type":"Person","@id":"https:\/\/www.organisator.ch\/#\/schema\/person\/4e51799071cd2dd1232ac003643ef5f0","name":"galledia","image":{"@type":"ImageObject","inLanguage":"de","@id":"https:\/\/secure.gravatar.com\/avatar\/78a7f90c01fc2bfc875782a0d4922b37cde2cf184ce347b91316d23cd7f69a36?s=96&d=mm&r=g","url":"https:\/\/secure.gravatar.com\/avatar\/78a7f90c01fc2bfc875782a0d4922b37cde2cf184ce347b91316d23cd7f69a36?s=96&d=mm&r=g","contentUrl":"https:\/\/secure.gravatar.com\/avatar\/78a7f90c01fc2bfc875782a0d4922b37cde2cf184ce347b91316d23cd7f69a36?s=96&d=mm&r=g","caption":"galledia"},"sameAs":["https:\/\/x.com\/admin"],"url":"https:\/\/www.organisator.ch\/de\/author\/galledia\/"}]}},"_links":{"self":[{"href":"https:\/\/www.organisator.ch\/de\/wp-json\/wp\/v2\/posts\/33926","targetHints":{"allow":["GET"]}}],"collection":[{"href":"https:\/\/www.organisator.ch\/de\/wp-json\/wp\/v2\/posts"}],"about":[{"href":"https:\/\/www.organisator.ch\/de\/wp-json\/wp\/v2\/types\/post"}],"author":[{"embeddable":true,"href":"https:\/\/www.organisator.ch\/de\/wp-json\/wp\/v2\/users\/8"}],"replies":[{"embeddable":true,"href":"https:\/\/www.organisator.ch\/de\/wp-json\/wp\/v2\/comments?post=33926"}],"version-history":[{"count":3,"href":"https:\/\/www.organisator.ch\/de\/wp-json\/wp\/v2\/posts\/33926\/revisions"}],"predecessor-version":[{"id":33948,"href":"https:\/\/www.organisator.ch\/de\/wp-json\/wp\/v2\/posts\/33926\/revisions\/33948"}],"wp:attachment":[{"href":"https:\/\/www.organisator.ch\/de\/wp-json\/wp\/v2\/media?parent=33926"}],"wp:term":[{"taxonomy":"category","embeddable":true,"href":"https:\/\/www.organisator.ch\/de\/wp-json\/wp\/v2\/categories?post=33926"},{"taxonomy":"post_tag","embeddable":true,"href":"https:\/\/www.organisator.ch\/de\/wp-json\/wp\/v2\/tags?post=33926"}],"curies":[{"name":"wp","href":"https:\/\/api.w.org\/{rel}","templated":true}]}}