{"id":33932,"date":"2024-11-13T14:52:06","date_gmt":"2024-11-13T13:52:06","guid":{"rendered":"https:\/\/www.m-q.ch\/?p=20702"},"modified":"2024-11-25T16:05:50","modified_gmt":"2024-11-25T15:05:50","slug":"swiss-cyber-security-days-2025-wechsel-an-der-praesidiumsspitze","status":"publish","type":"post","link":"https:\/\/www.organisator.ch\/de\/operational-excellence\/2024-11-13\/swiss-cyber-security-days-2025-wechsel-an-der-praesidiumsspitze\/","title":{"rendered":"Swiss Cyber Security Days 2025: Wechsel an der Pr\u00e4sidiumsspitze"},"content":{"rendered":"<figure id=\"attachment_20703\" class=\"wp-caption alignnone\" style=\"width: 680px;\" aria-describedby=\"caption-attachment-20703\"><img class=\"alignnone wp-image-20703 size-full\" src=\"https:\/\/www.m-q.ch\/wp-content\/uploads\/2024\/11\/SCSD_Bild1_ps.jpg\" sizes=\"(max-width: 680px) 100vw, 680px\" srcset=\"https:\/\/www.m-q.ch\/wp-content\/uploads\/2024\/11\/SCSD_Bild1_ps.jpg 680w, https:\/\/www.m-q.ch\/wp-content\/uploads\/2024\/11\/SCSD_Bild1_ps-13x12.jpg 13w, https:\/\/www.m-q.ch\/wp-content\/uploads\/2024\/11\/SCSD_Bild1_ps-319x300.jpg 319w, https:\/\/www.m-q.ch\/wp-content\/uploads\/2024\/11\/SCSD_Bild1_ps-372x350.jpg 372w\" alt=\"Swiss Cyber Security Days 2025\r\n\r\n\" width=\"680\" height=\"639\" \/>\r\n<figcaption id=\"caption-attachment-20703\" class=\"wp-caption-text\">Die Swiss Cyber Security Days (SCSD) finden am 18. und 19. Februar 2025 auf dem Bernexpo Areal in Bern statt. (Bild: www.scsd.ch \/ www.parlament.ch)<\/figcaption>\r\n<\/figure>\r\n<p>Die Swiss Cyber Security Days (SCSD) finden am 18. und 19. Februar 2025 auf dem Bernexpo-Areal in Bern statt und zeigen auf, warum der Cyberraum und neue Technologien zu den gr\u00f6ssten Herausforderungen unserer Zeit z\u00e4hlen. Die Referentinnen und Referenten kommen aus den Bereichen Wissenschaft, Forschung, Verteidigung, Verwaltung, Wirtschaft, Medien sowie dem zivilen Leben.<\/p>\r\n<p>Mit ihrem Enthusiasmus und grossem Engagement pr\u00e4gte die ehemalige FDP Nationalr\u00e4tin Doris Fiala das Format der Veranstaltung massgeblich. \u00abDie SCSD waren mir eine Herzensangelegenheit\u00bb sagt Fiala. \u00abUnser Ziel war stets, eine relevante Veranstaltung in diesem dringlichen Bereich zu organisieren. Heute bin ich stolz sagen zu k\u00f6nnen, dass uns dies gelungen ist. Nach f\u00fcnf Jahren als Pr\u00e4sidentin f\u00fchlt sich die \u00dcbergabe an meinen gesch\u00e4tzten Kollegen Gugger richtig und gut an\u00bb.<\/p>\r\n<p>Nachfolger von Doris Fiala wird neu EVP Nationalrat Dr. h. c. Nik Gugger, der \u201egr\u00f6sste Br\u00fcckenbauer\u201c im Schweizer Nationalrat (CH Media 2021). Mit seiner digitalen Expertise, dem sozialen Engagement sowie seiner nationalen wie internationalen Vernetzung ist er die ideale Besetzung f\u00fcr das SCSD Pr\u00e4sidium. Nik Gugger ist Mitglied der Aussenpolitischen Kommission des Nationalrats, Teil der Schweizer Delegation im Europarat, Pr\u00e4sident der parlamentarischen Freundschaftsgruppe Schweiz-Indien und Co-Pr\u00e4sident der parlamentarischen Gruppe Schweiz-Ukraine. \u00abViele der grossen Themen unserer Zeit finden digital statt\u00bb sagt Gugger. \u00abWir stellen heute die Weichen f\u00fcr morgen. Ich freue mich an vorderster Front mitzuwirken, dass wir uns selbstbestimmt und sicher im digitalen Raum bewegen k\u00f6nnen\u00bb.<\/p>\r\n<p><em>Quelle: <a href=\"http:\/\/www.scsd.ch\/\">www.scsd.ch<\/a><\/em><\/p>\n<p class=\"syndicated-attribution\">Dieser Beitrag erschien urspr\u00fcnglich auf m-q.ch - <a href=\"https:\/\/www.m-q.ch\/de\/swiss-cyber-security-days-2025-wechsel-an-der-praesidiumsspitze\/\" target=\"_blank\">https:\/\/www.m-q.ch\/de\/swiss-cyber-security-days-2025-wechsel-an-der-praesidiumsspitze\/<\/a><\/p>","protected":false},"excerpt":{"rendered":"<p>Die Swiss Cyber Security Days (SCSD) finden am 18. und 19. Februar 2025 auf dem Bernexpo Areal in Bern statt. Auf zwei B\u00fchnen erkl\u00e4ren hochrangige Referentinnen und Referenten, welche zentrale Bedeutung der Cyberraum und neue Technologien in unserem Leben einnehmen. Nach f\u00fcnf Jahren an der Pr\u00e4sidiumsspitze \u00fcbergibt die ehemalige FDP-Nationalr\u00e4tin Doris Fiala das Zepter an den &#8222;gr\u00f6ssten Br\u00fcckenbauer&#8220; im Schweizer Nationalrat, EVP-Nationalrat Nik Gugger.<\/p>\n","protected":false},"author":58,"featured_media":0,"comment_status":"closed","ping_status":"closed","sticky":false,"template":"","format":"standard","meta":{"_acf_changed":false,"_yoast_wpseo_focuskw":"Swiss Cyber Security Days 2025","_yoast_wpseo_metadesc":"Die SCSD 2025 in Bern thematisieren Cyberraum und neue Technologien. Nik Gugger \u00fcbernimmt das Pr\u00e4sidium von Doris Fiala.","articlekey":"","footnotes":""},"categories":[582],"tags":[4811,2675,3047,3343,418,424,2654,475,492],"class_list":["post-33932","post","type-post","status-publish","format-standard","hentry","category-operational-excellence","tag-bern","tag-cyber-security","tag-cybersecurity","tag-konferenz","tag-risikomanagement","tag-schweiz","tag-scsd","tag-technologie","tag-unternehmen"],"acf":[],"yoast_head":"<!-- This site is optimized with the Yoast SEO plugin v27.4 - https:\/\/yoast.com\/product\/yoast-seo-wordpress\/ -->\n<title>Swiss Cyber Security Days 2025: Wechsel an der Pr\u00e4sidiumsspitze - Organisator<\/title>\n<meta name=\"description\" content=\"Die SCSD 2025 in Bern thematisieren Cyberraum und neue Technologien. Nik Gugger \u00fcbernimmt das Pr\u00e4sidium von Doris Fiala.\" \/>\n<meta name=\"robots\" content=\"index, follow, max-snippet:-1, max-image-preview:large, max-video-preview:-1\" \/>\n<link rel=\"canonical\" href=\"https:\/\/www.organisator.ch\/de\/operational-excellence\/2024-11-13\/swiss-cyber-security-days-2025-wechsel-an-der-praesidiumsspitze\/\" \/>\n<meta property=\"og:locale\" content=\"de_DE\" \/>\n<meta property=\"og:type\" content=\"article\" \/>\n<meta property=\"og:title\" content=\"Swiss Cyber Security Days 2025: Wechsel an der Pr\u00e4sidiumsspitze - Organisator\" \/>\n<meta property=\"og:description\" content=\"Die SCSD 2025 in Bern thematisieren Cyberraum und neue Technologien. Nik Gugger \u00fcbernimmt das Pr\u00e4sidium von Doris Fiala.\" \/>\n<meta property=\"og:url\" content=\"https:\/\/www.organisator.ch\/de\/operational-excellence\/2024-11-13\/swiss-cyber-security-days-2025-wechsel-an-der-praesidiumsspitze\/\" \/>\n<meta property=\"og:site_name\" content=\"Organisator\" \/>\n<meta property=\"article:publisher\" content=\"https:\/\/www.facebook.com\/OrganisatorFachmagazin\" \/>\n<meta property=\"article:published_time\" content=\"2024-11-13T13:52:06+00:00\" \/>\n<meta property=\"article:modified_time\" content=\"2024-11-25T15:05:50+00:00\" \/>\n<meta name=\"author\" content=\"Adelisa Kalajdzini\" \/>\n<meta name=\"twitter:card\" content=\"summary_large_image\" \/>\n<script type=\"application\/ld+json\" class=\"yoast-schema-graph\">{\"@context\":\"https:\\\/\\\/schema.org\",\"@graph\":[{\"@type\":\"Article\",\"@id\":\"https:\\\/\\\/www.organisator.ch\\\/operational-excellence\\\/2024-11-13\\\/swiss-cyber-security-days-2025-wechsel-an-der-praesidiumsspitze\\\/#article\",\"isPartOf\":{\"@id\":\"https:\\\/\\\/www.organisator.ch\\\/operational-excellence\\\/2024-11-13\\\/swiss-cyber-security-days-2025-wechsel-an-der-praesidiumsspitze\\\/\"},\"author\":{\"name\":\"Adelisa Kalajdzini\",\"@id\":\"https:\\\/\\\/www.organisator.ch\\\/#\\\/schema\\\/person\\\/2e1314a2172123f874db408d8911d3f3\"},\"headline\":\"Swiss Cyber Security Days 2025: Wechsel an der Pr\u00e4sidiumsspitze\",\"datePublished\":\"2024-11-13T13:52:06+00:00\",\"dateModified\":\"2024-11-25T15:05:50+00:00\",\"mainEntityOfPage\":{\"@id\":\"https:\\\/\\\/www.organisator.ch\\\/operational-excellence\\\/2024-11-13\\\/swiss-cyber-security-days-2025-wechsel-an-der-praesidiumsspitze\\\/\"},\"wordCount\":278,\"publisher\":{\"@id\":\"https:\\\/\\\/www.organisator.ch\\\/#organization\"},\"image\":{\"@id\":\"https:\\\/\\\/www.organisator.ch\\\/operational-excellence\\\/2024-11-13\\\/swiss-cyber-security-days-2025-wechsel-an-der-praesidiumsspitze\\\/#primaryimage\"},\"thumbnailUrl\":\"https:\\\/\\\/www.m-q.ch\\\/wp-content\\\/uploads\\\/2024\\\/11\\\/SCSD_Bild1_ps.jpg\",\"keywords\":[\"Bern\",\"Cyber Security\",\"Cybersecurity\",\"Konferenz\",\"Risikomanagement\",\"Schweiz\",\"SCSD\",\"Technologie\",\"Unternehmen\"],\"articleSection\":[\"OPERATIONAL EXCELLENCE\"],\"inLanguage\":\"de\"},{\"@type\":\"WebPage\",\"@id\":\"https:\\\/\\\/www.organisator.ch\\\/operational-excellence\\\/2024-11-13\\\/swiss-cyber-security-days-2025-wechsel-an-der-praesidiumsspitze\\\/\",\"url\":\"https:\\\/\\\/www.organisator.ch\\\/operational-excellence\\\/2024-11-13\\\/swiss-cyber-security-days-2025-wechsel-an-der-praesidiumsspitze\\\/\",\"name\":\"Swiss Cyber Security Days 2025: Wechsel an der Pr\u00e4sidiumsspitze - Organisator\",\"isPartOf\":{\"@id\":\"https:\\\/\\\/www.organisator.ch\\\/#website\"},\"primaryImageOfPage\":{\"@id\":\"https:\\\/\\\/www.organisator.ch\\\/operational-excellence\\\/2024-11-13\\\/swiss-cyber-security-days-2025-wechsel-an-der-praesidiumsspitze\\\/#primaryimage\"},\"image\":{\"@id\":\"https:\\\/\\\/www.organisator.ch\\\/operational-excellence\\\/2024-11-13\\\/swiss-cyber-security-days-2025-wechsel-an-der-praesidiumsspitze\\\/#primaryimage\"},\"thumbnailUrl\":\"https:\\\/\\\/www.m-q.ch\\\/wp-content\\\/uploads\\\/2024\\\/11\\\/SCSD_Bild1_ps.jpg\",\"datePublished\":\"2024-11-13T13:52:06+00:00\",\"dateModified\":\"2024-11-25T15:05:50+00:00\",\"description\":\"Die SCSD 2025 in Bern thematisieren Cyberraum und neue Technologien. Nik Gugger \u00fcbernimmt das Pr\u00e4sidium von Doris Fiala.\",\"breadcrumb\":{\"@id\":\"https:\\\/\\\/www.organisator.ch\\\/operational-excellence\\\/2024-11-13\\\/swiss-cyber-security-days-2025-wechsel-an-der-praesidiumsspitze\\\/#breadcrumb\"},\"inLanguage\":\"de\",\"potentialAction\":[{\"@type\":\"ReadAction\",\"target\":[\"https:\\\/\\\/www.organisator.ch\\\/operational-excellence\\\/2024-11-13\\\/swiss-cyber-security-days-2025-wechsel-an-der-praesidiumsspitze\\\/\"]}]},{\"@type\":\"ImageObject\",\"inLanguage\":\"de\",\"@id\":\"https:\\\/\\\/www.organisator.ch\\\/operational-excellence\\\/2024-11-13\\\/swiss-cyber-security-days-2025-wechsel-an-der-praesidiumsspitze\\\/#primaryimage\",\"url\":\"https:\\\/\\\/www.m-q.ch\\\/wp-content\\\/uploads\\\/2024\\\/11\\\/SCSD_Bild1_ps.jpg\",\"contentUrl\":\"https:\\\/\\\/www.m-q.ch\\\/wp-content\\\/uploads\\\/2024\\\/11\\\/SCSD_Bild1_ps.jpg\"},{\"@type\":\"BreadcrumbList\",\"@id\":\"https:\\\/\\\/www.organisator.ch\\\/operational-excellence\\\/2024-11-13\\\/swiss-cyber-security-days-2025-wechsel-an-der-praesidiumsspitze\\\/#breadcrumb\",\"itemListElement\":[{\"@type\":\"ListItem\",\"position\":1,\"name\":\"Home\",\"item\":\"https:\\\/\\\/www.organisator.ch\\\/\"},{\"@type\":\"ListItem\",\"position\":2,\"name\":\"Swiss Cyber Security Days 2025: Wechsel an der Pr\u00e4sidiumsspitze\"}]},{\"@type\":\"WebSite\",\"@id\":\"https:\\\/\\\/www.organisator.ch\\\/#website\",\"url\":\"https:\\\/\\\/www.organisator.ch\\\/\",\"name\":\"Organisator\",\"description\":\"Kompetent. Praxisnah. Der ORGANISATOR bereitet in 10 Ausgaben pro Jahr die wesentlichen Themen f\u00fcr F\u00fchrungskr\u00e4fte von KMU auf.\",\"publisher\":{\"@id\":\"https:\\\/\\\/www.organisator.ch\\\/#organization\"},\"potentialAction\":[{\"@type\":\"SearchAction\",\"target\":{\"@type\":\"EntryPoint\",\"urlTemplate\":\"https:\\\/\\\/www.organisator.ch\\\/?s={search_term_string}\"},\"query-input\":{\"@type\":\"PropertyValueSpecification\",\"valueRequired\":true,\"valueName\":\"search_term_string\"}}],\"inLanguage\":\"de\"},{\"@type\":\"Organization\",\"@id\":\"https:\\\/\\\/www.organisator.ch\\\/#organization\",\"name\":\"Organisator\",\"url\":\"https:\\\/\\\/www.organisator.ch\\\/\",\"logo\":{\"@type\":\"ImageObject\",\"inLanguage\":\"de\",\"@id\":\"https:\\\/\\\/www.organisator.ch\\\/#\\\/schema\\\/logo\\\/image\\\/\",\"url\":\"https:\\\/\\\/www.organisator.ch\\\/wp-content\\\/uploads\\\/2022\\\/01\\\/Logo_Organisator_Website.png\",\"contentUrl\":\"https:\\\/\\\/www.organisator.ch\\\/wp-content\\\/uploads\\\/2022\\\/01\\\/Logo_Organisator_Website.png\",\"width\":800,\"height\":77,\"caption\":\"Organisator\"},\"image\":{\"@id\":\"https:\\\/\\\/www.organisator.ch\\\/#\\\/schema\\\/logo\\\/image\\\/\"},\"sameAs\":[\"https:\\\/\\\/www.facebook.com\\\/OrganisatorFachmagazin\",\"https:\\\/\\\/www.linkedin.com\\\/showcase\\\/organisator-das-magazin-fr-kmu\",\"https:\\\/\\\/www.xing.com\\\/news\\\/pages\\\/organisator-ch-695\",\"https:\\\/\\\/www.youtube.com\\\/channel\\\/UCGP2Sq0iWaZwT3BdIAQFYpw\"]},{\"@type\":\"Person\",\"@id\":\"https:\\\/\\\/www.organisator.ch\\\/#\\\/schema\\\/person\\\/2e1314a2172123f874db408d8911d3f3\",\"name\":\"Adelisa Kalajdzini\",\"image\":{\"@type\":\"ImageObject\",\"inLanguage\":\"de\",\"@id\":\"https:\\\/\\\/secure.gravatar.com\\\/avatar\\\/09a397c22ac58cad6f160ee8306348599df9df58a8ede73696226897b9fa4b24?s=96&d=mm&r=g\",\"url\":\"https:\\\/\\\/secure.gravatar.com\\\/avatar\\\/09a397c22ac58cad6f160ee8306348599df9df58a8ede73696226897b9fa4b24?s=96&d=mm&r=g\",\"contentUrl\":\"https:\\\/\\\/secure.gravatar.com\\\/avatar\\\/09a397c22ac58cad6f160ee8306348599df9df58a8ede73696226897b9fa4b24?s=96&d=mm&r=g\",\"caption\":\"Adelisa Kalajdzini\"},\"url\":\"https:\\\/\\\/www.organisator.ch\\\/de\\\/author\\\/adelisa-kalajdzini\\\/\"}]}<\/script>\n<!-- \/ Yoast SEO plugin. -->","yoast_head_json":{"title":"Swiss Cyber Security Days 2025: Wechsel an der Pr\u00e4sidiumsspitze - Organisator","description":"Die SCSD 2025 in Bern thematisieren Cyberraum und neue Technologien. Nik Gugger \u00fcbernimmt das Pr\u00e4sidium von Doris Fiala.","robots":{"index":"index","follow":"follow","max-snippet":"max-snippet:-1","max-image-preview":"max-image-preview:large","max-video-preview":"max-video-preview:-1"},"canonical":"https:\/\/www.organisator.ch\/de\/operational-excellence\/2024-11-13\/swiss-cyber-security-days-2025-wechsel-an-der-praesidiumsspitze\/","og_locale":"de_DE","og_type":"article","og_title":"Swiss Cyber Security Days 2025: Wechsel an der Pr\u00e4sidiumsspitze - Organisator","og_description":"Die SCSD 2025 in Bern thematisieren Cyberraum und neue Technologien. Nik Gugger \u00fcbernimmt das Pr\u00e4sidium von Doris Fiala.","og_url":"https:\/\/www.organisator.ch\/de\/operational-excellence\/2024-11-13\/swiss-cyber-security-days-2025-wechsel-an-der-praesidiumsspitze\/","og_site_name":"Organisator","article_publisher":"https:\/\/www.facebook.com\/OrganisatorFachmagazin","article_published_time":"2024-11-13T13:52:06+00:00","article_modified_time":"2024-11-25T15:05:50+00:00","author":"Adelisa Kalajdzini","twitter_card":"summary_large_image","schema":{"@context":"https:\/\/schema.org","@graph":[{"@type":"Article","@id":"https:\/\/www.organisator.ch\/operational-excellence\/2024-11-13\/swiss-cyber-security-days-2025-wechsel-an-der-praesidiumsspitze\/#article","isPartOf":{"@id":"https:\/\/www.organisator.ch\/operational-excellence\/2024-11-13\/swiss-cyber-security-days-2025-wechsel-an-der-praesidiumsspitze\/"},"author":{"name":"Adelisa Kalajdzini","@id":"https:\/\/www.organisator.ch\/#\/schema\/person\/2e1314a2172123f874db408d8911d3f3"},"headline":"Swiss Cyber Security Days 2025: Wechsel an der Pr\u00e4sidiumsspitze","datePublished":"2024-11-13T13:52:06+00:00","dateModified":"2024-11-25T15:05:50+00:00","mainEntityOfPage":{"@id":"https:\/\/www.organisator.ch\/operational-excellence\/2024-11-13\/swiss-cyber-security-days-2025-wechsel-an-der-praesidiumsspitze\/"},"wordCount":278,"publisher":{"@id":"https:\/\/www.organisator.ch\/#organization"},"image":{"@id":"https:\/\/www.organisator.ch\/operational-excellence\/2024-11-13\/swiss-cyber-security-days-2025-wechsel-an-der-praesidiumsspitze\/#primaryimage"},"thumbnailUrl":"https:\/\/www.m-q.ch\/wp-content\/uploads\/2024\/11\/SCSD_Bild1_ps.jpg","keywords":["Bern","Cyber Security","Cybersecurity","Konferenz","Risikomanagement","Schweiz","SCSD","Technologie","Unternehmen"],"articleSection":["OPERATIONAL EXCELLENCE"],"inLanguage":"de"},{"@type":"WebPage","@id":"https:\/\/www.organisator.ch\/operational-excellence\/2024-11-13\/swiss-cyber-security-days-2025-wechsel-an-der-praesidiumsspitze\/","url":"https:\/\/www.organisator.ch\/operational-excellence\/2024-11-13\/swiss-cyber-security-days-2025-wechsel-an-der-praesidiumsspitze\/","name":"Swiss Cyber Security Days 2025: Wechsel an der Pr\u00e4sidiumsspitze - Organisator","isPartOf":{"@id":"https:\/\/www.organisator.ch\/#website"},"primaryImageOfPage":{"@id":"https:\/\/www.organisator.ch\/operational-excellence\/2024-11-13\/swiss-cyber-security-days-2025-wechsel-an-der-praesidiumsspitze\/#primaryimage"},"image":{"@id":"https:\/\/www.organisator.ch\/operational-excellence\/2024-11-13\/swiss-cyber-security-days-2025-wechsel-an-der-praesidiumsspitze\/#primaryimage"},"thumbnailUrl":"https:\/\/www.m-q.ch\/wp-content\/uploads\/2024\/11\/SCSD_Bild1_ps.jpg","datePublished":"2024-11-13T13:52:06+00:00","dateModified":"2024-11-25T15:05:50+00:00","description":"Die SCSD 2025 in Bern thematisieren Cyberraum und neue Technologien. Nik Gugger \u00fcbernimmt das Pr\u00e4sidium von Doris Fiala.","breadcrumb":{"@id":"https:\/\/www.organisator.ch\/operational-excellence\/2024-11-13\/swiss-cyber-security-days-2025-wechsel-an-der-praesidiumsspitze\/#breadcrumb"},"inLanguage":"de","potentialAction":[{"@type":"ReadAction","target":["https:\/\/www.organisator.ch\/operational-excellence\/2024-11-13\/swiss-cyber-security-days-2025-wechsel-an-der-praesidiumsspitze\/"]}]},{"@type":"ImageObject","inLanguage":"de","@id":"https:\/\/www.organisator.ch\/operational-excellence\/2024-11-13\/swiss-cyber-security-days-2025-wechsel-an-der-praesidiumsspitze\/#primaryimage","url":"https:\/\/www.m-q.ch\/wp-content\/uploads\/2024\/11\/SCSD_Bild1_ps.jpg","contentUrl":"https:\/\/www.m-q.ch\/wp-content\/uploads\/2024\/11\/SCSD_Bild1_ps.jpg"},{"@type":"BreadcrumbList","@id":"https:\/\/www.organisator.ch\/operational-excellence\/2024-11-13\/swiss-cyber-security-days-2025-wechsel-an-der-praesidiumsspitze\/#breadcrumb","itemListElement":[{"@type":"ListItem","position":1,"name":"Home","item":"https:\/\/www.organisator.ch\/"},{"@type":"ListItem","position":2,"name":"Swiss Cyber Security Days 2025: Wechsel an der Pr\u00e4sidiumsspitze"}]},{"@type":"WebSite","@id":"https:\/\/www.organisator.ch\/#website","url":"https:\/\/www.organisator.ch\/","name":"Organisator","description":"Kompetent. Praxisnah. Der ORGANISATOR bereitet in 10 Ausgaben pro Jahr die wesentlichen Themen f\u00fcr F\u00fchrungskr\u00e4fte von KMU auf.","publisher":{"@id":"https:\/\/www.organisator.ch\/#organization"},"potentialAction":[{"@type":"SearchAction","target":{"@type":"EntryPoint","urlTemplate":"https:\/\/www.organisator.ch\/?s={search_term_string}"},"query-input":{"@type":"PropertyValueSpecification","valueRequired":true,"valueName":"search_term_string"}}],"inLanguage":"de"},{"@type":"Organization","@id":"https:\/\/www.organisator.ch\/#organization","name":"Organisator","url":"https:\/\/www.organisator.ch\/","logo":{"@type":"ImageObject","inLanguage":"de","@id":"https:\/\/www.organisator.ch\/#\/schema\/logo\/image\/","url":"https:\/\/www.organisator.ch\/wp-content\/uploads\/2022\/01\/Logo_Organisator_Website.png","contentUrl":"https:\/\/www.organisator.ch\/wp-content\/uploads\/2022\/01\/Logo_Organisator_Website.png","width":800,"height":77,"caption":"Organisator"},"image":{"@id":"https:\/\/www.organisator.ch\/#\/schema\/logo\/image\/"},"sameAs":["https:\/\/www.facebook.com\/OrganisatorFachmagazin","https:\/\/www.linkedin.com\/showcase\/organisator-das-magazin-fr-kmu","https:\/\/www.xing.com\/news\/pages\/organisator-ch-695","https:\/\/www.youtube.com\/channel\/UCGP2Sq0iWaZwT3BdIAQFYpw"]},{"@type":"Person","@id":"https:\/\/www.organisator.ch\/#\/schema\/person\/2e1314a2172123f874db408d8911d3f3","name":"Adelisa Kalajdzini","image":{"@type":"ImageObject","inLanguage":"de","@id":"https:\/\/secure.gravatar.com\/avatar\/09a397c22ac58cad6f160ee8306348599df9df58a8ede73696226897b9fa4b24?s=96&d=mm&r=g","url":"https:\/\/secure.gravatar.com\/avatar\/09a397c22ac58cad6f160ee8306348599df9df58a8ede73696226897b9fa4b24?s=96&d=mm&r=g","contentUrl":"https:\/\/secure.gravatar.com\/avatar\/09a397c22ac58cad6f160ee8306348599df9df58a8ede73696226897b9fa4b24?s=96&d=mm&r=g","caption":"Adelisa Kalajdzini"},"url":"https:\/\/www.organisator.ch\/de\/author\/adelisa-kalajdzini\/"}]}},"_links":{"self":[{"href":"https:\/\/www.organisator.ch\/de\/wp-json\/wp\/v2\/posts\/33932","targetHints":{"allow":["GET"]}}],"collection":[{"href":"https:\/\/www.organisator.ch\/de\/wp-json\/wp\/v2\/posts"}],"about":[{"href":"https:\/\/www.organisator.ch\/de\/wp-json\/wp\/v2\/types\/post"}],"author":[{"embeddable":true,"href":"https:\/\/www.organisator.ch\/de\/wp-json\/wp\/v2\/users\/58"}],"replies":[{"embeddable":true,"href":"https:\/\/www.organisator.ch\/de\/wp-json\/wp\/v2\/comments?post=33932"}],"version-history":[{"count":4,"href":"https:\/\/www.organisator.ch\/de\/wp-json\/wp\/v2\/posts\/33932\/revisions"}],"predecessor-version":[{"id":33945,"href":"https:\/\/www.organisator.ch\/de\/wp-json\/wp\/v2\/posts\/33932\/revisions\/33945"}],"wp:attachment":[{"href":"https:\/\/www.organisator.ch\/de\/wp-json\/wp\/v2\/media?parent=33932"}],"wp:term":[{"taxonomy":"category","embeddable":true,"href":"https:\/\/www.organisator.ch\/de\/wp-json\/wp\/v2\/categories?post=33932"},{"taxonomy":"post_tag","embeddable":true,"href":"https:\/\/www.organisator.ch\/de\/wp-json\/wp\/v2\/tags?post=33932"}],"curies":[{"name":"wp","href":"https:\/\/api.w.org\/{rel}","templated":true}]}}