{"id":3399,"date":"2018-04-06T07:30:48","date_gmt":"2018-04-06T05:30:48","guid":{"rendered":"https:\/\/www.organisator.ch\/?p=3399"},"modified":"2018-04-06T07:30:48","modified_gmt":"2018-04-06T05:30:48","slug":"voll-im-takt-dank-sap","status":"publish","type":"post","link":"https:\/\/www.organisator.ch\/de\/management\/it\/2018-04-06\/voll-im-takt-dank-sap\/","title":{"rendered":"Voll im Takt dank SAP"},"content":{"rendered":"<figure id=\"attachment_3400\" aria-describedby=\"caption-attachment-3400\" style=\"width: 640px\" class=\"wp-caption alignnone\"><img loading=\"lazy\" decoding=\"async\" class=\"size-full wp-image-3400\" src=\"https:\/\/www.organisator.ch\/wp-content\/uploads\/2018\/04\/Voll-im-Takt-dank-SAP-1_Organisator.jpg\" alt=\"\" width=\"640\" height=\"426\" srcset=\"https:\/\/www.organisator.ch\/wp-content\/uploads\/2018\/04\/Voll-im-Takt-dank-SAP-1_Organisator.jpg 640w, https:\/\/www.organisator.ch\/wp-content\/uploads\/2018\/04\/Voll-im-Takt-dank-SAP-1_Organisator-16x12.jpg 16w, https:\/\/www.organisator.ch\/wp-content\/uploads\/2018\/04\/Voll-im-Takt-dank-SAP-1_Organisator-263x175.jpg 263w, https:\/\/www.organisator.ch\/wp-content\/uploads\/2018\/04\/Voll-im-Takt-dank-SAP-1_Organisator-526x350.jpg 526w, https:\/\/www.organisator.ch\/wp-content\/uploads\/2018\/04\/Voll-im-Takt-dank-SAP-1_Organisator-300x200.jpg 300w\" sizes=\"auto, (max-width: 640px) 100vw, 640px\" \/><figcaption id=\"caption-attachment-3400\" class=\"wp-caption-text\">Die Moser-Baer AG ist mit ihren Zeitsystemen nicht nur in der Schweiz vertreten, sondern auch in Deutschland, Japan, Kanada, Russland, Saudi-Arabien, Singapur und vielen weiteren L\u00e4ndern. (Bild: zVg)<\/figcaption><\/figure>\n<p>Sie ist Teil der nationalen Identit\u00e4t, ihren roten Sekundenzeiger kennt jedes Kind, und aus Schweizer Bahnh\u00f6fen ist sie nicht mehr wegzudenken: die Bahnhofsuhr. Solche und weitere Uhrenanlagen produziert die Eigenmarke Mobatime der Moser-Baer AG im Sumiswald. Ihre Produkte vertreibt sie in \u00fcber 150 L\u00e4ndern auf der ganzen Welt. Da die Moser-Baer AG auf der Suche nach einer nachhaltigen <a href=\"https:\/\/gia.ch\/services\/sap-beratung\/\">ERP-L\u00f6sung<\/a> war, startete sie ein Evaluationsprojekt mit verschiedenen Schweizer ERP-Anbietern.<\/p>\n<p>Aus diesem Wettbewerb ging die GIA Informatik AG als Siegerin hervor. \u00abGIA versteht als eine von wenigen <a href=\"https:\/\/gia.ch\/services\/sap-beratung\/\">SAP<\/a>-Providern auch Produktionsunternehmen\u00bb, begr\u00fcndet Reto Reist, CEO der Moser-Baer AG, den Entscheid. \u00abSie \u00fcberzeugte sowohl bei der Pr\u00e4sentation als auch bei den Referenzen. Ausserdem spricht sie die Sprache der KMU.\u00bb<\/p>\n<h2><strong>Moderne ERP-L\u00f6sung von SAP<\/strong><\/h2>\n<p>Max G\u00f6tschmann, verantwortlicher Projektleiter auf Seiten von GIA: \u00abUm alle Bed\u00fcrfnisse abzudecken, verf\u00fcgen wir f\u00fcr die herstellende Industrie \u00fcber ein ERP-System-Template, das s\u00e4mtliche Unternehmensprozesse und -prozessgruppen beinhaltet.\u00bb Die Moser-Baer AG und GIA bereiteten in der Folge die ERP-Einf\u00fchrung der folgenden Prozessgruppen vor: Controlling, Finanzen, Materialwirtschaft, Personalwesen, Produktion, Produktionsplanung und -steuerung, Vertrieb und Auftragsabwicklung. Anschliessend lasen die Projektpartner die bestehenden Daten ins f\u00fcr die Moser-Baer AG konfigurierte System ein.<\/p>\n<figure id=\"attachment_3406\" aria-describedby=\"caption-attachment-3406\" style=\"width: 427px\" class=\"wp-caption alignnone\"><img loading=\"lazy\" decoding=\"async\" class=\"size-full wp-image-3406\" src=\"https:\/\/www.organisator.ch\/wp-content\/uploads\/2018\/04\/Voll-im-Takt-dank-SAP-4_Organisator.jpg\" alt=\"\" width=\"427\" height=\"314\" srcset=\"https:\/\/www.organisator.ch\/wp-content\/uploads\/2018\/04\/Voll-im-Takt-dank-SAP-4_Organisator.jpg 427w, https:\/\/www.organisator.ch\/wp-content\/uploads\/2018\/04\/Voll-im-Takt-dank-SAP-4_Organisator-16x12.jpg 16w, https:\/\/www.organisator.ch\/wp-content\/uploads\/2018\/04\/Voll-im-Takt-dank-SAP-4_Organisator-238x175.jpg 238w, https:\/\/www.organisator.ch\/wp-content\/uploads\/2018\/04\/Voll-im-Takt-dank-SAP-4_Organisator-300x221.jpg 300w\" sizes=\"auto, (max-width: 427px) 100vw, 427px\" \/><figcaption id=\"caption-attachment-3406\" class=\"wp-caption-text\">Reto Reist, CEO Moser-Baer AG: \u00abEin gut funktionierendes ERP-System gibt dem Gesch\u00e4ftsf\u00fchrer die M\u00f6glichkeit, in schwierigen Situationen die richtigen Entscheidungen zu treffen.\u00bb (Bild: zVg)<\/figcaption><\/figure>\n<h2><strong>Mobile Verpackungsabl\u00e4ufe<\/strong><\/h2>\n<p>Ein erster Teil des Projekts, das den Kick-off im M\u00e4rz 2013 hatte, bestand darin, die bisherige Nummerierungslogik umzustellen. Max G\u00f6tschmann: \u00abWir wollten die Nummern nicht mehr extern, sondern neu systemintern vergeben. Dies war ein grosser Schritt, da s\u00e4mtliche Ersatzteilkataloge noch mit alten Nummern versehen waren.\u00bb<\/p>\n<p>Ein weiteres Augenmerk galt den Prozessen in der Spedition. \u00abDie Verpackungsabl\u00e4ufe \u2013 von der Definition der Kiste \u00fcber das Anlegen im System und den Einsatz von Handling Units bis zum Reinpacken von Material \u2013 verlaufen nun mobil. Das Kommissionierungssystem wird durch ein Cockpit erm\u00f6glicht\u00bb, erkl\u00e4rt Max G\u00f6tschmann. Besonders bei der Moser-Baer AG sind auch die Etikettierprozesse: Hierzu werden Daten aus dem ERP-System geholt und die Inhalte auf Etiketten, die je nach Kunde variieren, auf verschiedene Layouts platziert.<\/p>\n<h2><strong>Tipps f\u00fcr andere Unternehmen<\/strong><\/h2>\n<p>Reto Reist gibt anderen Firmen, die sich ebenfalls f\u00fcr ein ERP-System interessieren, folgende Ratschl\u00e4ge:<\/p>\n<ul>\n<li>F\u00fcr den Erfolg des Vorhabens ist ein starker, fachkundiger Projektleiter zentral. Er sollte einerseits viel von SAP verstehen, andererseits Kenntnisse des Betriebes haben.<\/li>\n<li>Bevor sie das Verfahren beginnt, muss sich die interessierte Firma entscheiden, ob sie einen internen Projektleiter stellt. Falls sie sich dagegen entscheidet, muss sie f\u00fcr die Unternehmensseite einen externen Profi engagieren.<\/li>\n<li>Betriebe sollten auf eine korrekte und saubere Aufbereitung der Stammdaten achten. Es d\u00fcrfen keine Fehler passieren, falls diese vom herk\u00f6mmlichen ins neue System \u00fcbertragen werden.<\/li>\n<li>Im Integrationsteam ist gutes Prozessdenken wichtig. Die involvierten Personen m\u00fcssen den gesamten Wertsch\u00f6pfungsprozess im Unternehmen widerspiegeln.<\/li>\n<\/ul>\n<h2><strong>Freude an der Transparenz im Betrieb<\/strong><\/h2>\n<p>Res\u00fcmierend meint Reto Reist, dass die Zusammenarbeit \u00fcber die ganze Projektdauer hinweg \u2013 vom Kick-off bis zur Projektabnahme im M\u00e4rz 2015 \u2013 tadellos funktioniert habe: \u00abDank diesem Projekt k\u00f6nnen wir den Aufwand f\u00fcr die ganze Administration minimieren. Wir\u00a0haben heute einen volltransparenten Betrieb.\u00bb Max G\u00f6tschmann erg\u00e4nzt: \u00abDank einem integrierten, zentralen Datenhaltungssystem verf\u00fcgt die Moser-Baer AG \u00fcber eine \u2039Single Source of Truth\u203a, in der alles Relevante an einem Ort platziert ist.\u00bb<\/p>\n<figure id=\"attachment_3402\" aria-describedby=\"caption-attachment-3402\" style=\"width: 640px\" class=\"wp-caption alignnone\"><img loading=\"lazy\" decoding=\"async\" class=\"size-full wp-image-3402\" src=\"https:\/\/www.organisator.ch\/wp-content\/uploads\/2018\/04\/Voll-im-Takt-dank-SAP-3_Organisator.jpg\" alt=\"\" width=\"640\" height=\"248\" srcset=\"https:\/\/www.organisator.ch\/wp-content\/uploads\/2018\/04\/Voll-im-Takt-dank-SAP-3_Organisator.jpg 640w, https:\/\/www.organisator.ch\/wp-content\/uploads\/2018\/04\/Voll-im-Takt-dank-SAP-3_Organisator-16x6.jpg 16w, https:\/\/www.organisator.ch\/wp-content\/uploads\/2018\/04\/Voll-im-Takt-dank-SAP-3_Organisator-375x145.jpg 375w, https:\/\/www.organisator.ch\/wp-content\/uploads\/2018\/04\/Voll-im-Takt-dank-SAP-3_Organisator-300x116.jpg 300w\" sizes=\"auto, (max-width: 640px) 100vw, 640px\" \/><figcaption id=\"caption-attachment-3402\" class=\"wp-caption-text\">Der Hauptsitz der Moser-Baer AG befindet sich in Sumiswald im Emmental. (Bild: zVg)<\/figcaption><\/figure>\n<h2><strong>Was steht in der Zukunft an?<\/strong><\/h2>\n<p>\u00abIm Moment leiten wir Prozesse f\u00fcr transparente Preislisten ein, die wir anschliessend ver\u00e4ussern k\u00f6nnen\u00bb, sagt Reto Reist. Die n\u00e4chste Ausbaustufe betrifft die Schaffung von Interfaces zu den Schwestergesellschaften: Damit kann das Unternehmen die Zusammenarbeit und den Datenaustausch vereinfachen sowie das System tiefer integrieren.<\/p>\n<p><em><strong>Autor:<\/strong><\/em><\/p>\n<p><em>Silvan Wyser ist Marketingchef der GIA Informatik AG in Oftringen. GIA bietet Informatik-Dienstleistungen mit Kernkompetenzen im Erarbeiten und Betreiben von L\u00f6sungen aus einer Hand in den Bereichen SAP, IT-Services mit eigener Cloud-Infrastruktur und Produktentwicklung. Kontakt: T +41 62 789 74 17 \/ <a href=\"mailto:silvan.wyser@gia.ch\">silvan.wyser@gia.ch<\/a> \/ <a href=\"http:\/\/www.gia.ch\">www.gia.ch<\/a><\/em><\/p>\n","protected":false},"excerpt":{"rendered":"<p>Sie ist Teil der nationalen Identit\u00e4t, ihren roten Sekundenzeiger kennt jedes Kind, und aus Schweizer Bahnh\u00f6fen ist sie nicht mehr wegzudenken: die Bahnhofsuhr. Solche und weitere Uhrenanlagen produziert die Eigenmarke Mobatime der Moser-Baer AG im Sumiswald. Ihre Produkte vertreibt sie in \u00fcber 150 L\u00e4ndern auf der ganzen Welt. Da die Moser-Baer AG auf der Suche [&hellip;]<\/p>\n","protected":false},"author":4,"featured_media":3400,"comment_status":"open","ping_status":"open","sticky":false,"template":"","format":"standard","meta":{"_acf_changed":false,"_yoast_wpseo_focuskw":"SAP","_yoast_wpseo_metadesc":"Die auf Pr\u00e4zision in Zeit und Technik spezialisierte Moser-Baer AG ben\u00f6tigte ein neues ERP-System, um die Prozesse und Datenqualit\u00e4t zu optimieren. Wie das Projekt ablief und welchen Nutzen es brachte, zeigt die folgende Case Study.","articlekey":"","footnotes":""},"categories":[27],"tags":[182,288,393,492],"class_list":["post-3399","post","type-post","status-publish","format-standard","has-post-thumbnail","hentry","category-it","tag-erp","tag-it-business-software","tag-produkte","tag-unternehmen"],"acf":[],"yoast_head":"<!-- This site is optimized with the Yoast SEO plugin v27.5 - https:\/\/yoast.com\/product\/yoast-seo-wordpress\/ -->\n<title>Voll im Takt dank SAP - Organisator<\/title>\n<meta name=\"description\" content=\"Die auf Pr\u00e4zision in Zeit und Technik spezialisierte Moser-Baer AG ben\u00f6tigte ein neues ERP-System, um die Prozesse und Datenqualit\u00e4t zu optimieren. Wie das Projekt ablief und welchen Nutzen es brachte, zeigt die folgende Case Study.\" \/>\n<meta name=\"robots\" content=\"index, follow, max-snippet:-1, max-image-preview:large, max-video-preview:-1\" \/>\n<link rel=\"canonical\" href=\"https:\/\/www.organisator.ch\/de\/management\/it\/2018-04-06\/voll-im-takt-dank-sap\/\" \/>\n<meta property=\"og:locale\" content=\"de_DE\" \/>\n<meta property=\"og:type\" content=\"article\" \/>\n<meta property=\"og:title\" content=\"Voll im Takt dank SAP\" \/>\n<meta property=\"og:description\" content=\"Die auf Pr\u00e4zision in Zeit und Technik spezialisierte #Moser-Baer AG ben\u00f6tigte ein neues #ERP-System, um die Prozesse und Datenqualit\u00e4t zu optimieren. Wie das Projekt ablief und welchen Nutzen es brachte, zeigt die folgende Case Study.\" \/>\n<meta property=\"og:url\" content=\"https:\/\/www.organisator.ch\/de\/management\/it\/2018-04-06\/voll-im-takt-dank-sap\/\" \/>\n<meta property=\"og:site_name\" content=\"Organisator\" \/>\n<meta property=\"article:publisher\" content=\"https:\/\/www.facebook.com\/OrganisatorFachmagazin\" \/>\n<meta property=\"article:published_time\" content=\"2018-04-06T05:30:48+00:00\" \/>\n<meta property=\"og:image\" content=\"https:\/\/www.organisator.ch\/wp-content\/uploads\/2018\/04\/Voll-im-Takt-dank-SAP-3_Organisator.jpg\" \/>\n\t<meta property=\"og:image:width\" content=\"640\" \/>\n\t<meta property=\"og:image:height\" content=\"248\" \/>\n\t<meta property=\"og:image:type\" content=\"image\/jpeg\" \/>\n<meta name=\"author\" content=\"thomas.berner\" \/>\n<meta name=\"twitter:card\" content=\"summary_large_image\" \/>\n<meta name=\"twitter:title\" content=\"Voll im Takt dank #SAP\" \/>\n<meta name=\"twitter:description\" content=\"Die auf Pr\u00e4zision in Zeit und Technik spezialisierte #Moser-Baer AG ben\u00f6tigte ein neues #ERP-System, um die Prozesse und Datenqualit\u00e4t zu optimieren. Wie das Projekt ablief und welchen Nutzen es brachte, zeigt die folgende Case Study.\" \/>\n<meta name=\"twitter:image\" content=\"https:\/\/www.organisator.ch\/wp-content\/uploads\/2018\/04\/Voll-im-Takt-dank-SAP-3_Organisator.jpg\" \/>\n<script type=\"application\/ld+json\" class=\"yoast-schema-graph\">{\"@context\":\"https:\\\/\\\/schema.org\",\"@graph\":[{\"@type\":\"Article\",\"@id\":\"https:\\\/\\\/www.organisator.ch\\\/management\\\/it\\\/2018-04-06\\\/voll-im-takt-dank-sap\\\/#article\",\"isPartOf\":{\"@id\":\"https:\\\/\\\/www.organisator.ch\\\/management\\\/it\\\/2018-04-06\\\/voll-im-takt-dank-sap\\\/\"},\"author\":{\"name\":\"thomas.berner\",\"@id\":\"https:\\\/\\\/www.organisator.ch\\\/#\\\/schema\\\/person\\\/6f650f90b2842cd4c0cc334b4e36f67e\"},\"headline\":\"Voll im Takt dank SAP\",\"datePublished\":\"2018-04-06T05:30:48+00:00\",\"mainEntityOfPage\":{\"@id\":\"https:\\\/\\\/www.organisator.ch\\\/management\\\/it\\\/2018-04-06\\\/voll-im-takt-dank-sap\\\/\"},\"wordCount\":724,\"commentCount\":0,\"publisher\":{\"@id\":\"https:\\\/\\\/www.organisator.ch\\\/#organization\"},\"image\":{\"@id\":\"https:\\\/\\\/www.organisator.ch\\\/management\\\/it\\\/2018-04-06\\\/voll-im-takt-dank-sap\\\/#primaryimage\"},\"thumbnailUrl\":\"https:\\\/\\\/www.organisator.ch\\\/wp-content\\\/uploads\\\/2018\\\/04\\\/Voll-im-Takt-dank-SAP-1_Organisator.jpg\",\"keywords\":[\"ERP\",\"IT &amp; Business Software\",\"Produkte\",\"Unternehmen\"],\"articleSection\":[\"IT\"],\"inLanguage\":\"de\"},{\"@type\":\"WebPage\",\"@id\":\"https:\\\/\\\/www.organisator.ch\\\/management\\\/it\\\/2018-04-06\\\/voll-im-takt-dank-sap\\\/\",\"url\":\"https:\\\/\\\/www.organisator.ch\\\/management\\\/it\\\/2018-04-06\\\/voll-im-takt-dank-sap\\\/\",\"name\":\"Voll im Takt dank SAP - Organisator\",\"isPartOf\":{\"@id\":\"https:\\\/\\\/www.organisator.ch\\\/#website\"},\"primaryImageOfPage\":{\"@id\":\"https:\\\/\\\/www.organisator.ch\\\/management\\\/it\\\/2018-04-06\\\/voll-im-takt-dank-sap\\\/#primaryimage\"},\"image\":{\"@id\":\"https:\\\/\\\/www.organisator.ch\\\/management\\\/it\\\/2018-04-06\\\/voll-im-takt-dank-sap\\\/#primaryimage\"},\"thumbnailUrl\":\"https:\\\/\\\/www.organisator.ch\\\/wp-content\\\/uploads\\\/2018\\\/04\\\/Voll-im-Takt-dank-SAP-1_Organisator.jpg\",\"datePublished\":\"2018-04-06T05:30:48+00:00\",\"description\":\"Die auf Pr\u00e4zision in Zeit und Technik spezialisierte Moser-Baer AG ben\u00f6tigte ein neues ERP-System, um die Prozesse und Datenqualit\u00e4t zu optimieren. Wie das Projekt ablief und welchen Nutzen es brachte, zeigt die folgende Case Study.\",\"breadcrumb\":{\"@id\":\"https:\\\/\\\/www.organisator.ch\\\/management\\\/it\\\/2018-04-06\\\/voll-im-takt-dank-sap\\\/#breadcrumb\"},\"inLanguage\":\"de\",\"potentialAction\":[{\"@type\":\"ReadAction\",\"target\":[\"https:\\\/\\\/www.organisator.ch\\\/management\\\/it\\\/2018-04-06\\\/voll-im-takt-dank-sap\\\/\"]}]},{\"@type\":\"ImageObject\",\"inLanguage\":\"de\",\"@id\":\"https:\\\/\\\/www.organisator.ch\\\/management\\\/it\\\/2018-04-06\\\/voll-im-takt-dank-sap\\\/#primaryimage\",\"url\":\"https:\\\/\\\/www.organisator.ch\\\/wp-content\\\/uploads\\\/2018\\\/04\\\/Voll-im-Takt-dank-SAP-1_Organisator.jpg\",\"contentUrl\":\"https:\\\/\\\/www.organisator.ch\\\/wp-content\\\/uploads\\\/2018\\\/04\\\/Voll-im-Takt-dank-SAP-1_Organisator.jpg\",\"width\":640,\"height\":426,\"caption\":\"Die Moser-Baer AG ist mit ihren Zeitsystemen nicht nur in der Schweiz vertreten, sondern auch in Deutschland, Japan, Kanada, Russland, Saudi-Arabien, Singapur und vielen weiteren L\u00e4ndern. (Bild: zVg)\"},{\"@type\":\"BreadcrumbList\",\"@id\":\"https:\\\/\\\/www.organisator.ch\\\/management\\\/it\\\/2018-04-06\\\/voll-im-takt-dank-sap\\\/#breadcrumb\",\"itemListElement\":[{\"@type\":\"ListItem\",\"position\":1,\"name\":\"Home\",\"item\":\"https:\\\/\\\/www.organisator.ch\\\/\"},{\"@type\":\"ListItem\",\"position\":2,\"name\":\"Voll im Takt dank SAP\"}]},{\"@type\":\"WebSite\",\"@id\":\"https:\\\/\\\/www.organisator.ch\\\/#website\",\"url\":\"https:\\\/\\\/www.organisator.ch\\\/\",\"name\":\"Organisator\",\"description\":\"Kompetent. Praxisnah. Der ORGANISATOR bereitet in 10 Ausgaben pro Jahr die wesentlichen Themen f\u00fcr F\u00fchrungskr\u00e4fte von KMU auf.\",\"publisher\":{\"@id\":\"https:\\\/\\\/www.organisator.ch\\\/#organization\"},\"potentialAction\":[{\"@type\":\"SearchAction\",\"target\":{\"@type\":\"EntryPoint\",\"urlTemplate\":\"https:\\\/\\\/www.organisator.ch\\\/?s={search_term_string}\"},\"query-input\":{\"@type\":\"PropertyValueSpecification\",\"valueRequired\":true,\"valueName\":\"search_term_string\"}}],\"inLanguage\":\"de\"},{\"@type\":\"Organization\",\"@id\":\"https:\\\/\\\/www.organisator.ch\\\/#organization\",\"name\":\"Organisator\",\"url\":\"https:\\\/\\\/www.organisator.ch\\\/\",\"logo\":{\"@type\":\"ImageObject\",\"inLanguage\":\"de\",\"@id\":\"https:\\\/\\\/www.organisator.ch\\\/#\\\/schema\\\/logo\\\/image\\\/\",\"url\":\"https:\\\/\\\/www.organisator.ch\\\/wp-content\\\/uploads\\\/2022\\\/01\\\/Logo_Organisator_Website.png\",\"contentUrl\":\"https:\\\/\\\/www.organisator.ch\\\/wp-content\\\/uploads\\\/2022\\\/01\\\/Logo_Organisator_Website.png\",\"width\":800,\"height\":77,\"caption\":\"Organisator\"},\"image\":{\"@id\":\"https:\\\/\\\/www.organisator.ch\\\/#\\\/schema\\\/logo\\\/image\\\/\"},\"sameAs\":[\"https:\\\/\\\/www.facebook.com\\\/OrganisatorFachmagazin\",\"https:\\\/\\\/www.linkedin.com\\\/showcase\\\/organisator-das-magazin-fr-kmu\",\"https:\\\/\\\/www.xing.com\\\/news\\\/pages\\\/organisator-ch-695\",\"https:\\\/\\\/www.youtube.com\\\/channel\\\/UCGP2Sq0iWaZwT3BdIAQFYpw\"]},{\"@type\":\"Person\",\"@id\":\"https:\\\/\\\/www.organisator.ch\\\/#\\\/schema\\\/person\\\/6f650f90b2842cd4c0cc334b4e36f67e\",\"name\":\"thomas.berner\",\"image\":{\"@type\":\"ImageObject\",\"inLanguage\":\"de\",\"@id\":\"https:\\\/\\\/secure.gravatar.com\\\/avatar\\\/ac5001d2a36cb6c6cd3e50789007ffca834b477b74a2144564522e944eabff61?s=96&d=mm&r=g\",\"url\":\"https:\\\/\\\/secure.gravatar.com\\\/avatar\\\/ac5001d2a36cb6c6cd3e50789007ffca834b477b74a2144564522e944eabff61?s=96&d=mm&r=g\",\"contentUrl\":\"https:\\\/\\\/secure.gravatar.com\\\/avatar\\\/ac5001d2a36cb6c6cd3e50789007ffca834b477b74a2144564522e944eabff61?s=96&d=mm&r=g\",\"caption\":\"thomas.berner\"},\"url\":\"https:\\\/\\\/www.organisator.ch\\\/de\\\/author\\\/thomas-berner\\\/\"}]}<\/script>\n<!-- \/ Yoast SEO plugin. -->","yoast_head_json":{"title":"Voll im Takt dank SAP - Organisator","description":"Die auf Pr\u00e4zision in Zeit und Technik spezialisierte Moser-Baer AG ben\u00f6tigte ein neues ERP-System, um die Prozesse und Datenqualit\u00e4t zu optimieren. Wie das Projekt ablief und welchen Nutzen es brachte, zeigt die folgende Case Study.","robots":{"index":"index","follow":"follow","max-snippet":"max-snippet:-1","max-image-preview":"max-image-preview:large","max-video-preview":"max-video-preview:-1"},"canonical":"https:\/\/www.organisator.ch\/de\/management\/it\/2018-04-06\/voll-im-takt-dank-sap\/","og_locale":"de_DE","og_type":"article","og_title":"Voll im Takt dank SAP","og_description":"Die auf Pr\u00e4zision in Zeit und Technik spezialisierte #Moser-Baer AG ben\u00f6tigte ein neues #ERP-System, um die Prozesse und Datenqualit\u00e4t zu optimieren. Wie das Projekt ablief und welchen Nutzen es brachte, zeigt die folgende Case Study.","og_url":"https:\/\/www.organisator.ch\/de\/management\/it\/2018-04-06\/voll-im-takt-dank-sap\/","og_site_name":"Organisator","article_publisher":"https:\/\/www.facebook.com\/OrganisatorFachmagazin","article_published_time":"2018-04-06T05:30:48+00:00","og_image":[{"width":640,"height":248,"url":"https:\/\/www.organisator.ch\/wp-content\/uploads\/2018\/04\/Voll-im-Takt-dank-SAP-3_Organisator.jpg","type":"image\/jpeg"}],"author":"thomas.berner","twitter_card":"summary_large_image","twitter_title":"Voll im Takt dank #SAP","twitter_description":"Die auf Pr\u00e4zision in Zeit und Technik spezialisierte #Moser-Baer AG ben\u00f6tigte ein neues #ERP-System, um die Prozesse und Datenqualit\u00e4t zu optimieren. Wie das Projekt ablief und welchen Nutzen es brachte, zeigt die folgende Case Study.","twitter_image":"https:\/\/www.organisator.ch\/wp-content\/uploads\/2018\/04\/Voll-im-Takt-dank-SAP-3_Organisator.jpg","schema":{"@context":"https:\/\/schema.org","@graph":[{"@type":"Article","@id":"https:\/\/www.organisator.ch\/management\/it\/2018-04-06\/voll-im-takt-dank-sap\/#article","isPartOf":{"@id":"https:\/\/www.organisator.ch\/management\/it\/2018-04-06\/voll-im-takt-dank-sap\/"},"author":{"name":"thomas.berner","@id":"https:\/\/www.organisator.ch\/#\/schema\/person\/6f650f90b2842cd4c0cc334b4e36f67e"},"headline":"Voll im Takt dank SAP","datePublished":"2018-04-06T05:30:48+00:00","mainEntityOfPage":{"@id":"https:\/\/www.organisator.ch\/management\/it\/2018-04-06\/voll-im-takt-dank-sap\/"},"wordCount":724,"commentCount":0,"publisher":{"@id":"https:\/\/www.organisator.ch\/#organization"},"image":{"@id":"https:\/\/www.organisator.ch\/management\/it\/2018-04-06\/voll-im-takt-dank-sap\/#primaryimage"},"thumbnailUrl":"https:\/\/www.organisator.ch\/wp-content\/uploads\/2018\/04\/Voll-im-Takt-dank-SAP-1_Organisator.jpg","keywords":["ERP","IT &amp; Business Software","Produkte","Unternehmen"],"articleSection":["IT"],"inLanguage":"de"},{"@type":"WebPage","@id":"https:\/\/www.organisator.ch\/management\/it\/2018-04-06\/voll-im-takt-dank-sap\/","url":"https:\/\/www.organisator.ch\/management\/it\/2018-04-06\/voll-im-takt-dank-sap\/","name":"Voll im Takt dank SAP - Organisator","isPartOf":{"@id":"https:\/\/www.organisator.ch\/#website"},"primaryImageOfPage":{"@id":"https:\/\/www.organisator.ch\/management\/it\/2018-04-06\/voll-im-takt-dank-sap\/#primaryimage"},"image":{"@id":"https:\/\/www.organisator.ch\/management\/it\/2018-04-06\/voll-im-takt-dank-sap\/#primaryimage"},"thumbnailUrl":"https:\/\/www.organisator.ch\/wp-content\/uploads\/2018\/04\/Voll-im-Takt-dank-SAP-1_Organisator.jpg","datePublished":"2018-04-06T05:30:48+00:00","description":"Die auf Pr\u00e4zision in Zeit und Technik spezialisierte Moser-Baer AG ben\u00f6tigte ein neues ERP-System, um die Prozesse und Datenqualit\u00e4t zu optimieren. Wie das Projekt ablief und welchen Nutzen es brachte, zeigt die folgende Case Study.","breadcrumb":{"@id":"https:\/\/www.organisator.ch\/management\/it\/2018-04-06\/voll-im-takt-dank-sap\/#breadcrumb"},"inLanguage":"de","potentialAction":[{"@type":"ReadAction","target":["https:\/\/www.organisator.ch\/management\/it\/2018-04-06\/voll-im-takt-dank-sap\/"]}]},{"@type":"ImageObject","inLanguage":"de","@id":"https:\/\/www.organisator.ch\/management\/it\/2018-04-06\/voll-im-takt-dank-sap\/#primaryimage","url":"https:\/\/www.organisator.ch\/wp-content\/uploads\/2018\/04\/Voll-im-Takt-dank-SAP-1_Organisator.jpg","contentUrl":"https:\/\/www.organisator.ch\/wp-content\/uploads\/2018\/04\/Voll-im-Takt-dank-SAP-1_Organisator.jpg","width":640,"height":426,"caption":"Die Moser-Baer AG ist mit ihren Zeitsystemen nicht nur in der Schweiz vertreten, sondern auch in Deutschland, Japan, Kanada, Russland, Saudi-Arabien, Singapur und vielen weiteren L\u00e4ndern. (Bild: zVg)"},{"@type":"BreadcrumbList","@id":"https:\/\/www.organisator.ch\/management\/it\/2018-04-06\/voll-im-takt-dank-sap\/#breadcrumb","itemListElement":[{"@type":"ListItem","position":1,"name":"Home","item":"https:\/\/www.organisator.ch\/"},{"@type":"ListItem","position":2,"name":"Voll im Takt dank SAP"}]},{"@type":"WebSite","@id":"https:\/\/www.organisator.ch\/#website","url":"https:\/\/www.organisator.ch\/","name":"Organisator","description":"Kompetent. Praxisnah. Der ORGANISATOR bereitet in 10 Ausgaben pro Jahr die wesentlichen Themen f\u00fcr F\u00fchrungskr\u00e4fte von KMU auf.","publisher":{"@id":"https:\/\/www.organisator.ch\/#organization"},"potentialAction":[{"@type":"SearchAction","target":{"@type":"EntryPoint","urlTemplate":"https:\/\/www.organisator.ch\/?s={search_term_string}"},"query-input":{"@type":"PropertyValueSpecification","valueRequired":true,"valueName":"search_term_string"}}],"inLanguage":"de"},{"@type":"Organization","@id":"https:\/\/www.organisator.ch\/#organization","name":"Organisator","url":"https:\/\/www.organisator.ch\/","logo":{"@type":"ImageObject","inLanguage":"de","@id":"https:\/\/www.organisator.ch\/#\/schema\/logo\/image\/","url":"https:\/\/www.organisator.ch\/wp-content\/uploads\/2022\/01\/Logo_Organisator_Website.png","contentUrl":"https:\/\/www.organisator.ch\/wp-content\/uploads\/2022\/01\/Logo_Organisator_Website.png","width":800,"height":77,"caption":"Organisator"},"image":{"@id":"https:\/\/www.organisator.ch\/#\/schema\/logo\/image\/"},"sameAs":["https:\/\/www.facebook.com\/OrganisatorFachmagazin","https:\/\/www.linkedin.com\/showcase\/organisator-das-magazin-fr-kmu","https:\/\/www.xing.com\/news\/pages\/organisator-ch-695","https:\/\/www.youtube.com\/channel\/UCGP2Sq0iWaZwT3BdIAQFYpw"]},{"@type":"Person","@id":"https:\/\/www.organisator.ch\/#\/schema\/person\/6f650f90b2842cd4c0cc334b4e36f67e","name":"thomas.berner","image":{"@type":"ImageObject","inLanguage":"de","@id":"https:\/\/secure.gravatar.com\/avatar\/ac5001d2a36cb6c6cd3e50789007ffca834b477b74a2144564522e944eabff61?s=96&d=mm&r=g","url":"https:\/\/secure.gravatar.com\/avatar\/ac5001d2a36cb6c6cd3e50789007ffca834b477b74a2144564522e944eabff61?s=96&d=mm&r=g","contentUrl":"https:\/\/secure.gravatar.com\/avatar\/ac5001d2a36cb6c6cd3e50789007ffca834b477b74a2144564522e944eabff61?s=96&d=mm&r=g","caption":"thomas.berner"},"url":"https:\/\/www.organisator.ch\/de\/author\/thomas-berner\/"}]}},"_links":{"self":[{"href":"https:\/\/www.organisator.ch\/de\/wp-json\/wp\/v2\/posts\/3399","targetHints":{"allow":["GET"]}}],"collection":[{"href":"https:\/\/www.organisator.ch\/de\/wp-json\/wp\/v2\/posts"}],"about":[{"href":"https:\/\/www.organisator.ch\/de\/wp-json\/wp\/v2\/types\/post"}],"author":[{"embeddable":true,"href":"https:\/\/www.organisator.ch\/de\/wp-json\/wp\/v2\/users\/4"}],"replies":[{"embeddable":true,"href":"https:\/\/www.organisator.ch\/de\/wp-json\/wp\/v2\/comments?post=3399"}],"version-history":[{"count":0,"href":"https:\/\/www.organisator.ch\/de\/wp-json\/wp\/v2\/posts\/3399\/revisions"}],"wp:featuredmedia":[{"embeddable":true,"href":"https:\/\/www.organisator.ch\/de\/wp-json\/wp\/v2\/media\/3400"}],"wp:attachment":[{"href":"https:\/\/www.organisator.ch\/de\/wp-json\/wp\/v2\/media?parent=3399"}],"wp:term":[{"taxonomy":"category","embeddable":true,"href":"https:\/\/www.organisator.ch\/de\/wp-json\/wp\/v2\/categories?post=3399"},{"taxonomy":"post_tag","embeddable":true,"href":"https:\/\/www.organisator.ch\/de\/wp-json\/wp\/v2\/tags?post=3399"}],"curies":[{"name":"wp","href":"https:\/\/api.w.org\/{rel}","templated":true}]}}