{"id":34015,"date":"2024-11-26T09:41:12","date_gmt":"2024-11-26T08:41:12","guid":{"rendered":"https:\/\/www.markt-kom.com\/?p=227073"},"modified":"2024-11-26T09:41:12","modified_gmt":"2024-11-26T08:41:12","slug":"scholtysik-gewinnt-branding-mandat-fuer-dectris","status":"publish","type":"post","link":"https:\/\/www.organisator.ch\/de\/marketing\/2024-11-26\/scholtysik-gewinnt-branding-mandat-fuer-dectris\/","title":{"rendered":"Scholtysik gewinnt Branding-Mandat f\u00fcr Dectris"},"content":{"rendered":"<figure id=\"attachment_227074\" aria-describedby=\"caption-attachment-227074\" style=\"width: 1200px\" class=\"wp-caption aligncenter\"><img decoding=\"async\" class=\"size-full wp-image-227074\" src=\"https:\/\/www.markt-kom.com\/wp-content\/uploads\/2024\/11\/scholtysik_dectris_news_3x2_01.jpg\" alt=\"\" width=\"1200\" height=\"900\" srcset=\"https:\/\/www.markt-kom.com\/wp-content\/uploads\/2024\/11\/scholtysik_dectris_news_3x2_01.jpg 1200w, https:\/\/www.markt-kom.com\/wp-content\/uploads\/2024\/11\/scholtysik_dectris_news_3x2_01-600x450.jpg 600w, https:\/\/www.markt-kom.com\/wp-content\/uploads\/2024\/11\/scholtysik_dectris_news_3x2_01-1024x768.jpg 1024w, https:\/\/www.markt-kom.com\/wp-content\/uploads\/2024\/11\/scholtysik_dectris_news_3x2_01-768x576.jpg 768w, https:\/\/www.markt-kom.com\/wp-content\/uploads\/2024\/11\/scholtysik_dectris_news_3x2_01-16x12.jpg 16w, https:\/\/www.markt-kom.com\/wp-content\/uploads\/2024\/11\/scholtysik_dectris_news_3x2_01-233x175.jpg 233w, https:\/\/www.markt-kom.com\/wp-content\/uploads\/2024\/11\/scholtysik_dectris_news_3x2_01-467x350.jpg 467w, https:\/\/www.markt-kom.com\/wp-content\/uploads\/2024\/11\/scholtysik_dectris_news_3x2_01-1000x750.jpg 1000w\" sizes=\"(max-width: 1200px) 100vw, 1200px\" \/><figcaption id=\"caption-attachment-227074\" class=\"wp-caption-text\">(Bild: zVg.)<\/figcaption><\/figure>\n<p>Die Hochleistungsdetektoren von Dectris werden weltweit in Forschungsinstituten eingesetzt, zum Beispiel in Teilchenbeschleunigern, in der R\u00f6ntgenanalytik oder in der Elektronenmikroskopie. Mit den Detektoren gewinnen Forschende und Ingenieur:innen schnell pr\u00e4zise Analysedaten in Bereichen wie der Medikamentenentwicklung oder der Batterieforschung. Neben Detektoren entwickelt Dectris weitere Produkte und Services f\u00fcr die Spitzenforschung, darunter eine besonders leistungsstarke Cloud-Plattform zur kollaborativen Nutzung wissenschaftlicher Daten.<\/p>\n<h3><strong>Marke global weiterentwickeln<\/strong><\/h3>\n<p>Im \u00e4usserst dynamischen Hightech-Markt will Dectris seine Spitzenposition weiter ausbauen. Zugleich muss sich die Marke im anspruchsvollen wissenschaftlichen Umfeld als Innovationsleader und zuverl\u00e4ssiger Partner behaupten. Um diesen Anforderungen gerecht zu werden, soll Scholtysik die Marke Dectris strategisch weiterentwickeln und ihre Strahlkraft nachhaltig erh\u00f6hen.<\/p>\n<p>\u00abMit Scholtysik haben wir einen Branding-Partner gefunden, der nicht nur grosse Erfahrung im Technologie-Sektor mitbringt, sondern auch die Wissenschafts-Communities versteht, f\u00fcr die wir unsere Produkte schliesslich entwickeln\u00bb, sagt Stefan Brandstetter, Chief Commercial Officer von Dectris.<\/p>\n","protected":false},"excerpt":{"rendered":"<p>Der Anbieter f\u00fcr R\u00f6ntgenstrahl- und Elektronen-Detektoren Dectris hat Scholtysik mit der Entwicklung seiner Markenstrategie beauftragt. Die Agentur setzte sich in einem umfangreichen Evaluationsprozess durch und wird Dectris bei der Sch\u00e4rfung der Marke begleiten.<\/p>\n","protected":false},"author":8,"featured_media":0,"comment_status":"closed","ping_status":"closed","sticky":false,"template":"","format":"standard","meta":{"_acf_changed":false,"_yoast_wpseo_focuskw":"","_yoast_wpseo_metadesc":"","articlekey":"","footnotes":""},"categories":[29],"tags":[4853,2855,3675],"class_list":["post-34015","post","type-post","status-publish","format-standard","hentry","category-marketing","tag-dectris","tag-etats","tag-scholtysik"],"acf":[],"yoast_head":"<!-- This site is optimized with the Yoast SEO plugin v27.5 - https:\/\/yoast.com\/product\/yoast-seo-wordpress\/ -->\n<title>Scholtysik gewinnt Branding-Mandat f\u00fcr Dectris - Organisator<\/title>\n<meta name=\"robots\" content=\"index, follow, max-snippet:-1, max-image-preview:large, max-video-preview:-1\" \/>\n<link rel=\"canonical\" href=\"https:\/\/www.organisator.ch\/de\/marketing\/2024-11-26\/scholtysik-gewinnt-branding-mandat-fuer-dectris\/\" \/>\n<meta property=\"og:locale\" content=\"de_DE\" \/>\n<meta property=\"og:type\" content=\"article\" \/>\n<meta property=\"og:title\" content=\"Scholtysik gewinnt Branding-Mandat f\u00fcr Dectris - Organisator\" \/>\n<meta property=\"og:description\" content=\"Der Anbieter f\u00fcr R\u00f6ntgenstrahl- und Elektronen-Detektoren Dectris hat Scholtysik mit der Entwicklung seiner Markenstrategie beauftragt. Die Agentur setzte sich in einem umfangreichen Evaluationsprozess durch und wird Dectris bei der Sch\u00e4rfung der Marke begleiten.\" \/>\n<meta property=\"og:url\" content=\"https:\/\/www.organisator.ch\/de\/marketing\/2024-11-26\/scholtysik-gewinnt-branding-mandat-fuer-dectris\/\" \/>\n<meta property=\"og:site_name\" content=\"Organisator\" \/>\n<meta property=\"article:publisher\" content=\"https:\/\/www.facebook.com\/OrganisatorFachmagazin\" \/>\n<meta property=\"article:published_time\" content=\"2024-11-26T08:41:12+00:00\" \/>\n<meta name=\"author\" content=\"galledia\" \/>\n<meta name=\"twitter:card\" content=\"summary_large_image\" \/>\n<meta name=\"twitter:creator\" content=\"@admin\" \/>\n<script type=\"application\/ld+json\" class=\"yoast-schema-graph\">{\"@context\":\"https:\\\/\\\/schema.org\",\"@graph\":[{\"@type\":\"Article\",\"@id\":\"https:\\\/\\\/www.organisator.ch\\\/de\\\/marketing\\\/2024-11-26\\\/scholtysik-gewinnt-branding-mandat-fuer-dectris\\\/#article\",\"isPartOf\":{\"@id\":\"https:\\\/\\\/www.organisator.ch\\\/de\\\/marketing\\\/2024-11-26\\\/scholtysik-gewinnt-branding-mandat-fuer-dectris\\\/\"},\"author\":{\"name\":\"galledia\",\"@id\":\"https:\\\/\\\/www.organisator.ch\\\/#\\\/schema\\\/person\\\/4e51799071cd2dd1232ac003643ef5f0\"},\"headline\":\"Scholtysik gewinnt Branding-Mandat f\u00fcr Dectris\",\"datePublished\":\"2024-11-26T08:41:12+00:00\",\"mainEntityOfPage\":{\"@id\":\"https:\\\/\\\/www.organisator.ch\\\/de\\\/marketing\\\/2024-11-26\\\/scholtysik-gewinnt-branding-mandat-fuer-dectris\\\/\"},\"wordCount\":155,\"publisher\":{\"@id\":\"https:\\\/\\\/www.organisator.ch\\\/#organization\"},\"image\":{\"@id\":\"https:\\\/\\\/www.organisator.ch\\\/de\\\/marketing\\\/2024-11-26\\\/scholtysik-gewinnt-branding-mandat-fuer-dectris\\\/#primaryimage\"},\"thumbnailUrl\":\"https:\\\/\\\/www.markt-kom.com\\\/wp-content\\\/uploads\\\/2024\\\/11\\\/scholtysik_dectris_news_3x2_01.jpg\",\"keywords\":[\"Dectris\",\"Etats\",\"Scholtysik\"],\"articleSection\":[\"MARKETING\"],\"inLanguage\":\"de\"},{\"@type\":\"WebPage\",\"@id\":\"https:\\\/\\\/www.organisator.ch\\\/de\\\/marketing\\\/2024-11-26\\\/scholtysik-gewinnt-branding-mandat-fuer-dectris\\\/\",\"url\":\"https:\\\/\\\/www.organisator.ch\\\/de\\\/marketing\\\/2024-11-26\\\/scholtysik-gewinnt-branding-mandat-fuer-dectris\\\/\",\"name\":\"Scholtysik gewinnt Branding-Mandat f\u00fcr Dectris - Organisator\",\"isPartOf\":{\"@id\":\"https:\\\/\\\/www.organisator.ch\\\/#website\"},\"primaryImageOfPage\":{\"@id\":\"https:\\\/\\\/www.organisator.ch\\\/de\\\/marketing\\\/2024-11-26\\\/scholtysik-gewinnt-branding-mandat-fuer-dectris\\\/#primaryimage\"},\"image\":{\"@id\":\"https:\\\/\\\/www.organisator.ch\\\/de\\\/marketing\\\/2024-11-26\\\/scholtysik-gewinnt-branding-mandat-fuer-dectris\\\/#primaryimage\"},\"thumbnailUrl\":\"https:\\\/\\\/www.markt-kom.com\\\/wp-content\\\/uploads\\\/2024\\\/11\\\/scholtysik_dectris_news_3x2_01.jpg\",\"datePublished\":\"2024-11-26T08:41:12+00:00\",\"breadcrumb\":{\"@id\":\"https:\\\/\\\/www.organisator.ch\\\/de\\\/marketing\\\/2024-11-26\\\/scholtysik-gewinnt-branding-mandat-fuer-dectris\\\/#breadcrumb\"},\"inLanguage\":\"de\",\"potentialAction\":[{\"@type\":\"ReadAction\",\"target\":[\"https:\\\/\\\/www.organisator.ch\\\/de\\\/marketing\\\/2024-11-26\\\/scholtysik-gewinnt-branding-mandat-fuer-dectris\\\/\"]}]},{\"@type\":\"ImageObject\",\"inLanguage\":\"de\",\"@id\":\"https:\\\/\\\/www.organisator.ch\\\/de\\\/marketing\\\/2024-11-26\\\/scholtysik-gewinnt-branding-mandat-fuer-dectris\\\/#primaryimage\",\"url\":\"https:\\\/\\\/www.markt-kom.com\\\/wp-content\\\/uploads\\\/2024\\\/11\\\/scholtysik_dectris_news_3x2_01.jpg\",\"contentUrl\":\"https:\\\/\\\/www.markt-kom.com\\\/wp-content\\\/uploads\\\/2024\\\/11\\\/scholtysik_dectris_news_3x2_01.jpg\"},{\"@type\":\"BreadcrumbList\",\"@id\":\"https:\\\/\\\/www.organisator.ch\\\/de\\\/marketing\\\/2024-11-26\\\/scholtysik-gewinnt-branding-mandat-fuer-dectris\\\/#breadcrumb\",\"itemListElement\":[{\"@type\":\"ListItem\",\"position\":1,\"name\":\"Home\",\"item\":\"https:\\\/\\\/www.organisator.ch\\\/\"},{\"@type\":\"ListItem\",\"position\":2,\"name\":\"Scholtysik gewinnt Branding-Mandat f\u00fcr Dectris\"}]},{\"@type\":\"WebSite\",\"@id\":\"https:\\\/\\\/www.organisator.ch\\\/#website\",\"url\":\"https:\\\/\\\/www.organisator.ch\\\/\",\"name\":\"Organisator\",\"description\":\"Kompetent. Praxisnah. Der ORGANISATOR bereitet in 10 Ausgaben pro Jahr die wesentlichen Themen f\u00fcr F\u00fchrungskr\u00e4fte von KMU auf.\",\"publisher\":{\"@id\":\"https:\\\/\\\/www.organisator.ch\\\/#organization\"},\"potentialAction\":[{\"@type\":\"SearchAction\",\"target\":{\"@type\":\"EntryPoint\",\"urlTemplate\":\"https:\\\/\\\/www.organisator.ch\\\/?s={search_term_string}\"},\"query-input\":{\"@type\":\"PropertyValueSpecification\",\"valueRequired\":true,\"valueName\":\"search_term_string\"}}],\"inLanguage\":\"de\"},{\"@type\":\"Organization\",\"@id\":\"https:\\\/\\\/www.organisator.ch\\\/#organization\",\"name\":\"Organisator\",\"url\":\"https:\\\/\\\/www.organisator.ch\\\/\",\"logo\":{\"@type\":\"ImageObject\",\"inLanguage\":\"de\",\"@id\":\"https:\\\/\\\/www.organisator.ch\\\/#\\\/schema\\\/logo\\\/image\\\/\",\"url\":\"https:\\\/\\\/www.organisator.ch\\\/wp-content\\\/uploads\\\/2022\\\/01\\\/Logo_Organisator_Website.png\",\"contentUrl\":\"https:\\\/\\\/www.organisator.ch\\\/wp-content\\\/uploads\\\/2022\\\/01\\\/Logo_Organisator_Website.png\",\"width\":800,\"height\":77,\"caption\":\"Organisator\"},\"image\":{\"@id\":\"https:\\\/\\\/www.organisator.ch\\\/#\\\/schema\\\/logo\\\/image\\\/\"},\"sameAs\":[\"https:\\\/\\\/www.facebook.com\\\/OrganisatorFachmagazin\",\"https:\\\/\\\/www.linkedin.com\\\/showcase\\\/organisator-das-magazin-fr-kmu\",\"https:\\\/\\\/www.xing.com\\\/news\\\/pages\\\/organisator-ch-695\",\"https:\\\/\\\/www.youtube.com\\\/channel\\\/UCGP2Sq0iWaZwT3BdIAQFYpw\"]},{\"@type\":\"Person\",\"@id\":\"https:\\\/\\\/www.organisator.ch\\\/#\\\/schema\\\/person\\\/4e51799071cd2dd1232ac003643ef5f0\",\"name\":\"galledia\",\"image\":{\"@type\":\"ImageObject\",\"inLanguage\":\"de\",\"@id\":\"https:\\\/\\\/secure.gravatar.com\\\/avatar\\\/78a7f90c01fc2bfc875782a0d4922b37cde2cf184ce347b91316d23cd7f69a36?s=96&d=mm&r=g\",\"url\":\"https:\\\/\\\/secure.gravatar.com\\\/avatar\\\/78a7f90c01fc2bfc875782a0d4922b37cde2cf184ce347b91316d23cd7f69a36?s=96&d=mm&r=g\",\"contentUrl\":\"https:\\\/\\\/secure.gravatar.com\\\/avatar\\\/78a7f90c01fc2bfc875782a0d4922b37cde2cf184ce347b91316d23cd7f69a36?s=96&d=mm&r=g\",\"caption\":\"galledia\"},\"sameAs\":[\"https:\\\/\\\/x.com\\\/admin\"],\"url\":\"https:\\\/\\\/www.organisator.ch\\\/de\\\/author\\\/galledia\\\/\"}]}<\/script>\n<!-- \/ Yoast SEO plugin. -->","yoast_head_json":{"title":"Scholtysik gewinnt Branding-Mandat f\u00fcr Dectris - Organisator","robots":{"index":"index","follow":"follow","max-snippet":"max-snippet:-1","max-image-preview":"max-image-preview:large","max-video-preview":"max-video-preview:-1"},"canonical":"https:\/\/www.organisator.ch\/de\/marketing\/2024-11-26\/scholtysik-gewinnt-branding-mandat-fuer-dectris\/","og_locale":"de_DE","og_type":"article","og_title":"Scholtysik gewinnt Branding-Mandat f\u00fcr Dectris - Organisator","og_description":"Der Anbieter f\u00fcr R\u00f6ntgenstrahl- und Elektronen-Detektoren Dectris hat Scholtysik mit der Entwicklung seiner Markenstrategie beauftragt. Die Agentur setzte sich in einem umfangreichen Evaluationsprozess durch und wird Dectris bei der Sch\u00e4rfung der Marke begleiten.","og_url":"https:\/\/www.organisator.ch\/de\/marketing\/2024-11-26\/scholtysik-gewinnt-branding-mandat-fuer-dectris\/","og_site_name":"Organisator","article_publisher":"https:\/\/www.facebook.com\/OrganisatorFachmagazin","article_published_time":"2024-11-26T08:41:12+00:00","author":"galledia","twitter_card":"summary_large_image","twitter_creator":"@admin","schema":{"@context":"https:\/\/schema.org","@graph":[{"@type":"Article","@id":"https:\/\/www.organisator.ch\/de\/marketing\/2024-11-26\/scholtysik-gewinnt-branding-mandat-fuer-dectris\/#article","isPartOf":{"@id":"https:\/\/www.organisator.ch\/de\/marketing\/2024-11-26\/scholtysik-gewinnt-branding-mandat-fuer-dectris\/"},"author":{"name":"galledia","@id":"https:\/\/www.organisator.ch\/#\/schema\/person\/4e51799071cd2dd1232ac003643ef5f0"},"headline":"Scholtysik gewinnt Branding-Mandat f\u00fcr Dectris","datePublished":"2024-11-26T08:41:12+00:00","mainEntityOfPage":{"@id":"https:\/\/www.organisator.ch\/de\/marketing\/2024-11-26\/scholtysik-gewinnt-branding-mandat-fuer-dectris\/"},"wordCount":155,"publisher":{"@id":"https:\/\/www.organisator.ch\/#organization"},"image":{"@id":"https:\/\/www.organisator.ch\/de\/marketing\/2024-11-26\/scholtysik-gewinnt-branding-mandat-fuer-dectris\/#primaryimage"},"thumbnailUrl":"https:\/\/www.markt-kom.com\/wp-content\/uploads\/2024\/11\/scholtysik_dectris_news_3x2_01.jpg","keywords":["Dectris","Etats","Scholtysik"],"articleSection":["MARKETING"],"inLanguage":"de"},{"@type":"WebPage","@id":"https:\/\/www.organisator.ch\/de\/marketing\/2024-11-26\/scholtysik-gewinnt-branding-mandat-fuer-dectris\/","url":"https:\/\/www.organisator.ch\/de\/marketing\/2024-11-26\/scholtysik-gewinnt-branding-mandat-fuer-dectris\/","name":"Scholtysik gewinnt Branding-Mandat f\u00fcr Dectris - Organisator","isPartOf":{"@id":"https:\/\/www.organisator.ch\/#website"},"primaryImageOfPage":{"@id":"https:\/\/www.organisator.ch\/de\/marketing\/2024-11-26\/scholtysik-gewinnt-branding-mandat-fuer-dectris\/#primaryimage"},"image":{"@id":"https:\/\/www.organisator.ch\/de\/marketing\/2024-11-26\/scholtysik-gewinnt-branding-mandat-fuer-dectris\/#primaryimage"},"thumbnailUrl":"https:\/\/www.markt-kom.com\/wp-content\/uploads\/2024\/11\/scholtysik_dectris_news_3x2_01.jpg","datePublished":"2024-11-26T08:41:12+00:00","breadcrumb":{"@id":"https:\/\/www.organisator.ch\/de\/marketing\/2024-11-26\/scholtysik-gewinnt-branding-mandat-fuer-dectris\/#breadcrumb"},"inLanguage":"de","potentialAction":[{"@type":"ReadAction","target":["https:\/\/www.organisator.ch\/de\/marketing\/2024-11-26\/scholtysik-gewinnt-branding-mandat-fuer-dectris\/"]}]},{"@type":"ImageObject","inLanguage":"de","@id":"https:\/\/www.organisator.ch\/de\/marketing\/2024-11-26\/scholtysik-gewinnt-branding-mandat-fuer-dectris\/#primaryimage","url":"https:\/\/www.markt-kom.com\/wp-content\/uploads\/2024\/11\/scholtysik_dectris_news_3x2_01.jpg","contentUrl":"https:\/\/www.markt-kom.com\/wp-content\/uploads\/2024\/11\/scholtysik_dectris_news_3x2_01.jpg"},{"@type":"BreadcrumbList","@id":"https:\/\/www.organisator.ch\/de\/marketing\/2024-11-26\/scholtysik-gewinnt-branding-mandat-fuer-dectris\/#breadcrumb","itemListElement":[{"@type":"ListItem","position":1,"name":"Home","item":"https:\/\/www.organisator.ch\/"},{"@type":"ListItem","position":2,"name":"Scholtysik gewinnt Branding-Mandat f\u00fcr Dectris"}]},{"@type":"WebSite","@id":"https:\/\/www.organisator.ch\/#website","url":"https:\/\/www.organisator.ch\/","name":"Organisator","description":"Kompetent. Praxisnah. Der ORGANISATOR bereitet in 10 Ausgaben pro Jahr die wesentlichen Themen f\u00fcr F\u00fchrungskr\u00e4fte von KMU auf.","publisher":{"@id":"https:\/\/www.organisator.ch\/#organization"},"potentialAction":[{"@type":"SearchAction","target":{"@type":"EntryPoint","urlTemplate":"https:\/\/www.organisator.ch\/?s={search_term_string}"},"query-input":{"@type":"PropertyValueSpecification","valueRequired":true,"valueName":"search_term_string"}}],"inLanguage":"de"},{"@type":"Organization","@id":"https:\/\/www.organisator.ch\/#organization","name":"Organisator","url":"https:\/\/www.organisator.ch\/","logo":{"@type":"ImageObject","inLanguage":"de","@id":"https:\/\/www.organisator.ch\/#\/schema\/logo\/image\/","url":"https:\/\/www.organisator.ch\/wp-content\/uploads\/2022\/01\/Logo_Organisator_Website.png","contentUrl":"https:\/\/www.organisator.ch\/wp-content\/uploads\/2022\/01\/Logo_Organisator_Website.png","width":800,"height":77,"caption":"Organisator"},"image":{"@id":"https:\/\/www.organisator.ch\/#\/schema\/logo\/image\/"},"sameAs":["https:\/\/www.facebook.com\/OrganisatorFachmagazin","https:\/\/www.linkedin.com\/showcase\/organisator-das-magazin-fr-kmu","https:\/\/www.xing.com\/news\/pages\/organisator-ch-695","https:\/\/www.youtube.com\/channel\/UCGP2Sq0iWaZwT3BdIAQFYpw"]},{"@type":"Person","@id":"https:\/\/www.organisator.ch\/#\/schema\/person\/4e51799071cd2dd1232ac003643ef5f0","name":"galledia","image":{"@type":"ImageObject","inLanguage":"de","@id":"https:\/\/secure.gravatar.com\/avatar\/78a7f90c01fc2bfc875782a0d4922b37cde2cf184ce347b91316d23cd7f69a36?s=96&d=mm&r=g","url":"https:\/\/secure.gravatar.com\/avatar\/78a7f90c01fc2bfc875782a0d4922b37cde2cf184ce347b91316d23cd7f69a36?s=96&d=mm&r=g","contentUrl":"https:\/\/secure.gravatar.com\/avatar\/78a7f90c01fc2bfc875782a0d4922b37cde2cf184ce347b91316d23cd7f69a36?s=96&d=mm&r=g","caption":"galledia"},"sameAs":["https:\/\/x.com\/admin"],"url":"https:\/\/www.organisator.ch\/de\/author\/galledia\/"}]}},"_links":{"self":[{"href":"https:\/\/www.organisator.ch\/de\/wp-json\/wp\/v2\/posts\/34015","targetHints":{"allow":["GET"]}}],"collection":[{"href":"https:\/\/www.organisator.ch\/de\/wp-json\/wp\/v2\/posts"}],"about":[{"href":"https:\/\/www.organisator.ch\/de\/wp-json\/wp\/v2\/types\/post"}],"author":[{"embeddable":true,"href":"https:\/\/www.organisator.ch\/de\/wp-json\/wp\/v2\/users\/8"}],"replies":[{"embeddable":true,"href":"https:\/\/www.organisator.ch\/de\/wp-json\/wp\/v2\/comments?post=34015"}],"version-history":[{"count":2,"href":"https:\/\/www.organisator.ch\/de\/wp-json\/wp\/v2\/posts\/34015\/revisions"}],"predecessor-version":[{"id":34032,"href":"https:\/\/www.organisator.ch\/de\/wp-json\/wp\/v2\/posts\/34015\/revisions\/34032"}],"wp:attachment":[{"href":"https:\/\/www.organisator.ch\/de\/wp-json\/wp\/v2\/media?parent=34015"}],"wp:term":[{"taxonomy":"category","embeddable":true,"href":"https:\/\/www.organisator.ch\/de\/wp-json\/wp\/v2\/categories?post=34015"},{"taxonomy":"post_tag","embeddable":true,"href":"https:\/\/www.organisator.ch\/de\/wp-json\/wp\/v2\/tags?post=34015"}],"curies":[{"name":"wp","href":"https:\/\/api.w.org\/{rel}","templated":true}]}}