{"id":34034,"date":"2024-11-27T09:25:30","date_gmt":"2024-11-27T08:25:30","guid":{"rendered":"https:\/\/www.organisator.ch\/?p=34034"},"modified":"2024-11-26T16:25:43","modified_gmt":"2024-11-26T15:25:43","slug":"neue-wege-fuer-digitale-zukunftskompetenzen","status":"publish","type":"post","link":"https:\/\/www.organisator.ch\/de\/weiterbildung\/2024-11-27\/neue-wege-fuer-digitale-zukunftskompetenzen\/","title":{"rendered":"Neue Wege f\u00fcr digitale Zukunftskompetenzen"},"content":{"rendered":"<figure id=\"attachment_34035\" aria-describedby=\"caption-attachment-34035\" style=\"width: 680px\" class=\"wp-caption alignnone\"><img loading=\"lazy\" decoding=\"async\" class=\"size-full wp-image-34035\" src=\"https:\/\/www.organisator.ch\/wp-content\/uploads\/2024\/11\/FHNW_Bild1_ps.jpg\" alt=\"\" width=\"680\" height=\"348\" srcset=\"https:\/\/www.organisator.ch\/wp-content\/uploads\/2024\/11\/FHNW_Bild1_ps.jpg 680w, https:\/\/www.organisator.ch\/wp-content\/uploads\/2024\/11\/FHNW_Bild1_ps-18x9.jpg 18w, https:\/\/www.organisator.ch\/wp-content\/uploads\/2024\/11\/FHNW_Bild1_ps-375x192.jpg 375w\" sizes=\"auto, (max-width: 680px) 100vw, 680px\" \/><figcaption id=\"caption-attachment-34035\" class=\"wp-caption-text\">Neue MAS-Programme st\u00e4rken IT-Fachkr\u00e4fte in der Schweiz. Fokus auf Cybersecurity und digitale F\u00fchrungskompetenzen. (Bild: FHNW)<\/figcaption><\/figure>\n<p>Die Programme wurden entwickelt, um den akuten Fachkr\u00e4ftemangel in der IT-Branche anzugehen und die Wettbewerbsf\u00e4higkeit der Schweizer Wirtschaft zu st\u00e4rken. W\u00e4hrend der MAS Leadership in Cybersecurity gezielt die wachsende Bedrohung durch Cyber-Attacken adressiert, konzentriert sich der MAS Digital Leadership in IT auf die F\u00f6rderung von F\u00fchrungskompetenzen f\u00fcr die digitale Transformation. Beide Programme sind auf Zukunftskompetenzen von Fach- und F\u00fchrungskr\u00e4ften sowie auf deren Organisationen abgestimmt.<\/p>\n<p>Die neuen Programme werden die Kompetenzprofile der Absolvierenden in einer sich rasch wandelnden und herausfordernden digitalen Welt sch\u00e4rfen. Das Besondere an den neuen MAS-Programmen ist ihr modularer und daher f\u00fcr die Absolvierenden flexibel zu buchender Aufbau.<\/p>\n<h3><strong>MAS Digital Leadership in IT<\/strong><\/h3>\n<p>Dieses Programm wurde f\u00fcr erfahrene IT-Fachkr\u00e4fte und F\u00fchrungspersonen entwickelt, die ihre strategischen und digitalen Managementf\u00e4higkeiten erweitern und ihre F\u00fchrungskompetenzen st\u00e4rken m\u00f6chten. Dabei fokussiert sich die Weiterbildung auf die Kernkompetenzen Technologie, Business und F\u00fchrung:<\/p>\n<ul>\n<li>Moderne menschenorientierte F\u00fchrung<\/li>\n<li>Technologie-Management<\/li>\n<li>Digitale Business Transformation<\/li>\n<\/ul>\n<p>In diesem Programm erwerben die Teilnehmenden zus\u00e4tzlich die international anerkannte Zertifizierung zum Agile Business Professional.<\/p>\n<h3><strong>MAS Leadership in Cybersecurity<\/strong><\/h3>\n<p>Dieses Programm wurde auf IT-Sicherheitsexperten und F\u00fchrungskr\u00e4fte zugeschnitten, die ihre Kompetenzen im strategischen Cybersecurity-Management ausbauen und F\u00fchrungspositionen \u00fcbernehmen m\u00f6chten. Die Teilnehmenden werden darauf vorbereitet, Security-Teams zu leiten, Awareness-Kampagnen zu gestalten und das Management bei strategischen Entscheidungen zu unterst\u00fctzen. Diese Weiterbildung fokussiert sich auf die Kernkompetenzen:<\/p>\n<ul>\n<li>Moderne menschenorientierte F\u00fchrung<\/li>\n<li>Cybersecurity-Management mit BSI-, ISO- und NIST-Standard<\/li>\n<li>Strategien und Betrieb von AI-gest\u00fctzter Cybersecurity<\/li>\n<\/ul>\n<p>In diesem Programm k\u00f6nnen die Teilnehmenden ausserdem folgende Zertifikate erwerben:<\/p>\n<ul>\n<li>Integrierte BSI- und ISO-Zertifizierungen<\/li>\n<li>Zertifizierung zum Agile Business Professional<\/li>\n<li>Audit, AI powered CyberTech integrierte Zertifizierung<\/li>\n<\/ul>\n<p><em>Quelle: <a href=\"http:\/\/www.fhnw.ch\">www.fhnw.ch<\/a><\/em><\/p>\n","protected":false},"excerpt":{"rendered":"<p>Mit zwei neuen modular aufgebauten Weiterbildungsprogrammen \u2013 dem Master of Advanced Studies (MAS) Digital Leadership in IT und dem MAS Leadership in Cybersecurity \u2013 reagiert die Hochschule f\u00fcr Wirtschaft der Fachhochschule Nordwestschweiz FHNW auf die dr\u00e4ngenden Anforderungen der digitalen Transformation unter Einbezug von k\u00fcnstlicher Intelligenz (AI).<\/p>\n","protected":false},"author":80,"featured_media":34035,"comment_status":"closed","ping_status":"closed","sticky":false,"template":"","format":"standard","meta":{"_acf_changed":false,"_yoast_wpseo_focuskw":"MAS-Programme","_yoast_wpseo_metadesc":"Neue MAS-Programme st\u00e4rken IT-Fachkr\u00e4fte in der Schweiz. Fokus auf Cybersecurity und digitale F\u00fchrungskompetenzen.","articlekey":"","footnotes":""},"categories":[30],"tags":[3047,192,1168,319,424,2576],"class_list":["post-34034","post","type-post","status-publish","format-standard","has-post-thumbnail","hentry","category-weiterbildung","tag-cybersecurity","tag-fachhochschulen","tag-fhnw","tag-kuenstliche-intelligenz","tag-schweiz","tag-wirtschaft"],"acf":[],"yoast_head":"<!-- This site is optimized with the Yoast SEO plugin v27.5 - https:\/\/yoast.com\/product\/yoast-seo-wordpress\/ -->\n<title>Neue Wege f\u00fcr digitale Zukunftskompetenzen - Organisator<\/title>\n<meta name=\"description\" content=\"Neue MAS-Programme st\u00e4rken IT-Fachkr\u00e4fte in der Schweiz. Fokus auf Cybersecurity und digitale F\u00fchrungskompetenzen.\" \/>\n<meta name=\"robots\" content=\"index, follow, max-snippet:-1, max-image-preview:large, max-video-preview:-1\" \/>\n<link rel=\"canonical\" href=\"https:\/\/www.organisator.ch\/de\/weiterbildung\/2024-11-27\/neue-wege-fuer-digitale-zukunftskompetenzen\/\" \/>\n<meta property=\"og:locale\" content=\"de_DE\" \/>\n<meta property=\"og:type\" content=\"article\" \/>\n<meta property=\"og:title\" content=\"Neue Wege f\u00fcr digitale Zukunftskompetenzen\" \/>\n<meta property=\"og:description\" content=\"Neue MAS-Programme st\u00e4rken IT-Fachkr\u00e4fte in der Schweiz. Fokus auf Cybersecurity und digitale F\u00fchrungskompetenzen.\" \/>\n<meta property=\"og:url\" content=\"https:\/\/www.organisator.ch\/de\/weiterbildung\/2024-11-27\/neue-wege-fuer-digitale-zukunftskompetenzen\/\" \/>\n<meta property=\"og:site_name\" content=\"Organisator\" \/>\n<meta property=\"article:publisher\" content=\"https:\/\/www.facebook.com\/OrganisatorFachmagazin\" \/>\n<meta property=\"article:published_time\" content=\"2024-11-27T08:25:30+00:00\" \/>\n<meta property=\"og:image\" content=\"https:\/\/www.organisator.ch\/wp-content\/uploads\/2024\/11\/FHNW_Bild1_ps.jpg\" \/>\n\t<meta property=\"og:image:width\" content=\"680\" \/>\n\t<meta property=\"og:image:height\" content=\"348\" \/>\n\t<meta property=\"og:image:type\" content=\"image\/jpeg\" \/>\n<meta name=\"author\" content=\"Dzana Muminovic\" \/>\n<meta name=\"twitter:card\" content=\"summary_large_image\" \/>\n<meta name=\"twitter:title\" content=\"Neue Wege f\u00fcr digitale Zukunftskompetenzen\" \/>\n<meta name=\"twitter:description\" content=\"Neue #MAS-Programme st\u00e4rken #IT-Fachkr\u00e4fte in der #Schweiz. Fokus auf #Cybersecurity und digitale #F\u00fchrungskompetenzen.\" \/>\n<meta name=\"twitter:image\" content=\"https:\/\/www.organisator.ch\/wp-content\/uploads\/2024\/11\/FHNW_Bild1_ps.jpg\" \/>\n<script type=\"application\/ld+json\" class=\"yoast-schema-graph\">{\"@context\":\"https:\\\/\\\/schema.org\",\"@graph\":[{\"@type\":\"Article\",\"@id\":\"https:\\\/\\\/www.organisator.ch\\\/weiterbildung\\\/2024-11-27\\\/neue-wege-fuer-digitale-zukunftskompetenzen\\\/#article\",\"isPartOf\":{\"@id\":\"https:\\\/\\\/www.organisator.ch\\\/weiterbildung\\\/2024-11-27\\\/neue-wege-fuer-digitale-zukunftskompetenzen\\\/\"},\"author\":{\"name\":\"Dzana Muminovic\",\"@id\":\"https:\\\/\\\/www.organisator.ch\\\/#\\\/schema\\\/person\\\/afccda3a71c06d4be2ed9100dd163db7\"},\"headline\":\"Neue Wege f\u00fcr digitale Zukunftskompetenzen\",\"datePublished\":\"2024-11-27T08:25:30+00:00\",\"mainEntityOfPage\":{\"@id\":\"https:\\\/\\\/www.organisator.ch\\\/weiterbildung\\\/2024-11-27\\\/neue-wege-fuer-digitale-zukunftskompetenzen\\\/\"},\"wordCount\":313,\"publisher\":{\"@id\":\"https:\\\/\\\/www.organisator.ch\\\/#organization\"},\"image\":{\"@id\":\"https:\\\/\\\/www.organisator.ch\\\/weiterbildung\\\/2024-11-27\\\/neue-wege-fuer-digitale-zukunftskompetenzen\\\/#primaryimage\"},\"thumbnailUrl\":\"https:\\\/\\\/www.organisator.ch\\\/wp-content\\\/uploads\\\/2024\\\/11\\\/FHNW_Bild1_ps.jpg\",\"keywords\":[\"Cybersecurity\",\"Fachhochschulen\",\"FHNW\",\"K\u00fcnstliche Intelligenz\",\"Schweiz\",\"Wirtschaft\"],\"articleSection\":[\"WEITERBILDUNG\"],\"inLanguage\":\"de\"},{\"@type\":\"WebPage\",\"@id\":\"https:\\\/\\\/www.organisator.ch\\\/weiterbildung\\\/2024-11-27\\\/neue-wege-fuer-digitale-zukunftskompetenzen\\\/\",\"url\":\"https:\\\/\\\/www.organisator.ch\\\/weiterbildung\\\/2024-11-27\\\/neue-wege-fuer-digitale-zukunftskompetenzen\\\/\",\"name\":\"Neue Wege f\u00fcr digitale Zukunftskompetenzen - Organisator\",\"isPartOf\":{\"@id\":\"https:\\\/\\\/www.organisator.ch\\\/#website\"},\"primaryImageOfPage\":{\"@id\":\"https:\\\/\\\/www.organisator.ch\\\/weiterbildung\\\/2024-11-27\\\/neue-wege-fuer-digitale-zukunftskompetenzen\\\/#primaryimage\"},\"image\":{\"@id\":\"https:\\\/\\\/www.organisator.ch\\\/weiterbildung\\\/2024-11-27\\\/neue-wege-fuer-digitale-zukunftskompetenzen\\\/#primaryimage\"},\"thumbnailUrl\":\"https:\\\/\\\/www.organisator.ch\\\/wp-content\\\/uploads\\\/2024\\\/11\\\/FHNW_Bild1_ps.jpg\",\"datePublished\":\"2024-11-27T08:25:30+00:00\",\"description\":\"Neue MAS-Programme st\u00e4rken IT-Fachkr\u00e4fte in der Schweiz. Fokus auf Cybersecurity und digitale F\u00fchrungskompetenzen.\",\"breadcrumb\":{\"@id\":\"https:\\\/\\\/www.organisator.ch\\\/weiterbildung\\\/2024-11-27\\\/neue-wege-fuer-digitale-zukunftskompetenzen\\\/#breadcrumb\"},\"inLanguage\":\"de\",\"potentialAction\":[{\"@type\":\"ReadAction\",\"target\":[\"https:\\\/\\\/www.organisator.ch\\\/weiterbildung\\\/2024-11-27\\\/neue-wege-fuer-digitale-zukunftskompetenzen\\\/\"]}]},{\"@type\":\"ImageObject\",\"inLanguage\":\"de\",\"@id\":\"https:\\\/\\\/www.organisator.ch\\\/weiterbildung\\\/2024-11-27\\\/neue-wege-fuer-digitale-zukunftskompetenzen\\\/#primaryimage\",\"url\":\"https:\\\/\\\/www.organisator.ch\\\/wp-content\\\/uploads\\\/2024\\\/11\\\/FHNW_Bild1_ps.jpg\",\"contentUrl\":\"https:\\\/\\\/www.organisator.ch\\\/wp-content\\\/uploads\\\/2024\\\/11\\\/FHNW_Bild1_ps.jpg\",\"width\":680,\"height\":348,\"caption\":\"Neue MAS-Programme st\u00e4rken IT-Fachkr\u00e4fte in der Schweiz. Fokus auf Cybersecurity und digitale F\u00fchrungskompetenzen. (Bild: FHNW)\"},{\"@type\":\"BreadcrumbList\",\"@id\":\"https:\\\/\\\/www.organisator.ch\\\/weiterbildung\\\/2024-11-27\\\/neue-wege-fuer-digitale-zukunftskompetenzen\\\/#breadcrumb\",\"itemListElement\":[{\"@type\":\"ListItem\",\"position\":1,\"name\":\"Home\",\"item\":\"https:\\\/\\\/www.organisator.ch\\\/\"},{\"@type\":\"ListItem\",\"position\":2,\"name\":\"Neue Wege f\u00fcr digitale Zukunftskompetenzen\"}]},{\"@type\":\"WebSite\",\"@id\":\"https:\\\/\\\/www.organisator.ch\\\/#website\",\"url\":\"https:\\\/\\\/www.organisator.ch\\\/\",\"name\":\"Organisator\",\"description\":\"Kompetent. Praxisnah. Der ORGANISATOR bereitet in 10 Ausgaben pro Jahr die wesentlichen Themen f\u00fcr F\u00fchrungskr\u00e4fte von KMU auf.\",\"publisher\":{\"@id\":\"https:\\\/\\\/www.organisator.ch\\\/#organization\"},\"potentialAction\":[{\"@type\":\"SearchAction\",\"target\":{\"@type\":\"EntryPoint\",\"urlTemplate\":\"https:\\\/\\\/www.organisator.ch\\\/?s={search_term_string}\"},\"query-input\":{\"@type\":\"PropertyValueSpecification\",\"valueRequired\":true,\"valueName\":\"search_term_string\"}}],\"inLanguage\":\"de\"},{\"@type\":\"Organization\",\"@id\":\"https:\\\/\\\/www.organisator.ch\\\/#organization\",\"name\":\"Organisator\",\"url\":\"https:\\\/\\\/www.organisator.ch\\\/\",\"logo\":{\"@type\":\"ImageObject\",\"inLanguage\":\"de\",\"@id\":\"https:\\\/\\\/www.organisator.ch\\\/#\\\/schema\\\/logo\\\/image\\\/\",\"url\":\"https:\\\/\\\/www.organisator.ch\\\/wp-content\\\/uploads\\\/2022\\\/01\\\/Logo_Organisator_Website.png\",\"contentUrl\":\"https:\\\/\\\/www.organisator.ch\\\/wp-content\\\/uploads\\\/2022\\\/01\\\/Logo_Organisator_Website.png\",\"width\":800,\"height\":77,\"caption\":\"Organisator\"},\"image\":{\"@id\":\"https:\\\/\\\/www.organisator.ch\\\/#\\\/schema\\\/logo\\\/image\\\/\"},\"sameAs\":[\"https:\\\/\\\/www.facebook.com\\\/OrganisatorFachmagazin\",\"https:\\\/\\\/www.linkedin.com\\\/showcase\\\/organisator-das-magazin-fr-kmu\",\"https:\\\/\\\/www.xing.com\\\/news\\\/pages\\\/organisator-ch-695\",\"https:\\\/\\\/www.youtube.com\\\/channel\\\/UCGP2Sq0iWaZwT3BdIAQFYpw\"]},{\"@type\":\"Person\",\"@id\":\"https:\\\/\\\/www.organisator.ch\\\/#\\\/schema\\\/person\\\/afccda3a71c06d4be2ed9100dd163db7\",\"name\":\"Dzana Muminovic\",\"image\":{\"@type\":\"ImageObject\",\"inLanguage\":\"de\",\"@id\":\"https:\\\/\\\/secure.gravatar.com\\\/avatar\\\/909c5c71aff4b38e88686f2ab2f1ba152571f394f41ed8bae431ea56ced93050?s=96&d=mm&r=g\",\"url\":\"https:\\\/\\\/secure.gravatar.com\\\/avatar\\\/909c5c71aff4b38e88686f2ab2f1ba152571f394f41ed8bae431ea56ced93050?s=96&d=mm&r=g\",\"contentUrl\":\"https:\\\/\\\/secure.gravatar.com\\\/avatar\\\/909c5c71aff4b38e88686f2ab2f1ba152571f394f41ed8bae431ea56ced93050?s=96&d=mm&r=g\",\"caption\":\"Dzana Muminovic\"},\"url\":\"https:\\\/\\\/www.organisator.ch\\\/de\\\/author\\\/dzana-muminovic\\\/\"}]}<\/script>\n<!-- \/ Yoast SEO plugin. -->","yoast_head_json":{"title":"Neue Wege f\u00fcr digitale Zukunftskompetenzen - Organisator","description":"Neue MAS-Programme st\u00e4rken IT-Fachkr\u00e4fte in der Schweiz. Fokus auf Cybersecurity und digitale F\u00fchrungskompetenzen.","robots":{"index":"index","follow":"follow","max-snippet":"max-snippet:-1","max-image-preview":"max-image-preview:large","max-video-preview":"max-video-preview:-1"},"canonical":"https:\/\/www.organisator.ch\/de\/weiterbildung\/2024-11-27\/neue-wege-fuer-digitale-zukunftskompetenzen\/","og_locale":"de_DE","og_type":"article","og_title":"Neue Wege f\u00fcr digitale Zukunftskompetenzen","og_description":"Neue MAS-Programme st\u00e4rken IT-Fachkr\u00e4fte in der Schweiz. Fokus auf Cybersecurity und digitale F\u00fchrungskompetenzen.","og_url":"https:\/\/www.organisator.ch\/de\/weiterbildung\/2024-11-27\/neue-wege-fuer-digitale-zukunftskompetenzen\/","og_site_name":"Organisator","article_publisher":"https:\/\/www.facebook.com\/OrganisatorFachmagazin","article_published_time":"2024-11-27T08:25:30+00:00","og_image":[{"width":680,"height":348,"url":"https:\/\/www.organisator.ch\/wp-content\/uploads\/2024\/11\/FHNW_Bild1_ps.jpg","type":"image\/jpeg"}],"author":"Dzana Muminovic","twitter_card":"summary_large_image","twitter_title":"Neue Wege f\u00fcr digitale Zukunftskompetenzen","twitter_description":"Neue #MAS-Programme st\u00e4rken #IT-Fachkr\u00e4fte in der #Schweiz. Fokus auf #Cybersecurity und digitale #F\u00fchrungskompetenzen.","twitter_image":"https:\/\/www.organisator.ch\/wp-content\/uploads\/2024\/11\/FHNW_Bild1_ps.jpg","schema":{"@context":"https:\/\/schema.org","@graph":[{"@type":"Article","@id":"https:\/\/www.organisator.ch\/weiterbildung\/2024-11-27\/neue-wege-fuer-digitale-zukunftskompetenzen\/#article","isPartOf":{"@id":"https:\/\/www.organisator.ch\/weiterbildung\/2024-11-27\/neue-wege-fuer-digitale-zukunftskompetenzen\/"},"author":{"name":"Dzana Muminovic","@id":"https:\/\/www.organisator.ch\/#\/schema\/person\/afccda3a71c06d4be2ed9100dd163db7"},"headline":"Neue Wege f\u00fcr digitale Zukunftskompetenzen","datePublished":"2024-11-27T08:25:30+00:00","mainEntityOfPage":{"@id":"https:\/\/www.organisator.ch\/weiterbildung\/2024-11-27\/neue-wege-fuer-digitale-zukunftskompetenzen\/"},"wordCount":313,"publisher":{"@id":"https:\/\/www.organisator.ch\/#organization"},"image":{"@id":"https:\/\/www.organisator.ch\/weiterbildung\/2024-11-27\/neue-wege-fuer-digitale-zukunftskompetenzen\/#primaryimage"},"thumbnailUrl":"https:\/\/www.organisator.ch\/wp-content\/uploads\/2024\/11\/FHNW_Bild1_ps.jpg","keywords":["Cybersecurity","Fachhochschulen","FHNW","K\u00fcnstliche Intelligenz","Schweiz","Wirtschaft"],"articleSection":["WEITERBILDUNG"],"inLanguage":"de"},{"@type":"WebPage","@id":"https:\/\/www.organisator.ch\/weiterbildung\/2024-11-27\/neue-wege-fuer-digitale-zukunftskompetenzen\/","url":"https:\/\/www.organisator.ch\/weiterbildung\/2024-11-27\/neue-wege-fuer-digitale-zukunftskompetenzen\/","name":"Neue Wege f\u00fcr digitale Zukunftskompetenzen - Organisator","isPartOf":{"@id":"https:\/\/www.organisator.ch\/#website"},"primaryImageOfPage":{"@id":"https:\/\/www.organisator.ch\/weiterbildung\/2024-11-27\/neue-wege-fuer-digitale-zukunftskompetenzen\/#primaryimage"},"image":{"@id":"https:\/\/www.organisator.ch\/weiterbildung\/2024-11-27\/neue-wege-fuer-digitale-zukunftskompetenzen\/#primaryimage"},"thumbnailUrl":"https:\/\/www.organisator.ch\/wp-content\/uploads\/2024\/11\/FHNW_Bild1_ps.jpg","datePublished":"2024-11-27T08:25:30+00:00","description":"Neue MAS-Programme st\u00e4rken IT-Fachkr\u00e4fte in der Schweiz. Fokus auf Cybersecurity und digitale F\u00fchrungskompetenzen.","breadcrumb":{"@id":"https:\/\/www.organisator.ch\/weiterbildung\/2024-11-27\/neue-wege-fuer-digitale-zukunftskompetenzen\/#breadcrumb"},"inLanguage":"de","potentialAction":[{"@type":"ReadAction","target":["https:\/\/www.organisator.ch\/weiterbildung\/2024-11-27\/neue-wege-fuer-digitale-zukunftskompetenzen\/"]}]},{"@type":"ImageObject","inLanguage":"de","@id":"https:\/\/www.organisator.ch\/weiterbildung\/2024-11-27\/neue-wege-fuer-digitale-zukunftskompetenzen\/#primaryimage","url":"https:\/\/www.organisator.ch\/wp-content\/uploads\/2024\/11\/FHNW_Bild1_ps.jpg","contentUrl":"https:\/\/www.organisator.ch\/wp-content\/uploads\/2024\/11\/FHNW_Bild1_ps.jpg","width":680,"height":348,"caption":"Neue MAS-Programme st\u00e4rken IT-Fachkr\u00e4fte in der Schweiz. Fokus auf Cybersecurity und digitale F\u00fchrungskompetenzen. (Bild: FHNW)"},{"@type":"BreadcrumbList","@id":"https:\/\/www.organisator.ch\/weiterbildung\/2024-11-27\/neue-wege-fuer-digitale-zukunftskompetenzen\/#breadcrumb","itemListElement":[{"@type":"ListItem","position":1,"name":"Home","item":"https:\/\/www.organisator.ch\/"},{"@type":"ListItem","position":2,"name":"Neue Wege f\u00fcr digitale Zukunftskompetenzen"}]},{"@type":"WebSite","@id":"https:\/\/www.organisator.ch\/#website","url":"https:\/\/www.organisator.ch\/","name":"Organisator","description":"Kompetent. Praxisnah. Der ORGANISATOR bereitet in 10 Ausgaben pro Jahr die wesentlichen Themen f\u00fcr F\u00fchrungskr\u00e4fte von KMU auf.","publisher":{"@id":"https:\/\/www.organisator.ch\/#organization"},"potentialAction":[{"@type":"SearchAction","target":{"@type":"EntryPoint","urlTemplate":"https:\/\/www.organisator.ch\/?s={search_term_string}"},"query-input":{"@type":"PropertyValueSpecification","valueRequired":true,"valueName":"search_term_string"}}],"inLanguage":"de"},{"@type":"Organization","@id":"https:\/\/www.organisator.ch\/#organization","name":"Organisator","url":"https:\/\/www.organisator.ch\/","logo":{"@type":"ImageObject","inLanguage":"de","@id":"https:\/\/www.organisator.ch\/#\/schema\/logo\/image\/","url":"https:\/\/www.organisator.ch\/wp-content\/uploads\/2022\/01\/Logo_Organisator_Website.png","contentUrl":"https:\/\/www.organisator.ch\/wp-content\/uploads\/2022\/01\/Logo_Organisator_Website.png","width":800,"height":77,"caption":"Organisator"},"image":{"@id":"https:\/\/www.organisator.ch\/#\/schema\/logo\/image\/"},"sameAs":["https:\/\/www.facebook.com\/OrganisatorFachmagazin","https:\/\/www.linkedin.com\/showcase\/organisator-das-magazin-fr-kmu","https:\/\/www.xing.com\/news\/pages\/organisator-ch-695","https:\/\/www.youtube.com\/channel\/UCGP2Sq0iWaZwT3BdIAQFYpw"]},{"@type":"Person","@id":"https:\/\/www.organisator.ch\/#\/schema\/person\/afccda3a71c06d4be2ed9100dd163db7","name":"Dzana Muminovic","image":{"@type":"ImageObject","inLanguage":"de","@id":"https:\/\/secure.gravatar.com\/avatar\/909c5c71aff4b38e88686f2ab2f1ba152571f394f41ed8bae431ea56ced93050?s=96&d=mm&r=g","url":"https:\/\/secure.gravatar.com\/avatar\/909c5c71aff4b38e88686f2ab2f1ba152571f394f41ed8bae431ea56ced93050?s=96&d=mm&r=g","contentUrl":"https:\/\/secure.gravatar.com\/avatar\/909c5c71aff4b38e88686f2ab2f1ba152571f394f41ed8bae431ea56ced93050?s=96&d=mm&r=g","caption":"Dzana Muminovic"},"url":"https:\/\/www.organisator.ch\/de\/author\/dzana-muminovic\/"}]}},"_links":{"self":[{"href":"https:\/\/www.organisator.ch\/de\/wp-json\/wp\/v2\/posts\/34034","targetHints":{"allow":["GET"]}}],"collection":[{"href":"https:\/\/www.organisator.ch\/de\/wp-json\/wp\/v2\/posts"}],"about":[{"href":"https:\/\/www.organisator.ch\/de\/wp-json\/wp\/v2\/types\/post"}],"author":[{"embeddable":true,"href":"https:\/\/www.organisator.ch\/de\/wp-json\/wp\/v2\/users\/80"}],"replies":[{"embeddable":true,"href":"https:\/\/www.organisator.ch\/de\/wp-json\/wp\/v2\/comments?post=34034"}],"version-history":[{"count":3,"href":"https:\/\/www.organisator.ch\/de\/wp-json\/wp\/v2\/posts\/34034\/revisions"}],"predecessor-version":[{"id":34075,"href":"https:\/\/www.organisator.ch\/de\/wp-json\/wp\/v2\/posts\/34034\/revisions\/34075"}],"wp:featuredmedia":[{"embeddable":true,"href":"https:\/\/www.organisator.ch\/de\/wp-json\/wp\/v2\/media\/34035"}],"wp:attachment":[{"href":"https:\/\/www.organisator.ch\/de\/wp-json\/wp\/v2\/media?parent=34034"}],"wp:term":[{"taxonomy":"category","embeddable":true,"href":"https:\/\/www.organisator.ch\/de\/wp-json\/wp\/v2\/categories?post=34034"},{"taxonomy":"post_tag","embeddable":true,"href":"https:\/\/www.organisator.ch\/de\/wp-json\/wp\/v2\/tags?post=34034"}],"curies":[{"name":"wp","href":"https:\/\/api.w.org\/{rel}","templated":true}]}}