{"id":3405,"date":"2020-10-07T12:52:17","date_gmt":"2020-10-07T10:52:17","guid":{"rendered":"https:\/\/www.umweltperspektiven.ch\/?p=3405"},"modified":"2020-10-07T12:52:17","modified_gmt":"2020-10-07T10:52:17","slug":"erstes-virtual-reality-glacier-experience-besucherzentrum-eroeffnet","status":"publish","type":"post","link":"https:\/\/www.organisator.ch\/de\/allgemein\/2020-10-07\/erstes-virtual-reality-glacier-experience-besucherzentrum-eroeffnet\/","title":{"rendered":"Erstes \u00abVirtual Reality Glacier Experience\u00bb Besucherzentrum er\u00f6ffnet"},"content":{"rendered":"<figure id=\"attachment_3406\" aria-describedby=\"caption-attachment-3406\" style=\"width: 680px\" class=\"wp-caption alignnone\"><img loading=\"lazy\" decoding=\"async\" class=\"wp-image-3406 size-medium\" src=\"\/\/www.umweltperspektiven.ch\/wp-content\/uploads\/2020\/10\/vrge-glacierexperience-auszug-gletscher-rgb.jpg\" alt=\"\" width=\"680\" height=\"412\" \/><figcaption id=\"caption-attachment-3406\" class=\"wp-caption-text\">Im neuen Gletscher-Besucherzentrum in Pontresina erlebt man mittels Virtual Reality Eindr\u00fccke, die sonst nur Glaziologen mitbekommen. (Quelle: GKB)<\/figcaption><\/figure>\n<p>Die interaktive Ausstellung Virtual Reality Glacier Experience gibt Antworten rund um die Themen Gletscher und Wasser und nimmt Besucher mit auf eine Reise durch Raum und Zeit. Interessierte k\u00f6nnen in die Vergangenheit und Zukunft eintauchen und das Gebiet rund um den Morteratschgletscher in vier virtuellen Touren erleben. Anhand unterschiedlicher Klimaszenarien wird der R\u00fcckzug der Gletscherzunge aufgezeigt. Es wird verdeutlicht, was mit dem Gletscherpflegeprojekt MortAlive des Glaziologen Felix Keller m\u00f6glich w\u00e4re. Die Idee von MortAlive: die Gletscherzunge im Sommer mit technischem Schnee aus Schmelzwasser zu beschneien und dadurch die Eisschicht zu sch\u00fctzen. Und dies alles ohne Strom.<\/p>\n<p>\u00abMit der neuen Attraktion sensibilisieren wir so anschaulich f\u00fcr die Gletscherschmelze sowie f\u00fcr die Notwendigkeit von Pioniertaten. Fundierte Wissenschaft gepaart mit modernster Wissensvermittlung bildet genau die Innovation, welche die Graub\u00fcndner Kantonalbank unterst\u00fctzen will\u00bb, sagt GKB CEO Daniel Fust. Ob Gross oder Klein, lokal oder international, dieses Thema geht alle an.Zu ihrem Jubil\u00e4um hat die Graub\u00fcndner Kantonalbank zusammen mit namhaften Partnern einen Ort geschaffen, der die Klimathematik erlebbar macht. In den letzten zwei Jahren ist im ehemaligen Restaurant an der Diavolezza-Talstation eine Attraktion entstanden, die \u2013 im Sinne des Bankjubil\u00e4ums \u2013 nachhaltig Zeichen setzen soll: \u00abDank dem virtuellen Gletschererlebnis erfahren Besucher, wie wichtig das Thema der Entw\u00e4sserung auf der ganzen Welt ist und welche Gedanken man sich in Graub\u00fcnden macht, um dieser Herausforderung vor Ort zu begegnen\u00bb, so Bankpr\u00e4sident Peter Fanconi. Inmitten der rauen Natur und dem imposanten Berninamassiv erziele ein solches Besucherzentrum die optimale Wirkung, denn hier sei man am Ort des Geschehens.<\/p>\n<p>&nbsp;<\/p>\n<table style=\"height: 1530px;\" width=\"1125\">\n<tbody>\n<tr>\n<td><\/td>\n<\/tr>\n<tr>\n<td><\/td>\n<\/tr>\n<tr>\n<td>&nbsp;<\/p>\n<figure id=\"attachment_3407\" aria-describedby=\"caption-attachment-3407\" style=\"width: 500px\" class=\"wp-caption alignnone\"><img loading=\"lazy\" decoding=\"async\" class=\"wp-image-3407 size-full\" src=\"\/\/www.umweltperspektiven.ch\/wp-content\/uploads\/2020\/10\/Pontresina-VR-Glacier-Zentrum-UP_Umwelt-Perspektiven.jpg\" alt=\"\" width=\"500\" height=\"340\" srcset=\"https:\/\/www.organisator.ch\/wp-content\/uploads\/2020\/10\/Pontresina-VR-Glacier-Zentrum-UP_Umwelt-Perspektiven.jpg 500w, https:\/\/www.organisator.ch\/wp-content\/uploads\/2020\/10\/Pontresina-VR-Glacier-Zentrum-UP_Umwelt-Perspektiven-18x12.jpg 18w, https:\/\/www.organisator.ch\/wp-content\/uploads\/2020\/10\/Pontresina-VR-Glacier-Zentrum-UP_Umwelt-Perspektiven-257x175.jpg 257w, https:\/\/www.organisator.ch\/wp-content\/uploads\/2020\/10\/Pontresina-VR-Glacier-Zentrum-UP_Umwelt-Perspektiven-300x204.jpg 300w\" sizes=\"auto, (max-width: 500px) 100vw, 500px\" \/><figcaption id=\"caption-attachment-3407\" class=\"wp-caption-text\">GKB Bankpr\u00e4sident Peter Fanconi, GKB CEO Daniel Fust und Markus Moser, CEO Diavolezza Lagalb AG, er\u00f6ffnen die \u00abVirtual Reality Glacier Experience\u00bb (von links).<\/figcaption><\/figure>\n<p style=\"font-style: inherit; font-weight: inherit;\"><strong style=\"font-style: inherit;\">Zeitreise rund um Gletscher und Wasser<\/strong><\/p>\n<p style=\"font-style: inherit; font-weight: inherit;\">Die interaktive Ausstellung zeigt auf, welche Auswirkungen der Klimawandel auf das Hochgebirge hat. \u00abAls Bank der B\u00fcndnerinnen und B\u00fcndner agieren wir nat\u00fcrlich im Sinne der Wirtschaft, aber stets im Einklang mit der Natur und Umwelt\u00bb, erl\u00e4utert Daniel Fust. Und er betont weiter: \u00abWasser ist die Lebensader des Kantons, Eis hat unsere T\u00e4ler geformt, das Mineralwasser geh\u00f6rt zu den besten und die Wasserkraft versorgt uns zuverl\u00e4ssig mit Energie.\u00bb Auf rund 250 Quadratmetern erleben die Besucher eine Zeitreise von der Vergangenheit bis in die Zukunft. M\u00f6gliche Szenarien zur Ver\u00e4nderung des Morteratschgletschers von 1875 bis 2100 lassen sich mit der Virtual Reality Brille oder am Holoscreen entdecken. Die Besucher k\u00f6nnen sich aktiv einbringen und beispielsweise beim Z\u00e4hlen der Schneeh\u00fchner helfen. Auch eine Schweizer Innovation ist in der VR Glacier Experience greifbar: NESSy ZeroE. Die patentierte Schneilanze produziert technischen Schnee ohne Strom. Welche Bedeutung dieser Erfindung zukommt, wird durch MortAlive deutlich, einem Projekt zur weltweiten Gletscherrettung.<\/p>\n<p style=\"font-style: inherit; font-weight: inherit;\"><strong style=\"font-style: inherit;\">Wissenschaft hautnah erleben<\/strong><\/p>\n<p style=\"font-style: inherit; font-weight: inherit;\">Die wissenschaftlich fundierte Ausstellung wurde m\u00f6glich durch die enge Zusammenarbeit mit der Z\u00fcrcher Hochschule der K\u00fcnste und der Universit\u00e4t Freiburg. Gemeinsam entwickelten sie in den letzten zwei Jahren detaillierte Gletschermodelle und erschufen die virtuelle Welt rund um den Morteratschgletscher in Pontresina. Ab dem 10. Oktober 2020 ist die Virtual Reality Glacier Experience an der Talstation der Diavolezza Bergbahnen t\u00e4glich f\u00fcr Einzelpersonen, Familien und Gruppen ge\u00f6ffnet. Der Eintritt ist kostenlos.<\/p>\n<p>&nbsp;<\/p>\n<figure id=\"attachment_3408\" aria-describedby=\"caption-attachment-3408\" style=\"width: 680px\" class=\"wp-caption alignnone\"><img loading=\"lazy\" decoding=\"async\" class=\"wp-image-3408 size-medium\" src=\"\/\/www.umweltperspektiven.ch\/wp-content\/uploads\/2020\/10\/vrge-glacierexperience-ansicht-vrstationen-cmyk.jpg\" alt=\"\" width=\"680\" height=\"492\" \/><figcaption id=\"caption-attachment-3408\" class=\"wp-caption-text\">Eine neue, interaktive Ausstellung in Pontresina im Oberengadin zeigt die Auswirkungen des Klimawandels. (Alle Bilder von GKB)<\/figcaption><\/figure>\n<p style=\"font-style: inherit; font-weight: inherit;\"><a style=\"font-style: inherit; font-weight: inherit;\" href=\"\/\/www.glacierexperience.com\/medien\">www.glacierexperience.com\/medien<\/a><\/p>\n<\/td>\n<\/tr>\n<\/tbody>\n<\/table>\n","protected":false},"excerpt":{"rendered":"<p>Die interaktive Ausstellung Virtual Reality Glacier Experience gibt Antworten rund um die Themen Gletscher und Wasser und nimmt Besucher mit auf eine Reise durch Raum und Zeit. Interessierte k\u00f6nnen in die Vergangenheit und Zukunft eintauchen und das Gebiet rund um den Morteratschgletscher in vier virtuellen Touren erleben. Anhand unterschiedlicher Klimaszenarien wird der R\u00fcckzug der Gletscherzunge [&hellip;]<\/p>\n","protected":false},"author":5,"featured_media":3408,"comment_status":"closed","ping_status":"closed","sticky":false,"template":"","format":"standard","meta":{"_acf_changed":false,"_yoast_wpseo_focuskw":"Virtual Reality Glacier Experience","_yoast_wpseo_metadesc":"Die \u00abVirtual Reality Glacier Experience\u00bb bietet ab dem 10. Oktober 2020 eine weltweit einzigartige, virtuelle Zeitreise rund um den Morteratschgletscher.","articlekey":"","footnotes":""},"categories":[1],"tags":[1124,1297,1298,1532,424,2477],"class_list":["post-3405","post","type-post","status-publish","format-standard","has-post-thumbnail","hentry","category-allgemein","tag-eroeffnung","tag-gletscherforschung","tag-gletscherschmelze","tag-klimawandel","tag-schweiz","tag-virtual-reality"],"acf":[],"yoast_head":"<!-- This site is optimized with the Yoast SEO plugin v27.4 - https:\/\/yoast.com\/product\/yoast-seo-wordpress\/ -->\n<title>Erstes \u00abVirtual Reality Glacier Experience\u00bb Besucherzentrum er\u00f6ffnet - Organisator<\/title>\n<meta name=\"description\" content=\"Die \u00abVirtual Reality Glacier Experience\u00bb bietet ab dem 10. Oktober 2020 eine weltweit einzigartige, virtuelle Zeitreise rund um den Morteratschgletscher.\" \/>\n<meta name=\"robots\" content=\"index, follow, max-snippet:-1, max-image-preview:large, max-video-preview:-1\" \/>\n<link rel=\"canonical\" href=\"https:\/\/www.organisator.ch\/de\/allgemein\/2020-10-07\/erstes-virtual-reality-glacier-experience-besucherzentrum-eroeffnet\/\" \/>\n<meta property=\"og:locale\" content=\"de_DE\" \/>\n<meta property=\"og:type\" content=\"article\" \/>\n<meta property=\"og:title\" content=\"Erstes \u00abVirtual Reality Glacier Experience\u00bb Besucherzentrum er\u00f6ffnet - Organisator\" \/>\n<meta property=\"og:description\" content=\"Die \u00abVirtual Reality Glacier Experience\u00bb bietet ab dem 10. Oktober 2020 eine weltweit einzigartige, virtuelle Zeitreise rund um den Morteratschgletscher.\" \/>\n<meta property=\"og:url\" content=\"https:\/\/www.organisator.ch\/de\/allgemein\/2020-10-07\/erstes-virtual-reality-glacier-experience-besucherzentrum-eroeffnet\/\" \/>\n<meta property=\"og:site_name\" content=\"Organisator\" \/>\n<meta property=\"article:publisher\" content=\"https:\/\/www.facebook.com\/OrganisatorFachmagazin\" \/>\n<meta property=\"article:published_time\" content=\"2020-10-07T10:52:17+00:00\" \/>\n<meta property=\"og:image\" content=\"https:\/\/www.organisator.ch\/wp-content\/uploads\/2020\/10\/vrge-glacierexperience-ansicht-vrstationen-cmyk-scaled.jpg\" \/>\n\t<meta property=\"og:image:width\" content=\"2560\" \/>\n\t<meta property=\"og:image:height\" content=\"1851\" \/>\n\t<meta property=\"og:image:type\" content=\"image\/jpeg\" \/>\n<meta name=\"author\" content=\"michael.merz\" \/>\n<meta name=\"twitter:card\" content=\"summary_large_image\" \/>\n<script type=\"application\/ld+json\" class=\"yoast-schema-graph\">{\"@context\":\"https:\\\/\\\/schema.org\",\"@graph\":[{\"@type\":\"Article\",\"@id\":\"https:\\\/\\\/www.organisator.ch\\\/en\\\/general\\\/2020-10-07\\\/erstes-virtual-reality-glacier-experience-besucherzentrum-eroeffnet\\\/#article\",\"isPartOf\":{\"@id\":\"https:\\\/\\\/www.organisator.ch\\\/en\\\/general\\\/2020-10-07\\\/erstes-virtual-reality-glacier-experience-besucherzentrum-eroeffnet\\\/\"},\"author\":{\"name\":\"michael.merz\",\"@id\":\"https:\\\/\\\/www.organisator.ch\\\/#\\\/schema\\\/person\\\/134708ca9321c57b0362cceb7948ffbd\"},\"headline\":\"Erstes \u00abVirtual Reality Glacier Experience\u00bb Besucherzentrum er\u00f6ffnet\",\"datePublished\":\"2020-10-07T10:52:17+00:00\",\"mainEntityOfPage\":{\"@id\":\"https:\\\/\\\/www.organisator.ch\\\/en\\\/general\\\/2020-10-07\\\/erstes-virtual-reality-glacier-experience-besucherzentrum-eroeffnet\\\/\"},\"wordCount\":604,\"publisher\":{\"@id\":\"https:\\\/\\\/www.organisator.ch\\\/#organization\"},\"image\":{\"@id\":\"https:\\\/\\\/www.organisator.ch\\\/en\\\/general\\\/2020-10-07\\\/erstes-virtual-reality-glacier-experience-besucherzentrum-eroeffnet\\\/#primaryimage\"},\"thumbnailUrl\":\"https:\\\/\\\/www.organisator.ch\\\/wp-content\\\/uploads\\\/2020\\\/10\\\/vrge-glacierexperience-ansicht-vrstationen-cmyk-scaled.jpg\",\"keywords\":[\"Er\u00f6ffnung\",\"Gletscherforschung\",\"Gletscherschmelze\",\"Klimawandel\",\"Schweiz\",\"Virtual Reality\"],\"inLanguage\":\"de\"},{\"@type\":\"WebPage\",\"@id\":\"https:\\\/\\\/www.organisator.ch\\\/en\\\/general\\\/2020-10-07\\\/erstes-virtual-reality-glacier-experience-besucherzentrum-eroeffnet\\\/\",\"url\":\"https:\\\/\\\/www.organisator.ch\\\/en\\\/general\\\/2020-10-07\\\/erstes-virtual-reality-glacier-experience-besucherzentrum-eroeffnet\\\/\",\"name\":\"Erstes \u00abVirtual Reality Glacier Experience\u00bb Besucherzentrum er\u00f6ffnet - Organisator\",\"isPartOf\":{\"@id\":\"https:\\\/\\\/www.organisator.ch\\\/#website\"},\"primaryImageOfPage\":{\"@id\":\"https:\\\/\\\/www.organisator.ch\\\/en\\\/general\\\/2020-10-07\\\/erstes-virtual-reality-glacier-experience-besucherzentrum-eroeffnet\\\/#primaryimage\"},\"image\":{\"@id\":\"https:\\\/\\\/www.organisator.ch\\\/en\\\/general\\\/2020-10-07\\\/erstes-virtual-reality-glacier-experience-besucherzentrum-eroeffnet\\\/#primaryimage\"},\"thumbnailUrl\":\"https:\\\/\\\/www.organisator.ch\\\/wp-content\\\/uploads\\\/2020\\\/10\\\/vrge-glacierexperience-ansicht-vrstationen-cmyk-scaled.jpg\",\"datePublished\":\"2020-10-07T10:52:17+00:00\",\"description\":\"Die \u00abVirtual Reality Glacier Experience\u00bb bietet ab dem 10. Oktober 2020 eine weltweit einzigartige, virtuelle Zeitreise rund um den Morteratschgletscher.\",\"breadcrumb\":{\"@id\":\"https:\\\/\\\/www.organisator.ch\\\/en\\\/general\\\/2020-10-07\\\/erstes-virtual-reality-glacier-experience-besucherzentrum-eroeffnet\\\/#breadcrumb\"},\"inLanguage\":\"de\",\"potentialAction\":[{\"@type\":\"ReadAction\",\"target\":[\"https:\\\/\\\/www.organisator.ch\\\/en\\\/general\\\/2020-10-07\\\/erstes-virtual-reality-glacier-experience-besucherzentrum-eroeffnet\\\/\"]}]},{\"@type\":\"ImageObject\",\"inLanguage\":\"de\",\"@id\":\"https:\\\/\\\/www.organisator.ch\\\/en\\\/general\\\/2020-10-07\\\/erstes-virtual-reality-glacier-experience-besucherzentrum-eroeffnet\\\/#primaryimage\",\"url\":\"https:\\\/\\\/www.organisator.ch\\\/wp-content\\\/uploads\\\/2020\\\/10\\\/vrge-glacierexperience-ansicht-vrstationen-cmyk-scaled.jpg\",\"contentUrl\":\"https:\\\/\\\/www.organisator.ch\\\/wp-content\\\/uploads\\\/2020\\\/10\\\/vrge-glacierexperience-ansicht-vrstationen-cmyk-scaled.jpg\",\"width\":2560,\"height\":1851},{\"@type\":\"BreadcrumbList\",\"@id\":\"https:\\\/\\\/www.organisator.ch\\\/en\\\/general\\\/2020-10-07\\\/erstes-virtual-reality-glacier-experience-besucherzentrum-eroeffnet\\\/#breadcrumb\",\"itemListElement\":[{\"@type\":\"ListItem\",\"position\":1,\"name\":\"Home\",\"item\":\"https:\\\/\\\/www.organisator.ch\\\/\"},{\"@type\":\"ListItem\",\"position\":2,\"name\":\"Erstes \u00abVirtual Reality Glacier Experience\u00bb Besucherzentrum er\u00f6ffnet\"}]},{\"@type\":\"WebSite\",\"@id\":\"https:\\\/\\\/www.organisator.ch\\\/#website\",\"url\":\"https:\\\/\\\/www.organisator.ch\\\/\",\"name\":\"Organisator\",\"description\":\"Kompetent. Praxisnah. Der ORGANISATOR bereitet in 10 Ausgaben pro Jahr die wesentlichen Themen f\u00fcr F\u00fchrungskr\u00e4fte von KMU auf.\",\"publisher\":{\"@id\":\"https:\\\/\\\/www.organisator.ch\\\/#organization\"},\"potentialAction\":[{\"@type\":\"SearchAction\",\"target\":{\"@type\":\"EntryPoint\",\"urlTemplate\":\"https:\\\/\\\/www.organisator.ch\\\/?s={search_term_string}\"},\"query-input\":{\"@type\":\"PropertyValueSpecification\",\"valueRequired\":true,\"valueName\":\"search_term_string\"}}],\"inLanguage\":\"de\"},{\"@type\":\"Organization\",\"@id\":\"https:\\\/\\\/www.organisator.ch\\\/#organization\",\"name\":\"Organisator\",\"url\":\"https:\\\/\\\/www.organisator.ch\\\/\",\"logo\":{\"@type\":\"ImageObject\",\"inLanguage\":\"de\",\"@id\":\"https:\\\/\\\/www.organisator.ch\\\/#\\\/schema\\\/logo\\\/image\\\/\",\"url\":\"https:\\\/\\\/www.organisator.ch\\\/wp-content\\\/uploads\\\/2022\\\/01\\\/Logo_Organisator_Website.png\",\"contentUrl\":\"https:\\\/\\\/www.organisator.ch\\\/wp-content\\\/uploads\\\/2022\\\/01\\\/Logo_Organisator_Website.png\",\"width\":800,\"height\":77,\"caption\":\"Organisator\"},\"image\":{\"@id\":\"https:\\\/\\\/www.organisator.ch\\\/#\\\/schema\\\/logo\\\/image\\\/\"},\"sameAs\":[\"https:\\\/\\\/www.facebook.com\\\/OrganisatorFachmagazin\",\"https:\\\/\\\/www.linkedin.com\\\/showcase\\\/organisator-das-magazin-fr-kmu\",\"https:\\\/\\\/www.xing.com\\\/news\\\/pages\\\/organisator-ch-695\",\"https:\\\/\\\/www.youtube.com\\\/channel\\\/UCGP2Sq0iWaZwT3BdIAQFYpw\"]},{\"@type\":\"Person\",\"@id\":\"https:\\\/\\\/www.organisator.ch\\\/#\\\/schema\\\/person\\\/134708ca9321c57b0362cceb7948ffbd\",\"name\":\"michael.merz\",\"image\":{\"@type\":\"ImageObject\",\"inLanguage\":\"de\",\"@id\":\"https:\\\/\\\/secure.gravatar.com\\\/avatar\\\/?s=96&d=mm&r=g\",\"url\":\"https:\\\/\\\/secure.gravatar.com\\\/avatar\\\/?s=96&d=mm&r=g\",\"contentUrl\":\"https:\\\/\\\/secure.gravatar.com\\\/avatar\\\/?s=96&d=mm&r=g\",\"caption\":\"michael.merz\"},\"url\":\"https:\\\/\\\/www.organisator.ch\\\/de\\\/author\\\/michael-merz\\\/\"}]}<\/script>\n<!-- \/ Yoast SEO plugin. -->","yoast_head_json":{"title":"Erstes \u00abVirtual Reality Glacier Experience\u00bb Besucherzentrum er\u00f6ffnet - Organisator","description":"Die \u00abVirtual Reality Glacier Experience\u00bb bietet ab dem 10. Oktober 2020 eine weltweit einzigartige, virtuelle Zeitreise rund um den Morteratschgletscher.","robots":{"index":"index","follow":"follow","max-snippet":"max-snippet:-1","max-image-preview":"max-image-preview:large","max-video-preview":"max-video-preview:-1"},"canonical":"https:\/\/www.organisator.ch\/de\/allgemein\/2020-10-07\/erstes-virtual-reality-glacier-experience-besucherzentrum-eroeffnet\/","og_locale":"de_DE","og_type":"article","og_title":"Erstes \u00abVirtual Reality Glacier Experience\u00bb Besucherzentrum er\u00f6ffnet - Organisator","og_description":"Die \u00abVirtual Reality Glacier Experience\u00bb bietet ab dem 10. Oktober 2020 eine weltweit einzigartige, virtuelle Zeitreise rund um den Morteratschgletscher.","og_url":"https:\/\/www.organisator.ch\/de\/allgemein\/2020-10-07\/erstes-virtual-reality-glacier-experience-besucherzentrum-eroeffnet\/","og_site_name":"Organisator","article_publisher":"https:\/\/www.facebook.com\/OrganisatorFachmagazin","article_published_time":"2020-10-07T10:52:17+00:00","og_image":[{"width":2560,"height":1851,"url":"https:\/\/www.organisator.ch\/wp-content\/uploads\/2020\/10\/vrge-glacierexperience-ansicht-vrstationen-cmyk-scaled.jpg","type":"image\/jpeg"}],"author":"michael.merz","twitter_card":"summary_large_image","schema":{"@context":"https:\/\/schema.org","@graph":[{"@type":"Article","@id":"https:\/\/www.organisator.ch\/en\/general\/2020-10-07\/erstes-virtual-reality-glacier-experience-besucherzentrum-eroeffnet\/#article","isPartOf":{"@id":"https:\/\/www.organisator.ch\/en\/general\/2020-10-07\/erstes-virtual-reality-glacier-experience-besucherzentrum-eroeffnet\/"},"author":{"name":"michael.merz","@id":"https:\/\/www.organisator.ch\/#\/schema\/person\/134708ca9321c57b0362cceb7948ffbd"},"headline":"Erstes \u00abVirtual Reality Glacier Experience\u00bb Besucherzentrum er\u00f6ffnet","datePublished":"2020-10-07T10:52:17+00:00","mainEntityOfPage":{"@id":"https:\/\/www.organisator.ch\/en\/general\/2020-10-07\/erstes-virtual-reality-glacier-experience-besucherzentrum-eroeffnet\/"},"wordCount":604,"publisher":{"@id":"https:\/\/www.organisator.ch\/#organization"},"image":{"@id":"https:\/\/www.organisator.ch\/en\/general\/2020-10-07\/erstes-virtual-reality-glacier-experience-besucherzentrum-eroeffnet\/#primaryimage"},"thumbnailUrl":"https:\/\/www.organisator.ch\/wp-content\/uploads\/2020\/10\/vrge-glacierexperience-ansicht-vrstationen-cmyk-scaled.jpg","keywords":["Er\u00f6ffnung","Gletscherforschung","Gletscherschmelze","Klimawandel","Schweiz","Virtual Reality"],"inLanguage":"de"},{"@type":"WebPage","@id":"https:\/\/www.organisator.ch\/en\/general\/2020-10-07\/erstes-virtual-reality-glacier-experience-besucherzentrum-eroeffnet\/","url":"https:\/\/www.organisator.ch\/en\/general\/2020-10-07\/erstes-virtual-reality-glacier-experience-besucherzentrum-eroeffnet\/","name":"Erstes \u00abVirtual Reality Glacier Experience\u00bb Besucherzentrum er\u00f6ffnet - Organisator","isPartOf":{"@id":"https:\/\/www.organisator.ch\/#website"},"primaryImageOfPage":{"@id":"https:\/\/www.organisator.ch\/en\/general\/2020-10-07\/erstes-virtual-reality-glacier-experience-besucherzentrum-eroeffnet\/#primaryimage"},"image":{"@id":"https:\/\/www.organisator.ch\/en\/general\/2020-10-07\/erstes-virtual-reality-glacier-experience-besucherzentrum-eroeffnet\/#primaryimage"},"thumbnailUrl":"https:\/\/www.organisator.ch\/wp-content\/uploads\/2020\/10\/vrge-glacierexperience-ansicht-vrstationen-cmyk-scaled.jpg","datePublished":"2020-10-07T10:52:17+00:00","description":"Die \u00abVirtual Reality Glacier Experience\u00bb bietet ab dem 10. Oktober 2020 eine weltweit einzigartige, virtuelle Zeitreise rund um den Morteratschgletscher.","breadcrumb":{"@id":"https:\/\/www.organisator.ch\/en\/general\/2020-10-07\/erstes-virtual-reality-glacier-experience-besucherzentrum-eroeffnet\/#breadcrumb"},"inLanguage":"de","potentialAction":[{"@type":"ReadAction","target":["https:\/\/www.organisator.ch\/en\/general\/2020-10-07\/erstes-virtual-reality-glacier-experience-besucherzentrum-eroeffnet\/"]}]},{"@type":"ImageObject","inLanguage":"de","@id":"https:\/\/www.organisator.ch\/en\/general\/2020-10-07\/erstes-virtual-reality-glacier-experience-besucherzentrum-eroeffnet\/#primaryimage","url":"https:\/\/www.organisator.ch\/wp-content\/uploads\/2020\/10\/vrge-glacierexperience-ansicht-vrstationen-cmyk-scaled.jpg","contentUrl":"https:\/\/www.organisator.ch\/wp-content\/uploads\/2020\/10\/vrge-glacierexperience-ansicht-vrstationen-cmyk-scaled.jpg","width":2560,"height":1851},{"@type":"BreadcrumbList","@id":"https:\/\/www.organisator.ch\/en\/general\/2020-10-07\/erstes-virtual-reality-glacier-experience-besucherzentrum-eroeffnet\/#breadcrumb","itemListElement":[{"@type":"ListItem","position":1,"name":"Home","item":"https:\/\/www.organisator.ch\/"},{"@type":"ListItem","position":2,"name":"Erstes \u00abVirtual Reality Glacier Experience\u00bb Besucherzentrum er\u00f6ffnet"}]},{"@type":"WebSite","@id":"https:\/\/www.organisator.ch\/#website","url":"https:\/\/www.organisator.ch\/","name":"Organisator","description":"Kompetent. Praxisnah. Der ORGANISATOR bereitet in 10 Ausgaben pro Jahr die wesentlichen Themen f\u00fcr F\u00fchrungskr\u00e4fte von KMU auf.","publisher":{"@id":"https:\/\/www.organisator.ch\/#organization"},"potentialAction":[{"@type":"SearchAction","target":{"@type":"EntryPoint","urlTemplate":"https:\/\/www.organisator.ch\/?s={search_term_string}"},"query-input":{"@type":"PropertyValueSpecification","valueRequired":true,"valueName":"search_term_string"}}],"inLanguage":"de"},{"@type":"Organization","@id":"https:\/\/www.organisator.ch\/#organization","name":"Organisator","url":"https:\/\/www.organisator.ch\/","logo":{"@type":"ImageObject","inLanguage":"de","@id":"https:\/\/www.organisator.ch\/#\/schema\/logo\/image\/","url":"https:\/\/www.organisator.ch\/wp-content\/uploads\/2022\/01\/Logo_Organisator_Website.png","contentUrl":"https:\/\/www.organisator.ch\/wp-content\/uploads\/2022\/01\/Logo_Organisator_Website.png","width":800,"height":77,"caption":"Organisator"},"image":{"@id":"https:\/\/www.organisator.ch\/#\/schema\/logo\/image\/"},"sameAs":["https:\/\/www.facebook.com\/OrganisatorFachmagazin","https:\/\/www.linkedin.com\/showcase\/organisator-das-magazin-fr-kmu","https:\/\/www.xing.com\/news\/pages\/organisator-ch-695","https:\/\/www.youtube.com\/channel\/UCGP2Sq0iWaZwT3BdIAQFYpw"]},{"@type":"Person","@id":"https:\/\/www.organisator.ch\/#\/schema\/person\/134708ca9321c57b0362cceb7948ffbd","name":"michael.merz","image":{"@type":"ImageObject","inLanguage":"de","@id":"https:\/\/secure.gravatar.com\/avatar\/?s=96&d=mm&r=g","url":"https:\/\/secure.gravatar.com\/avatar\/?s=96&d=mm&r=g","contentUrl":"https:\/\/secure.gravatar.com\/avatar\/?s=96&d=mm&r=g","caption":"michael.merz"},"url":"https:\/\/www.organisator.ch\/de\/author\/michael-merz\/"}]}},"_links":{"self":[{"href":"https:\/\/www.organisator.ch\/de\/wp-json\/wp\/v2\/posts\/3405","targetHints":{"allow":["GET"]}}],"collection":[{"href":"https:\/\/www.organisator.ch\/de\/wp-json\/wp\/v2\/posts"}],"about":[{"href":"https:\/\/www.organisator.ch\/de\/wp-json\/wp\/v2\/types\/post"}],"author":[{"embeddable":true,"href":"https:\/\/www.organisator.ch\/de\/wp-json\/wp\/v2\/users\/5"}],"replies":[{"embeddable":true,"href":"https:\/\/www.organisator.ch\/de\/wp-json\/wp\/v2\/comments?post=3405"}],"version-history":[{"count":0,"href":"https:\/\/www.organisator.ch\/de\/wp-json\/wp\/v2\/posts\/3405\/revisions"}],"wp:featuredmedia":[{"embeddable":true,"href":"https:\/\/www.organisator.ch\/de\/wp-json\/wp\/v2\/media\/3408"}],"wp:attachment":[{"href":"https:\/\/www.organisator.ch\/de\/wp-json\/wp\/v2\/media?parent=3405"}],"wp:term":[{"taxonomy":"category","embeddable":true,"href":"https:\/\/www.organisator.ch\/de\/wp-json\/wp\/v2\/categories?post=3405"},{"taxonomy":"post_tag","embeddable":true,"href":"https:\/\/www.organisator.ch\/de\/wp-json\/wp\/v2\/tags?post=3405"}],"curies":[{"name":"wp","href":"https:\/\/api.w.org\/{rel}","templated":true}]}}