{"id":34090,"date":"2024-11-27T12:18:36","date_gmt":"2024-11-27T11:18:36","guid":{"rendered":"https:\/\/www.markt-kom.com\/?p=227149"},"modified":"2024-11-28T08:23:48","modified_gmt":"2024-11-28T07:23:48","slug":"studie-bezeichnet-digitalisierung-in-der-kommunikation-als-marathon","status":"publish","type":"post","link":"https:\/\/www.organisator.ch\/de\/marketing\/2024-11-27\/studie-bezeichnet-digitalisierung-in-der-kommunikation-als-marathon\/","title":{"rendered":"Studie bezeichnet Digitalisierung in der Kommunikation als Marathon"},"content":{"rendered":"<p><img class=\"aligncenter size-full wp-image-227150\" src=\"https:\/\/www.markt-kom.com\/wp-content\/uploads\/2024\/11\/CommTech-Index-Report-2024-2025-1.jpg\" sizes=\"(max-width: 1200px) 100vw, 1200px\" srcset=\"https:\/\/www.markt-kom.com\/wp-content\/uploads\/2024\/11\/CommTech-Index-Report-2024-2025-1.jpg 1200w, https:\/\/www.markt-kom.com\/wp-content\/uploads\/2024\/11\/CommTech-Index-Report-2024-2025-1-600x450.jpg 600w, https:\/\/www.markt-kom.com\/wp-content\/uploads\/2024\/11\/CommTech-Index-Report-2024-2025-1-1024x768.jpg 1024w, https:\/\/www.markt-kom.com\/wp-content\/uploads\/2024\/11\/CommTech-Index-Report-2024-2025-1-768x576.jpg 768w, https:\/\/www.markt-kom.com\/wp-content\/uploads\/2024\/11\/CommTech-Index-Report-2024-2025-1-16x12.jpg 16w, https:\/\/www.markt-kom.com\/wp-content\/uploads\/2024\/11\/CommTech-Index-Report-2024-2025-1-233x175.jpg 233w, https:\/\/www.markt-kom.com\/wp-content\/uploads\/2024\/11\/CommTech-Index-Report-2024-2025-1-467x350.jpg 467w, https:\/\/www.markt-kom.com\/wp-content\/uploads\/2024\/11\/CommTech-Index-Report-2024-2025-1-1000x750.jpg 1000w\" alt=\"\" width=\"1200\" height=\"900\" \/><\/p>\r\n<p>Obwohl der Index stagniert, finden Digitalisierungsprojekte auf breiter Front statt, was andere Daten aus der Befragung belegen. Insbesondere grosse PR-Agenturen haben verstanden, dass GenAI massive Auswirkungen auf ihr traditionelles Gesch\u00e4ftsmodell hat, und haben deshalb massiv investiert. Sie konnten damit ihren Indexwert von 44 auf 48 steigern und die Gesamtheit der Unternehmen \u00fcberholen. Im L\u00e4ndervergleich liegt die Schweiz mit einem Indexwert von 49 klar vorn, w\u00e4hrend \u00d6sterreich mit einem Indexwert von 44 minimal unter dem Wert von Deutschland mit 45 Indexpunkten abschneidet.<\/p>\r\n<p><strong>Digitalisierung als Marathon <\/strong><\/p>\r\n<p>Die Erkenntnis, dass die Digitalisierung kein Sprint, sondern ein Marathon ist, greift um sich und schl\u00e4gt sich in den Selbsteinsch\u00e4tzungen nieder, wo Unternehmen und Agenturen bei ihrer Digitalisierung stehen. Die zun\u00e4chst verbl\u00fcffendste Zahl ist der prozentuale R\u00fcckgang bei den grossen Kommunikationsabteilungen, die sich selbst als \u00abInnovatoren\u00bb bei der Digitalisierung verorten. Waren es 2023 noch 12 Prozent, die ihre digitale Transformation praktisch vollzogen zu haben glaubten, sind es in diesem Jahr nur noch 1 Prozent. \u00abEs setzt sich die Erkenntnis durch, dass Digitalisierung mehr Zeit und gr\u00f6ssere Anstrengungen erfordert, insbesondere, weil Technologiespr\u00fcnge \u2013 namentlich GenAI \u2013 die Latte noch mal deutlich anheben\u00bb, erkl\u00e4rt Thomas Mickeleit, Leiter der Arbeitsgemeinschaft CommTech.<\/p>\r\n<p>Zugleich gibt es Bewegung gerade bei den kleinen Organisationen. Sahen sich im Vorjahr noch 36 Prozent als \u00abNachz\u00fcgler\u00bb, sind es aktuell nur noch 20 Prozent. Daraus kann geschlossen werden, dass auch die kleinen Organisationen Digitalisierungsschritte unternommen haben. \u00abDoch eines ist klar: die grossen Kommunikationsabteilungen sind Pacesetter der Digitalisierung. Das zieht sich durch alle abgefragten Dimensionen\u00bb, so Caren Altpeter, Co-Vorsitzende des Arbeitskreis Digitales der Deutschen PR-Gesellschaft DPRG.<\/p>\r\n<p><strong>Steigende Investitionen KI<\/strong><\/p>\r\n<p>Geht es nach dem Willen der Befragten, die nicht alle \u00fcber Budgets entscheiden, wird es vor allem im Bereich KI-Tools, Schulungen und Trainings mehr Investitionen geben. Auf den ersten Blick erfreulich hoch ist die Investitionsbereitschaft bei der Prozess-Automatisierung sowie bei Owned Media und Content Creation. Doch der Vergleich mit dem Vorjahr ern\u00fcchtert: In allen Themen ausser KI-Tools und Schulung sinkt die Investitionsbereitschaft zum Teil drastisch. \u00abDas k\u00f6nnte zu einem Problem werden. Der starke Fokus auf Investitionen in KI verlangsamt die Digitalisierung in der Breite. Um den vollen Nutzen aus KI zu ziehen, bedarf es aber einer digitalen Infrastruktur, auf der KI-Tools aufsetzen\u00bb, warnt Dr. Andreas J\u00e4ggi, Gesch\u00e4ftsf\u00fchrer bei der Schweizer CommTech-Initiative ComImpact.<\/p>\r\n<p><strong>Gr\u00f6sste Hindernisse: Systemintegration und fehlende Kompetenzen <\/strong><\/p>\r\n<p>Die gr\u00f6sste Barriere der Digitalisierung bleibt die Integration der verschiedenen Systeme. Je gr\u00f6sser die Organisationen sind, umso bedeutender wird dieser Faktor. Allerdings werden die Barrieren von den Befragten durchg\u00e4ngig geringer eingesch\u00e4tzt, als dies im Vorjahr der Fall war. Viele der H\u00fcrden werden auf fehlende Kompetenzen und F\u00e4higkeiten im Team zur\u00fcckgef\u00fchrt. Von diesem Befund weicht die Selbsteinsch\u00e4tzung der Befragten stark ab, was ihre F\u00e4higkeit angeht, Technologien zu identifizieren, die f\u00fcr die Kommunikationsarbeit n\u00fctzlich sind. Eine Mehrheit von 54 Prozent ist der Meinung, sie seien daf\u00fcr gut oder sehr gut gewappnet. Es gilt daher umso mehr f\u00fcr Kommunikator:innen, hier genau ins Team zu schauen und m\u00f6gliche Kompetenzl\u00fccken zu schliessen<\/p>\r\n<p><strong>KI wird in der Kommunikation noch nicht strategisch genutzt <\/strong><\/p>\r\n<p>Das Interesse an KI ist gross und Kommunikator:innen stehen dem Thema sehr viel positiver gegen\u00fcber als die Gesamtheit der Bev\u00f6lkerung. 81 Prozent der Befragten dieser Untersuchung sehen KI als Chance f\u00fcr ihre Arbeit. Das schl\u00e4gt sich allerdings noch nicht in der tats\u00e4chlichen Nutzung nieder. Zwar nutzen mehr als die H\u00e4lfte (57 Prozent) generative KI am Arbeitsplatz \u00abgelegentlich\u00bb, aber nur bei 38 Prozent hat sich die KI als t\u00e4glicher, integraler Bestandteil der Arbeit etabliert. Bei PR-Agenturen ist dieser Wert mit 44 Prozent etwas h\u00f6her. Von einer strategischen Nutzung von KI kann noch nicht die Rede sein.<\/p>\r\n<p>Derzeit ist die \u00abProduktion von Texten\u00bb mit 90 Prozent die meistgenutzte Anwensung f\u00fcr generative KI. 71 Prozent sehen einen grossen oder sogar sehr grossen Nutzen in der Anwendung generativer KI. Kein einziger unter den Befragten gibt an, keinen Nutzen zu erkennen.<\/p>\r\n<p><strong>Wirkungsmessung bleibt eine Baustelle \u2013 es gibt aber Hoffnung<\/strong><\/p>\r\n<p>Gem\u00e4ss Befragung kennen nur 56 Prozent aller Kommunikationsabteilungen die Tonalit\u00e4t, mit der \u00fcber sie berichtet wird. Fast die H\u00e4lfte der Kommunikationsverantwortlichen kann damit nicht sagen, ob \u00fcber ihr Unternehmen gut oder schlecht gesprochen wird. Kennzahlen, die einem Erfolgsreporting deutlich n\u00e4herkommen \u2013 wie Reputation, Share of Voice oder Brand Value \u2013 werden nur von einer Minderheit genutzt. \u00abHier besteht also erheblicher Nachholbedarf, der dank K\u00fcnstlicher Intelligenz auch sehr schnell und mit geringem Budgeteinsatz gedeckt werden kann. Denn die daf\u00fcr notwendigen KI-Instrumente sind entwickelt und stehen \u00abim Regal\u00bb, sagt PRVA-Pr\u00e4sidentin Ingrid Gogl. Das scheint auch bei den Verantwortlichen angekommen zu sein, denn auf die Frage, welche Kennzahlen in 12 bis 18 Monaten erhoben werden sollen, legen Reputation (14 Prozent), Return on Investment (12 Prozent) und Brand Value (14 Prozent) zu. Am Ende immer noch niedrige Werte, doch ein Hoffnungsschimmer f\u00fcr eine weitere positive Entwicklung.<\/p>\r\n<hr \/>\r\n<p><em>Der CommTech Index ist Gradmesser f\u00fcr die Digitalisierung von Kommunikationsabteilungen und PR-Agenturen in Deutschland. Er wurde 2024 zum zweiten Mal erhoben, erstmals auch in \u00d6sterreich und der Schweiz. 352 Teilnehmende haben an der Befragung mitgewirkt. Der CommTech Index Survey wurde unterst\u00fctzt durch Convento, Dentsply Sirona, Institut f\u00fcr Management und Wirtschaftsforschung (IMWF), E.ON Deutschland sowie SwissRe.<\/em><\/p>\r\n<p><em>Der Report 2024\/2025 kann <a href=\"https:\/\/agcommtech.de\/commtech-index-report-2024-2025\" rel=\"noopener\">kostenlos auf der Website der AG CommTech runtergeladen werden<\/a>.<\/em><\/p>","protected":false},"excerpt":{"rendered":"<p>Trotz vielf\u00e4ltiger Digitalisierungsaktivit\u00e4ten in Kommunikationsabteilungen und PR-Agenturen verharrt der CommTech Index bei 45 von 100 Z\u00e4hlern. Das ist das Ergebnis des CommTech Index Surveys, einer Befragung unter Kommunikationsverantwortlichen in Unternehmen und PR-Agenturen im DACH-Raum.<\/p>\n","protected":false},"author":8,"featured_media":0,"comment_status":"closed","ping_status":"closed","sticky":false,"template":"","format":"standard","meta":{"_acf_changed":false,"_yoast_wpseo_focuskw":"Digitalisierung","_yoast_wpseo_metadesc":"Trotz stagnierendem Index investieren PR-Agenturen massiv in GenAI und steigern ihren Wert. Schweiz f\u00fchrt im L\u00e4ndervergleich.","articlekey":"","footnotes":""},"categories":[29],"tags":[4861,319,4343,459],"class_list":["post-34090","post","type-post","status-publish","format-standard","hentry","category-marketing","tag-commtech","tag-kuenstliche-intelligenz","tag-markom","tag-studie"],"acf":[],"yoast_head":"<!-- This site is optimized with the Yoast SEO plugin v27.5 - https:\/\/yoast.com\/product\/yoast-seo-wordpress\/ -->\n<title>Studie bezeichnet Digitalisierung in der Kommunikation als Marathon - Organisator<\/title>\n<meta name=\"description\" content=\"Trotz stagnierendem Index investieren PR-Agenturen massiv in GenAI und steigern ihren Wert. Schweiz f\u00fchrt im L\u00e4ndervergleich.\" \/>\n<meta name=\"robots\" content=\"index, follow, max-snippet:-1, max-image-preview:large, max-video-preview:-1\" \/>\n<link rel=\"canonical\" href=\"https:\/\/www.organisator.ch\/de\/marketing\/2024-11-27\/studie-bezeichnet-digitalisierung-in-der-kommunikation-als-marathon\/\" \/>\n<meta property=\"og:locale\" content=\"de_DE\" \/>\n<meta property=\"og:type\" content=\"article\" \/>\n<meta property=\"og:title\" content=\"Studie bezeichnet Digitalisierung in der Kommunikation als Marathon - Organisator\" \/>\n<meta property=\"og:description\" content=\"Trotz stagnierendem Index investieren PR-Agenturen massiv in GenAI und steigern ihren Wert. Schweiz f\u00fchrt im L\u00e4ndervergleich.\" \/>\n<meta property=\"og:url\" content=\"https:\/\/www.organisator.ch\/de\/marketing\/2024-11-27\/studie-bezeichnet-digitalisierung-in-der-kommunikation-als-marathon\/\" \/>\n<meta property=\"og:site_name\" content=\"Organisator\" \/>\n<meta property=\"article:publisher\" content=\"https:\/\/www.facebook.com\/OrganisatorFachmagazin\" \/>\n<meta property=\"article:published_time\" content=\"2024-11-27T11:18:36+00:00\" \/>\n<meta property=\"article:modified_time\" content=\"2024-11-28T07:23:48+00:00\" \/>\n<meta name=\"author\" content=\"galledia\" \/>\n<meta name=\"twitter:card\" content=\"summary_large_image\" \/>\n<meta name=\"twitter:creator\" content=\"@admin\" \/>\n<script type=\"application\/ld+json\" class=\"yoast-schema-graph\">{\"@context\":\"https:\\\/\\\/schema.org\",\"@graph\":[{\"@type\":\"Article\",\"@id\":\"https:\\\/\\\/www.organisator.ch\\\/marketing\\\/2024-11-27\\\/studie-bezeichnet-digitalisierung-in-der-kommunikation-als-marathon\\\/#article\",\"isPartOf\":{\"@id\":\"https:\\\/\\\/www.organisator.ch\\\/marketing\\\/2024-11-27\\\/studie-bezeichnet-digitalisierung-in-der-kommunikation-als-marathon\\\/\"},\"author\":{\"name\":\"galledia\",\"@id\":\"https:\\\/\\\/www.organisator.ch\\\/#\\\/schema\\\/person\\\/4e51799071cd2dd1232ac003643ef5f0\"},\"headline\":\"Studie bezeichnet Digitalisierung in der Kommunikation als Marathon\",\"datePublished\":\"2024-11-27T11:18:36+00:00\",\"dateModified\":\"2024-11-28T07:23:48+00:00\",\"mainEntityOfPage\":{\"@id\":\"https:\\\/\\\/www.organisator.ch\\\/marketing\\\/2024-11-27\\\/studie-bezeichnet-digitalisierung-in-der-kommunikation-als-marathon\\\/\"},\"wordCount\":884,\"publisher\":{\"@id\":\"https:\\\/\\\/www.organisator.ch\\\/#organization\"},\"image\":{\"@id\":\"https:\\\/\\\/www.organisator.ch\\\/marketing\\\/2024-11-27\\\/studie-bezeichnet-digitalisierung-in-der-kommunikation-als-marathon\\\/#primaryimage\"},\"thumbnailUrl\":\"https:\\\/\\\/www.markt-kom.com\\\/wp-content\\\/uploads\\\/2024\\\/11\\\/CommTech-Index-Report-2024-2025-1.jpg\",\"keywords\":[\"Commtech\",\"K\u00fcnstliche Intelligenz\",\"MarKom\",\"Studie\"],\"articleSection\":[\"MARKETING\"],\"inLanguage\":\"de\"},{\"@type\":\"WebPage\",\"@id\":\"https:\\\/\\\/www.organisator.ch\\\/marketing\\\/2024-11-27\\\/studie-bezeichnet-digitalisierung-in-der-kommunikation-als-marathon\\\/\",\"url\":\"https:\\\/\\\/www.organisator.ch\\\/marketing\\\/2024-11-27\\\/studie-bezeichnet-digitalisierung-in-der-kommunikation-als-marathon\\\/\",\"name\":\"Studie bezeichnet Digitalisierung in der Kommunikation als Marathon - Organisator\",\"isPartOf\":{\"@id\":\"https:\\\/\\\/www.organisator.ch\\\/#website\"},\"primaryImageOfPage\":{\"@id\":\"https:\\\/\\\/www.organisator.ch\\\/marketing\\\/2024-11-27\\\/studie-bezeichnet-digitalisierung-in-der-kommunikation-als-marathon\\\/#primaryimage\"},\"image\":{\"@id\":\"https:\\\/\\\/www.organisator.ch\\\/marketing\\\/2024-11-27\\\/studie-bezeichnet-digitalisierung-in-der-kommunikation-als-marathon\\\/#primaryimage\"},\"thumbnailUrl\":\"https:\\\/\\\/www.markt-kom.com\\\/wp-content\\\/uploads\\\/2024\\\/11\\\/CommTech-Index-Report-2024-2025-1.jpg\",\"datePublished\":\"2024-11-27T11:18:36+00:00\",\"dateModified\":\"2024-11-28T07:23:48+00:00\",\"description\":\"Trotz stagnierendem Index investieren PR-Agenturen massiv in GenAI und steigern ihren Wert. Schweiz f\u00fchrt im L\u00e4ndervergleich.\",\"breadcrumb\":{\"@id\":\"https:\\\/\\\/www.organisator.ch\\\/marketing\\\/2024-11-27\\\/studie-bezeichnet-digitalisierung-in-der-kommunikation-als-marathon\\\/#breadcrumb\"},\"inLanguage\":\"de\",\"potentialAction\":[{\"@type\":\"ReadAction\",\"target\":[\"https:\\\/\\\/www.organisator.ch\\\/marketing\\\/2024-11-27\\\/studie-bezeichnet-digitalisierung-in-der-kommunikation-als-marathon\\\/\"]}]},{\"@type\":\"ImageObject\",\"inLanguage\":\"de\",\"@id\":\"https:\\\/\\\/www.organisator.ch\\\/marketing\\\/2024-11-27\\\/studie-bezeichnet-digitalisierung-in-der-kommunikation-als-marathon\\\/#primaryimage\",\"url\":\"https:\\\/\\\/www.markt-kom.com\\\/wp-content\\\/uploads\\\/2024\\\/11\\\/CommTech-Index-Report-2024-2025-1.jpg\",\"contentUrl\":\"https:\\\/\\\/www.markt-kom.com\\\/wp-content\\\/uploads\\\/2024\\\/11\\\/CommTech-Index-Report-2024-2025-1.jpg\"},{\"@type\":\"BreadcrumbList\",\"@id\":\"https:\\\/\\\/www.organisator.ch\\\/marketing\\\/2024-11-27\\\/studie-bezeichnet-digitalisierung-in-der-kommunikation-als-marathon\\\/#breadcrumb\",\"itemListElement\":[{\"@type\":\"ListItem\",\"position\":1,\"name\":\"Home\",\"item\":\"https:\\\/\\\/www.organisator.ch\\\/\"},{\"@type\":\"ListItem\",\"position\":2,\"name\":\"Studie bezeichnet Digitalisierung in der Kommunikation als Marathon\"}]},{\"@type\":\"WebSite\",\"@id\":\"https:\\\/\\\/www.organisator.ch\\\/#website\",\"url\":\"https:\\\/\\\/www.organisator.ch\\\/\",\"name\":\"Organisator\",\"description\":\"Kompetent. Praxisnah. Der ORGANISATOR bereitet in 10 Ausgaben pro Jahr die wesentlichen Themen f\u00fcr F\u00fchrungskr\u00e4fte von KMU auf.\",\"publisher\":{\"@id\":\"https:\\\/\\\/www.organisator.ch\\\/#organization\"},\"potentialAction\":[{\"@type\":\"SearchAction\",\"target\":{\"@type\":\"EntryPoint\",\"urlTemplate\":\"https:\\\/\\\/www.organisator.ch\\\/?s={search_term_string}\"},\"query-input\":{\"@type\":\"PropertyValueSpecification\",\"valueRequired\":true,\"valueName\":\"search_term_string\"}}],\"inLanguage\":\"de\"},{\"@type\":\"Organization\",\"@id\":\"https:\\\/\\\/www.organisator.ch\\\/#organization\",\"name\":\"Organisator\",\"url\":\"https:\\\/\\\/www.organisator.ch\\\/\",\"logo\":{\"@type\":\"ImageObject\",\"inLanguage\":\"de\",\"@id\":\"https:\\\/\\\/www.organisator.ch\\\/#\\\/schema\\\/logo\\\/image\\\/\",\"url\":\"https:\\\/\\\/www.organisator.ch\\\/wp-content\\\/uploads\\\/2022\\\/01\\\/Logo_Organisator_Website.png\",\"contentUrl\":\"https:\\\/\\\/www.organisator.ch\\\/wp-content\\\/uploads\\\/2022\\\/01\\\/Logo_Organisator_Website.png\",\"width\":800,\"height\":77,\"caption\":\"Organisator\"},\"image\":{\"@id\":\"https:\\\/\\\/www.organisator.ch\\\/#\\\/schema\\\/logo\\\/image\\\/\"},\"sameAs\":[\"https:\\\/\\\/www.facebook.com\\\/OrganisatorFachmagazin\",\"https:\\\/\\\/www.linkedin.com\\\/showcase\\\/organisator-das-magazin-fr-kmu\",\"https:\\\/\\\/www.xing.com\\\/news\\\/pages\\\/organisator-ch-695\",\"https:\\\/\\\/www.youtube.com\\\/channel\\\/UCGP2Sq0iWaZwT3BdIAQFYpw\"]},{\"@type\":\"Person\",\"@id\":\"https:\\\/\\\/www.organisator.ch\\\/#\\\/schema\\\/person\\\/4e51799071cd2dd1232ac003643ef5f0\",\"name\":\"galledia\",\"image\":{\"@type\":\"ImageObject\",\"inLanguage\":\"de\",\"@id\":\"https:\\\/\\\/secure.gravatar.com\\\/avatar\\\/78a7f90c01fc2bfc875782a0d4922b37cde2cf184ce347b91316d23cd7f69a36?s=96&d=mm&r=g\",\"url\":\"https:\\\/\\\/secure.gravatar.com\\\/avatar\\\/78a7f90c01fc2bfc875782a0d4922b37cde2cf184ce347b91316d23cd7f69a36?s=96&d=mm&r=g\",\"contentUrl\":\"https:\\\/\\\/secure.gravatar.com\\\/avatar\\\/78a7f90c01fc2bfc875782a0d4922b37cde2cf184ce347b91316d23cd7f69a36?s=96&d=mm&r=g\",\"caption\":\"galledia\"},\"sameAs\":[\"https:\\\/\\\/x.com\\\/admin\"],\"url\":\"https:\\\/\\\/www.organisator.ch\\\/de\\\/author\\\/galledia\\\/\"}]}<\/script>\n<!-- \/ Yoast SEO plugin. -->","yoast_head_json":{"title":"Studie bezeichnet Digitalisierung in der Kommunikation als Marathon - Organisator","description":"Trotz stagnierendem Index investieren PR-Agenturen massiv in GenAI und steigern ihren Wert. Schweiz f\u00fchrt im L\u00e4ndervergleich.","robots":{"index":"index","follow":"follow","max-snippet":"max-snippet:-1","max-image-preview":"max-image-preview:large","max-video-preview":"max-video-preview:-1"},"canonical":"https:\/\/www.organisator.ch\/de\/marketing\/2024-11-27\/studie-bezeichnet-digitalisierung-in-der-kommunikation-als-marathon\/","og_locale":"de_DE","og_type":"article","og_title":"Studie bezeichnet Digitalisierung in der Kommunikation als Marathon - Organisator","og_description":"Trotz stagnierendem Index investieren PR-Agenturen massiv in GenAI und steigern ihren Wert. Schweiz f\u00fchrt im L\u00e4ndervergleich.","og_url":"https:\/\/www.organisator.ch\/de\/marketing\/2024-11-27\/studie-bezeichnet-digitalisierung-in-der-kommunikation-als-marathon\/","og_site_name":"Organisator","article_publisher":"https:\/\/www.facebook.com\/OrganisatorFachmagazin","article_published_time":"2024-11-27T11:18:36+00:00","article_modified_time":"2024-11-28T07:23:48+00:00","author":"galledia","twitter_card":"summary_large_image","twitter_creator":"@admin","schema":{"@context":"https:\/\/schema.org","@graph":[{"@type":"Article","@id":"https:\/\/www.organisator.ch\/marketing\/2024-11-27\/studie-bezeichnet-digitalisierung-in-der-kommunikation-als-marathon\/#article","isPartOf":{"@id":"https:\/\/www.organisator.ch\/marketing\/2024-11-27\/studie-bezeichnet-digitalisierung-in-der-kommunikation-als-marathon\/"},"author":{"name":"galledia","@id":"https:\/\/www.organisator.ch\/#\/schema\/person\/4e51799071cd2dd1232ac003643ef5f0"},"headline":"Studie bezeichnet Digitalisierung in der Kommunikation als Marathon","datePublished":"2024-11-27T11:18:36+00:00","dateModified":"2024-11-28T07:23:48+00:00","mainEntityOfPage":{"@id":"https:\/\/www.organisator.ch\/marketing\/2024-11-27\/studie-bezeichnet-digitalisierung-in-der-kommunikation-als-marathon\/"},"wordCount":884,"publisher":{"@id":"https:\/\/www.organisator.ch\/#organization"},"image":{"@id":"https:\/\/www.organisator.ch\/marketing\/2024-11-27\/studie-bezeichnet-digitalisierung-in-der-kommunikation-als-marathon\/#primaryimage"},"thumbnailUrl":"https:\/\/www.markt-kom.com\/wp-content\/uploads\/2024\/11\/CommTech-Index-Report-2024-2025-1.jpg","keywords":["Commtech","K\u00fcnstliche Intelligenz","MarKom","Studie"],"articleSection":["MARKETING"],"inLanguage":"de"},{"@type":"WebPage","@id":"https:\/\/www.organisator.ch\/marketing\/2024-11-27\/studie-bezeichnet-digitalisierung-in-der-kommunikation-als-marathon\/","url":"https:\/\/www.organisator.ch\/marketing\/2024-11-27\/studie-bezeichnet-digitalisierung-in-der-kommunikation-als-marathon\/","name":"Studie bezeichnet Digitalisierung in der Kommunikation als Marathon - Organisator","isPartOf":{"@id":"https:\/\/www.organisator.ch\/#website"},"primaryImageOfPage":{"@id":"https:\/\/www.organisator.ch\/marketing\/2024-11-27\/studie-bezeichnet-digitalisierung-in-der-kommunikation-als-marathon\/#primaryimage"},"image":{"@id":"https:\/\/www.organisator.ch\/marketing\/2024-11-27\/studie-bezeichnet-digitalisierung-in-der-kommunikation-als-marathon\/#primaryimage"},"thumbnailUrl":"https:\/\/www.markt-kom.com\/wp-content\/uploads\/2024\/11\/CommTech-Index-Report-2024-2025-1.jpg","datePublished":"2024-11-27T11:18:36+00:00","dateModified":"2024-11-28T07:23:48+00:00","description":"Trotz stagnierendem Index investieren PR-Agenturen massiv in GenAI und steigern ihren Wert. Schweiz f\u00fchrt im L\u00e4ndervergleich.","breadcrumb":{"@id":"https:\/\/www.organisator.ch\/marketing\/2024-11-27\/studie-bezeichnet-digitalisierung-in-der-kommunikation-als-marathon\/#breadcrumb"},"inLanguage":"de","potentialAction":[{"@type":"ReadAction","target":["https:\/\/www.organisator.ch\/marketing\/2024-11-27\/studie-bezeichnet-digitalisierung-in-der-kommunikation-als-marathon\/"]}]},{"@type":"ImageObject","inLanguage":"de","@id":"https:\/\/www.organisator.ch\/marketing\/2024-11-27\/studie-bezeichnet-digitalisierung-in-der-kommunikation-als-marathon\/#primaryimage","url":"https:\/\/www.markt-kom.com\/wp-content\/uploads\/2024\/11\/CommTech-Index-Report-2024-2025-1.jpg","contentUrl":"https:\/\/www.markt-kom.com\/wp-content\/uploads\/2024\/11\/CommTech-Index-Report-2024-2025-1.jpg"},{"@type":"BreadcrumbList","@id":"https:\/\/www.organisator.ch\/marketing\/2024-11-27\/studie-bezeichnet-digitalisierung-in-der-kommunikation-als-marathon\/#breadcrumb","itemListElement":[{"@type":"ListItem","position":1,"name":"Home","item":"https:\/\/www.organisator.ch\/"},{"@type":"ListItem","position":2,"name":"Studie bezeichnet Digitalisierung in der Kommunikation als Marathon"}]},{"@type":"WebSite","@id":"https:\/\/www.organisator.ch\/#website","url":"https:\/\/www.organisator.ch\/","name":"Organisator","description":"Kompetent. Praxisnah. Der ORGANISATOR bereitet in 10 Ausgaben pro Jahr die wesentlichen Themen f\u00fcr F\u00fchrungskr\u00e4fte von KMU auf.","publisher":{"@id":"https:\/\/www.organisator.ch\/#organization"},"potentialAction":[{"@type":"SearchAction","target":{"@type":"EntryPoint","urlTemplate":"https:\/\/www.organisator.ch\/?s={search_term_string}"},"query-input":{"@type":"PropertyValueSpecification","valueRequired":true,"valueName":"search_term_string"}}],"inLanguage":"de"},{"@type":"Organization","@id":"https:\/\/www.organisator.ch\/#organization","name":"Organisator","url":"https:\/\/www.organisator.ch\/","logo":{"@type":"ImageObject","inLanguage":"de","@id":"https:\/\/www.organisator.ch\/#\/schema\/logo\/image\/","url":"https:\/\/www.organisator.ch\/wp-content\/uploads\/2022\/01\/Logo_Organisator_Website.png","contentUrl":"https:\/\/www.organisator.ch\/wp-content\/uploads\/2022\/01\/Logo_Organisator_Website.png","width":800,"height":77,"caption":"Organisator"},"image":{"@id":"https:\/\/www.organisator.ch\/#\/schema\/logo\/image\/"},"sameAs":["https:\/\/www.facebook.com\/OrganisatorFachmagazin","https:\/\/www.linkedin.com\/showcase\/organisator-das-magazin-fr-kmu","https:\/\/www.xing.com\/news\/pages\/organisator-ch-695","https:\/\/www.youtube.com\/channel\/UCGP2Sq0iWaZwT3BdIAQFYpw"]},{"@type":"Person","@id":"https:\/\/www.organisator.ch\/#\/schema\/person\/4e51799071cd2dd1232ac003643ef5f0","name":"galledia","image":{"@type":"ImageObject","inLanguage":"de","@id":"https:\/\/secure.gravatar.com\/avatar\/78a7f90c01fc2bfc875782a0d4922b37cde2cf184ce347b91316d23cd7f69a36?s=96&d=mm&r=g","url":"https:\/\/secure.gravatar.com\/avatar\/78a7f90c01fc2bfc875782a0d4922b37cde2cf184ce347b91316d23cd7f69a36?s=96&d=mm&r=g","contentUrl":"https:\/\/secure.gravatar.com\/avatar\/78a7f90c01fc2bfc875782a0d4922b37cde2cf184ce347b91316d23cd7f69a36?s=96&d=mm&r=g","caption":"galledia"},"sameAs":["https:\/\/x.com\/admin"],"url":"https:\/\/www.organisator.ch\/de\/author\/galledia\/"}]}},"_links":{"self":[{"href":"https:\/\/www.organisator.ch\/de\/wp-json\/wp\/v2\/posts\/34090","targetHints":{"allow":["GET"]}}],"collection":[{"href":"https:\/\/www.organisator.ch\/de\/wp-json\/wp\/v2\/posts"}],"about":[{"href":"https:\/\/www.organisator.ch\/de\/wp-json\/wp\/v2\/types\/post"}],"author":[{"embeddable":true,"href":"https:\/\/www.organisator.ch\/de\/wp-json\/wp\/v2\/users\/8"}],"replies":[{"embeddable":true,"href":"https:\/\/www.organisator.ch\/de\/wp-json\/wp\/v2\/comments?post=34090"}],"version-history":[{"count":5,"href":"https:\/\/www.organisator.ch\/de\/wp-json\/wp\/v2\/posts\/34090\/revisions"}],"predecessor-version":[{"id":34111,"href":"https:\/\/www.organisator.ch\/de\/wp-json\/wp\/v2\/posts\/34090\/revisions\/34111"}],"wp:attachment":[{"href":"https:\/\/www.organisator.ch\/de\/wp-json\/wp\/v2\/media?parent=34090"}],"wp:term":[{"taxonomy":"category","embeddable":true,"href":"https:\/\/www.organisator.ch\/de\/wp-json\/wp\/v2\/categories?post=34090"},{"taxonomy":"post_tag","embeddable":true,"href":"https:\/\/www.organisator.ch\/de\/wp-json\/wp\/v2\/tags?post=34090"}],"curies":[{"name":"wp","href":"https:\/\/api.w.org\/{rel}","templated":true}]}}