{"id":34123,"date":"2024-12-09T10:02:52","date_gmt":"2024-12-09T09:02:52","guid":{"rendered":"https:\/\/www.organisator.ch\/?p=34123"},"modified":"2024-12-09T10:02:52","modified_gmt":"2024-12-09T09:02:52","slug":"opacc-connect-2024-schritt-fuer-schritt-zum-digitalen-champion","status":"publish","type":"post","link":"https:\/\/www.organisator.ch\/de\/management\/2024-12-09\/opacc-connect-2024-schritt-fuer-schritt-zum-digitalen-champion\/","title":{"rendered":"Opacc Connect 2024: Schritt f\u00fcr Schritt zum digitalen Champion"},"content":{"rendered":"<figure id=\"attachment_34484\" aria-describedby=\"caption-attachment-34484\" style=\"width: 680px\" class=\"wp-caption alignnone\"><img loading=\"lazy\" decoding=\"async\" class=\"size-full wp-image-34484\" src=\"https:\/\/www.organisator.ch\/wp-content\/uploads\/2024\/12\/Opacc_Bild1_ps.jpg\" alt=\"\" width=\"680\" height=\"403\" srcset=\"https:\/\/www.organisator.ch\/wp-content\/uploads\/2024\/12\/Opacc_Bild1_ps.jpg 680w, https:\/\/www.organisator.ch\/wp-content\/uploads\/2024\/12\/Opacc_Bild1_ps-18x12.jpg 18w, https:\/\/www.organisator.ch\/wp-content\/uploads\/2024\/12\/Opacc_Bild1_ps-375x222.jpg 375w, https:\/\/www.organisator.ch\/wp-content\/uploads\/2024\/12\/Opacc_Bild1_ps-591x350.jpg 591w\" sizes=\"auto, (max-width: 680px) 100vw, 680px\" \/><figcaption id=\"caption-attachment-34484\" class=\"wp-caption-text\">Unter dem Motto \u201eDigitale Evolution \u2013 Schritt f\u00fcr Schritt zum digitalen Champion\u201c bot die Opacc Connect einen Nachmittag voller Inspiration, Neuheiten und pers\u00f6nlicher Begegnungen. (Bild: Opacc)<\/figcaption><\/figure>\n<p>Den Auftakt des Abends gestaltete Ramon H\u00e4fliger, Kommunikations-Manager bei Opacc, der die G\u00e4ste herzlich willkommen hiess. &#8222;Es ist ein wundersch\u00f6ner Anblick zu sehen, wie voll es ist \u2013 und so muss es sein. Ich habe heute das Vergn\u00fcgen, Sie durch die einzelnen Phasen der digitalen Evolution zu begleiten&#8220;, sagte er. Getreu dem Motto &#8218;Schritt f\u00fcr Schritt zum digitalen Champion&#8216; erwartete die G\u00e4ste ein vielseitiges Programm voller Einblicke in die Opacc-Anwendungen und deren Einsatzm\u00f6glichkeiten.\u00a0<\/p>\n<p>F\u00fcr humorvolle Auflockerungen zwischen den inhaltlichen Bl\u00f6cken sorgte Marc Haller alias \u201eErwin aus der Schweiz\u201c. Mit seinen zauberhaften Einlagen, die geschickt Bezug auf die Themen der Digitalisierung nahmen, brachte er das Publikum zum Staunen und Lachen.<\/p>\n<h3><strong>Beat Bussmanns letzte Connect als CEO<\/strong><\/h3>\n<p>Nach der Begr\u00fcssung durch Ramon H\u00e4fliger betrat Beat Bussmann die B\u00fchne. Vor 36 Jahren gr\u00fcndete er Opacc und hat das Unternehmen seither mit Weitblick und Leidenschaft gepr\u00e4gt. Er wandte sich mit einem pers\u00f6nlichen R\u00fcckblick und klaren Zukunftsvisionen an die G\u00e4ste. \u00abWir sehen an der Connect immer viele bekannte Gesichter, die uns seit vielen Jahren begleiten. Und wir sehen auch neue Gesichter, die uns ihr Vertrauen schenken\u00bb sagte er. Bussmann sprach \u00fcber die Herausforderungen der digitalen Evolution und den schnellen Wandel in der IT-Branche: \u00abEs ist brutal, wie schnell sich alles entwickelt. Jeden Tag gibt es neue Firmen, neue Services, neue Softwareprodukte, neue Mitbewerber. Und du weisst nie: Habe ich etwas verpasst oder eine Chance \u00fcbersehen?\u00bb<\/p>\n<p>Opacc begegnet diesem Wandel mit einer klaren Strategie: Evolution statt Revolution. Die Basis daf\u00fcr sei die Plattform Oxas, die homogene und zentrale Daten f\u00fcr alle Prozesse bereitstellt. \u00a0Da es voraussichtlich seine letzte Connect als CEO war, gab Bussmann den G\u00e4sten einen pers\u00f6nlichen Wunsch mit auf den Weg: &#8222;Nehmen Sie mindestens drei Ideen mit, die in Ihrem Unternehmen funktionieren k\u00f6nnten.&#8220;<\/p>\n<h3><strong>Innovation im Fokus: Einblicke in die Opacc-Plattform<\/strong><\/h3>\n<p>Im Laufe des Abends pr\u00e4sentierten Opacc-Mitarbeitende die neuesten Entwicklungen und Anwendungen der Plattform. Unterst\u00fctzt durch Videos und Kundenberichte wurde das Publikum durch eine Vielzahl von Innovationen gef\u00fchrt. Die Kundenbeispiele zeigten eindr\u00fccklich, wie Opacc Kunden ihre digitale Evolution auf der Basis der Opacc Anwendungen bereits erfolgreich gestalten Zu den Highlights z\u00e4hlten unter anderem Nytron, das eine moderne User Experience mit einem bew\u00e4hrten Applikationskonzept verbindet, die Marketing Automation f\u00fcr massgeschneiderte E-Mail-Kampagnen und die Cloud Integration Services, mit denen sich externe Dienste nahtlos in die Plattform integrieren lassen. Letztere erm\u00f6glicht es Unternehmen, von der Innovationsdynamik der Cloud zu profitieren, ohne sich um technische Details k\u00fcmmern zu m\u00fcssen.<\/p>\n<p>Vorgestellt wurde auch das Freigabemanagement. Es automatisiert die Genehmigung von Gesch\u00e4ftsobjekten, verbessert die Prozessqualit\u00e4t und spart Zeit &#8211; ortsunabh\u00e4ngig und vollst\u00e4ndig digital. Dieses Modul zeigt, wie repetitive Aufgaben effizienter gestaltet werden k\u00f6nnen, damit sich Unternehmen auf strategisch wichtige Themen konzentrieren k\u00f6nnen. Dies sind nur einige Beispiele aus einer Vielzahl von M\u00f6glichkeiten, die an diesem Abend vorgestellt wurden. Die Vielfalt der Innovationen zeigte eindr\u00fccklich, wie Opacc Unternehmen jeder Gr\u00f6sse bei der digitalen Evolution unterst\u00fctzt.<\/p>\n<h3><strong>Stabwechsel bei Opacc: Beat Bussmann \u00fcbergibt das Ruder<\/strong><\/h3>\n<p>Ein zentraler Moment des Abends war der angek\u00fcndigte F\u00fchrungswechsel bei Opacc. Bussmann nutzte die Gelegenheit, um auf die Entwicklung von Opacc zur\u00fcckzublicken. &#8222;1998 haben wir gestartet. Da haben wir uns noch nicht \u00fcber die grossen Fragen Gedanken gemacht. Wir hatten ganz andere Sorgen. Wir haben versucht herauszufinden: Wo ist unser Platz? Was funktioniert? Was funktioniert nicht?&#8220;, erz\u00e4hlte er. Bussmann betonte, wie wichtig das Team f\u00fcr den Erfolg ist: &#8222;Man kann nicht alles alleine machen. Inzwischen hat die Opacc 25 Partner, die zus\u00e4tzliche Verantwortung \u00fcbernehmen und das Unternehmen mittragen.&#8220;<\/p>\n<figure id=\"attachment_34485\" aria-describedby=\"caption-attachment-34485\" style=\"width: 680px\" class=\"wp-caption alignnone\"><img loading=\"lazy\" decoding=\"async\" class=\"size-full wp-image-34485\" src=\"https:\/\/www.organisator.ch\/wp-content\/uploads\/2024\/12\/Opacc_Bild2_ps.jpg\" alt=\"\" width=\"680\" height=\"401\" srcset=\"https:\/\/www.organisator.ch\/wp-content\/uploads\/2024\/12\/Opacc_Bild2_ps.jpg 680w, https:\/\/www.organisator.ch\/wp-content\/uploads\/2024\/12\/Opacc_Bild2_ps-18x12.jpg 18w, https:\/\/www.organisator.ch\/wp-content\/uploads\/2024\/12\/Opacc_Bild2_ps-375x221.jpg 375w, https:\/\/www.organisator.ch\/wp-content\/uploads\/2024\/12\/Opacc_Bild2_ps-594x350.jpg 594w\" sizes=\"auto, (max-width: 680px) 100vw, 680px\" \/><figcaption id=\"caption-attachment-34485\" class=\"wp-caption-text\">Zum Abschied erhielt Beat Bussmann von seinem Nachfolger Cris Wouters eine goldene Fr\u00e4smaschine geschenkt. (Bild: Opacc)<\/figcaption><\/figure>\n<p>Mit Blick auf die Zukunft stellte Bussmann das neue Managementmodell vor, das auf Kontinuit\u00e4t und Unabh\u00e4ngigkeit setzt. Eine zentrale Rolle spielt dabei ein rotierendes System von Executive Partnern, bei dem der Managing Partner alle drei bis sieben Jahre wechselt. Als erster Managing Partner wurde Bussmanns Nachfolger Cris Wouters vorgestellt. Wouters, seit 1998 im Unternehmen, bringt langj\u00e4hrige Erfahrung aus verschiedenen F\u00fchrungspositionen mit. Beat Bussmann bleibt dem Unternehmen weiterhin als Haupteigent\u00fcmer und in der Rolle als Verwaltungsratspr\u00e4sident erhalten.\u00a0<\/p>\n<h3><strong>Ein Blick zur\u00fcck und nach vorn<\/strong><\/h3>\n<p>Nach seiner Rede \u00fcbergab Beat Bussmann das Wort an Cris Wouters. Gemeinsam reflektierten sie \u00fcber Vergangenheit, Gegenwart und Zukunft von Opacc. &#8222;Man sagt ja, die ersten 100 Tage sind wichtig. Welche Zeichen willst du vom 1. Januar bis zum 10. April setzen?&#8220;, fragte Bussmann seinen Nachfolger. Wouters antwortete, er werde sich zun\u00e4chst weiter um die Bestandskunden k\u00fcmmern und gleichzeitig das neue Qualit\u00e4ts- und Unternehmensziel Fit f\u00fcr KI vorantreiben: &#8222;Das wird ein zentraler Fokus meiner neuen Rolle sein.&#8220;<\/p>\n<p>Wouters fragte zur\u00fcck, was das Geheimnis des langfristigen Erfolgs von Opacc sei. Bussmann erkl\u00e4rte, dass sich Opacc durch die B\u00fcndelung von Wissen unter einem Dach auszeichne. Dies erm\u00f6gliche nicht nur Innovationen, sondern schaffe auch einen grossen Wettbewerbsvorteil. Hinzu komme die Leidenschaft des Teams: &#8222;Wir lieben, was wir tun, und interessieren uns wirklich f\u00fcr die Probleme unserer Kunden. Das macht den Unterschied.&#8220;<\/p>\n<p>In emotionalen Videobotschaften \u00fcberbrachten Kunden, Wirtschaftspers\u00f6nlichkeiten sowie Vertreter aus Sport und Politik ihre besten W\u00fcnsche an den scheidenden CEO.<\/p>\n<figure id=\"attachment_34486\" aria-describedby=\"caption-attachment-34486\" style=\"width: 680px\" class=\"wp-caption alignnone\"><img loading=\"lazy\" decoding=\"async\" class=\"size-full wp-image-34486\" src=\"https:\/\/www.organisator.ch\/wp-content\/uploads\/2024\/12\/Opacc_Bild3_ps.jpg\" alt=\"\" width=\"680\" height=\"403\" srcset=\"https:\/\/www.organisator.ch\/wp-content\/uploads\/2024\/12\/Opacc_Bild3_ps.jpg 680w, https:\/\/www.organisator.ch\/wp-content\/uploads\/2024\/12\/Opacc_Bild3_ps-18x12.jpg 18w, https:\/\/www.organisator.ch\/wp-content\/uploads\/2024\/12\/Opacc_Bild3_ps-375x222.jpg 375w, https:\/\/www.organisator.ch\/wp-content\/uploads\/2024\/12\/Opacc_Bild3_ps-591x350.jpg 591w\" sizes=\"auto, (max-width: 680px) 100vw, 680px\" \/><figcaption id=\"caption-attachment-34486\" class=\"wp-caption-text\">Das Publikum verabschiedete den noch amtierenden CEO mit Standing Ovations. (Bild: Opacc)<\/figcaption><\/figure>\n<h3>Nach der Pause: Innovation und Einblicke<\/h3>\n<p>Der zweite Teil des Events widmete sich Zukunftsthemen. R\u00fcckmeldungen aus Kundenumfragen und ein Einblick in die Personalentwicklung der Opacc zeigten, wie Opacc auf die Bed\u00fcrfnisse ihrer Kunden eingeht und sich laufend weiterentwickelt. Danach wurden diverse Innovationen vorgestellt, darunter, wie Kunden neue Handlungsfelder erschlossen haben, Erfolgsbeispiele der Commerce Suite sowie Fortschritte im Bereich KI und der Data Science Plattform.<\/p>\n<h3>Sport trifft Wirtschaft: Roman R\u00f6\u00f6sli als Special Guest<\/h3>\n<p>Ein weiteres Highlight war der Auftritt von Roman R\u00f6\u00f6sli, Bronze-Olympiamedaillengewinner aus Paris 2024. Der Ausnahmeathlet gew\u00e4hrte spannende Einblicke in seine Karriere als Ruderer und berichtete \u00fcber seine neue berufliche Ausrichtung als angehender Landwirt.<\/p>\n<h3>Ein gemeinsamer Ausklang<\/h3>\n<p>Zum Abschluss des Tages pr\u00e4sentierte Opacc einen Ausblick auf die geplanten Neuerungen im kommenden Jahr. Zudem fasste er anschliessend die Highlights pr\u00e4gnant zusammen und bedankte sich bei allen Teilnehmenden f\u00fcr das Vertrauen in Opacc.\u00a0<\/p>\n<p><a href=\"https:\/\/www.opacc.ch\/\">Mehr zu Opacc<\/a><\/p>\n","protected":false},"excerpt":{"rendered":"<p>Am 21. November lud Opacc rund 500 Besucherinnen und Besucher zur Connect 2024 ins Verkehrshaus Luzern ein. Der Kundenevent bot spannende Einblicke in die neusten Innovationen und Anwendungen der Opacc-Plattform sowie inspirierende Kundengeschichten. Unternehmen jeder Gr\u00f6sse erfuhren, wie sie Schritt f\u00fcr Schritt die n\u00e4chste Stufe der digitalen Evolution erreichen und zum digitalen Champion werden k\u00f6nnen.<\/p>\n","protected":false},"author":80,"featured_media":34484,"comment_status":"closed","ping_status":"closed","sticky":false,"template":"","format":"standard","meta":{"_acf_changed":false,"_yoast_wpseo_focuskw":"Opacc Connect","_yoast_wpseo_metadesc":"Am 21. November lud Opacc rund 500 Besucherinnen und Besucher zur Connect 2024 ins Verkehrshaus Luzern ein.","articlekey":"","footnotes":""},"categories":[28],"tags":[922,1574,424,440,4595,492],"class_list":["post-34123","post","type-post","status-publish","format-standard","has-post-thumbnail","hentry","category-management","tag-cloud","tag-kundenbeduerfnisse","tag-schweiz","tag-software","tag-stabuebergabe","tag-unternehmen"],"acf":[],"yoast_head":"<!-- This site is optimized with the Yoast SEO plugin v27.4 - https:\/\/yoast.com\/product\/yoast-seo-wordpress\/ -->\n<title>Opacc Connect 2024: Schritt f\u00fcr Schritt zum digitalen Champion - Organisator<\/title>\n<meta name=\"description\" content=\"Am 21. November lud Opacc rund 500 Besucherinnen und Besucher zur Connect 2024 ins Verkehrshaus Luzern ein.\" \/>\n<meta name=\"robots\" content=\"index, follow, max-snippet:-1, max-image-preview:large, max-video-preview:-1\" \/>\n<link rel=\"canonical\" href=\"https:\/\/www.organisator.ch\/de\/management\/2024-12-09\/opacc-connect-2024-schritt-fuer-schritt-zum-digitalen-champion\/\" \/>\n<meta property=\"og:locale\" content=\"de_DE\" \/>\n<meta property=\"og:type\" content=\"article\" \/>\n<meta property=\"og:title\" content=\"Opacc Connect 2024: Schritt f\u00fcr Schritt zum digitalen Champion\" \/>\n<meta property=\"og:description\" content=\"Am 21. November lud Opacc rund 500 Besucherinnen und Besucher zur Connect 2024 ins Verkehrshaus Luzern ein.\" \/>\n<meta property=\"og:url\" content=\"https:\/\/www.organisator.ch\/de\/management\/2024-12-09\/opacc-connect-2024-schritt-fuer-schritt-zum-digitalen-champion\/\" \/>\n<meta property=\"og:site_name\" content=\"Organisator\" \/>\n<meta property=\"article:publisher\" content=\"https:\/\/www.facebook.com\/OrganisatorFachmagazin\" \/>\n<meta property=\"article:published_time\" content=\"2024-12-09T09:02:52+00:00\" \/>\n<meta property=\"og:image\" content=\"https:\/\/www.organisator.ch\/wp-content\/uploads\/2024\/12\/Opacc_Bild1_ps.jpg\" \/>\n\t<meta property=\"og:image:width\" content=\"680\" \/>\n\t<meta property=\"og:image:height\" content=\"403\" \/>\n\t<meta property=\"og:image:type\" content=\"image\/jpeg\" \/>\n<meta name=\"author\" content=\"Dzana Muminovic\" \/>\n<meta name=\"twitter:card\" content=\"summary_large_image\" \/>\n<meta name=\"twitter:title\" content=\"Opacc Connect 2024: Schritt f\u00fcr Schritt zum digitalen Champion\" \/>\n<meta name=\"twitter:description\" content=\"Am 21. November lud Opacc rund 500 Besucherinnen und Besucher zur Connect 2024 ins Verkehrshaus Luzern ein.\" \/>\n<meta name=\"twitter:image\" content=\"https:\/\/www.organisator.ch\/wp-content\/uploads\/2024\/12\/Opacc_Bild1_ps.jpg\" \/>\n<script type=\"application\/ld+json\" class=\"yoast-schema-graph\">{\"@context\":\"https:\\\/\\\/schema.org\",\"@graph\":[{\"@type\":\"Article\",\"@id\":\"https:\\\/\\\/www.organisator.ch\\\/management\\\/2024-12-09\\\/opacc-connect-2024-schritt-fuer-schritt-zum-digitalen-champion\\\/#article\",\"isPartOf\":{\"@id\":\"https:\\\/\\\/www.organisator.ch\\\/management\\\/2024-12-09\\\/opacc-connect-2024-schritt-fuer-schritt-zum-digitalen-champion\\\/\"},\"author\":{\"name\":\"Dzana Muminovic\",\"@id\":\"https:\\\/\\\/www.organisator.ch\\\/#\\\/schema\\\/person\\\/afccda3a71c06d4be2ed9100dd163db7\"},\"headline\":\"Opacc Connect 2024: Schritt f\u00fcr Schritt zum digitalen Champion\",\"datePublished\":\"2024-12-09T09:02:52+00:00\",\"mainEntityOfPage\":{\"@id\":\"https:\\\/\\\/www.organisator.ch\\\/management\\\/2024-12-09\\\/opacc-connect-2024-schritt-fuer-schritt-zum-digitalen-champion\\\/\"},\"wordCount\":1104,\"publisher\":{\"@id\":\"https:\\\/\\\/www.organisator.ch\\\/#organization\"},\"image\":{\"@id\":\"https:\\\/\\\/www.organisator.ch\\\/management\\\/2024-12-09\\\/opacc-connect-2024-schritt-fuer-schritt-zum-digitalen-champion\\\/#primaryimage\"},\"thumbnailUrl\":\"https:\\\/\\\/www.organisator.ch\\\/wp-content\\\/uploads\\\/2024\\\/12\\\/Opacc_Bild1_ps.jpg\",\"keywords\":[\"Cloud\",\"Kundenbed\u00fcrfnisse\",\"Schweiz\",\"Software\",\"Stab\u00fcbergabe\",\"Unternehmen\"],\"articleSection\":[\"MANAGEMENT\"],\"inLanguage\":\"de\"},{\"@type\":\"WebPage\",\"@id\":\"https:\\\/\\\/www.organisator.ch\\\/management\\\/2024-12-09\\\/opacc-connect-2024-schritt-fuer-schritt-zum-digitalen-champion\\\/\",\"url\":\"https:\\\/\\\/www.organisator.ch\\\/management\\\/2024-12-09\\\/opacc-connect-2024-schritt-fuer-schritt-zum-digitalen-champion\\\/\",\"name\":\"Opacc Connect 2024: Schritt f\u00fcr Schritt zum digitalen Champion - Organisator\",\"isPartOf\":{\"@id\":\"https:\\\/\\\/www.organisator.ch\\\/#website\"},\"primaryImageOfPage\":{\"@id\":\"https:\\\/\\\/www.organisator.ch\\\/management\\\/2024-12-09\\\/opacc-connect-2024-schritt-fuer-schritt-zum-digitalen-champion\\\/#primaryimage\"},\"image\":{\"@id\":\"https:\\\/\\\/www.organisator.ch\\\/management\\\/2024-12-09\\\/opacc-connect-2024-schritt-fuer-schritt-zum-digitalen-champion\\\/#primaryimage\"},\"thumbnailUrl\":\"https:\\\/\\\/www.organisator.ch\\\/wp-content\\\/uploads\\\/2024\\\/12\\\/Opacc_Bild1_ps.jpg\",\"datePublished\":\"2024-12-09T09:02:52+00:00\",\"description\":\"Am 21. November lud Opacc rund 500 Besucherinnen und Besucher zur Connect 2024 ins Verkehrshaus Luzern ein.\",\"breadcrumb\":{\"@id\":\"https:\\\/\\\/www.organisator.ch\\\/management\\\/2024-12-09\\\/opacc-connect-2024-schritt-fuer-schritt-zum-digitalen-champion\\\/#breadcrumb\"},\"inLanguage\":\"de\",\"potentialAction\":[{\"@type\":\"ReadAction\",\"target\":[\"https:\\\/\\\/www.organisator.ch\\\/management\\\/2024-12-09\\\/opacc-connect-2024-schritt-fuer-schritt-zum-digitalen-champion\\\/\"]}]},{\"@type\":\"ImageObject\",\"inLanguage\":\"de\",\"@id\":\"https:\\\/\\\/www.organisator.ch\\\/management\\\/2024-12-09\\\/opacc-connect-2024-schritt-fuer-schritt-zum-digitalen-champion\\\/#primaryimage\",\"url\":\"https:\\\/\\\/www.organisator.ch\\\/wp-content\\\/uploads\\\/2024\\\/12\\\/Opacc_Bild1_ps.jpg\",\"contentUrl\":\"https:\\\/\\\/www.organisator.ch\\\/wp-content\\\/uploads\\\/2024\\\/12\\\/Opacc_Bild1_ps.jpg\",\"width\":680,\"height\":403,\"caption\":\"Unter dem Motto \u201eDigitale Evolution \u2013 Schritt f\u00fcr Schritt zum digitalen Champion\u201c bot die Opacc Connect einen Nachmittag voller Inspiration, Neuheiten und pers\u00f6nlicher Begegnungen. (Bild: Opacc)\"},{\"@type\":\"BreadcrumbList\",\"@id\":\"https:\\\/\\\/www.organisator.ch\\\/management\\\/2024-12-09\\\/opacc-connect-2024-schritt-fuer-schritt-zum-digitalen-champion\\\/#breadcrumb\",\"itemListElement\":[{\"@type\":\"ListItem\",\"position\":1,\"name\":\"Home\",\"item\":\"https:\\\/\\\/www.organisator.ch\\\/\"},{\"@type\":\"ListItem\",\"position\":2,\"name\":\"Opacc Connect 2024: Schritt f\u00fcr Schritt zum digitalen Champion\"}]},{\"@type\":\"WebSite\",\"@id\":\"https:\\\/\\\/www.organisator.ch\\\/#website\",\"url\":\"https:\\\/\\\/www.organisator.ch\\\/\",\"name\":\"Organisator\",\"description\":\"Kompetent. Praxisnah. Der ORGANISATOR bereitet in 10 Ausgaben pro Jahr die wesentlichen Themen f\u00fcr F\u00fchrungskr\u00e4fte von KMU auf.\",\"publisher\":{\"@id\":\"https:\\\/\\\/www.organisator.ch\\\/#organization\"},\"potentialAction\":[{\"@type\":\"SearchAction\",\"target\":{\"@type\":\"EntryPoint\",\"urlTemplate\":\"https:\\\/\\\/www.organisator.ch\\\/?s={search_term_string}\"},\"query-input\":{\"@type\":\"PropertyValueSpecification\",\"valueRequired\":true,\"valueName\":\"search_term_string\"}}],\"inLanguage\":\"de\"},{\"@type\":\"Organization\",\"@id\":\"https:\\\/\\\/www.organisator.ch\\\/#organization\",\"name\":\"Organisator\",\"url\":\"https:\\\/\\\/www.organisator.ch\\\/\",\"logo\":{\"@type\":\"ImageObject\",\"inLanguage\":\"de\",\"@id\":\"https:\\\/\\\/www.organisator.ch\\\/#\\\/schema\\\/logo\\\/image\\\/\",\"url\":\"https:\\\/\\\/www.organisator.ch\\\/wp-content\\\/uploads\\\/2022\\\/01\\\/Logo_Organisator_Website.png\",\"contentUrl\":\"https:\\\/\\\/www.organisator.ch\\\/wp-content\\\/uploads\\\/2022\\\/01\\\/Logo_Organisator_Website.png\",\"width\":800,\"height\":77,\"caption\":\"Organisator\"},\"image\":{\"@id\":\"https:\\\/\\\/www.organisator.ch\\\/#\\\/schema\\\/logo\\\/image\\\/\"},\"sameAs\":[\"https:\\\/\\\/www.facebook.com\\\/OrganisatorFachmagazin\",\"https:\\\/\\\/www.linkedin.com\\\/showcase\\\/organisator-das-magazin-fr-kmu\",\"https:\\\/\\\/www.xing.com\\\/news\\\/pages\\\/organisator-ch-695\",\"https:\\\/\\\/www.youtube.com\\\/channel\\\/UCGP2Sq0iWaZwT3BdIAQFYpw\"]},{\"@type\":\"Person\",\"@id\":\"https:\\\/\\\/www.organisator.ch\\\/#\\\/schema\\\/person\\\/afccda3a71c06d4be2ed9100dd163db7\",\"name\":\"Dzana Muminovic\",\"image\":{\"@type\":\"ImageObject\",\"inLanguage\":\"de\",\"@id\":\"https:\\\/\\\/secure.gravatar.com\\\/avatar\\\/909c5c71aff4b38e88686f2ab2f1ba152571f394f41ed8bae431ea56ced93050?s=96&d=mm&r=g\",\"url\":\"https:\\\/\\\/secure.gravatar.com\\\/avatar\\\/909c5c71aff4b38e88686f2ab2f1ba152571f394f41ed8bae431ea56ced93050?s=96&d=mm&r=g\",\"contentUrl\":\"https:\\\/\\\/secure.gravatar.com\\\/avatar\\\/909c5c71aff4b38e88686f2ab2f1ba152571f394f41ed8bae431ea56ced93050?s=96&d=mm&r=g\",\"caption\":\"Dzana Muminovic\"},\"url\":\"https:\\\/\\\/www.organisator.ch\\\/de\\\/author\\\/dzana-muminovic\\\/\"}]}<\/script>\n<!-- \/ Yoast SEO plugin. -->","yoast_head_json":{"title":"Opacc Connect 2024: Schritt f\u00fcr Schritt zum digitalen Champion - Organisator","description":"Am 21. November lud Opacc rund 500 Besucherinnen und Besucher zur Connect 2024 ins Verkehrshaus Luzern ein.","robots":{"index":"index","follow":"follow","max-snippet":"max-snippet:-1","max-image-preview":"max-image-preview:large","max-video-preview":"max-video-preview:-1"},"canonical":"https:\/\/www.organisator.ch\/de\/management\/2024-12-09\/opacc-connect-2024-schritt-fuer-schritt-zum-digitalen-champion\/","og_locale":"de_DE","og_type":"article","og_title":"Opacc Connect 2024: Schritt f\u00fcr Schritt zum digitalen Champion","og_description":"Am 21. November lud Opacc rund 500 Besucherinnen und Besucher zur Connect 2024 ins Verkehrshaus Luzern ein.","og_url":"https:\/\/www.organisator.ch\/de\/management\/2024-12-09\/opacc-connect-2024-schritt-fuer-schritt-zum-digitalen-champion\/","og_site_name":"Organisator","article_publisher":"https:\/\/www.facebook.com\/OrganisatorFachmagazin","article_published_time":"2024-12-09T09:02:52+00:00","og_image":[{"width":680,"height":403,"url":"https:\/\/www.organisator.ch\/wp-content\/uploads\/2024\/12\/Opacc_Bild1_ps.jpg","type":"image\/jpeg"}],"author":"Dzana Muminovic","twitter_card":"summary_large_image","twitter_title":"Opacc Connect 2024: Schritt f\u00fcr Schritt zum digitalen Champion","twitter_description":"Am 21. November lud Opacc rund 500 Besucherinnen und Besucher zur Connect 2024 ins Verkehrshaus Luzern ein.","twitter_image":"https:\/\/www.organisator.ch\/wp-content\/uploads\/2024\/12\/Opacc_Bild1_ps.jpg","schema":{"@context":"https:\/\/schema.org","@graph":[{"@type":"Article","@id":"https:\/\/www.organisator.ch\/management\/2024-12-09\/opacc-connect-2024-schritt-fuer-schritt-zum-digitalen-champion\/#article","isPartOf":{"@id":"https:\/\/www.organisator.ch\/management\/2024-12-09\/opacc-connect-2024-schritt-fuer-schritt-zum-digitalen-champion\/"},"author":{"name":"Dzana Muminovic","@id":"https:\/\/www.organisator.ch\/#\/schema\/person\/afccda3a71c06d4be2ed9100dd163db7"},"headline":"Opacc Connect 2024: Schritt f\u00fcr Schritt zum digitalen Champion","datePublished":"2024-12-09T09:02:52+00:00","mainEntityOfPage":{"@id":"https:\/\/www.organisator.ch\/management\/2024-12-09\/opacc-connect-2024-schritt-fuer-schritt-zum-digitalen-champion\/"},"wordCount":1104,"publisher":{"@id":"https:\/\/www.organisator.ch\/#organization"},"image":{"@id":"https:\/\/www.organisator.ch\/management\/2024-12-09\/opacc-connect-2024-schritt-fuer-schritt-zum-digitalen-champion\/#primaryimage"},"thumbnailUrl":"https:\/\/www.organisator.ch\/wp-content\/uploads\/2024\/12\/Opacc_Bild1_ps.jpg","keywords":["Cloud","Kundenbed\u00fcrfnisse","Schweiz","Software","Stab\u00fcbergabe","Unternehmen"],"articleSection":["MANAGEMENT"],"inLanguage":"de"},{"@type":"WebPage","@id":"https:\/\/www.organisator.ch\/management\/2024-12-09\/opacc-connect-2024-schritt-fuer-schritt-zum-digitalen-champion\/","url":"https:\/\/www.organisator.ch\/management\/2024-12-09\/opacc-connect-2024-schritt-fuer-schritt-zum-digitalen-champion\/","name":"Opacc Connect 2024: Schritt f\u00fcr Schritt zum digitalen Champion - Organisator","isPartOf":{"@id":"https:\/\/www.organisator.ch\/#website"},"primaryImageOfPage":{"@id":"https:\/\/www.organisator.ch\/management\/2024-12-09\/opacc-connect-2024-schritt-fuer-schritt-zum-digitalen-champion\/#primaryimage"},"image":{"@id":"https:\/\/www.organisator.ch\/management\/2024-12-09\/opacc-connect-2024-schritt-fuer-schritt-zum-digitalen-champion\/#primaryimage"},"thumbnailUrl":"https:\/\/www.organisator.ch\/wp-content\/uploads\/2024\/12\/Opacc_Bild1_ps.jpg","datePublished":"2024-12-09T09:02:52+00:00","description":"Am 21. November lud Opacc rund 500 Besucherinnen und Besucher zur Connect 2024 ins Verkehrshaus Luzern ein.","breadcrumb":{"@id":"https:\/\/www.organisator.ch\/management\/2024-12-09\/opacc-connect-2024-schritt-fuer-schritt-zum-digitalen-champion\/#breadcrumb"},"inLanguage":"de","potentialAction":[{"@type":"ReadAction","target":["https:\/\/www.organisator.ch\/management\/2024-12-09\/opacc-connect-2024-schritt-fuer-schritt-zum-digitalen-champion\/"]}]},{"@type":"ImageObject","inLanguage":"de","@id":"https:\/\/www.organisator.ch\/management\/2024-12-09\/opacc-connect-2024-schritt-fuer-schritt-zum-digitalen-champion\/#primaryimage","url":"https:\/\/www.organisator.ch\/wp-content\/uploads\/2024\/12\/Opacc_Bild1_ps.jpg","contentUrl":"https:\/\/www.organisator.ch\/wp-content\/uploads\/2024\/12\/Opacc_Bild1_ps.jpg","width":680,"height":403,"caption":"Unter dem Motto \u201eDigitale Evolution \u2013 Schritt f\u00fcr Schritt zum digitalen Champion\u201c bot die Opacc Connect einen Nachmittag voller Inspiration, Neuheiten und pers\u00f6nlicher Begegnungen. (Bild: Opacc)"},{"@type":"BreadcrumbList","@id":"https:\/\/www.organisator.ch\/management\/2024-12-09\/opacc-connect-2024-schritt-fuer-schritt-zum-digitalen-champion\/#breadcrumb","itemListElement":[{"@type":"ListItem","position":1,"name":"Home","item":"https:\/\/www.organisator.ch\/"},{"@type":"ListItem","position":2,"name":"Opacc Connect 2024: Schritt f\u00fcr Schritt zum digitalen Champion"}]},{"@type":"WebSite","@id":"https:\/\/www.organisator.ch\/#website","url":"https:\/\/www.organisator.ch\/","name":"Organisator","description":"Kompetent. Praxisnah. Der ORGANISATOR bereitet in 10 Ausgaben pro Jahr die wesentlichen Themen f\u00fcr F\u00fchrungskr\u00e4fte von KMU auf.","publisher":{"@id":"https:\/\/www.organisator.ch\/#organization"},"potentialAction":[{"@type":"SearchAction","target":{"@type":"EntryPoint","urlTemplate":"https:\/\/www.organisator.ch\/?s={search_term_string}"},"query-input":{"@type":"PropertyValueSpecification","valueRequired":true,"valueName":"search_term_string"}}],"inLanguage":"de"},{"@type":"Organization","@id":"https:\/\/www.organisator.ch\/#organization","name":"Organisator","url":"https:\/\/www.organisator.ch\/","logo":{"@type":"ImageObject","inLanguage":"de","@id":"https:\/\/www.organisator.ch\/#\/schema\/logo\/image\/","url":"https:\/\/www.organisator.ch\/wp-content\/uploads\/2022\/01\/Logo_Organisator_Website.png","contentUrl":"https:\/\/www.organisator.ch\/wp-content\/uploads\/2022\/01\/Logo_Organisator_Website.png","width":800,"height":77,"caption":"Organisator"},"image":{"@id":"https:\/\/www.organisator.ch\/#\/schema\/logo\/image\/"},"sameAs":["https:\/\/www.facebook.com\/OrganisatorFachmagazin","https:\/\/www.linkedin.com\/showcase\/organisator-das-magazin-fr-kmu","https:\/\/www.xing.com\/news\/pages\/organisator-ch-695","https:\/\/www.youtube.com\/channel\/UCGP2Sq0iWaZwT3BdIAQFYpw"]},{"@type":"Person","@id":"https:\/\/www.organisator.ch\/#\/schema\/person\/afccda3a71c06d4be2ed9100dd163db7","name":"Dzana Muminovic","image":{"@type":"ImageObject","inLanguage":"de","@id":"https:\/\/secure.gravatar.com\/avatar\/909c5c71aff4b38e88686f2ab2f1ba152571f394f41ed8bae431ea56ced93050?s=96&d=mm&r=g","url":"https:\/\/secure.gravatar.com\/avatar\/909c5c71aff4b38e88686f2ab2f1ba152571f394f41ed8bae431ea56ced93050?s=96&d=mm&r=g","contentUrl":"https:\/\/secure.gravatar.com\/avatar\/909c5c71aff4b38e88686f2ab2f1ba152571f394f41ed8bae431ea56ced93050?s=96&d=mm&r=g","caption":"Dzana Muminovic"},"url":"https:\/\/www.organisator.ch\/de\/author\/dzana-muminovic\/"}]}},"_links":{"self":[{"href":"https:\/\/www.organisator.ch\/de\/wp-json\/wp\/v2\/posts\/34123","targetHints":{"allow":["GET"]}}],"collection":[{"href":"https:\/\/www.organisator.ch\/de\/wp-json\/wp\/v2\/posts"}],"about":[{"href":"https:\/\/www.organisator.ch\/de\/wp-json\/wp\/v2\/types\/post"}],"author":[{"embeddable":true,"href":"https:\/\/www.organisator.ch\/de\/wp-json\/wp\/v2\/users\/80"}],"replies":[{"embeddable":true,"href":"https:\/\/www.organisator.ch\/de\/wp-json\/wp\/v2\/comments?post=34123"}],"version-history":[{"count":9,"href":"https:\/\/www.organisator.ch\/de\/wp-json\/wp\/v2\/posts\/34123\/revisions"}],"predecessor-version":[{"id":34571,"href":"https:\/\/www.organisator.ch\/de\/wp-json\/wp\/v2\/posts\/34123\/revisions\/34571"}],"wp:featuredmedia":[{"embeddable":true,"href":"https:\/\/www.organisator.ch\/de\/wp-json\/wp\/v2\/media\/34484"}],"wp:attachment":[{"href":"https:\/\/www.organisator.ch\/de\/wp-json\/wp\/v2\/media?parent=34123"}],"wp:term":[{"taxonomy":"category","embeddable":true,"href":"https:\/\/www.organisator.ch\/de\/wp-json\/wp\/v2\/categories?post=34123"},{"taxonomy":"post_tag","embeddable":true,"href":"https:\/\/www.organisator.ch\/de\/wp-json\/wp\/v2\/tags?post=34123"}],"curies":[{"name":"wp","href":"https:\/\/api.w.org\/{rel}","templated":true}]}}