{"id":34165,"date":"2024-11-29T10:59:31","date_gmt":"2024-11-29T09:59:31","guid":{"rendered":"https:\/\/www.markt-kom.com\/?p=227365"},"modified":"2024-12-02T07:40:16","modified_gmt":"2024-12-02T06:40:16","slug":"jeff-gerber-und-corinne-hert-uebernehmen-komet","status":"publish","type":"post","link":"https:\/\/www.organisator.ch\/de\/marketing\/2024-11-29\/jeff-gerber-und-corinne-hert-uebernehmen-komet\/","title":{"rendered":"Jeff Gerber und Corinne Hert \u00fcbernehmen Komet"},"content":{"rendered":"<figure id=\"attachment_227366\" class=\"wp-caption aligncenter\" style=\"width: 1200px;\" aria-describedby=\"caption-attachment-227366\"><img class=\"size-full wp-image-227366\" src=\"https:\/\/www.markt-kom.com\/wp-content\/uploads\/2024\/11\/KOMET_0345-Kopie.jpg\" sizes=\"(max-width: 1200px) 100vw, 1200px\" srcset=\"https:\/\/www.markt-kom.com\/wp-content\/uploads\/2024\/11\/KOMET_0345-Kopie.jpg 1200w, https:\/\/www.markt-kom.com\/wp-content\/uploads\/2024\/11\/KOMET_0345-Kopie-600x450.jpg 600w, https:\/\/www.markt-kom.com\/wp-content\/uploads\/2024\/11\/KOMET_0345-Kopie-1024x768.jpg 1024w, https:\/\/www.markt-kom.com\/wp-content\/uploads\/2024\/11\/KOMET_0345-Kopie-768x576.jpg 768w, https:\/\/www.markt-kom.com\/wp-content\/uploads\/2024\/11\/KOMET_0345-Kopie-16x12.jpg 16w, https:\/\/www.markt-kom.com\/wp-content\/uploads\/2024\/11\/KOMET_0345-Kopie-233x175.jpg 233w, https:\/\/www.markt-kom.com\/wp-content\/uploads\/2024\/11\/KOMET_0345-Kopie-467x350.jpg 467w, https:\/\/www.markt-kom.com\/wp-content\/uploads\/2024\/11\/KOMET_0345-Kopie-1000x750.jpg 1000w\" alt=\"\" width=\"1200\" height=\"900\" \/>\r\n<figcaption id=\"caption-attachment-227366\" class=\"wp-caption-text\">Management-Buyout: Jeff Gerber und Corinne Hert \u00fcbernehmen die Berner Agentur Komet. (Bild: zVg.)<\/figcaption>\r\n<\/figure>\r\n<p>P\u00fcnktlich zum 25-Jahr-Jubil\u00e4um der renommierten Berner Werbeagentur und r\u00fcckwirkend auf den 1. Januar 2024 \u00fcbernehmen die beiden langj\u00e4hrigen Co-Gesch\u00e4ftsleitenden, Client Service Director Corinne Hert und Creative Director Jeff Gerber, mittels Management-Buyout 100 Prozent der Aktien der Berner LSA-Agentur Komet.<\/p>\r\n<p>\u00abEs war an der Zeit und der logische n\u00e4chste Schritt f\u00fcr die Agentur als auch f\u00fcr unsere\u00a0 pers\u00f6nliche Weiterentwicklung\u00bb, so Corinne Hert. Jeff Gerber erg\u00e4nzt: \u00abKomet steht auf einem gesunden Fundament und darf viele aufregende Marken, Dienstleistungen und Produkte kommunikativ begleiten. Aber wir werden nicht stehen bleiben und freuen uns, das n\u00e4chste Kapitel in der mittlerweile 25-j\u00e4hrigen Erfolgsgeschichte der Agentur aufzuschlagen.\u00bb<\/p>","protected":false},"excerpt":{"rendered":"<p>Nachdem sich Gr\u00fcnder und Mehrheitsaktion\u00e4r Marcel Durst bereits 2020 aus dem operativen Gesch\u00e4ft zur\u00fcckgezogen hatte, \u00fcbernehmen nun die beiden Co-Gesch\u00e4ftsleiter:innen Corinne Hert und Jeff Gerber die Berner Agentur Komet.<\/p>\n","protected":false},"author":8,"featured_media":0,"comment_status":"closed","ping_status":"closed","sticky":false,"template":"","format":"standard","meta":{"_acf_changed":false,"_yoast_wpseo_focuskw":"Berner Agentur Komet","_yoast_wpseo_metadesc":"Corinne Hert und Jeff Gerber \u00fcbernehmen die Berner Agentur Komet zum 25-Jahr-Jubil\u00e4um durch Management-Buyout.","articlekey":"","footnotes":""},"categories":[29],"tags":[4345,4204],"class_list":["post-34165","post","type-post","status-publish","format-standard","hentry","category-marketing","tag-business","tag-komet"],"acf":[],"yoast_head":"<!-- This site is optimized with the Yoast SEO plugin v27.5 - https:\/\/yoast.com\/product\/yoast-seo-wordpress\/ -->\n<title>Jeff Gerber und Corinne Hert \u00fcbernehmen Komet - Organisator<\/title>\n<meta name=\"description\" content=\"Corinne Hert und Jeff Gerber \u00fcbernehmen die Berner Agentur Komet zum 25-Jahr-Jubil\u00e4um durch Management-Buyout.\" \/>\n<meta name=\"robots\" content=\"index, follow, max-snippet:-1, max-image-preview:large, max-video-preview:-1\" \/>\n<link rel=\"canonical\" href=\"https:\/\/www.organisator.ch\/de\/marketing\/2024-11-29\/jeff-gerber-und-corinne-hert-uebernehmen-komet\/\" \/>\n<meta property=\"og:locale\" content=\"de_DE\" \/>\n<meta property=\"og:type\" content=\"article\" \/>\n<meta property=\"og:title\" content=\"Jeff Gerber und Corinne Hert \u00fcbernehmen Komet - Organisator\" \/>\n<meta property=\"og:description\" content=\"Corinne Hert und Jeff Gerber \u00fcbernehmen die Berner Agentur Komet zum 25-Jahr-Jubil\u00e4um durch Management-Buyout.\" \/>\n<meta property=\"og:url\" content=\"https:\/\/www.organisator.ch\/de\/marketing\/2024-11-29\/jeff-gerber-und-corinne-hert-uebernehmen-komet\/\" \/>\n<meta property=\"og:site_name\" content=\"Organisator\" \/>\n<meta property=\"article:publisher\" content=\"https:\/\/www.facebook.com\/OrganisatorFachmagazin\" \/>\n<meta property=\"article:published_time\" content=\"2024-11-29T09:59:31+00:00\" \/>\n<meta property=\"article:modified_time\" content=\"2024-12-02T06:40:16+00:00\" \/>\n<meta name=\"author\" content=\"galledia\" \/>\n<meta name=\"twitter:card\" content=\"summary_large_image\" \/>\n<meta name=\"twitter:creator\" content=\"@admin\" \/>\n<script type=\"application\/ld+json\" class=\"yoast-schema-graph\">{\"@context\":\"https:\\\/\\\/schema.org\",\"@graph\":[{\"@type\":\"Article\",\"@id\":\"https:\\\/\\\/www.organisator.ch\\\/marketing\\\/2024-11-29\\\/jeff-gerber-und-corinne-hert-uebernehmen-komet\\\/#article\",\"isPartOf\":{\"@id\":\"https:\\\/\\\/www.organisator.ch\\\/marketing\\\/2024-11-29\\\/jeff-gerber-und-corinne-hert-uebernehmen-komet\\\/\"},\"author\":{\"name\":\"galledia\",\"@id\":\"https:\\\/\\\/www.organisator.ch\\\/#\\\/schema\\\/person\\\/4e51799071cd2dd1232ac003643ef5f0\"},\"headline\":\"Jeff Gerber und Corinne Hert \u00fcbernehmen Komet\",\"datePublished\":\"2024-11-29T09:59:31+00:00\",\"dateModified\":\"2024-12-02T06:40:16+00:00\",\"mainEntityOfPage\":{\"@id\":\"https:\\\/\\\/www.organisator.ch\\\/marketing\\\/2024-11-29\\\/jeff-gerber-und-corinne-hert-uebernehmen-komet\\\/\"},\"wordCount\":129,\"publisher\":{\"@id\":\"https:\\\/\\\/www.organisator.ch\\\/#organization\"},\"image\":{\"@id\":\"https:\\\/\\\/www.organisator.ch\\\/marketing\\\/2024-11-29\\\/jeff-gerber-und-corinne-hert-uebernehmen-komet\\\/#primaryimage\"},\"thumbnailUrl\":\"https:\\\/\\\/www.markt-kom.com\\\/wp-content\\\/uploads\\\/2024\\\/11\\\/KOMET_0345-Kopie.jpg\",\"keywords\":[\"Business\",\"Komet\"],\"articleSection\":[\"MARKETING\"],\"inLanguage\":\"de\"},{\"@type\":\"WebPage\",\"@id\":\"https:\\\/\\\/www.organisator.ch\\\/marketing\\\/2024-11-29\\\/jeff-gerber-und-corinne-hert-uebernehmen-komet\\\/\",\"url\":\"https:\\\/\\\/www.organisator.ch\\\/marketing\\\/2024-11-29\\\/jeff-gerber-und-corinne-hert-uebernehmen-komet\\\/\",\"name\":\"Jeff Gerber und Corinne Hert \u00fcbernehmen Komet - Organisator\",\"isPartOf\":{\"@id\":\"https:\\\/\\\/www.organisator.ch\\\/#website\"},\"primaryImageOfPage\":{\"@id\":\"https:\\\/\\\/www.organisator.ch\\\/marketing\\\/2024-11-29\\\/jeff-gerber-und-corinne-hert-uebernehmen-komet\\\/#primaryimage\"},\"image\":{\"@id\":\"https:\\\/\\\/www.organisator.ch\\\/marketing\\\/2024-11-29\\\/jeff-gerber-und-corinne-hert-uebernehmen-komet\\\/#primaryimage\"},\"thumbnailUrl\":\"https:\\\/\\\/www.markt-kom.com\\\/wp-content\\\/uploads\\\/2024\\\/11\\\/KOMET_0345-Kopie.jpg\",\"datePublished\":\"2024-11-29T09:59:31+00:00\",\"dateModified\":\"2024-12-02T06:40:16+00:00\",\"description\":\"Corinne Hert und Jeff Gerber \u00fcbernehmen die Berner Agentur Komet zum 25-Jahr-Jubil\u00e4um durch Management-Buyout.\",\"breadcrumb\":{\"@id\":\"https:\\\/\\\/www.organisator.ch\\\/marketing\\\/2024-11-29\\\/jeff-gerber-und-corinne-hert-uebernehmen-komet\\\/#breadcrumb\"},\"inLanguage\":\"de\",\"potentialAction\":[{\"@type\":\"ReadAction\",\"target\":[\"https:\\\/\\\/www.organisator.ch\\\/marketing\\\/2024-11-29\\\/jeff-gerber-und-corinne-hert-uebernehmen-komet\\\/\"]}]},{\"@type\":\"ImageObject\",\"inLanguage\":\"de\",\"@id\":\"https:\\\/\\\/www.organisator.ch\\\/marketing\\\/2024-11-29\\\/jeff-gerber-und-corinne-hert-uebernehmen-komet\\\/#primaryimage\",\"url\":\"https:\\\/\\\/www.markt-kom.com\\\/wp-content\\\/uploads\\\/2024\\\/11\\\/KOMET_0345-Kopie.jpg\",\"contentUrl\":\"https:\\\/\\\/www.markt-kom.com\\\/wp-content\\\/uploads\\\/2024\\\/11\\\/KOMET_0345-Kopie.jpg\"},{\"@type\":\"BreadcrumbList\",\"@id\":\"https:\\\/\\\/www.organisator.ch\\\/marketing\\\/2024-11-29\\\/jeff-gerber-und-corinne-hert-uebernehmen-komet\\\/#breadcrumb\",\"itemListElement\":[{\"@type\":\"ListItem\",\"position\":1,\"name\":\"Home\",\"item\":\"https:\\\/\\\/www.organisator.ch\\\/\"},{\"@type\":\"ListItem\",\"position\":2,\"name\":\"Jeff Gerber und Corinne Hert \u00fcbernehmen Komet\"}]},{\"@type\":\"WebSite\",\"@id\":\"https:\\\/\\\/www.organisator.ch\\\/#website\",\"url\":\"https:\\\/\\\/www.organisator.ch\\\/\",\"name\":\"Organisator\",\"description\":\"Kompetent. Praxisnah. Der ORGANISATOR bereitet in 10 Ausgaben pro Jahr die wesentlichen Themen f\u00fcr F\u00fchrungskr\u00e4fte von KMU auf.\",\"publisher\":{\"@id\":\"https:\\\/\\\/www.organisator.ch\\\/#organization\"},\"potentialAction\":[{\"@type\":\"SearchAction\",\"target\":{\"@type\":\"EntryPoint\",\"urlTemplate\":\"https:\\\/\\\/www.organisator.ch\\\/?s={search_term_string}\"},\"query-input\":{\"@type\":\"PropertyValueSpecification\",\"valueRequired\":true,\"valueName\":\"search_term_string\"}}],\"inLanguage\":\"de\"},{\"@type\":\"Organization\",\"@id\":\"https:\\\/\\\/www.organisator.ch\\\/#organization\",\"name\":\"Organisator\",\"url\":\"https:\\\/\\\/www.organisator.ch\\\/\",\"logo\":{\"@type\":\"ImageObject\",\"inLanguage\":\"de\",\"@id\":\"https:\\\/\\\/www.organisator.ch\\\/#\\\/schema\\\/logo\\\/image\\\/\",\"url\":\"https:\\\/\\\/www.organisator.ch\\\/wp-content\\\/uploads\\\/2022\\\/01\\\/Logo_Organisator_Website.png\",\"contentUrl\":\"https:\\\/\\\/www.organisator.ch\\\/wp-content\\\/uploads\\\/2022\\\/01\\\/Logo_Organisator_Website.png\",\"width\":800,\"height\":77,\"caption\":\"Organisator\"},\"image\":{\"@id\":\"https:\\\/\\\/www.organisator.ch\\\/#\\\/schema\\\/logo\\\/image\\\/\"},\"sameAs\":[\"https:\\\/\\\/www.facebook.com\\\/OrganisatorFachmagazin\",\"https:\\\/\\\/www.linkedin.com\\\/showcase\\\/organisator-das-magazin-fr-kmu\",\"https:\\\/\\\/www.xing.com\\\/news\\\/pages\\\/organisator-ch-695\",\"https:\\\/\\\/www.youtube.com\\\/channel\\\/UCGP2Sq0iWaZwT3BdIAQFYpw\"]},{\"@type\":\"Person\",\"@id\":\"https:\\\/\\\/www.organisator.ch\\\/#\\\/schema\\\/person\\\/4e51799071cd2dd1232ac003643ef5f0\",\"name\":\"galledia\",\"image\":{\"@type\":\"ImageObject\",\"inLanguage\":\"de\",\"@id\":\"https:\\\/\\\/secure.gravatar.com\\\/avatar\\\/78a7f90c01fc2bfc875782a0d4922b37cde2cf184ce347b91316d23cd7f69a36?s=96&d=mm&r=g\",\"url\":\"https:\\\/\\\/secure.gravatar.com\\\/avatar\\\/78a7f90c01fc2bfc875782a0d4922b37cde2cf184ce347b91316d23cd7f69a36?s=96&d=mm&r=g\",\"contentUrl\":\"https:\\\/\\\/secure.gravatar.com\\\/avatar\\\/78a7f90c01fc2bfc875782a0d4922b37cde2cf184ce347b91316d23cd7f69a36?s=96&d=mm&r=g\",\"caption\":\"galledia\"},\"sameAs\":[\"https:\\\/\\\/x.com\\\/admin\"],\"url\":\"https:\\\/\\\/www.organisator.ch\\\/de\\\/author\\\/galledia\\\/\"}]}<\/script>\n<!-- \/ Yoast SEO plugin. -->","yoast_head_json":{"title":"Jeff Gerber und Corinne Hert \u00fcbernehmen Komet - Organisator","description":"Corinne Hert und Jeff Gerber \u00fcbernehmen die Berner Agentur Komet zum 25-Jahr-Jubil\u00e4um durch Management-Buyout.","robots":{"index":"index","follow":"follow","max-snippet":"max-snippet:-1","max-image-preview":"max-image-preview:large","max-video-preview":"max-video-preview:-1"},"canonical":"https:\/\/www.organisator.ch\/de\/marketing\/2024-11-29\/jeff-gerber-und-corinne-hert-uebernehmen-komet\/","og_locale":"de_DE","og_type":"article","og_title":"Jeff Gerber und Corinne Hert \u00fcbernehmen Komet - Organisator","og_description":"Corinne Hert und Jeff Gerber \u00fcbernehmen die Berner Agentur Komet zum 25-Jahr-Jubil\u00e4um durch Management-Buyout.","og_url":"https:\/\/www.organisator.ch\/de\/marketing\/2024-11-29\/jeff-gerber-und-corinne-hert-uebernehmen-komet\/","og_site_name":"Organisator","article_publisher":"https:\/\/www.facebook.com\/OrganisatorFachmagazin","article_published_time":"2024-11-29T09:59:31+00:00","article_modified_time":"2024-12-02T06:40:16+00:00","author":"galledia","twitter_card":"summary_large_image","twitter_creator":"@admin","schema":{"@context":"https:\/\/schema.org","@graph":[{"@type":"Article","@id":"https:\/\/www.organisator.ch\/marketing\/2024-11-29\/jeff-gerber-und-corinne-hert-uebernehmen-komet\/#article","isPartOf":{"@id":"https:\/\/www.organisator.ch\/marketing\/2024-11-29\/jeff-gerber-und-corinne-hert-uebernehmen-komet\/"},"author":{"name":"galledia","@id":"https:\/\/www.organisator.ch\/#\/schema\/person\/4e51799071cd2dd1232ac003643ef5f0"},"headline":"Jeff Gerber und Corinne Hert \u00fcbernehmen Komet","datePublished":"2024-11-29T09:59:31+00:00","dateModified":"2024-12-02T06:40:16+00:00","mainEntityOfPage":{"@id":"https:\/\/www.organisator.ch\/marketing\/2024-11-29\/jeff-gerber-und-corinne-hert-uebernehmen-komet\/"},"wordCount":129,"publisher":{"@id":"https:\/\/www.organisator.ch\/#organization"},"image":{"@id":"https:\/\/www.organisator.ch\/marketing\/2024-11-29\/jeff-gerber-und-corinne-hert-uebernehmen-komet\/#primaryimage"},"thumbnailUrl":"https:\/\/www.markt-kom.com\/wp-content\/uploads\/2024\/11\/KOMET_0345-Kopie.jpg","keywords":["Business","Komet"],"articleSection":["MARKETING"],"inLanguage":"de"},{"@type":"WebPage","@id":"https:\/\/www.organisator.ch\/marketing\/2024-11-29\/jeff-gerber-und-corinne-hert-uebernehmen-komet\/","url":"https:\/\/www.organisator.ch\/marketing\/2024-11-29\/jeff-gerber-und-corinne-hert-uebernehmen-komet\/","name":"Jeff Gerber und Corinne Hert \u00fcbernehmen Komet - Organisator","isPartOf":{"@id":"https:\/\/www.organisator.ch\/#website"},"primaryImageOfPage":{"@id":"https:\/\/www.organisator.ch\/marketing\/2024-11-29\/jeff-gerber-und-corinne-hert-uebernehmen-komet\/#primaryimage"},"image":{"@id":"https:\/\/www.organisator.ch\/marketing\/2024-11-29\/jeff-gerber-und-corinne-hert-uebernehmen-komet\/#primaryimage"},"thumbnailUrl":"https:\/\/www.markt-kom.com\/wp-content\/uploads\/2024\/11\/KOMET_0345-Kopie.jpg","datePublished":"2024-11-29T09:59:31+00:00","dateModified":"2024-12-02T06:40:16+00:00","description":"Corinne Hert und Jeff Gerber \u00fcbernehmen die Berner Agentur Komet zum 25-Jahr-Jubil\u00e4um durch Management-Buyout.","breadcrumb":{"@id":"https:\/\/www.organisator.ch\/marketing\/2024-11-29\/jeff-gerber-und-corinne-hert-uebernehmen-komet\/#breadcrumb"},"inLanguage":"de","potentialAction":[{"@type":"ReadAction","target":["https:\/\/www.organisator.ch\/marketing\/2024-11-29\/jeff-gerber-und-corinne-hert-uebernehmen-komet\/"]}]},{"@type":"ImageObject","inLanguage":"de","@id":"https:\/\/www.organisator.ch\/marketing\/2024-11-29\/jeff-gerber-und-corinne-hert-uebernehmen-komet\/#primaryimage","url":"https:\/\/www.markt-kom.com\/wp-content\/uploads\/2024\/11\/KOMET_0345-Kopie.jpg","contentUrl":"https:\/\/www.markt-kom.com\/wp-content\/uploads\/2024\/11\/KOMET_0345-Kopie.jpg"},{"@type":"BreadcrumbList","@id":"https:\/\/www.organisator.ch\/marketing\/2024-11-29\/jeff-gerber-und-corinne-hert-uebernehmen-komet\/#breadcrumb","itemListElement":[{"@type":"ListItem","position":1,"name":"Home","item":"https:\/\/www.organisator.ch\/"},{"@type":"ListItem","position":2,"name":"Jeff Gerber und Corinne Hert \u00fcbernehmen Komet"}]},{"@type":"WebSite","@id":"https:\/\/www.organisator.ch\/#website","url":"https:\/\/www.organisator.ch\/","name":"Organisator","description":"Kompetent. Praxisnah. Der ORGANISATOR bereitet in 10 Ausgaben pro Jahr die wesentlichen Themen f\u00fcr F\u00fchrungskr\u00e4fte von KMU auf.","publisher":{"@id":"https:\/\/www.organisator.ch\/#organization"},"potentialAction":[{"@type":"SearchAction","target":{"@type":"EntryPoint","urlTemplate":"https:\/\/www.organisator.ch\/?s={search_term_string}"},"query-input":{"@type":"PropertyValueSpecification","valueRequired":true,"valueName":"search_term_string"}}],"inLanguage":"de"},{"@type":"Organization","@id":"https:\/\/www.organisator.ch\/#organization","name":"Organisator","url":"https:\/\/www.organisator.ch\/","logo":{"@type":"ImageObject","inLanguage":"de","@id":"https:\/\/www.organisator.ch\/#\/schema\/logo\/image\/","url":"https:\/\/www.organisator.ch\/wp-content\/uploads\/2022\/01\/Logo_Organisator_Website.png","contentUrl":"https:\/\/www.organisator.ch\/wp-content\/uploads\/2022\/01\/Logo_Organisator_Website.png","width":800,"height":77,"caption":"Organisator"},"image":{"@id":"https:\/\/www.organisator.ch\/#\/schema\/logo\/image\/"},"sameAs":["https:\/\/www.facebook.com\/OrganisatorFachmagazin","https:\/\/www.linkedin.com\/showcase\/organisator-das-magazin-fr-kmu","https:\/\/www.xing.com\/news\/pages\/organisator-ch-695","https:\/\/www.youtube.com\/channel\/UCGP2Sq0iWaZwT3BdIAQFYpw"]},{"@type":"Person","@id":"https:\/\/www.organisator.ch\/#\/schema\/person\/4e51799071cd2dd1232ac003643ef5f0","name":"galledia","image":{"@type":"ImageObject","inLanguage":"de","@id":"https:\/\/secure.gravatar.com\/avatar\/78a7f90c01fc2bfc875782a0d4922b37cde2cf184ce347b91316d23cd7f69a36?s=96&d=mm&r=g","url":"https:\/\/secure.gravatar.com\/avatar\/78a7f90c01fc2bfc875782a0d4922b37cde2cf184ce347b91316d23cd7f69a36?s=96&d=mm&r=g","contentUrl":"https:\/\/secure.gravatar.com\/avatar\/78a7f90c01fc2bfc875782a0d4922b37cde2cf184ce347b91316d23cd7f69a36?s=96&d=mm&r=g","caption":"galledia"},"sameAs":["https:\/\/x.com\/admin"],"url":"https:\/\/www.organisator.ch\/de\/author\/galledia\/"}]}},"_links":{"self":[{"href":"https:\/\/www.organisator.ch\/de\/wp-json\/wp\/v2\/posts\/34165","targetHints":{"allow":["GET"]}}],"collection":[{"href":"https:\/\/www.organisator.ch\/de\/wp-json\/wp\/v2\/posts"}],"about":[{"href":"https:\/\/www.organisator.ch\/de\/wp-json\/wp\/v2\/types\/post"}],"author":[{"embeddable":true,"href":"https:\/\/www.organisator.ch\/de\/wp-json\/wp\/v2\/users\/8"}],"replies":[{"embeddable":true,"href":"https:\/\/www.organisator.ch\/de\/wp-json\/wp\/v2\/comments?post=34165"}],"version-history":[{"count":5,"href":"https:\/\/www.organisator.ch\/de\/wp-json\/wp\/v2\/posts\/34165\/revisions"}],"predecessor-version":[{"id":34182,"href":"https:\/\/www.organisator.ch\/de\/wp-json\/wp\/v2\/posts\/34165\/revisions\/34182"}],"wp:attachment":[{"href":"https:\/\/www.organisator.ch\/de\/wp-json\/wp\/v2\/media?parent=34165"}],"wp:term":[{"taxonomy":"category","embeddable":true,"href":"https:\/\/www.organisator.ch\/de\/wp-json\/wp\/v2\/categories?post=34165"},{"taxonomy":"post_tag","embeddable":true,"href":"https:\/\/www.organisator.ch\/de\/wp-json\/wp\/v2\/tags?post=34165"}],"curies":[{"name":"wp","href":"https:\/\/api.w.org\/{rel}","templated":true}]}}