{"id":34239,"date":"2024-12-05T23:25:25","date_gmt":"2024-12-05T22:25:25","guid":{"rendered":"https:\/\/www.organisator.ch\/de\/?p=34239"},"modified":"2024-12-02T15:15:13","modified_gmt":"2024-12-02T14:15:13","slug":"gebaeude-als-gesamtsystem-anschauen","status":"publish","type":"post","link":"https:\/\/www.organisator.ch\/de\/abo\/2024-12-05\/gebaeude-als-gesamtsystem-anschauen\/","title":{"rendered":"\u00abGeb\u00e4ude als Gesamtsystem anschauen\u00bb"},"content":{"rendered":"<div class=\"swpm-post-not-logged-in-msg\">You need to be logged in to view this content. Bitte <a class=\"swpm-login-link\" href=\"https:\/\/www.organisator.ch\/login\/\">Log In<\/a>. Kein Mitglied? <a href=\"https:\/\/www.organisator.ch\/shop\/\">Werden Sie Mitglied bei uns<\/a><\/div>","protected":false},"excerpt":{"rendered":"<p>Die Energiekrise und die dadurch gestiegenen Energie- und Rohstoffpreise beeinflussen derzeit massgeblich die Bau- und Immobilienbranche. Die Verantwortlichen stehen vor enormen Herausforderungen &#x2013; und dem Facility-Management kommt eine immer wichtigere Bedeutung zu.<\/p>\n","protected":false},"author":1,"featured_media":34237,"comment_status":"closed","ping_status":"closed","sticky":false,"template":"","format":"standard","meta":{"_acf_changed":false,"_yoast_wpseo_focuskw":"Facility Management","_yoast_wpseo_metadesc":"Die Energiekrise fordert die Bau- und Immobilienbranche. Facility-Management wird wichtiger f\u00fcr nachhaltige und kosteneffiziente L\u00f6sungen.","articlekey":"125303","footnotes":""},"categories":[578,580],"tags":[4890,3363,2825,195,1787,2246],"class_list":["post-34239","post","type-post","status-publish","format-standard","has-post-thumbnail","hentry","category-abo","category-sustainability","tag-bau-und-immobilienbranche","tag-energiekrise","tag-esg-standards-2","tag-facility-management","tag-nachhaltigkeit","tag-sustainability"],"acf":[],"yoast_head":"<!-- This site is optimized with the Yoast SEO plugin v27.5 - https:\/\/yoast.com\/product\/yoast-seo-wordpress\/ -->\n<title>\u00abGeb\u00e4ude als Gesamtsystem anschauen\u00bb - Organisator<\/title>\n<meta name=\"description\" content=\"Die Energiekrise fordert die Bau- und Immobilienbranche. Facility-Management wird wichtiger f\u00fcr nachhaltige und kosteneffiziente L\u00f6sungen.\" \/>\n<meta name=\"robots\" content=\"index, follow, max-snippet:-1, max-image-preview:large, max-video-preview:-1\" \/>\n<link rel=\"canonical\" href=\"https:\/\/www.organisator.ch\/de\/abo\/2024-12-05\/gebaeude-als-gesamtsystem-anschauen\/\" \/>\n<meta property=\"og:locale\" content=\"de_DE\" \/>\n<meta property=\"og:type\" content=\"article\" \/>\n<meta property=\"og:title\" content=\"\u00abGeb\u00e4ude als Gesamtsystem anschauen\u00bb\" \/>\n<meta property=\"og:description\" content=\"Die Energiekrise fordert die Bau- und Immobilienbranche. Facility-Management wird wichtiger f\u00fcr nachhaltige und kosteneffiziente L\u00f6sungen.\" \/>\n<meta property=\"og:url\" content=\"https:\/\/www.organisator.ch\/de\/abo\/2024-12-05\/gebaeude-als-gesamtsystem-anschauen\/\" \/>\n<meta property=\"og:site_name\" content=\"Organisator\" \/>\n<meta property=\"article:publisher\" content=\"https:\/\/www.facebook.com\/OrganisatorFachmagazin\" \/>\n<meta property=\"article:published_time\" content=\"2024-12-05T22:25:25+00:00\" \/>\n<meta property=\"og:image\" content=\"https:\/\/www.organisator.ch\/wp-content\/uploads\/2024\/12\/Sustainability_Auftakt_Bild1_NEU_organisator_130315-scaled-e1733148089166.jpg\" \/>\n\t<meta property=\"og:image:width\" content=\"1040\" \/>\n\t<meta property=\"og:image:height\" content=\"1050\" \/>\n\t<meta property=\"og:image:type\" content=\"image\/jpeg\" \/>\n<meta name=\"author\" content=\"admin\" \/>\n<meta name=\"twitter:card\" content=\"summary_large_image\" \/>\n<meta name=\"twitter:title\" content=\"\u00abGeb\u00e4ude als Gesamtsystem anschauen\u00bb\" \/>\n<meta name=\"twitter:description\" content=\"Die #Energiekrise fordert die #Bau- und #Immobilienbranche. #Facility-#Management wird wichtiger f\u00fcr #nachhaltige und #kosteneffiziente L\u00f6sungen.\" \/>\n<meta name=\"twitter:image\" content=\"https:\/\/www.organisator.ch\/wp-content\/uploads\/2024\/12\/Sustainability_Auftakt_Bild1_NEU_organisator_130315-scaled-e1733148089166.jpg\" \/>\n<script type=\"application\/ld+json\" class=\"yoast-schema-graph\">{\"@context\":\"https:\\\/\\\/schema.org\",\"@graph\":[{\"@type\":\"Article\",\"@id\":\"https:\\\/\\\/www.organisator.ch\\\/abo\\\/2024-12-05\\\/gebaeude-als-gesamtsystem-anschauen\\\/#article\",\"isPartOf\":{\"@id\":\"https:\\\/\\\/www.organisator.ch\\\/abo\\\/2024-12-05\\\/gebaeude-als-gesamtsystem-anschauen\\\/\"},\"author\":{\"name\":\"admin\",\"@id\":\"https:\\\/\\\/www.organisator.ch\\\/#\\\/schema\\\/person\\\/aa2bace6c5c5aad60102004a50c4eb1c\"},\"headline\":\"\u00abGeb\u00e4ude als Gesamtsystem anschauen\u00bb\",\"datePublished\":\"2024-12-05T22:25:25+00:00\",\"mainEntityOfPage\":{\"@id\":\"https:\\\/\\\/www.organisator.ch\\\/abo\\\/2024-12-05\\\/gebaeude-als-gesamtsystem-anschauen\\\/\"},\"wordCount\":2120,\"publisher\":{\"@id\":\"https:\\\/\\\/www.organisator.ch\\\/#organization\"},\"image\":{\"@id\":\"https:\\\/\\\/www.organisator.ch\\\/abo\\\/2024-12-05\\\/gebaeude-als-gesamtsystem-anschauen\\\/#primaryimage\"},\"thumbnailUrl\":\"https:\\\/\\\/www.organisator.ch\\\/wp-content\\\/uploads\\\/2024\\\/12\\\/Sustainability_Auftakt_Bild1_NEU_organisator_130315-scaled-e1733148089166.jpg\",\"keywords\":[\"Bau- und Immobilienbranche\",\"Energiekrise\",\"ESG Standards\",\"Facility Management\",\"Nachhaltigkeit\",\"Sustainability\"],\"articleSection\":[\"ABO+\",\"SUSTAINABILITY\"],\"inLanguage\":\"de\"},{\"@type\":\"WebPage\",\"@id\":\"https:\\\/\\\/www.organisator.ch\\\/abo\\\/2024-12-05\\\/gebaeude-als-gesamtsystem-anschauen\\\/\",\"url\":\"https:\\\/\\\/www.organisator.ch\\\/abo\\\/2024-12-05\\\/gebaeude-als-gesamtsystem-anschauen\\\/\",\"name\":\"\u00abGeb\u00e4ude als Gesamtsystem anschauen\u00bb - Organisator\",\"isPartOf\":{\"@id\":\"https:\\\/\\\/www.organisator.ch\\\/#website\"},\"primaryImageOfPage\":{\"@id\":\"https:\\\/\\\/www.organisator.ch\\\/abo\\\/2024-12-05\\\/gebaeude-als-gesamtsystem-anschauen\\\/#primaryimage\"},\"image\":{\"@id\":\"https:\\\/\\\/www.organisator.ch\\\/abo\\\/2024-12-05\\\/gebaeude-als-gesamtsystem-anschauen\\\/#primaryimage\"},\"thumbnailUrl\":\"https:\\\/\\\/www.organisator.ch\\\/wp-content\\\/uploads\\\/2024\\\/12\\\/Sustainability_Auftakt_Bild1_NEU_organisator_130315-scaled-e1733148089166.jpg\",\"datePublished\":\"2024-12-05T22:25:25+00:00\",\"description\":\"Die Energiekrise fordert die Bau- und Immobilienbranche. Facility-Management wird wichtiger f\u00fcr nachhaltige und kosteneffiziente L\u00f6sungen.\",\"breadcrumb\":{\"@id\":\"https:\\\/\\\/www.organisator.ch\\\/abo\\\/2024-12-05\\\/gebaeude-als-gesamtsystem-anschauen\\\/#breadcrumb\"},\"inLanguage\":\"de\",\"potentialAction\":[{\"@type\":\"ReadAction\",\"target\":[\"https:\\\/\\\/www.organisator.ch\\\/abo\\\/2024-12-05\\\/gebaeude-als-gesamtsystem-anschauen\\\/\"]}]},{\"@type\":\"ImageObject\",\"inLanguage\":\"de\",\"@id\":\"https:\\\/\\\/www.organisator.ch\\\/abo\\\/2024-12-05\\\/gebaeude-als-gesamtsystem-anschauen\\\/#primaryimage\",\"url\":\"https:\\\/\\\/www.organisator.ch\\\/wp-content\\\/uploads\\\/2024\\\/12\\\/Sustainability_Auftakt_Bild1_NEU_organisator_130315-scaled-e1733148089166.jpg\",\"contentUrl\":\"https:\\\/\\\/www.organisator.ch\\\/wp-content\\\/uploads\\\/2024\\\/12\\\/Sustainability_Auftakt_Bild1_NEU_organisator_130315-scaled-e1733148089166.jpg\",\"width\":1040,\"height\":1050,\"caption\":\"ISS f\u00fchrt auch energetische Betriebsoptimierungen durch \u2013 ein bedeutender Schritt zu klimafreundlicheren Geb\u00e4uden Foto: ISS Schweiz\"},{\"@type\":\"BreadcrumbList\",\"@id\":\"https:\\\/\\\/www.organisator.ch\\\/abo\\\/2024-12-05\\\/gebaeude-als-gesamtsystem-anschauen\\\/#breadcrumb\",\"itemListElement\":[{\"@type\":\"ListItem\",\"position\":1,\"name\":\"Home\",\"item\":\"https:\\\/\\\/www.organisator.ch\\\/\"},{\"@type\":\"ListItem\",\"position\":2,\"name\":\"\u00abGeb\u00e4ude als Gesamtsystem anschauen\u00bb\"}]},{\"@type\":\"WebSite\",\"@id\":\"https:\\\/\\\/www.organisator.ch\\\/#website\",\"url\":\"https:\\\/\\\/www.organisator.ch\\\/\",\"name\":\"Organisator\",\"description\":\"Kompetent. Praxisnah. Der ORGANISATOR bereitet in 10 Ausgaben pro Jahr die wesentlichen Themen f\u00fcr F\u00fchrungskr\u00e4fte von KMU auf.\",\"publisher\":{\"@id\":\"https:\\\/\\\/www.organisator.ch\\\/#organization\"},\"potentialAction\":[{\"@type\":\"SearchAction\",\"target\":{\"@type\":\"EntryPoint\",\"urlTemplate\":\"https:\\\/\\\/www.organisator.ch\\\/?s={search_term_string}\"},\"query-input\":{\"@type\":\"PropertyValueSpecification\",\"valueRequired\":true,\"valueName\":\"search_term_string\"}}],\"inLanguage\":\"de\"},{\"@type\":\"Organization\",\"@id\":\"https:\\\/\\\/www.organisator.ch\\\/#organization\",\"name\":\"Organisator\",\"url\":\"https:\\\/\\\/www.organisator.ch\\\/\",\"logo\":{\"@type\":\"ImageObject\",\"inLanguage\":\"de\",\"@id\":\"https:\\\/\\\/www.organisator.ch\\\/#\\\/schema\\\/logo\\\/image\\\/\",\"url\":\"https:\\\/\\\/www.organisator.ch\\\/wp-content\\\/uploads\\\/2022\\\/01\\\/Logo_Organisator_Website.png\",\"contentUrl\":\"https:\\\/\\\/www.organisator.ch\\\/wp-content\\\/uploads\\\/2022\\\/01\\\/Logo_Organisator_Website.png\",\"width\":800,\"height\":77,\"caption\":\"Organisator\"},\"image\":{\"@id\":\"https:\\\/\\\/www.organisator.ch\\\/#\\\/schema\\\/logo\\\/image\\\/\"},\"sameAs\":[\"https:\\\/\\\/www.facebook.com\\\/OrganisatorFachmagazin\",\"https:\\\/\\\/www.linkedin.com\\\/showcase\\\/organisator-das-magazin-fr-kmu\",\"https:\\\/\\\/www.xing.com\\\/news\\\/pages\\\/organisator-ch-695\",\"https:\\\/\\\/www.youtube.com\\\/channel\\\/UCGP2Sq0iWaZwT3BdIAQFYpw\"]},{\"@type\":\"Person\",\"@id\":\"https:\\\/\\\/www.organisator.ch\\\/#\\\/schema\\\/person\\\/aa2bace6c5c5aad60102004a50c4eb1c\",\"name\":\"admin\",\"image\":{\"@type\":\"ImageObject\",\"inLanguage\":\"de\",\"@id\":\"https:\\\/\\\/secure.gravatar.com\\\/avatar\\\/ae2f4d718e6c49043e314ce431e7e645d646302a24a5ef5a8bc8e3f5a032e319?s=96&d=mm&r=g\",\"url\":\"https:\\\/\\\/secure.gravatar.com\\\/avatar\\\/ae2f4d718e6c49043e314ce431e7e645d646302a24a5ef5a8bc8e3f5a032e319?s=96&d=mm&r=g\",\"contentUrl\":\"https:\\\/\\\/secure.gravatar.com\\\/avatar\\\/ae2f4d718e6c49043e314ce431e7e645d646302a24a5ef5a8bc8e3f5a032e319?s=96&d=mm&r=g\",\"caption\":\"admin\"},\"sameAs\":[\"https:\\\/\\\/www.organisator.ch\"],\"url\":\"https:\\\/\\\/www.organisator.ch\\\/de\\\/author\\\/admin\\\/\"}]}<\/script>\n<!-- \/ Yoast SEO plugin. -->","yoast_head_json":{"title":"\u00abGeb\u00e4ude als Gesamtsystem anschauen\u00bb - Organisator","description":"Die Energiekrise fordert die Bau- und Immobilienbranche. Facility-Management wird wichtiger f\u00fcr nachhaltige und kosteneffiziente L\u00f6sungen.","robots":{"index":"index","follow":"follow","max-snippet":"max-snippet:-1","max-image-preview":"max-image-preview:large","max-video-preview":"max-video-preview:-1"},"canonical":"https:\/\/www.organisator.ch\/de\/abo\/2024-12-05\/gebaeude-als-gesamtsystem-anschauen\/","og_locale":"de_DE","og_type":"article","og_title":"\u00abGeb\u00e4ude als Gesamtsystem anschauen\u00bb","og_description":"Die Energiekrise fordert die Bau- und Immobilienbranche. Facility-Management wird wichtiger f\u00fcr nachhaltige und kosteneffiziente L\u00f6sungen.","og_url":"https:\/\/www.organisator.ch\/de\/abo\/2024-12-05\/gebaeude-als-gesamtsystem-anschauen\/","og_site_name":"Organisator","article_publisher":"https:\/\/www.facebook.com\/OrganisatorFachmagazin","article_published_time":"2024-12-05T22:25:25+00:00","og_image":[{"width":1040,"height":1050,"url":"https:\/\/www.organisator.ch\/wp-content\/uploads\/2024\/12\/Sustainability_Auftakt_Bild1_NEU_organisator_130315-scaled-e1733148089166.jpg","type":"image\/jpeg"}],"author":"admin","twitter_card":"summary_large_image","twitter_title":"\u00abGeb\u00e4ude als Gesamtsystem anschauen\u00bb","twitter_description":"Die #Energiekrise fordert die #Bau- und #Immobilienbranche. #Facility-#Management wird wichtiger f\u00fcr #nachhaltige und #kosteneffiziente L\u00f6sungen.","twitter_image":"https:\/\/www.organisator.ch\/wp-content\/uploads\/2024\/12\/Sustainability_Auftakt_Bild1_NEU_organisator_130315-scaled-e1733148089166.jpg","schema":{"@context":"https:\/\/schema.org","@graph":[{"@type":"Article","@id":"https:\/\/www.organisator.ch\/abo\/2024-12-05\/gebaeude-als-gesamtsystem-anschauen\/#article","isPartOf":{"@id":"https:\/\/www.organisator.ch\/abo\/2024-12-05\/gebaeude-als-gesamtsystem-anschauen\/"},"author":{"name":"admin","@id":"https:\/\/www.organisator.ch\/#\/schema\/person\/aa2bace6c5c5aad60102004a50c4eb1c"},"headline":"\u00abGeb\u00e4ude als Gesamtsystem anschauen\u00bb","datePublished":"2024-12-05T22:25:25+00:00","mainEntityOfPage":{"@id":"https:\/\/www.organisator.ch\/abo\/2024-12-05\/gebaeude-als-gesamtsystem-anschauen\/"},"wordCount":2120,"publisher":{"@id":"https:\/\/www.organisator.ch\/#organization"},"image":{"@id":"https:\/\/www.organisator.ch\/abo\/2024-12-05\/gebaeude-als-gesamtsystem-anschauen\/#primaryimage"},"thumbnailUrl":"https:\/\/www.organisator.ch\/wp-content\/uploads\/2024\/12\/Sustainability_Auftakt_Bild1_NEU_organisator_130315-scaled-e1733148089166.jpg","keywords":["Bau- und Immobilienbranche","Energiekrise","ESG Standards","Facility Management","Nachhaltigkeit","Sustainability"],"articleSection":["ABO+","SUSTAINABILITY"],"inLanguage":"de"},{"@type":"WebPage","@id":"https:\/\/www.organisator.ch\/abo\/2024-12-05\/gebaeude-als-gesamtsystem-anschauen\/","url":"https:\/\/www.organisator.ch\/abo\/2024-12-05\/gebaeude-als-gesamtsystem-anschauen\/","name":"\u00abGeb\u00e4ude als Gesamtsystem anschauen\u00bb - Organisator","isPartOf":{"@id":"https:\/\/www.organisator.ch\/#website"},"primaryImageOfPage":{"@id":"https:\/\/www.organisator.ch\/abo\/2024-12-05\/gebaeude-als-gesamtsystem-anschauen\/#primaryimage"},"image":{"@id":"https:\/\/www.organisator.ch\/abo\/2024-12-05\/gebaeude-als-gesamtsystem-anschauen\/#primaryimage"},"thumbnailUrl":"https:\/\/www.organisator.ch\/wp-content\/uploads\/2024\/12\/Sustainability_Auftakt_Bild1_NEU_organisator_130315-scaled-e1733148089166.jpg","datePublished":"2024-12-05T22:25:25+00:00","description":"Die Energiekrise fordert die Bau- und Immobilienbranche. Facility-Management wird wichtiger f\u00fcr nachhaltige und kosteneffiziente L\u00f6sungen.","breadcrumb":{"@id":"https:\/\/www.organisator.ch\/abo\/2024-12-05\/gebaeude-als-gesamtsystem-anschauen\/#breadcrumb"},"inLanguage":"de","potentialAction":[{"@type":"ReadAction","target":["https:\/\/www.organisator.ch\/abo\/2024-12-05\/gebaeude-als-gesamtsystem-anschauen\/"]}]},{"@type":"ImageObject","inLanguage":"de","@id":"https:\/\/www.organisator.ch\/abo\/2024-12-05\/gebaeude-als-gesamtsystem-anschauen\/#primaryimage","url":"https:\/\/www.organisator.ch\/wp-content\/uploads\/2024\/12\/Sustainability_Auftakt_Bild1_NEU_organisator_130315-scaled-e1733148089166.jpg","contentUrl":"https:\/\/www.organisator.ch\/wp-content\/uploads\/2024\/12\/Sustainability_Auftakt_Bild1_NEU_organisator_130315-scaled-e1733148089166.jpg","width":1040,"height":1050,"caption":"ISS f\u00fchrt auch energetische Betriebsoptimierungen durch \u2013 ein bedeutender Schritt zu klimafreundlicheren Geb\u00e4uden Foto: ISS Schweiz"},{"@type":"BreadcrumbList","@id":"https:\/\/www.organisator.ch\/abo\/2024-12-05\/gebaeude-als-gesamtsystem-anschauen\/#breadcrumb","itemListElement":[{"@type":"ListItem","position":1,"name":"Home","item":"https:\/\/www.organisator.ch\/"},{"@type":"ListItem","position":2,"name":"\u00abGeb\u00e4ude als Gesamtsystem anschauen\u00bb"}]},{"@type":"WebSite","@id":"https:\/\/www.organisator.ch\/#website","url":"https:\/\/www.organisator.ch\/","name":"Organisator","description":"Kompetent. Praxisnah. Der ORGANISATOR bereitet in 10 Ausgaben pro Jahr die wesentlichen Themen f\u00fcr F\u00fchrungskr\u00e4fte von KMU auf.","publisher":{"@id":"https:\/\/www.organisator.ch\/#organization"},"potentialAction":[{"@type":"SearchAction","target":{"@type":"EntryPoint","urlTemplate":"https:\/\/www.organisator.ch\/?s={search_term_string}"},"query-input":{"@type":"PropertyValueSpecification","valueRequired":true,"valueName":"search_term_string"}}],"inLanguage":"de"},{"@type":"Organization","@id":"https:\/\/www.organisator.ch\/#organization","name":"Organisator","url":"https:\/\/www.organisator.ch\/","logo":{"@type":"ImageObject","inLanguage":"de","@id":"https:\/\/www.organisator.ch\/#\/schema\/logo\/image\/","url":"https:\/\/www.organisator.ch\/wp-content\/uploads\/2022\/01\/Logo_Organisator_Website.png","contentUrl":"https:\/\/www.organisator.ch\/wp-content\/uploads\/2022\/01\/Logo_Organisator_Website.png","width":800,"height":77,"caption":"Organisator"},"image":{"@id":"https:\/\/www.organisator.ch\/#\/schema\/logo\/image\/"},"sameAs":["https:\/\/www.facebook.com\/OrganisatorFachmagazin","https:\/\/www.linkedin.com\/showcase\/organisator-das-magazin-fr-kmu","https:\/\/www.xing.com\/news\/pages\/organisator-ch-695","https:\/\/www.youtube.com\/channel\/UCGP2Sq0iWaZwT3BdIAQFYpw"]},{"@type":"Person","@id":"https:\/\/www.organisator.ch\/#\/schema\/person\/aa2bace6c5c5aad60102004a50c4eb1c","name":"admin","image":{"@type":"ImageObject","inLanguage":"de","@id":"https:\/\/secure.gravatar.com\/avatar\/ae2f4d718e6c49043e314ce431e7e645d646302a24a5ef5a8bc8e3f5a032e319?s=96&d=mm&r=g","url":"https:\/\/secure.gravatar.com\/avatar\/ae2f4d718e6c49043e314ce431e7e645d646302a24a5ef5a8bc8e3f5a032e319?s=96&d=mm&r=g","contentUrl":"https:\/\/secure.gravatar.com\/avatar\/ae2f4d718e6c49043e314ce431e7e645d646302a24a5ef5a8bc8e3f5a032e319?s=96&d=mm&r=g","caption":"admin"},"sameAs":["https:\/\/www.organisator.ch"],"url":"https:\/\/www.organisator.ch\/de\/author\/admin\/"}]}},"_links":{"self":[{"href":"https:\/\/www.organisator.ch\/de\/wp-json\/wp\/v2\/posts\/34239","targetHints":{"allow":["GET"]}}],"collection":[{"href":"https:\/\/www.organisator.ch\/de\/wp-json\/wp\/v2\/posts"}],"about":[{"href":"https:\/\/www.organisator.ch\/de\/wp-json\/wp\/v2\/types\/post"}],"author":[{"embeddable":true,"href":"https:\/\/www.organisator.ch\/de\/wp-json\/wp\/v2\/users\/1"}],"replies":[{"embeddable":true,"href":"https:\/\/www.organisator.ch\/de\/wp-json\/wp\/v2\/comments?post=34239"}],"version-history":[{"count":2,"href":"https:\/\/www.organisator.ch\/de\/wp-json\/wp\/v2\/posts\/34239\/revisions"}],"predecessor-version":[{"id":34316,"href":"https:\/\/www.organisator.ch\/de\/wp-json\/wp\/v2\/posts\/34239\/revisions\/34316"}],"wp:featuredmedia":[{"embeddable":true,"href":"https:\/\/www.organisator.ch\/de\/wp-json\/wp\/v2\/media\/34237"}],"wp:attachment":[{"href":"https:\/\/www.organisator.ch\/de\/wp-json\/wp\/v2\/media?parent=34239"}],"wp:term":[{"taxonomy":"category","embeddable":true,"href":"https:\/\/www.organisator.ch\/de\/wp-json\/wp\/v2\/categories?post=34239"},{"taxonomy":"post_tag","embeddable":true,"href":"https:\/\/www.organisator.ch\/de\/wp-json\/wp\/v2\/tags?post=34239"}],"curies":[{"name":"wp","href":"https:\/\/api.w.org\/{rel}","templated":true}]}}