{"id":3430,"date":"2018-04-11T14:02:03","date_gmt":"2018-04-11T12:02:03","guid":{"rendered":"https:\/\/www.organisator.ch\/?p=3430"},"modified":"2024-11-07T07:29:10","modified_gmt":"2024-11-07T06:29:10","slug":"happy-birthday-die-suva-wird-100","status":"publish","type":"post","link":"https:\/\/www.organisator.ch\/de\/allgemein\/2018-04-11\/happy-birthday-die-suva-wird-100\/","title":{"rendered":"Die Suva ist 100 Jahre!"},"content":{"rendered":"<figure id=\"attachment_3431\" aria-describedby=\"caption-attachment-3431\" style=\"width: 640px\" class=\"wp-caption alignnone\"><img loading=\"lazy\" decoding=\"async\" class=\"wp-image-3431 size-full\" src=\"https:\/\/www.organisator.ch\/wp-content\/uploads\/2018\/04\/Suva-wir-100-Jahre-org-organisator.jpg\" alt=\"Suva Sozialpartnerschaft\" width=\"640\" height=\"426\" srcset=\"https:\/\/www.organisator.ch\/wp-content\/uploads\/2018\/04\/Suva-wir-100-Jahre-org-organisator.jpg 640w, https:\/\/www.organisator.ch\/wp-content\/uploads\/2018\/04\/Suva-wir-100-Jahre-org-organisator-16x12.jpg 16w, https:\/\/www.organisator.ch\/wp-content\/uploads\/2018\/04\/Suva-wir-100-Jahre-org-organisator-263x175.jpg 263w, https:\/\/www.organisator.ch\/wp-content\/uploads\/2018\/04\/Suva-wir-100-Jahre-org-organisator-526x350.jpg 526w, https:\/\/www.organisator.ch\/wp-content\/uploads\/2018\/04\/Suva-wir-100-Jahre-org-organisator-300x200.jpg 300w\" sizes=\"auto, (max-width: 640px) 100vw, 640px\" \/><figcaption id=\"caption-attachment-3431\" class=\"wp-caption-text\">Suva-Hauptsitz in Luzern, Baujahr 1914\/15. (Bild: wikipedia)<\/figcaption><\/figure>\n<p>Suva heisst 100 Jahre Sozialpartnerschaft. Vor 100 Jahren war Europa mitten im Ersten Weltkrieg und die Schweiz stand kurz vor dem landesweiten Generalstreik. In diesem explosiven sozial-politischen Umfeld entstand in der Schweiz etwas Substanzielles: Arbeitgeber, Arbeitnehmer und der Bund schufen gemeinsam die Unfallversicherung Suva.<\/p>\n<p>Am 1. April 1918 nahm sie in Luzern den Betrieb auf. \u00abDamit gelang etwas, was bis heute Bestand hat\u00bb, sagte Gabriele Gendotti, Pr\u00e4sident des Suva-Rats, anl\u00e4sslich der Medienkonferenz zum 100-Jahre-Jubil\u00e4um der Suva. Damals wie heute bestimmen die Sozialpartner gemeinsam mit dem Bund \u00fcber die Geschicke der Suva und erarbeiten zusammen tragf\u00e4hige L\u00f6sungen.<\/p>\n<p><strong>Kompromisse statt Maximalanforderungen<\/strong><\/p>\n<p>100 Jahre Sozialpartnerschaft und die damit erreichten Verbesserungen in der Arbeitssicherheit standen im Zentrum des Jubil\u00e4umsanlasses der Suva beim Bahnunternehmen BLS. Die Sozialpartner begr\u00fcndeten den heutigen Erfolg der Suva auch mit der gleichberechtigten Zusammensetzung des Suva-Rats mit je 16 Arbeitgeber- und Arbeitnehmervertreter sowie 8 Vertreter des Bundes. Kurt Gfeller, Vizepr\u00e4sident des Suva-Rats und Vizedirektor des Schweizerischen Gewerbeverbands sowie Nico Lutz, Mitglied des Suva-Ratsausschuss und Mitglied der Gesch\u00e4ftsleitung der Gewerkschaft Unia, haben im politischen Alltag das Heu oft nicht auf der gleichen B\u00fchne. Doch im Suva-Rat arbeiten beide zusammen als Br\u00fcckenbauer zwischen Arbeitgebern und Arbeitnehmern. \u00abJeder ist sich bewusst, dass Maximalforderungen bei einem Versicherungsunternehmen wie der Suva nicht zum Ziel f\u00fchren. Kompromisse und Zugest\u00e4ndnisse bringen uns viel weiter\u00bb, sagte Kurt Gfeller.<\/p>\n<p><strong>Betroffene werden zu Beteiligten<\/strong><\/p>\n<p>Einig waren sich die beiden Suva-R\u00e4te auch darin, dass die Arbeitssicherheit im Interesse beider Vertreter liege, auch wenn es bei der Umsetzung durchaus unterschiedliche Positionen gebe. Trotzdem: \u00abDie Arbeitnehmenden haben ein direktes Eigeninteresse an umfangreicher Pr\u00e4ventionsarbeit, einer hohen Arbeitssicherheit und einem ausgebauten Gesundheitsschutz\u00bb, so Lutz. Daf\u00fcr habe die Suva einen bestechenden Ansatz, indem sie Betroffene zu Beteiligten mache. \u00abDurch die Mitarbeit der Gewerkschaften in zahlreichen Suva-Expertengremien, im Suva-Rat und ebenfalls im verwaltungsrats\u00e4hnlichen Suva-Ratsausschuss, fliessen die Anliegen und die Sichtweisen der Arbeitnehmenden direkt ein.\u00bb<\/p>\n<p>Die Pr\u00e4ventionsbem\u00fchungen in der Arbeitssicherheit dienten letztendlich auch dem Schutz des Unternehmens. \u00abSobald es in einem Betrieb zu einem Unfall kommt, ist jeder Firmeninhaber froh, eine solide Versicherung zu haben\u00bb, erkl\u00e4rt Gfeller. W\u00e4hrend fr\u00fcher ein schwerer Unfall den Ruin f\u00fcr den Arbeitnehmer bedeutet habe, w\u00fcrde er heute \u2013 ohne Versicherung \u2013 viele Unternehmer in den Ruin treiben. Denn: Um die Kosten eines schweren Unfalls zu stemmen, ben\u00f6tige es die Pr\u00e4mienbeitr\u00e4ge von bis zu 2500 versicherten Personen.<\/p>\n<p><strong>Gemeinsam zum Erfolg<\/strong><\/p>\n<p>Felix Weber, Vorsitzender der Gesch\u00e4ftsleitung der Suva, zeigte auf, dass die Durchsetzung der Arbeitssicherheit in den letzten 100 Jahren nicht immer einfach war. \u00abIm Gegensatz zu fr\u00fcher hat sich heute aber l\u00e4ngst die Einsicht durchgesetzt, dass Arbeitnehmende wie Arbeitgebende ihre Verantwortung in der Pr\u00e4vention und der Arbeitssicherheit tragen m\u00fcssen.\u00bb Als Beispiel nannte er die \u00abLebenswichtigen Regeln\u00bb f\u00fcr risikoreiche Berufsgruppen, die es sowohl f\u00fcr Arbeitgeber, wie auch f\u00fcr Arbeitnehmer gibt. Ebenfalls in der Rehabilitation und der Wiedereingliederung von Verunfallten sei es gerade das Miteinander aller involvierten Kreise, das den Erfolg bringe.<\/p>\n<p>Hier kn\u00fcpfte Peter Fankhauser, Gesch\u00e4ftsleitungsmitglied der BLS, an. Er zeigte stellvertretend f\u00fcr die heute rund 128 000 bei der Suva versicherten Betriebe auf, wo heute die Herausforderungen in der Arbeitssicherheit liegen, welche Verantwortung dabei die Unternehmen und im speziellen die F\u00fchrungspersonen haben. Die BLS, die seit 100 Jahren bei der Suva versichert ist, saniert und modernisiert derzeit ihre Bahn-Werkstatt in Spiez. Dabei legt sie grossen Wert auf eine sichere Arbeitsplatzgestaltung.<\/p>\n<p><strong>Finanziell gesund<\/strong><\/p>\n<p>Seit Mitte der 80er-Jahre verzeichnet die Suva mehr Freizeit- als Berufsunf\u00e4lle. CEO Felix Weber ist \u00fcberzeugt: \u00abEgal wie sich die Gesellschaft entwickelt, wir werden eine Absicherung brauchen. Die Suva hat dies in den vergangenen 100 Jahren erfolgreich gemacht.\u00bb Das Unternehmen stehe heute auf gesunden Beinen. Daf\u00fcr verantwortlich seien das Modell und das Fundament, das der Suva bei der Gr\u00fcndung mitgegeben wurde. \u00abUnd sie hat es all den Mitarbeitenden, Verb\u00e4nden und Gewerkschaften ebenso wie Unternehmen zu verdanken, die mit ihren Anstrengungen und Innovationen die Arbeitswelt und die Freizeit sicherer gemacht haben.\u00bb<\/p>\n<p><em>Auf der Internetseite <a class=\"a-link a-link--reference\" href=\"http:\/\/www.suva.ch\/100jahre\" target=\"_blank\" rel=\"noopener\">suva.ch\/100jahre<\/a>\u00a0ist die Geschichte der Suva aufgearbeitet. Zudem erg\u00e4nzt die Suva die Webseite laufend mit aktuellen News \u00fcber das Jubil\u00e4umsjahr.<\/em><\/p>\n<p>&nbsp;<\/p>\n","protected":false},"excerpt":{"rendered":"<p>Suva heisst 100 Jahre Sozialpartnerschaft. Vor 100 Jahren war Europa mitten im Ersten Weltkrieg und die Schweiz stand kurz vor dem landesweiten Generalstreik. In diesem explosiven sozial-politischen Umfeld entstand in der Schweiz etwas Substanzielles: Arbeitgeber, Arbeitnehmer und der Bund schufen gemeinsam die Unfallversicherung Suva. Am 1. April 1918 nahm sie in Luzern den Betrieb auf. [&hellip;]<\/p>\n","protected":false},"author":5,"featured_media":3431,"comment_status":"closed","ping_status":"closed","sticky":false,"template":"","format":"standard","meta":{"_acf_changed":false,"_yoast_wpseo_focuskw":"Suva Sozialpartnerschaft","_yoast_wpseo_metadesc":"Die Suva feiert 100 Jahre Sozialpartnerschaft, die Arbeitssicherheit und Pr\u00e4ventionsarbeit in der Schweiz nachhaltig verbessert hat.","articlekey":"","footnotes":""},"categories":[1],"tags":[292,463],"class_list":["post-3430","post","type-post","status-publish","format-standard","has-post-thumbnail","hentry","category-allgemein","tag-jubilaeum","tag-suva"],"acf":[],"yoast_head":"<!-- This site is optimized with the Yoast SEO plugin v27.5 - https:\/\/yoast.com\/product\/yoast-seo-wordpress\/ -->\n<title>Die Suva ist 100 Jahre! - Organisator<\/title>\n<meta name=\"description\" content=\"Die Suva feiert 100 Jahre Sozialpartnerschaft, die Arbeitssicherheit und Pr\u00e4ventionsarbeit in der Schweiz nachhaltig verbessert hat.\" \/>\n<meta name=\"robots\" content=\"index, follow, max-snippet:-1, max-image-preview:large, max-video-preview:-1\" \/>\n<link rel=\"canonical\" href=\"https:\/\/www.organisator.ch\/de\/allgemein\/2018-04-11\/happy-birthday-die-suva-wird-100\/\" \/>\n<meta property=\"og:locale\" content=\"de_DE\" \/>\n<meta property=\"og:type\" content=\"article\" \/>\n<meta property=\"og:title\" content=\"Die Suva ist 100 Jahre! - Organisator\" \/>\n<meta property=\"og:description\" content=\"Die Suva feiert 100 Jahre Sozialpartnerschaft, die Arbeitssicherheit und Pr\u00e4ventionsarbeit in der Schweiz nachhaltig verbessert hat.\" \/>\n<meta property=\"og:url\" content=\"https:\/\/www.organisator.ch\/de\/allgemein\/2018-04-11\/happy-birthday-die-suva-wird-100\/\" \/>\n<meta property=\"og:site_name\" content=\"Organisator\" \/>\n<meta property=\"article:publisher\" content=\"https:\/\/www.facebook.com\/OrganisatorFachmagazin\" \/>\n<meta property=\"article:published_time\" content=\"2018-04-11T12:02:03+00:00\" \/>\n<meta property=\"article:modified_time\" content=\"2024-11-07T06:29:10+00:00\" \/>\n<meta property=\"og:image\" content=\"https:\/\/www.organisator.ch\/wp-content\/uploads\/2018\/04\/Suva-wir-100-Jahre-org-organisator.jpg\" \/>\n\t<meta property=\"og:image:width\" content=\"640\" \/>\n\t<meta property=\"og:image:height\" content=\"426\" \/>\n\t<meta property=\"og:image:type\" content=\"image\/jpeg\" \/>\n<meta name=\"author\" content=\"michael.merz\" \/>\n<meta name=\"twitter:card\" content=\"summary_large_image\" \/>\n<script type=\"application\/ld+json\" class=\"yoast-schema-graph\">{\"@context\":\"https:\\\/\\\/schema.org\",\"@graph\":[{\"@type\":\"Article\",\"@id\":\"https:\\\/\\\/www.organisator.ch\\\/allgemein\\\/2018-04-11\\\/happy-birthday-die-suva-wird-100\\\/#article\",\"isPartOf\":{\"@id\":\"https:\\\/\\\/www.organisator.ch\\\/allgemein\\\/2018-04-11\\\/happy-birthday-die-suva-wird-100\\\/\"},\"author\":{\"name\":\"michael.merz\",\"@id\":\"https:\\\/\\\/www.organisator.ch\\\/#\\\/schema\\\/person\\\/134708ca9321c57b0362cceb7948ffbd\"},\"headline\":\"Die Suva ist 100 Jahre!\",\"datePublished\":\"2018-04-11T12:02:03+00:00\",\"dateModified\":\"2024-11-07T06:29:10+00:00\",\"mainEntityOfPage\":{\"@id\":\"https:\\\/\\\/www.organisator.ch\\\/allgemein\\\/2018-04-11\\\/happy-birthday-die-suva-wird-100\\\/\"},\"wordCount\":710,\"publisher\":{\"@id\":\"https:\\\/\\\/www.organisator.ch\\\/#organization\"},\"image\":{\"@id\":\"https:\\\/\\\/www.organisator.ch\\\/allgemein\\\/2018-04-11\\\/happy-birthday-die-suva-wird-100\\\/#primaryimage\"},\"thumbnailUrl\":\"https:\\\/\\\/www.organisator.ch\\\/wp-content\\\/uploads\\\/2018\\\/04\\\/Suva-wir-100-Jahre-org-organisator.jpg\",\"keywords\":[\"Jubil\u00e4um\",\"SUVA\"],\"inLanguage\":\"de\"},{\"@type\":\"WebPage\",\"@id\":\"https:\\\/\\\/www.organisator.ch\\\/allgemein\\\/2018-04-11\\\/happy-birthday-die-suva-wird-100\\\/\",\"url\":\"https:\\\/\\\/www.organisator.ch\\\/allgemein\\\/2018-04-11\\\/happy-birthday-die-suva-wird-100\\\/\",\"name\":\"Die Suva ist 100 Jahre! - Organisator\",\"isPartOf\":{\"@id\":\"https:\\\/\\\/www.organisator.ch\\\/#website\"},\"primaryImageOfPage\":{\"@id\":\"https:\\\/\\\/www.organisator.ch\\\/allgemein\\\/2018-04-11\\\/happy-birthday-die-suva-wird-100\\\/#primaryimage\"},\"image\":{\"@id\":\"https:\\\/\\\/www.organisator.ch\\\/allgemein\\\/2018-04-11\\\/happy-birthday-die-suva-wird-100\\\/#primaryimage\"},\"thumbnailUrl\":\"https:\\\/\\\/www.organisator.ch\\\/wp-content\\\/uploads\\\/2018\\\/04\\\/Suva-wir-100-Jahre-org-organisator.jpg\",\"datePublished\":\"2018-04-11T12:02:03+00:00\",\"dateModified\":\"2024-11-07T06:29:10+00:00\",\"description\":\"Die Suva feiert 100 Jahre Sozialpartnerschaft, die Arbeitssicherheit und Pr\u00e4ventionsarbeit in der Schweiz nachhaltig verbessert hat.\",\"breadcrumb\":{\"@id\":\"https:\\\/\\\/www.organisator.ch\\\/allgemein\\\/2018-04-11\\\/happy-birthday-die-suva-wird-100\\\/#breadcrumb\"},\"inLanguage\":\"de\",\"potentialAction\":[{\"@type\":\"ReadAction\",\"target\":[\"https:\\\/\\\/www.organisator.ch\\\/allgemein\\\/2018-04-11\\\/happy-birthday-die-suva-wird-100\\\/\"]}]},{\"@type\":\"ImageObject\",\"inLanguage\":\"de\",\"@id\":\"https:\\\/\\\/www.organisator.ch\\\/allgemein\\\/2018-04-11\\\/happy-birthday-die-suva-wird-100\\\/#primaryimage\",\"url\":\"https:\\\/\\\/www.organisator.ch\\\/wp-content\\\/uploads\\\/2018\\\/04\\\/Suva-wir-100-Jahre-org-organisator.jpg\",\"contentUrl\":\"https:\\\/\\\/www.organisator.ch\\\/wp-content\\\/uploads\\\/2018\\\/04\\\/Suva-wir-100-Jahre-org-organisator.jpg\",\"width\":640,\"height\":426,\"caption\":\"Suva-Hauptsitz in Luzern, Baujahr 1914\\\/15. (Bild: wikipedia)\"},{\"@type\":\"BreadcrumbList\",\"@id\":\"https:\\\/\\\/www.organisator.ch\\\/allgemein\\\/2018-04-11\\\/happy-birthday-die-suva-wird-100\\\/#breadcrumb\",\"itemListElement\":[{\"@type\":\"ListItem\",\"position\":1,\"name\":\"Home\",\"item\":\"https:\\\/\\\/www.organisator.ch\\\/\"},{\"@type\":\"ListItem\",\"position\":2,\"name\":\"Die Suva ist 100 Jahre!\"}]},{\"@type\":\"WebSite\",\"@id\":\"https:\\\/\\\/www.organisator.ch\\\/#website\",\"url\":\"https:\\\/\\\/www.organisator.ch\\\/\",\"name\":\"Organisator\",\"description\":\"Kompetent. Praxisnah. Der ORGANISATOR bereitet in 10 Ausgaben pro Jahr die wesentlichen Themen f\u00fcr F\u00fchrungskr\u00e4fte von KMU auf.\",\"publisher\":{\"@id\":\"https:\\\/\\\/www.organisator.ch\\\/#organization\"},\"potentialAction\":[{\"@type\":\"SearchAction\",\"target\":{\"@type\":\"EntryPoint\",\"urlTemplate\":\"https:\\\/\\\/www.organisator.ch\\\/?s={search_term_string}\"},\"query-input\":{\"@type\":\"PropertyValueSpecification\",\"valueRequired\":true,\"valueName\":\"search_term_string\"}}],\"inLanguage\":\"de\"},{\"@type\":\"Organization\",\"@id\":\"https:\\\/\\\/www.organisator.ch\\\/#organization\",\"name\":\"Organisator\",\"url\":\"https:\\\/\\\/www.organisator.ch\\\/\",\"logo\":{\"@type\":\"ImageObject\",\"inLanguage\":\"de\",\"@id\":\"https:\\\/\\\/www.organisator.ch\\\/#\\\/schema\\\/logo\\\/image\\\/\",\"url\":\"https:\\\/\\\/www.organisator.ch\\\/wp-content\\\/uploads\\\/2022\\\/01\\\/Logo_Organisator_Website.png\",\"contentUrl\":\"https:\\\/\\\/www.organisator.ch\\\/wp-content\\\/uploads\\\/2022\\\/01\\\/Logo_Organisator_Website.png\",\"width\":800,\"height\":77,\"caption\":\"Organisator\"},\"image\":{\"@id\":\"https:\\\/\\\/www.organisator.ch\\\/#\\\/schema\\\/logo\\\/image\\\/\"},\"sameAs\":[\"https:\\\/\\\/www.facebook.com\\\/OrganisatorFachmagazin\",\"https:\\\/\\\/www.linkedin.com\\\/showcase\\\/organisator-das-magazin-fr-kmu\",\"https:\\\/\\\/www.xing.com\\\/news\\\/pages\\\/organisator-ch-695\",\"https:\\\/\\\/www.youtube.com\\\/channel\\\/UCGP2Sq0iWaZwT3BdIAQFYpw\"]},{\"@type\":\"Person\",\"@id\":\"https:\\\/\\\/www.organisator.ch\\\/#\\\/schema\\\/person\\\/134708ca9321c57b0362cceb7948ffbd\",\"name\":\"michael.merz\",\"image\":{\"@type\":\"ImageObject\",\"inLanguage\":\"de\",\"@id\":\"https:\\\/\\\/secure.gravatar.com\\\/avatar\\\/?s=96&d=mm&r=g\",\"url\":\"https:\\\/\\\/secure.gravatar.com\\\/avatar\\\/?s=96&d=mm&r=g\",\"contentUrl\":\"https:\\\/\\\/secure.gravatar.com\\\/avatar\\\/?s=96&d=mm&r=g\",\"caption\":\"michael.merz\"},\"url\":\"https:\\\/\\\/www.organisator.ch\\\/de\\\/author\\\/michael-merz\\\/\"}]}<\/script>\n<!-- \/ Yoast SEO plugin. -->","yoast_head_json":{"title":"Die Suva ist 100 Jahre! - Organisator","description":"Die Suva feiert 100 Jahre Sozialpartnerschaft, die Arbeitssicherheit und Pr\u00e4ventionsarbeit in der Schweiz nachhaltig verbessert hat.","robots":{"index":"index","follow":"follow","max-snippet":"max-snippet:-1","max-image-preview":"max-image-preview:large","max-video-preview":"max-video-preview:-1"},"canonical":"https:\/\/www.organisator.ch\/de\/allgemein\/2018-04-11\/happy-birthday-die-suva-wird-100\/","og_locale":"de_DE","og_type":"article","og_title":"Die Suva ist 100 Jahre! - Organisator","og_description":"Die Suva feiert 100 Jahre Sozialpartnerschaft, die Arbeitssicherheit und Pr\u00e4ventionsarbeit in der Schweiz nachhaltig verbessert hat.","og_url":"https:\/\/www.organisator.ch\/de\/allgemein\/2018-04-11\/happy-birthday-die-suva-wird-100\/","og_site_name":"Organisator","article_publisher":"https:\/\/www.facebook.com\/OrganisatorFachmagazin","article_published_time":"2018-04-11T12:02:03+00:00","article_modified_time":"2024-11-07T06:29:10+00:00","og_image":[{"width":640,"height":426,"url":"https:\/\/www.organisator.ch\/wp-content\/uploads\/2018\/04\/Suva-wir-100-Jahre-org-organisator.jpg","type":"image\/jpeg"}],"author":"michael.merz","twitter_card":"summary_large_image","schema":{"@context":"https:\/\/schema.org","@graph":[{"@type":"Article","@id":"https:\/\/www.organisator.ch\/allgemein\/2018-04-11\/happy-birthday-die-suva-wird-100\/#article","isPartOf":{"@id":"https:\/\/www.organisator.ch\/allgemein\/2018-04-11\/happy-birthday-die-suva-wird-100\/"},"author":{"name":"michael.merz","@id":"https:\/\/www.organisator.ch\/#\/schema\/person\/134708ca9321c57b0362cceb7948ffbd"},"headline":"Die Suva ist 100 Jahre!","datePublished":"2018-04-11T12:02:03+00:00","dateModified":"2024-11-07T06:29:10+00:00","mainEntityOfPage":{"@id":"https:\/\/www.organisator.ch\/allgemein\/2018-04-11\/happy-birthday-die-suva-wird-100\/"},"wordCount":710,"publisher":{"@id":"https:\/\/www.organisator.ch\/#organization"},"image":{"@id":"https:\/\/www.organisator.ch\/allgemein\/2018-04-11\/happy-birthday-die-suva-wird-100\/#primaryimage"},"thumbnailUrl":"https:\/\/www.organisator.ch\/wp-content\/uploads\/2018\/04\/Suva-wir-100-Jahre-org-organisator.jpg","keywords":["Jubil\u00e4um","SUVA"],"inLanguage":"de"},{"@type":"WebPage","@id":"https:\/\/www.organisator.ch\/allgemein\/2018-04-11\/happy-birthday-die-suva-wird-100\/","url":"https:\/\/www.organisator.ch\/allgemein\/2018-04-11\/happy-birthday-die-suva-wird-100\/","name":"Die Suva ist 100 Jahre! - Organisator","isPartOf":{"@id":"https:\/\/www.organisator.ch\/#website"},"primaryImageOfPage":{"@id":"https:\/\/www.organisator.ch\/allgemein\/2018-04-11\/happy-birthday-die-suva-wird-100\/#primaryimage"},"image":{"@id":"https:\/\/www.organisator.ch\/allgemein\/2018-04-11\/happy-birthday-die-suva-wird-100\/#primaryimage"},"thumbnailUrl":"https:\/\/www.organisator.ch\/wp-content\/uploads\/2018\/04\/Suva-wir-100-Jahre-org-organisator.jpg","datePublished":"2018-04-11T12:02:03+00:00","dateModified":"2024-11-07T06:29:10+00:00","description":"Die Suva feiert 100 Jahre Sozialpartnerschaft, die Arbeitssicherheit und Pr\u00e4ventionsarbeit in der Schweiz nachhaltig verbessert hat.","breadcrumb":{"@id":"https:\/\/www.organisator.ch\/allgemein\/2018-04-11\/happy-birthday-die-suva-wird-100\/#breadcrumb"},"inLanguage":"de","potentialAction":[{"@type":"ReadAction","target":["https:\/\/www.organisator.ch\/allgemein\/2018-04-11\/happy-birthday-die-suva-wird-100\/"]}]},{"@type":"ImageObject","inLanguage":"de","@id":"https:\/\/www.organisator.ch\/allgemein\/2018-04-11\/happy-birthday-die-suva-wird-100\/#primaryimage","url":"https:\/\/www.organisator.ch\/wp-content\/uploads\/2018\/04\/Suva-wir-100-Jahre-org-organisator.jpg","contentUrl":"https:\/\/www.organisator.ch\/wp-content\/uploads\/2018\/04\/Suva-wir-100-Jahre-org-organisator.jpg","width":640,"height":426,"caption":"Suva-Hauptsitz in Luzern, Baujahr 1914\/15. (Bild: wikipedia)"},{"@type":"BreadcrumbList","@id":"https:\/\/www.organisator.ch\/allgemein\/2018-04-11\/happy-birthday-die-suva-wird-100\/#breadcrumb","itemListElement":[{"@type":"ListItem","position":1,"name":"Home","item":"https:\/\/www.organisator.ch\/"},{"@type":"ListItem","position":2,"name":"Die Suva ist 100 Jahre!"}]},{"@type":"WebSite","@id":"https:\/\/www.organisator.ch\/#website","url":"https:\/\/www.organisator.ch\/","name":"Organisator","description":"Kompetent. Praxisnah. Der ORGANISATOR bereitet in 10 Ausgaben pro Jahr die wesentlichen Themen f\u00fcr F\u00fchrungskr\u00e4fte von KMU auf.","publisher":{"@id":"https:\/\/www.organisator.ch\/#organization"},"potentialAction":[{"@type":"SearchAction","target":{"@type":"EntryPoint","urlTemplate":"https:\/\/www.organisator.ch\/?s={search_term_string}"},"query-input":{"@type":"PropertyValueSpecification","valueRequired":true,"valueName":"search_term_string"}}],"inLanguage":"de"},{"@type":"Organization","@id":"https:\/\/www.organisator.ch\/#organization","name":"Organisator","url":"https:\/\/www.organisator.ch\/","logo":{"@type":"ImageObject","inLanguage":"de","@id":"https:\/\/www.organisator.ch\/#\/schema\/logo\/image\/","url":"https:\/\/www.organisator.ch\/wp-content\/uploads\/2022\/01\/Logo_Organisator_Website.png","contentUrl":"https:\/\/www.organisator.ch\/wp-content\/uploads\/2022\/01\/Logo_Organisator_Website.png","width":800,"height":77,"caption":"Organisator"},"image":{"@id":"https:\/\/www.organisator.ch\/#\/schema\/logo\/image\/"},"sameAs":["https:\/\/www.facebook.com\/OrganisatorFachmagazin","https:\/\/www.linkedin.com\/showcase\/organisator-das-magazin-fr-kmu","https:\/\/www.xing.com\/news\/pages\/organisator-ch-695","https:\/\/www.youtube.com\/channel\/UCGP2Sq0iWaZwT3BdIAQFYpw"]},{"@type":"Person","@id":"https:\/\/www.organisator.ch\/#\/schema\/person\/134708ca9321c57b0362cceb7948ffbd","name":"michael.merz","image":{"@type":"ImageObject","inLanguage":"de","@id":"https:\/\/secure.gravatar.com\/avatar\/?s=96&d=mm&r=g","url":"https:\/\/secure.gravatar.com\/avatar\/?s=96&d=mm&r=g","contentUrl":"https:\/\/secure.gravatar.com\/avatar\/?s=96&d=mm&r=g","caption":"michael.merz"},"url":"https:\/\/www.organisator.ch\/de\/author\/michael-merz\/"}]}},"_links":{"self":[{"href":"https:\/\/www.organisator.ch\/de\/wp-json\/wp\/v2\/posts\/3430","targetHints":{"allow":["GET"]}}],"collection":[{"href":"https:\/\/www.organisator.ch\/de\/wp-json\/wp\/v2\/posts"}],"about":[{"href":"https:\/\/www.organisator.ch\/de\/wp-json\/wp\/v2\/types\/post"}],"author":[{"embeddable":true,"href":"https:\/\/www.organisator.ch\/de\/wp-json\/wp\/v2\/users\/5"}],"replies":[{"embeddable":true,"href":"https:\/\/www.organisator.ch\/de\/wp-json\/wp\/v2\/comments?post=3430"}],"version-history":[{"count":2,"href":"https:\/\/www.organisator.ch\/de\/wp-json\/wp\/v2\/posts\/3430\/revisions"}],"predecessor-version":[{"id":31651,"href":"https:\/\/www.organisator.ch\/de\/wp-json\/wp\/v2\/posts\/3430\/revisions\/31651"}],"wp:featuredmedia":[{"embeddable":true,"href":"https:\/\/www.organisator.ch\/de\/wp-json\/wp\/v2\/media\/3431"}],"wp:attachment":[{"href":"https:\/\/www.organisator.ch\/de\/wp-json\/wp\/v2\/media?parent=3430"}],"wp:term":[{"taxonomy":"category","embeddable":true,"href":"https:\/\/www.organisator.ch\/de\/wp-json\/wp\/v2\/categories?post=3430"},{"taxonomy":"post_tag","embeddable":true,"href":"https:\/\/www.organisator.ch\/de\/wp-json\/wp\/v2\/tags?post=3430"}],"curies":[{"name":"wp","href":"https:\/\/api.w.org\/{rel}","templated":true}]}}