{"id":34353,"date":"2024-12-03T09:47:19","date_gmt":"2024-12-03T08:47:19","guid":{"rendered":"https:\/\/www.m-q.ch\/?p=20769"},"modified":"2024-12-03T10:21:28","modified_gmt":"2024-12-03T09:21:28","slug":"raphael-hauser-wird-neuer-ciso-und-leiter-crs-bei-abraxas","status":"publish","type":"post","link":"https:\/\/www.organisator.ch\/de\/operational-excellence\/2024-12-03\/raphael-hauser-wird-neuer-ciso-und-leiter-crs-bei-abraxas\/","title":{"rendered":"Raphael Hauser wird neuer CISO und Leiter CRS bei Abraxas"},"content":{"rendered":"<figure id=\"attachment_20770\" class=\"wp-caption alignnone\" style=\"width: 680px;\" aria-describedby=\"caption-attachment-20770\"><img class=\"size-full wp-image-20770\" src=\"https:\/\/www.m-q.ch\/wp-content\/uploads\/2024\/12\/Abraxas_Bild1_ps.jpg\" sizes=\"(max-width: 680px) 100vw, 680px\" srcset=\"https:\/\/www.m-q.ch\/wp-content\/uploads\/2024\/12\/Abraxas_Bild1_ps.jpg 680w, https:\/\/www.m-q.ch\/wp-content\/uploads\/2024\/12\/Abraxas_Bild1_ps-18x12.jpg 18w, https:\/\/www.m-q.ch\/wp-content\/uploads\/2024\/12\/Abraxas_Bild1_ps-375x248.jpg 375w, https:\/\/www.m-q.ch\/wp-content\/uploads\/2024\/12\/Abraxas_Bild1_ps-529x350.jpg 529w\" alt=\"\" width=\"680\" height=\"450\" \/>\r\n<figcaption id=\"caption-attachment-20770\" class=\"wp-caption-text\">Raphael Hauser ist neuer CISO bei Abraxas und leitet das Team Compliance, Risk &amp; Security seit Anfang Dezember. (Bild: www.abraxas.ch)<\/figcaption>\r\n<\/figure>\r\n<p>Raphael Hauser bringt aus seiner bisherigen T\u00e4tigkeit einen breiten Erfahrungsschatz mit: An seiner letzten Station bei Hilti war er Leiter Governance, Risk und Compliance f\u00fcr den Gesch\u00e4ftsbereich Tool Services. Hier hatte er sich unter anderem mit einem unternehmensweiten Risikomanagement, IoT-Sicherheitsstandards und ISO-Audits besch\u00e4ftigt. Zuvor war der 38-J\u00e4hrige ebenfalls bei Hilti als Projekt-, Qualit\u00e4ts- und Prozessmanager im Softwarebereich und in verschiedenen Funktionen bei Namics und Ernst &amp; Young t\u00e4tig.<\/p>\r\n<h3><strong>Kundenbed\u00fcrfnisse im Fokus<\/strong><\/h3>\r\n<p>Abraxas-CEO Reto Gutmann freut sich \u00fcber die Verst\u00e4rkung: \u00abMit seinem Know-how und seiner F\u00fchrungserfahrung im Bereich Compliance, Risk und Security bringt Raphael Hauser sehr gute Voraussetzungen f\u00fcr diese wichtige Aufgabe bei Abraxas mit. Er ist die ideale Besetzung, um die Sicherheitsbed\u00fcrfnisse als Unternehmung und auch unserer Kunden abholen und auch erf\u00fcllen zu k\u00f6nnen.\u00bb<\/p>\r\n<p><em>Quelle: <a href=\"http:\/\/www.abraxas.ch\/\">www.abraxas.ch<\/a><\/em><\/p>\n<p class=\"syndicated-attribution\">Dieser Beitrag erschien urspr\u00fcnglich auf m-q.ch - <a href=\"https:\/\/www.m-q.ch\/de\/raphael-hauser-wird-neuer-ciso-und-leiter-crs-bei-abraxas\/\" target=\"_blank\">https:\/\/www.m-q.ch\/de\/raphael-hauser-wird-neuer-ciso-und-leiter-crs-bei-abraxas\/<\/a><\/p>","protected":false},"excerpt":{"rendered":"<p>Abraxas holt sich Verst\u00e4rkung in einer Schl\u00fcsselposition: Seit Anfang Dezember ist Raphael Hauser neuer Chief Information Security Officer (CISO) und Leiter des Teams Compliance, Risk &amp; Security (CRS). Der neue Abraxas-CISO stellt sicher, dass die Sicherheitsbed\u00fcrfnisse der Abraxas-Kunden wie auch des eigenen Unternehmens weiterhin h\u00f6chste Priorit\u00e4t geniessen.<\/p>\n","protected":false},"author":80,"featured_media":0,"comment_status":"closed","ping_status":"closed","sticky":false,"template":"","format":"standard","meta":{"_acf_changed":false,"_yoast_wpseo_focuskw":"Raphael Hauser","_yoast_wpseo_metadesc":"Abraxas holt sich Verst\u00e4rkung: Seit Anfang Dezember ist Raphael Hauser neuer CISO und Leiter des Teams Compliance, Risk & Security.","articlekey":"","footnotes":""},"categories":[582],"tags":[4900,4901,608,418,2783,426,492],"class_list":["post-34353","post","type-post","status-publish","format-standard","hentry","category-operational-excellence","tag-ciso","tag-crs","tag-cybersicherheit","tag-risikomanagement","tag-risk-und-compliance","tag-security","tag-unternehmen"],"acf":[],"yoast_head":"<!-- This site is optimized with the Yoast SEO plugin v27.5 - https:\/\/yoast.com\/product\/yoast-seo-wordpress\/ -->\n<title>Raphael Hauser wird neuer CISO und Leiter CRS bei Abraxas - Organisator<\/title>\n<meta name=\"description\" content=\"Abraxas holt sich Verst\u00e4rkung: Seit Anfang Dezember ist Raphael Hauser neuer CISO und Leiter des Teams Compliance, Risk &amp; Security.\" \/>\n<meta name=\"robots\" content=\"index, follow, max-snippet:-1, max-image-preview:large, max-video-preview:-1\" \/>\n<link rel=\"canonical\" href=\"https:\/\/www.organisator.ch\/de\/operational-excellence\/2024-12-03\/raphael-hauser-wird-neuer-ciso-und-leiter-crs-bei-abraxas\/\" \/>\n<meta property=\"og:locale\" content=\"de_DE\" \/>\n<meta property=\"og:type\" content=\"article\" \/>\n<meta property=\"og:title\" content=\"Raphael Hauser wird neuer CISO und Leiter CRS bei Abraxas - Organisator\" \/>\n<meta property=\"og:description\" content=\"Abraxas holt sich Verst\u00e4rkung: Seit Anfang Dezember ist Raphael Hauser neuer CISO und Leiter des Teams Compliance, Risk &amp; Security.\" \/>\n<meta property=\"og:url\" content=\"https:\/\/www.organisator.ch\/de\/operational-excellence\/2024-12-03\/raphael-hauser-wird-neuer-ciso-und-leiter-crs-bei-abraxas\/\" \/>\n<meta property=\"og:site_name\" content=\"Organisator\" \/>\n<meta property=\"article:publisher\" content=\"https:\/\/www.facebook.com\/OrganisatorFachmagazin\" \/>\n<meta property=\"article:published_time\" content=\"2024-12-03T08:47:19+00:00\" \/>\n<meta property=\"article:modified_time\" content=\"2024-12-03T09:21:28+00:00\" \/>\n<meta name=\"author\" content=\"Dzana Muminovic\" \/>\n<meta name=\"twitter:card\" content=\"summary_large_image\" \/>\n<script type=\"application\/ld+json\" class=\"yoast-schema-graph\">{\"@context\":\"https:\\\/\\\/schema.org\",\"@graph\":[{\"@type\":\"Article\",\"@id\":\"https:\\\/\\\/www.organisator.ch\\\/operational-excellence\\\/2024-12-03\\\/raphael-hauser-wird-neuer-ciso-und-leiter-crs-bei-abraxas\\\/#article\",\"isPartOf\":{\"@id\":\"https:\\\/\\\/www.organisator.ch\\\/operational-excellence\\\/2024-12-03\\\/raphael-hauser-wird-neuer-ciso-und-leiter-crs-bei-abraxas\\\/\"},\"author\":{\"name\":\"Dzana Muminovic\",\"@id\":\"https:\\\/\\\/www.organisator.ch\\\/#\\\/schema\\\/person\\\/afccda3a71c06d4be2ed9100dd163db7\"},\"headline\":\"Raphael Hauser wird neuer CISO und Leiter CRS bei Abraxas\",\"datePublished\":\"2024-12-03T08:47:19+00:00\",\"dateModified\":\"2024-12-03T09:21:28+00:00\",\"mainEntityOfPage\":{\"@id\":\"https:\\\/\\\/www.organisator.ch\\\/operational-excellence\\\/2024-12-03\\\/raphael-hauser-wird-neuer-ciso-und-leiter-crs-bei-abraxas\\\/\"},\"wordCount\":174,\"publisher\":{\"@id\":\"https:\\\/\\\/www.organisator.ch\\\/#organization\"},\"image\":{\"@id\":\"https:\\\/\\\/www.organisator.ch\\\/operational-excellence\\\/2024-12-03\\\/raphael-hauser-wird-neuer-ciso-und-leiter-crs-bei-abraxas\\\/#primaryimage\"},\"thumbnailUrl\":\"https:\\\/\\\/www.m-q.ch\\\/wp-content\\\/uploads\\\/2024\\\/12\\\/Abraxas_Bild1_ps.jpg\",\"keywords\":[\"CISO\",\"CRS\",\"Cybersicherheit\",\"Risikomanagement\",\"Risk und Compliance\",\"Security\",\"Unternehmen\"],\"articleSection\":[\"OPERATIONAL EXCELLENCE\"],\"inLanguage\":\"de\"},{\"@type\":\"WebPage\",\"@id\":\"https:\\\/\\\/www.organisator.ch\\\/operational-excellence\\\/2024-12-03\\\/raphael-hauser-wird-neuer-ciso-und-leiter-crs-bei-abraxas\\\/\",\"url\":\"https:\\\/\\\/www.organisator.ch\\\/operational-excellence\\\/2024-12-03\\\/raphael-hauser-wird-neuer-ciso-und-leiter-crs-bei-abraxas\\\/\",\"name\":\"Raphael Hauser wird neuer CISO und Leiter CRS bei Abraxas - Organisator\",\"isPartOf\":{\"@id\":\"https:\\\/\\\/www.organisator.ch\\\/#website\"},\"primaryImageOfPage\":{\"@id\":\"https:\\\/\\\/www.organisator.ch\\\/operational-excellence\\\/2024-12-03\\\/raphael-hauser-wird-neuer-ciso-und-leiter-crs-bei-abraxas\\\/#primaryimage\"},\"image\":{\"@id\":\"https:\\\/\\\/www.organisator.ch\\\/operational-excellence\\\/2024-12-03\\\/raphael-hauser-wird-neuer-ciso-und-leiter-crs-bei-abraxas\\\/#primaryimage\"},\"thumbnailUrl\":\"https:\\\/\\\/www.m-q.ch\\\/wp-content\\\/uploads\\\/2024\\\/12\\\/Abraxas_Bild1_ps.jpg\",\"datePublished\":\"2024-12-03T08:47:19+00:00\",\"dateModified\":\"2024-12-03T09:21:28+00:00\",\"description\":\"Abraxas holt sich Verst\u00e4rkung: Seit Anfang Dezember ist Raphael Hauser neuer CISO und Leiter des Teams Compliance, Risk & Security.\",\"breadcrumb\":{\"@id\":\"https:\\\/\\\/www.organisator.ch\\\/operational-excellence\\\/2024-12-03\\\/raphael-hauser-wird-neuer-ciso-und-leiter-crs-bei-abraxas\\\/#breadcrumb\"},\"inLanguage\":\"de\",\"potentialAction\":[{\"@type\":\"ReadAction\",\"target\":[\"https:\\\/\\\/www.organisator.ch\\\/operational-excellence\\\/2024-12-03\\\/raphael-hauser-wird-neuer-ciso-und-leiter-crs-bei-abraxas\\\/\"]}]},{\"@type\":\"ImageObject\",\"inLanguage\":\"de\",\"@id\":\"https:\\\/\\\/www.organisator.ch\\\/operational-excellence\\\/2024-12-03\\\/raphael-hauser-wird-neuer-ciso-und-leiter-crs-bei-abraxas\\\/#primaryimage\",\"url\":\"https:\\\/\\\/www.m-q.ch\\\/wp-content\\\/uploads\\\/2024\\\/12\\\/Abraxas_Bild1_ps.jpg\",\"contentUrl\":\"https:\\\/\\\/www.m-q.ch\\\/wp-content\\\/uploads\\\/2024\\\/12\\\/Abraxas_Bild1_ps.jpg\"},{\"@type\":\"BreadcrumbList\",\"@id\":\"https:\\\/\\\/www.organisator.ch\\\/operational-excellence\\\/2024-12-03\\\/raphael-hauser-wird-neuer-ciso-und-leiter-crs-bei-abraxas\\\/#breadcrumb\",\"itemListElement\":[{\"@type\":\"ListItem\",\"position\":1,\"name\":\"Home\",\"item\":\"https:\\\/\\\/www.organisator.ch\\\/\"},{\"@type\":\"ListItem\",\"position\":2,\"name\":\"Raphael Hauser wird neuer CISO und Leiter CRS bei Abraxas\"}]},{\"@type\":\"WebSite\",\"@id\":\"https:\\\/\\\/www.organisator.ch\\\/#website\",\"url\":\"https:\\\/\\\/www.organisator.ch\\\/\",\"name\":\"Organisator\",\"description\":\"Kompetent. Praxisnah. Der ORGANISATOR bereitet in 10 Ausgaben pro Jahr die wesentlichen Themen f\u00fcr F\u00fchrungskr\u00e4fte von KMU auf.\",\"publisher\":{\"@id\":\"https:\\\/\\\/www.organisator.ch\\\/#organization\"},\"potentialAction\":[{\"@type\":\"SearchAction\",\"target\":{\"@type\":\"EntryPoint\",\"urlTemplate\":\"https:\\\/\\\/www.organisator.ch\\\/?s={search_term_string}\"},\"query-input\":{\"@type\":\"PropertyValueSpecification\",\"valueRequired\":true,\"valueName\":\"search_term_string\"}}],\"inLanguage\":\"de\"},{\"@type\":\"Organization\",\"@id\":\"https:\\\/\\\/www.organisator.ch\\\/#organization\",\"name\":\"Organisator\",\"url\":\"https:\\\/\\\/www.organisator.ch\\\/\",\"logo\":{\"@type\":\"ImageObject\",\"inLanguage\":\"de\",\"@id\":\"https:\\\/\\\/www.organisator.ch\\\/#\\\/schema\\\/logo\\\/image\\\/\",\"url\":\"https:\\\/\\\/www.organisator.ch\\\/wp-content\\\/uploads\\\/2022\\\/01\\\/Logo_Organisator_Website.png\",\"contentUrl\":\"https:\\\/\\\/www.organisator.ch\\\/wp-content\\\/uploads\\\/2022\\\/01\\\/Logo_Organisator_Website.png\",\"width\":800,\"height\":77,\"caption\":\"Organisator\"},\"image\":{\"@id\":\"https:\\\/\\\/www.organisator.ch\\\/#\\\/schema\\\/logo\\\/image\\\/\"},\"sameAs\":[\"https:\\\/\\\/www.facebook.com\\\/OrganisatorFachmagazin\",\"https:\\\/\\\/www.linkedin.com\\\/showcase\\\/organisator-das-magazin-fr-kmu\",\"https:\\\/\\\/www.xing.com\\\/news\\\/pages\\\/organisator-ch-695\",\"https:\\\/\\\/www.youtube.com\\\/channel\\\/UCGP2Sq0iWaZwT3BdIAQFYpw\"]},{\"@type\":\"Person\",\"@id\":\"https:\\\/\\\/www.organisator.ch\\\/#\\\/schema\\\/person\\\/afccda3a71c06d4be2ed9100dd163db7\",\"name\":\"Dzana Muminovic\",\"image\":{\"@type\":\"ImageObject\",\"inLanguage\":\"de\",\"@id\":\"https:\\\/\\\/secure.gravatar.com\\\/avatar\\\/909c5c71aff4b38e88686f2ab2f1ba152571f394f41ed8bae431ea56ced93050?s=96&d=mm&r=g\",\"url\":\"https:\\\/\\\/secure.gravatar.com\\\/avatar\\\/909c5c71aff4b38e88686f2ab2f1ba152571f394f41ed8bae431ea56ced93050?s=96&d=mm&r=g\",\"contentUrl\":\"https:\\\/\\\/secure.gravatar.com\\\/avatar\\\/909c5c71aff4b38e88686f2ab2f1ba152571f394f41ed8bae431ea56ced93050?s=96&d=mm&r=g\",\"caption\":\"Dzana Muminovic\"},\"url\":\"https:\\\/\\\/www.organisator.ch\\\/de\\\/author\\\/dzana-muminovic\\\/\"}]}<\/script>\n<!-- \/ Yoast SEO plugin. -->","yoast_head_json":{"title":"Raphael Hauser wird neuer CISO und Leiter CRS bei Abraxas - Organisator","description":"Abraxas holt sich Verst\u00e4rkung: Seit Anfang Dezember ist Raphael Hauser neuer CISO und Leiter des Teams Compliance, Risk & Security.","robots":{"index":"index","follow":"follow","max-snippet":"max-snippet:-1","max-image-preview":"max-image-preview:large","max-video-preview":"max-video-preview:-1"},"canonical":"https:\/\/www.organisator.ch\/de\/operational-excellence\/2024-12-03\/raphael-hauser-wird-neuer-ciso-und-leiter-crs-bei-abraxas\/","og_locale":"de_DE","og_type":"article","og_title":"Raphael Hauser wird neuer CISO und Leiter CRS bei Abraxas - Organisator","og_description":"Abraxas holt sich Verst\u00e4rkung: Seit Anfang Dezember ist Raphael Hauser neuer CISO und Leiter des Teams Compliance, Risk & Security.","og_url":"https:\/\/www.organisator.ch\/de\/operational-excellence\/2024-12-03\/raphael-hauser-wird-neuer-ciso-und-leiter-crs-bei-abraxas\/","og_site_name":"Organisator","article_publisher":"https:\/\/www.facebook.com\/OrganisatorFachmagazin","article_published_time":"2024-12-03T08:47:19+00:00","article_modified_time":"2024-12-03T09:21:28+00:00","author":"Dzana Muminovic","twitter_card":"summary_large_image","schema":{"@context":"https:\/\/schema.org","@graph":[{"@type":"Article","@id":"https:\/\/www.organisator.ch\/operational-excellence\/2024-12-03\/raphael-hauser-wird-neuer-ciso-und-leiter-crs-bei-abraxas\/#article","isPartOf":{"@id":"https:\/\/www.organisator.ch\/operational-excellence\/2024-12-03\/raphael-hauser-wird-neuer-ciso-und-leiter-crs-bei-abraxas\/"},"author":{"name":"Dzana Muminovic","@id":"https:\/\/www.organisator.ch\/#\/schema\/person\/afccda3a71c06d4be2ed9100dd163db7"},"headline":"Raphael Hauser wird neuer CISO und Leiter CRS bei Abraxas","datePublished":"2024-12-03T08:47:19+00:00","dateModified":"2024-12-03T09:21:28+00:00","mainEntityOfPage":{"@id":"https:\/\/www.organisator.ch\/operational-excellence\/2024-12-03\/raphael-hauser-wird-neuer-ciso-und-leiter-crs-bei-abraxas\/"},"wordCount":174,"publisher":{"@id":"https:\/\/www.organisator.ch\/#organization"},"image":{"@id":"https:\/\/www.organisator.ch\/operational-excellence\/2024-12-03\/raphael-hauser-wird-neuer-ciso-und-leiter-crs-bei-abraxas\/#primaryimage"},"thumbnailUrl":"https:\/\/www.m-q.ch\/wp-content\/uploads\/2024\/12\/Abraxas_Bild1_ps.jpg","keywords":["CISO","CRS","Cybersicherheit","Risikomanagement","Risk und Compliance","Security","Unternehmen"],"articleSection":["OPERATIONAL EXCELLENCE"],"inLanguage":"de"},{"@type":"WebPage","@id":"https:\/\/www.organisator.ch\/operational-excellence\/2024-12-03\/raphael-hauser-wird-neuer-ciso-und-leiter-crs-bei-abraxas\/","url":"https:\/\/www.organisator.ch\/operational-excellence\/2024-12-03\/raphael-hauser-wird-neuer-ciso-und-leiter-crs-bei-abraxas\/","name":"Raphael Hauser wird neuer CISO und Leiter CRS bei Abraxas - Organisator","isPartOf":{"@id":"https:\/\/www.organisator.ch\/#website"},"primaryImageOfPage":{"@id":"https:\/\/www.organisator.ch\/operational-excellence\/2024-12-03\/raphael-hauser-wird-neuer-ciso-und-leiter-crs-bei-abraxas\/#primaryimage"},"image":{"@id":"https:\/\/www.organisator.ch\/operational-excellence\/2024-12-03\/raphael-hauser-wird-neuer-ciso-und-leiter-crs-bei-abraxas\/#primaryimage"},"thumbnailUrl":"https:\/\/www.m-q.ch\/wp-content\/uploads\/2024\/12\/Abraxas_Bild1_ps.jpg","datePublished":"2024-12-03T08:47:19+00:00","dateModified":"2024-12-03T09:21:28+00:00","description":"Abraxas holt sich Verst\u00e4rkung: Seit Anfang Dezember ist Raphael Hauser neuer CISO und Leiter des Teams Compliance, Risk & Security.","breadcrumb":{"@id":"https:\/\/www.organisator.ch\/operational-excellence\/2024-12-03\/raphael-hauser-wird-neuer-ciso-und-leiter-crs-bei-abraxas\/#breadcrumb"},"inLanguage":"de","potentialAction":[{"@type":"ReadAction","target":["https:\/\/www.organisator.ch\/operational-excellence\/2024-12-03\/raphael-hauser-wird-neuer-ciso-und-leiter-crs-bei-abraxas\/"]}]},{"@type":"ImageObject","inLanguage":"de","@id":"https:\/\/www.organisator.ch\/operational-excellence\/2024-12-03\/raphael-hauser-wird-neuer-ciso-und-leiter-crs-bei-abraxas\/#primaryimage","url":"https:\/\/www.m-q.ch\/wp-content\/uploads\/2024\/12\/Abraxas_Bild1_ps.jpg","contentUrl":"https:\/\/www.m-q.ch\/wp-content\/uploads\/2024\/12\/Abraxas_Bild1_ps.jpg"},{"@type":"BreadcrumbList","@id":"https:\/\/www.organisator.ch\/operational-excellence\/2024-12-03\/raphael-hauser-wird-neuer-ciso-und-leiter-crs-bei-abraxas\/#breadcrumb","itemListElement":[{"@type":"ListItem","position":1,"name":"Home","item":"https:\/\/www.organisator.ch\/"},{"@type":"ListItem","position":2,"name":"Raphael Hauser wird neuer CISO und Leiter CRS bei Abraxas"}]},{"@type":"WebSite","@id":"https:\/\/www.organisator.ch\/#website","url":"https:\/\/www.organisator.ch\/","name":"Organisator","description":"Kompetent. Praxisnah. Der ORGANISATOR bereitet in 10 Ausgaben pro Jahr die wesentlichen Themen f\u00fcr F\u00fchrungskr\u00e4fte von KMU auf.","publisher":{"@id":"https:\/\/www.organisator.ch\/#organization"},"potentialAction":[{"@type":"SearchAction","target":{"@type":"EntryPoint","urlTemplate":"https:\/\/www.organisator.ch\/?s={search_term_string}"},"query-input":{"@type":"PropertyValueSpecification","valueRequired":true,"valueName":"search_term_string"}}],"inLanguage":"de"},{"@type":"Organization","@id":"https:\/\/www.organisator.ch\/#organization","name":"Organisator","url":"https:\/\/www.organisator.ch\/","logo":{"@type":"ImageObject","inLanguage":"de","@id":"https:\/\/www.organisator.ch\/#\/schema\/logo\/image\/","url":"https:\/\/www.organisator.ch\/wp-content\/uploads\/2022\/01\/Logo_Organisator_Website.png","contentUrl":"https:\/\/www.organisator.ch\/wp-content\/uploads\/2022\/01\/Logo_Organisator_Website.png","width":800,"height":77,"caption":"Organisator"},"image":{"@id":"https:\/\/www.organisator.ch\/#\/schema\/logo\/image\/"},"sameAs":["https:\/\/www.facebook.com\/OrganisatorFachmagazin","https:\/\/www.linkedin.com\/showcase\/organisator-das-magazin-fr-kmu","https:\/\/www.xing.com\/news\/pages\/organisator-ch-695","https:\/\/www.youtube.com\/channel\/UCGP2Sq0iWaZwT3BdIAQFYpw"]},{"@type":"Person","@id":"https:\/\/www.organisator.ch\/#\/schema\/person\/afccda3a71c06d4be2ed9100dd163db7","name":"Dzana Muminovic","image":{"@type":"ImageObject","inLanguage":"de","@id":"https:\/\/secure.gravatar.com\/avatar\/909c5c71aff4b38e88686f2ab2f1ba152571f394f41ed8bae431ea56ced93050?s=96&d=mm&r=g","url":"https:\/\/secure.gravatar.com\/avatar\/909c5c71aff4b38e88686f2ab2f1ba152571f394f41ed8bae431ea56ced93050?s=96&d=mm&r=g","contentUrl":"https:\/\/secure.gravatar.com\/avatar\/909c5c71aff4b38e88686f2ab2f1ba152571f394f41ed8bae431ea56ced93050?s=96&d=mm&r=g","caption":"Dzana Muminovic"},"url":"https:\/\/www.organisator.ch\/de\/author\/dzana-muminovic\/"}]}},"_links":{"self":[{"href":"https:\/\/www.organisator.ch\/de\/wp-json\/wp\/v2\/posts\/34353","targetHints":{"allow":["GET"]}}],"collection":[{"href":"https:\/\/www.organisator.ch\/de\/wp-json\/wp\/v2\/posts"}],"about":[{"href":"https:\/\/www.organisator.ch\/de\/wp-json\/wp\/v2\/types\/post"}],"author":[{"embeddable":true,"href":"https:\/\/www.organisator.ch\/de\/wp-json\/wp\/v2\/users\/80"}],"replies":[{"embeddable":true,"href":"https:\/\/www.organisator.ch\/de\/wp-json\/wp\/v2\/comments?post=34353"}],"version-history":[{"count":5,"href":"https:\/\/www.organisator.ch\/de\/wp-json\/wp\/v2\/posts\/34353\/revisions"}],"predecessor-version":[{"id":34357,"href":"https:\/\/www.organisator.ch\/de\/wp-json\/wp\/v2\/posts\/34353\/revisions\/34357"}],"wp:attachment":[{"href":"https:\/\/www.organisator.ch\/de\/wp-json\/wp\/v2\/media?parent=34353"}],"wp:term":[{"taxonomy":"category","embeddable":true,"href":"https:\/\/www.organisator.ch\/de\/wp-json\/wp\/v2\/categories?post=34353"},{"taxonomy":"post_tag","embeddable":true,"href":"https:\/\/www.organisator.ch\/de\/wp-json\/wp\/v2\/tags?post=34353"}],"curies":[{"name":"wp","href":"https:\/\/api.w.org\/{rel}","templated":true}]}}